{"id":8502,"date":"2006-09-27T05:49:23","date_gmt":"2006-09-27T05:49:23","guid":{"rendered":"http:\/\/norn.pistillinn.is\/?p=8502"},"modified":"2017-09-08T12:28:32","modified_gmt":"2017-09-08T12:28:32","slug":"braud-og-leikar","status":"publish","type":"post","link":"https:\/\/www.norn.is\/sapuopera\/2006\/09\/27\/braud-og-leikar\/","title":{"rendered":"Brau\u00f0 og leikar"},"content":{"rendered":"<p>Hv\u00edl\u00edkt ve\u00f0ur, er \u00feetta \u00cdsland \u00ed september? Bur\u00f0ast me\u00f0 fangi\u00f0 fullt af m\u00f3tm\u00e6laspj\u00f6ldum upp Laugaveginn og \u00feegar \u00e9g missi \u00feau dr\u00edfur a\u00f0 f\u00f3lk sem er rei\u00f0ub\u00fai\u00f0 a\u00f0 taka hluta af byr\u00f0inni.<!--more--><\/p>\n<p>\u00dej\u00f3\u00f0in er \u00e1 Hlemmi, m.a.s. langaamma drengjanna minna \u00e1 t\u00edr\u00e6\u00f0isaldri. Sonur minn Byltingin dreifir m\u00f3tm\u00e6laspj\u00f6ldum og Hulduma\u00f0urinn minn er m\u00e6ttur \u00e1 sta\u00f0inn skr\u00fdddur gasgr\u00edmu. \u00der\u00e1tt fyrir \u00fe\u00e1ttt\u00f6ku s\u00edna \u00ed a\u00f0ger\u00f0um aktivista er hann enn\u00fe\u00e1 andlitslaus og \u00e6tlar greinilega a\u00f0 vera \u00fea\u00f0 \u00e1fram.<\/p>\n<p>Af vir\u00f0ingu vi\u00f0 \u00d3mar hafa byltingarmenn samm\u00e6lst um a\u00f0 vera ekki me\u00f0 nein l\u00e6ti og \u00fej\u00f3\u00f0in m\u00f3tm\u00e6lir ekki, heldur b\u00fd\u00f0ur \u00fej\u00f3\u00f0ars\u00e1tt af pr\u00fa\u00f0mennsku sinni, l\u00e1gt og h\u00f3flega \u00e1 me\u00f0an \u00feeir sem m\u00f3tm\u00e6lin beinast gegn sitja \u00f3trufla\u00f0ir heima og horfa \u00e1 sj\u00f3nvarpi\u00f0. \u00c9g yr\u00f0i ekkert hissa \u00fe\u00f3tt vi\u00f0skiptar\u00e1\u00f0herra k\u00e6mi brosandi til a\u00f0 grilla pylsur ofan \u00ed \u00fej\u00f3\u00f0ina og \u00c1lger\u00f0ur r\u00e9tti Andra Sn\u00e6 ver\u00f0launagrip \u00far \u00e1li fyrir Draumalandi\u00f0.<\/p>\n<p>\u00c9g er tilb\u00fain til a\u00f0 h\u00f3rast \u00ed kristind\u00f3mi og \u00fej\u00f3\u00f0ars\u00e1tt. \u00c9g skal syngja \u00d6xar vi\u00f0 \u00e1na, \u00feann \u00fej\u00f3\u00f0rembuhro\u00f0a, ef \u00fea\u00f0 hefur eitthva\u00f0 a\u00f0 segja en \u00e9g er vondauf um \u00fea\u00f0. Held a\u00f0 okkur reyndist haldbetra a\u00f0 gera eitthva\u00f0 r\u00f3tt\u00e6kt. Taka fjallkonuna \u00ed \u00f3\u00e6\u00f0ri endann \u00e1 Austurvelli. H\u00e1lsh\u00f6ggva g\u00ednu og stjaksetja h\u00f6fu\u00f0i\u00f0, kasta f\u00faleggjum \u00ed Al\u00feingish\u00fasi\u00f0. \u00dea\u00f0 hef\u00f0i \u00fe\u00f3 allavega veri\u00f0 t\u00e1knr\u00e6nt ef \u00fej\u00f3\u00f0in hef\u00f0i sameinast um a\u00f0 gyr\u00f0a ni\u00f0ur um sig \u00e1 Austurvelli en \u00fea\u00f0 hef\u00f0i ekki \u00fe\u00f3tt kurteislegt.<\/p>\n<p>Brau\u00f0 og leikar. Skyldi birtingarmynd \u00feeirrar strateg\u00edu nokkursta\u00f0ar \u00ed ver\u00f6ldinni vera greinilegri en \u00e1 \u00cdslandi? \u00dea\u00f0 merkilegasta sem \u00e9g hef \u00e1orka\u00f0 \u00ed l\u00edfinu er a\u00f0 ala upp tvo unga menn, sem eru lausir vi\u00f0 \u00feann hugsunarh\u00e1tt. Sj\u00e1lfst\u00e6\u00f0a, \u00e1str\u00ed\u00f0ufulla, aga\u00f0a unga menn sem eru me\u00f0vita\u00f0ir um \u00fe\u00e1 sta\u00f0reynd a\u00f0 \u00fea\u00f0 er veri\u00f0 a\u00f0 drepa landi\u00f0 okkar. Tvo hugrakka menn sem skilja a\u00f0 \u00d6rl\u00f6gin sem ollu st\u00e6rsta hneyksli \u00cdslandss\u00f6gunnar hafa n\u00f6fn og kennit\u00f6lur og heimilisf\u00f6ng.<\/p>\n","protected":false},"excerpt":{"rendered":"<p>Hv\u00edl\u00edkt ve\u00f0ur, er \u00feetta \u00cdsland \u00ed september? Bur\u00f0ast me\u00f0 fangi\u00f0 fullt af m\u00f3tm\u00e6laspj\u00f6ldum upp Laugaveginn og \u00feegar \u00e9g missi \u00feau dr\u00edfur a\u00f0 f\u00f3lk sem er rei\u00f0ub\u00fai\u00f0 a\u00f0 taka hluta af byr\u00f0inni.<\/p>\n","protected":false},"author":2,"featured_media":0,"comment_status":"closed","ping_status":"closed","sticky":false,"template":"","format":"standard","meta":{"footnotes":""},"categories":[246,1],"tags":[253],"class_list":["post-8502","post","type-post","status-publish","format-standard","hentry","category-5-hluti-obaerilegur-lettleiki","category-oflokkad-allt-efni","tag-beinar-adgerdir"],"yoast_head":"<!-- This site is optimized with the Yoast SEO plugin v27.4 - https:\/\/yoast.com\/product\/yoast-seo-wordpress\/ -->\n<title>Brau\u00f0 og leikar - S\u00e1pu\u00f3pera<\/title>\n<meta name=\"robots\" content=\"index, follow, max-snippet:-1, max-image-preview:large, max-video-preview:-1\" \/>\n<link rel=\"canonical\" href=\"https:\/\/www.norn.is\/sapuopera\/2006\/09\/27\/braud-og-leikar\/\" \/>\n<meta property=\"og:locale\" content=\"is_IS\" \/>\n<meta property=\"og:type\" content=\"article\" \/>\n<meta property=\"og:title\" content=\"Brau\u00f0 og leikar - S\u00e1pu\u00f3pera\" \/>\n<meta property=\"og:description\" content=\"Hv\u00edl\u00edkt ve\u00f0ur, er \u00feetta \u00cdsland \u00ed september? Bur\u00f0ast me\u00f0 fangi\u00f0 fullt af m\u00f3tm\u00e6laspj\u00f6ldum upp Laugaveginn og \u00feegar \u00e9g missi \u00feau dr\u00edfur a\u00f0 f\u00f3lk sem er rei\u00f0ub\u00fai\u00f0 a\u00f0 taka hluta af byr\u00f0inni.\" \/>\n<meta property=\"og:url\" content=\"https:\/\/www.norn.is\/sapuopera\/2006\/09\/27\/braud-og-leikar\/\" \/>\n<meta property=\"og:site_name\" content=\"S\u00e1pu\u00f3pera\" \/>\n<meta property=\"article:published_time\" content=\"2006-09-27T05:49:23+00:00\" \/>\n<meta property=\"article:modified_time\" content=\"2017-09-08T12:28:32+00:00\" \/>\n<meta name=\"author\" content=\"Eva Hauksd\u00f3ttir\" \/>\n<meta name=\"twitter:card\" content=\"summary_large_image\" \/>\n<meta name=\"twitter:label1\" content=\"Written by\" \/>\n\t<meta name=\"twitter:data1\" content=\"\" \/>\n\t<meta name=\"twitter:label2\" content=\"Est. reading time\" \/>\n\t<meta name=\"twitter:data2\" content=\"2 minutes\" \/>\n<script type=\"application\/ld+json\" class=\"yoast-schema-graph\">{\"@context\":\"https:\\\/\\\/schema.org\",\"@graph\":[{\"@type\":\"Article\",\"@id\":\"https:\\\/\\\/www.norn.is\\\/sapuopera\\\/2006\\\/09\\\/27\\\/braud-og-leikar\\\/#article\",\"isPartOf\":{\"@id\":\"https:\\\/\\\/www.norn.is\\\/sapuopera\\\/2006\\\/09\\\/27\\\/braud-og-leikar\\\/\"},\"author\":{\"name\":\"Eva Hauksd\u00f3ttir\",\"@id\":\"https:\\\/\\\/www.norn.is\\\/sapuopera\\\/#\\\/schema\\\/person\\\/2eb0fcae9e1ecc61987f7ed9c878531c\"},\"headline\":\"Brau\u00f0 og leikar\",\"datePublished\":\"2006-09-27T05:49:23+00:00\",\"dateModified\":\"2017-09-08T12:28:32+00:00\",\"mainEntityOfPage\":{\"@id\":\"https:\\\/\\\/www.norn.is\\\/sapuopera\\\/2006\\\/09\\\/27\\\/braud-og-leikar\\\/\"},\"wordCount\":374,\"keywords\":[\"Beinar a\u00f0ger\u00f0ir\"],\"articleSection\":[\"5. hluti \u00d3b\u00e6rilegur l\u00e9ttleiki\",\"\u00d3flokka\u00f0 (allt efni)\"],\"inLanguage\":\"is\"},{\"@type\":\"WebPage\",\"@id\":\"https:\\\/\\\/www.norn.is\\\/sapuopera\\\/2006\\\/09\\\/27\\\/braud-og-leikar\\\/\",\"url\":\"https:\\\/\\\/www.norn.is\\\/sapuopera\\\/2006\\\/09\\\/27\\\/braud-og-leikar\\\/\",\"name\":\"Brau\u00f0 og leikar - S\u00e1pu\u00f3pera\",\"isPartOf\":{\"@id\":\"https:\\\/\\\/www.norn.is\\\/sapuopera\\\/#website\"},\"datePublished\":\"2006-09-27T05:49:23+00:00\",\"dateModified\":\"2017-09-08T12:28:32+00:00\",\"author\":{\"@id\":\"https:\\\/\\\/www.norn.is\\\/sapuopera\\\/#\\\/schema\\\/person\\\/2eb0fcae9e1ecc61987f7ed9c878531c\"},\"breadcrumb\":{\"@id\":\"https:\\\/\\\/www.norn.is\\\/sapuopera\\\/2006\\\/09\\\/27\\\/braud-og-leikar\\\/#breadcrumb\"},\"inLanguage\":\"is\",\"potentialAction\":[{\"@type\":\"ReadAction\",\"target\":[\"https:\\\/\\\/www.norn.is\\\/sapuopera\\\/2006\\\/09\\\/27\\\/braud-og-leikar\\\/\"]}]},{\"@type\":\"BreadcrumbList\",\"@id\":\"https:\\\/\\\/www.norn.is\\\/sapuopera\\\/2006\\\/09\\\/27\\\/braud-og-leikar\\\/#breadcrumb\",\"itemListElement\":[{\"@type\":\"ListItem\",\"position\":1,\"name\":\"Home\",\"item\":\"https:\\\/\\\/www.norn.is\\\/sapuopera\\\/\"},{\"@type\":\"ListItem\",\"position\":2,\"name\":\"Brau\u00f0 og leikar\"}]},{\"@type\":\"WebSite\",\"@id\":\"https:\\\/\\\/www.norn.is\\\/sapuopera\\\/#website\",\"url\":\"https:\\\/\\\/www.norn.is\\\/sapuopera\\\/\",\"name\":\"S\u00e1pu\u00f3pera\",\"description\":\"Dagb\u00f3k 2003-2011\",\"potentialAction\":[{\"@type\":\"SearchAction\",\"target\":{\"@type\":\"EntryPoint\",\"urlTemplate\":\"https:\\\/\\\/www.norn.is\\\/sapuopera\\\/?s={search_term_string}\"},\"query-input\":{\"@type\":\"PropertyValueSpecification\",\"valueRequired\":true,\"valueName\":\"search_term_string\"}}],\"inLanguage\":\"is\"},{\"@type\":\"Person\",\"@id\":\"https:\\\/\\\/www.norn.is\\\/sapuopera\\\/#\\\/schema\\\/person\\\/2eb0fcae9e1ecc61987f7ed9c878531c\",\"name\":\"Eva Hauksd\u00f3ttir\",\"sameAs\":[\"http:\\\/\\\/www.norn.is\"],\"url\":\"https:\\\/\\\/www.norn.is\\\/sapuopera\\\/author\\\/eva\\\/\"}]}<\/script>\n<!-- \/ Yoast SEO plugin. -->","yoast_head_json":{"title":"Brau\u00f0 og leikar - S\u00e1pu\u00f3pera","robots":{"index":"index","follow":"follow","max-snippet":"max-snippet:-1","max-image-preview":"max-image-preview:large","max-video-preview":"max-video-preview:-1"},"canonical":"https:\/\/www.norn.is\/sapuopera\/2006\/09\/27\/braud-og-leikar\/","og_locale":"is_IS","og_type":"article","og_title":"Brau\u00f0 og leikar - S\u00e1pu\u00f3pera","og_description":"Hv\u00edl\u00edkt ve\u00f0ur, er \u00feetta \u00cdsland \u00ed september? Bur\u00f0ast me\u00f0 fangi\u00f0 fullt af m\u00f3tm\u00e6laspj\u00f6ldum upp Laugaveginn og \u00feegar \u00e9g missi \u00feau dr\u00edfur a\u00f0 f\u00f3lk sem er rei\u00f0ub\u00fai\u00f0 a\u00f0 taka hluta af byr\u00f0inni.","og_url":"https:\/\/www.norn.is\/sapuopera\/2006\/09\/27\/braud-og-leikar\/","og_site_name":"S\u00e1pu\u00f3pera","article_published_time":"2006-09-27T05:49:23+00:00","article_modified_time":"2017-09-08T12:28:32+00:00","author":"Eva Hauksd\u00f3ttir","twitter_card":"summary_large_image","twitter_misc":{"Written by":false,"Est. reading time":"2 minutes"},"schema":{"@context":"https:\/\/schema.org","@graph":[{"@type":"Article","@id":"https:\/\/www.norn.is\/sapuopera\/2006\/09\/27\/braud-og-leikar\/#article","isPartOf":{"@id":"https:\/\/www.norn.is\/sapuopera\/2006\/09\/27\/braud-og-leikar\/"},"author":{"name":"Eva Hauksd\u00f3ttir","@id":"https:\/\/www.norn.is\/sapuopera\/#\/schema\/person\/2eb0fcae9e1ecc61987f7ed9c878531c"},"headline":"Brau\u00f0 og leikar","datePublished":"2006-09-27T05:49:23+00:00","dateModified":"2017-09-08T12:28:32+00:00","mainEntityOfPage":{"@id":"https:\/\/www.norn.is\/sapuopera\/2006\/09\/27\/braud-og-leikar\/"},"wordCount":374,"keywords":["Beinar a\u00f0ger\u00f0ir"],"articleSection":["5. hluti \u00d3b\u00e6rilegur l\u00e9ttleiki","\u00d3flokka\u00f0 (allt efni)"],"inLanguage":"is"},{"@type":"WebPage","@id":"https:\/\/www.norn.is\/sapuopera\/2006\/09\/27\/braud-og-leikar\/","url":"https:\/\/www.norn.is\/sapuopera\/2006\/09\/27\/braud-og-leikar\/","name":"Brau\u00f0 og leikar - S\u00e1pu\u00f3pera","isPartOf":{"@id":"https:\/\/www.norn.is\/sapuopera\/#website"},"datePublished":"2006-09-27T05:49:23+00:00","dateModified":"2017-09-08T12:28:32+00:00","author":{"@id":"https:\/\/www.norn.is\/sapuopera\/#\/schema\/person\/2eb0fcae9e1ecc61987f7ed9c878531c"},"breadcrumb":{"@id":"https:\/\/www.norn.is\/sapuopera\/2006\/09\/27\/braud-og-leikar\/#breadcrumb"},"inLanguage":"is","potentialAction":[{"@type":"ReadAction","target":["https:\/\/www.norn.is\/sapuopera\/2006\/09\/27\/braud-og-leikar\/"]}]},{"@type":"BreadcrumbList","@id":"https:\/\/www.norn.is\/sapuopera\/2006\/09\/27\/braud-og-leikar\/#breadcrumb","itemListElement":[{"@type":"ListItem","position":1,"name":"Home","item":"https:\/\/www.norn.is\/sapuopera\/"},{"@type":"ListItem","position":2,"name":"Brau\u00f0 og leikar"}]},{"@type":"WebSite","@id":"https:\/\/www.norn.is\/sapuopera\/#website","url":"https:\/\/www.norn.is\/sapuopera\/","name":"S\u00e1pu\u00f3pera","description":"Dagb\u00f3k 2003-2011","potentialAction":[{"@type":"SearchAction","target":{"@type":"EntryPoint","urlTemplate":"https:\/\/www.norn.is\/sapuopera\/?s={search_term_string}"},"query-input":{"@type":"PropertyValueSpecification","valueRequired":true,"valueName":"search_term_string"}}],"inLanguage":"is"},{"@type":"Person","@id":"https:\/\/www.norn.is\/sapuopera\/#\/schema\/person\/2eb0fcae9e1ecc61987f7ed9c878531c","name":"Eva Hauksd\u00f3ttir","sameAs":["http:\/\/www.norn.is"],"url":"https:\/\/www.norn.is\/sapuopera\/author\/eva\/"}]}},"_links":{"self":[{"href":"https:\/\/www.norn.is\/sapuopera\/wp-json\/wp\/v2\/posts\/8502","targetHints":{"allow":["GET"]}}],"collection":[{"href":"https:\/\/www.norn.is\/sapuopera\/wp-json\/wp\/v2\/posts"}],"about":[{"href":"https:\/\/www.norn.is\/sapuopera\/wp-json\/wp\/v2\/types\/post"}],"author":[{"embeddable":true,"href":"https:\/\/www.norn.is\/sapuopera\/wp-json\/wp\/v2\/users\/2"}],"replies":[{"embeddable":true,"href":"https:\/\/www.norn.is\/sapuopera\/wp-json\/wp\/v2\/comments?post=8502"}],"version-history":[{"count":1,"href":"https:\/\/www.norn.is\/sapuopera\/wp-json\/wp\/v2\/posts\/8502\/revisions"}],"predecessor-version":[{"id":10220,"href":"https:\/\/www.norn.is\/sapuopera\/wp-json\/wp\/v2\/posts\/8502\/revisions\/10220"}],"wp:attachment":[{"href":"https:\/\/www.norn.is\/sapuopera\/wp-json\/wp\/v2\/media?parent=8502"}],"wp:term":[{"taxonomy":"category","embeddable":true,"href":"https:\/\/www.norn.is\/sapuopera\/wp-json\/wp\/v2\/categories?post=8502"},{"taxonomy":"post_tag","embeddable":true,"href":"https:\/\/www.norn.is\/sapuopera\/wp-json\/wp\/v2\/tags?post=8502"}],"curies":[{"name":"wp","href":"https:\/\/api.w.org\/{rel}","templated":true}]}}