{"id":8327,"date":"2006-07-30T09:51:48","date_gmt":"2006-07-30T09:51:48","guid":{"rendered":"http:\/\/norn.pistillinn.is\/?p=8327"},"modified":"2017-09-08T16:37:45","modified_gmt":"2017-09-08T16:37:45","slug":"kraftur-i-safnid","status":"publish","type":"post","link":"https:\/\/www.norn.is\/sapuopera\/2006\/07\/30\/kraftur-i-safnid\/","title":{"rendered":"Kraftur \u00ed safni\u00f0"},"content":{"rendered":"<p>\u00deessi vika hefur veri\u00f0 sannkalla\u00f0 sumarfr\u00ed. Kraftasafni\u00f0 mitt er or\u00f0i\u00f0 svo st\u00f3rt a\u00f0 \u00fea\u00f0 kemst vara fyrir \u00ed geymslunni.<\/p>\n<p>\u00c9g er a\u00f0 v\u00edsu b\u00fain a\u00f0 l\u00f3\u00f0a helling og steypa kerti, m\u00e1la r\u00fanir, \u00fevo og \u00fer\u00edfa og sitja fundi \u00fat af jafn lei\u00f0inlegum hlutum og b\u00f3khaldi en \u00e9g er l\u00edka b\u00fain a\u00f0 hv\u00edla mig, horfa \u00e1 sj\u00f3nvarpi\u00f0, m\u00e6ta \u00ed matarbo\u00f0, halda matarbo\u00f0, fara til sp\u00e1konu, nota pinnah\u00e6lana fr\u00e1 Amer\u00edkunni tv\u00f6 kv\u00f6ld \u00ed r\u00f6\u00f0! f\u00e1 fr\u00e9ttir sem \u00e9g veit ekki hvort eru g\u00f3\u00f0ar e\u00f0a sl\u00e6mar, lenda \u00ed \u00feri\u00f0ju gr\u00e1\u00f0u l\u00f6gregluyfirheyrslu og setja \u00e1 mig andlitsmaska. Svo er M\u00e1larinn b\u00fainn a\u00f0 setja upp vinnulj\u00f3s \u00ed eldh\u00fasinu og her\u00f0a allar sk\u00fafur \u00ed eldh\u00fassinnr\u00e9ttingunni svo heimili\u00f0 er \u00f3\u00f0um a\u00f0 ver\u00f0a fullkomi\u00f0 eins og allt anna\u00f0 \u00ed l\u00edfi m\u00ednu.<\/p>\n<p>\u00cd dag \u00e6tla \u00e9g a\u00f0 r\u00e1\u00f0a krossg\u00e1tu og drekka kapp\u00fats\u00edn\u00f3. \u00dea\u00f0 er nefnilega hamingjan. Svo \u00e6tla \u00e9g \u00ed Grasagar\u00f0inn og s\u00fdna dindilhosunum Ingibj\u00f6rgu og Sigr\u00fanu forvitnilegasta skilti sem sett hefur veri\u00f0 upp \u00e1 \u00cdslandi -ever.<\/p>\n<p>J\u00e1 \u00fea\u00f0 er fj\u00f6r.<\/p>\n","protected":false},"excerpt":{"rendered":"<p>\u00deessi vika hefur veri\u00f0 sannkalla\u00f0 sumarfr\u00ed. Kraftasafni\u00f0 mitt er or\u00f0i\u00f0 svo st\u00f3rt a\u00f0 \u00fea\u00f0 kemst vara fyrir \u00ed geymslunni. \u00c9g er a\u00f0 v\u00edsu b\u00fain a\u00f0 l\u00f3\u00f0a helling og steypa kerti, m\u00e1la r\u00fanir, \u00fevo og \u00fer\u00edfa og sitja fundi \u00fat af &hellip; <a href=\"https:\/\/www.norn.is\/sapuopera\/2006\/07\/30\/kraftur-i-safnid\/\">Halda \u00e1fram a\u00f0 lesa <span class=\"meta-nav\">&rarr;<\/span><\/a><\/p>\n","protected":false},"author":2,"featured_media":0,"comment_status":"closed","ping_status":"closed","sticky":false,"template":"","format":"standard","meta":{"footnotes":""},"categories":[244,1],"tags":[187],"class_list":["post-8327","post","type-post","status-publish","format-standard","hentry","category-4-hluti-nornabudin","category-oflokkad-allt-efni","tag-sigrun"],"yoast_head":"<!-- This site is optimized with the Yoast SEO plugin v27.5 - https:\/\/yoast.com\/product\/yoast-seo-wordpress\/ -->\n<title>Kraftur \u00ed safni\u00f0 - S\u00e1pu\u00f3pera<\/title>\n<meta name=\"robots\" content=\"index, follow, max-snippet:-1, max-image-preview:large, max-video-preview:-1\" \/>\n<link rel=\"canonical\" href=\"https:\/\/www.norn.is\/sapuopera\/2006\/07\/30\/kraftur-i-safnid\/\" \/>\n<meta property=\"og:locale\" content=\"is_IS\" \/>\n<meta property=\"og:type\" content=\"article\" \/>\n<meta property=\"og:title\" content=\"Kraftur \u00ed safni\u00f0 - S\u00e1pu\u00f3pera\" \/>\n<meta property=\"og:description\" content=\"\u00deessi vika hefur veri\u00f0 sannkalla\u00f0 sumarfr\u00ed. Kraftasafni\u00f0 mitt er or\u00f0i\u00f0 svo st\u00f3rt a\u00f0 \u00fea\u00f0 kemst vara fyrir \u00ed geymslunni. \u00c9g er a\u00f0 v\u00edsu b\u00fain a\u00f0 l\u00f3\u00f0a helling og steypa kerti, m\u00e1la r\u00fanir, \u00fevo og \u00fer\u00edfa og sitja fundi \u00fat af &hellip; Halda \u00e1fram a\u00f0 lesa &rarr;\" \/>\n<meta property=\"og:url\" content=\"https:\/\/www.norn.is\/sapuopera\/2006\/07\/30\/kraftur-i-safnid\/\" \/>\n<meta property=\"og:site_name\" content=\"S\u00e1pu\u00f3pera\" \/>\n<meta property=\"article:published_time\" content=\"2006-07-30T09:51:48+00:00\" \/>\n<meta property=\"article:modified_time\" content=\"2017-09-08T16:37:45+00:00\" \/>\n<meta name=\"author\" content=\"Eva Hauksd\u00f3ttir\" \/>\n<meta name=\"twitter:card\" content=\"summary_large_image\" \/>\n<meta name=\"twitter:label1\" content=\"Written by\" \/>\n\t<meta name=\"twitter:data1\" content=\"\" \/>\n\t<meta name=\"twitter:label2\" content=\"Est. reading time\" \/>\n\t<meta name=\"twitter:data2\" content=\"1 minute\" \/>\n<script type=\"application\/ld+json\" class=\"yoast-schema-graph\">{\"@context\":\"https:\\\/\\\/schema.org\",\"@graph\":[{\"@type\":\"Article\",\"@id\":\"https:\\\/\\\/www.norn.is\\\/sapuopera\\\/2006\\\/07\\\/30\\\/kraftur-i-safnid\\\/#article\",\"isPartOf\":{\"@id\":\"https:\\\/\\\/www.norn.is\\\/sapuopera\\\/2006\\\/07\\\/30\\\/kraftur-i-safnid\\\/\"},\"author\":{\"name\":\"Eva Hauksd\u00f3ttir\",\"@id\":\"https:\\\/\\\/www.norn.is\\\/sapuopera\\\/#\\\/schema\\\/person\\\/2eb0fcae9e1ecc61987f7ed9c878531c\"},\"headline\":\"Kraftur \u00ed safni\u00f0\",\"datePublished\":\"2006-07-30T09:51:48+00:00\",\"dateModified\":\"2017-09-08T16:37:45+00:00\",\"mainEntityOfPage\":{\"@id\":\"https:\\\/\\\/www.norn.is\\\/sapuopera\\\/2006\\\/07\\\/30\\\/kraftur-i-safnid\\\/\"},\"wordCount\":198,\"keywords\":[\"Sigr\u00fan\"],\"articleSection\":[\"4. hluti Nornab\u00fa\u00f0in\",\"\u00d3flokka\u00f0 (allt efni)\"],\"inLanguage\":\"is\"},{\"@type\":\"WebPage\",\"@id\":\"https:\\\/\\\/www.norn.is\\\/sapuopera\\\/2006\\\/07\\\/30\\\/kraftur-i-safnid\\\/\",\"url\":\"https:\\\/\\\/www.norn.is\\\/sapuopera\\\/2006\\\/07\\\/30\\\/kraftur-i-safnid\\\/\",\"name\":\"Kraftur \u00ed safni\u00f0 - S\u00e1pu\u00f3pera\",\"isPartOf\":{\"@id\":\"https:\\\/\\\/www.norn.is\\\/sapuopera\\\/#website\"},\"datePublished\":\"2006-07-30T09:51:48+00:00\",\"dateModified\":\"2017-09-08T16:37:45+00:00\",\"author\":{\"@id\":\"https:\\\/\\\/www.norn.is\\\/sapuopera\\\/#\\\/schema\\\/person\\\/2eb0fcae9e1ecc61987f7ed9c878531c\"},\"breadcrumb\":{\"@id\":\"https:\\\/\\\/www.norn.is\\\/sapuopera\\\/2006\\\/07\\\/30\\\/kraftur-i-safnid\\\/#breadcrumb\"},\"inLanguage\":\"is\",\"potentialAction\":[{\"@type\":\"ReadAction\",\"target\":[\"https:\\\/\\\/www.norn.is\\\/sapuopera\\\/2006\\\/07\\\/30\\\/kraftur-i-safnid\\\/\"]}]},{\"@type\":\"BreadcrumbList\",\"@id\":\"https:\\\/\\\/www.norn.is\\\/sapuopera\\\/2006\\\/07\\\/30\\\/kraftur-i-safnid\\\/#breadcrumb\",\"itemListElement\":[{\"@type\":\"ListItem\",\"position\":1,\"name\":\"Home\",\"item\":\"https:\\\/\\\/www.norn.is\\\/sapuopera\\\/\"},{\"@type\":\"ListItem\",\"position\":2,\"name\":\"Kraftur \u00ed safni\u00f0\"}]},{\"@type\":\"WebSite\",\"@id\":\"https:\\\/\\\/www.norn.is\\\/sapuopera\\\/#website\",\"url\":\"https:\\\/\\\/www.norn.is\\\/sapuopera\\\/\",\"name\":\"S\u00e1pu\u00f3pera\",\"description\":\"Dagb\u00f3k 2003-2011\",\"potentialAction\":[{\"@type\":\"SearchAction\",\"target\":{\"@type\":\"EntryPoint\",\"urlTemplate\":\"https:\\\/\\\/www.norn.is\\\/sapuopera\\\/?s={search_term_string}\"},\"query-input\":{\"@type\":\"PropertyValueSpecification\",\"valueRequired\":true,\"valueName\":\"search_term_string\"}}],\"inLanguage\":\"is\"},{\"@type\":\"Person\",\"@id\":\"https:\\\/\\\/www.norn.is\\\/sapuopera\\\/#\\\/schema\\\/person\\\/2eb0fcae9e1ecc61987f7ed9c878531c\",\"name\":\"Eva Hauksd\u00f3ttir\",\"sameAs\":[\"http:\\\/\\\/www.norn.is\"],\"url\":\"https:\\\/\\\/www.norn.is\\\/sapuopera\\\/author\\\/eva\\\/\"}]}<\/script>\n<!-- \/ Yoast SEO plugin. -->","yoast_head_json":{"title":"Kraftur \u00ed safni\u00f0 - S\u00e1pu\u00f3pera","robots":{"index":"index","follow":"follow","max-snippet":"max-snippet:-1","max-image-preview":"max-image-preview:large","max-video-preview":"max-video-preview:-1"},"canonical":"https:\/\/www.norn.is\/sapuopera\/2006\/07\/30\/kraftur-i-safnid\/","og_locale":"is_IS","og_type":"article","og_title":"Kraftur \u00ed safni\u00f0 - S\u00e1pu\u00f3pera","og_description":"\u00deessi vika hefur veri\u00f0 sannkalla\u00f0 sumarfr\u00ed. Kraftasafni\u00f0 mitt er or\u00f0i\u00f0 svo st\u00f3rt a\u00f0 \u00fea\u00f0 kemst vara fyrir \u00ed geymslunni. \u00c9g er a\u00f0 v\u00edsu b\u00fain a\u00f0 l\u00f3\u00f0a helling og steypa kerti, m\u00e1la r\u00fanir, \u00fevo og \u00fer\u00edfa og sitja fundi \u00fat af &hellip; Halda \u00e1fram a\u00f0 lesa &rarr;","og_url":"https:\/\/www.norn.is\/sapuopera\/2006\/07\/30\/kraftur-i-safnid\/","og_site_name":"S\u00e1pu\u00f3pera","article_published_time":"2006-07-30T09:51:48+00:00","article_modified_time":"2017-09-08T16:37:45+00:00","author":"Eva Hauksd\u00f3ttir","twitter_card":"summary_large_image","twitter_misc":{"Written by":false,"Est. reading time":"1 minute"},"schema":{"@context":"https:\/\/schema.org","@graph":[{"@type":"Article","@id":"https:\/\/www.norn.is\/sapuopera\/2006\/07\/30\/kraftur-i-safnid\/#article","isPartOf":{"@id":"https:\/\/www.norn.is\/sapuopera\/2006\/07\/30\/kraftur-i-safnid\/"},"author":{"name":"Eva Hauksd\u00f3ttir","@id":"https:\/\/www.norn.is\/sapuopera\/#\/schema\/person\/2eb0fcae9e1ecc61987f7ed9c878531c"},"headline":"Kraftur \u00ed safni\u00f0","datePublished":"2006-07-30T09:51:48+00:00","dateModified":"2017-09-08T16:37:45+00:00","mainEntityOfPage":{"@id":"https:\/\/www.norn.is\/sapuopera\/2006\/07\/30\/kraftur-i-safnid\/"},"wordCount":198,"keywords":["Sigr\u00fan"],"articleSection":["4. hluti Nornab\u00fa\u00f0in","\u00d3flokka\u00f0 (allt efni)"],"inLanguage":"is"},{"@type":"WebPage","@id":"https:\/\/www.norn.is\/sapuopera\/2006\/07\/30\/kraftur-i-safnid\/","url":"https:\/\/www.norn.is\/sapuopera\/2006\/07\/30\/kraftur-i-safnid\/","name":"Kraftur \u00ed safni\u00f0 - S\u00e1pu\u00f3pera","isPartOf":{"@id":"https:\/\/www.norn.is\/sapuopera\/#website"},"datePublished":"2006-07-30T09:51:48+00:00","dateModified":"2017-09-08T16:37:45+00:00","author":{"@id":"https:\/\/www.norn.is\/sapuopera\/#\/schema\/person\/2eb0fcae9e1ecc61987f7ed9c878531c"},"breadcrumb":{"@id":"https:\/\/www.norn.is\/sapuopera\/2006\/07\/30\/kraftur-i-safnid\/#breadcrumb"},"inLanguage":"is","potentialAction":[{"@type":"ReadAction","target":["https:\/\/www.norn.is\/sapuopera\/2006\/07\/30\/kraftur-i-safnid\/"]}]},{"@type":"BreadcrumbList","@id":"https:\/\/www.norn.is\/sapuopera\/2006\/07\/30\/kraftur-i-safnid\/#breadcrumb","itemListElement":[{"@type":"ListItem","position":1,"name":"Home","item":"https:\/\/www.norn.is\/sapuopera\/"},{"@type":"ListItem","position":2,"name":"Kraftur \u00ed safni\u00f0"}]},{"@type":"WebSite","@id":"https:\/\/www.norn.is\/sapuopera\/#website","url":"https:\/\/www.norn.is\/sapuopera\/","name":"S\u00e1pu\u00f3pera","description":"Dagb\u00f3k 2003-2011","potentialAction":[{"@type":"SearchAction","target":{"@type":"EntryPoint","urlTemplate":"https:\/\/www.norn.is\/sapuopera\/?s={search_term_string}"},"query-input":{"@type":"PropertyValueSpecification","valueRequired":true,"valueName":"search_term_string"}}],"inLanguage":"is"},{"@type":"Person","@id":"https:\/\/www.norn.is\/sapuopera\/#\/schema\/person\/2eb0fcae9e1ecc61987f7ed9c878531c","name":"Eva Hauksd\u00f3ttir","sameAs":["http:\/\/www.norn.is"],"url":"https:\/\/www.norn.is\/sapuopera\/author\/eva\/"}]}},"_links":{"self":[{"href":"https:\/\/www.norn.is\/sapuopera\/wp-json\/wp\/v2\/posts\/8327","targetHints":{"allow":["GET"]}}],"collection":[{"href":"https:\/\/www.norn.is\/sapuopera\/wp-json\/wp\/v2\/posts"}],"about":[{"href":"https:\/\/www.norn.is\/sapuopera\/wp-json\/wp\/v2\/types\/post"}],"author":[{"embeddable":true,"href":"https:\/\/www.norn.is\/sapuopera\/wp-json\/wp\/v2\/users\/2"}],"replies":[{"embeddable":true,"href":"https:\/\/www.norn.is\/sapuopera\/wp-json\/wp\/v2\/comments?post=8327"}],"version-history":[{"count":1,"href":"https:\/\/www.norn.is\/sapuopera\/wp-json\/wp\/v2\/posts\/8327\/revisions"}],"predecessor-version":[{"id":12062,"href":"https:\/\/www.norn.is\/sapuopera\/wp-json\/wp\/v2\/posts\/8327\/revisions\/12062"}],"wp:attachment":[{"href":"https:\/\/www.norn.is\/sapuopera\/wp-json\/wp\/v2\/media?parent=8327"}],"wp:term":[{"taxonomy":"category","embeddable":true,"href":"https:\/\/www.norn.is\/sapuopera\/wp-json\/wp\/v2\/categories?post=8327"},{"taxonomy":"post_tag","embeddable":true,"href":"https:\/\/www.norn.is\/sapuopera\/wp-json\/wp\/v2\/tags?post=8327"}],"curies":[{"name":"wp","href":"https:\/\/api.w.org\/{rel}","templated":true}]}}