{"id":6600,"date":"2007-05-07T10:40:05","date_gmt":"2007-05-07T10:40:05","guid":{"rendered":"http:\/\/norn.pistillinn.is\/?p=6600"},"modified":"2017-09-08T11:48:05","modified_gmt":"2017-09-08T11:48:05","slug":"alveg-ad-fara-ad-flytja","status":"publish","type":"post","link":"https:\/\/www.norn.is\/sapuopera\/2007\/05\/07\/alveg-ad-fara-ad-flytja\/","title":{"rendered":"Alveg a\u00f0 fara a\u00f0 flytja"},"content":{"rendered":"<p>\u00c9g afhendi \u00edb\u00fa\u00f0ina um m\u00e1na\u00f0am\u00f3tin. Finn samt ekki fyrir neinum flutningakv\u00ed\u00f0a, kannski af \u00fev\u00ed a\u00f0 vi\u00f0 Anna \u00e6tlum saman \u00ed helgarfer\u00f0 um lei\u00f0 og \u00e9g er b\u00fain a\u00f0 skila lyklunum og \u00e9g hlakka svo miki\u00f0 til \u00feess a\u00f0 \u00e9g er hreinlega \u00e1 hj\u00f3lum. \u00c9g lif\u00f0i \u00e1 galdrar\u00e1\u00f0stefnunni s\u00ed\u00f0asta haust fram a\u00f0 j\u00f3lum en n\u00fa er \u00e9g farin a\u00f0 \u00feurfa s\u00e1rlega \u00e1 tilbreytingu a\u00f0 halda.<\/p>\n<p>Talandi um flutninga: \u00c9g \u00fearf a\u00f0 losa mig vi\u00f0 st\u00f3rt amer\u00edskt hj\u00f3nar\u00fam, bor\u00f0stofust\u00f3la, l\u00edti\u00f0 nett s\u00f3fasett, \u00fevottav\u00e9l, k\u00e6lisk\u00e1p og upp\u00fevottav\u00e9l. \u00c1hugasamir sendi p\u00f3st \u00e1 eva@nornabudin.is<\/p>\n<p>&nbsp;<\/p>\n","protected":false},"excerpt":{"rendered":"<p>\u00c9g afhendi \u00edb\u00fa\u00f0ina um m\u00e1na\u00f0am\u00f3tin. Finn samt ekki fyrir neinum flutningakv\u00ed\u00f0a, kannski af \u00fev\u00ed a\u00f0 vi\u00f0 Anna \u00e6tlum saman \u00ed helgarfer\u00f0 um lei\u00f0 og \u00e9g er b\u00fain a\u00f0 skila lyklunum og \u00e9g hlakka svo miki\u00f0 til \u00feess a\u00f0 \u00e9g er &hellip; <a href=\"https:\/\/www.norn.is\/sapuopera\/2007\/05\/07\/alveg-ad-fara-ad-flytja\/\">Halda \u00e1fram a\u00f0 lesa <span class=\"meta-nav\">&rarr;<\/span><\/a><\/p>\n","protected":false},"author":2,"featured_media":0,"comment_status":"closed","ping_status":"closed","sticky":false,"template":"","format":"standard","meta":{"footnotes":""},"categories":[249,1],"tags":[],"class_list":["post-6600","post","type-post","status-publish","format-standard","hentry","category-6-hluti-og-eg-se-thad-fyrst-a-rykinu","category-oflokkad-allt-efni"],"yoast_head":"<!-- This site is optimized with the Yoast SEO plugin v27.5 - https:\/\/yoast.com\/product\/yoast-seo-wordpress\/ -->\n<title>Alveg a\u00f0 fara a\u00f0 flytja - S\u00e1pu\u00f3pera<\/title>\n<meta name=\"robots\" content=\"index, follow, max-snippet:-1, max-image-preview:large, max-video-preview:-1\" \/>\n<link rel=\"canonical\" href=\"https:\/\/www.norn.is\/sapuopera\/2007\/05\/07\/alveg-ad-fara-ad-flytja\/\" \/>\n<meta property=\"og:locale\" content=\"is_IS\" \/>\n<meta property=\"og:type\" content=\"article\" \/>\n<meta property=\"og:title\" content=\"Alveg a\u00f0 fara a\u00f0 flytja - S\u00e1pu\u00f3pera\" \/>\n<meta property=\"og:description\" content=\"\u00c9g afhendi \u00edb\u00fa\u00f0ina um m\u00e1na\u00f0am\u00f3tin. Finn samt ekki fyrir neinum flutningakv\u00ed\u00f0a, kannski af \u00fev\u00ed a\u00f0 vi\u00f0 Anna \u00e6tlum saman \u00ed helgarfer\u00f0 um lei\u00f0 og \u00e9g er b\u00fain a\u00f0 skila lyklunum og \u00e9g hlakka svo miki\u00f0 til \u00feess a\u00f0 \u00e9g er &hellip; Halda \u00e1fram a\u00f0 lesa &rarr;\" \/>\n<meta property=\"og:url\" content=\"https:\/\/www.norn.is\/sapuopera\/2007\/05\/07\/alveg-ad-fara-ad-flytja\/\" \/>\n<meta property=\"og:site_name\" content=\"S\u00e1pu\u00f3pera\" \/>\n<meta property=\"article:published_time\" content=\"2007-05-07T10:40:05+00:00\" \/>\n<meta property=\"article:modified_time\" content=\"2017-09-08T11:48:05+00:00\" \/>\n<meta name=\"author\" content=\"Eva Hauksd\u00f3ttir\" \/>\n<meta name=\"twitter:card\" content=\"summary_large_image\" \/>\n<meta name=\"twitter:label1\" content=\"Written by\" \/>\n\t<meta name=\"twitter:data1\" content=\"\" \/>\n\t<meta name=\"twitter:label2\" content=\"Est. reading time\" \/>\n\t<meta name=\"twitter:data2\" content=\"1 minute\" \/>\n<script type=\"application\/ld+json\" class=\"yoast-schema-graph\">{\"@context\":\"https:\\\/\\\/schema.org\",\"@graph\":[{\"@type\":\"Article\",\"@id\":\"https:\\\/\\\/www.norn.is\\\/sapuopera\\\/2007\\\/05\\\/07\\\/alveg-ad-fara-ad-flytja\\\/#article\",\"isPartOf\":{\"@id\":\"https:\\\/\\\/www.norn.is\\\/sapuopera\\\/2007\\\/05\\\/07\\\/alveg-ad-fara-ad-flytja\\\/\"},\"author\":{\"name\":\"Eva Hauksd\u00f3ttir\",\"@id\":\"https:\\\/\\\/www.norn.is\\\/sapuopera\\\/#\\\/schema\\\/person\\\/2eb0fcae9e1ecc61987f7ed9c878531c\"},\"headline\":\"Alveg a\u00f0 fara a\u00f0 flytja\",\"datePublished\":\"2007-05-07T10:40:05+00:00\",\"dateModified\":\"2017-09-08T11:48:05+00:00\",\"mainEntityOfPage\":{\"@id\":\"https:\\\/\\\/www.norn.is\\\/sapuopera\\\/2007\\\/05\\\/07\\\/alveg-ad-fara-ad-flytja\\\/\"},\"wordCount\":118,\"articleSection\":[\"6. hluti ... og \u00e9g s\u00e9 \u00fea\u00f0 fyrst \u00e1 rykinu\",\"\u00d3flokka\u00f0 (allt efni)\"],\"inLanguage\":\"is\"},{\"@type\":\"WebPage\",\"@id\":\"https:\\\/\\\/www.norn.is\\\/sapuopera\\\/2007\\\/05\\\/07\\\/alveg-ad-fara-ad-flytja\\\/\",\"url\":\"https:\\\/\\\/www.norn.is\\\/sapuopera\\\/2007\\\/05\\\/07\\\/alveg-ad-fara-ad-flytja\\\/\",\"name\":\"Alveg a\u00f0 fara a\u00f0 flytja - S\u00e1pu\u00f3pera\",\"isPartOf\":{\"@id\":\"https:\\\/\\\/www.norn.is\\\/sapuopera\\\/#website\"},\"datePublished\":\"2007-05-07T10:40:05+00:00\",\"dateModified\":\"2017-09-08T11:48:05+00:00\",\"author\":{\"@id\":\"https:\\\/\\\/www.norn.is\\\/sapuopera\\\/#\\\/schema\\\/person\\\/2eb0fcae9e1ecc61987f7ed9c878531c\"},\"breadcrumb\":{\"@id\":\"https:\\\/\\\/www.norn.is\\\/sapuopera\\\/2007\\\/05\\\/07\\\/alveg-ad-fara-ad-flytja\\\/#breadcrumb\"},\"inLanguage\":\"is\",\"potentialAction\":[{\"@type\":\"ReadAction\",\"target\":[\"https:\\\/\\\/www.norn.is\\\/sapuopera\\\/2007\\\/05\\\/07\\\/alveg-ad-fara-ad-flytja\\\/\"]}]},{\"@type\":\"BreadcrumbList\",\"@id\":\"https:\\\/\\\/www.norn.is\\\/sapuopera\\\/2007\\\/05\\\/07\\\/alveg-ad-fara-ad-flytja\\\/#breadcrumb\",\"itemListElement\":[{\"@type\":\"ListItem\",\"position\":1,\"name\":\"Home\",\"item\":\"https:\\\/\\\/www.norn.is\\\/sapuopera\\\/\"},{\"@type\":\"ListItem\",\"position\":2,\"name\":\"Alveg a\u00f0 fara a\u00f0 flytja\"}]},{\"@type\":\"WebSite\",\"@id\":\"https:\\\/\\\/www.norn.is\\\/sapuopera\\\/#website\",\"url\":\"https:\\\/\\\/www.norn.is\\\/sapuopera\\\/\",\"name\":\"S\u00e1pu\u00f3pera\",\"description\":\"Dagb\u00f3k 2003-2011\",\"potentialAction\":[{\"@type\":\"SearchAction\",\"target\":{\"@type\":\"EntryPoint\",\"urlTemplate\":\"https:\\\/\\\/www.norn.is\\\/sapuopera\\\/?s={search_term_string}\"},\"query-input\":{\"@type\":\"PropertyValueSpecification\",\"valueRequired\":true,\"valueName\":\"search_term_string\"}}],\"inLanguage\":\"is\"},{\"@type\":\"Person\",\"@id\":\"https:\\\/\\\/www.norn.is\\\/sapuopera\\\/#\\\/schema\\\/person\\\/2eb0fcae9e1ecc61987f7ed9c878531c\",\"name\":\"Eva Hauksd\u00f3ttir\",\"sameAs\":[\"http:\\\/\\\/www.norn.is\"],\"url\":\"https:\\\/\\\/www.norn.is\\\/sapuopera\\\/author\\\/eva\\\/\"}]}<\/script>\n<!-- \/ Yoast SEO plugin. -->","yoast_head_json":{"title":"Alveg a\u00f0 fara a\u00f0 flytja - S\u00e1pu\u00f3pera","robots":{"index":"index","follow":"follow","max-snippet":"max-snippet:-1","max-image-preview":"max-image-preview:large","max-video-preview":"max-video-preview:-1"},"canonical":"https:\/\/www.norn.is\/sapuopera\/2007\/05\/07\/alveg-ad-fara-ad-flytja\/","og_locale":"is_IS","og_type":"article","og_title":"Alveg a\u00f0 fara a\u00f0 flytja - S\u00e1pu\u00f3pera","og_description":"\u00c9g afhendi \u00edb\u00fa\u00f0ina um m\u00e1na\u00f0am\u00f3tin. Finn samt ekki fyrir neinum flutningakv\u00ed\u00f0a, kannski af \u00fev\u00ed a\u00f0 vi\u00f0 Anna \u00e6tlum saman \u00ed helgarfer\u00f0 um lei\u00f0 og \u00e9g er b\u00fain a\u00f0 skila lyklunum og \u00e9g hlakka svo miki\u00f0 til \u00feess a\u00f0 \u00e9g er &hellip; Halda \u00e1fram a\u00f0 lesa &rarr;","og_url":"https:\/\/www.norn.is\/sapuopera\/2007\/05\/07\/alveg-ad-fara-ad-flytja\/","og_site_name":"S\u00e1pu\u00f3pera","article_published_time":"2007-05-07T10:40:05+00:00","article_modified_time":"2017-09-08T11:48:05+00:00","author":"Eva Hauksd\u00f3ttir","twitter_card":"summary_large_image","twitter_misc":{"Written by":false,"Est. reading time":"1 minute"},"schema":{"@context":"https:\/\/schema.org","@graph":[{"@type":"Article","@id":"https:\/\/www.norn.is\/sapuopera\/2007\/05\/07\/alveg-ad-fara-ad-flytja\/#article","isPartOf":{"@id":"https:\/\/www.norn.is\/sapuopera\/2007\/05\/07\/alveg-ad-fara-ad-flytja\/"},"author":{"name":"Eva Hauksd\u00f3ttir","@id":"https:\/\/www.norn.is\/sapuopera\/#\/schema\/person\/2eb0fcae9e1ecc61987f7ed9c878531c"},"headline":"Alveg a\u00f0 fara a\u00f0 flytja","datePublished":"2007-05-07T10:40:05+00:00","dateModified":"2017-09-08T11:48:05+00:00","mainEntityOfPage":{"@id":"https:\/\/www.norn.is\/sapuopera\/2007\/05\/07\/alveg-ad-fara-ad-flytja\/"},"wordCount":118,"articleSection":["6. hluti ... og \u00e9g s\u00e9 \u00fea\u00f0 fyrst \u00e1 rykinu","\u00d3flokka\u00f0 (allt efni)"],"inLanguage":"is"},{"@type":"WebPage","@id":"https:\/\/www.norn.is\/sapuopera\/2007\/05\/07\/alveg-ad-fara-ad-flytja\/","url":"https:\/\/www.norn.is\/sapuopera\/2007\/05\/07\/alveg-ad-fara-ad-flytja\/","name":"Alveg a\u00f0 fara a\u00f0 flytja - S\u00e1pu\u00f3pera","isPartOf":{"@id":"https:\/\/www.norn.is\/sapuopera\/#website"},"datePublished":"2007-05-07T10:40:05+00:00","dateModified":"2017-09-08T11:48:05+00:00","author":{"@id":"https:\/\/www.norn.is\/sapuopera\/#\/schema\/person\/2eb0fcae9e1ecc61987f7ed9c878531c"},"breadcrumb":{"@id":"https:\/\/www.norn.is\/sapuopera\/2007\/05\/07\/alveg-ad-fara-ad-flytja\/#breadcrumb"},"inLanguage":"is","potentialAction":[{"@type":"ReadAction","target":["https:\/\/www.norn.is\/sapuopera\/2007\/05\/07\/alveg-ad-fara-ad-flytja\/"]}]},{"@type":"BreadcrumbList","@id":"https:\/\/www.norn.is\/sapuopera\/2007\/05\/07\/alveg-ad-fara-ad-flytja\/#breadcrumb","itemListElement":[{"@type":"ListItem","position":1,"name":"Home","item":"https:\/\/www.norn.is\/sapuopera\/"},{"@type":"ListItem","position":2,"name":"Alveg a\u00f0 fara a\u00f0 flytja"}]},{"@type":"WebSite","@id":"https:\/\/www.norn.is\/sapuopera\/#website","url":"https:\/\/www.norn.is\/sapuopera\/","name":"S\u00e1pu\u00f3pera","description":"Dagb\u00f3k 2003-2011","potentialAction":[{"@type":"SearchAction","target":{"@type":"EntryPoint","urlTemplate":"https:\/\/www.norn.is\/sapuopera\/?s={search_term_string}"},"query-input":{"@type":"PropertyValueSpecification","valueRequired":true,"valueName":"search_term_string"}}],"inLanguage":"is"},{"@type":"Person","@id":"https:\/\/www.norn.is\/sapuopera\/#\/schema\/person\/2eb0fcae9e1ecc61987f7ed9c878531c","name":"Eva Hauksd\u00f3ttir","sameAs":["http:\/\/www.norn.is"],"url":"https:\/\/www.norn.is\/sapuopera\/author\/eva\/"}]}},"_links":{"self":[{"href":"https:\/\/www.norn.is\/sapuopera\/wp-json\/wp\/v2\/posts\/6600","targetHints":{"allow":["GET"]}}],"collection":[{"href":"https:\/\/www.norn.is\/sapuopera\/wp-json\/wp\/v2\/posts"}],"about":[{"href":"https:\/\/www.norn.is\/sapuopera\/wp-json\/wp\/v2\/types\/post"}],"author":[{"embeddable":true,"href":"https:\/\/www.norn.is\/sapuopera\/wp-json\/wp\/v2\/users\/2"}],"replies":[{"embeddable":true,"href":"https:\/\/www.norn.is\/sapuopera\/wp-json\/wp\/v2\/comments?post=6600"}],"version-history":[{"count":2,"href":"https:\/\/www.norn.is\/sapuopera\/wp-json\/wp\/v2\/posts\/6600\/revisions"}],"predecessor-version":[{"id":11683,"href":"https:\/\/www.norn.is\/sapuopera\/wp-json\/wp\/v2\/posts\/6600\/revisions\/11683"}],"wp:attachment":[{"href":"https:\/\/www.norn.is\/sapuopera\/wp-json\/wp\/v2\/media?parent=6600"}],"wp:term":[{"taxonomy":"category","embeddable":true,"href":"https:\/\/www.norn.is\/sapuopera\/wp-json\/wp\/v2\/categories?post=6600"},{"taxonomy":"post_tag","embeddable":true,"href":"https:\/\/www.norn.is\/sapuopera\/wp-json\/wp\/v2\/tags?post=6600"}],"curies":[{"name":"wp","href":"https:\/\/api.w.org\/{rel}","templated":true}]}}