{"id":6285,"date":"2007-06-03T21:03:46","date_gmt":"2007-06-03T21:03:46","guid":{"rendered":"http:\/\/norn.pistillinn.is\/?p=6285"},"modified":"2017-09-08T11:49:02","modified_gmt":"2017-09-08T11:49:02","slug":"adskilnadarstefnunni-hefur-verid-aflett","status":"publish","type":"post","link":"https:\/\/www.norn.is\/sapuopera\/2007\/06\/03\/adskilnadarstefnunni-hefur-verid-aflett\/","title":{"rendered":"A\u00f0skilna\u00f0arstefnunni hefur veri\u00f0 afl\u00e9tt"},"content":{"rendered":"<p>\u00cd tilefni af \u00fev\u00ed enda\u00f0i \u00e9g bestu helgi sem af er \u00e1rinu \u00e1 \u00fev\u00ed a\u00f0 drekka kap\u00fats\u00edn\u00f3 \u00e1 \u00feremur kaffih\u00fasum sem m\u00e9r hefur veri\u00f0 i\u00f0ulega veri\u00f0 meina\u00f0ur a\u00f0gangur a\u00f0 s\u00ed\u00f0ustu 6 \u00e1rin. \u00c9g hef a\u00f0 v\u00edsu ekki or\u00f0i\u00f0 fyrir \u00fev\u00ed a\u00f0 neinn hafi beinl\u00ednis bent \u00e1 mig og reki\u00f0 mig \u00fat af veitingah\u00fasi en oft hef \u00e9g hrakist \u00fat vegna reykeitrunar. \u00deeir dagar eru n\u00fa \u00e1 enda runnir.<\/p>\n<p>\u00c9g \u00e1tti h\u00e1lfpartinn von \u00e1 \u00fev\u00ed a\u00f0 kaffih\u00fasin v\u00e6ru h\u00e1lft\u00f3m og a\u00f0 hvarvetna v\u00e6ru reykf\u00edklar h\u00edmandi vi\u00f0 anddyrin. \u00c9g s\u00e1 einn mann reykjandi fyrir utan veitingasta\u00f0 og \u00feessir \u00fer\u00edr sem \u00e9g f\u00f3r inn \u00e1 eru ekkert a\u00f0 fara \u00e1 hausinn.<\/p>\n<p>&nbsp;<\/p>\n<div id=\"comment-4358\"><\/div>\n","protected":false},"excerpt":{"rendered":"<p>\u00cd tilefni af \u00fev\u00ed enda\u00f0i \u00e9g bestu helgi sem af er \u00e1rinu \u00e1 \u00fev\u00ed a\u00f0 drekka kap\u00fats\u00edn\u00f3 \u00e1 \u00feremur kaffih\u00fasum sem m\u00e9r hefur veri\u00f0 i\u00f0ulega veri\u00f0 meina\u00f0ur a\u00f0gangur a\u00f0 s\u00ed\u00f0ustu 6 \u00e1rin. \u00c9g hef a\u00f0 v\u00edsu ekki or\u00f0i\u00f0 fyrir \u00fev\u00ed &hellip; <a href=\"https:\/\/www.norn.is\/sapuopera\/2007\/06\/03\/adskilnadarstefnunni-hefur-verid-aflett\/\">Halda \u00e1fram a\u00f0 lesa <span class=\"meta-nav\">&rarr;<\/span><\/a><\/p>\n","protected":false},"author":2,"featured_media":0,"comment_status":"closed","ping_status":"closed","sticky":false,"template":"","format":"standard","meta":{"footnotes":""},"categories":[249,1],"tags":[],"class_list":["post-6285","post","type-post","status-publish","format-standard","hentry","category-6-hluti-og-eg-se-thad-fyrst-a-rykinu","category-oflokkad-allt-efni"],"yoast_head":"<!-- This site is optimized with the Yoast SEO plugin v27.5 - https:\/\/yoast.com\/product\/yoast-seo-wordpress\/ -->\n<title>A\u00f0skilna\u00f0arstefnunni hefur veri\u00f0 afl\u00e9tt - S\u00e1pu\u00f3pera<\/title>\n<meta name=\"robots\" content=\"index, follow, max-snippet:-1, max-image-preview:large, max-video-preview:-1\" \/>\n<link rel=\"canonical\" href=\"https:\/\/www.norn.is\/sapuopera\/2007\/06\/03\/adskilnadarstefnunni-hefur-verid-aflett\/\" \/>\n<meta property=\"og:locale\" content=\"is_IS\" \/>\n<meta property=\"og:type\" content=\"article\" \/>\n<meta property=\"og:title\" content=\"A\u00f0skilna\u00f0arstefnunni hefur veri\u00f0 afl\u00e9tt - S\u00e1pu\u00f3pera\" \/>\n<meta property=\"og:description\" content=\"\u00cd tilefni af \u00fev\u00ed enda\u00f0i \u00e9g bestu helgi sem af er \u00e1rinu \u00e1 \u00fev\u00ed a\u00f0 drekka kap\u00fats\u00edn\u00f3 \u00e1 \u00feremur kaffih\u00fasum sem m\u00e9r hefur veri\u00f0 i\u00f0ulega veri\u00f0 meina\u00f0ur a\u00f0gangur a\u00f0 s\u00ed\u00f0ustu 6 \u00e1rin. \u00c9g hef a\u00f0 v\u00edsu ekki or\u00f0i\u00f0 fyrir \u00fev\u00ed &hellip; Halda \u00e1fram a\u00f0 lesa &rarr;\" \/>\n<meta property=\"og:url\" content=\"https:\/\/www.norn.is\/sapuopera\/2007\/06\/03\/adskilnadarstefnunni-hefur-verid-aflett\/\" \/>\n<meta property=\"og:site_name\" content=\"S\u00e1pu\u00f3pera\" \/>\n<meta property=\"article:published_time\" content=\"2007-06-03T21:03:46+00:00\" \/>\n<meta property=\"article:modified_time\" content=\"2017-09-08T11:49:02+00:00\" \/>\n<meta name=\"author\" content=\"Eva Hauksd\u00f3ttir\" \/>\n<meta name=\"twitter:card\" content=\"summary_large_image\" \/>\n<meta name=\"twitter:label1\" content=\"Written by\" \/>\n\t<meta name=\"twitter:data1\" content=\"\" \/>\n\t<meta name=\"twitter:label2\" content=\"Est. reading time\" \/>\n\t<meta name=\"twitter:data2\" content=\"1 minute\" \/>\n<script type=\"application\/ld+json\" class=\"yoast-schema-graph\">{\"@context\":\"https:\\\/\\\/schema.org\",\"@graph\":[{\"@type\":\"Article\",\"@id\":\"https:\\\/\\\/www.norn.is\\\/sapuopera\\\/2007\\\/06\\\/03\\\/adskilnadarstefnunni-hefur-verid-aflett\\\/#article\",\"isPartOf\":{\"@id\":\"https:\\\/\\\/www.norn.is\\\/sapuopera\\\/2007\\\/06\\\/03\\\/adskilnadarstefnunni-hefur-verid-aflett\\\/\"},\"author\":{\"name\":\"Eva Hauksd\u00f3ttir\",\"@id\":\"https:\\\/\\\/www.norn.is\\\/sapuopera\\\/#\\\/schema\\\/person\\\/2eb0fcae9e1ecc61987f7ed9c878531c\"},\"headline\":\"A\u00f0skilna\u00f0arstefnunni hefur veri\u00f0 afl\u00e9tt\",\"datePublished\":\"2007-06-03T21:03:46+00:00\",\"dateModified\":\"2017-09-08T11:49:02+00:00\",\"mainEntityOfPage\":{\"@id\":\"https:\\\/\\\/www.norn.is\\\/sapuopera\\\/2007\\\/06\\\/03\\\/adskilnadarstefnunni-hefur-verid-aflett\\\/\"},\"wordCount\":130,\"articleSection\":[\"6. hluti ... og \u00e9g s\u00e9 \u00fea\u00f0 fyrst \u00e1 rykinu\",\"\u00d3flokka\u00f0 (allt efni)\"],\"inLanguage\":\"is\"},{\"@type\":\"WebPage\",\"@id\":\"https:\\\/\\\/www.norn.is\\\/sapuopera\\\/2007\\\/06\\\/03\\\/adskilnadarstefnunni-hefur-verid-aflett\\\/\",\"url\":\"https:\\\/\\\/www.norn.is\\\/sapuopera\\\/2007\\\/06\\\/03\\\/adskilnadarstefnunni-hefur-verid-aflett\\\/\",\"name\":\"A\u00f0skilna\u00f0arstefnunni hefur veri\u00f0 afl\u00e9tt - S\u00e1pu\u00f3pera\",\"isPartOf\":{\"@id\":\"https:\\\/\\\/www.norn.is\\\/sapuopera\\\/#website\"},\"datePublished\":\"2007-06-03T21:03:46+00:00\",\"dateModified\":\"2017-09-08T11:49:02+00:00\",\"author\":{\"@id\":\"https:\\\/\\\/www.norn.is\\\/sapuopera\\\/#\\\/schema\\\/person\\\/2eb0fcae9e1ecc61987f7ed9c878531c\"},\"breadcrumb\":{\"@id\":\"https:\\\/\\\/www.norn.is\\\/sapuopera\\\/2007\\\/06\\\/03\\\/adskilnadarstefnunni-hefur-verid-aflett\\\/#breadcrumb\"},\"inLanguage\":\"is\",\"potentialAction\":[{\"@type\":\"ReadAction\",\"target\":[\"https:\\\/\\\/www.norn.is\\\/sapuopera\\\/2007\\\/06\\\/03\\\/adskilnadarstefnunni-hefur-verid-aflett\\\/\"]}]},{\"@type\":\"BreadcrumbList\",\"@id\":\"https:\\\/\\\/www.norn.is\\\/sapuopera\\\/2007\\\/06\\\/03\\\/adskilnadarstefnunni-hefur-verid-aflett\\\/#breadcrumb\",\"itemListElement\":[{\"@type\":\"ListItem\",\"position\":1,\"name\":\"Home\",\"item\":\"https:\\\/\\\/www.norn.is\\\/sapuopera\\\/\"},{\"@type\":\"ListItem\",\"position\":2,\"name\":\"A\u00f0skilna\u00f0arstefnunni hefur veri\u00f0 afl\u00e9tt\"}]},{\"@type\":\"WebSite\",\"@id\":\"https:\\\/\\\/www.norn.is\\\/sapuopera\\\/#website\",\"url\":\"https:\\\/\\\/www.norn.is\\\/sapuopera\\\/\",\"name\":\"S\u00e1pu\u00f3pera\",\"description\":\"Dagb\u00f3k 2003-2011\",\"potentialAction\":[{\"@type\":\"SearchAction\",\"target\":{\"@type\":\"EntryPoint\",\"urlTemplate\":\"https:\\\/\\\/www.norn.is\\\/sapuopera\\\/?s={search_term_string}\"},\"query-input\":{\"@type\":\"PropertyValueSpecification\",\"valueRequired\":true,\"valueName\":\"search_term_string\"}}],\"inLanguage\":\"is\"},{\"@type\":\"Person\",\"@id\":\"https:\\\/\\\/www.norn.is\\\/sapuopera\\\/#\\\/schema\\\/person\\\/2eb0fcae9e1ecc61987f7ed9c878531c\",\"name\":\"Eva Hauksd\u00f3ttir\",\"sameAs\":[\"http:\\\/\\\/www.norn.is\"],\"url\":\"https:\\\/\\\/www.norn.is\\\/sapuopera\\\/author\\\/eva\\\/\"}]}<\/script>\n<!-- \/ Yoast SEO plugin. -->","yoast_head_json":{"title":"A\u00f0skilna\u00f0arstefnunni hefur veri\u00f0 afl\u00e9tt - S\u00e1pu\u00f3pera","robots":{"index":"index","follow":"follow","max-snippet":"max-snippet:-1","max-image-preview":"max-image-preview:large","max-video-preview":"max-video-preview:-1"},"canonical":"https:\/\/www.norn.is\/sapuopera\/2007\/06\/03\/adskilnadarstefnunni-hefur-verid-aflett\/","og_locale":"is_IS","og_type":"article","og_title":"A\u00f0skilna\u00f0arstefnunni hefur veri\u00f0 afl\u00e9tt - S\u00e1pu\u00f3pera","og_description":"\u00cd tilefni af \u00fev\u00ed enda\u00f0i \u00e9g bestu helgi sem af er \u00e1rinu \u00e1 \u00fev\u00ed a\u00f0 drekka kap\u00fats\u00edn\u00f3 \u00e1 \u00feremur kaffih\u00fasum sem m\u00e9r hefur veri\u00f0 i\u00f0ulega veri\u00f0 meina\u00f0ur a\u00f0gangur a\u00f0 s\u00ed\u00f0ustu 6 \u00e1rin. \u00c9g hef a\u00f0 v\u00edsu ekki or\u00f0i\u00f0 fyrir \u00fev\u00ed &hellip; Halda \u00e1fram a\u00f0 lesa &rarr;","og_url":"https:\/\/www.norn.is\/sapuopera\/2007\/06\/03\/adskilnadarstefnunni-hefur-verid-aflett\/","og_site_name":"S\u00e1pu\u00f3pera","article_published_time":"2007-06-03T21:03:46+00:00","article_modified_time":"2017-09-08T11:49:02+00:00","author":"Eva Hauksd\u00f3ttir","twitter_card":"summary_large_image","twitter_misc":{"Written by":false,"Est. reading time":"1 minute"},"schema":{"@context":"https:\/\/schema.org","@graph":[{"@type":"Article","@id":"https:\/\/www.norn.is\/sapuopera\/2007\/06\/03\/adskilnadarstefnunni-hefur-verid-aflett\/#article","isPartOf":{"@id":"https:\/\/www.norn.is\/sapuopera\/2007\/06\/03\/adskilnadarstefnunni-hefur-verid-aflett\/"},"author":{"name":"Eva Hauksd\u00f3ttir","@id":"https:\/\/www.norn.is\/sapuopera\/#\/schema\/person\/2eb0fcae9e1ecc61987f7ed9c878531c"},"headline":"A\u00f0skilna\u00f0arstefnunni hefur veri\u00f0 afl\u00e9tt","datePublished":"2007-06-03T21:03:46+00:00","dateModified":"2017-09-08T11:49:02+00:00","mainEntityOfPage":{"@id":"https:\/\/www.norn.is\/sapuopera\/2007\/06\/03\/adskilnadarstefnunni-hefur-verid-aflett\/"},"wordCount":130,"articleSection":["6. hluti ... og \u00e9g s\u00e9 \u00fea\u00f0 fyrst \u00e1 rykinu","\u00d3flokka\u00f0 (allt efni)"],"inLanguage":"is"},{"@type":"WebPage","@id":"https:\/\/www.norn.is\/sapuopera\/2007\/06\/03\/adskilnadarstefnunni-hefur-verid-aflett\/","url":"https:\/\/www.norn.is\/sapuopera\/2007\/06\/03\/adskilnadarstefnunni-hefur-verid-aflett\/","name":"A\u00f0skilna\u00f0arstefnunni hefur veri\u00f0 afl\u00e9tt - S\u00e1pu\u00f3pera","isPartOf":{"@id":"https:\/\/www.norn.is\/sapuopera\/#website"},"datePublished":"2007-06-03T21:03:46+00:00","dateModified":"2017-09-08T11:49:02+00:00","author":{"@id":"https:\/\/www.norn.is\/sapuopera\/#\/schema\/person\/2eb0fcae9e1ecc61987f7ed9c878531c"},"breadcrumb":{"@id":"https:\/\/www.norn.is\/sapuopera\/2007\/06\/03\/adskilnadarstefnunni-hefur-verid-aflett\/#breadcrumb"},"inLanguage":"is","potentialAction":[{"@type":"ReadAction","target":["https:\/\/www.norn.is\/sapuopera\/2007\/06\/03\/adskilnadarstefnunni-hefur-verid-aflett\/"]}]},{"@type":"BreadcrumbList","@id":"https:\/\/www.norn.is\/sapuopera\/2007\/06\/03\/adskilnadarstefnunni-hefur-verid-aflett\/#breadcrumb","itemListElement":[{"@type":"ListItem","position":1,"name":"Home","item":"https:\/\/www.norn.is\/sapuopera\/"},{"@type":"ListItem","position":2,"name":"A\u00f0skilna\u00f0arstefnunni hefur veri\u00f0 afl\u00e9tt"}]},{"@type":"WebSite","@id":"https:\/\/www.norn.is\/sapuopera\/#website","url":"https:\/\/www.norn.is\/sapuopera\/","name":"S\u00e1pu\u00f3pera","description":"Dagb\u00f3k 2003-2011","potentialAction":[{"@type":"SearchAction","target":{"@type":"EntryPoint","urlTemplate":"https:\/\/www.norn.is\/sapuopera\/?s={search_term_string}"},"query-input":{"@type":"PropertyValueSpecification","valueRequired":true,"valueName":"search_term_string"}}],"inLanguage":"is"},{"@type":"Person","@id":"https:\/\/www.norn.is\/sapuopera\/#\/schema\/person\/2eb0fcae9e1ecc61987f7ed9c878531c","name":"Eva Hauksd\u00f3ttir","sameAs":["http:\/\/www.norn.is"],"url":"https:\/\/www.norn.is\/sapuopera\/author\/eva\/"}]}},"_links":{"self":[{"href":"https:\/\/www.norn.is\/sapuopera\/wp-json\/wp\/v2\/posts\/6285","targetHints":{"allow":["GET"]}}],"collection":[{"href":"https:\/\/www.norn.is\/sapuopera\/wp-json\/wp\/v2\/posts"}],"about":[{"href":"https:\/\/www.norn.is\/sapuopera\/wp-json\/wp\/v2\/types\/post"}],"author":[{"embeddable":true,"href":"https:\/\/www.norn.is\/sapuopera\/wp-json\/wp\/v2\/users\/2"}],"replies":[{"embeddable":true,"href":"https:\/\/www.norn.is\/sapuopera\/wp-json\/wp\/v2\/comments?post=6285"}],"version-history":[{"count":2,"href":"https:\/\/www.norn.is\/sapuopera\/wp-json\/wp\/v2\/posts\/6285\/revisions"}],"predecessor-version":[{"id":11661,"href":"https:\/\/www.norn.is\/sapuopera\/wp-json\/wp\/v2\/posts\/6285\/revisions\/11661"}],"wp:attachment":[{"href":"https:\/\/www.norn.is\/sapuopera\/wp-json\/wp\/v2\/media?parent=6285"}],"wp:term":[{"taxonomy":"category","embeddable":true,"href":"https:\/\/www.norn.is\/sapuopera\/wp-json\/wp\/v2\/categories?post=6285"},{"taxonomy":"post_tag","embeddable":true,"href":"https:\/\/www.norn.is\/sapuopera\/wp-json\/wp\/v2\/tags?post=6285"}],"curies":[{"name":"wp","href":"https:\/\/api.w.org\/{rel}","templated":true}]}}