{"id":5920,"date":"2007-07-12T12:11:48","date_gmt":"2007-07-12T12:11:48","guid":{"rendered":"http:\/\/norn.pistillinn.is\/?p=5920"},"modified":"2017-09-08T11:51:43","modified_gmt":"2017-09-08T11:51:43","slug":"mig-vantar-ord","status":"publish","type":"post","link":"https:\/\/www.norn.is\/sapuopera\/2007\/07\/12\/mig-vantar-ord\/","title":{"rendered":"Mig vantar or\u00f0"},"content":{"rendered":"<p><em>-\u00c9g bi\u00f0 a\u00f0 heilsa litlu systkinum m\u00ednum<\/em>, sag\u00f0i pilturinn, \u00feegar var komi\u00f0 \u00e1 hreint a\u00f0 hann g\u00e6ti ekki komi\u00f0 \u00ed heims\u00f3kn me\u00f0 svo stuttum fyrirvara, \u00fear sem m\u00f3\u00f0ir j\u00f6r\u00f0 \u00feyrfti a\u00f0 leggja sig. (\u00dea\u00f0 er n\u00e1tt\u00farulega ekki h\u00e6gt a\u00f0 leggja sig me\u00f0 f\u00f6\u00f0ur og son \u00ed hr\u00f3kasamr\u00e6\u00f0um \u00ed eldh\u00fasinu.)<br \/>\n<!--more--><\/p>\n<p><em>-Litlu h\u00e1lfsystkinum \u00fe\u00ednum,<\/em> lei\u00f0r\u00e9tti litlagunna, r\u00e9tt eins og v\u00e6ri einhver h\u00e6tta \u00e1 \u00fev\u00ed a\u00f0 hann gengi me\u00f0 \u00fe\u00e1 ranghugmynd a\u00f0 hann tilheyr\u00f0i fj\u00f6lskyldu f\u00f6\u00f0ur s\u00edns og v\u00e6ri jafnvel velkominn \u00ed heims\u00f3kn.<\/p>\n<p><em>-Tussa,<\/em> tauta\u00f0i \u00e9g \u00feegar \u00e9g fr\u00e9tti af samtalinu en \u00e1tta\u00f0i mig strax \u00e1 \u00fev\u00ed hva\u00f0 \u00e9g haf\u00f0i sagt og skamma\u00f0ist m\u00edn fyrir a\u00f0 vanvir\u00f0a d\u00fdr\u00f0ina \u00e1 m\u00e9r me\u00f0 \u00feessari hro\u00f0alegu saml\u00edkingu.<\/p>\n<p>\u00c9g hef vali\u00f0 litlugunnu \u00fdmis n\u00f6fn \u00e1 undanf\u00f6rnum vikum. T.d. belja, t\u00edk, meri, gylta, padda og rotta. Bi\u00f0st h\u00e9r me\u00f0 au\u00f0mj\u00faklega afs\u00f6kunar \u00e1 \u00fev\u00ed. Blessu\u00f0 h\u00fasd\u00fdrin hafa ekkert til \u00feess unni\u00f0, p\u00f6ddur geta veri\u00f0 \u00f3ge\u00f0felldar en eru t\u00e1kngervingar sj\u00e1lfsbjargarvi\u00f0leitni og rottur eru, \u00fer\u00e1tt fyrir allt, g\u00e1fa\u00f0ar.<\/p>\n<p>\u00dearf \u00fea\u00f0 a\u00f0 hafa eitthvert nafn? \u00dearf a\u00f0 skilgreina \u00fea\u00f0? J\u00e1, m\u00e9r finnst \u00fea\u00f0. \u00c9g s\u00e9 litlugunnu sem undarlegan sambreisking af \u00f3\u00feokka og kj\u00e1na og \u00e9g finn hj\u00e1 m\u00e9r hv\u00f6t til a\u00f0 setja \u00fea\u00f0 \u00ed kassa. L\u00edtinn kassa \u00far dingalingaling. \u00c9g er l\u00f6ngu b\u00fain a\u00f0 afgrei\u00f0a litlaj\u00f3n. Hann er n\u00e1tt\u00farulega bara lufsa. Meiri lufsa en Frams\u00f3knarflokkurinn og Samfylkingin samanlagt. En litlagunna -\u00e9g veit ekki alveg hvernig \u00e9g \u00e1 a\u00f0 skilgreina \u00fea\u00f0 fyrirb\u00e6ri.<\/p>\n<p><em>-H\u00fan \u00e1 n\u00e1tt\u00farulega bara b\u00e1gt,<\/em> sag\u00f0i pilturinn og hristi h\u00f6fu\u00f0i\u00f0 af st\u00f6ku umbur\u00f0arlyndi. F\u00ednt ef hann tr\u00fair \u00fev\u00ed en \u00e9g held a\u00f0 \u00fea\u00f0 eigi ekki rassgat b\u00e1gt. Au\u00f0vita\u00f0 er eitthva\u00f0 a\u00f0 litlugunnu en \u00e9g held a\u00f0 \u00fev\u00ed l\u00ed\u00f0i ekkert illa. \u00c9g held a\u00f0 \u00fev\u00ed l\u00ed\u00f0i bara vel \u00ed litla ruglheiminum s\u00ednum og \u00e9g finn hj\u00e1 m\u00e9r hv\u00f6t til a\u00f0 lei\u00f0r\u00e9tta \u00fea\u00f0. Hva\u00f0 heitir s\u00fa kennd? S\u00e6r\u00f0 r\u00e9ttl\u00e6tistilfinning? Rei\u00f0i? And\u00fa\u00f0? Er einhver s\u00e9rst\u00f6k \u00e1st\u00e6\u00f0a til a\u00f0 breg\u00f0ast vi\u00f0 sl\u00edkum tilfinningum?<\/p>\n<p>Allajafna nenni \u00e9g ekki a\u00f0 l\u00e1ta tilveru litlugunnu fara \u00ed taugarnar \u00e1 m\u00e9r. M\u00e9r finnst gott \u00e1 litlaj\u00f3n a\u00f0 vera giftur \u00fev\u00ed, fyrst hann leyfir \u00fev\u00ed a\u00f0 komast upp me\u00f0 svona framkomu gagnvart hinum b\u00f6rnunum s\u00ednum og hef hinga\u00f0 til losa\u00f0 mig vi\u00f0 rei\u00f0ina me\u00f0 \u00fev\u00ed a\u00f0 hnussa &#8222;belja&#8220;, e\u00f0a eitthva\u00f0 \u00e1l\u00edka. En \u00e9g get ekki gert mig seka um sl\u00edka vanvir\u00f0u lengur. Mig vantar or\u00f0 sem l\u00fdsir \u00e1liti m\u00ednu \u00e1 litlugunnu. Or\u00f0 sem felur \u00ed s\u00e9r alla \u00fe\u00e1 fyrirlitningu sem \u00fea\u00f0 \u00e1 skili\u00f0. Till\u00f6gur \u00f3skast en hafi\u00f0 \u00fe\u00f3 eitt \u00ed huga: \u00deegar \u00e9g vakna\u00f0i \u00ed morgun \u00e1kva\u00f0 \u00e9g a\u00f0 \u00ed dag \u00e6tla\u00f0i \u00e9g a\u00f0 vera beinl\u00ednis sl\u00edmug af elskulegheitum. \u00deessvegna kemur hi\u00f0 g\u00f3\u00f0a, gilda, al\u00edslenska or\u00f0 <em>hlandfor <\/em>ekki til greina.<\/p>\n<div id=\"more\"><\/div>\n<div id=\"comments\">\n<div><\/div>\n<form action=\"http:\/\/www.norn.is\/cgi-bin\/mt\/mt-comments.cgi\" method=\"post\" name=\"comments_form\">\n<div id=\"comments-open\">\n<h2><\/h2>\n<\/div>\n<\/form>\n<\/div>\n","protected":false},"excerpt":{"rendered":"<p>-\u00c9g bi\u00f0 a\u00f0 heilsa litlu systkinum m\u00ednum, sag\u00f0i pilturinn, \u00feegar var komi\u00f0 \u00e1 hreint a\u00f0 hann g\u00e6ti ekki komi\u00f0 \u00ed heims\u00f3kn me\u00f0 svo stuttum fyrirvara, \u00fear sem m\u00f3\u00f0ir j\u00f6r\u00f0 \u00feyrfti a\u00f0 leggja sig. (\u00dea\u00f0 er n\u00e1tt\u00farulega ekki h\u00e6gt a\u00f0 leggja &hellip; <a href=\"https:\/\/www.norn.is\/sapuopera\/2007\/07\/12\/mig-vantar-ord\/\">Halda \u00e1fram a\u00f0 lesa <span class=\"meta-nav\">&rarr;<\/span><\/a><\/p>\n","protected":false},"author":2,"featured_media":0,"comment_status":"closed","ping_status":"closed","sticky":false,"template":"","format":"standard","meta":{"footnotes":""},"categories":[249,1],"tags":[],"class_list":["post-5920","post","type-post","status-publish","format-standard","hentry","category-6-hluti-og-eg-se-thad-fyrst-a-rykinu","category-oflokkad-allt-efni"],"yoast_head":"<!-- This site is optimized with the Yoast SEO plugin v27.5 - https:\/\/yoast.com\/product\/yoast-seo-wordpress\/ -->\n<title>Mig vantar or\u00f0 - S\u00e1pu\u00f3pera<\/title>\n<meta name=\"robots\" content=\"index, follow, max-snippet:-1, max-image-preview:large, max-video-preview:-1\" \/>\n<link rel=\"canonical\" href=\"https:\/\/www.norn.is\/sapuopera\/2007\/07\/12\/mig-vantar-ord\/\" \/>\n<meta property=\"og:locale\" content=\"is_IS\" \/>\n<meta property=\"og:type\" content=\"article\" \/>\n<meta property=\"og:title\" content=\"Mig vantar or\u00f0 - S\u00e1pu\u00f3pera\" \/>\n<meta property=\"og:description\" content=\"-\u00c9g bi\u00f0 a\u00f0 heilsa litlu systkinum m\u00ednum, sag\u00f0i pilturinn, \u00feegar var komi\u00f0 \u00e1 hreint a\u00f0 hann g\u00e6ti ekki komi\u00f0 \u00ed heims\u00f3kn me\u00f0 svo stuttum fyrirvara, \u00fear sem m\u00f3\u00f0ir j\u00f6r\u00f0 \u00feyrfti a\u00f0 leggja sig. (\u00dea\u00f0 er n\u00e1tt\u00farulega ekki h\u00e6gt a\u00f0 leggja &hellip; Halda \u00e1fram a\u00f0 lesa &rarr;\" \/>\n<meta property=\"og:url\" content=\"https:\/\/www.norn.is\/sapuopera\/2007\/07\/12\/mig-vantar-ord\/\" \/>\n<meta property=\"og:site_name\" content=\"S\u00e1pu\u00f3pera\" \/>\n<meta property=\"article:published_time\" content=\"2007-07-12T12:11:48+00:00\" \/>\n<meta property=\"article:modified_time\" content=\"2017-09-08T11:51:43+00:00\" \/>\n<meta name=\"author\" content=\"Eva Hauksd\u00f3ttir\" \/>\n<meta name=\"twitter:card\" content=\"summary_large_image\" \/>\n<meta name=\"twitter:label1\" content=\"Written by\" \/>\n\t<meta name=\"twitter:data1\" content=\"\" \/>\n\t<meta name=\"twitter:label2\" content=\"Est. reading time\" \/>\n\t<meta name=\"twitter:data2\" content=\"3 minutes\" \/>\n<script type=\"application\/ld+json\" class=\"yoast-schema-graph\">{\"@context\":\"https:\\\/\\\/schema.org\",\"@graph\":[{\"@type\":\"Article\",\"@id\":\"https:\\\/\\\/www.norn.is\\\/sapuopera\\\/2007\\\/07\\\/12\\\/mig-vantar-ord\\\/#article\",\"isPartOf\":{\"@id\":\"https:\\\/\\\/www.norn.is\\\/sapuopera\\\/2007\\\/07\\\/12\\\/mig-vantar-ord\\\/\"},\"author\":{\"name\":\"Eva Hauksd\u00f3ttir\",\"@id\":\"https:\\\/\\\/www.norn.is\\\/sapuopera\\\/#\\\/schema\\\/person\\\/2eb0fcae9e1ecc61987f7ed9c878531c\"},\"headline\":\"Mig vantar or\u00f0\",\"datePublished\":\"2007-07-12T12:11:48+00:00\",\"dateModified\":\"2017-09-08T11:51:43+00:00\",\"mainEntityOfPage\":{\"@id\":\"https:\\\/\\\/www.norn.is\\\/sapuopera\\\/2007\\\/07\\\/12\\\/mig-vantar-ord\\\/\"},\"wordCount\":527,\"articleSection\":[\"6. hluti ... og \u00e9g s\u00e9 \u00fea\u00f0 fyrst \u00e1 rykinu\",\"\u00d3flokka\u00f0 (allt efni)\"],\"inLanguage\":\"is\"},{\"@type\":\"WebPage\",\"@id\":\"https:\\\/\\\/www.norn.is\\\/sapuopera\\\/2007\\\/07\\\/12\\\/mig-vantar-ord\\\/\",\"url\":\"https:\\\/\\\/www.norn.is\\\/sapuopera\\\/2007\\\/07\\\/12\\\/mig-vantar-ord\\\/\",\"name\":\"Mig vantar or\u00f0 - S\u00e1pu\u00f3pera\",\"isPartOf\":{\"@id\":\"https:\\\/\\\/www.norn.is\\\/sapuopera\\\/#website\"},\"datePublished\":\"2007-07-12T12:11:48+00:00\",\"dateModified\":\"2017-09-08T11:51:43+00:00\",\"author\":{\"@id\":\"https:\\\/\\\/www.norn.is\\\/sapuopera\\\/#\\\/schema\\\/person\\\/2eb0fcae9e1ecc61987f7ed9c878531c\"},\"breadcrumb\":{\"@id\":\"https:\\\/\\\/www.norn.is\\\/sapuopera\\\/2007\\\/07\\\/12\\\/mig-vantar-ord\\\/#breadcrumb\"},\"inLanguage\":\"is\",\"potentialAction\":[{\"@type\":\"ReadAction\",\"target\":[\"https:\\\/\\\/www.norn.is\\\/sapuopera\\\/2007\\\/07\\\/12\\\/mig-vantar-ord\\\/\"]}]},{\"@type\":\"BreadcrumbList\",\"@id\":\"https:\\\/\\\/www.norn.is\\\/sapuopera\\\/2007\\\/07\\\/12\\\/mig-vantar-ord\\\/#breadcrumb\",\"itemListElement\":[{\"@type\":\"ListItem\",\"position\":1,\"name\":\"Home\",\"item\":\"https:\\\/\\\/www.norn.is\\\/sapuopera\\\/\"},{\"@type\":\"ListItem\",\"position\":2,\"name\":\"Mig vantar or\u00f0\"}]},{\"@type\":\"WebSite\",\"@id\":\"https:\\\/\\\/www.norn.is\\\/sapuopera\\\/#website\",\"url\":\"https:\\\/\\\/www.norn.is\\\/sapuopera\\\/\",\"name\":\"S\u00e1pu\u00f3pera\",\"description\":\"Dagb\u00f3k 2003-2011\",\"potentialAction\":[{\"@type\":\"SearchAction\",\"target\":{\"@type\":\"EntryPoint\",\"urlTemplate\":\"https:\\\/\\\/www.norn.is\\\/sapuopera\\\/?s={search_term_string}\"},\"query-input\":{\"@type\":\"PropertyValueSpecification\",\"valueRequired\":true,\"valueName\":\"search_term_string\"}}],\"inLanguage\":\"is\"},{\"@type\":\"Person\",\"@id\":\"https:\\\/\\\/www.norn.is\\\/sapuopera\\\/#\\\/schema\\\/person\\\/2eb0fcae9e1ecc61987f7ed9c878531c\",\"name\":\"Eva Hauksd\u00f3ttir\",\"sameAs\":[\"http:\\\/\\\/www.norn.is\"],\"url\":\"https:\\\/\\\/www.norn.is\\\/sapuopera\\\/author\\\/eva\\\/\"}]}<\/script>\n<!-- \/ Yoast SEO plugin. -->","yoast_head_json":{"title":"Mig vantar or\u00f0 - S\u00e1pu\u00f3pera","robots":{"index":"index","follow":"follow","max-snippet":"max-snippet:-1","max-image-preview":"max-image-preview:large","max-video-preview":"max-video-preview:-1"},"canonical":"https:\/\/www.norn.is\/sapuopera\/2007\/07\/12\/mig-vantar-ord\/","og_locale":"is_IS","og_type":"article","og_title":"Mig vantar or\u00f0 - S\u00e1pu\u00f3pera","og_description":"-\u00c9g bi\u00f0 a\u00f0 heilsa litlu systkinum m\u00ednum, sag\u00f0i pilturinn, \u00feegar var komi\u00f0 \u00e1 hreint a\u00f0 hann g\u00e6ti ekki komi\u00f0 \u00ed heims\u00f3kn me\u00f0 svo stuttum fyrirvara, \u00fear sem m\u00f3\u00f0ir j\u00f6r\u00f0 \u00feyrfti a\u00f0 leggja sig. (\u00dea\u00f0 er n\u00e1tt\u00farulega ekki h\u00e6gt a\u00f0 leggja &hellip; Halda \u00e1fram a\u00f0 lesa &rarr;","og_url":"https:\/\/www.norn.is\/sapuopera\/2007\/07\/12\/mig-vantar-ord\/","og_site_name":"S\u00e1pu\u00f3pera","article_published_time":"2007-07-12T12:11:48+00:00","article_modified_time":"2017-09-08T11:51:43+00:00","author":"Eva Hauksd\u00f3ttir","twitter_card":"summary_large_image","twitter_misc":{"Written by":false,"Est. reading time":"3 minutes"},"schema":{"@context":"https:\/\/schema.org","@graph":[{"@type":"Article","@id":"https:\/\/www.norn.is\/sapuopera\/2007\/07\/12\/mig-vantar-ord\/#article","isPartOf":{"@id":"https:\/\/www.norn.is\/sapuopera\/2007\/07\/12\/mig-vantar-ord\/"},"author":{"name":"Eva Hauksd\u00f3ttir","@id":"https:\/\/www.norn.is\/sapuopera\/#\/schema\/person\/2eb0fcae9e1ecc61987f7ed9c878531c"},"headline":"Mig vantar or\u00f0","datePublished":"2007-07-12T12:11:48+00:00","dateModified":"2017-09-08T11:51:43+00:00","mainEntityOfPage":{"@id":"https:\/\/www.norn.is\/sapuopera\/2007\/07\/12\/mig-vantar-ord\/"},"wordCount":527,"articleSection":["6. hluti ... og \u00e9g s\u00e9 \u00fea\u00f0 fyrst \u00e1 rykinu","\u00d3flokka\u00f0 (allt efni)"],"inLanguage":"is"},{"@type":"WebPage","@id":"https:\/\/www.norn.is\/sapuopera\/2007\/07\/12\/mig-vantar-ord\/","url":"https:\/\/www.norn.is\/sapuopera\/2007\/07\/12\/mig-vantar-ord\/","name":"Mig vantar or\u00f0 - S\u00e1pu\u00f3pera","isPartOf":{"@id":"https:\/\/www.norn.is\/sapuopera\/#website"},"datePublished":"2007-07-12T12:11:48+00:00","dateModified":"2017-09-08T11:51:43+00:00","author":{"@id":"https:\/\/www.norn.is\/sapuopera\/#\/schema\/person\/2eb0fcae9e1ecc61987f7ed9c878531c"},"breadcrumb":{"@id":"https:\/\/www.norn.is\/sapuopera\/2007\/07\/12\/mig-vantar-ord\/#breadcrumb"},"inLanguage":"is","potentialAction":[{"@type":"ReadAction","target":["https:\/\/www.norn.is\/sapuopera\/2007\/07\/12\/mig-vantar-ord\/"]}]},{"@type":"BreadcrumbList","@id":"https:\/\/www.norn.is\/sapuopera\/2007\/07\/12\/mig-vantar-ord\/#breadcrumb","itemListElement":[{"@type":"ListItem","position":1,"name":"Home","item":"https:\/\/www.norn.is\/sapuopera\/"},{"@type":"ListItem","position":2,"name":"Mig vantar or\u00f0"}]},{"@type":"WebSite","@id":"https:\/\/www.norn.is\/sapuopera\/#website","url":"https:\/\/www.norn.is\/sapuopera\/","name":"S\u00e1pu\u00f3pera","description":"Dagb\u00f3k 2003-2011","potentialAction":[{"@type":"SearchAction","target":{"@type":"EntryPoint","urlTemplate":"https:\/\/www.norn.is\/sapuopera\/?s={search_term_string}"},"query-input":{"@type":"PropertyValueSpecification","valueRequired":true,"valueName":"search_term_string"}}],"inLanguage":"is"},{"@type":"Person","@id":"https:\/\/www.norn.is\/sapuopera\/#\/schema\/person\/2eb0fcae9e1ecc61987f7ed9c878531c","name":"Eva Hauksd\u00f3ttir","sameAs":["http:\/\/www.norn.is"],"url":"https:\/\/www.norn.is\/sapuopera\/author\/eva\/"}]}},"_links":{"self":[{"href":"https:\/\/www.norn.is\/sapuopera\/wp-json\/wp\/v2\/posts\/5920","targetHints":{"allow":["GET"]}}],"collection":[{"href":"https:\/\/www.norn.is\/sapuopera\/wp-json\/wp\/v2\/posts"}],"about":[{"href":"https:\/\/www.norn.is\/sapuopera\/wp-json\/wp\/v2\/types\/post"}],"author":[{"embeddable":true,"href":"https:\/\/www.norn.is\/sapuopera\/wp-json\/wp\/v2\/users\/2"}],"replies":[{"embeddable":true,"href":"https:\/\/www.norn.is\/sapuopera\/wp-json\/wp\/v2\/comments?post=5920"}],"version-history":[{"count":1,"href":"https:\/\/www.norn.is\/sapuopera\/wp-json\/wp\/v2\/posts\/5920\/revisions"}],"predecessor-version":[{"id":11606,"href":"https:\/\/www.norn.is\/sapuopera\/wp-json\/wp\/v2\/posts\/5920\/revisions\/11606"}],"wp:attachment":[{"href":"https:\/\/www.norn.is\/sapuopera\/wp-json\/wp\/v2\/media?parent=5920"}],"wp:term":[{"taxonomy":"category","embeddable":true,"href":"https:\/\/www.norn.is\/sapuopera\/wp-json\/wp\/v2\/categories?post=5920"},{"taxonomy":"post_tag","embeddable":true,"href":"https:\/\/www.norn.is\/sapuopera\/wp-json\/wp\/v2\/tags?post=5920"}],"curies":[{"name":"wp","href":"https:\/\/api.w.org\/{rel}","templated":true}]}}