{"id":521,"date":"2003-05-11T14:01:07","date_gmt":"2003-05-11T14:01:07","guid":{"rendered":"http:\/\/norn.pistillinn.is\/?p=521"},"modified":"2017-09-08T21:47:03","modified_gmt":"2017-09-08T21:47:03","slug":"sapuopera","status":"publish","type":"post","link":"https:\/\/www.norn.is\/sapuopera\/2003\/05\/11\/sapuopera\/","title":{"rendered":"S\u00e1pu\u00f3pera"},"content":{"rendered":"<p>Fa\u00f0ir Sp\u00fankhildar deyr og \u00e1 vissan h\u00e1tt er \u00fea\u00f0 l\u00e9ttir. \u00deetta skammvinna dau\u00f0astr\u00ed\u00f0 var v\u00edst n\u00f3gu erfitt fyrir fj\u00f6lskylduna hans.<!--more--><\/p>\n<p>\u00dea\u00f0 er komi\u00f0 fram yfir h\u00e1degi \u00e1 laugardeginum \u00feegar systurnar skr\u00ed\u00f0a \u00e1 lappir eftir andv\u00f6kun\u00f3tt og Sp\u00fankhildur fer au\u00f0vita\u00f0 beint \u00fat \u00e1 st\u00e9tt a\u00f0 reykja \u00fer\u00e1tt fyrir m\u00f3tm\u00e6li \u00feeirrar stuttu sem finnst alveg n\u00f3g a\u00f0 afi hafi d\u00e1i\u00f0 \u00far reykingum. Sp\u00fankhildur reynir a\u00f0 hugga hana me\u00f0 \u00fev\u00ed a\u00f0 afi hafi n\u00fa reyndar veri\u00f0 fyllibytta l\u00edka og \u00f3l\u00edklegt a\u00f0 reykingarnar hef\u00f0u drepi\u00f0 hann nema vegna \u00feess a\u00f0 meira kom til. \u00c9g heyri samtali\u00f0 \u00fear sem \u00e9g stend \u00ed eldh\u00fasinu, \u00fear hef \u00e9g eytt morgninum vi\u00f0 a\u00f0 hr\u00e6ra \u00ed pastas\u00f3su og kj\u00falkingapottr\u00e9tti, skera salat, steikja p\u00f6nnuk\u00f6kur, smyrja brau\u00f0&#8230;<\/p>\n<p>-Er einhver a\u00f0 koma \u00ed mat? spyr Kynvillingurinn, systir Sp\u00fankhildar og starir fur\u00f0ulostin \u00e1 eldh\u00fassbor\u00f0i\u00f0.<\/p>\n<p>-F\u00f3lk ver\u00f0ur a\u00f0 bor\u00f0a \u00fe\u00f3tt hann hafi d\u00e1i\u00f0, tauta \u00e9g. B\u00f6rnin hafa n\u00e6rst \u00e1 sykurh\u00fa\u00f0u\u00f0u lofti \u00ed tvo daga.<br \/>\n-Bor\u00f0a! \u00deetta er hla\u00f0bor\u00f0 manneskja. Og sonur minn Sjarmaknippi\u00f0 ver\u00f0ur ekki einu sinni \u00ed mat \u00fev\u00ed barnsfa\u00f0ir minn og fyrrum elskhugi \u00feinn, s\u00e1 sem \u00e1tti ekki t\u00edkall, er \u00e1 lei\u00f0inni a\u00f0 s\u00e6kja hann, segir Kynvillingurinn.<\/p>\n<p>-Eva er haldin matrei\u00f0sluf\u00edkn; \u00fatsk\u00fdrir Sp\u00fankhildur. \u00cd hvert sinn sem h\u00fan getur ekki laga\u00f0 hlutina, reynir h\u00fan a\u00f0 elda \u00fe\u00e1 burt.<br \/>\n-\u00deetta er kannski fl\u00f3ttalei\u00f0 en f\u00edkn er \u00fea\u00f0 n\u00fa ekki. \u00c9g kann ekki nema tv\u00e6r a\u00f0fer\u00f0ir til a\u00f0 votta sam\u00fa\u00f0 og \u00e9g b\u00fdst ekki vi\u00f0 a\u00f0 ma\u00f0urinn \u00feinn yr\u00f0i hrifinn ef \u00e9g sv\u00e6fi hj\u00e1 \u00fe\u00e9r, svara \u00e9g.<\/p>\n<p>-\u00de\u00fa getur sofi\u00f0 hj\u00e1 m\u00f6mmu,&lt;\/em&gt; segir Sjarmaknippi\u00f0 (sonur Kynvillingsins). H\u00fan er hvort sem er\u00a0skilin vi\u00f0 R\u00fanu og svo er h\u00fan alltaf a\u00f0 tala um hva\u00f0 h\u00fan s\u00e9 feit svo \u00fe\u00fa \u00e6ttir n\u00fa ekki a\u00f0 f\u00f3\u00f0ra hana meira en nau\u00f0synlegt er.<br \/>\n-L\u00e1ttu ekki eins og bj\u00e1ni elskan, Eva er streit, h\u00fan sefur ekki hj\u00e1 konum, segir Kynvillingurinn og \u00fe\u00f3tt \u00fea\u00f0 s\u00e9 n\u00fa reyndar \u00e1litam\u00e1l hversu streit \u00e9g er, er \u00e9g er satt a\u00f0 segja fegin a\u00f0 h\u00fan skuli halda \u00fea\u00f0 \u00fev\u00ed okkur vantar ekki upp\u00e1komu \u00e1 bor\u00f0 vi\u00f0 kynfer\u00f0islegt samband, n\u00f3g er v\u00edst fro\u00f0an fyrir.<br \/>\n-H\u00fan hefur n\u00fa samt sofi\u00f0 hj\u00e1 pabba og pabbi hj\u00e1 \u00fe\u00e9r svo \u00fei\u00f0 hlj\u00f3ti\u00f0 \u00f6ll a\u00f0 hafa svipa\u00f0an smekk; segir Sjarmaknippi\u00f0 og finnst hann fyndinn.<\/p>\n<p>-Fj\u00e1rann eigum vi\u00f0 a\u00f0 gera vi\u00f0 allan \u00feennan mat?; segi \u00e9g til a\u00f0 sn\u00faa talinu a\u00f0 \u00f6\u00f0ru.<br \/>\n-Ma\u00f0urinn sem \u00e1tti ekki t\u00edkall er matma\u00f0ur; segir Sp\u00fankhildur og \u00fear me\u00f0 er \u00fea\u00f0 afgreitt.<\/p>\n<p>Og h\u00e9r sitjum vi\u00f0 og tro\u00f0um \u00ed okkur mat sem \u00e1 t\u00edmum Jes\u00fasar hef\u00f0i metta\u00f0 fleiri en 5000 (enda elda\u00f0ur \u00far \u00f6llum afg\u00f6ngum vikunnar \u00feegar enginn var s\u00e9rlega svangur):<\/p>\n<p>-\u00c9g, eina manneskjan \u00ed l\u00edfi m\u00ednu sem n\u00e1lgast \u00fea\u00f0 a\u00f0 vera normal,<br \/>\n-Sp\u00fankhildur konan m\u00edn, rambandi \u00e1 barmi gjald\u00ferots og \u00feunglyndis,<br \/>\n-S\u00fa Stutta, d\u00f3ttir hennar sem \u00e1 s\u00ed\u00f0ustu tveimur m\u00e1nu\u00f0um hefur flutt milli landshluta, byrja\u00f0 \u00ed n\u00fdjum sk\u00f3la, tv\u00edvegis komi\u00f0 l\u00fasug heim, eignast n\u00fdja fj\u00f6lskyldu, hata\u00f0 og teki\u00f0 \u00ed s\u00e1tt n\u00fdja k\u00e6rasta m\u00f3\u00f0ur sinnar og misst tvo ketti, einn hund og afa sinn,<br \/>\n-\u00d6ryrkinn, n\u00fdi k\u00e6rastinn Sp\u00fankhildar sem jafnframt \u00fev\u00ed a\u00f0 vera l\u00f6gblindur \u00e1 \u00f6\u00f0ru auga er b\u00fainn a\u00f0 missa vinnuna, vill endilega flytja inn \u00e1 okkur og s\u00fdnir m\u00e9r svo yfirgengilega kurteisi a\u00f0 mig langar mest a\u00f0 flengja \u00far honum smja\u00f0ri\u00f0 me\u00f0 le\u00f0urstrimlasvipu,<br \/>\n-Kynvillingurinn, systir Sp\u00fankhildar, sem auk \u00feess a\u00f0 vera kynvillingur er alki og \u00e1tf\u00edkill me\u00f0 \u00f3l\u00e6knandi bl\u00f3\u00f0sj\u00fakd\u00f3m,\u00a0reyndar fulltr\u00fai allra minnihlutah\u00f3pa \u00e1 \u00cdslandi nema n\u00fdb\u00faa, n\u00fdskilin vi\u00f0 drykkjusj\u00faka konu s\u00edna sem aftur er farin inn \u00e1 Vog.<br \/>\n-Ma\u00f0urinn sem \u00e1tti ekki t\u00edkall, stu\u00f0boltinn, h\u00famoristinn og g\u00e1fumenni\u00f0, barnsfa\u00f0ir Kynvillingsins (\u00feau hata hvort anna\u00f0), \u00e6skuvinur Sp\u00fankhildar og s\u00e1 ma\u00f0ur sem \u00e9g hef elska\u00f0 mest \u00ed l\u00edfinu,<br \/>\n-Sjarmaknippi\u00f0 sonur \u00feeirra, ofvirkt barn me\u00f0 banv\u00e6nan erf\u00f0asj\u00fakd\u00f3m, drengurinn sem \u00e9g\u00a0missti \u00feegar pabbi hans f\u00f3r fr\u00e1 m\u00e9r en var\u00f0 aftur hluti af l\u00edfi m\u00ednu \u00e1 s\u00e1pu\u00f3perukenndan h\u00e1tt og svaf \u00ed r\u00faminu m\u00ednu sumari\u00f0 sem m\u00f3\u00f0ir hans var \u00ed me\u00f0fer\u00f0, pabbinn \u00ed \u00f6\u00f0rum landshluta og Sp\u00fankhildur \u00ed \u00feunglyndi,<br \/>\n-Sonur minn Byltingama\u00f0urinn, listama\u00f0urinn lesblindi (stundum kalla\u00f0ur Dundmundur) me\u00f0 h\u00e1lsinn alsettan sogblettum,<br \/>\n-og sonur minn Pysjan, sau\u00f0fj\u00e1rb\u00f3ndi \u00ed tilvistarkreppu, reyndar b\u00fasettur hj\u00e1 hinni veruleikafirrtu systur minni \u00ed \u00deorpi Dau\u00f0ans eins og er en kemur \u00ed b\u00e6inn um helgar. H\u00e9r sitjum vi\u00f0, r\u00e9tt eins og fj\u00f6lskyldur gera upp \u00far h\u00e1degi \u00e1 laugard\u00f6gum.<\/p>\n<p>-Drottinn gaf og Drottinn t\u00f3k; segir S\u00fa Stutta m\u00e6\u00f0ulega og b\u00edtur i p\u00f6nnuk\u00f6ku, Byltingama\u00f0urinn og Pysjan eignast systur og daginn efir deyr afi.<br \/>\n-J\u00e1, svona er Gu\u00f0, segir Sjarmaknippi\u00f0 beiskur \u00ed r\u00f3mi, blessar sumar fj\u00f6lskyldur me\u00f0 litlum b\u00f6rnum en leggur a\u00f0rar \u00ed einelti me\u00f0 sj\u00fakd\u00f3mum og dau\u00f0a.<\/p>\n<p>\u00c1 me\u00f0an vi\u00f0 bor\u00f0um bankar litla stelpan \u00e1 efri h\u00e6\u00f0inni upp \u00e1 og vill leika vi\u00f0 \u00de\u00e1 Stuttu. Litla stelpan b\u00fdr ein hj\u00e1 afa s\u00ednum. M\u00f3\u00f0ir hennar d\u00f3 \u00far heilabl\u00f3\u00f0falli \u00ed fyrra eftir \u00feriggja \u00e1ra veikindi, amma hennar er \u00e1 Alsheimerdeildinni og pabbinn stunginn af til Lith\u00e1en me\u00f0 22ja \u00e1ra s\u00faludansmey.<\/p>\n<p>-Finnst einhverjum \u00f6\u00f0rum eins og \u00feetta samkv\u00e6mi s\u00e9 fari\u00f0 a\u00f0 minna \u00e1 s\u00e1pu\u00f3peru? spyr \u00e9g og hef varla sleppt or\u00f0inu \u00feegar Bl\u00ed\u00f0a fr\u00e6nka m\u00edn hringir, til a\u00f0 tilkynna a\u00f0 h\u00fan s\u00e9 loksins b\u00fain a\u00f0 f\u00e1 n\u00f3g af \u00fev\u00ed a\u00f0 vera lamin og s\u00e9 \u00fev\u00ed farin fr\u00e1 manninum s\u00ednum.<\/p>\n<p>\u00dea\u00f0 er kannski ekki alveg vi\u00f0eigandi svona f\u00e1um klukkut\u00edmum eftir andl\u00e1t \u00ed fj\u00f6lskyldunni en h\u00famor er eina a\u00f0fer\u00f0in til a\u00f0 halda svona samkomu \u00fat og \u00e9g er \u00f3segjanlega \u00feakkl\u00e1t fyrir a\u00f0 enginn skuli taka \u00feann p\u00f3l \u00ed h\u00e6\u00f0ina a\u00f0 ekki megi gr\u00ednast \u00e1 sorgarstund. Ma\u00f0urinn sem \u00e1tti ekki t\u00edkall stingur upp \u00e1 \u00fev\u00ed a\u00f0 til a\u00f0 fullkomna velluna dr\u00edfi \u00e9g \u00ed \u00fev\u00ed a\u00f0 sofa hj\u00e1 barnsf\u00f6\u00f0ur Sp\u00fankhildar.<br \/>\n-J\u00e1 e\u00f0a br\u00f3\u00f0ur \u00fe\u00ednum! sk\u00fdtur Byltingama\u00f0urinn inn \u00ed og heldur a\u00f0 hann s\u00e9 svona fyndinn \u00feegar vi\u00f0 brestum \u00ed hl\u00e1turrokur fram \u00e1 eldh\u00fassbor\u00f0i\u00f0. Hann veit ekki \u00fea\u00f0 sem b\u00e6\u00f0i Kynvillingurinn og barnsfa\u00f0ir hennar vita\u00a0a\u00f0 br\u00f3\u00f0ir hins t\u00edkallalausa sinnti okkur Sp\u00fankhildi til skiptis \u00e1 t\u00edmabili og var\u00f0 steinhissa \u00feegar \u00fea\u00f0 komst upp enda \u00fe\u00f3tt vi\u00f0 v\u00e6rum daglegir heimagangar hvor hj\u00e1 annarri.<\/p>\n<p>\u00deessi sena \u00e1 s\u00e9r sta\u00f0 heilum tveimur d\u00f6gum eftir a\u00f0 vinur Kynvillingsins hengdi sig og \u00fea\u00f0 var \u00e1rei\u00f0anlega daginn \u00fear \u00e1 undan sem barni\u00f0 kom heim me\u00f0 l\u00fas og vi\u00f0 s\u00f3tthreinsu\u00f0um heimili\u00f0. Og \u00fea\u00f0 er ekki fyrr en daginn eftir sem Sp\u00fankhildur f\u00e6r appels\u00ednugult lj\u00f3s \u00e1 bankal\u00e1n til a\u00f0 bjarga fyrirt\u00e6kinu fyrir h\u00e1degi og eftir h\u00e1degi tilkynningu um a\u00f0 sk\u00f3labr\u00f3\u00f0ir hennar til 10 \u00e1ra, piltur me\u00f0 downs-syndrom, hafi l\u00e1tist \u00far lungnab\u00f3lgu \u00fe\u00e1 um morguninn. \u00c6tli h\u00f6r\u00f0ustu s\u00e1puf\u00edklar hef\u00f0u ekki einmitt \u00e1 \u00fev\u00ed augnabliki sta\u00f0i\u00f0 upp og sl\u00f6kkt \u00e1 sj\u00f3nvarpinu eftir a\u00f0 hafa \u00e6lt ofan \u00ed poppkornssk\u00e1lina? Sj\u00e1lf hef\u00f0i \u00e9g veri\u00f0 b\u00fain a\u00f0 gefast upp \u00ed apr\u00edl.<\/p>\n<p>Pakkinn er or\u00f0inn b\u00fdsna skrautlegur \u00feegar \u00feessar tv\u00e6r fj\u00f6lskyldur koma saman. En \u00e9g er ekki svo viss um a\u00f0 me\u00f0alfj\u00f6lskyldan s\u00e9 miki\u00f0 vi\u00f0urlegri. Sennilega b\u00fdr hver vi\u00f0 s\u00edna s\u00e1pu\u00f3peru \u00fe\u00f3tt hann segi ekki endilega fr\u00e1 \u00fev\u00ed. \u00c9g hef allavega aldrei kynnst fj\u00f6lskyldu sem \u00e1 ekki s\u00ednar hall\u00e6rislegu upp\u00e1komur og fl\u00f3knar leyndarm\u00e1lake\u00f0jur eru sj\u00e1lfsagt algengari en flesta grunar. Annars er reyndar \u00e1g\u00e6t tilbreyting a\u00f0 h\u00faka \u00e1 handlaugarbr\u00faninni og horfa \u00e1 s\u00e1puna \u00ed l\u00edfi n\u00fdju fj\u00f6lskyldunnar minnar. Kosturinn vi\u00f0 a\u00f0 b\u00faa me\u00f0 ja\u00f0arf\u00f3lki er nefnilega s\u00e1 a\u00f0 s\u00e1pan \u00ed m\u00ednu eigin l\u00edfi hja\u00f0nar hj\u00e1 dramat\u00edkinni \u00ed kringum Sp\u00fankhildi sem hreinlega frey\u00f0ir yfir barmana \u00feegar verst l\u00e6tur.<\/p>\n<p>En \u00fea\u00f0 er \u00ed lagi. \u00c1 me\u00f0an ma\u00f0ur missir ekki h\u00famorinn er allt \u00ed lagi.<\/p>\n<p>&nbsp;<\/p>\n","protected":false},"excerpt":{"rendered":"<p>Fa\u00f0ir Sp\u00fankhildar deyr og \u00e1 vissan h\u00e1tt er \u00fea\u00f0 l\u00e9ttir. \u00deetta skammvinna dau\u00f0astr\u00ed\u00f0 var v\u00edst n\u00f3gu erfitt fyrir fj\u00f6lskylduna hans.<\/p>\n","protected":false},"author":2,"featured_media":0,"comment_status":"closed","ping_status":"closed","sticky":false,"template":"","format":"standard","meta":{"footnotes":""},"categories":[217,1],"tags":[96],"class_list":["post-521","post","type-post","status-publish","format-standard","hentry","category-1-hluti-golanhaedir","category-oflokkad-allt-efni","tag-spunkhildur"],"yoast_head":"<!-- This site is optimized with the Yoast SEO plugin v27.5 - https:\/\/yoast.com\/product\/yoast-seo-wordpress\/ -->\n<title>S\u00e1pu\u00f3pera - S\u00e1pu\u00f3pera<\/title>\n<meta name=\"robots\" content=\"index, follow, max-snippet:-1, max-image-preview:large, max-video-preview:-1\" \/>\n<link rel=\"canonical\" href=\"https:\/\/www.norn.is\/sapuopera\/2003\/05\/11\/sapuopera\/\" \/>\n<meta property=\"og:locale\" content=\"is_IS\" \/>\n<meta property=\"og:type\" content=\"article\" \/>\n<meta property=\"og:title\" content=\"S\u00e1pu\u00f3pera - S\u00e1pu\u00f3pera\" \/>\n<meta property=\"og:description\" content=\"Fa\u00f0ir Sp\u00fankhildar deyr og \u00e1 vissan h\u00e1tt er \u00fea\u00f0 l\u00e9ttir. \u00deetta skammvinna dau\u00f0astr\u00ed\u00f0 var v\u00edst n\u00f3gu erfitt fyrir fj\u00f6lskylduna hans.\" \/>\n<meta property=\"og:url\" content=\"https:\/\/www.norn.is\/sapuopera\/2003\/05\/11\/sapuopera\/\" \/>\n<meta property=\"og:site_name\" content=\"S\u00e1pu\u00f3pera\" \/>\n<meta property=\"article:published_time\" content=\"2003-05-11T14:01:07+00:00\" \/>\n<meta property=\"article:modified_time\" content=\"2017-09-08T21:47:03+00:00\" \/>\n<meta name=\"author\" content=\"Eva Hauksd\u00f3ttir\" \/>\n<meta name=\"twitter:card\" content=\"summary_large_image\" \/>\n<meta name=\"twitter:label1\" content=\"Written by\" \/>\n\t<meta name=\"twitter:data1\" content=\"\" \/>\n\t<meta name=\"twitter:label2\" content=\"Est. reading time\" \/>\n\t<meta name=\"twitter:data2\" content=\"7 minutes\" \/>\n<script type=\"application\/ld+json\" class=\"yoast-schema-graph\">{\"@context\":\"https:\\\/\\\/schema.org\",\"@graph\":[{\"@type\":\"Article\",\"@id\":\"https:\\\/\\\/www.norn.is\\\/sapuopera\\\/2003\\\/05\\\/11\\\/sapuopera\\\/#article\",\"isPartOf\":{\"@id\":\"https:\\\/\\\/www.norn.is\\\/sapuopera\\\/2003\\\/05\\\/11\\\/sapuopera\\\/\"},\"author\":{\"name\":\"Eva Hauksd\u00f3ttir\",\"@id\":\"https:\\\/\\\/www.norn.is\\\/sapuopera\\\/#\\\/schema\\\/person\\\/2eb0fcae9e1ecc61987f7ed9c878531c\"},\"headline\":\"S\u00e1pu\u00f3pera\",\"datePublished\":\"2003-05-11T14:01:07+00:00\",\"dateModified\":\"2017-09-08T21:47:03+00:00\",\"mainEntityOfPage\":{\"@id\":\"https:\\\/\\\/www.norn.is\\\/sapuopera\\\/2003\\\/05\\\/11\\\/sapuopera\\\/\"},\"wordCount\":1441,\"keywords\":[\"Sp\u00fankhildur\"],\"articleSection\":[\"1. hluti G\u00f3lanh\u00e6\u00f0ir\",\"\u00d3flokka\u00f0 (allt efni)\"],\"inLanguage\":\"is\"},{\"@type\":\"WebPage\",\"@id\":\"https:\\\/\\\/www.norn.is\\\/sapuopera\\\/2003\\\/05\\\/11\\\/sapuopera\\\/\",\"url\":\"https:\\\/\\\/www.norn.is\\\/sapuopera\\\/2003\\\/05\\\/11\\\/sapuopera\\\/\",\"name\":\"S\u00e1pu\u00f3pera - S\u00e1pu\u00f3pera\",\"isPartOf\":{\"@id\":\"https:\\\/\\\/www.norn.is\\\/sapuopera\\\/#website\"},\"datePublished\":\"2003-05-11T14:01:07+00:00\",\"dateModified\":\"2017-09-08T21:47:03+00:00\",\"author\":{\"@id\":\"https:\\\/\\\/www.norn.is\\\/sapuopera\\\/#\\\/schema\\\/person\\\/2eb0fcae9e1ecc61987f7ed9c878531c\"},\"breadcrumb\":{\"@id\":\"https:\\\/\\\/www.norn.is\\\/sapuopera\\\/2003\\\/05\\\/11\\\/sapuopera\\\/#breadcrumb\"},\"inLanguage\":\"is\",\"potentialAction\":[{\"@type\":\"ReadAction\",\"target\":[\"https:\\\/\\\/www.norn.is\\\/sapuopera\\\/2003\\\/05\\\/11\\\/sapuopera\\\/\"]}]},{\"@type\":\"BreadcrumbList\",\"@id\":\"https:\\\/\\\/www.norn.is\\\/sapuopera\\\/2003\\\/05\\\/11\\\/sapuopera\\\/#breadcrumb\",\"itemListElement\":[{\"@type\":\"ListItem\",\"position\":1,\"name\":\"Home\",\"item\":\"https:\\\/\\\/www.norn.is\\\/sapuopera\\\/\"},{\"@type\":\"ListItem\",\"position\":2,\"name\":\"S\u00e1pu\u00f3pera\"}]},{\"@type\":\"WebSite\",\"@id\":\"https:\\\/\\\/www.norn.is\\\/sapuopera\\\/#website\",\"url\":\"https:\\\/\\\/www.norn.is\\\/sapuopera\\\/\",\"name\":\"S\u00e1pu\u00f3pera\",\"description\":\"Dagb\u00f3k 2003-2011\",\"potentialAction\":[{\"@type\":\"SearchAction\",\"target\":{\"@type\":\"EntryPoint\",\"urlTemplate\":\"https:\\\/\\\/www.norn.is\\\/sapuopera\\\/?s={search_term_string}\"},\"query-input\":{\"@type\":\"PropertyValueSpecification\",\"valueRequired\":true,\"valueName\":\"search_term_string\"}}],\"inLanguage\":\"is\"},{\"@type\":\"Person\",\"@id\":\"https:\\\/\\\/www.norn.is\\\/sapuopera\\\/#\\\/schema\\\/person\\\/2eb0fcae9e1ecc61987f7ed9c878531c\",\"name\":\"Eva Hauksd\u00f3ttir\",\"sameAs\":[\"http:\\\/\\\/www.norn.is\"],\"url\":\"https:\\\/\\\/www.norn.is\\\/sapuopera\\\/author\\\/eva\\\/\"}]}<\/script>\n<!-- \/ Yoast SEO plugin. -->","yoast_head_json":{"title":"S\u00e1pu\u00f3pera - S\u00e1pu\u00f3pera","robots":{"index":"index","follow":"follow","max-snippet":"max-snippet:-1","max-image-preview":"max-image-preview:large","max-video-preview":"max-video-preview:-1"},"canonical":"https:\/\/www.norn.is\/sapuopera\/2003\/05\/11\/sapuopera\/","og_locale":"is_IS","og_type":"article","og_title":"S\u00e1pu\u00f3pera - S\u00e1pu\u00f3pera","og_description":"Fa\u00f0ir Sp\u00fankhildar deyr og \u00e1 vissan h\u00e1tt er \u00fea\u00f0 l\u00e9ttir. \u00deetta skammvinna dau\u00f0astr\u00ed\u00f0 var v\u00edst n\u00f3gu erfitt fyrir fj\u00f6lskylduna hans.","og_url":"https:\/\/www.norn.is\/sapuopera\/2003\/05\/11\/sapuopera\/","og_site_name":"S\u00e1pu\u00f3pera","article_published_time":"2003-05-11T14:01:07+00:00","article_modified_time":"2017-09-08T21:47:03+00:00","author":"Eva Hauksd\u00f3ttir","twitter_card":"summary_large_image","twitter_misc":{"Written by":false,"Est. reading time":"7 minutes"},"schema":{"@context":"https:\/\/schema.org","@graph":[{"@type":"Article","@id":"https:\/\/www.norn.is\/sapuopera\/2003\/05\/11\/sapuopera\/#article","isPartOf":{"@id":"https:\/\/www.norn.is\/sapuopera\/2003\/05\/11\/sapuopera\/"},"author":{"name":"Eva Hauksd\u00f3ttir","@id":"https:\/\/www.norn.is\/sapuopera\/#\/schema\/person\/2eb0fcae9e1ecc61987f7ed9c878531c"},"headline":"S\u00e1pu\u00f3pera","datePublished":"2003-05-11T14:01:07+00:00","dateModified":"2017-09-08T21:47:03+00:00","mainEntityOfPage":{"@id":"https:\/\/www.norn.is\/sapuopera\/2003\/05\/11\/sapuopera\/"},"wordCount":1441,"keywords":["Sp\u00fankhildur"],"articleSection":["1. hluti G\u00f3lanh\u00e6\u00f0ir","\u00d3flokka\u00f0 (allt efni)"],"inLanguage":"is"},{"@type":"WebPage","@id":"https:\/\/www.norn.is\/sapuopera\/2003\/05\/11\/sapuopera\/","url":"https:\/\/www.norn.is\/sapuopera\/2003\/05\/11\/sapuopera\/","name":"S\u00e1pu\u00f3pera - S\u00e1pu\u00f3pera","isPartOf":{"@id":"https:\/\/www.norn.is\/sapuopera\/#website"},"datePublished":"2003-05-11T14:01:07+00:00","dateModified":"2017-09-08T21:47:03+00:00","author":{"@id":"https:\/\/www.norn.is\/sapuopera\/#\/schema\/person\/2eb0fcae9e1ecc61987f7ed9c878531c"},"breadcrumb":{"@id":"https:\/\/www.norn.is\/sapuopera\/2003\/05\/11\/sapuopera\/#breadcrumb"},"inLanguage":"is","potentialAction":[{"@type":"ReadAction","target":["https:\/\/www.norn.is\/sapuopera\/2003\/05\/11\/sapuopera\/"]}]},{"@type":"BreadcrumbList","@id":"https:\/\/www.norn.is\/sapuopera\/2003\/05\/11\/sapuopera\/#breadcrumb","itemListElement":[{"@type":"ListItem","position":1,"name":"Home","item":"https:\/\/www.norn.is\/sapuopera\/"},{"@type":"ListItem","position":2,"name":"S\u00e1pu\u00f3pera"}]},{"@type":"WebSite","@id":"https:\/\/www.norn.is\/sapuopera\/#website","url":"https:\/\/www.norn.is\/sapuopera\/","name":"S\u00e1pu\u00f3pera","description":"Dagb\u00f3k 2003-2011","potentialAction":[{"@type":"SearchAction","target":{"@type":"EntryPoint","urlTemplate":"https:\/\/www.norn.is\/sapuopera\/?s={search_term_string}"},"query-input":{"@type":"PropertyValueSpecification","valueRequired":true,"valueName":"search_term_string"}}],"inLanguage":"is"},{"@type":"Person","@id":"https:\/\/www.norn.is\/sapuopera\/#\/schema\/person\/2eb0fcae9e1ecc61987f7ed9c878531c","name":"Eva Hauksd\u00f3ttir","sameAs":["http:\/\/www.norn.is"],"url":"https:\/\/www.norn.is\/sapuopera\/author\/eva\/"}]}},"_links":{"self":[{"href":"https:\/\/www.norn.is\/sapuopera\/wp-json\/wp\/v2\/posts\/521","targetHints":{"allow":["GET"]}}],"collection":[{"href":"https:\/\/www.norn.is\/sapuopera\/wp-json\/wp\/v2\/posts"}],"about":[{"href":"https:\/\/www.norn.is\/sapuopera\/wp-json\/wp\/v2\/types\/post"}],"author":[{"embeddable":true,"href":"https:\/\/www.norn.is\/sapuopera\/wp-json\/wp\/v2\/users\/2"}],"replies":[{"embeddable":true,"href":"https:\/\/www.norn.is\/sapuopera\/wp-json\/wp\/v2\/comments?post=521"}],"version-history":[{"count":2,"href":"https:\/\/www.norn.is\/sapuopera\/wp-json\/wp\/v2\/posts\/521\/revisions"}],"predecessor-version":[{"id":10581,"href":"https:\/\/www.norn.is\/sapuopera\/wp-json\/wp\/v2\/posts\/521\/revisions\/10581"}],"wp:attachment":[{"href":"https:\/\/www.norn.is\/sapuopera\/wp-json\/wp\/v2\/media?parent=521"}],"wp:term":[{"taxonomy":"category","embeddable":true,"href":"https:\/\/www.norn.is\/sapuopera\/wp-json\/wp\/v2\/categories?post=521"},{"taxonomy":"post_tag","embeddable":true,"href":"https:\/\/www.norn.is\/sapuopera\/wp-json\/wp\/v2\/tags?post=521"}],"curies":[{"name":"wp","href":"https:\/\/api.w.org\/{rel}","templated":true}]}}