{"id":4858,"date":"2007-11-20T12:28:01","date_gmt":"2007-11-20T12:28:01","guid":{"rendered":"http:\/\/norn.pistillinn.is\/?p=4858"},"modified":"2017-09-08T11:59:32","modified_gmt":"2017-09-08T11:59:32","slug":"eitt-erindi-um-afbrydina","status":"publish","type":"post","link":"https:\/\/www.norn.is\/sapuopera\/2007\/11\/20\/eitt-erindi-um-afbrydina\/","title":{"rendered":"Eitt erindi um afbr\u00fd\u00f0ina"},"content":{"rendered":"<p><em>-Eftir \u00e1 a\u00f0 hyggja hef\u00f0i \u00e9g kannski ekki \u00e1tt a\u00f0 segja \u00fe\u00e9r \u00feetta.<br \/>\n-N\u00fa?<br \/>\n-\u00c9g hef\u00f0i kannski \u00e1tt a\u00f0 reikna me\u00f0 m\u00f6guleikanum \u00e1 a\u00f0 \u00fe\u00e9r \u00fe\u00e6ttu \u00fea\u00f0 ekki me\u00f0m\u00e6li.<br \/>\n-M\u00e9r finnst me\u00f0m\u00e6li a\u00f0 vita hvar \u00e9g hef \u00feig.<br \/>\n-\u00deannig a\u00f0 \u00fe\u00e9r er alveg, alveg hundra\u00f0pr\u00f3sent sama?<!--more--><\/em><em><br \/>\n-\u00dea\u00f0 er n\u00fa ekki beinl\u00ednis eins og \u00e9g s\u00e9 bj\u00f6rt mey og hrein sj\u00e1lf. \u00c9g seg\u00f0i v\u00e6ntanlega ekki opinsk\u00e1tt fr\u00e1 m\u00ednum eigin b\u00f3lf\u00f6rum \u00ed gegnum t\u00ed\u00f0ina \u00e1 internetinu, ef \u00e9g v\u00e6ri a\u00f0 leita a\u00f0 maka sem hef\u00f0i aldrei kennt kvenmanns \u00e1 undan m\u00e9r.<br \/>\n-Nei, l\u00edklega ekki. \u00c9g var bara a\u00f0 hugsa um hvort \u00fea\u00f0 hef\u00f0i kannski veri\u00f0 flj\u00f3tf\u00e6rni af m\u00e9r a\u00f0 segja \u00fe\u00e9r \u00fea\u00f0 \u00e1n \u00feess a\u00f0 gera r\u00e1\u00f0 fyrir a\u00f0 \u00fe\u00e9r g\u00e6ti \u00fe\u00f3tt \u00fea\u00f0 \u00f3\u00fe\u00e6gilegt. \u00deegar allt kemur til alls hef \u00e9g eiginlega ekki \u00feekkt \u00feig n\u00f3gu lengi til a\u00f0 vita hvort ver\u00f0ur au\u00f0veldlega afbr\u00fd\u00f0is\u00f6m og ef svo er \u00fe\u00e1 vil \u00e9g ekkert angra \u00feig me\u00f0 einhverju sem skiptir engu m\u00e1li.<br \/>\n-Uhh! \u00c9g hef n\u00fa nokku\u00f0 g\u00f3\u00f0a \u00e1st\u00e6\u00f0u til a\u00f0 tr\u00faa \u00fev\u00ed a\u00f0 \u00fe\u00fa \u00e6tlir vera me\u00f0 M\u00c9R \u00e1 n\u00e6stunni, svo \u00fea\u00f0 hlj\u00f3mar ekki s\u00e9rlega r\u00f6kr\u00e9tt a\u00f0 vera afbr\u00fd\u00f0is\u00f6m \u00fat einhverja sem \u00fe\u00fa ert l\u00f6ngu h\u00e6ttur a\u00f0 sofa hj\u00e1.<br \/>\n-Nei, \u00fea\u00f0 er gott a\u00f0 \u00fe\u00fa hugsar \u00feannig.<br \/>\n<\/em><\/p>\n<div>\n<p>Samt er eins og broddurinn \u00e1 k\u00e6tinni s\u00e9 ponku-a\u00f0eins-\u00f6rl\u00edti\u00f0 rispa\u00f0ur. L\u00edkt og breg\u00f0i fyrir ofurlitlum votti af efasemdum um hversu fr\u00e1b\u00e6r afsta\u00f0a m\u00edn s\u00e9. Hva\u00f0 er eiginlega a\u00f0 gerast \u00ed hausnum \u00e1 honum n\u00fana? Er hann \u00ed alv\u00f6ru hr\u00e6ddur um a\u00f0 sitja uppi me\u00f0 afbr\u00fd\u00f0isama k\u00e6rustu? Hefur hann virkilega \u00e1hyggjur af \u00fev\u00ed a\u00f0 \u00e9g muni yfirheyra hann um hvert f\u00f3tm\u00e1l og fara \u00ed f\u00fdlu ef honum ver\u00f0ur \u00fea\u00f0 \u00e1 a\u00f0 brosa til annarra kvenna? Rassgat nei, hann er b\u00fainn a\u00f0 lesa marga m\u00e1nu\u00f0i, ef ekki \u00e1r, af vefb\u00f3kinni minni. Hann getur fjandakorni\u00f0 ekki veri\u00f0 svo l\u00e9legur mann\u00feekkjari a\u00f0 halda a\u00f0 \u00e9g s\u00e9 s\u00fa t\u00fdpa. Hva\u00f0 er hann \u00fe\u00e1 a\u00f0 p\u00e6la? Hann hefur \u00fe\u00f3 ekki \u00f6fugar \u00e1hyggjur? Hrmphhh&#8230; \u00fea\u00f0 skyldi \u00fe\u00f3 ekki vera? Hugsanlega. \u00dea\u00f0 er ekki a\u00f0 \u00e1st\u00e6\u00f0ulausu sem amma kalla\u00f0i mig stundum fre\u00f0\u00fdsu og ef er erfitt a\u00f0 eiga maka sem er ge\u00f0veikur af afbr\u00fd\u00f0isemi, \u00fe\u00e1 er beinl\u00ednis \u00e1\u00fej\u00e1n a\u00f0 elska einhvern sem k\u00e6rir sig koll\u00f3ttan um \u00fea\u00f0 hvar ma\u00f0ur er og me\u00f0 hverjum.<\/p>\n<p>\u00c9g hef aldrei veri\u00f0 me\u00f0 \u00f3h\u00f3flega afbr\u00fd\u00f0is\u00f6mum manni. En \u00e9g \u00feekki hitt. Einu sinni f\u00f3r \u00e9g me\u00f0 manninum m\u00ednum \u00fe\u00e1verandi \u00e1 \u00e1rsh\u00e1t\u00ed\u00f0. Hann var \u00e1 fanat\u00edska skei\u00f0inu \u00ed l\u00edfi s\u00ednu og f\u00e9kk gr\u00e6nar b\u00f3lur vi\u00f0 tilhugsunina um a\u00f0 vera innan um drykkjusvall svo \u00fea\u00f0 var fyrirfram \u00e1 hreinu a\u00f0 hann \u00e6tla\u00f0i a\u00f0 fara heim eftir matinn. Allir s\u00e1ttir vi\u00f0 \u00fea\u00f0. Hann var algerlega laus vi\u00f0 afbr\u00fd\u00f0isemi og m\u00e9r fannst bara f\u00ednt a\u00f0 geta skemmt m\u00e9r me\u00f0 vinnuf\u00e9l\u00f6gunum \u00e1n \u00feess a\u00f0 hafa \u00e1hyggjur af \u00fev\u00ed a\u00f0 hann f\u00e6ri a\u00f0 \u00edmynda s\u00e9r einhverja vitleysu. Samt var\u00f0 \u00e9g nett m\u00f3\u00f0gu\u00f0 \u00feegar hann kvaddi vingjarnlega og f\u00f3r, \u00e1n \u00feess a\u00f0 veita \u00fev\u00ed nokkra athygli a\u00f0 annar ma\u00f0ur (a\u00f0 v\u00edsu b\u00e6\u00f0i lj\u00f3tur og lei\u00f0inlegur en karlma\u00f0ur samt) var a\u00f0 b\u00faa sig undir a\u00f0 slefa \u00e1 \u00f6xlina \u00e1 m\u00e9r. \u00c9g var 21 \u00e1rs, \u00ed rau\u00f0um og sv\u00f6rtum \u00f3m\u00e6god-kj\u00f3l og brj\u00f3stin \u00e1 m\u00e9r tveimur n\u00famerum st\u00e6rri en \u00ed dag. \u00c9g hef aldrei leiki\u00f0 \u00feann hall\u00e6rislega leik a\u00f0 gera einhvern afbr\u00fd\u00f0isaman viljandi en \u00ed \u00feessu tilviki svei\u00f0 m\u00e9r athyglisbresturinn svo illa a\u00f0 kannski \u00e9g hef\u00f0i teki\u00f0 undir da\u00f0ri\u00f0 \u00ed d\u00f3nanum ef hann hef\u00f0i ekki veri\u00f0 svona helv\u00edti lei\u00f0inlegur. M\u00e9r fannst bara a\u00f0 \u00fea\u00f0 hef\u00f0i veri\u00f0 vi\u00f0eigandi, j\u00e1 eiginlega bara r\u00e9tt af m\u00ednum manni a\u00f0 s\u00fdna \u00f3m\u00e6god-kj\u00f3lnum og innihaldi hans \u00fe\u00e1 vir\u00f0ingu a\u00f0 senda gaurnum stingandi augnar\u00e1\u00f0 og sitja sem fastast, \u00fear til hann hef\u00f0i f\u00e6rt sig svosem eins og tungulengd fr\u00e1 m\u00e9r.<\/p>\n<p>Kannski er \u00fea\u00f0 \u00fea\u00f0. Og hva\u00f0 \u00e1 ma\u00f0ur \u00fe\u00e1 a\u00f0 segja? M\u00e9r finnst \u00e9g hafa t\u00f6luvert a\u00f0 missa en \u00fea\u00f0 er engin \u00f3gn \u00ed sj\u00f3nm\u00e1li og \u00fea\u00f0 kann varla g\u00f3\u00f0ri lukku a\u00f0 st\u00fdra a\u00f0 gera s\u00e9r upp tilefnislausa afbr\u00fd\u00f0isemi. Auk \u00feess held \u00e9g alls ekki a\u00f0 hann vilji a\u00f0 \u00e9g s\u00e9 afbr\u00fd\u00f0is\u00f6m og l\u00edklegt a\u00f0 hann hafi frekar \u00f3lj\u00f3sa hugmynd um \u00fea\u00f0 sj\u00e1lfur hversvegna hann er eiginlega a\u00f0 velta hugsanleika afbr\u00fd\u00f0isemi minnar fyrir s\u00e9r.<\/p>\n<p>Hef \u00e9g einhvernt\u00edma veri\u00f0 afbr\u00fd\u00f0is\u00f6m? Fokk j\u00e1. \u00c9g hef \u00fej\u00e1\u00f0st af afbr\u00fd\u00f0isemi, kvalist af afbr\u00fd\u00f0isemi. \u00c9g hef \u00e6lt af einsk\u00e6rri afbr\u00fd\u00f0isemi. \u00c6ldi galli ofan \u00ed \u00d6skjuhl\u00ed\u00f0ina eftir a\u00f0 \u00e9g kom a\u00f0 hinni konunni \u00fear sem h\u00fan var a\u00f0 lesa \u00e1starbr\u00e9fin sem \u00e9g haf\u00f0i skrifa\u00f0 mesta sk\u00edth\u00e6l sem \u00e9g nokkurnt\u00edma hef elska\u00f0. A\u00f0 v\u00edsu angra\u00f0i tilvist hennar mig ekki lengi, enda var h\u00fan b\u00e6\u00f0i heimsk og lei\u00f0inleg og hann \u00e1tti \u00fea\u00f0 skili\u00f0 a\u00f0 sitja uppi me\u00f0 hana. \u00d6llu lengri ur\u00f0u eftirk\u00f6stin nokkrum \u00e1rum s\u00ed\u00f0ar \u00feegar \u00e9g hitti n\u00fdju k\u00e6rustu annars manns sem \u00e9g elska\u00f0i l\u00edka af tilefnislausu. (\u00dea\u00f0 var \u00e1\u00f0ur en \u00e9g kom m\u00e9r upp f\u00e1vitaf\u00e6lu) H\u00fan var yngri, fallegri, fyndnari, grennri og greindari en \u00e9g, og \u00e9g skildi fullkomlega hva\u00f0 hann s\u00e1 vi\u00f0 hana. \u00cd \u00fea\u00f0 skipti \u00feurfti \u00e9g a\u00f0 bl\u00e1sa \u00ed \u00e1fengism\u00e6li til a\u00f0 hreinsa mig af grun um a\u00f0 utanvegaruppk\u00f6stin st\u00e6\u00f0u \u00ed sambandi vi\u00f0 \u00f6lvunarakstur.<\/p>\n<p>Jamm, \u00fea\u00f0 eru sums\u00e9 ekki \u00f6rl\u00f6g m\u00edn a\u00f0 hlaupa \u00ed spik, svo er ge\u00f0b\u00f3lgu minni fyrir a\u00f0 \u00feakka. \u00c9g bara \u00e6li ef eitthva\u00f0 angrar mig. \u00c9g hef hinsvegar haft n\u00f3g anna\u00f0 til a\u00f0 dramakastast yfir \u00fe\u00f3tt \u00e9g hafi ekki n\u00e6rt tilefnislausa afbr\u00fd\u00f0isemi me\u00f0 hugar\u00f3rum um \u00fea\u00f0 sem kannski g\u00e6ti ske\u00f0, svo hverju \u00e1 ma\u00f0ur a\u00f0 svara?<\/p>\n<p><em>-Afbr\u00fd\u00f0isemi kemur upp \u00ed \u00f6llum samb\u00f6ndum \u00ed einhverri mynd,<\/em> segi \u00e9g. <em>Afbr\u00fd\u00f0isemi er ekkert anna\u00f0 en \u00f3ttinn um a\u00f0 einhver annar s\u00e9 a\u00f0 taka eitthva\u00f0 mikilv\u00e6gt fr\u00e1 manni og \u00fea\u00f0 er bara mannlegt a\u00f0 velta \u00fev\u00ed fyrir s\u00e9r. \u00dea\u00f0 g\u00f3\u00f0a er a\u00f0 ma\u00f0ur getur vali\u00f0 um hvort ma\u00f0ur n\u00e6rir \u00feennan \u00f3tta, veltir s\u00e9r upp \u00far honum og gerir hann a\u00f0 vandam\u00e1li, e\u00f0a hvort ma\u00f0ur gengur \u00far skugga um a\u00f0 hann s\u00e9 tilefnislaus og tekst svo \u00e1 vi\u00f0 hann. \u00c9g er svona meira fyrir \u00fea\u00f0 og \u00e1 me\u00f0an \u00fe\u00fa sinnir m\u00e9r svona vel og l\u00e6tur ekki eins og \u00fe\u00fa hafir eitthva\u00f0 a\u00f0 fela, \u00fe\u00e1 hef \u00e9g enga \u00e1st\u00e6\u00f0u til afbr\u00fd\u00f0isemi. \u00deegar \u00e9g finn fyrir einhverju sl\u00edku skal \u00e9g bara segja \u00fe\u00e9r \u00fea\u00f0. \u00c9g fer ekki \u00ed f\u00fdlu upp \u00far \u00feurru.<\/em><\/p>\n<p>Hann sag\u00f0i bara <em>gott<\/em>. Ekkert meira en \u00fea\u00f0. Ekki upph\u00e1tt allavega en rispan var horfin \u00far r\u00f6ddinni. \u00c9g spur\u00f0i hann ekki hva\u00f0 hann hef\u00f0i veri\u00f0 a\u00f0 hugsa. \u00dea\u00f0 skiptir heldur ekki m\u00e1li hvort \u00fea\u00f0 var n\u00e1kv\u00e6mlega \u00feetta e\u00f0a eitthva\u00f0 allt anna\u00f0. Stundum bara veit ma\u00f0ur a\u00f0 ma\u00f0ur hefur sagt eitthva\u00f0 r\u00e9tt.<\/p>\n<\/div>\n","protected":false},"excerpt":{"rendered":"<p>-Eftir \u00e1 a\u00f0 hyggja hef\u00f0i \u00e9g kannski ekki \u00e1tt a\u00f0 segja \u00fe\u00e9r \u00feetta. -N\u00fa? -\u00c9g hef\u00f0i kannski \u00e1tt a\u00f0 reikna me\u00f0 m\u00f6guleikanum \u00e1 a\u00f0 \u00fe\u00e9r \u00fe\u00e6ttu \u00fea\u00f0 ekki me\u00f0m\u00e6li. -M\u00e9r finnst me\u00f0m\u00e6li a\u00f0 vita hvar \u00e9g hef \u00feig. -\u00deannig a\u00f0 &hellip; <a href=\"https:\/\/www.norn.is\/sapuopera\/2007\/11\/20\/eitt-erindi-um-afbrydina\/\">Halda \u00e1fram a\u00f0 lesa <span class=\"meta-nav\">&rarr;<\/span><\/a><\/p>\n","protected":false},"author":2,"featured_media":0,"comment_status":"closed","ping_status":"closed","sticky":false,"template":"","format":"standard","meta":{"footnotes":""},"categories":[250,1],"tags":[],"class_list":["post-4858","post","type-post","status-publish","format-standard","hentry","category-7-hluti-pegasus","category-oflokkad-allt-efni"],"yoast_head":"<!-- This site is optimized with the Yoast SEO plugin v27.5 - https:\/\/yoast.com\/product\/yoast-seo-wordpress\/ -->\n<title>Eitt erindi um afbr\u00fd\u00f0ina - S\u00e1pu\u00f3pera<\/title>\n<meta name=\"robots\" content=\"index, follow, max-snippet:-1, max-image-preview:large, max-video-preview:-1\" \/>\n<link rel=\"canonical\" href=\"https:\/\/www.norn.is\/sapuopera\/2007\/11\/20\/eitt-erindi-um-afbrydina\/\" \/>\n<meta property=\"og:locale\" content=\"is_IS\" \/>\n<meta property=\"og:type\" content=\"article\" \/>\n<meta property=\"og:title\" content=\"Eitt erindi um afbr\u00fd\u00f0ina - S\u00e1pu\u00f3pera\" \/>\n<meta property=\"og:description\" content=\"-Eftir \u00e1 a\u00f0 hyggja hef\u00f0i \u00e9g kannski ekki \u00e1tt a\u00f0 segja \u00fe\u00e9r \u00feetta. -N\u00fa? -\u00c9g hef\u00f0i kannski \u00e1tt a\u00f0 reikna me\u00f0 m\u00f6guleikanum \u00e1 a\u00f0 \u00fe\u00e9r \u00fe\u00e6ttu \u00fea\u00f0 ekki me\u00f0m\u00e6li. -M\u00e9r finnst me\u00f0m\u00e6li a\u00f0 vita hvar \u00e9g hef \u00feig. -\u00deannig a\u00f0 &hellip; Halda \u00e1fram a\u00f0 lesa &rarr;\" \/>\n<meta property=\"og:url\" content=\"https:\/\/www.norn.is\/sapuopera\/2007\/11\/20\/eitt-erindi-um-afbrydina\/\" \/>\n<meta property=\"og:site_name\" content=\"S\u00e1pu\u00f3pera\" \/>\n<meta property=\"article:published_time\" content=\"2007-11-20T12:28:01+00:00\" \/>\n<meta property=\"article:modified_time\" content=\"2017-09-08T11:59:32+00:00\" \/>\n<meta name=\"author\" content=\"Eva Hauksd\u00f3ttir\" \/>\n<meta name=\"twitter:card\" content=\"summary_large_image\" \/>\n<meta name=\"twitter:label1\" content=\"Written by\" \/>\n\t<meta name=\"twitter:data1\" content=\"\" \/>\n\t<meta name=\"twitter:label2\" content=\"Est. reading time\" \/>\n\t<meta name=\"twitter:data2\" content=\"6 minutes\" \/>\n<script type=\"application\/ld+json\" class=\"yoast-schema-graph\">{\"@context\":\"https:\\\/\\\/schema.org\",\"@graph\":[{\"@type\":\"Article\",\"@id\":\"https:\\\/\\\/www.norn.is\\\/sapuopera\\\/2007\\\/11\\\/20\\\/eitt-erindi-um-afbrydina\\\/#article\",\"isPartOf\":{\"@id\":\"https:\\\/\\\/www.norn.is\\\/sapuopera\\\/2007\\\/11\\\/20\\\/eitt-erindi-um-afbrydina\\\/\"},\"author\":{\"name\":\"Eva Hauksd\u00f3ttir\",\"@id\":\"https:\\\/\\\/www.norn.is\\\/sapuopera\\\/#\\\/schema\\\/person\\\/2eb0fcae9e1ecc61987f7ed9c878531c\"},\"headline\":\"Eitt erindi um afbr\u00fd\u00f0ina\",\"datePublished\":\"2007-11-20T12:28:01+00:00\",\"dateModified\":\"2017-09-08T11:59:32+00:00\",\"mainEntityOfPage\":{\"@id\":\"https:\\\/\\\/www.norn.is\\\/sapuopera\\\/2007\\\/11\\\/20\\\/eitt-erindi-um-afbrydina\\\/\"},\"wordCount\":1259,\"articleSection\":[\"7. hluti Pegasus\",\"\u00d3flokka\u00f0 (allt efni)\"],\"inLanguage\":\"is\"},{\"@type\":\"WebPage\",\"@id\":\"https:\\\/\\\/www.norn.is\\\/sapuopera\\\/2007\\\/11\\\/20\\\/eitt-erindi-um-afbrydina\\\/\",\"url\":\"https:\\\/\\\/www.norn.is\\\/sapuopera\\\/2007\\\/11\\\/20\\\/eitt-erindi-um-afbrydina\\\/\",\"name\":\"Eitt erindi um afbr\u00fd\u00f0ina - S\u00e1pu\u00f3pera\",\"isPartOf\":{\"@id\":\"https:\\\/\\\/www.norn.is\\\/sapuopera\\\/#website\"},\"datePublished\":\"2007-11-20T12:28:01+00:00\",\"dateModified\":\"2017-09-08T11:59:32+00:00\",\"author\":{\"@id\":\"https:\\\/\\\/www.norn.is\\\/sapuopera\\\/#\\\/schema\\\/person\\\/2eb0fcae9e1ecc61987f7ed9c878531c\"},\"breadcrumb\":{\"@id\":\"https:\\\/\\\/www.norn.is\\\/sapuopera\\\/2007\\\/11\\\/20\\\/eitt-erindi-um-afbrydina\\\/#breadcrumb\"},\"inLanguage\":\"is\",\"potentialAction\":[{\"@type\":\"ReadAction\",\"target\":[\"https:\\\/\\\/www.norn.is\\\/sapuopera\\\/2007\\\/11\\\/20\\\/eitt-erindi-um-afbrydina\\\/\"]}]},{\"@type\":\"BreadcrumbList\",\"@id\":\"https:\\\/\\\/www.norn.is\\\/sapuopera\\\/2007\\\/11\\\/20\\\/eitt-erindi-um-afbrydina\\\/#breadcrumb\",\"itemListElement\":[{\"@type\":\"ListItem\",\"position\":1,\"name\":\"Home\",\"item\":\"https:\\\/\\\/www.norn.is\\\/sapuopera\\\/\"},{\"@type\":\"ListItem\",\"position\":2,\"name\":\"Eitt erindi um afbr\u00fd\u00f0ina\"}]},{\"@type\":\"WebSite\",\"@id\":\"https:\\\/\\\/www.norn.is\\\/sapuopera\\\/#website\",\"url\":\"https:\\\/\\\/www.norn.is\\\/sapuopera\\\/\",\"name\":\"S\u00e1pu\u00f3pera\",\"description\":\"Dagb\u00f3k 2003-2011\",\"potentialAction\":[{\"@type\":\"SearchAction\",\"target\":{\"@type\":\"EntryPoint\",\"urlTemplate\":\"https:\\\/\\\/www.norn.is\\\/sapuopera\\\/?s={search_term_string}\"},\"query-input\":{\"@type\":\"PropertyValueSpecification\",\"valueRequired\":true,\"valueName\":\"search_term_string\"}}],\"inLanguage\":\"is\"},{\"@type\":\"Person\",\"@id\":\"https:\\\/\\\/www.norn.is\\\/sapuopera\\\/#\\\/schema\\\/person\\\/2eb0fcae9e1ecc61987f7ed9c878531c\",\"name\":\"Eva Hauksd\u00f3ttir\",\"sameAs\":[\"http:\\\/\\\/www.norn.is\"],\"url\":\"https:\\\/\\\/www.norn.is\\\/sapuopera\\\/author\\\/eva\\\/\"}]}<\/script>\n<!-- \/ Yoast SEO plugin. -->","yoast_head_json":{"title":"Eitt erindi um afbr\u00fd\u00f0ina - S\u00e1pu\u00f3pera","robots":{"index":"index","follow":"follow","max-snippet":"max-snippet:-1","max-image-preview":"max-image-preview:large","max-video-preview":"max-video-preview:-1"},"canonical":"https:\/\/www.norn.is\/sapuopera\/2007\/11\/20\/eitt-erindi-um-afbrydina\/","og_locale":"is_IS","og_type":"article","og_title":"Eitt erindi um afbr\u00fd\u00f0ina - S\u00e1pu\u00f3pera","og_description":"-Eftir \u00e1 a\u00f0 hyggja hef\u00f0i \u00e9g kannski ekki \u00e1tt a\u00f0 segja \u00fe\u00e9r \u00feetta. -N\u00fa? -\u00c9g hef\u00f0i kannski \u00e1tt a\u00f0 reikna me\u00f0 m\u00f6guleikanum \u00e1 a\u00f0 \u00fe\u00e9r \u00fe\u00e6ttu \u00fea\u00f0 ekki me\u00f0m\u00e6li. -M\u00e9r finnst me\u00f0m\u00e6li a\u00f0 vita hvar \u00e9g hef \u00feig. -\u00deannig a\u00f0 &hellip; Halda \u00e1fram a\u00f0 lesa &rarr;","og_url":"https:\/\/www.norn.is\/sapuopera\/2007\/11\/20\/eitt-erindi-um-afbrydina\/","og_site_name":"S\u00e1pu\u00f3pera","article_published_time":"2007-11-20T12:28:01+00:00","article_modified_time":"2017-09-08T11:59:32+00:00","author":"Eva Hauksd\u00f3ttir","twitter_card":"summary_large_image","twitter_misc":{"Written by":false,"Est. reading time":"6 minutes"},"schema":{"@context":"https:\/\/schema.org","@graph":[{"@type":"Article","@id":"https:\/\/www.norn.is\/sapuopera\/2007\/11\/20\/eitt-erindi-um-afbrydina\/#article","isPartOf":{"@id":"https:\/\/www.norn.is\/sapuopera\/2007\/11\/20\/eitt-erindi-um-afbrydina\/"},"author":{"name":"Eva Hauksd\u00f3ttir","@id":"https:\/\/www.norn.is\/sapuopera\/#\/schema\/person\/2eb0fcae9e1ecc61987f7ed9c878531c"},"headline":"Eitt erindi um afbr\u00fd\u00f0ina","datePublished":"2007-11-20T12:28:01+00:00","dateModified":"2017-09-08T11:59:32+00:00","mainEntityOfPage":{"@id":"https:\/\/www.norn.is\/sapuopera\/2007\/11\/20\/eitt-erindi-um-afbrydina\/"},"wordCount":1259,"articleSection":["7. hluti Pegasus","\u00d3flokka\u00f0 (allt efni)"],"inLanguage":"is"},{"@type":"WebPage","@id":"https:\/\/www.norn.is\/sapuopera\/2007\/11\/20\/eitt-erindi-um-afbrydina\/","url":"https:\/\/www.norn.is\/sapuopera\/2007\/11\/20\/eitt-erindi-um-afbrydina\/","name":"Eitt erindi um afbr\u00fd\u00f0ina - S\u00e1pu\u00f3pera","isPartOf":{"@id":"https:\/\/www.norn.is\/sapuopera\/#website"},"datePublished":"2007-11-20T12:28:01+00:00","dateModified":"2017-09-08T11:59:32+00:00","author":{"@id":"https:\/\/www.norn.is\/sapuopera\/#\/schema\/person\/2eb0fcae9e1ecc61987f7ed9c878531c"},"breadcrumb":{"@id":"https:\/\/www.norn.is\/sapuopera\/2007\/11\/20\/eitt-erindi-um-afbrydina\/#breadcrumb"},"inLanguage":"is","potentialAction":[{"@type":"ReadAction","target":["https:\/\/www.norn.is\/sapuopera\/2007\/11\/20\/eitt-erindi-um-afbrydina\/"]}]},{"@type":"BreadcrumbList","@id":"https:\/\/www.norn.is\/sapuopera\/2007\/11\/20\/eitt-erindi-um-afbrydina\/#breadcrumb","itemListElement":[{"@type":"ListItem","position":1,"name":"Home","item":"https:\/\/www.norn.is\/sapuopera\/"},{"@type":"ListItem","position":2,"name":"Eitt erindi um afbr\u00fd\u00f0ina"}]},{"@type":"WebSite","@id":"https:\/\/www.norn.is\/sapuopera\/#website","url":"https:\/\/www.norn.is\/sapuopera\/","name":"S\u00e1pu\u00f3pera","description":"Dagb\u00f3k 2003-2011","potentialAction":[{"@type":"SearchAction","target":{"@type":"EntryPoint","urlTemplate":"https:\/\/www.norn.is\/sapuopera\/?s={search_term_string}"},"query-input":{"@type":"PropertyValueSpecification","valueRequired":true,"valueName":"search_term_string"}}],"inLanguage":"is"},{"@type":"Person","@id":"https:\/\/www.norn.is\/sapuopera\/#\/schema\/person\/2eb0fcae9e1ecc61987f7ed9c878531c","name":"Eva Hauksd\u00f3ttir","sameAs":["http:\/\/www.norn.is"],"url":"https:\/\/www.norn.is\/sapuopera\/author\/eva\/"}]}},"_links":{"self":[{"href":"https:\/\/www.norn.is\/sapuopera\/wp-json\/wp\/v2\/posts\/4858","targetHints":{"allow":["GET"]}}],"collection":[{"href":"https:\/\/www.norn.is\/sapuopera\/wp-json\/wp\/v2\/posts"}],"about":[{"href":"https:\/\/www.norn.is\/sapuopera\/wp-json\/wp\/v2\/types\/post"}],"author":[{"embeddable":true,"href":"https:\/\/www.norn.is\/sapuopera\/wp-json\/wp\/v2\/users\/2"}],"replies":[{"embeddable":true,"href":"https:\/\/www.norn.is\/sapuopera\/wp-json\/wp\/v2\/comments?post=4858"}],"version-history":[{"count":2,"href":"https:\/\/www.norn.is\/sapuopera\/wp-json\/wp\/v2\/posts\/4858\/revisions"}],"predecessor-version":[{"id":9822,"href":"https:\/\/www.norn.is\/sapuopera\/wp-json\/wp\/v2\/posts\/4858\/revisions\/9822"}],"wp:attachment":[{"href":"https:\/\/www.norn.is\/sapuopera\/wp-json\/wp\/v2\/media?parent=4858"}],"wp:term":[{"taxonomy":"category","embeddable":true,"href":"https:\/\/www.norn.is\/sapuopera\/wp-json\/wp\/v2\/categories?post=4858"},{"taxonomy":"post_tag","embeddable":true,"href":"https:\/\/www.norn.is\/sapuopera\/wp-json\/wp\/v2\/tags?post=4858"}],"curies":[{"name":"wp","href":"https:\/\/api.w.org\/{rel}","templated":true}]}}