{"id":3224,"date":"2009-01-11T11:19:55","date_gmt":"2009-01-11T11:19:55","guid":{"rendered":"http:\/\/norn.pistillinn.is\/?p=3224"},"modified":"2017-12-17T01:35:19","modified_gmt":"2017-12-17T01:35:19","slug":"kukl","status":"publish","type":"post","link":"https:\/\/www.norn.is\/sapuopera\/2009\/01\/11\/kukl\/","title":{"rendered":"Kukl"},"content":{"rendered":"<p>Leigub\u00edlsstj\u00f3rinn var\u00f0 d\u00e1l\u00edti\u00f0 kindarlegur \u00feegar vi\u00f0 nornafe\u00f0garnir stigum inn \u00ed b\u00edlinn, vopna\u00f0ar hrafnskl\u00f3 og hausk\u00fapu af rollu og b\u00e1\u00f0um hann a\u00f0 stoppa vi\u00f0 kirkjugar\u00f0inn. \u00dea\u00f0 vi\u00f0ra\u00f0i vel til galdrak\u00fansta \u00ed \u00feessari fyrstu tunglfyllingu \u00e1rsins en sj\u00e1lf hef \u00e9g takmarka\u00f0a tr\u00fa \u00e1 \u00fev\u00ed a\u00f0 kirkjugar\u00f0ar s\u00e9u \u00f6\u00f0rum st\u00f6\u00f0um magna\u00f0ri, held \u00fea\u00f0 hafi frekar veri\u00f0 ve\u00f0ri\u00f0 og j\u00e1, kannski tv\u00e6r laggir af p\u00fartv\u00edni s\u00e9 ekki eins galin hugmynd og \u00e9g hef haldi\u00f0.<!--more--><\/p>\n<p>N\u00fdtt \u00e1r, n\u00fd pl\u00f6n. \u00deetta eru g\u00f3\u00f0ir dagar. Allt \u00ed einu langar mig hvorki \u00ed karlmann n\u00e9 \u00e1rskort \u00ed leikh\u00fasi\u00f0. Mig langar ekki einu sinni \u00ed st\u00e6rri brj\u00f3st og \u00fe\u00e1 er n\u00fa eitthva\u00f0 merkilegt a\u00f0 gerast \u00ed hausnum \u00e1 m\u00e9r. Mig langar ekkert nema a\u00f0 umbylta \u00feessu vi\u00f0urstyggilega valdakerfi sem vi\u00f0 b\u00faum vi\u00f0. M\u00e9r er sama um allt \u00feetta efnislega. \u00c9g fann, \u00feegar \u00e9g var \u00ed Susyia a\u00f0 \u00e9g g\u00e6ti b\u00fai\u00f0 \u00ed helli og lifa\u00f0 \u00e1 brau\u00f0i og \u00f3l\u00edvuol\u00edu \u00e1n \u00feess a\u00f0 ver\u00f0a \u00f3hamingjus\u00f6m. \u00c9g k\u00fds \u00fea\u00f0 ekki ef \u00e9g kemst hj\u00e1 \u00fev\u00ed en \u00e9g hef ekki \u00e1hyggjur af afkomu minni. \u00c9g hef ekkert a\u00f0 missa \u00fev\u00ed \u00e9g \u00e1tti hvort sem er ekkert nema skuldir og \u00edmynda\u00f0 ver\u00f0gildi \u00edb\u00fa\u00f0ar sem sveiflast eins og dingulber \u00e1n \u00feess a\u00f0 neinn f\u00e1i vi\u00f0 \u00fea\u00f0 r\u00e1\u00f0i\u00f0. Bankahruni\u00f0 fletti ofan af \u00edmynunarheiminum sem vi\u00f0 lif\u00f0um \u00ed og \u00fer\u00e1tt fyrir d\u00e1l\u00e6ti mitt \u00e1 \u00e6vint\u00fdrum, l\u00edkar m\u00e9r raunveruleiki s\u00e1pu\u00f3perunnar betur.<\/p>\n<p>N\u00fdtt \u00e1r, n\u00fdr heimur og n\u00fa hef \u00e9g sauma\u00f0 papp\u00edrs\u00feurrku me\u00f0 hr\u00e1kaslummu vitleysings inn \u00ed galdrab\u00fa\u00f0u og magna\u00f0 undir fullu tungli, vitleysingnum til afhj\u00fapunar og athl\u00e6gis.<\/p>\n<p>Kindin, \u00fea\u00f0 er anna\u00f0 m\u00e1l en \u00ed minni fj\u00f6lskyldu hafa \u00e6rhausar \u00e6t\u00ed\u00f0 gefi\u00f0 g\u00f3\u00f0an \u00e1rangur. Sonur minn Byltingin kom t.d. Halld\u00f3ri \u00c1sgr\u00edmssyni fr\u00e1 v\u00f6ldum me\u00f0 kindarhaus og reyndist hann betur en \u00feorskhausinn sem hann magna\u00f0i gegn Geir Haarde \u00e1 s\u00ednum t\u00edma. \u00c9g var \u00fe\u00f3 ekki a\u00f0 reyna a\u00f0 koma neinum fr\u00e1 v\u00f6ldum \u00ed n\u00f3tt. \u00dea\u00f0 ger\u00f0i \u00e9g me\u00f0 vargastefnunni \u00feann 1. desember og hafi vel til tekist mun s\u00e1 galdur bera \u00e1rangur innan 7 m\u00e1na\u00f0a.<\/p>\n<p>Stemningin var m\u00f6gnu\u00f0 \u00ed n\u00f3tt. \u00dea\u00f0 er ekki oft sem \u00e9g kasta galdri vi\u00f0 annan mann en n\u00e6rvera annarrar nornar trufla\u00f0i mig s\u00ed\u00f0ur en svo. Reyndar er \u00e9g ekki fr\u00e1 \u00fev\u00ed a\u00f0 \u00e9g hafi heyrt kindina jarma eins og \u00far \u00f6\u00f0rum heimi. Kannski var \u00fea\u00f0 bara draugakind en draugar eru \u00ed hausnum \u00e1 manni og jafn raunverulegir og gr\u00f3\u00f0\u00e6ri\u00f0 og \u00fev\u00ed vafasamt a\u00f0 taka mark \u00e1 \u00feessh\u00e1ttar jarmi. En kannski var \u00fea\u00f0 kind. Raunveruleg mannkind sem l\u00e1 meinvill einhverssta\u00f0ar \u00ed myrkrinu. \u00c6tli \u00fea\u00f0 hafi veri\u00f0 r\u00edkisstj\u00f3rnin hin meinvilla sem jarma\u00f0i?<\/p>\n","protected":false},"excerpt":{"rendered":"<p>Leigub\u00edlsstj\u00f3rinn var\u00f0 d\u00e1l\u00edti\u00f0 kindarlegur \u00feegar vi\u00f0 nornafe\u00f0garnir stigum inn \u00ed b\u00edlinn, vopna\u00f0ar hrafnskl\u00f3 og hausk\u00fapu af rollu og b\u00e1\u00f0um hann a\u00f0 stoppa vi\u00f0 kirkjugar\u00f0inn. \u00dea\u00f0 vi\u00f0ra\u00f0i vel til galdrak\u00fansta \u00ed \u00feessari fyrstu tunglfyllingu \u00e1rsins en sj\u00e1lf hef \u00e9g takmarka\u00f0a tr\u00fa &hellip; <a href=\"https:\/\/www.norn.is\/sapuopera\/2009\/01\/11\/kukl\/\">Halda \u00e1fram a\u00f0 lesa <span class=\"meta-nav\">&rarr;<\/span><\/a><\/p>\n","protected":false},"author":2,"featured_media":0,"comment_status":"closed","ping_status":"closed","sticky":false,"template":"","format":"standard","meta":{"footnotes":""},"categories":[238,1],"tags":[231],"class_list":["post-3224","post","type-post","status-publish","format-standard","hentry","category-busahaldabyltingin-10-hluti","category-oflokkad-allt-efni","tag-galdur"],"yoast_head":"<!-- This site is optimized with the Yoast SEO plugin v27.4 - https:\/\/yoast.com\/product\/yoast-seo-wordpress\/ -->\n<title>Kukl - S\u00e1pu\u00f3pera<\/title>\n<meta name=\"robots\" content=\"index, follow, max-snippet:-1, max-image-preview:large, max-video-preview:-1\" \/>\n<link rel=\"canonical\" href=\"https:\/\/www.norn.is\/sapuopera\/2009\/01\/11\/kukl\/\" \/>\n<meta property=\"og:locale\" content=\"is_IS\" \/>\n<meta property=\"og:type\" content=\"article\" \/>\n<meta property=\"og:title\" content=\"Kukl - S\u00e1pu\u00f3pera\" \/>\n<meta property=\"og:description\" content=\"Leigub\u00edlsstj\u00f3rinn var\u00f0 d\u00e1l\u00edti\u00f0 kindarlegur \u00feegar vi\u00f0 nornafe\u00f0garnir stigum inn \u00ed b\u00edlinn, vopna\u00f0ar hrafnskl\u00f3 og hausk\u00fapu af rollu og b\u00e1\u00f0um hann a\u00f0 stoppa vi\u00f0 kirkjugar\u00f0inn. \u00dea\u00f0 vi\u00f0ra\u00f0i vel til galdrak\u00fansta \u00ed \u00feessari fyrstu tunglfyllingu \u00e1rsins en sj\u00e1lf hef \u00e9g takmarka\u00f0a tr\u00fa &hellip; Halda \u00e1fram a\u00f0 lesa &rarr;\" \/>\n<meta property=\"og:url\" content=\"https:\/\/www.norn.is\/sapuopera\/2009\/01\/11\/kukl\/\" \/>\n<meta property=\"og:site_name\" content=\"S\u00e1pu\u00f3pera\" \/>\n<meta property=\"article:published_time\" content=\"2009-01-11T11:19:55+00:00\" \/>\n<meta property=\"article:modified_time\" content=\"2017-12-17T01:35:19+00:00\" \/>\n<meta name=\"author\" content=\"Eva Hauksd\u00f3ttir\" \/>\n<meta name=\"twitter:card\" content=\"summary_large_image\" \/>\n<meta name=\"twitter:label1\" content=\"Written by\" \/>\n\t<meta name=\"twitter:data1\" content=\"\" \/>\n\t<meta name=\"twitter:label2\" content=\"Est. reading time\" \/>\n\t<meta name=\"twitter:data2\" content=\"2 minutes\" \/>\n<script type=\"application\/ld+json\" class=\"yoast-schema-graph\">{\"@context\":\"https:\\\/\\\/schema.org\",\"@graph\":[{\"@type\":\"Article\",\"@id\":\"https:\\\/\\\/www.norn.is\\\/sapuopera\\\/2009\\\/01\\\/11\\\/kukl\\\/#article\",\"isPartOf\":{\"@id\":\"https:\\\/\\\/www.norn.is\\\/sapuopera\\\/2009\\\/01\\\/11\\\/kukl\\\/\"},\"author\":{\"name\":\"Eva Hauksd\u00f3ttir\",\"@id\":\"https:\\\/\\\/www.norn.is\\\/sapuopera\\\/#\\\/schema\\\/person\\\/2eb0fcae9e1ecc61987f7ed9c878531c\"},\"headline\":\"Kukl\",\"datePublished\":\"2009-01-11T11:19:55+00:00\",\"dateModified\":\"2017-12-17T01:35:19+00:00\",\"mainEntityOfPage\":{\"@id\":\"https:\\\/\\\/www.norn.is\\\/sapuopera\\\/2009\\\/01\\\/11\\\/kukl\\\/\"},\"wordCount\":476,\"keywords\":[\"Galdur\"],\"articleSection\":[\"B\u00fas\u00e1haldabyltingin 10. hluti\",\"\u00d3flokka\u00f0 (allt efni)\"],\"inLanguage\":\"is\"},{\"@type\":\"WebPage\",\"@id\":\"https:\\\/\\\/www.norn.is\\\/sapuopera\\\/2009\\\/01\\\/11\\\/kukl\\\/\",\"url\":\"https:\\\/\\\/www.norn.is\\\/sapuopera\\\/2009\\\/01\\\/11\\\/kukl\\\/\",\"name\":\"Kukl - S\u00e1pu\u00f3pera\",\"isPartOf\":{\"@id\":\"https:\\\/\\\/www.norn.is\\\/sapuopera\\\/#website\"},\"datePublished\":\"2009-01-11T11:19:55+00:00\",\"dateModified\":\"2017-12-17T01:35:19+00:00\",\"author\":{\"@id\":\"https:\\\/\\\/www.norn.is\\\/sapuopera\\\/#\\\/schema\\\/person\\\/2eb0fcae9e1ecc61987f7ed9c878531c\"},\"breadcrumb\":{\"@id\":\"https:\\\/\\\/www.norn.is\\\/sapuopera\\\/2009\\\/01\\\/11\\\/kukl\\\/#breadcrumb\"},\"inLanguage\":\"is\",\"potentialAction\":[{\"@type\":\"ReadAction\",\"target\":[\"https:\\\/\\\/www.norn.is\\\/sapuopera\\\/2009\\\/01\\\/11\\\/kukl\\\/\"]}]},{\"@type\":\"BreadcrumbList\",\"@id\":\"https:\\\/\\\/www.norn.is\\\/sapuopera\\\/2009\\\/01\\\/11\\\/kukl\\\/#breadcrumb\",\"itemListElement\":[{\"@type\":\"ListItem\",\"position\":1,\"name\":\"Home\",\"item\":\"https:\\\/\\\/www.norn.is\\\/sapuopera\\\/\"},{\"@type\":\"ListItem\",\"position\":2,\"name\":\"Kukl\"}]},{\"@type\":\"WebSite\",\"@id\":\"https:\\\/\\\/www.norn.is\\\/sapuopera\\\/#website\",\"url\":\"https:\\\/\\\/www.norn.is\\\/sapuopera\\\/\",\"name\":\"S\u00e1pu\u00f3pera\",\"description\":\"Dagb\u00f3k 2003-2011\",\"potentialAction\":[{\"@type\":\"SearchAction\",\"target\":{\"@type\":\"EntryPoint\",\"urlTemplate\":\"https:\\\/\\\/www.norn.is\\\/sapuopera\\\/?s={search_term_string}\"},\"query-input\":{\"@type\":\"PropertyValueSpecification\",\"valueRequired\":true,\"valueName\":\"search_term_string\"}}],\"inLanguage\":\"is\"},{\"@type\":\"Person\",\"@id\":\"https:\\\/\\\/www.norn.is\\\/sapuopera\\\/#\\\/schema\\\/person\\\/2eb0fcae9e1ecc61987f7ed9c878531c\",\"name\":\"Eva Hauksd\u00f3ttir\",\"sameAs\":[\"http:\\\/\\\/www.norn.is\"],\"url\":\"https:\\\/\\\/www.norn.is\\\/sapuopera\\\/author\\\/eva\\\/\"}]}<\/script>\n<!-- \/ Yoast SEO plugin. -->","yoast_head_json":{"title":"Kukl - S\u00e1pu\u00f3pera","robots":{"index":"index","follow":"follow","max-snippet":"max-snippet:-1","max-image-preview":"max-image-preview:large","max-video-preview":"max-video-preview:-1"},"canonical":"https:\/\/www.norn.is\/sapuopera\/2009\/01\/11\/kukl\/","og_locale":"is_IS","og_type":"article","og_title":"Kukl - S\u00e1pu\u00f3pera","og_description":"Leigub\u00edlsstj\u00f3rinn var\u00f0 d\u00e1l\u00edti\u00f0 kindarlegur \u00feegar vi\u00f0 nornafe\u00f0garnir stigum inn \u00ed b\u00edlinn, vopna\u00f0ar hrafnskl\u00f3 og hausk\u00fapu af rollu og b\u00e1\u00f0um hann a\u00f0 stoppa vi\u00f0 kirkjugar\u00f0inn. \u00dea\u00f0 vi\u00f0ra\u00f0i vel til galdrak\u00fansta \u00ed \u00feessari fyrstu tunglfyllingu \u00e1rsins en sj\u00e1lf hef \u00e9g takmarka\u00f0a tr\u00fa &hellip; Halda \u00e1fram a\u00f0 lesa &rarr;","og_url":"https:\/\/www.norn.is\/sapuopera\/2009\/01\/11\/kukl\/","og_site_name":"S\u00e1pu\u00f3pera","article_published_time":"2009-01-11T11:19:55+00:00","article_modified_time":"2017-12-17T01:35:19+00:00","author":"Eva Hauksd\u00f3ttir","twitter_card":"summary_large_image","twitter_misc":{"Written by":false,"Est. reading time":"2 minutes"},"schema":{"@context":"https:\/\/schema.org","@graph":[{"@type":"Article","@id":"https:\/\/www.norn.is\/sapuopera\/2009\/01\/11\/kukl\/#article","isPartOf":{"@id":"https:\/\/www.norn.is\/sapuopera\/2009\/01\/11\/kukl\/"},"author":{"name":"Eva Hauksd\u00f3ttir","@id":"https:\/\/www.norn.is\/sapuopera\/#\/schema\/person\/2eb0fcae9e1ecc61987f7ed9c878531c"},"headline":"Kukl","datePublished":"2009-01-11T11:19:55+00:00","dateModified":"2017-12-17T01:35:19+00:00","mainEntityOfPage":{"@id":"https:\/\/www.norn.is\/sapuopera\/2009\/01\/11\/kukl\/"},"wordCount":476,"keywords":["Galdur"],"articleSection":["B\u00fas\u00e1haldabyltingin 10. hluti","\u00d3flokka\u00f0 (allt efni)"],"inLanguage":"is"},{"@type":"WebPage","@id":"https:\/\/www.norn.is\/sapuopera\/2009\/01\/11\/kukl\/","url":"https:\/\/www.norn.is\/sapuopera\/2009\/01\/11\/kukl\/","name":"Kukl - S\u00e1pu\u00f3pera","isPartOf":{"@id":"https:\/\/www.norn.is\/sapuopera\/#website"},"datePublished":"2009-01-11T11:19:55+00:00","dateModified":"2017-12-17T01:35:19+00:00","author":{"@id":"https:\/\/www.norn.is\/sapuopera\/#\/schema\/person\/2eb0fcae9e1ecc61987f7ed9c878531c"},"breadcrumb":{"@id":"https:\/\/www.norn.is\/sapuopera\/2009\/01\/11\/kukl\/#breadcrumb"},"inLanguage":"is","potentialAction":[{"@type":"ReadAction","target":["https:\/\/www.norn.is\/sapuopera\/2009\/01\/11\/kukl\/"]}]},{"@type":"BreadcrumbList","@id":"https:\/\/www.norn.is\/sapuopera\/2009\/01\/11\/kukl\/#breadcrumb","itemListElement":[{"@type":"ListItem","position":1,"name":"Home","item":"https:\/\/www.norn.is\/sapuopera\/"},{"@type":"ListItem","position":2,"name":"Kukl"}]},{"@type":"WebSite","@id":"https:\/\/www.norn.is\/sapuopera\/#website","url":"https:\/\/www.norn.is\/sapuopera\/","name":"S\u00e1pu\u00f3pera","description":"Dagb\u00f3k 2003-2011","potentialAction":[{"@type":"SearchAction","target":{"@type":"EntryPoint","urlTemplate":"https:\/\/www.norn.is\/sapuopera\/?s={search_term_string}"},"query-input":{"@type":"PropertyValueSpecification","valueRequired":true,"valueName":"search_term_string"}}],"inLanguage":"is"},{"@type":"Person","@id":"https:\/\/www.norn.is\/sapuopera\/#\/schema\/person\/2eb0fcae9e1ecc61987f7ed9c878531c","name":"Eva Hauksd\u00f3ttir","sameAs":["http:\/\/www.norn.is"],"url":"https:\/\/www.norn.is\/sapuopera\/author\/eva\/"}]}},"_links":{"self":[{"href":"https:\/\/www.norn.is\/sapuopera\/wp-json\/wp\/v2\/posts\/3224","targetHints":{"allow":["GET"]}}],"collection":[{"href":"https:\/\/www.norn.is\/sapuopera\/wp-json\/wp\/v2\/posts"}],"about":[{"href":"https:\/\/www.norn.is\/sapuopera\/wp-json\/wp\/v2\/types\/post"}],"author":[{"embeddable":true,"href":"https:\/\/www.norn.is\/sapuopera\/wp-json\/wp\/v2\/users\/2"}],"replies":[{"embeddable":true,"href":"https:\/\/www.norn.is\/sapuopera\/wp-json\/wp\/v2\/comments?post=3224"}],"version-history":[{"count":4,"href":"https:\/\/www.norn.is\/sapuopera\/wp-json\/wp\/v2\/posts\/3224\/revisions"}],"predecessor-version":[{"id":10330,"href":"https:\/\/www.norn.is\/sapuopera\/wp-json\/wp\/v2\/posts\/3224\/revisions\/10330"}],"wp:attachment":[{"href":"https:\/\/www.norn.is\/sapuopera\/wp-json\/wp\/v2\/media?parent=3224"}],"wp:term":[{"taxonomy":"category","embeddable":true,"href":"https:\/\/www.norn.is\/sapuopera\/wp-json\/wp\/v2\/categories?post=3224"},{"taxonomy":"post_tag","embeddable":true,"href":"https:\/\/www.norn.is\/sapuopera\/wp-json\/wp\/v2\/tags?post=3224"}],"curies":[{"name":"wp","href":"https:\/\/api.w.org\/{rel}","templated":true}]}}