{"id":3086,"date":"2009-02-23T14:28:07","date_gmt":"2009-02-23T14:28:07","guid":{"rendered":"http:\/\/norn.pistillinn.is\/?p=3086"},"modified":"2017-12-17T01:05:12","modified_gmt":"2017-12-17T01:05:12","slug":"spegill","status":"publish","type":"post","link":"https:\/\/www.norn.is\/sapuopera\/2009\/02\/23\/spegill\/","title":{"rendered":"Spegill"},"content":{"rendered":"<p>El\u00edas:\u00a0<em>\u00c9g held a\u00f0 \u00e9g viti hva\u00f0 triggerar \u00feetta karlhatur \u00ed \u00fe\u00e9r.<\/em><\/p>\n<p>Eva: N\u00fa?<\/p>\n<p>El\u00edas:\u00a0<em>\u00c9g \u00feekki \u00feig sennilega betur en nokkur annar og \u00e9g s\u00e9 mynstur. Held \u00e9g.<\/em><\/p>\n<p>Eva: J\u00e6ja, og \u00e6tlar\u00f0u a\u00f0 segja m\u00e9r?<\/p>\n<p>El\u00edas:<em>\u00a0Kannski. Ef \u00fe\u00fa ver\u00f0ur ekki \u00f6rg yfir \u00fev\u00ed a\u00f0 \u00e9g s\u00e9 a\u00f0 s\u00e1lgreina \u00feig.<\/em><!--more--><\/p>\n<p>Eva: \u00c9g ver\u00f0 n\u00e1tt\u00farulega pirru\u00f0 ef \u00fe\u00fa bullar. J\u00e1 og ok, \u00e9g ver\u00f0 sennilega l\u00edka pirru\u00f0 ef kemur \u00ed lj\u00f3s a\u00f0 \u00fe\u00fa veist eitthva\u00f0 um mig sem \u00e9g vissi ekki sj\u00e1lf, en \u00e9g skal ekki l\u00e1ta \u00fea\u00f0 bitna \u00e1 \u00fe\u00e9r.<\/p>\n<p>El\u00edas:\u00a0<em>Sko, \u00e9g held a\u00f0 \u00fe\u00fa ver\u00f0ir svona rei\u00f0 yfir tilvist okkar, af \u00fev\u00ed a\u00f0 \u00fe\u00fa hefur aldrei tekist \u00e1 vi\u00f0 \u00e1kve\u00f0nar tilfinningar. \u00de\u00e6r mara innra me\u00f0 \u00fe\u00e9r og \u00feegar eitthva\u00f0 ver\u00f0ur til \u00feess a\u00f0 vekja \u00fe\u00e6r upp, \u00fe\u00e1 \u00fer\u00edfur \u00fe\u00fa sver\u00f0i\u00f0 og \u00e6tlar a\u00f0 h\u00f6ggva \u00fe\u00e6r \u00ed her\u00f0ar ni\u00f0ur. En \u00fea\u00f0 tekst ekki \u00fev\u00ed sver\u00f0i\u00f0 er bitlaust. \u00de\u00fa ert bara a\u00f0 reyna a\u00f0 berja \u00fe\u00e6r \u00ed hel me\u00f0 j\u00e1rnst\u00f6ng og fyrr e\u00f0a s\u00ed\u00f0ar ranka \u00fe\u00e6r \u00far rotinu og byrja a\u00f0 angra \u00feig aftur.<\/em><\/p>\n<p>Eva: Me\u00f0 fullri vir\u00f0ingu, \u00fe\u00e1 er \u00feetta n\u00fa bara of bj\u00e1nleg kenning til a\u00f0 taki \u00fev\u00ed a\u00f0 ergja sig \u00e1 henni. M\u00e9r gengur almennt frekar vel a\u00f0 takast \u00e1 vi\u00f0 tilfinningar ef eitthva\u00f0 er.<\/p>\n<p>El\u00edas:<em>\u00a0Sumar tilfinningar j\u00e1. \u00d3tta, pott\u00fe\u00e9tt og rei\u00f0i, afbr\u00fd\u00f0isemi, kv\u00ed\u00f0a, \u00f6rugglega fullt af tilfinningum sem \u00e9g kann ekki einu sinni a\u00f0 nefna. \u00de\u00fa tekst m.a.s. reglulega \u00e1 vi\u00f0 \u00feessa and\u00fa\u00f0 \u00fe\u00edna \u00e1 karlkyninu en \u00fe\u00fa ert ekki a\u00f0 gl\u00edma vi\u00f0 r\u00f3tina og \u00feessvegna blossar \u00feetta alltaf upp aftur. Eins og \u00e9g s\u00e9 \u00fea\u00f0, \u00fe\u00e1 tekstu alveg \u00e1 vi\u00f0 tilfinningar sem er h\u00e6gt a\u00f0 r\u00f6kr\u00e6\u00f0a vi\u00f0. \u00d3tta, rei\u00f0i, allt sem \u00e1 s\u00e9r r\u00f6kr\u00e9ttar sk\u00fdringar. \u00de\u00fa getur t.d. lagt kalt mat \u00e1 \u00fea\u00f0 hversu mikil \u00e1st\u00e6\u00f0a s\u00e9 til a\u00f0 hr\u00e6\u00f0ast eitthva\u00f0 og \u00e1kve\u00f0i\u00f0 hvernig \u00fe\u00fa \u00e6tlar a\u00f0 breg\u00f0ast vi\u00f0. En \u00feegar \u00fe\u00fa stendur frammi fyrir tilfinningum sem str\u00ed\u00f0a gegn skynsemi \u00feinni, \u00fe\u00e1 ertu bara lost.<\/em><\/p>\n<p>Eva: \u00deetta hlj\u00f3mar vo\u00f0a g\u00e1fulega en vandam\u00e1li\u00f0 er bara a\u00f0 karlfyrirlitning str\u00ed\u00f0ir einmitt ekki gegn skynsemi minni. \u00d3tti gerir \u00fea\u00f0, af \u00fev\u00ed a\u00f0 venjulega er \u00fea\u00f0 versta sem getur gerst, alls ekki svo hr\u00e6\u00f0ilegt. Rei\u00f0i er vi\u00f0brag\u00f0 vi\u00f0 s\u00e6r\u00f0ri r\u00e9ttl\u00e6tiskennd og ma\u00f0ur kemst yfir hana \u00feegar ma\u00f0ur vi\u00f0urkennir a\u00f0 r\u00e9ttl\u00e6ti er \u00f3raunh\u00e6f krafa. En \u00e9g f\u00e6 allar m\u00ednar neikv\u00e6\u00f0u hugmyndir um karlmenn sta\u00f0festar reglulega og m\u00e9r finnst \u00fea\u00f0 sl\u00e6mt en ekki \u00f3r\u00f6kr\u00e9tt.<\/p>\n<p>El\u00edas:<em>\u00a0Kveikjan a\u00f0 \u00feessari tilfinningu hl\u00fd\u00f0ir ekki r\u00f6kum. \u00d3tti er r\u00f6kr\u00e9ttur af \u00fev\u00ed a\u00f0 \u00fe\u00fa veist a\u00f0 eitthva\u00f0 sl\u00e6mt getur gerst. Hann hverfur \u00feegar \u00fe\u00fa ert b\u00fain a\u00f0 \u00e1kve\u00f0a hvernig \u00fe\u00fa \u00e6tlir a\u00f0 koma \u00ed veg fyrir \u00fea\u00f0. Og rei\u00f0in \u00ed \u00fe\u00e9r hverfur heldur ekkert fyrr en \u00fe\u00fa ert b\u00fain a\u00f0 finna lei\u00f0 til a\u00f0 n\u00e1 fram allavega einhverju sm\u00e1vegis r\u00e9ttl\u00e6ti. En \u00fe\u00fa tekst ekki \u00e1 vi\u00f0 \u00fea\u00f0 sem \u00fe\u00e9r finnst \u00f3r\u00f6kr\u00e9tt. Ef \u00fe\u00fa ver\u00f0ur \u00e1stfangin og s\u00e9r\u00f0 ekki skynsemi \u00ed \u00fev\u00ed, \u00fe\u00e1 bara \u00fevingar\u00f0u sj\u00e1lfa \u00feig a\u00f0 hugsa um einhvern annan. Karamellu hva\u00f0 Eva? Er \u00feessi me\u00f0 karamellurnar prakt\u00edskari kostur? \u00c1 hann b\u00f6rn og reykir ekki e\u00f0a eitthva\u00f0 svolei\u00f0is? \u00de\u00fa leyfir \u00fe\u00e9r ekki a\u00f0 elska neinn nema \u00fea\u00f0 s\u00e9 r\u00f6kr\u00e9tt. Og ef \u00fe\u00fa ver\u00f0ur fyrir sorg, \u00fe\u00e1 fer\u00f0u ekki \u00ed gegnum hana, heldur segir sj\u00e1lfri \u00fe\u00e9r a\u00f0 \u00fe\u00fa hafir enga r\u00f6kr\u00e9tta \u00e1st\u00e6\u00f0u til a\u00f0 syrgja og heldur \u00fe\u00e9r svo upptekinni vi\u00f0 eitthva\u00f0 anna\u00f0 \u00ed nokkrar vikur. En s\u00e1rsaukinn er \u00fearna enn og \u00feegar hann vaknar, \u00feegar \u00fe\u00fa finnur \u00feessa \u00f3sk\u00f6p e\u00f0lilegu \u00fe\u00f6rf fyrir \u00e1st, \u00fe\u00e1 reynir\u00f0u a\u00f0 \u00fdta henni fr\u00e1 \u00fe\u00e9r me\u00f0 \u00fev\u00ed a\u00f0 finna r\u00f6kr\u00e9tta \u00e1st\u00e6\u00f0u til a\u00f0 vilja hana ekki. Og \u00fear sem karlmenn eru \u00f3fullkomnir og \u00e1 allan h\u00e1tt \u00f3r\u00f6kr\u00e9tt a\u00f0 vilja neitt me\u00f0 okkur hafa, \u00fe\u00e1 sekkur\u00f0u \u00fe\u00e9r \u00ed hr\u00f3kasamr\u00e6\u00f0ur vi\u00f0 sj\u00e1lfa \u00feig um \u00fea\u00f0 hversu heimskulegt \u00fea\u00f0 s\u00e9 a\u00f0 \u00fer\u00e1 okkur samt.\u00a0<\/em><\/p>\n<p>Eva: \u00de\u00fa ert n\u00fa a\u00f0 gera heldur miki\u00f0 \u00far \u00feessu skoti. Mig langar bara a\u00f0 sofa hj\u00e1 honum. E\u00f0a einhverjum. Held a\u00f0 \u00fea\u00f0 s\u00e9 ekkert \u00feessvegna sem m\u00e9r finnst karlma\u00f0urinn sem konsept frekar misheppna\u00f0 fyrirb\u00e6ri og ef \u00fat \u00ed \u00fea\u00f0 er fari\u00f0 \u00fe\u00e1 langa\u00f0i mig l\u00edka a\u00f0 sofa hj\u00e1 einhverjum \u00ed desember en \u00e9g ver ekkert a\u00f0 velta m\u00e9r upp \u00far \u00f3heilbrig\u00f0um vi\u00f0horfum \u00fe\u00e1. Og \u00e9g hef enga \u00f3uppger\u00f0a sorg \u00e1 bakinu heldur.<\/p>\n<p>El\u00edas:\u00a0<em>Eva, \u00fe\u00fa afgreiddir flugmanninn \u00e1 tveimur d\u00f6gum. \u00dea\u00f0 sem meira er, \u00fe\u00fa varst rosalega s\u00e1tt vi\u00f0 hann af \u00fev\u00ed a\u00f0 hann gaf \u00fe\u00e9r r\u00f6kr\u00e9tta sk\u00fdringu.\u00a0<strong>R\u00f6kr\u00e9tta<\/strong>, p\u00e6ldu \u00ed \u00fev\u00ed! \u00de\u00fa reyndir a\u00f0 r\u00f6kr\u00e6\u00f0a \u00feig fr\u00e1 \u00e1starsorg!<\/em><\/p>\n<p>Eva: Uhh&#8230; \u00dea\u00f0 t\u00f3kst!<\/p>\n<p>El\u00edas: J\u00e1, t\u00f3kst \u00fea\u00f0 virkilega?<\/p>\n<p>Og \u00fe\u00e1 leit \u00e9g \u00e1 klukkuna og s\u00e1 a\u00f0 \u00e9g \u00feurfti a\u00f0 fara a\u00f0 koma m\u00e9r \u00e1 f\u00e6tur.<\/p>\n<div><\/div>\n","protected":false},"excerpt":{"rendered":"<p>El\u00edas:\u00a0\u00c9g held a\u00f0 \u00e9g viti hva\u00f0 triggerar \u00feetta karlhatur \u00ed \u00fe\u00e9r. Eva: N\u00fa? El\u00edas:\u00a0\u00c9g \u00feekki \u00feig sennilega betur en nokkur annar og \u00e9g s\u00e9 mynstur. Held \u00e9g. Eva: J\u00e6ja, og \u00e6tlar\u00f0u a\u00f0 segja m\u00e9r? El\u00edas:\u00a0Kannski. Ef \u00fe\u00fa ver\u00f0ur ekki \u00f6rg &hellip; <a href=\"https:\/\/www.norn.is\/sapuopera\/2009\/02\/23\/spegill\/\">Halda \u00e1fram a\u00f0 lesa <span class=\"meta-nav\">&rarr;<\/span><\/a><\/p>\n","protected":false},"author":2,"featured_media":0,"comment_status":"closed","ping_status":"closed","sticky":false,"template":"","format":"standard","meta":{"footnotes":""},"categories":[238,1],"tags":[83],"class_list":["post-3086","post","type-post","status-publish","format-standard","hentry","category-busahaldabyltingin-10-hluti","category-oflokkad-allt-efni","tag-elias"],"yoast_head":"<!-- This site is optimized with the Yoast SEO plugin v27.4 - https:\/\/yoast.com\/product\/yoast-seo-wordpress\/ -->\n<title>Spegill - S\u00e1pu\u00f3pera<\/title>\n<meta name=\"robots\" content=\"index, follow, max-snippet:-1, max-image-preview:large, max-video-preview:-1\" \/>\n<link rel=\"canonical\" href=\"https:\/\/www.norn.is\/sapuopera\/2009\/02\/23\/spegill\/\" \/>\n<meta property=\"og:locale\" content=\"is_IS\" \/>\n<meta property=\"og:type\" content=\"article\" \/>\n<meta property=\"og:title\" content=\"Spegill - S\u00e1pu\u00f3pera\" \/>\n<meta property=\"og:description\" content=\"El\u00edas:\u00a0\u00c9g held a\u00f0 \u00e9g viti hva\u00f0 triggerar \u00feetta karlhatur \u00ed \u00fe\u00e9r. Eva: N\u00fa? El\u00edas:\u00a0\u00c9g \u00feekki \u00feig sennilega betur en nokkur annar og \u00e9g s\u00e9 mynstur. Held \u00e9g. Eva: J\u00e6ja, og \u00e6tlar\u00f0u a\u00f0 segja m\u00e9r? El\u00edas:\u00a0Kannski. Ef \u00fe\u00fa ver\u00f0ur ekki \u00f6rg &hellip; Halda \u00e1fram a\u00f0 lesa &rarr;\" \/>\n<meta property=\"og:url\" content=\"https:\/\/www.norn.is\/sapuopera\/2009\/02\/23\/spegill\/\" \/>\n<meta property=\"og:site_name\" content=\"S\u00e1pu\u00f3pera\" \/>\n<meta property=\"article:published_time\" content=\"2009-02-23T14:28:07+00:00\" \/>\n<meta property=\"article:modified_time\" content=\"2017-12-17T01:05:12+00:00\" \/>\n<meta name=\"author\" content=\"Eva Hauksd\u00f3ttir\" \/>\n<meta name=\"twitter:card\" content=\"summary_large_image\" \/>\n<meta name=\"twitter:label1\" content=\"Written by\" \/>\n\t<meta name=\"twitter:data1\" content=\"\" \/>\n\t<meta name=\"twitter:label2\" content=\"Est. reading time\" \/>\n\t<meta name=\"twitter:data2\" content=\"4 minutes\" \/>\n<script type=\"application\/ld+json\" class=\"yoast-schema-graph\">{\"@context\":\"https:\\\/\\\/schema.org\",\"@graph\":[{\"@type\":\"Article\",\"@id\":\"https:\\\/\\\/www.norn.is\\\/sapuopera\\\/2009\\\/02\\\/23\\\/spegill\\\/#article\",\"isPartOf\":{\"@id\":\"https:\\\/\\\/www.norn.is\\\/sapuopera\\\/2009\\\/02\\\/23\\\/spegill\\\/\"},\"author\":{\"name\":\"Eva Hauksd\u00f3ttir\",\"@id\":\"https:\\\/\\\/www.norn.is\\\/sapuopera\\\/#\\\/schema\\\/person\\\/2eb0fcae9e1ecc61987f7ed9c878531c\"},\"headline\":\"Spegill\",\"datePublished\":\"2009-02-23T14:28:07+00:00\",\"dateModified\":\"2017-12-17T01:05:12+00:00\",\"mainEntityOfPage\":{\"@id\":\"https:\\\/\\\/www.norn.is\\\/sapuopera\\\/2009\\\/02\\\/23\\\/spegill\\\/\"},\"wordCount\":844,\"keywords\":[\"El\u00edas\"],\"articleSection\":[\"B\u00fas\u00e1haldabyltingin 10. hluti\",\"\u00d3flokka\u00f0 (allt efni)\"],\"inLanguage\":\"is\"},{\"@type\":\"WebPage\",\"@id\":\"https:\\\/\\\/www.norn.is\\\/sapuopera\\\/2009\\\/02\\\/23\\\/spegill\\\/\",\"url\":\"https:\\\/\\\/www.norn.is\\\/sapuopera\\\/2009\\\/02\\\/23\\\/spegill\\\/\",\"name\":\"Spegill - S\u00e1pu\u00f3pera\",\"isPartOf\":{\"@id\":\"https:\\\/\\\/www.norn.is\\\/sapuopera\\\/#website\"},\"datePublished\":\"2009-02-23T14:28:07+00:00\",\"dateModified\":\"2017-12-17T01:05:12+00:00\",\"author\":{\"@id\":\"https:\\\/\\\/www.norn.is\\\/sapuopera\\\/#\\\/schema\\\/person\\\/2eb0fcae9e1ecc61987f7ed9c878531c\"},\"breadcrumb\":{\"@id\":\"https:\\\/\\\/www.norn.is\\\/sapuopera\\\/2009\\\/02\\\/23\\\/spegill\\\/#breadcrumb\"},\"inLanguage\":\"is\",\"potentialAction\":[{\"@type\":\"ReadAction\",\"target\":[\"https:\\\/\\\/www.norn.is\\\/sapuopera\\\/2009\\\/02\\\/23\\\/spegill\\\/\"]}]},{\"@type\":\"BreadcrumbList\",\"@id\":\"https:\\\/\\\/www.norn.is\\\/sapuopera\\\/2009\\\/02\\\/23\\\/spegill\\\/#breadcrumb\",\"itemListElement\":[{\"@type\":\"ListItem\",\"position\":1,\"name\":\"Home\",\"item\":\"https:\\\/\\\/www.norn.is\\\/sapuopera\\\/\"},{\"@type\":\"ListItem\",\"position\":2,\"name\":\"Spegill\"}]},{\"@type\":\"WebSite\",\"@id\":\"https:\\\/\\\/www.norn.is\\\/sapuopera\\\/#website\",\"url\":\"https:\\\/\\\/www.norn.is\\\/sapuopera\\\/\",\"name\":\"S\u00e1pu\u00f3pera\",\"description\":\"Dagb\u00f3k 2003-2011\",\"potentialAction\":[{\"@type\":\"SearchAction\",\"target\":{\"@type\":\"EntryPoint\",\"urlTemplate\":\"https:\\\/\\\/www.norn.is\\\/sapuopera\\\/?s={search_term_string}\"},\"query-input\":{\"@type\":\"PropertyValueSpecification\",\"valueRequired\":true,\"valueName\":\"search_term_string\"}}],\"inLanguage\":\"is\"},{\"@type\":\"Person\",\"@id\":\"https:\\\/\\\/www.norn.is\\\/sapuopera\\\/#\\\/schema\\\/person\\\/2eb0fcae9e1ecc61987f7ed9c878531c\",\"name\":\"Eva Hauksd\u00f3ttir\",\"sameAs\":[\"http:\\\/\\\/www.norn.is\"],\"url\":\"https:\\\/\\\/www.norn.is\\\/sapuopera\\\/author\\\/eva\\\/\"}]}<\/script>\n<!-- \/ Yoast SEO plugin. -->","yoast_head_json":{"title":"Spegill - S\u00e1pu\u00f3pera","robots":{"index":"index","follow":"follow","max-snippet":"max-snippet:-1","max-image-preview":"max-image-preview:large","max-video-preview":"max-video-preview:-1"},"canonical":"https:\/\/www.norn.is\/sapuopera\/2009\/02\/23\/spegill\/","og_locale":"is_IS","og_type":"article","og_title":"Spegill - S\u00e1pu\u00f3pera","og_description":"El\u00edas:\u00a0\u00c9g held a\u00f0 \u00e9g viti hva\u00f0 triggerar \u00feetta karlhatur \u00ed \u00fe\u00e9r. Eva: N\u00fa? El\u00edas:\u00a0\u00c9g \u00feekki \u00feig sennilega betur en nokkur annar og \u00e9g s\u00e9 mynstur. Held \u00e9g. Eva: J\u00e6ja, og \u00e6tlar\u00f0u a\u00f0 segja m\u00e9r? El\u00edas:\u00a0Kannski. Ef \u00fe\u00fa ver\u00f0ur ekki \u00f6rg &hellip; Halda \u00e1fram a\u00f0 lesa &rarr;","og_url":"https:\/\/www.norn.is\/sapuopera\/2009\/02\/23\/spegill\/","og_site_name":"S\u00e1pu\u00f3pera","article_published_time":"2009-02-23T14:28:07+00:00","article_modified_time":"2017-12-17T01:05:12+00:00","author":"Eva Hauksd\u00f3ttir","twitter_card":"summary_large_image","twitter_misc":{"Written by":false,"Est. reading time":"4 minutes"},"schema":{"@context":"https:\/\/schema.org","@graph":[{"@type":"Article","@id":"https:\/\/www.norn.is\/sapuopera\/2009\/02\/23\/spegill\/#article","isPartOf":{"@id":"https:\/\/www.norn.is\/sapuopera\/2009\/02\/23\/spegill\/"},"author":{"name":"Eva Hauksd\u00f3ttir","@id":"https:\/\/www.norn.is\/sapuopera\/#\/schema\/person\/2eb0fcae9e1ecc61987f7ed9c878531c"},"headline":"Spegill","datePublished":"2009-02-23T14:28:07+00:00","dateModified":"2017-12-17T01:05:12+00:00","mainEntityOfPage":{"@id":"https:\/\/www.norn.is\/sapuopera\/2009\/02\/23\/spegill\/"},"wordCount":844,"keywords":["El\u00edas"],"articleSection":["B\u00fas\u00e1haldabyltingin 10. hluti","\u00d3flokka\u00f0 (allt efni)"],"inLanguage":"is"},{"@type":"WebPage","@id":"https:\/\/www.norn.is\/sapuopera\/2009\/02\/23\/spegill\/","url":"https:\/\/www.norn.is\/sapuopera\/2009\/02\/23\/spegill\/","name":"Spegill - S\u00e1pu\u00f3pera","isPartOf":{"@id":"https:\/\/www.norn.is\/sapuopera\/#website"},"datePublished":"2009-02-23T14:28:07+00:00","dateModified":"2017-12-17T01:05:12+00:00","author":{"@id":"https:\/\/www.norn.is\/sapuopera\/#\/schema\/person\/2eb0fcae9e1ecc61987f7ed9c878531c"},"breadcrumb":{"@id":"https:\/\/www.norn.is\/sapuopera\/2009\/02\/23\/spegill\/#breadcrumb"},"inLanguage":"is","potentialAction":[{"@type":"ReadAction","target":["https:\/\/www.norn.is\/sapuopera\/2009\/02\/23\/spegill\/"]}]},{"@type":"BreadcrumbList","@id":"https:\/\/www.norn.is\/sapuopera\/2009\/02\/23\/spegill\/#breadcrumb","itemListElement":[{"@type":"ListItem","position":1,"name":"Home","item":"https:\/\/www.norn.is\/sapuopera\/"},{"@type":"ListItem","position":2,"name":"Spegill"}]},{"@type":"WebSite","@id":"https:\/\/www.norn.is\/sapuopera\/#website","url":"https:\/\/www.norn.is\/sapuopera\/","name":"S\u00e1pu\u00f3pera","description":"Dagb\u00f3k 2003-2011","potentialAction":[{"@type":"SearchAction","target":{"@type":"EntryPoint","urlTemplate":"https:\/\/www.norn.is\/sapuopera\/?s={search_term_string}"},"query-input":{"@type":"PropertyValueSpecification","valueRequired":true,"valueName":"search_term_string"}}],"inLanguage":"is"},{"@type":"Person","@id":"https:\/\/www.norn.is\/sapuopera\/#\/schema\/person\/2eb0fcae9e1ecc61987f7ed9c878531c","name":"Eva Hauksd\u00f3ttir","sameAs":["http:\/\/www.norn.is"],"url":"https:\/\/www.norn.is\/sapuopera\/author\/eva\/"}]}},"_links":{"self":[{"href":"https:\/\/www.norn.is\/sapuopera\/wp-json\/wp\/v2\/posts\/3086","targetHints":{"allow":["GET"]}}],"collection":[{"href":"https:\/\/www.norn.is\/sapuopera\/wp-json\/wp\/v2\/posts"}],"about":[{"href":"https:\/\/www.norn.is\/sapuopera\/wp-json\/wp\/v2\/types\/post"}],"author":[{"embeddable":true,"href":"https:\/\/www.norn.is\/sapuopera\/wp-json\/wp\/v2\/users\/2"}],"replies":[{"embeddable":true,"href":"https:\/\/www.norn.is\/sapuopera\/wp-json\/wp\/v2\/comments?post=3086"}],"version-history":[{"count":2,"href":"https:\/\/www.norn.is\/sapuopera\/wp-json\/wp\/v2\/posts\/3086\/revisions"}],"predecessor-version":[{"id":11015,"href":"https:\/\/www.norn.is\/sapuopera\/wp-json\/wp\/v2\/posts\/3086\/revisions\/11015"}],"wp:attachment":[{"href":"https:\/\/www.norn.is\/sapuopera\/wp-json\/wp\/v2\/media?parent=3086"}],"wp:term":[{"taxonomy":"category","embeddable":true,"href":"https:\/\/www.norn.is\/sapuopera\/wp-json\/wp\/v2\/categories?post=3086"},{"taxonomy":"post_tag","embeddable":true,"href":"https:\/\/www.norn.is\/sapuopera\/wp-json\/wp\/v2\/tags?post=3086"}],"curies":[{"name":"wp","href":"https:\/\/api.w.org\/{rel}","templated":true}]}}