{"id":13272,"date":"2011-08-06T09:29:41","date_gmt":"2011-08-06T09:29:41","guid":{"rendered":"http:\/\/www.norn.is\/sapuopera\/?p=13272"},"modified":"2018-02-02T21:15:22","modified_gmt":"2018-02-02T21:15:22","slug":"i-rumi-malarans","status":"publish","type":"post","link":"https:\/\/www.norn.is\/sapuopera\/2011\/08\/06\/i-rumi-malarans\/","title":{"rendered":"\u00cd r\u00fami M\u00e1larans"},"content":{"rendered":"<p>Ligg \u00ed r\u00fami M\u00e1larans. \u00cd n\u00e1ttf\u00f6tum. \u00c1\u00f0ur fyrr var \u00e9g v\u00f6n a\u00f0 liggja \u00e1 g\u00f3lfinu, nakin.<\/p>\n<p>Undarlegt a\u00f0 liggja \u00ed r\u00fami manns sem \u00feekkir l\u00edkama minn betur en nokkur annar og hefur \u00fe\u00f3 aldrei snert mig nakta nema me\u00f0 pensli e\u00f0a m\u00e1lningarsvampi. Hann geymir myndirnar sem hann t\u00f3k \u00feegar hann haf\u00f0i m\u00e1la\u00f0 mig og \u00e9g velti \u00fev\u00ed fyrir m\u00e9r hvort hann horfi fremur \u00e1 l\u00edkama minn e\u00f0a myndirnar sem hann m\u00e1la\u00f0i \u00e1 hann \u00feegar hann flettir \u00ed gegnum alb\u00fami\u00f0. Vil ekki spyrja \u00fev\u00ed m\u00e9r kemur \u00fea\u00f0 ekki vi\u00f0.<!--more--><\/p>\n<p>&#8222;Au\u00f0vita\u00f0 er \u00fea\u00f0 einhverskonar bl\u00e6ti&#8220; sag\u00f0i hann \u00feegar \u00e9g kom til hans fyrst en hann snerti mig ekki, leit mig ekki lostafullu augnar\u00e1\u00f0i, ger\u00f0i yfirh\u00f6fu\u00f0 ekkert sem g\u00e6ti \u00f6gra\u00f0 \u00feolm\u00f6rkum m\u00ednum \u00e1 nokkurn h\u00e1tt. Og n\u00fa \u00feegar hann ey\u00f0ir samskonar fj\u00e1rh\u00e6\u00f0um \u00ed mig \u00fe\u00f3tt hann s\u00e9 ekkert a\u00f0 m\u00e1la mig, s\u00e9 \u00e9g enn ekkert sem bendir til v\u00e6ntinga um neitt sem \u00e9g er ekki tilb\u00fain til a\u00f0 gefa.<\/p>\n<p>Hann er b\u00fainn a\u00f0 bj\u00f3\u00f0a m\u00e9r a\u00f0 vera hj\u00e1 s\u00e9r, eins lengi og \u00e9g vil. Hann borga\u00f0i flugmi\u00f0ann fyrir mig, l\u00e1na\u00f0i m\u00e9r b\u00edlinn sinn, hann keypti rau\u00f0v\u00ednsbelju \u00fe\u00f3tt hann drekki v\u00edn s\u00e1rasjaldan sj\u00e1lfur, bara af \u00fev\u00ed a\u00f0 hann veit a\u00f0 m\u00e9r finnst \u00fea\u00f0 gott, hann sn\u00fdst \u00ed kringum mig, \u00fej\u00f3nar m\u00e9r \u00e1 alla lund og gerir engar kr\u00f6fur \u00e1 m\u00f3ti.<\/p>\n<p>Af hverju gerir hann allt \u00feetta fyrir mig og reynir samt ekkert til a\u00f0 koma m\u00e9r til? Og af hverju kemur \u00fea\u00f0 m\u00e9r \u00e1 \u00f3vart? Geng \u00e9g hreinlega \u00fat fr\u00e1 \u00fev\u00ed a\u00f0 karlmenn \u00e6tlist til kynl\u00edfsgrei\u00f0a \u00ed skiptum fyrir \u00e1st \u00fe\u00f3tt \u00feeir viti a\u00f0 \u00fea\u00f0 s\u00e9 ekki \u00e1 \u00f3skalistanum? Er \u00e9g a\u00f0 misnota mann sem auglj\u00f3slega elskar mig e\u00f0a v\u00e6ri \u00e9g frekar a\u00f0 gera l\u00edti\u00f0 \u00far d\u00f3mgreind hans me\u00f0 \u00fev\u00ed a\u00f0 hafa vit fyrir honum og \u00feiggja ekki hj\u00e1lp \u00feegar \u00e9g \u00fearfnast hennar?<\/p>\n<p>Ligg \u00ed r\u00fami M\u00e1larans og horfi \u00e1 hann sofa. \u00dea\u00f0 hvarflar a\u00f0 m\u00e9r a\u00f0 kannski v\u00e6ri bara sj\u00e1lfs\u00f6g\u00f0 kurteisi a\u00f0 sofa hj\u00e1 honum, svona til a\u00f0 \u00feakka fyrir mig. Einhvernt\u00edma hefur ma\u00f0ur v\u00edst legi\u00f0 mann og annan af \u00f3merkilegra tilefni. \u00c9g veit a\u00f0 \u00e9g er ekkert eina konan \u00ed heiminum sem \u00e1 \u00fea\u00f0 til a\u00f0 hugsa svona en vi\u00f0 vi\u00f0urkennum \u00fea\u00f0 ekki. \u00dea\u00f0 er s\u00e1rsaukaminna a\u00f0 stimpla alla karla nau\u00f0gara en a\u00f0 horfast \u00ed augu vi\u00f0 a\u00f0 menning sem gengur \u00fat fr\u00e1 \u00fev\u00ed a\u00f0 karlar s\u00e9u \u00ed e\u00f0li sinu nau\u00f0garar, gerir um lei\u00f0 allar konur sem \u00feiggja hj\u00e1lp \u00feeirra a\u00f0 h\u00f3rum.<\/p>\n","protected":false},"excerpt":{"rendered":"<p>Ligg \u00ed r\u00fami M\u00e1larans. \u00cd n\u00e1ttf\u00f6tum. \u00c1\u00f0ur fyrr var \u00e9g v\u00f6n a\u00f0 liggja \u00e1 g\u00f3lfinu, nakin. Undarlegt a\u00f0 liggja \u00ed r\u00fami manns sem \u00feekkir l\u00edkama minn betur en nokkur annar og hefur \u00fe\u00f3 aldrei snert mig nakta nema me\u00f0 pensli &hellip; <a href=\"https:\/\/www.norn.is\/sapuopera\/2011\/08\/06\/i-rumi-malarans\/\">Halda \u00e1fram a\u00f0 lesa <span class=\"meta-nav\">&rarr;<\/span><\/a><\/p>\n","protected":false},"author":2,"featured_media":0,"comment_status":"closed","ping_status":"closed","sticky":false,"template":"","format":"standard","meta":{"footnotes":""},"categories":[236,1],"tags":[276],"class_list":["post-13272","post","type-post","status-publish","format-standard","hentry","category-limbo","category-oflokkad-allt-efni","tag-malarinn"],"yoast_head":"<!-- This site is optimized with the Yoast SEO plugin v27.4 - https:\/\/yoast.com\/product\/yoast-seo-wordpress\/ -->\n<title>\u00cd r\u00fami M\u00e1larans - S\u00e1pu\u00f3pera<\/title>\n<meta name=\"robots\" content=\"index, follow, max-snippet:-1, max-image-preview:large, max-video-preview:-1\" \/>\n<link rel=\"canonical\" href=\"https:\/\/www.norn.is\/sapuopera\/2011\/08\/06\/i-rumi-malarans\/\" \/>\n<meta property=\"og:locale\" content=\"is_IS\" \/>\n<meta property=\"og:type\" content=\"article\" \/>\n<meta property=\"og:title\" content=\"\u00cd r\u00fami M\u00e1larans - S\u00e1pu\u00f3pera\" \/>\n<meta property=\"og:description\" content=\"Ligg \u00ed r\u00fami M\u00e1larans. \u00cd n\u00e1ttf\u00f6tum. \u00c1\u00f0ur fyrr var \u00e9g v\u00f6n a\u00f0 liggja \u00e1 g\u00f3lfinu, nakin. Undarlegt a\u00f0 liggja \u00ed r\u00fami manns sem \u00feekkir l\u00edkama minn betur en nokkur annar og hefur \u00fe\u00f3 aldrei snert mig nakta nema me\u00f0 pensli &hellip; Halda \u00e1fram a\u00f0 lesa &rarr;\" \/>\n<meta property=\"og:url\" content=\"https:\/\/www.norn.is\/sapuopera\/2011\/08\/06\/i-rumi-malarans\/\" \/>\n<meta property=\"og:site_name\" content=\"S\u00e1pu\u00f3pera\" \/>\n<meta property=\"article:published_time\" content=\"2011-08-06T09:29:41+00:00\" \/>\n<meta property=\"article:modified_time\" content=\"2018-02-02T21:15:22+00:00\" \/>\n<meta name=\"author\" content=\"Eva Hauksd\u00f3ttir\" \/>\n<meta name=\"twitter:card\" content=\"summary_large_image\" \/>\n<meta name=\"twitter:label1\" content=\"Written by\" \/>\n\t<meta name=\"twitter:data1\" content=\"\" \/>\n\t<meta name=\"twitter:label2\" content=\"Est. reading time\" \/>\n\t<meta name=\"twitter:data2\" content=\"2 minutes\" \/>\n<script type=\"application\/ld+json\" class=\"yoast-schema-graph\">{\"@context\":\"https:\\\/\\\/schema.org\",\"@graph\":[{\"@type\":\"Article\",\"@id\":\"https:\\\/\\\/www.norn.is\\\/sapuopera\\\/2011\\\/08\\\/06\\\/i-rumi-malarans\\\/#article\",\"isPartOf\":{\"@id\":\"https:\\\/\\\/www.norn.is\\\/sapuopera\\\/2011\\\/08\\\/06\\\/i-rumi-malarans\\\/\"},\"author\":{\"name\":\"Eva Hauksd\u00f3ttir\",\"@id\":\"https:\\\/\\\/www.norn.is\\\/sapuopera\\\/#\\\/schema\\\/person\\\/2eb0fcae9e1ecc61987f7ed9c878531c\"},\"headline\":\"\u00cd r\u00fami M\u00e1larans\",\"datePublished\":\"2011-08-06T09:29:41+00:00\",\"dateModified\":\"2018-02-02T21:15:22+00:00\",\"mainEntityOfPage\":{\"@id\":\"https:\\\/\\\/www.norn.is\\\/sapuopera\\\/2011\\\/08\\\/06\\\/i-rumi-malarans\\\/\"},\"wordCount\":466,\"keywords\":[\"M\u00e1larinn\"],\"articleSection\":[\"Limb\u00f3 11. hluti\",\"\u00d3flokka\u00f0 (allt efni)\"],\"inLanguage\":\"is\"},{\"@type\":\"WebPage\",\"@id\":\"https:\\\/\\\/www.norn.is\\\/sapuopera\\\/2011\\\/08\\\/06\\\/i-rumi-malarans\\\/\",\"url\":\"https:\\\/\\\/www.norn.is\\\/sapuopera\\\/2011\\\/08\\\/06\\\/i-rumi-malarans\\\/\",\"name\":\"\u00cd r\u00fami M\u00e1larans - S\u00e1pu\u00f3pera\",\"isPartOf\":{\"@id\":\"https:\\\/\\\/www.norn.is\\\/sapuopera\\\/#website\"},\"datePublished\":\"2011-08-06T09:29:41+00:00\",\"dateModified\":\"2018-02-02T21:15:22+00:00\",\"author\":{\"@id\":\"https:\\\/\\\/www.norn.is\\\/sapuopera\\\/#\\\/schema\\\/person\\\/2eb0fcae9e1ecc61987f7ed9c878531c\"},\"breadcrumb\":{\"@id\":\"https:\\\/\\\/www.norn.is\\\/sapuopera\\\/2011\\\/08\\\/06\\\/i-rumi-malarans\\\/#breadcrumb\"},\"inLanguage\":\"is\",\"potentialAction\":[{\"@type\":\"ReadAction\",\"target\":[\"https:\\\/\\\/www.norn.is\\\/sapuopera\\\/2011\\\/08\\\/06\\\/i-rumi-malarans\\\/\"]}]},{\"@type\":\"BreadcrumbList\",\"@id\":\"https:\\\/\\\/www.norn.is\\\/sapuopera\\\/2011\\\/08\\\/06\\\/i-rumi-malarans\\\/#breadcrumb\",\"itemListElement\":[{\"@type\":\"ListItem\",\"position\":1,\"name\":\"Home\",\"item\":\"https:\\\/\\\/www.norn.is\\\/sapuopera\\\/\"},{\"@type\":\"ListItem\",\"position\":2,\"name\":\"\u00cd r\u00fami M\u00e1larans\"}]},{\"@type\":\"WebSite\",\"@id\":\"https:\\\/\\\/www.norn.is\\\/sapuopera\\\/#website\",\"url\":\"https:\\\/\\\/www.norn.is\\\/sapuopera\\\/\",\"name\":\"S\u00e1pu\u00f3pera\",\"description\":\"Dagb\u00f3k 2003-2011\",\"potentialAction\":[{\"@type\":\"SearchAction\",\"target\":{\"@type\":\"EntryPoint\",\"urlTemplate\":\"https:\\\/\\\/www.norn.is\\\/sapuopera\\\/?s={search_term_string}\"},\"query-input\":{\"@type\":\"PropertyValueSpecification\",\"valueRequired\":true,\"valueName\":\"search_term_string\"}}],\"inLanguage\":\"is\"},{\"@type\":\"Person\",\"@id\":\"https:\\\/\\\/www.norn.is\\\/sapuopera\\\/#\\\/schema\\\/person\\\/2eb0fcae9e1ecc61987f7ed9c878531c\",\"name\":\"Eva Hauksd\u00f3ttir\",\"sameAs\":[\"http:\\\/\\\/www.norn.is\"],\"url\":\"https:\\\/\\\/www.norn.is\\\/sapuopera\\\/author\\\/eva\\\/\"}]}<\/script>\n<!-- \/ Yoast SEO plugin. -->","yoast_head_json":{"title":"\u00cd r\u00fami M\u00e1larans - S\u00e1pu\u00f3pera","robots":{"index":"index","follow":"follow","max-snippet":"max-snippet:-1","max-image-preview":"max-image-preview:large","max-video-preview":"max-video-preview:-1"},"canonical":"https:\/\/www.norn.is\/sapuopera\/2011\/08\/06\/i-rumi-malarans\/","og_locale":"is_IS","og_type":"article","og_title":"\u00cd r\u00fami M\u00e1larans - S\u00e1pu\u00f3pera","og_description":"Ligg \u00ed r\u00fami M\u00e1larans. \u00cd n\u00e1ttf\u00f6tum. \u00c1\u00f0ur fyrr var \u00e9g v\u00f6n a\u00f0 liggja \u00e1 g\u00f3lfinu, nakin. Undarlegt a\u00f0 liggja \u00ed r\u00fami manns sem \u00feekkir l\u00edkama minn betur en nokkur annar og hefur \u00fe\u00f3 aldrei snert mig nakta nema me\u00f0 pensli &hellip; Halda \u00e1fram a\u00f0 lesa &rarr;","og_url":"https:\/\/www.norn.is\/sapuopera\/2011\/08\/06\/i-rumi-malarans\/","og_site_name":"S\u00e1pu\u00f3pera","article_published_time":"2011-08-06T09:29:41+00:00","article_modified_time":"2018-02-02T21:15:22+00:00","author":"Eva Hauksd\u00f3ttir","twitter_card":"summary_large_image","twitter_misc":{"Written by":false,"Est. reading time":"2 minutes"},"schema":{"@context":"https:\/\/schema.org","@graph":[{"@type":"Article","@id":"https:\/\/www.norn.is\/sapuopera\/2011\/08\/06\/i-rumi-malarans\/#article","isPartOf":{"@id":"https:\/\/www.norn.is\/sapuopera\/2011\/08\/06\/i-rumi-malarans\/"},"author":{"name":"Eva Hauksd\u00f3ttir","@id":"https:\/\/www.norn.is\/sapuopera\/#\/schema\/person\/2eb0fcae9e1ecc61987f7ed9c878531c"},"headline":"\u00cd r\u00fami M\u00e1larans","datePublished":"2011-08-06T09:29:41+00:00","dateModified":"2018-02-02T21:15:22+00:00","mainEntityOfPage":{"@id":"https:\/\/www.norn.is\/sapuopera\/2011\/08\/06\/i-rumi-malarans\/"},"wordCount":466,"keywords":["M\u00e1larinn"],"articleSection":["Limb\u00f3 11. hluti","\u00d3flokka\u00f0 (allt efni)"],"inLanguage":"is"},{"@type":"WebPage","@id":"https:\/\/www.norn.is\/sapuopera\/2011\/08\/06\/i-rumi-malarans\/","url":"https:\/\/www.norn.is\/sapuopera\/2011\/08\/06\/i-rumi-malarans\/","name":"\u00cd r\u00fami M\u00e1larans - S\u00e1pu\u00f3pera","isPartOf":{"@id":"https:\/\/www.norn.is\/sapuopera\/#website"},"datePublished":"2011-08-06T09:29:41+00:00","dateModified":"2018-02-02T21:15:22+00:00","author":{"@id":"https:\/\/www.norn.is\/sapuopera\/#\/schema\/person\/2eb0fcae9e1ecc61987f7ed9c878531c"},"breadcrumb":{"@id":"https:\/\/www.norn.is\/sapuopera\/2011\/08\/06\/i-rumi-malarans\/#breadcrumb"},"inLanguage":"is","potentialAction":[{"@type":"ReadAction","target":["https:\/\/www.norn.is\/sapuopera\/2011\/08\/06\/i-rumi-malarans\/"]}]},{"@type":"BreadcrumbList","@id":"https:\/\/www.norn.is\/sapuopera\/2011\/08\/06\/i-rumi-malarans\/#breadcrumb","itemListElement":[{"@type":"ListItem","position":1,"name":"Home","item":"https:\/\/www.norn.is\/sapuopera\/"},{"@type":"ListItem","position":2,"name":"\u00cd r\u00fami M\u00e1larans"}]},{"@type":"WebSite","@id":"https:\/\/www.norn.is\/sapuopera\/#website","url":"https:\/\/www.norn.is\/sapuopera\/","name":"S\u00e1pu\u00f3pera","description":"Dagb\u00f3k 2003-2011","potentialAction":[{"@type":"SearchAction","target":{"@type":"EntryPoint","urlTemplate":"https:\/\/www.norn.is\/sapuopera\/?s={search_term_string}"},"query-input":{"@type":"PropertyValueSpecification","valueRequired":true,"valueName":"search_term_string"}}],"inLanguage":"is"},{"@type":"Person","@id":"https:\/\/www.norn.is\/sapuopera\/#\/schema\/person\/2eb0fcae9e1ecc61987f7ed9c878531c","name":"Eva Hauksd\u00f3ttir","sameAs":["http:\/\/www.norn.is"],"url":"https:\/\/www.norn.is\/sapuopera\/author\/eva\/"}]}},"_links":{"self":[{"href":"https:\/\/www.norn.is\/sapuopera\/wp-json\/wp\/v2\/posts\/13272","targetHints":{"allow":["GET"]}}],"collection":[{"href":"https:\/\/www.norn.is\/sapuopera\/wp-json\/wp\/v2\/posts"}],"about":[{"href":"https:\/\/www.norn.is\/sapuopera\/wp-json\/wp\/v2\/types\/post"}],"author":[{"embeddable":true,"href":"https:\/\/www.norn.is\/sapuopera\/wp-json\/wp\/v2\/users\/2"}],"replies":[{"embeddable":true,"href":"https:\/\/www.norn.is\/sapuopera\/wp-json\/wp\/v2\/comments?post=13272"}],"version-history":[{"count":1,"href":"https:\/\/www.norn.is\/sapuopera\/wp-json\/wp\/v2\/posts\/13272\/revisions"}],"predecessor-version":[{"id":13273,"href":"https:\/\/www.norn.is\/sapuopera\/wp-json\/wp\/v2\/posts\/13272\/revisions\/13273"}],"wp:attachment":[{"href":"https:\/\/www.norn.is\/sapuopera\/wp-json\/wp\/v2\/media?parent=13272"}],"wp:term":[{"taxonomy":"category","embeddable":true,"href":"https:\/\/www.norn.is\/sapuopera\/wp-json\/wp\/v2\/categories?post=13272"},{"taxonomy":"post_tag","embeddable":true,"href":"https:\/\/www.norn.is\/sapuopera\/wp-json\/wp\/v2\/tags?post=13272"}],"curies":[{"name":"wp","href":"https:\/\/api.w.org\/{rel}","templated":true}]}}