{"id":1296,"date":"2005-04-22T20:32:48","date_gmt":"2005-04-22T20:32:48","guid":{"rendered":"http:\/\/norn.pistillinn.is\/?p=1296"},"modified":"2017-09-08T16:37:15","modified_gmt":"2017-09-08T16:37:15","slug":"i-sveitinni","status":"publish","type":"post","link":"https:\/\/www.norn.is\/sapuopera\/2005\/04\/22\/i-sveitinni\/","title":{"rendered":"\u00cd sveitinni"},"content":{"rendered":"<p>\u00c9g h\u00e9lt \u00e1 varalitnum \u00feegar Sigr\u00fan renndi \u00ed hla\u00f0 \u00ed morgun, 5 m\u00edn\u00fatum of snemma og rauk \u00fat me\u00f0 \u00f3m\u00e1la\u00f0a ne\u00f0ri v\u00f6r. Reyndar ekki \u00ed minipilsi og \u00e1 h\u00e6lum \u00fev\u00ed \u00fe\u00f3tt \u00fea\u00f0 hef\u00f0i veri\u00f0 mun huggulegra reikna \u00e9g ekki me\u00f0 a\u00f0 k\u00f6rlunum hef\u00f0i or\u00f0i\u00f0 miki\u00f0 \u00far verki ef \u00e9g hef\u00f0i flagga\u00f0 \u00f3m\u00f3tst\u00e6\u00f0ilegi fl\u00f3\u00f0bylgju l\u00e6rapoka minna og ekki vill ma\u00f0ur n\u00fa ska\u00f0a hagsmuni fyrirt\u00e6kisins.<!--more--><\/p>\n<p>Eftir r\u00fass\u00edbanafer\u00f0 austur \u00e1 Nesjavelli me\u00f0 Sigr\u00fanu vi\u00f0 st\u00fdri\u00f0 og tv\u00e6r skelfingulostnar konur auk sj\u00e1lfrar m\u00edn \u00ed b\u00edlnum komst \u00e9g loksins \u00ed &#8222;kallf\u00e6ri&#8220; \u00ed or\u00f0sins b\u00f3kstaflegustu merkingu. Hinir \u00e6gif\u00f6gru i\u00f0na\u00f0armenn voru nefnilega velflestir hangandi \u00ed 6 metra h\u00e6\u00f0 utan \u00e1 einhverju grindarvirki, l\u00edkustu risast\u00f3ru mekkan\u00f3i og litu ekki einu sinni upp vi\u00f0 innr\u00e1s saumakl\u00fabbs \u00e1 sv\u00e6\u00f0i\u00f0.<\/p>\n<p>\u00c9g skima\u00f0i sv\u00e6\u00f0i\u00f0 en s\u00e1 hvergi \u00feessa k\u00e6liturna sem vi\u00f0 \u00e1ttum a\u00f0 fara a\u00f0 vinna vi\u00f0 svo \u00e9g spur\u00f0i verkstj\u00f3rann hvar vi\u00f0 \u00e6ttum a\u00f0 koma b\u00f6ggunum fyrir. H\u00fan benti \u00e1 grindina mikilfenglegu.<\/p>\n<p>&lt;em&gt;-\u00deetta er k\u00e6liturninn. \u00deegar hann er tilb\u00fainn er b\u00f6ggunum ra\u00f0a\u00f0 \u00ed grindurnar,&lt;\/em&gt; sag\u00f0i h\u00fan.<br \/>\n&lt;em&gt;-\u00deegar hann er tilb\u00fainn? \u00c1ttu vi\u00f0 a\u00f0 hann s\u00e9 ekki tilb\u00fainn?&lt;\/em&gt; spur\u00f0i \u00e9g.<br \/>\n&lt;em&gt;-Nei, hann er n\u00e1tt\u00farulega ekki tilb\u00fainn,&lt;\/em&gt; svara\u00f0i Sigr\u00fan.<br \/>\n&lt;em&gt;-Hva\u00f0 erum vi\u00f0 \u00fe\u00e1 a\u00f0 gera h\u00e9r?&lt;\/em&gt; spur\u00f0i \u00e9g forvi\u00f0a.<br \/>\n&lt;em&gt;-N\u00fa, vi\u00f0 erum a\u00f0 fara a\u00f0 reisa turninn.&lt;\/em&gt;<br \/>\n\u00c9g hef l\u00edklega or\u00f0i\u00f0 skr\u00fdtin \u00e1 svipinn. A\u00f0 v\u00edsu haf\u00f0i Sigr\u00fan sagt a\u00f0 vi\u00f0 v\u00e6rum a\u00f0 fara a\u00f0 hj\u00e1lpa til vi\u00f0 a\u00f0 byggja turninn en \u00e1\u00f0ur haf\u00f0i alltaf veri\u00f0 tala\u00f0 um a\u00f0 vi\u00f0 f\u00e6rum \u00e1 Nesjavelli til a\u00f0 stafla b\u00f6ggum, svo \u00e9g h\u00e9lt n\u00e1tt\u00farulega a\u00f0 h\u00fan v\u00e6ri bara a\u00f0 a\u00f0 gr\u00ednast. En \u00feetta var sems\u00e9 ekki gr\u00edn.<\/p>\n<p>Vi\u00f0 horf\u00f0um nokkra stund \u00e1 verkefni\u00f0 sem l\u00e1 fyrir og leit hreint ekki \u00fat fyrir a\u00f0 vera kvenmannsverk en Sigr\u00fan haf\u00f0i engar \u00e1hyggjur af \u00fev\u00ed a\u00f0 \u00feetta yr\u00f0i okkur ofvi\u00f0a. Vitna\u00f0i \u00ed P\u00e9tur sem var\u00f0 bakveikur eftir 2 daga \u00e1 f\u00e6ribandinu og haf\u00f0i or\u00f0i\u00f0 dau\u00f0feginn a\u00f0 f\u00e1 a\u00f0 fara \u00ed sveitina. Hann seg\u00f0i a\u00f0 \u00feetta v\u00e6ri l\u00e9ttara, sag\u00f0i Sigr\u00fan og virtist alveg sj\u00e1st yfir \u00feessa litlu l\u00edffr\u00e6\u00f0ilegu sta\u00f0reynd; nefnilega \u00fe\u00e1 a\u00f0 karlmenn eru sterkir. \u00deeir geta au\u00f0vita\u00f0 fengi\u00f0 bakverk af rangri l\u00edkamsbeitingu r\u00e9tt eins og vi\u00f0 en \u00feeim finnst ekkert erfitt a\u00f0 bera \u00feunga og fyrirfer\u00f0armikla hluti.<\/p>\n<p>N\u00fa j\u00e6ja. \u00c9g hef aldrei veri\u00f0 \u00ed byggingavinnu \u00e1\u00f0ur og \u00fe\u00f3tt \u00fea\u00f0 ver\u00f0i kannski ekki gullin l\u00edna \u00ed afrekaskr\u00e1nni er um a\u00f0 gera a\u00f0 n\u00fdta t\u00e6kif\u00e6ri\u00f0 til a\u00f0 st\u00e6kka \u00fe\u00e6gindasv\u00e6\u00f0i\u00f0.<\/p>\n<p>Ni\u00f0ursta\u00f0a dagsins er s\u00fa a\u00f0 byggingavinna (allavega \u00feetta tiltekna verkefni) er ekki erfi\u00f0ara en a\u00f0 framlei\u00f0a plastbagga \u00ed k\u00e6liturna. Allavega ekki \u00e1 me\u00f0an h\u00f3pur st\u00e6\u00f0ilegra karlmanna er \u00e1 \u00fe\u00f6num vi\u00f0 a\u00f0 a\u00f0sto\u00f0a mann \u00e1 allan h\u00e1tt og ve\u00f0ri\u00f0 er skaplegt. Nei, ekki erfi\u00f0ari en reynir samt \u00e1 allt a\u00f0ra v\u00f6\u00f0va og \u00ed augnablikinu er \u00e9g svo \u00fereytt a\u00f0 ef v\u00e6ri ekki b\u00fain a\u00f0 kaupa mi\u00f0ana og bj\u00f3\u00f0a m\u00f3\u00f0ur minni \u00ed leikh\u00fas, myndi mig sennilega langa meira a\u00f0 skr\u00ed\u00f0a undir s\u00e6ng. \u00dea\u00f0 er \u00fe\u00f3 ekki \u00ed bo\u00f0i \u00fev\u00ed s\u00fa gamla er m\u00e6tt. \u00cd augnablikinu situr h\u00fan til bor\u00f0s me\u00f0 kr\u00f6kkunum og er a\u00f0 bor\u00f0a taco me\u00f0 \u00feeim og kenna \u00feeim kl\u00e1mv\u00edsur. H\u00fan er n\u00fdb\u00fain a\u00f0 hafa yfir st\u00f6kuna;<\/p>\n<p>A\u00f0 m\u00e9r ri\u00f0u \u00e1tj\u00e1n menn<br \/>\neinn \u00feeirra var gra\u00f0ur<br \/>\nkominn er \u00e1 kvi\u00f0 m\u00e9r enn<br \/>\nKlemens s\u00fdsluma\u00f0ur.<\/p>\n<p>\u00c9g vona samt a\u00f0 Byltingama\u00f0urinn stilli sig um a\u00f0 fara me\u00f0 s\u00ednar eigin s\u00f3\u00f0av\u00edsur fyrir hana. \u00dea\u00f0 er sj\u00e1lfsagt pemp\u00eduh\u00e1ttur \u00ed m\u00e9r en m\u00e9r finnst eitthva\u00f0 \u00f3\u00fe\u00e6gilegt vi\u00f0 \u00fea\u00f0 \u00feegar \u00f6mmur og barnab\u00f6rn sameinast \u00ed d\u00f3nah\u00famor.<\/p>\n","protected":false},"excerpt":{"rendered":"<p>\u00c9g h\u00e9lt \u00e1 varalitnum \u00feegar Sigr\u00fan renndi \u00ed hla\u00f0 \u00ed morgun, 5 m\u00edn\u00fatum of snemma og rauk \u00fat me\u00f0 \u00f3m\u00e1la\u00f0a ne\u00f0ri v\u00f6r. Reyndar ekki \u00ed minipilsi og \u00e1 h\u00e6lum \u00fev\u00ed \u00fe\u00f3tt \u00fea\u00f0 hef\u00f0i veri\u00f0 mun huggulegra reikna \u00e9g ekki me\u00f0 &hellip; <a href=\"https:\/\/www.norn.is\/sapuopera\/2005\/04\/22\/i-sveitinni\/\">Halda \u00e1fram a\u00f0 lesa <span class=\"meta-nav\">&rarr;<\/span><\/a><\/p>\n","protected":false},"author":2,"featured_media":0,"comment_status":"closed","ping_status":"closed","sticky":false,"template":"","format":"standard","meta":{"footnotes":""},"categories":[241,1],"tags":[187,234],"class_list":["post-1296","post","type-post","status-publish","format-standard","hentry","category-3-hluti-i-frjalsu-falli","category-oflokkad-allt-efni","tag-sigrun","tag-velsmidjan"],"yoast_head":"<!-- This site is optimized with the Yoast SEO plugin v27.5 - https:\/\/yoast.com\/product\/yoast-seo-wordpress\/ -->\n<title>\u00cd sveitinni - S\u00e1pu\u00f3pera<\/title>\n<meta name=\"robots\" content=\"index, follow, max-snippet:-1, max-image-preview:large, max-video-preview:-1\" \/>\n<link rel=\"canonical\" href=\"https:\/\/www.norn.is\/sapuopera\/2005\/04\/22\/i-sveitinni\/\" \/>\n<meta property=\"og:locale\" content=\"is_IS\" \/>\n<meta property=\"og:type\" content=\"article\" \/>\n<meta property=\"og:title\" content=\"\u00cd sveitinni - S\u00e1pu\u00f3pera\" \/>\n<meta property=\"og:description\" content=\"\u00c9g h\u00e9lt \u00e1 varalitnum \u00feegar Sigr\u00fan renndi \u00ed hla\u00f0 \u00ed morgun, 5 m\u00edn\u00fatum of snemma og rauk \u00fat me\u00f0 \u00f3m\u00e1la\u00f0a ne\u00f0ri v\u00f6r. Reyndar ekki \u00ed minipilsi og \u00e1 h\u00e6lum \u00fev\u00ed \u00fe\u00f3tt \u00fea\u00f0 hef\u00f0i veri\u00f0 mun huggulegra reikna \u00e9g ekki me\u00f0 &hellip; Halda \u00e1fram a\u00f0 lesa &rarr;\" \/>\n<meta property=\"og:url\" content=\"https:\/\/www.norn.is\/sapuopera\/2005\/04\/22\/i-sveitinni\/\" \/>\n<meta property=\"og:site_name\" content=\"S\u00e1pu\u00f3pera\" \/>\n<meta property=\"article:published_time\" content=\"2005-04-22T20:32:48+00:00\" \/>\n<meta property=\"article:modified_time\" content=\"2017-09-08T16:37:15+00:00\" \/>\n<meta name=\"author\" content=\"Eva Hauksd\u00f3ttir\" \/>\n<meta name=\"twitter:card\" content=\"summary_large_image\" \/>\n<meta name=\"twitter:label1\" content=\"Written by\" \/>\n\t<meta name=\"twitter:data1\" content=\"\" \/>\n\t<meta name=\"twitter:label2\" content=\"Est. reading time\" \/>\n\t<meta name=\"twitter:data2\" content=\"4 minutes\" \/>\n<script type=\"application\/ld+json\" class=\"yoast-schema-graph\">{\"@context\":\"https:\\\/\\\/schema.org\",\"@graph\":[{\"@type\":\"Article\",\"@id\":\"https:\\\/\\\/www.norn.is\\\/sapuopera\\\/2005\\\/04\\\/22\\\/i-sveitinni\\\/#article\",\"isPartOf\":{\"@id\":\"https:\\\/\\\/www.norn.is\\\/sapuopera\\\/2005\\\/04\\\/22\\\/i-sveitinni\\\/\"},\"author\":{\"name\":\"Eva Hauksd\u00f3ttir\",\"@id\":\"https:\\\/\\\/www.norn.is\\\/sapuopera\\\/#\\\/schema\\\/person\\\/2eb0fcae9e1ecc61987f7ed9c878531c\"},\"headline\":\"\u00cd sveitinni\",\"datePublished\":\"2005-04-22T20:32:48+00:00\",\"dateModified\":\"2017-09-08T16:37:15+00:00\",\"mainEntityOfPage\":{\"@id\":\"https:\\\/\\\/www.norn.is\\\/sapuopera\\\/2005\\\/04\\\/22\\\/i-sveitinni\\\/\"},\"wordCount\":721,\"keywords\":[\"Sigr\u00fan\",\"V\u00e9lsmi\u00f0jan\"],\"articleSection\":[\"3. hluti \u00cd frj\u00e1lsu falli\",\"\u00d3flokka\u00f0 (allt efni)\"],\"inLanguage\":\"is\"},{\"@type\":\"WebPage\",\"@id\":\"https:\\\/\\\/www.norn.is\\\/sapuopera\\\/2005\\\/04\\\/22\\\/i-sveitinni\\\/\",\"url\":\"https:\\\/\\\/www.norn.is\\\/sapuopera\\\/2005\\\/04\\\/22\\\/i-sveitinni\\\/\",\"name\":\"\u00cd sveitinni - S\u00e1pu\u00f3pera\",\"isPartOf\":{\"@id\":\"https:\\\/\\\/www.norn.is\\\/sapuopera\\\/#website\"},\"datePublished\":\"2005-04-22T20:32:48+00:00\",\"dateModified\":\"2017-09-08T16:37:15+00:00\",\"author\":{\"@id\":\"https:\\\/\\\/www.norn.is\\\/sapuopera\\\/#\\\/schema\\\/person\\\/2eb0fcae9e1ecc61987f7ed9c878531c\"},\"breadcrumb\":{\"@id\":\"https:\\\/\\\/www.norn.is\\\/sapuopera\\\/2005\\\/04\\\/22\\\/i-sveitinni\\\/#breadcrumb\"},\"inLanguage\":\"is\",\"potentialAction\":[{\"@type\":\"ReadAction\",\"target\":[\"https:\\\/\\\/www.norn.is\\\/sapuopera\\\/2005\\\/04\\\/22\\\/i-sveitinni\\\/\"]}]},{\"@type\":\"BreadcrumbList\",\"@id\":\"https:\\\/\\\/www.norn.is\\\/sapuopera\\\/2005\\\/04\\\/22\\\/i-sveitinni\\\/#breadcrumb\",\"itemListElement\":[{\"@type\":\"ListItem\",\"position\":1,\"name\":\"Home\",\"item\":\"https:\\\/\\\/www.norn.is\\\/sapuopera\\\/\"},{\"@type\":\"ListItem\",\"position\":2,\"name\":\"\u00cd sveitinni\"}]},{\"@type\":\"WebSite\",\"@id\":\"https:\\\/\\\/www.norn.is\\\/sapuopera\\\/#website\",\"url\":\"https:\\\/\\\/www.norn.is\\\/sapuopera\\\/\",\"name\":\"S\u00e1pu\u00f3pera\",\"description\":\"Dagb\u00f3k 2003-2011\",\"potentialAction\":[{\"@type\":\"SearchAction\",\"target\":{\"@type\":\"EntryPoint\",\"urlTemplate\":\"https:\\\/\\\/www.norn.is\\\/sapuopera\\\/?s={search_term_string}\"},\"query-input\":{\"@type\":\"PropertyValueSpecification\",\"valueRequired\":true,\"valueName\":\"search_term_string\"}}],\"inLanguage\":\"is\"},{\"@type\":\"Person\",\"@id\":\"https:\\\/\\\/www.norn.is\\\/sapuopera\\\/#\\\/schema\\\/person\\\/2eb0fcae9e1ecc61987f7ed9c878531c\",\"name\":\"Eva Hauksd\u00f3ttir\",\"sameAs\":[\"http:\\\/\\\/www.norn.is\"],\"url\":\"https:\\\/\\\/www.norn.is\\\/sapuopera\\\/author\\\/eva\\\/\"}]}<\/script>\n<!-- \/ Yoast SEO plugin. -->","yoast_head_json":{"title":"\u00cd sveitinni - S\u00e1pu\u00f3pera","robots":{"index":"index","follow":"follow","max-snippet":"max-snippet:-1","max-image-preview":"max-image-preview:large","max-video-preview":"max-video-preview:-1"},"canonical":"https:\/\/www.norn.is\/sapuopera\/2005\/04\/22\/i-sveitinni\/","og_locale":"is_IS","og_type":"article","og_title":"\u00cd sveitinni - S\u00e1pu\u00f3pera","og_description":"\u00c9g h\u00e9lt \u00e1 varalitnum \u00feegar Sigr\u00fan renndi \u00ed hla\u00f0 \u00ed morgun, 5 m\u00edn\u00fatum of snemma og rauk \u00fat me\u00f0 \u00f3m\u00e1la\u00f0a ne\u00f0ri v\u00f6r. Reyndar ekki \u00ed minipilsi og \u00e1 h\u00e6lum \u00fev\u00ed \u00fe\u00f3tt \u00fea\u00f0 hef\u00f0i veri\u00f0 mun huggulegra reikna \u00e9g ekki me\u00f0 &hellip; Halda \u00e1fram a\u00f0 lesa &rarr;","og_url":"https:\/\/www.norn.is\/sapuopera\/2005\/04\/22\/i-sveitinni\/","og_site_name":"S\u00e1pu\u00f3pera","article_published_time":"2005-04-22T20:32:48+00:00","article_modified_time":"2017-09-08T16:37:15+00:00","author":"Eva Hauksd\u00f3ttir","twitter_card":"summary_large_image","twitter_misc":{"Written by":false,"Est. reading time":"4 minutes"},"schema":{"@context":"https:\/\/schema.org","@graph":[{"@type":"Article","@id":"https:\/\/www.norn.is\/sapuopera\/2005\/04\/22\/i-sveitinni\/#article","isPartOf":{"@id":"https:\/\/www.norn.is\/sapuopera\/2005\/04\/22\/i-sveitinni\/"},"author":{"name":"Eva Hauksd\u00f3ttir","@id":"https:\/\/www.norn.is\/sapuopera\/#\/schema\/person\/2eb0fcae9e1ecc61987f7ed9c878531c"},"headline":"\u00cd sveitinni","datePublished":"2005-04-22T20:32:48+00:00","dateModified":"2017-09-08T16:37:15+00:00","mainEntityOfPage":{"@id":"https:\/\/www.norn.is\/sapuopera\/2005\/04\/22\/i-sveitinni\/"},"wordCount":721,"keywords":["Sigr\u00fan","V\u00e9lsmi\u00f0jan"],"articleSection":["3. hluti \u00cd frj\u00e1lsu falli","\u00d3flokka\u00f0 (allt efni)"],"inLanguage":"is"},{"@type":"WebPage","@id":"https:\/\/www.norn.is\/sapuopera\/2005\/04\/22\/i-sveitinni\/","url":"https:\/\/www.norn.is\/sapuopera\/2005\/04\/22\/i-sveitinni\/","name":"\u00cd sveitinni - S\u00e1pu\u00f3pera","isPartOf":{"@id":"https:\/\/www.norn.is\/sapuopera\/#website"},"datePublished":"2005-04-22T20:32:48+00:00","dateModified":"2017-09-08T16:37:15+00:00","author":{"@id":"https:\/\/www.norn.is\/sapuopera\/#\/schema\/person\/2eb0fcae9e1ecc61987f7ed9c878531c"},"breadcrumb":{"@id":"https:\/\/www.norn.is\/sapuopera\/2005\/04\/22\/i-sveitinni\/#breadcrumb"},"inLanguage":"is","potentialAction":[{"@type":"ReadAction","target":["https:\/\/www.norn.is\/sapuopera\/2005\/04\/22\/i-sveitinni\/"]}]},{"@type":"BreadcrumbList","@id":"https:\/\/www.norn.is\/sapuopera\/2005\/04\/22\/i-sveitinni\/#breadcrumb","itemListElement":[{"@type":"ListItem","position":1,"name":"Home","item":"https:\/\/www.norn.is\/sapuopera\/"},{"@type":"ListItem","position":2,"name":"\u00cd sveitinni"}]},{"@type":"WebSite","@id":"https:\/\/www.norn.is\/sapuopera\/#website","url":"https:\/\/www.norn.is\/sapuopera\/","name":"S\u00e1pu\u00f3pera","description":"Dagb\u00f3k 2003-2011","potentialAction":[{"@type":"SearchAction","target":{"@type":"EntryPoint","urlTemplate":"https:\/\/www.norn.is\/sapuopera\/?s={search_term_string}"},"query-input":{"@type":"PropertyValueSpecification","valueRequired":true,"valueName":"search_term_string"}}],"inLanguage":"is"},{"@type":"Person","@id":"https:\/\/www.norn.is\/sapuopera\/#\/schema\/person\/2eb0fcae9e1ecc61987f7ed9c878531c","name":"Eva Hauksd\u00f3ttir","sameAs":["http:\/\/www.norn.is"],"url":"https:\/\/www.norn.is\/sapuopera\/author\/eva\/"}]}},"_links":{"self":[{"href":"https:\/\/www.norn.is\/sapuopera\/wp-json\/wp\/v2\/posts\/1296","targetHints":{"allow":["GET"]}}],"collection":[{"href":"https:\/\/www.norn.is\/sapuopera\/wp-json\/wp\/v2\/posts"}],"about":[{"href":"https:\/\/www.norn.is\/sapuopera\/wp-json\/wp\/v2\/types\/post"}],"author":[{"embeddable":true,"href":"https:\/\/www.norn.is\/sapuopera\/wp-json\/wp\/v2\/users\/2"}],"replies":[{"embeddable":true,"href":"https:\/\/www.norn.is\/sapuopera\/wp-json\/wp\/v2\/comments?post=1296"}],"version-history":[{"count":1,"href":"https:\/\/www.norn.is\/sapuopera\/wp-json\/wp\/v2\/posts\/1296\/revisions"}],"predecessor-version":[{"id":12324,"href":"https:\/\/www.norn.is\/sapuopera\/wp-json\/wp\/v2\/posts\/1296\/revisions\/12324"}],"wp:attachment":[{"href":"https:\/\/www.norn.is\/sapuopera\/wp-json\/wp\/v2\/media?parent=1296"}],"wp:term":[{"taxonomy":"category","embeddable":true,"href":"https:\/\/www.norn.is\/sapuopera\/wp-json\/wp\/v2\/categories?post=1296"},{"taxonomy":"post_tag","embeddable":true,"href":"https:\/\/www.norn.is\/sapuopera\/wp-json\/wp\/v2\/tags?post=1296"}],"curies":[{"name":"wp","href":"https:\/\/api.w.org\/{rel}","templated":true}]}}