{"id":12611,"date":"2010-06-12T20:57:31","date_gmt":"2010-06-12T20:57:31","guid":{"rendered":"http:\/\/www.norn.is\/sapuopera\/?p=12611"},"modified":"2017-09-08T00:11:22","modified_gmt":"2017-09-08T00:11:22","slug":"af-donsku-laeknamafiunni","status":"publish","type":"post","link":"https:\/\/www.norn.is\/sapuopera\/2010\/06\/12\/af-donsku-laeknamafiunni\/","title":{"rendered":"Af d\u00f6nsku l\u00e6knamaf\u00edunni"},"content":{"rendered":"<p><a href=\"http:\/\/www.norn.is\/sapuopera\/wp-content\/uploads\/sites\/14\/2017\/09\/Darri-eftir-aras.jpg\"><img loading=\"lazy\" decoding=\"async\" class=\"alignright size-full wp-image-12612\" src=\"http:\/\/www.norn.is\/sapuopera\/wp-content\/uploads\/sites\/14\/2017\/09\/Darri-eftir-aras.jpg\" alt=\"\" width=\"600\" height=\"450\" srcset=\"https:\/\/www.norn.is\/sapuopera\/wp-content\/uploads\/sites\/14\/2017\/09\/Darri-eftir-aras.jpg 600w, https:\/\/www.norn.is\/sapuopera\/wp-content\/uploads\/sites\/14\/2017\/09\/Darri-eftir-aras-300x225.jpg 300w, https:\/\/www.norn.is\/sapuopera\/wp-content\/uploads\/sites\/14\/2017\/09\/Darri-eftir-aras-400x300.jpg 400w\" sizes=\"auto, (max-width: 600px) 100vw, 600px\" \/><\/a>\u00c9g veit ekki \u00far hverskonar morgunkornsp\u00f6kkum starfleyfi danskra l\u00e6kna eru upprunnin. Var a\u00f0 v\u00edsu b\u00fain a\u00f0 sj\u00e1 heimildamynd um l\u00e6knamaf\u00eduna \u00ed Danm\u00f6rku en reikna\u00f0i einhvernveginn ekki me\u00f0 a\u00f0 sannreyna \u00fea\u00f0 \u00e1 fyrsta \u00e1ri.<!--more--><\/p>\n<p>Hann Darri minn var\u00f0 fyrir semsagt fyrir f\u00f3lskulegri\u00a0<a href=\"https:\/\/web.archive.org\/web\/20100702034243\/http:\/\/www.norn.is\/sapuopera\/2010\/05\/a_getur_veri_storhttulegt_a_pi_1.html\">l\u00edkams\u00e1r\u00e1s<\/a>\u00a0\u00e1 me\u00f0an hann var h\u00e9rna \u00fati. Kinnbeinsbrotna\u00f0i, augnbotnsbeini\u00f0 allt sprungi\u00f0 og margar sprungur \u00ed beininu kringum augun.<\/p>\n<p>Hann f\u00f3r strax \u00e1 slys\u00f3.<\/p>\n<p>\u00deeir l\u00edmdu einn skur\u00f0 en sendu hann svo heim. \u00deessi mynd er tekin r\u00e9tt eftir a\u00f0 hann kom \u00fat. \u00deeir s\u00e1u ekki \u00e1st\u00e6\u00f0u til a\u00f0 mynda hann og hann f\u00e9kk ekki einu sinni pandodil. Tveimur d\u00f6gum s\u00ed\u00f0ar var hann vi\u00f0\u00feolslaus af kv\u00f6lum og f\u00f3r til lheimilisl\u00e6knis \u00ed Tinglev. S\u00fa var\u00f0 eiturf\u00fal \u00fat \u00ed l\u00e6knana \u00e1 slys\u00f3, sag\u00f0i algj\u00f6lega \u00f3forsvaranlegt a\u00f0 senda hann bara heim \u00e1n frekari ranns\u00f3knar og sendi hann \u00ed snei\u00f0myndat\u00f6ku \u00ed Aabenraa. L\u00e6knarnir \u00ed Aabenraa sendu hann svo \u00ed frekari ranns\u00f3kn hj\u00e1 h\u00e1ls, nef og eyrnal\u00e6kni \u00e1 sj\u00fakrah\u00fasinu \u00ed S\u00f6nderborg.<\/p>\n<p>Hann var settur \u00e1 sterk verkjalyf en sagt a\u00f0 \u00fea\u00f0 v\u00e6ri ekki h\u00e6gt a\u00f0 meta nau\u00f0synina \u00e1 a\u00f0ger\u00f0 fyrr en eftir um m\u00e1nu\u00f0. Hann f\u00f3r svo til l\u00e6knis \u00e1 \u00cdslandi \u00ed g\u00e6r og s\u00e1 segir a\u00f0 \u00feeir hef\u00f0u \u00e1tt a\u00f0 gera a\u00f0ger\u00f0 \u00e1 honum strax en \u00fea\u00f0 hef\u00f0i veri\u00f0 tilt\u00f6llulega l\u00edtil a\u00f0ger\u00f0. N\u00fa er kinnbeini\u00f0 gr\u00f3i\u00f0 skakkt saman og eina lei\u00f0in til a\u00f0 laga \u00fea\u00f0 er \u00fej\u00e1ningafull og \u00e1h\u00e6ttus\u00f6m l\u00fdtaa\u00f0ger\u00f0.<\/p>\n<p>L\u00e6knirinn \u00ed S\u00f6nderborg var l\u00edka viss um a\u00f0 tennurnar \u00ed honum hef\u00f0u sloppi\u00f0 en nokkrum d\u00f6gum s\u00ed\u00f0ar var annar spa\u00f0inn or\u00f0inn gr\u00e1r. \u00dea\u00f0 er drep \u00ed \u00feeirri t\u00f6nn og bara fyrsti t\u00edminn hj\u00e1 tannl\u00e6kninum kosta\u00f0i 27 \u00fe\u00fasund kr\u00f3nur.<\/p>\n<p>L\u00f6ggan m\u00e1 eiga \u00fea\u00f0 a\u00f0 \u00feeir fundu \u00e1r\u00e1sarmennina strax (eins gott \u00fev\u00ed \u00feeir eyddu mynd af \u00f6\u00f0rum \u00feeirra) en eitthva\u00f0 vir\u00f0ist vera \u00ed rugli \u00fear l\u00edka \u00fev\u00ed Dana Mar\u00eda er b\u00fain a\u00f0 f\u00e1 br\u00e9f um a\u00f0 h\u00fan eigi a\u00f0 m\u00e6ta fyrir r\u00e9tt til a\u00f0 bera vitni \u00ed m\u00e1linu en Darri er ekki einu sinni b\u00fainn a\u00f0 f\u00e1 svar vi\u00f0 \u00f3sk um a\u00f0 s\u00e9r ver\u00f0i \u00fathluta\u00f0 l\u00f6gfr\u00e6\u00f0ingi. Samkv\u00e6mt br\u00e9finu til D\u00f6nu \u00e1 a\u00f0 taka m\u00e1li\u00f0 fyrir \u00feann 6. j\u00fal\u00ed og \u00feeir vita vel a\u00f0 Darri \u00fearf b\u00e6\u00f0i a\u00f0 f\u00e1 sig lausan \u00far vinnu og panta flugfar.<\/p>\n<p>\u00c9g er fokvond yfir \u00feessu. Hann hitti ekki f\u00e6rri en 6 l\u00e6kna \u00e1 me\u00f0an hann var h\u00e9rna \u00fati og ma\u00f0ur hef\u00f0i haldi\u00f0 a\u00f0 \u00fea\u00f0 \u00e6tti a\u00f0 duga til a\u00f0 f\u00e1 r\u00e9tta me\u00f0fer\u00f0. S\u00e9 fram \u00e1 langa og lei\u00f0inlega bar\u00e1ttu vi\u00f0 heilbrig\u00f0iskerfi\u00f0 og d\u00f3msm\u00e1li\u00f0 leggst ekkert s\u00e9rlega vel \u00ed mig heldur.<\/p>\n","protected":false},"excerpt":{"rendered":"<p>\u00c9g veit ekki \u00far hverskonar morgunkornsp\u00f6kkum starfleyfi danskra l\u00e6kna eru upprunnin. Var a\u00f0 v\u00edsu b\u00fain a\u00f0 sj\u00e1 heimildamynd um l\u00e6knamaf\u00eduna \u00ed Danm\u00f6rku en reikna\u00f0i einhvernveginn ekki me\u00f0 a\u00f0 sannreyna \u00fea\u00f0 \u00e1 fyrsta \u00e1ri.<\/p>\n","protected":false},"author":2,"featured_media":0,"comment_status":"closed","ping_status":"closed","sticky":false,"template":"","format":"standard","meta":{"footnotes":""},"categories":[236,1],"tags":[110],"class_list":["post-12611","post","type-post","status-publish","format-standard","hentry","category-limbo","category-oflokkad-allt-efni","tag-sonur-minn-pysjan"],"yoast_head":"<!-- This site is optimized with the Yoast SEO plugin v27.4 - https:\/\/yoast.com\/product\/yoast-seo-wordpress\/ -->\n<title>Af d\u00f6nsku l\u00e6knamaf\u00edunni - S\u00e1pu\u00f3pera<\/title>\n<meta name=\"robots\" content=\"index, follow, max-snippet:-1, max-image-preview:large, max-video-preview:-1\" \/>\n<link rel=\"canonical\" href=\"https:\/\/www.norn.is\/sapuopera\/2010\/06\/12\/af-donsku-laeknamafiunni\/\" \/>\n<meta property=\"og:locale\" content=\"is_IS\" \/>\n<meta property=\"og:type\" content=\"article\" \/>\n<meta property=\"og:title\" content=\"Af d\u00f6nsku l\u00e6knamaf\u00edunni - S\u00e1pu\u00f3pera\" \/>\n<meta property=\"og:description\" content=\"\u00c9g veit ekki \u00far hverskonar morgunkornsp\u00f6kkum starfleyfi danskra l\u00e6kna eru upprunnin. Var a\u00f0 v\u00edsu b\u00fain a\u00f0 sj\u00e1 heimildamynd um l\u00e6knamaf\u00eduna \u00ed Danm\u00f6rku en reikna\u00f0i einhvernveginn ekki me\u00f0 a\u00f0 sannreyna \u00fea\u00f0 \u00e1 fyrsta \u00e1ri.\" \/>\n<meta property=\"og:url\" content=\"https:\/\/www.norn.is\/sapuopera\/2010\/06\/12\/af-donsku-laeknamafiunni\/\" \/>\n<meta property=\"og:site_name\" content=\"S\u00e1pu\u00f3pera\" \/>\n<meta property=\"article:published_time\" content=\"2010-06-12T20:57:31+00:00\" \/>\n<meta property=\"article:modified_time\" content=\"2017-09-08T00:11:22+00:00\" \/>\n<meta property=\"og:image\" content=\"http:\/\/www.norn.is\/sapuopera\/wp-content\/uploads\/sites\/14\/2017\/09\/Darri-eftir-aras.jpg\" \/>\n<meta name=\"author\" content=\"Eva Hauksd\u00f3ttir\" \/>\n<meta name=\"twitter:card\" content=\"summary_large_image\" \/>\n<meta name=\"twitter:label1\" content=\"Written by\" \/>\n\t<meta name=\"twitter:data1\" content=\"\" \/>\n\t<meta name=\"twitter:label2\" content=\"Est. reading time\" \/>\n\t<meta name=\"twitter:data2\" content=\"2 minutes\" \/>\n<script type=\"application\/ld+json\" class=\"yoast-schema-graph\">{\"@context\":\"https:\\\/\\\/schema.org\",\"@graph\":[{\"@type\":\"Article\",\"@id\":\"https:\\\/\\\/www.norn.is\\\/sapuopera\\\/2010\\\/06\\\/12\\\/af-donsku-laeknamafiunni\\\/#article\",\"isPartOf\":{\"@id\":\"https:\\\/\\\/www.norn.is\\\/sapuopera\\\/2010\\\/06\\\/12\\\/af-donsku-laeknamafiunni\\\/\"},\"author\":{\"name\":\"Eva Hauksd\u00f3ttir\",\"@id\":\"https:\\\/\\\/www.norn.is\\\/sapuopera\\\/#\\\/schema\\\/person\\\/2eb0fcae9e1ecc61987f7ed9c878531c\"},\"headline\":\"Af d\u00f6nsku l\u00e6knamaf\u00edunni\",\"datePublished\":\"2010-06-12T20:57:31+00:00\",\"dateModified\":\"2017-09-08T00:11:22+00:00\",\"mainEntityOfPage\":{\"@id\":\"https:\\\/\\\/www.norn.is\\\/sapuopera\\\/2010\\\/06\\\/12\\\/af-donsku-laeknamafiunni\\\/\"},\"wordCount\":496,\"image\":{\"@id\":\"https:\\\/\\\/www.norn.is\\\/sapuopera\\\/2010\\\/06\\\/12\\\/af-donsku-laeknamafiunni\\\/#primaryimage\"},\"thumbnailUrl\":\"http:\\\/\\\/www.norn.is\\\/sapuopera\\\/wp-content\\\/uploads\\\/sites\\\/14\\\/2017\\\/09\\\/Darri-eftir-aras.jpg\",\"keywords\":[\"Sonur minn Pysjan\"],\"articleSection\":[\"Limb\u00f3 11. hluti\",\"\u00d3flokka\u00f0 (allt efni)\"],\"inLanguage\":\"is\"},{\"@type\":\"WebPage\",\"@id\":\"https:\\\/\\\/www.norn.is\\\/sapuopera\\\/2010\\\/06\\\/12\\\/af-donsku-laeknamafiunni\\\/\",\"url\":\"https:\\\/\\\/www.norn.is\\\/sapuopera\\\/2010\\\/06\\\/12\\\/af-donsku-laeknamafiunni\\\/\",\"name\":\"Af d\u00f6nsku l\u00e6knamaf\u00edunni - S\u00e1pu\u00f3pera\",\"isPartOf\":{\"@id\":\"https:\\\/\\\/www.norn.is\\\/sapuopera\\\/#website\"},\"primaryImageOfPage\":{\"@id\":\"https:\\\/\\\/www.norn.is\\\/sapuopera\\\/2010\\\/06\\\/12\\\/af-donsku-laeknamafiunni\\\/#primaryimage\"},\"image\":{\"@id\":\"https:\\\/\\\/www.norn.is\\\/sapuopera\\\/2010\\\/06\\\/12\\\/af-donsku-laeknamafiunni\\\/#primaryimage\"},\"thumbnailUrl\":\"http:\\\/\\\/www.norn.is\\\/sapuopera\\\/wp-content\\\/uploads\\\/sites\\\/14\\\/2017\\\/09\\\/Darri-eftir-aras.jpg\",\"datePublished\":\"2010-06-12T20:57:31+00:00\",\"dateModified\":\"2017-09-08T00:11:22+00:00\",\"author\":{\"@id\":\"https:\\\/\\\/www.norn.is\\\/sapuopera\\\/#\\\/schema\\\/person\\\/2eb0fcae9e1ecc61987f7ed9c878531c\"},\"breadcrumb\":{\"@id\":\"https:\\\/\\\/www.norn.is\\\/sapuopera\\\/2010\\\/06\\\/12\\\/af-donsku-laeknamafiunni\\\/#breadcrumb\"},\"inLanguage\":\"is\",\"potentialAction\":[{\"@type\":\"ReadAction\",\"target\":[\"https:\\\/\\\/www.norn.is\\\/sapuopera\\\/2010\\\/06\\\/12\\\/af-donsku-laeknamafiunni\\\/\"]}]},{\"@type\":\"ImageObject\",\"inLanguage\":\"is\",\"@id\":\"https:\\\/\\\/www.norn.is\\\/sapuopera\\\/2010\\\/06\\\/12\\\/af-donsku-laeknamafiunni\\\/#primaryimage\",\"url\":\"http:\\\/\\\/www.norn.is\\\/sapuopera\\\/wp-content\\\/uploads\\\/sites\\\/14\\\/2017\\\/09\\\/Darri-eftir-aras.jpg\",\"contentUrl\":\"http:\\\/\\\/www.norn.is\\\/sapuopera\\\/wp-content\\\/uploads\\\/sites\\\/14\\\/2017\\\/09\\\/Darri-eftir-aras.jpg\"},{\"@type\":\"BreadcrumbList\",\"@id\":\"https:\\\/\\\/www.norn.is\\\/sapuopera\\\/2010\\\/06\\\/12\\\/af-donsku-laeknamafiunni\\\/#breadcrumb\",\"itemListElement\":[{\"@type\":\"ListItem\",\"position\":1,\"name\":\"Home\",\"item\":\"https:\\\/\\\/www.norn.is\\\/sapuopera\\\/\"},{\"@type\":\"ListItem\",\"position\":2,\"name\":\"Af d\u00f6nsku l\u00e6knamaf\u00edunni\"}]},{\"@type\":\"WebSite\",\"@id\":\"https:\\\/\\\/www.norn.is\\\/sapuopera\\\/#website\",\"url\":\"https:\\\/\\\/www.norn.is\\\/sapuopera\\\/\",\"name\":\"S\u00e1pu\u00f3pera\",\"description\":\"Dagb\u00f3k 2003-2011\",\"potentialAction\":[{\"@type\":\"SearchAction\",\"target\":{\"@type\":\"EntryPoint\",\"urlTemplate\":\"https:\\\/\\\/www.norn.is\\\/sapuopera\\\/?s={search_term_string}\"},\"query-input\":{\"@type\":\"PropertyValueSpecification\",\"valueRequired\":true,\"valueName\":\"search_term_string\"}}],\"inLanguage\":\"is\"},{\"@type\":\"Person\",\"@id\":\"https:\\\/\\\/www.norn.is\\\/sapuopera\\\/#\\\/schema\\\/person\\\/2eb0fcae9e1ecc61987f7ed9c878531c\",\"name\":\"Eva Hauksd\u00f3ttir\",\"sameAs\":[\"http:\\\/\\\/www.norn.is\"],\"url\":\"https:\\\/\\\/www.norn.is\\\/sapuopera\\\/author\\\/eva\\\/\"}]}<\/script>\n<!-- \/ Yoast SEO plugin. -->","yoast_head_json":{"title":"Af d\u00f6nsku l\u00e6knamaf\u00edunni - S\u00e1pu\u00f3pera","robots":{"index":"index","follow":"follow","max-snippet":"max-snippet:-1","max-image-preview":"max-image-preview:large","max-video-preview":"max-video-preview:-1"},"canonical":"https:\/\/www.norn.is\/sapuopera\/2010\/06\/12\/af-donsku-laeknamafiunni\/","og_locale":"is_IS","og_type":"article","og_title":"Af d\u00f6nsku l\u00e6knamaf\u00edunni - S\u00e1pu\u00f3pera","og_description":"\u00c9g veit ekki \u00far hverskonar morgunkornsp\u00f6kkum starfleyfi danskra l\u00e6kna eru upprunnin. Var a\u00f0 v\u00edsu b\u00fain a\u00f0 sj\u00e1 heimildamynd um l\u00e6knamaf\u00eduna \u00ed Danm\u00f6rku en reikna\u00f0i einhvernveginn ekki me\u00f0 a\u00f0 sannreyna \u00fea\u00f0 \u00e1 fyrsta \u00e1ri.","og_url":"https:\/\/www.norn.is\/sapuopera\/2010\/06\/12\/af-donsku-laeknamafiunni\/","og_site_name":"S\u00e1pu\u00f3pera","article_published_time":"2010-06-12T20:57:31+00:00","article_modified_time":"2017-09-08T00:11:22+00:00","og_image":[{"url":"http:\/\/www.norn.is\/sapuopera\/wp-content\/uploads\/sites\/14\/2017\/09\/Darri-eftir-aras.jpg","type":"","width":"","height":""}],"author":"Eva Hauksd\u00f3ttir","twitter_card":"summary_large_image","twitter_misc":{"Written by":false,"Est. reading time":"2 minutes"},"schema":{"@context":"https:\/\/schema.org","@graph":[{"@type":"Article","@id":"https:\/\/www.norn.is\/sapuopera\/2010\/06\/12\/af-donsku-laeknamafiunni\/#article","isPartOf":{"@id":"https:\/\/www.norn.is\/sapuopera\/2010\/06\/12\/af-donsku-laeknamafiunni\/"},"author":{"name":"Eva Hauksd\u00f3ttir","@id":"https:\/\/www.norn.is\/sapuopera\/#\/schema\/person\/2eb0fcae9e1ecc61987f7ed9c878531c"},"headline":"Af d\u00f6nsku l\u00e6knamaf\u00edunni","datePublished":"2010-06-12T20:57:31+00:00","dateModified":"2017-09-08T00:11:22+00:00","mainEntityOfPage":{"@id":"https:\/\/www.norn.is\/sapuopera\/2010\/06\/12\/af-donsku-laeknamafiunni\/"},"wordCount":496,"image":{"@id":"https:\/\/www.norn.is\/sapuopera\/2010\/06\/12\/af-donsku-laeknamafiunni\/#primaryimage"},"thumbnailUrl":"http:\/\/www.norn.is\/sapuopera\/wp-content\/uploads\/sites\/14\/2017\/09\/Darri-eftir-aras.jpg","keywords":["Sonur minn Pysjan"],"articleSection":["Limb\u00f3 11. hluti","\u00d3flokka\u00f0 (allt efni)"],"inLanguage":"is"},{"@type":"WebPage","@id":"https:\/\/www.norn.is\/sapuopera\/2010\/06\/12\/af-donsku-laeknamafiunni\/","url":"https:\/\/www.norn.is\/sapuopera\/2010\/06\/12\/af-donsku-laeknamafiunni\/","name":"Af d\u00f6nsku l\u00e6knamaf\u00edunni - S\u00e1pu\u00f3pera","isPartOf":{"@id":"https:\/\/www.norn.is\/sapuopera\/#website"},"primaryImageOfPage":{"@id":"https:\/\/www.norn.is\/sapuopera\/2010\/06\/12\/af-donsku-laeknamafiunni\/#primaryimage"},"image":{"@id":"https:\/\/www.norn.is\/sapuopera\/2010\/06\/12\/af-donsku-laeknamafiunni\/#primaryimage"},"thumbnailUrl":"http:\/\/www.norn.is\/sapuopera\/wp-content\/uploads\/sites\/14\/2017\/09\/Darri-eftir-aras.jpg","datePublished":"2010-06-12T20:57:31+00:00","dateModified":"2017-09-08T00:11:22+00:00","author":{"@id":"https:\/\/www.norn.is\/sapuopera\/#\/schema\/person\/2eb0fcae9e1ecc61987f7ed9c878531c"},"breadcrumb":{"@id":"https:\/\/www.norn.is\/sapuopera\/2010\/06\/12\/af-donsku-laeknamafiunni\/#breadcrumb"},"inLanguage":"is","potentialAction":[{"@type":"ReadAction","target":["https:\/\/www.norn.is\/sapuopera\/2010\/06\/12\/af-donsku-laeknamafiunni\/"]}]},{"@type":"ImageObject","inLanguage":"is","@id":"https:\/\/www.norn.is\/sapuopera\/2010\/06\/12\/af-donsku-laeknamafiunni\/#primaryimage","url":"http:\/\/www.norn.is\/sapuopera\/wp-content\/uploads\/sites\/14\/2017\/09\/Darri-eftir-aras.jpg","contentUrl":"http:\/\/www.norn.is\/sapuopera\/wp-content\/uploads\/sites\/14\/2017\/09\/Darri-eftir-aras.jpg"},{"@type":"BreadcrumbList","@id":"https:\/\/www.norn.is\/sapuopera\/2010\/06\/12\/af-donsku-laeknamafiunni\/#breadcrumb","itemListElement":[{"@type":"ListItem","position":1,"name":"Home","item":"https:\/\/www.norn.is\/sapuopera\/"},{"@type":"ListItem","position":2,"name":"Af d\u00f6nsku l\u00e6knamaf\u00edunni"}]},{"@type":"WebSite","@id":"https:\/\/www.norn.is\/sapuopera\/#website","url":"https:\/\/www.norn.is\/sapuopera\/","name":"S\u00e1pu\u00f3pera","description":"Dagb\u00f3k 2003-2011","potentialAction":[{"@type":"SearchAction","target":{"@type":"EntryPoint","urlTemplate":"https:\/\/www.norn.is\/sapuopera\/?s={search_term_string}"},"query-input":{"@type":"PropertyValueSpecification","valueRequired":true,"valueName":"search_term_string"}}],"inLanguage":"is"},{"@type":"Person","@id":"https:\/\/www.norn.is\/sapuopera\/#\/schema\/person\/2eb0fcae9e1ecc61987f7ed9c878531c","name":"Eva Hauksd\u00f3ttir","sameAs":["http:\/\/www.norn.is"],"url":"https:\/\/www.norn.is\/sapuopera\/author\/eva\/"}]}},"_links":{"self":[{"href":"https:\/\/www.norn.is\/sapuopera\/wp-json\/wp\/v2\/posts\/12611","targetHints":{"allow":["GET"]}}],"collection":[{"href":"https:\/\/www.norn.is\/sapuopera\/wp-json\/wp\/v2\/posts"}],"about":[{"href":"https:\/\/www.norn.is\/sapuopera\/wp-json\/wp\/v2\/types\/post"}],"author":[{"embeddable":true,"href":"https:\/\/www.norn.is\/sapuopera\/wp-json\/wp\/v2\/users\/2"}],"replies":[{"embeddable":true,"href":"https:\/\/www.norn.is\/sapuopera\/wp-json\/wp\/v2\/comments?post=12611"}],"version-history":[{"count":2,"href":"https:\/\/www.norn.is\/sapuopera\/wp-json\/wp\/v2\/posts\/12611\/revisions"}],"predecessor-version":[{"id":12741,"href":"https:\/\/www.norn.is\/sapuopera\/wp-json\/wp\/v2\/posts\/12611\/revisions\/12741"}],"wp:attachment":[{"href":"https:\/\/www.norn.is\/sapuopera\/wp-json\/wp\/v2\/media?parent=12611"}],"wp:term":[{"taxonomy":"category","embeddable":true,"href":"https:\/\/www.norn.is\/sapuopera\/wp-json\/wp\/v2\/categories?post=12611"},{"taxonomy":"post_tag","embeddable":true,"href":"https:\/\/www.norn.is\/sapuopera\/wp-json\/wp\/v2\/tags?post=12611"}],"curies":[{"name":"wp","href":"https:\/\/api.w.org\/{rel}","templated":true}]}}