{"id":979,"date":"2014-06-01T10:47:00","date_gmt":"2014-06-01T10:47:00","guid":{"rendered":"http:\/\/www.norn.is\/pistlar\/?p=979"},"modified":"2018-09-18T16:26:14","modified_gmt":"2018-09-18T16:26:14","slug":"motmaelum-framsokn-a-islandi","status":"publish","type":"post","link":"https:\/\/www.norn.is\/pistlar\/motmaelum-framsokn-a-islandi\/","title":{"rendered":"M\u00f3tm\u00e6lum Frams\u00f3kn \u00e1 \u00cdslandi"},"content":{"rendered":"<p><a href=\"http:\/\/www.norn.is\/pistlar\/wp-content\/uploads\/sites\/2\/2014\/08\/slenski-fninn-688x451.jpg\"><img loading=\"lazy\" decoding=\"async\" class=\"alignleft size-full wp-image-980\" src=\"http:\/\/www.norn.is\/pistlar\/wp-content\/uploads\/sites\/2\/2014\/08\/slenski-fninn-688x451.jpg\" alt=\"slenski-fninn-688x451\" width=\"688\" height=\"451\" srcset=\"https:\/\/www.norn.is\/pistlar\/wp-content\/uploads\/sites\/2\/2014\/08\/slenski-fninn-688x451.jpg 688w, https:\/\/www.norn.is\/pistlar\/wp-content\/uploads\/sites\/2\/2014\/08\/slenski-fninn-688x451-300x196.jpg 300w\" sizes=\"auto, (max-width: 688px) 100vw, 688px\" \/><\/a><\/p>\n<p>N\u00fa hefur einhver stofna\u00f0 Facebooks\u00ed\u00f0u undir heitinu <em><a href=\"https:\/\/www.facebook.com\/pages\/M%C3%B3tm%C3%A6lum-Frams%C3%B3kn-%C3%A1-%C3%8Dslandi\/285902428253760?\">M\u00f3tm\u00e6lum Frams\u00f3kn \u00e1 \u00cdslandi<\/a><\/em>. \u00a0Nafn h\u00f3psins, opnumyndin og pr\u00f3f\u00edlmyndin benda til \u00feess a\u00f0 s\u00ed\u00f0an s\u00e9 stofnu\u00f0 \u00ed h\u00e1lfk\u00e6ringi og \u00e9g s\u00e9 alveg h\u00famorinn \u00ed \u00fev\u00ed.<!--more--><\/p>\n<p>En yfirskrift s\u00ed\u00f0unnar, sem speglar \u00e1r\u00f3\u00f0urinn sem rekinn er undir merkjum h\u00f3psins <em>M\u00f3tm\u00e6lum mosku \u00e1 \u00cdslandi<\/em>\u00a0 er \u00fev\u00ed mi\u00f0ur vi\u00f0horf sem allt of margir hafa \u00ed fullri alv\u00f6ru:<\/p>\n<blockquote class=\"center\"><p>\u00dea\u00f0 er \u00f6ryggism\u00e1l, a\u00f0 ekki ver\u00f0i leyf\u00f0 \u00fej\u00f3\u00f0ernishyggja \u00e1 \u00cdslandi, \u00fear sem undirb\u00faningur hry\u00f0juverka vir\u00f0ist oft eiga uppt\u00f6k s\u00edn hj\u00e1 h\u00e6gri \u00f6fgam\u00f6nnum.<\/p><\/blockquote>\n<p>\u00de\u00f3tt \u00e9g \u00feykist nokku\u00f0 viss um a\u00f0 \u00feetta s\u00e9 ekki sannf\u00e6ring \u00feeirra sem stofnu\u00f0u h\u00f3pinn, heldur skot \u00e1 \u00fej\u00f3\u00f0ernissinna, \u00fe\u00e1 skulum vi\u00f0 samt athuga a\u00f0 \u00e1 Nor\u00f0url\u00f6ndunum er <a href=\"http:\/\/forrettindafeminismi.files.wordpress.com\/2013\/03\/antifeminisme.pdf\">raunverulega veri\u00f0 a\u00f0 reyna a\u00f0 banna sko\u00f0anir sem bera lit af and\u00fa\u00f0 \u00e1 kyn\u00fe\u00e1ttum og tr\u00faflokkum<\/a>. Og ekki n\u00f3g me\u00f0 \u00fea\u00f0 heldur l\u00edka \u201eand-feminisma\u201c me\u00f0al annars sko\u00f0anir \u00feeirra sem benda \u00e1 a\u00f0 feminismi er einmitt sama e\u00f0lis og rasismi.<\/p>\n<p>Me\u00f0 fullri vir\u00f0ingu fyrir \u00feeim sem vilja standa v\u00f6r\u00f0 um r\u00e9ttindi minnihlutah\u00f3pa, \u00fe\u00e1 er sko\u00f0anak\u00fagun eitt sk\u00fdrasta merki fasisma og \u00fea\u00f0 er \u00ed meira lagi kaldh\u00e6\u00f0nislegt a\u00f0 berjast gegn rasisma me\u00f0 fasisma.<\/p>\n<p>Vondar sko\u00f0anir ver\u00f0a ekki uppr\u00e6ttar me\u00f0 sker\u00f0ingu borgaralegra r\u00e9ttinda. Eina noth\u00e6fa a\u00f0fer\u00f0in til \u00feess a\u00f0 takast \u00e1 vi\u00f0 \u00fej\u00f3\u00f0ernishyggju er a\u00f0 afhj\u00fapa hana. Draga hana upp \u00e1 yfirbo\u00f0i\u00f0, benda \u00e1 r\u00f6kvillurnar og gagnaf\u00f6lsunina sem einkennir \u00feann hr\u00e6\u00f0slu\u00e1r\u00f3\u00f0ur sem nazistar gera \u00fat \u00e1. \u00a0Og vi\u00f0 skulum bara hafa \u00fea\u00f0 hugfast a\u00f0 ef vi\u00f0 l\u00e1tum \u00fea\u00f0 vi\u00f0gangast a\u00f0 tj\u00e1ningarfrelsi og f\u00e9lagafrelsi s\u00e9 skert, \u00fe\u00e1 g\u00e6ti \u00fea\u00f0 bitna\u00f0 \u00e1 samherjum okkar n\u00e6st.<\/p>\n<p>Reynum \u00fev\u00ed a\u00f0 losna vi\u00f0 Frams\u00f3kn \u00e1 \u00cdslandi me\u00f0 \u00fev\u00ed a\u00f0 m\u00f3tm\u00e6la m\u00e1lflutningi Frams\u00f3knar \u00e1 \u00cdslandi en ekki me\u00f0 \u00fev\u00ed a\u00f0 m\u00f3tm\u00e6la r\u00e9tti f\u00f3lks til a\u00f0 stofna Frams\u00f3knarflokka. Me\u00f0 \u00fev\u00ed h\u00f6f\u00f0a til skynsemi \u00feeirra sem \u00f3ttast \u00e1hrif \u00fatlendinga en ekki me\u00f0 \u00fev\u00ed a\u00f0 banna h\u00e1lfvitaskap og illsku. Me\u00f0 \u00fev\u00ed a\u00f0 draga nazismann \u00fat \u00far greni s\u00ednu en ekki hrekja hann lengra undir yfirbor\u00f0i\u00f0. \u00dea\u00f0 er nefnilega ekki h\u00e6gt a\u00f0 breyta vi\u00f0horfum me\u00f0 \u00fev\u00ed a\u00f0 banna \u00feau.<\/p>\n<p><a href=\"http:\/\/www.norn.is\/pistlar\/wp-content\/uploads\/sites\/2\/2014\/08\/tjaningarfrelsi.png\"><img loading=\"lazy\" decoding=\"async\" class=\"aligncenter wp-image-981\" src=\"http:\/\/www.norn.is\/pistlar\/wp-content\/uploads\/sites\/2\/2014\/08\/tjaningarfrelsi.png\" alt=\"tjaningarfrelsi\" width=\"700\" height=\"334\" srcset=\"https:\/\/www.norn.is\/pistlar\/wp-content\/uploads\/sites\/2\/2014\/08\/tjaningarfrelsi.png 791w, https:\/\/www.norn.is\/pistlar\/wp-content\/uploads\/sites\/2\/2014\/08\/tjaningarfrelsi-300x142.png 300w\" sizes=\"auto, (max-width: 700px) 100vw, 700px\" \/><\/a><\/p>\n","protected":false},"excerpt":{"rendered":"<p>N\u00fa hefur einhver stofna\u00f0 Facebooks\u00ed\u00f0u undir heitinu M\u00f3tm\u00e6lum Frams\u00f3kn \u00e1 \u00cdslandi. \u00a0Nafn h\u00f3psins, opnumyndin og pr\u00f3f\u00edlmyndin benda til \u00feess a\u00f0 s\u00ed\u00f0an s\u00e9 stofnu\u00f0 \u00ed h\u00e1lfk\u00e6ringi og \u00e9g s\u00e9 alveg h\u00famorinn \u00ed \u00fev\u00ed.<\/p>\n","protected":false},"author":2,"featured_media":980,"comment_status":"closed","ping_status":"closed","sticky":false,"template":"","format":"standard","meta":{"footnotes":"","_links_to":"","_links_to_target":""},"categories":[11,1],"tags":[219,71,1091],"class_list":["post-979","post","type-post","status-publish","format-standard","has-post-thumbnail","hentry","category-mannrettindi","category-pistlar","tag-asnar","tag-framsokn","tag-kynthatta-og-thjodernishyggja"],"yoast_head":"<!-- This site is optimized with the Yoast SEO plugin v27.5 - https:\/\/yoast.com\/product\/yoast-seo-wordpress\/ -->\n<title>M\u00f3tm\u00e6lum Frams\u00f3kn \u00e1 \u00cdslandi - Pistlar Evu<\/title>\n<meta name=\"robots\" content=\"index, follow, max-snippet:-1, max-image-preview:large, max-video-preview:-1\" \/>\n<link rel=\"canonical\" href=\"https:\/\/www.norn.is\/pistlar\/motmaelum-framsokn-a-islandi\/\" \/>\n<meta property=\"og:locale\" content=\"is_IS\" \/>\n<meta property=\"og:type\" content=\"article\" \/>\n<meta property=\"og:title\" content=\"M\u00f3tm\u00e6lum Frams\u00f3kn \u00e1 \u00cdslandi - Pistlar Evu\" \/>\n<meta property=\"og:description\" content=\"N\u00fa hefur einhver stofna\u00f0 Facebooks\u00ed\u00f0u undir heitinu M\u00f3tm\u00e6lum Frams\u00f3kn \u00e1 \u00cdslandi. \u00a0Nafn h\u00f3psins, opnumyndin og pr\u00f3f\u00edlmyndin benda til \u00feess a\u00f0 s\u00ed\u00f0an s\u00e9 stofnu\u00f0 \u00ed h\u00e1lfk\u00e6ringi og \u00e9g s\u00e9 alveg h\u00famorinn \u00ed \u00fev\u00ed.\" \/>\n<meta property=\"og:url\" content=\"https:\/\/www.norn.is\/pistlar\/motmaelum-framsokn-a-islandi\/\" \/>\n<meta property=\"og:site_name\" content=\"Pistlar Evu\" \/>\n<meta property=\"article:published_time\" content=\"2014-06-01T10:47:00+00:00\" \/>\n<meta property=\"article:modified_time\" content=\"2018-09-18T16:26:14+00:00\" \/>\n<meta property=\"og:image\" content=\"https:\/\/www.norn.is\/pistlar\/wp-content\/uploads\/sites\/2\/2014\/08\/slenski-fninn-688x451.jpg\" \/>\n\t<meta property=\"og:image:width\" content=\"688\" \/>\n\t<meta property=\"og:image:height\" content=\"451\" \/>\n\t<meta property=\"og:image:type\" content=\"image\/jpeg\" \/>\n<meta name=\"author\" content=\"Eva Hauksd\u00f3ttir\" \/>\n<meta name=\"twitter:card\" content=\"summary_large_image\" \/>\n<meta name=\"twitter:label1\" content=\"Written by\" \/>\n\t<meta name=\"twitter:data1\" content=\"\" \/>\n\t<meta name=\"twitter:label2\" content=\"Est. reading time\" \/>\n\t<meta name=\"twitter:data2\" content=\"2 minutes\" \/>\n<script type=\"application\/ld+json\" class=\"yoast-schema-graph\">{\"@context\":\"https:\\\/\\\/schema.org\",\"@graph\":[{\"@type\":\"Article\",\"@id\":\"https:\\\/\\\/www.norn.is\\\/pistlar\\\/motmaelum-framsokn-a-islandi\\\/#article\",\"isPartOf\":{\"@id\":\"https:\\\/\\\/www.norn.is\\\/pistlar\\\/motmaelum-framsokn-a-islandi\\\/\"},\"author\":{\"name\":\"Eva Hauksd\u00f3ttir\",\"@id\":\"https:\\\/\\\/www.norn.is\\\/pistlar\\\/#\\\/schema\\\/person\\\/2eb0fcae9e1ecc61987f7ed9c878531c\"},\"headline\":\"M\u00f3tm\u00e6lum Frams\u00f3kn \u00e1 \u00cdslandi\",\"datePublished\":\"2014-06-01T10:47:00+00:00\",\"dateModified\":\"2018-09-18T16:26:14+00:00\",\"mainEntityOfPage\":{\"@id\":\"https:\\\/\\\/www.norn.is\\\/pistlar\\\/motmaelum-framsokn-a-islandi\\\/\"},\"wordCount\":401,\"image\":{\"@id\":\"https:\\\/\\\/www.norn.is\\\/pistlar\\\/motmaelum-framsokn-a-islandi\\\/#primaryimage\"},\"thumbnailUrl\":\"https:\\\/\\\/www.norn.is\\\/pistlar\\\/wp-content\\\/uploads\\\/sites\\\/2\\\/2014\\\/08\\\/slenski-fninn-688x451.jpg\",\"keywords\":[\"Asnar\",\"Frams\u00f3kn\",\"Kyn\u00fe\u00e1tta- og \u00fej\u00f3\u00f0ernishyggja\"],\"articleSection\":[\"Mannr\u00e9ttinda og fri\u00f0arm\u00e1l\",\"Pistlar um samf\u00e9lagsm\u00e1l\"],\"inLanguage\":\"is\"},{\"@type\":\"WebPage\",\"@id\":\"https:\\\/\\\/www.norn.is\\\/pistlar\\\/motmaelum-framsokn-a-islandi\\\/\",\"url\":\"https:\\\/\\\/www.norn.is\\\/pistlar\\\/motmaelum-framsokn-a-islandi\\\/\",\"name\":\"M\u00f3tm\u00e6lum Frams\u00f3kn \u00e1 \u00cdslandi - Pistlar Evu\",\"isPartOf\":{\"@id\":\"https:\\\/\\\/www.norn.is\\\/pistlar\\\/#website\"},\"primaryImageOfPage\":{\"@id\":\"https:\\\/\\\/www.norn.is\\\/pistlar\\\/motmaelum-framsokn-a-islandi\\\/#primaryimage\"},\"image\":{\"@id\":\"https:\\\/\\\/www.norn.is\\\/pistlar\\\/motmaelum-framsokn-a-islandi\\\/#primaryimage\"},\"thumbnailUrl\":\"https:\\\/\\\/www.norn.is\\\/pistlar\\\/wp-content\\\/uploads\\\/sites\\\/2\\\/2014\\\/08\\\/slenski-fninn-688x451.jpg\",\"datePublished\":\"2014-06-01T10:47:00+00:00\",\"dateModified\":\"2018-09-18T16:26:14+00:00\",\"author\":{\"@id\":\"https:\\\/\\\/www.norn.is\\\/pistlar\\\/#\\\/schema\\\/person\\\/2eb0fcae9e1ecc61987f7ed9c878531c\"},\"breadcrumb\":{\"@id\":\"https:\\\/\\\/www.norn.is\\\/pistlar\\\/motmaelum-framsokn-a-islandi\\\/#breadcrumb\"},\"inLanguage\":\"is\",\"potentialAction\":[{\"@type\":\"ReadAction\",\"target\":[\"https:\\\/\\\/www.norn.is\\\/pistlar\\\/motmaelum-framsokn-a-islandi\\\/\"]}]},{\"@type\":\"ImageObject\",\"inLanguage\":\"is\",\"@id\":\"https:\\\/\\\/www.norn.is\\\/pistlar\\\/motmaelum-framsokn-a-islandi\\\/#primaryimage\",\"url\":\"https:\\\/\\\/www.norn.is\\\/pistlar\\\/wp-content\\\/uploads\\\/sites\\\/2\\\/2014\\\/08\\\/slenski-fninn-688x451.jpg\",\"contentUrl\":\"https:\\\/\\\/www.norn.is\\\/pistlar\\\/wp-content\\\/uploads\\\/sites\\\/2\\\/2014\\\/08\\\/slenski-fninn-688x451.jpg\",\"width\":688,\"height\":451},{\"@type\":\"BreadcrumbList\",\"@id\":\"https:\\\/\\\/www.norn.is\\\/pistlar\\\/motmaelum-framsokn-a-islandi\\\/#breadcrumb\",\"itemListElement\":[{\"@type\":\"ListItem\",\"position\":1,\"name\":\"Home\",\"item\":\"https:\\\/\\\/www.norn.is\\\/pistlar\\\/\"},{\"@type\":\"ListItem\",\"position\":2,\"name\":\"M\u00f3tm\u00e6lum Frams\u00f3kn \u00e1 \u00cdslandi\"}]},{\"@type\":\"WebSite\",\"@id\":\"https:\\\/\\\/www.norn.is\\\/pistlar\\\/#website\",\"url\":\"https:\\\/\\\/www.norn.is\\\/pistlar\\\/\",\"name\":\"Pistlar Evu\",\"description\":\"\",\"potentialAction\":[{\"@type\":\"SearchAction\",\"target\":{\"@type\":\"EntryPoint\",\"urlTemplate\":\"https:\\\/\\\/www.norn.is\\\/pistlar\\\/?s={search_term_string}\"},\"query-input\":{\"@type\":\"PropertyValueSpecification\",\"valueRequired\":true,\"valueName\":\"search_term_string\"}}],\"inLanguage\":\"is\"},{\"@type\":\"Person\",\"@id\":\"https:\\\/\\\/www.norn.is\\\/pistlar\\\/#\\\/schema\\\/person\\\/2eb0fcae9e1ecc61987f7ed9c878531c\",\"name\":\"Eva Hauksd\u00f3ttir\",\"sameAs\":[\"http:\\\/\\\/www.norn.is\"],\"url\":\"https:\\\/\\\/www.norn.is\\\/pistlar\\\/author\\\/eva\\\/\"}]}<\/script>\n<!-- \/ Yoast SEO plugin. -->","yoast_head_json":{"title":"M\u00f3tm\u00e6lum Frams\u00f3kn \u00e1 \u00cdslandi - Pistlar Evu","robots":{"index":"index","follow":"follow","max-snippet":"max-snippet:-1","max-image-preview":"max-image-preview:large","max-video-preview":"max-video-preview:-1"},"canonical":"https:\/\/www.norn.is\/pistlar\/motmaelum-framsokn-a-islandi\/","og_locale":"is_IS","og_type":"article","og_title":"M\u00f3tm\u00e6lum Frams\u00f3kn \u00e1 \u00cdslandi - Pistlar Evu","og_description":"N\u00fa hefur einhver stofna\u00f0 Facebooks\u00ed\u00f0u undir heitinu M\u00f3tm\u00e6lum Frams\u00f3kn \u00e1 \u00cdslandi. \u00a0Nafn h\u00f3psins, opnumyndin og pr\u00f3f\u00edlmyndin benda til \u00feess a\u00f0 s\u00ed\u00f0an s\u00e9 stofnu\u00f0 \u00ed h\u00e1lfk\u00e6ringi og \u00e9g s\u00e9 alveg h\u00famorinn \u00ed \u00fev\u00ed.","og_url":"https:\/\/www.norn.is\/pistlar\/motmaelum-framsokn-a-islandi\/","og_site_name":"Pistlar Evu","article_published_time":"2014-06-01T10:47:00+00:00","article_modified_time":"2018-09-18T16:26:14+00:00","og_image":[{"width":688,"height":451,"url":"https:\/\/www.norn.is\/pistlar\/wp-content\/uploads\/sites\/2\/2014\/08\/slenski-fninn-688x451.jpg","type":"image\/jpeg"}],"author":"Eva Hauksd\u00f3ttir","twitter_card":"summary_large_image","twitter_misc":{"Written by":false,"Est. reading time":"2 minutes"},"schema":{"@context":"https:\/\/schema.org","@graph":[{"@type":"Article","@id":"https:\/\/www.norn.is\/pistlar\/motmaelum-framsokn-a-islandi\/#article","isPartOf":{"@id":"https:\/\/www.norn.is\/pistlar\/motmaelum-framsokn-a-islandi\/"},"author":{"name":"Eva Hauksd\u00f3ttir","@id":"https:\/\/www.norn.is\/pistlar\/#\/schema\/person\/2eb0fcae9e1ecc61987f7ed9c878531c"},"headline":"M\u00f3tm\u00e6lum Frams\u00f3kn \u00e1 \u00cdslandi","datePublished":"2014-06-01T10:47:00+00:00","dateModified":"2018-09-18T16:26:14+00:00","mainEntityOfPage":{"@id":"https:\/\/www.norn.is\/pistlar\/motmaelum-framsokn-a-islandi\/"},"wordCount":401,"image":{"@id":"https:\/\/www.norn.is\/pistlar\/motmaelum-framsokn-a-islandi\/#primaryimage"},"thumbnailUrl":"https:\/\/www.norn.is\/pistlar\/wp-content\/uploads\/sites\/2\/2014\/08\/slenski-fninn-688x451.jpg","keywords":["Asnar","Frams\u00f3kn","Kyn\u00fe\u00e1tta- og \u00fej\u00f3\u00f0ernishyggja"],"articleSection":["Mannr\u00e9ttinda og fri\u00f0arm\u00e1l","Pistlar um samf\u00e9lagsm\u00e1l"],"inLanguage":"is"},{"@type":"WebPage","@id":"https:\/\/www.norn.is\/pistlar\/motmaelum-framsokn-a-islandi\/","url":"https:\/\/www.norn.is\/pistlar\/motmaelum-framsokn-a-islandi\/","name":"M\u00f3tm\u00e6lum Frams\u00f3kn \u00e1 \u00cdslandi - Pistlar Evu","isPartOf":{"@id":"https:\/\/www.norn.is\/pistlar\/#website"},"primaryImageOfPage":{"@id":"https:\/\/www.norn.is\/pistlar\/motmaelum-framsokn-a-islandi\/#primaryimage"},"image":{"@id":"https:\/\/www.norn.is\/pistlar\/motmaelum-framsokn-a-islandi\/#primaryimage"},"thumbnailUrl":"https:\/\/www.norn.is\/pistlar\/wp-content\/uploads\/sites\/2\/2014\/08\/slenski-fninn-688x451.jpg","datePublished":"2014-06-01T10:47:00+00:00","dateModified":"2018-09-18T16:26:14+00:00","author":{"@id":"https:\/\/www.norn.is\/pistlar\/#\/schema\/person\/2eb0fcae9e1ecc61987f7ed9c878531c"},"breadcrumb":{"@id":"https:\/\/www.norn.is\/pistlar\/motmaelum-framsokn-a-islandi\/#breadcrumb"},"inLanguage":"is","potentialAction":[{"@type":"ReadAction","target":["https:\/\/www.norn.is\/pistlar\/motmaelum-framsokn-a-islandi\/"]}]},{"@type":"ImageObject","inLanguage":"is","@id":"https:\/\/www.norn.is\/pistlar\/motmaelum-framsokn-a-islandi\/#primaryimage","url":"https:\/\/www.norn.is\/pistlar\/wp-content\/uploads\/sites\/2\/2014\/08\/slenski-fninn-688x451.jpg","contentUrl":"https:\/\/www.norn.is\/pistlar\/wp-content\/uploads\/sites\/2\/2014\/08\/slenski-fninn-688x451.jpg","width":688,"height":451},{"@type":"BreadcrumbList","@id":"https:\/\/www.norn.is\/pistlar\/motmaelum-framsokn-a-islandi\/#breadcrumb","itemListElement":[{"@type":"ListItem","position":1,"name":"Home","item":"https:\/\/www.norn.is\/pistlar\/"},{"@type":"ListItem","position":2,"name":"M\u00f3tm\u00e6lum Frams\u00f3kn \u00e1 \u00cdslandi"}]},{"@type":"WebSite","@id":"https:\/\/www.norn.is\/pistlar\/#website","url":"https:\/\/www.norn.is\/pistlar\/","name":"Pistlar Evu","description":"","potentialAction":[{"@type":"SearchAction","target":{"@type":"EntryPoint","urlTemplate":"https:\/\/www.norn.is\/pistlar\/?s={search_term_string}"},"query-input":{"@type":"PropertyValueSpecification","valueRequired":true,"valueName":"search_term_string"}}],"inLanguage":"is"},{"@type":"Person","@id":"https:\/\/www.norn.is\/pistlar\/#\/schema\/person\/2eb0fcae9e1ecc61987f7ed9c878531c","name":"Eva Hauksd\u00f3ttir","sameAs":["http:\/\/www.norn.is"],"url":"https:\/\/www.norn.is\/pistlar\/author\/eva\/"}]}},"_links":{"self":[{"href":"https:\/\/www.norn.is\/pistlar\/wp-json\/wp\/v2\/posts\/979","targetHints":{"allow":["GET"]}}],"collection":[{"href":"https:\/\/www.norn.is\/pistlar\/wp-json\/wp\/v2\/posts"}],"about":[{"href":"https:\/\/www.norn.is\/pistlar\/wp-json\/wp\/v2\/types\/post"}],"author":[{"embeddable":true,"href":"https:\/\/www.norn.is\/pistlar\/wp-json\/wp\/v2\/users\/2"}],"replies":[{"embeddable":true,"href":"https:\/\/www.norn.is\/pistlar\/wp-json\/wp\/v2\/comments?post=979"}],"version-history":[{"count":5,"href":"https:\/\/www.norn.is\/pistlar\/wp-json\/wp\/v2\/posts\/979\/revisions"}],"predecessor-version":[{"id":11030,"href":"https:\/\/www.norn.is\/pistlar\/wp-json\/wp\/v2\/posts\/979\/revisions\/11030"}],"wp:featuredmedia":[{"embeddable":true,"href":"https:\/\/www.norn.is\/pistlar\/wp-json\/wp\/v2\/media\/980"}],"wp:attachment":[{"href":"https:\/\/www.norn.is\/pistlar\/wp-json\/wp\/v2\/media?parent=979"}],"wp:term":[{"taxonomy":"category","embeddable":true,"href":"https:\/\/www.norn.is\/pistlar\/wp-json\/wp\/v2\/categories?post=979"},{"taxonomy":"post_tag","embeddable":true,"href":"https:\/\/www.norn.is\/pistlar\/wp-json\/wp\/v2\/tags?post=979"}],"curies":[{"name":"wp","href":"https:\/\/api.w.org\/{rel}","templated":true}]}}