{"id":9191,"date":"2012-02-17T18:16:17","date_gmt":"2012-02-17T18:16:17","guid":{"rendered":"http:\/\/www.pistillinn.is\/?p=1182"},"modified":"2016-08-01T08:35:22","modified_gmt":"2016-08-01T08:35:22","slug":"kenningagrundvollur-thjodkirkjunnar","status":"publish","type":"post","link":"https:\/\/www.norn.is\/pistlar\/kenningagrundvollur-thjodkirkjunnar\/","title":{"rendered":"Kenningagrundv\u00f6llur \u00dej\u00f3\u00f0kirkjunnar"},"content":{"rendered":"<p>\u00deegar b\u00f6rn fermast, fara \u00feau me\u00f0 \u00e1kve\u00f0na <a href=\"http:\/\/www2.kirkjan.is\/node\/85\">tr\u00faarj\u00e1tningu<\/a>. Me\u00f0 henni l\u00fdsa \u00feau tr\u00fa \u00e1 margskonar \u00fev\u00e6lu sem afskaplega f\u00e1ir tr\u00faa \u00ed raun, t.d. meyf\u00e6\u00f0inguna. Einnig vi\u00f0urkenningu \u00e1 heilagleik kirkjunnar, semsagt \u00fev\u00ed a\u00f0 ekki skuli efast um kenningargrundv\u00f6ll hennar og t\u00falkun yfirmanna hennar \u00e1 Bibl\u00edunni. Reyndar m\u00e1 vel draga \u00ed efa a\u00f0 14 \u00e1ra b\u00f6rn hafi forsendur til \u00feess a\u00f0 skilja hva\u00f0 felst \u00ed \u00fev\u00ed a\u00f0 l\u00fdsa yfir tr\u00fa \u00e1 heilagleik stofnunar en ekki er s\u00ed\u00f0ur gagnr\u00fdnivert a\u00f0 \u00feau eru l\u00e1tin l\u00fdsa \u00feessu yfir \u00fe\u00f3tt \u00feau hafi s\u00e1ralitla \u00feekkingu \u00e1 kenningagrundvelli hennar og hafi ekki einu sinni lesi\u00f0\u00a0<a href=\"http:\/\/www2.kirkjan.is\/node\/88\">\u00c1gsborgarj\u00e1tninguna<\/a>\u00a0fr\u00e1 1530, sem var \u00fe\u00f3 \u00e6tla\u00f0 a\u00f0 r\u00f6ksty\u00f0ja \u00fea\u00f0 sem \u00e1 \u00feeim t\u00edma taldist frj\u00e1lslyndi.<!--more--><\/p>\n<p>B\u00f6rnum er \u00feannig ekki kynnt s\u00fa afsta\u00f0a kirkjunnar a\u00f0 h\u00fan ford\u00e6mi:<br \/>\n&#8211;\u00a0<a href=\"http:\/\/www2.kirkjan.is\/node\/102\">muslimi<\/a>,<br \/>\n&#8211; \u00fe\u00e1 sem ekki j\u00e1ta a\u00f0\u00a0<a href=\"http:\/\/www2.kirkjan.is\/node\/103\">ma\u00f0urinn s\u00e9 f\u00e6ddur syndugur<\/a>,<br \/>\n&#8211; endursk\u00edrendur (t.d. Amishf\u00f3lki\u00f0) og a\u00f0ra \u00fe\u00e1 sem hafna \u00fev\u00ed a\u00f0\u00a0<a href=\"http:\/\/www2.kirkjan.is\/node\/110\">barnssk\u00edrnin s\u00e9 nau\u00f0synleg<\/a>\u00a0til a\u00f0 manneskjan ver\u00f0i h\u00f3lpin (m.\u00f6.o. \u00fe\u00e1 sem tr\u00faa \u00fev\u00ed ekki a\u00f0 b\u00f6rn fari til Helv\u00edtis ef \u00feau deyja \u00f3sk\u00edr\u00f0)<br \/>\n&#8211; \u00fe\u00e1 sem tr\u00faa \u00fev\u00ed a\u00f0\u00a0<a href=\"http:\/\/www2.kirkjan.is\/node\/106\">menn geti \u00f6\u00f0last gu\u00f0d\u00f3mlega opinberun eftir \u00f6\u00f0rum lei\u00f0um<\/a>\u00a0en \u00ed gegnum uppfr\u00e6\u00f0slu kirkjunnar og sakramenti hennar<br \/>\n&#8211; \u00fe\u00e1 sem\u00a0<a href=\"http:\/\/www2.kirkjan.is\/node\/118\">tr\u00faa ekki \u00e1 eil\u00edfa vist \u00ed Helv\u00edti<\/a><br \/>\n&#8211; og l\u00fdsa<a href=\"http:\/\/www2.kirkjan.is\/node\/111\">\u00a0van\u00fe\u00f3knun \u00e1 \u00feeim sem l\u00edta \u00e1 alatissakramenti\u00f0 eing\u00f6ngu sem t\u00e1kr\u00e6na ath\u00f6fn<\/a>\u00a0og hafna \u00fev\u00ed a\u00f0 \u00fea\u00f0 komi f\u00f3lki raunverulega \u00ed snertingu vi\u00f0 bl\u00f3\u00f0 og l\u00edkama Krists.<\/p>\n<p>Fermingarb\u00f6rnum er heldur ekki kynnt s\u00fa afsta\u00f0a:<br \/>\n&#8211; a\u00f0 \u00fer\u00e1tt fyrir a\u00f0 m\u00f6nnum s\u00e9 skylt a\u00f0 heg\u00f0a s\u00e9r vel, hafi\u00a0<a href=\"http:\/\/www2.kirkjan.is\/node\/107\">g\u00f3\u00f0 verk engin \u00e1hrif \u00e1 vel\u00fe\u00f3knun Gvu\u00f0s<\/a>, heldur hlj\u00f3ti menn\u00a0<a href=\"http:\/\/www2.kirkjan.is\/node\/105\">n\u00e1\u00f0 fyrir \u00fea\u00f0 eitt a\u00f0 tr\u00faa.<br \/>\n<\/a>&#8211; a\u00f0\u00a0<a href=\"http:\/\/www2.kirkjan.is\/node\/109\">vondum m\u00f6nnum s\u00e9 heimilt a\u00f0 \u00fathluta sakramentum<\/a>\u00a0(sem merkir a\u00f0 barnan\u00ed\u00f0ingar \u00a0og mor\u00f0ingjar mega starfa sem prestar)<br \/>\n&#8211; a\u00f0 \u00fe\u00f3tt me\u00f0 skriftum innan l\u00fathersku kirkjunnar s\u00e9 ekki \u00e1tt vi\u00f0 t\u00edundun \u00e1 \u00f6llum yfirsj\u00f3num eins og Ka\u00fe\u00f3lsku kirkjunni, s\u00e9 prestum samt sem \u00e1\u00f0ur skylt a\u00f0 ganga \u00far skugga um a\u00f0 s\u00f3knarb\u00f6rn megi\u00a0<a href=\"http:\/\/www2.kirkjan.is\/node\/129\">ekki taka \u00fe\u00e1tt \u00ed altarisg\u00f6ngu<\/a>\u00a0nema hafa \u00e1\u00f0ur\u00a0<a href=\"http:\/\/www2.kirkjan.is\/node\/128\">gengi\u00f0 til skrifta<\/a>.<\/p>\n<p>H\u00e6gt v\u00e6ri a\u00f0 t\u00edna til margt fleira \u00far kenningagrundvelli \u00dej\u00f3\u00f0kirkjunnar, sem er algerlega \u00far takti vi\u00f0 t\u00ed\u00f0arandann og sem meirihluti skr\u00e1\u00f0ra me\u00f0lima \u00dej\u00f3\u00f0kirkjunnar er algerlega \u00f3me\u00f0vita\u00f0ur um.<\/p>\n<p>Hversvegna \u00ed \u00f3sk\u00f6punum er \u00dej\u00f3\u00f0kirkjan ekki l\u00f6ngu b\u00fain a\u00f0 hafna formlega n\u00e6r 500 \u00e1ra g\u00f6mlu samkomulagi sem er algerlega \u00far takti vi\u00f0 hugmyndir langflestra \u00cdslendinga um miskunnsemi, k\u00e6rleika og \u00fdmsa a\u00f0ra eiginleika sem gu\u00f0d\u00f3mnum eru eigna\u00f0ir?<\/p>\n<p>V\u00e6ri ekki bara e\u00f0lilegast a\u00f0 \u00dej\u00f3\u00f0kirkjan l\u00fdsti yfir fr\u00e1hvarfi s\u00ednu fr\u00e1 evangelisk-l\u00fatherskri Bibl\u00edut\u00falkun og semdi n\u00fdja stefnu sem samr\u00e6mist al\u00fej\u00f3\u00f0legum mannr\u00e9ttindas\u00e1ttm\u00e1lum og almennum si\u00f0fer\u00f0ishugmyndum?<\/p>\n<p>\u00cd alv\u00f6ru tala\u00f0, enginn heilvita ma\u00f0ur tr\u00fair \u00fev\u00ed a\u00f0 Bibl\u00edan komi fr\u00e1 Gvu\u00f0i, ekki heldur \u00feeir sem tr\u00faa \u00e1 pers\u00f3nulegan gvu\u00f0. Langflestir \u00cdslendingar tr\u00faa heldur ekki \u00e1 pers\u00f3nulegan gvu\u00f0, heldur hafa flestir tr\u00faa\u00f0ir \u00cdslendingar einhverja \u00f3lj\u00f3sa hugmynd um yfirskilvitlegt afl sem hafi frekar l\u00edtinn \u00e1huga \u00e1 kynl\u00edfi f\u00f3lks og beiti refsingum \u00ed hinu mesta h\u00f3fi. Best g\u00e6ti \u00e9g tr\u00faa\u00f0 \u00fev\u00ed a\u00f0 fleiri hef\u00f0u \u00e1huga \u00e1 a\u00f0 s\u00e6kja kirkju ef s\u00e1 skilningur v\u00e6ri yfirl\u00fdst stefna kirkjunnar.<\/p>\n<p>H\u00e9r m\u00e1 lesa um <a href=\"http:\/\/kirkjuthing.is\/gerdir\/2009\/4\">kenningagrundv\u00f6ll \u00dej\u00f3\u00f0kirkjunnar<\/a>\u00a0en \u00fear er m.a. \u00c1gsborgarj\u00e1tningin talin.<\/p>\n<p>&nbsp;<\/p>\n","protected":false},"excerpt":{"rendered":"<p>\u00deegar b\u00f6rn fermast, fara \u00feau me\u00f0 \u00e1kve\u00f0na tr\u00faarj\u00e1tningu. Me\u00f0 henni l\u00fdsa \u00feau tr\u00fa \u00e1 margskonar \u00fev\u00e6lu sem afskaplega f\u00e1ir tr\u00faa \u00ed raun, t.d. meyf\u00e6\u00f0inguna. Einnig vi\u00f0urkenningu \u00e1 heilagleik kirkjunnar, semsagt \u00fev\u00ed a\u00f0 ekki skuli efast um kenningargrundv\u00f6ll hennar og t\u00falkun &hellip; <a href=\"https:\/\/www.norn.is\/pistlar\/kenningagrundvollur-thjodkirkjunnar\/\">Halda \u00e1fram a\u00f0 lesa <span class=\"meta-nav\">&rarr;<\/span><\/a><\/p>\n","protected":false},"author":1,"featured_media":0,"comment_status":"closed","ping_status":"closed","sticky":false,"template":"","format":"standard","meta":{"footnotes":"","_links_to":"","_links_to_target":""},"categories":[1,7],"tags":[],"class_list":["post-9191","post","type-post","status-publish","format-standard","hentry","category-pistlar","category-trumal"],"yoast_head":"<!-- This site is optimized with the Yoast SEO plugin v27.5 - https:\/\/yoast.com\/product\/yoast-seo-wordpress\/ -->\n<title>Kenningagrundv\u00f6llur \u00dej\u00f3\u00f0kirkjunnar - Pistlar Evu<\/title>\n<meta name=\"robots\" content=\"index, follow, max-snippet:-1, max-image-preview:large, max-video-preview:-1\" \/>\n<link rel=\"canonical\" href=\"https:\/\/www.norn.is\/pistlar\/kenningagrundvollur-thjodkirkjunnar\/\" \/>\n<meta property=\"og:locale\" content=\"is_IS\" \/>\n<meta property=\"og:type\" content=\"article\" \/>\n<meta property=\"og:title\" content=\"Kenningagrundv\u00f6llur \u00dej\u00f3\u00f0kirkjunnar - Pistlar Evu\" \/>\n<meta property=\"og:description\" content=\"\u00deegar b\u00f6rn fermast, fara \u00feau me\u00f0 \u00e1kve\u00f0na tr\u00faarj\u00e1tningu. Me\u00f0 henni l\u00fdsa \u00feau tr\u00fa \u00e1 margskonar \u00fev\u00e6lu sem afskaplega f\u00e1ir tr\u00faa \u00ed raun, t.d. meyf\u00e6\u00f0inguna. Einnig vi\u00f0urkenningu \u00e1 heilagleik kirkjunnar, semsagt \u00fev\u00ed a\u00f0 ekki skuli efast um kenningargrundv\u00f6ll hennar og t\u00falkun &hellip; Halda \u00e1fram a\u00f0 lesa &rarr;\" \/>\n<meta property=\"og:url\" content=\"https:\/\/www.norn.is\/pistlar\/kenningagrundvollur-thjodkirkjunnar\/\" \/>\n<meta property=\"og:site_name\" content=\"Pistlar Evu\" \/>\n<meta property=\"article:published_time\" content=\"2012-02-17T18:16:17+00:00\" \/>\n<meta property=\"article:modified_time\" content=\"2016-08-01T08:35:22+00:00\" \/>\n<meta name=\"author\" content=\"admin\" \/>\n<meta name=\"twitter:card\" content=\"summary_large_image\" \/>\n<meta name=\"twitter:label1\" content=\"Written by\" \/>\n\t<meta name=\"twitter:data1\" content=\"\" \/>\n\t<meta name=\"twitter:label2\" content=\"Est. reading time\" \/>\n\t<meta name=\"twitter:data2\" content=\"3 minutes\" \/>\n<script type=\"application\/ld+json\" class=\"yoast-schema-graph\">{\"@context\":\"https:\\\/\\\/schema.org\",\"@graph\":[{\"@type\":\"Article\",\"@id\":\"https:\\\/\\\/www.norn.is\\\/pistlar\\\/kenningagrundvollur-thjodkirkjunnar\\\/#article\",\"isPartOf\":{\"@id\":\"https:\\\/\\\/www.norn.is\\\/pistlar\\\/kenningagrundvollur-thjodkirkjunnar\\\/\"},\"author\":{\"name\":\"admin\",\"@id\":\"https:\\\/\\\/www.norn.is\\\/pistlar\\\/#\\\/schema\\\/person\\\/1a27d7aee01469adf3180f8fd9e72c46\"},\"headline\":\"Kenningagrundv\u00f6llur \u00dej\u00f3\u00f0kirkjunnar\",\"datePublished\":\"2012-02-17T18:16:17+00:00\",\"dateModified\":\"2016-08-01T08:35:22+00:00\",\"mainEntityOfPage\":{\"@id\":\"https:\\\/\\\/www.norn.is\\\/pistlar\\\/kenningagrundvollur-thjodkirkjunnar\\\/\"},\"wordCount\":625,\"articleSection\":[\"Pistlar um samf\u00e9lagsm\u00e1l\",\"Tr\u00fam\u00e1l\"],\"inLanguage\":\"is\"},{\"@type\":\"WebPage\",\"@id\":\"https:\\\/\\\/www.norn.is\\\/pistlar\\\/kenningagrundvollur-thjodkirkjunnar\\\/\",\"url\":\"https:\\\/\\\/www.norn.is\\\/pistlar\\\/kenningagrundvollur-thjodkirkjunnar\\\/\",\"name\":\"Kenningagrundv\u00f6llur \u00dej\u00f3\u00f0kirkjunnar - Pistlar Evu\",\"isPartOf\":{\"@id\":\"https:\\\/\\\/www.norn.is\\\/pistlar\\\/#website\"},\"datePublished\":\"2012-02-17T18:16:17+00:00\",\"dateModified\":\"2016-08-01T08:35:22+00:00\",\"author\":{\"@id\":\"https:\\\/\\\/www.norn.is\\\/pistlar\\\/#\\\/schema\\\/person\\\/1a27d7aee01469adf3180f8fd9e72c46\"},\"breadcrumb\":{\"@id\":\"https:\\\/\\\/www.norn.is\\\/pistlar\\\/kenningagrundvollur-thjodkirkjunnar\\\/#breadcrumb\"},\"inLanguage\":\"is\",\"potentialAction\":[{\"@type\":\"ReadAction\",\"target\":[\"https:\\\/\\\/www.norn.is\\\/pistlar\\\/kenningagrundvollur-thjodkirkjunnar\\\/\"]}]},{\"@type\":\"BreadcrumbList\",\"@id\":\"https:\\\/\\\/www.norn.is\\\/pistlar\\\/kenningagrundvollur-thjodkirkjunnar\\\/#breadcrumb\",\"itemListElement\":[{\"@type\":\"ListItem\",\"position\":1,\"name\":\"Home\",\"item\":\"https:\\\/\\\/www.norn.is\\\/pistlar\\\/\"},{\"@type\":\"ListItem\",\"position\":2,\"name\":\"Kenningagrundv\u00f6llur \u00dej\u00f3\u00f0kirkjunnar\"}]},{\"@type\":\"WebSite\",\"@id\":\"https:\\\/\\\/www.norn.is\\\/pistlar\\\/#website\",\"url\":\"https:\\\/\\\/www.norn.is\\\/pistlar\\\/\",\"name\":\"Pistlar Evu\",\"description\":\"\",\"potentialAction\":[{\"@type\":\"SearchAction\",\"target\":{\"@type\":\"EntryPoint\",\"urlTemplate\":\"https:\\\/\\\/www.norn.is\\\/pistlar\\\/?s={search_term_string}\"},\"query-input\":{\"@type\":\"PropertyValueSpecification\",\"valueRequired\":true,\"valueName\":\"search_term_string\"}}],\"inLanguage\":\"is\"},{\"@type\":\"Person\",\"@id\":\"https:\\\/\\\/www.norn.is\\\/pistlar\\\/#\\\/schema\\\/person\\\/1a27d7aee01469adf3180f8fd9e72c46\",\"name\":\"admin\",\"url\":\"https:\\\/\\\/www.norn.is\\\/pistlar\\\/author\\\/admin\\\/\"}]}<\/script>\n<!-- \/ Yoast SEO plugin. -->","yoast_head_json":{"title":"Kenningagrundv\u00f6llur \u00dej\u00f3\u00f0kirkjunnar - Pistlar Evu","robots":{"index":"index","follow":"follow","max-snippet":"max-snippet:-1","max-image-preview":"max-image-preview:large","max-video-preview":"max-video-preview:-1"},"canonical":"https:\/\/www.norn.is\/pistlar\/kenningagrundvollur-thjodkirkjunnar\/","og_locale":"is_IS","og_type":"article","og_title":"Kenningagrundv\u00f6llur \u00dej\u00f3\u00f0kirkjunnar - Pistlar Evu","og_description":"\u00deegar b\u00f6rn fermast, fara \u00feau me\u00f0 \u00e1kve\u00f0na tr\u00faarj\u00e1tningu. Me\u00f0 henni l\u00fdsa \u00feau tr\u00fa \u00e1 margskonar \u00fev\u00e6lu sem afskaplega f\u00e1ir tr\u00faa \u00ed raun, t.d. meyf\u00e6\u00f0inguna. Einnig vi\u00f0urkenningu \u00e1 heilagleik kirkjunnar, semsagt \u00fev\u00ed a\u00f0 ekki skuli efast um kenningargrundv\u00f6ll hennar og t\u00falkun &hellip; Halda \u00e1fram a\u00f0 lesa &rarr;","og_url":"https:\/\/www.norn.is\/pistlar\/kenningagrundvollur-thjodkirkjunnar\/","og_site_name":"Pistlar Evu","article_published_time":"2012-02-17T18:16:17+00:00","article_modified_time":"2016-08-01T08:35:22+00:00","author":"admin","twitter_card":"summary_large_image","twitter_misc":{"Written by":false,"Est. reading time":"3 minutes"},"schema":{"@context":"https:\/\/schema.org","@graph":[{"@type":"Article","@id":"https:\/\/www.norn.is\/pistlar\/kenningagrundvollur-thjodkirkjunnar\/#article","isPartOf":{"@id":"https:\/\/www.norn.is\/pistlar\/kenningagrundvollur-thjodkirkjunnar\/"},"author":{"name":"admin","@id":"https:\/\/www.norn.is\/pistlar\/#\/schema\/person\/1a27d7aee01469adf3180f8fd9e72c46"},"headline":"Kenningagrundv\u00f6llur \u00dej\u00f3\u00f0kirkjunnar","datePublished":"2012-02-17T18:16:17+00:00","dateModified":"2016-08-01T08:35:22+00:00","mainEntityOfPage":{"@id":"https:\/\/www.norn.is\/pistlar\/kenningagrundvollur-thjodkirkjunnar\/"},"wordCount":625,"articleSection":["Pistlar um samf\u00e9lagsm\u00e1l","Tr\u00fam\u00e1l"],"inLanguage":"is"},{"@type":"WebPage","@id":"https:\/\/www.norn.is\/pistlar\/kenningagrundvollur-thjodkirkjunnar\/","url":"https:\/\/www.norn.is\/pistlar\/kenningagrundvollur-thjodkirkjunnar\/","name":"Kenningagrundv\u00f6llur \u00dej\u00f3\u00f0kirkjunnar - Pistlar Evu","isPartOf":{"@id":"https:\/\/www.norn.is\/pistlar\/#website"},"datePublished":"2012-02-17T18:16:17+00:00","dateModified":"2016-08-01T08:35:22+00:00","author":{"@id":"https:\/\/www.norn.is\/pistlar\/#\/schema\/person\/1a27d7aee01469adf3180f8fd9e72c46"},"breadcrumb":{"@id":"https:\/\/www.norn.is\/pistlar\/kenningagrundvollur-thjodkirkjunnar\/#breadcrumb"},"inLanguage":"is","potentialAction":[{"@type":"ReadAction","target":["https:\/\/www.norn.is\/pistlar\/kenningagrundvollur-thjodkirkjunnar\/"]}]},{"@type":"BreadcrumbList","@id":"https:\/\/www.norn.is\/pistlar\/kenningagrundvollur-thjodkirkjunnar\/#breadcrumb","itemListElement":[{"@type":"ListItem","position":1,"name":"Home","item":"https:\/\/www.norn.is\/pistlar\/"},{"@type":"ListItem","position":2,"name":"Kenningagrundv\u00f6llur \u00dej\u00f3\u00f0kirkjunnar"}]},{"@type":"WebSite","@id":"https:\/\/www.norn.is\/pistlar\/#website","url":"https:\/\/www.norn.is\/pistlar\/","name":"Pistlar Evu","description":"","potentialAction":[{"@type":"SearchAction","target":{"@type":"EntryPoint","urlTemplate":"https:\/\/www.norn.is\/pistlar\/?s={search_term_string}"},"query-input":{"@type":"PropertyValueSpecification","valueRequired":true,"valueName":"search_term_string"}}],"inLanguage":"is"},{"@type":"Person","@id":"https:\/\/www.norn.is\/pistlar\/#\/schema\/person\/1a27d7aee01469adf3180f8fd9e72c46","name":"admin","url":"https:\/\/www.norn.is\/pistlar\/author\/admin\/"}]}},"_links":{"self":[{"href":"https:\/\/www.norn.is\/pistlar\/wp-json\/wp\/v2\/posts\/9191","targetHints":{"allow":["GET"]}}],"collection":[{"href":"https:\/\/www.norn.is\/pistlar\/wp-json\/wp\/v2\/posts"}],"about":[{"href":"https:\/\/www.norn.is\/pistlar\/wp-json\/wp\/v2\/types\/post"}],"author":[{"embeddable":true,"href":"https:\/\/www.norn.is\/pistlar\/wp-json\/wp\/v2\/users\/1"}],"replies":[{"embeddable":true,"href":"https:\/\/www.norn.is\/pistlar\/wp-json\/wp\/v2\/comments?post=9191"}],"version-history":[{"count":1,"href":"https:\/\/www.norn.is\/pistlar\/wp-json\/wp\/v2\/posts\/9191\/revisions"}],"predecessor-version":[{"id":12704,"href":"https:\/\/www.norn.is\/pistlar\/wp-json\/wp\/v2\/posts\/9191\/revisions\/12704"}],"wp:attachment":[{"href":"https:\/\/www.norn.is\/pistlar\/wp-json\/wp\/v2\/media?parent=9191"}],"wp:term":[{"taxonomy":"category","embeddable":true,"href":"https:\/\/www.norn.is\/pistlar\/wp-json\/wp\/v2\/categories?post=9191"},{"taxonomy":"post_tag","embeddable":true,"href":"https:\/\/www.norn.is\/pistlar\/wp-json\/wp\/v2\/tags?post=9191"}],"curies":[{"name":"wp","href":"https:\/\/api.w.org\/{rel}","templated":true}]}}