{"id":9187,"date":"2012-02-14T14:57:01","date_gmt":"2012-02-14T14:57:01","guid":{"rendered":"http:\/\/www.pistillinn.is\/?p=1096"},"modified":"2018-09-18T15:04:04","modified_gmt":"2018-09-18T15:04:04","slug":"kristin-vala-og-orbylgjugrylan","status":"publish","type":"post","link":"https:\/\/www.norn.is\/pistlar\/kristin-vala-og-orbylgjugrylan\/","title":{"rendered":"Krist\u00edn Vala og \u00f6rbylgjugr\u00fdlan"},"content":{"rendered":"<p><a href=\"http:\/\/1.bp.blogspot.com\/-5wlY5FoWq0g\/TaidbWPpcyI\/AAAAAAAAAHQ\/sXCfPxqT_cg\/s1600\/Do-Not-Microwave-Head.png\"><img loading=\"lazy\" decoding=\"async\" class=\"alignleft size-full wp-image-1138\" title=\"var\u00fa\u00f0arskilti\" src=\"http:\/\/www.norn.is\/pistlar\/wp-content\/uploads\/sites\/2\/2012\/02\/var\u00fa\u00f0arskilti.jpg\" alt=\"\" width=\"197\" height=\"256\" \/><\/a>\u00cd g\u00e6r birti \u00e9g <a href=\"http:\/\/www.norn.is\/pistlar\/finnst-ykkur-thetta-i-lagi\/\">pistil<\/a> \u00fear sem \u00e9g gagnr\u00fdndi framsetningu <a href=\"https:\/\/www.facebook.com\/vala.ragnarsdottir\">v\u00edsindamanns \u00ed \u00e1hrifast\u00f6\u00f0u<\/a> \u00e1 \u00fev\u00ed sem \u00e9g taldi \u00ed fyrstu a\u00f0 v\u00e6ri hugsa\u00f0 sem vi\u00f0v\u00f6run vi\u00f0 gerviv\u00edsindum. Forseti verkfr\u00e6\u00f0i- og n\u00e1tt\u00faruv\u00edsindasvi\u00f0s H\u00cd p\u00f3sta\u00f0i \u00e1 facebook, \u00e1n nokkurrar gagnr\u00fdni, tenglum \u00e1 greinar sem eiga a\u00f0 s\u00fdna fram \u00e1 ska\u00f0semi \u00f6rbylgjuofna. Greinum sem hafa birtst \u00e1 veft\u00edmaritum \u00fear sem uppista\u00f0a efnis er einkar vafas\u00f6m &#8222;v\u00edsindi&#8220; \u00e1 bor\u00f0 vi\u00f0 \u00a0n\u00fdaldarkenningar, skottul\u00e6kningar og geimverufr\u00e6\u00f0i. M\u00e9r fannst bagalegt a\u00f0 engar athugasemdir fylgdu.<!--more--><\/p>\n<p>(\u00de\u00e6r greinar sem Krist\u00edn Vala tengdi \u00e1 eru eftirfarandi:<br \/>\n<a href=\"http:\/\/www.globalhealingcenter.com\/health-hazards-to-know-about\/microwave-ovens-the-proven-dangers\">http:\/\/www.globalhealingcenter.com\/health-hazards-to-know-about\/microwave-ovens-the-proven-dangers<br \/>\n<\/a><a href=\"http:\/\/www.jesus-is-savior.com\/Disturbing%20Truths\/microwaves.htm\">http:\/\/www.jesus-is-savior.com\/Disturbing%20Truths\/microwaves.htm<\/a><a href=\"http:\/\/www.globalhealingcenter.com\/health-hazards-to-know-about\/microwave-ovens-the-proven-dangers\"><br \/>\n<\/a><a href=\"http:\/\/www.naturallifemagazine.com\/0506\/microwave.htm\">http:\/\/www.naturallifemagazine.com\/0506\/microwave.htm<\/a>)<\/p>\n<p>\u00deegar n\u00e1nar var a\u00f0 g\u00e1\u00f0, kom \u00ed lj\u00f3s a\u00f0 Dr Krist\u00edn Vala var ekki a\u00f0 gr\u00ednast. H\u00fan er \u00ed fullri alv\u00f6ru a\u00f0 halda \u00feeirri hugmynd a\u00f0 almenningi a\u00f0 \u00f6rbylgjuofnar s\u00e9u st\u00f3rska\u00f0legir. Me\u00f0al \u00feess sem fullyrt er \u00ed \u00feeim greinum sem h\u00fan hefur tengt \u00e1 er eftirfarandi:<\/p>\n<p>-Vatn sem er hita\u00f0 \u00ed \u00f6rbylgjuofni og k\u00e6lt svo ni\u00f0ur, drepur pl\u00f6ntur.<br \/>\n-\u00d6rbylgjur valda h\u00e6ttulegum efnahv\u00f6rfum \u00ed mj\u00f3lk fyrir ungb\u00f6rn.<br \/>\n-Bl\u00f3\u00f0 sem hita\u00f0 er \u00ed \u00f6rbylgjuofni drepur sj\u00faklinga.<br \/>\n-F\u00e6\u00f0a sem eldu\u00f0 er \u00ed \u00f6rbylgjuofni h\u00e6kkar k\u00f3lesterol og veldur \u00fdmsum fleiri breytingum \u00e1 bl\u00f3\u00f0i \u00feeirra sem neyta \u00feess.<br \/>\n-Matur sem elda\u00f0ur er \u00ed \u00f6rbylgjuofni er n\u00e6ringarsnau\u00f0ur.<br \/>\n-Regluleg neysla f\u00e6\u00f0u sem eldu\u00f0 er \u00ed \u00f6rbylgjuofni br\u00fdtur ni\u00f0ur \u00f3n\u00e6miskerfi\u00f0 og veldur me\u00f0 t\u00edmanum minnisleysi, varanlegum heilaskemmdum, truflun \u00e1 horm\u00f3nastarfsemi, tilfinningalegu \u00f3jafnv\u00e6gi og\u00a0m\u00f6rgum tegundum krabbameins.<\/p>\n<p>Sk\u00fdringarnar \u00e1 \u00f6llum \u00feessum hryllingi hlj\u00f3ma afar v\u00edsindalega \u00ed eyrum \u00feess sem hefur litla \u00feekkingu \u00e1 e\u00f0lis- og efnafr\u00e6\u00f0i t.d:<\/p>\n<p>-\u00d6rbylgjur valda \u00fev\u00ed a\u00f0 sameindir ump\u00f3last, skipta um form (\u00eds\u00f3merast) og sundrast.<br \/>\n-\u00d6rbylgjur eru \u00fea\u00f0 sama og geislun.<br \/>\n-\u00d6rbylgjur valda j\u00f3nun.<\/p>\n<p>Hreyfingu sameindanna (en hreyfing er forsenda \u00feess a\u00f0 hiti myndist), er l\u00fdst me\u00f0 or\u00f0unum <em>&#8222;this violent movement of molecules&#8220;<\/em>\u00a0og a\u00f0\u00a0s\u00f6gn greinarh\u00f6fundar veldur h\u00fan breytingum \u00e1 sameindum. Ekki er \u00fatsk\u00fdrt hversvegna meintar\u00a0sameindabreytingar eru sl\u00e6mar en af samhenginu m\u00e1 \u00e6tla a\u00f0 \u00fe\u00e6r s\u00e9u undirr\u00f3t \u00feeirra hryllilegu sj\u00fakd\u00f3ma sem \u00f6rbylgjumatrei\u00f0sla \u00e1 a\u00f0 hafa \u00ed f\u00f6r me\u00f0 s\u00e9r.<\/p>\n<p>\u00dea\u00f0 a\u00f0 vera \u00ed n\u00e1l\u00e6g\u00f0 \u00f6rbylgjuofns \u00e1 svo a\u00f0 lei\u00f0a til enn frekari h\u00f6rmunga m.a. &#8222;\u00f6rbylgjuveikinnar&#8220; sem tilteknir R\u00fassar t\u00f6ldu sig hafa uppg\u00f6tva\u00f0 1950. Einkenni hennar o.fl. einkenni sem nefnd eru \u00ed \u00feeim greinum sem Krist\u00edn Vala m\u00e6lir me\u00f0 eru t.d:<\/p>\n<p>-Breytingar \u00e1 bl\u00f3\u00f0\u00fer\u00fdstingi, hann l\u00e6kkar fyrst en h\u00e6kkar svo<br \/>\n-Orkuleysi<br \/>\n-H\u00e1rlos<br \/>\n-H\u00f6fu\u00f0verkur<a href=\"http:\/\/www.norn.is\/pistlar\/wp-content\/uploads\/sites\/2\/2012\/02\/dj\u00f6fsi.jpg\"><br \/>\n<\/a>-Svimi<br \/>\n<a href=\"http:\/\/s3.amazonaws.com\/rapgenius\/devil.gif\"><img loading=\"lazy\" decoding=\"async\" class=\"alignright\" title=\"dj\u00f6fsi\" src=\"http:\/\/www.norn.is\/pistlar\/wp-content\/uploads\/sites\/2\/2012\/02\/dj\u00f6fsi.jpg\" alt=\"\" width=\"231\" height=\"218\" \/><\/a>Verkir \u00ed augum<br \/>\n-Sk\u00fd \u00e1 auga<a href=\"http:\/\/www.norn.is\/pistlar\/wp-content\/uploads\/sites\/2\/2012\/02\/dj\u00f6fsi.jpg\"><br \/>\n<\/a>-Svefnerfi\u00f0leikar<br \/>\n-Einbeitingarleysi<a href=\"http:\/\/www.norn.is\/pistlar\/wp-content\/uploads\/sites\/2\/2012\/02\/dj\u00f6fsi.jpg\"><br \/>\n<\/a>-Kv\u00ed\u00f0i, taugaspenna og \u00f3\u00feol gagnvart \u00e1reiti<br \/>\n-Magaverkir<br \/>\n-Botnlangab\u00f3lga<br \/>\n-\u00d3frj\u00f3semi<br \/>\n-Krans\u00e6\u00f0ast\u00edfla<br \/>\n-Krabbamein<\/p>\n<p style=\"text-align: right;\"><strong>\u00de\u00f3tt \u00f6rbylgjuofnar komi fr\u00e1 Satni\u00a0<\/strong><br \/>\n<strong>notar hann sj\u00e1lfur gamaldags pott\u00a0<\/strong><\/p>\n<p style=\"text-align: left;\">\u00deetta hlj\u00f3mar allt saman skelfilega og ekki a\u00f0 undra \u00fe\u00f3tt fyrstu vi\u00f0br\u00f6g\u00f0 lesandans s\u00e9u \u00feau a\u00f0 hringja \u00e1 l\u00f6gguna og bi\u00f0ja um a\u00f0sto\u00f0 vi\u00f0 a\u00f0 fjarl\u00e6gja geislavopn af heimilnu. En \u00feegar n\u00e1nar er a\u00f0 g\u00e6tt er full \u00e1st\u00e6\u00f0a til a\u00f0 draga \u00feessar fullyr\u00f0ingar \u00ed efa. A\u00f0al heimildirnar eru nefnilega annarsvegar r\u00fassnesk ranns\u00f3kn fr\u00e1 1950 og hinsvegar ranns\u00f3kn\u00a0Hans Ulrich Hertel og\u00a0Bernard H. Blanc sem birt var \u00ed svissnesku t\u00edmariti, Journal\u00a0Franz Weber,1991. Journal\u00a0Franz Weber er ekki ritr\u00fdnt v\u00edsindat\u00edmarit og ekki er a\u00f0 sj\u00e1 a\u00f0 greinin hafi birst \u00ed neinu virtu v\u00edsindat\u00edmariti.<\/p>\n<p style=\"text-align: left;\">Ranns\u00f3knin \u00fe\u00f3tti svo vafas\u00f6m og greinin sett fram me\u00f0 \u00fev\u00edl\u00edku offorsi a\u00f0 m\u00f6nnunum var stefnt fyrir r\u00e9tt \u00ed Sviss. Blanc gaf \u00fat yfirl\u00fdsingu \u00fear sem hann hafna\u00f0i a\u00f0ild a\u00f0 greinaskrifum um ska\u00f0semi \u00f6rbylgjuofna og sag\u00f0i ni\u00f0urst\u00f6\u00f0urnar hafa veri\u00f0 birtar \u00e1n s\u00edns sam\u00feykkis. Hertel f\u00f3r fyrir d\u00f3m og tv\u00f6 d\u00f3mstig komust a\u00f0 \u00feeirri ni\u00f0urst\u00f6\u00f0u a\u00f0 honum skyldi banna\u00f0 a\u00f0 tj\u00e1 sig um ska\u00f0semi \u00f6rbylgjuofna \u00e1 opinberum vettvangi.\u00a0Gerr\u00e6\u00f0islegt, vissulega enda <a href=\"http:\/\/www.iidh.ed.cr\/comunidades\/libertadexpresion\/docs\/le_europeo\/hertel%20v.%20switzerland.htm\">hnekkti Mannr\u00e9ttindad\u00f3mst\u00f3ll Evr\u00f3pu \u00feessum d\u00f3mi<\/a> 1998, vitanlega me\u00f0 \u00feeim r\u00f6kum a\u00f0 m\u00e1lfrelsi \u00a0manna megi ekki sker\u00f0a. D\u00f3murinn t\u00f3k enga afst\u00f6\u00f0u til v\u00edsindagildis ranns\u00f3kna \u00feeirra Hertels og Blanc en Hertel voru d\u00e6mdar b\u00e6tur. \u00der\u00edr af n\u00edu d\u00f3murum m\u00f3tm\u00e6ltu ni\u00f0urst\u00f6\u00f0u meirihluta d\u00f3msins.<\/p>\n<p style=\"text-align: left;\">Ekki hef \u00e9g fundi\u00f0 heimilidir um a\u00f0 \u00feeir Hertel og Blanc hafi hloti\u00f0 frekari frama innan v\u00edsindaheimsins. \u00de\u00f3 er v\u00edst a\u00f0\u00a0a\u00f0 Hertel n\u00fdtur mikillar vir\u00f0ingar me\u00f0al n\u00fdaldarsinna. T.d. er i\u00f0ulega vitna\u00f0 \u00ed hann af fyrirlesurum &#8222;<a href=\"http:\/\/www.naturalscience.org\/index.php?id=7\">World Foundation for Natural Science<\/a>&#8222;. Nafn stofnunarinnar hlj\u00f3mar vel \u00fear til ma\u00f0ur s\u00e9r kynningars\u00ed\u00f0u vefsetursins:\u00a0<em>&#8222;The World Foundation for Natural Science is the new Franciscan Scientific World Mission Endeavour of The New World Church. It is our mission to heal this world in accord with Natural Law, thus restoring Divine Order on this precious Planet Earth,&#8220;<\/em><\/p>\n<p>\u00deegar Krist\u00edn Vala tengdi \u00e1 \u00feri\u00f0ju\u00a0<a href=\"http:\/\/www.naturallifemagazine.com\/0506\/microwave.htm\">greinina<\/a> sem \u00e1 a\u00f0 s\u00fdna fram \u00e1 \u00fe\u00e1 h\u00e6ttu sem stafar af \u00f6rbylgjuofnum, velktist \u00e9g ekki lengur \u00ed vafa um a\u00f0 henni v\u00e6ri alvara. Greinin vir\u00f0ist fremur skrifu\u00f0 af eldm\u00f3\u00f0i en \u00feekkingu. Eitt af \u00fev\u00ed sem vakti m\u00e9r verulegar efasemdir um v\u00edsindagildi hennar er s\u00fa sta\u00f0h\u00e6fing greinarh\u00f6fundar a\u00f0 \u00feeir sem flokka \u00f6rbylgjuf\u00f3b\u00eduna sem gerviv\u00edsindi, hafi ekki afsanna\u00f0 \u00fea\u00f0 sem \u00e1hangendur hennar halda fram. \u00deetta minnir \u00f3neitanlega \u00e1 kr\u00f6fu tr\u00famanna um a\u00f0 efasemdamenn afsanni tilvist Gvu\u00f0s e\u00f0a vi\u00f0urkenni hana ella.<\/p>\n<p>\u00c9g\u00a0spur\u00f0i Krist\u00ednu V\u00f6lu hvort h\u00fan teldi \u00feessa grein standast v\u00edsindalegar kr\u00f6fur. H\u00fan taldi ekki vafa \u00e1 \u00fev\u00ed og v\u00edsa\u00f0i \u00fev\u00ed til sta\u00f0festingar \u00e1 <a href=\"http:\/\/onlinelibrary.wiley.com\/doi\/10.1002\/jsfa.1585\/abstract\">ranns\u00f3kn Dr Cristina Garc\u00eda-Viguera\u00a0fr\u00e1 \u00e1rinu 2003<\/a>\u00a0sem vitna\u00f0 er til \u00ed greininni. H\u00fan benti einnig \u00e1 <a href=\"http:\/\/news.bbc.co.uk\/1\/hi\/health\/3188558.stm\">umfj\u00f6llun BBC<\/a>\u00a0um \u00feessa ranns\u00f3kn og a\u00f0ra finnska sem s\u00fdndi svipa\u00f0a ni\u00f0urst\u00f6\u00f0u.\u00a0Reyndar er h\u00e9r um a\u00f0 r\u00e6\u00f0a ranns\u00f3kn sem tekur a\u00f0eins til eins \u00fe\u00e1ttar af \u00feeim margv\u00edslegu h\u00f6rmungum sem \u00f6rbylgjuofnar eiga a\u00f0 lei\u00f0a til en \u00fear fyrir utan sta\u00f0festir h\u00fan s\u00ed\u00f0ur en svo hugmyndir um ska\u00f0semi \u00f6rbylgjuofna. \u00deegar \u00e9g benti Krist\u00ednu V\u00f6lu \u00e1 a\u00f0 a\u00f0standendur ranns\u00f3knanna t\u00e6kju einmitt fram a\u00f0 ni\u00f0urst\u00f6\u00f0ur \u00feeirra merktu ekki a\u00f0 f\u00f3lk \u00e6tti a\u00f0 hafna \u00f6rbylgjumatrei\u00f0slu heldur draga \u00far vatnsnotkun vi\u00f0 su\u00f0una, neita\u00f0i h\u00fan a\u00f0 r\u00e6\u00f0a m\u00e1li\u00f0 frekar.<\/p>\n<p>Ranns\u00f3knin sem Krist\u00edn Vala nefnir er mj\u00f6g s\u00e9rt\u00e6k, n\u00e6r a\u00f0eins til \u00e1hrifa mismunandi matrei\u00f0slua\u00f0fer\u00f0a \u00e1 var\u00f0veislu andoxunarefna \u00ed spergilk\u00e1li. \u00deessi tiltekna ranns\u00f3kn bendir til \u00feess a\u00f0 \u00f6rbylgjusu\u00f0a me\u00f0 vatni var\u00f0veiti \u00feessi \u00e1kve\u00f0nu efni s\u00ed\u00f0ur en a\u00f0rar a\u00f0fer\u00f0ir. \u00deegar ranns\u00f3knin var kynnt var \u00feessari ni\u00f0urst\u00f6\u00f0u slegi\u00f0 upp \u00ed bl\u00f6\u00f0um sem st\u00f3rfr\u00e9tt um a\u00f0 \u00f6rbylgjumatrei\u00f0sla v\u00e6ri \u00f3heilsusamleg. \u00a0S\u00fa sk\u00fdring sem b\u00e6\u00f0i er gefin \u00ed ni\u00f0urst\u00f6\u00f0um ranns\u00f3knarinnar (og sem a\u00f0standendur hennar <a href=\"http:\/\/www.bellaonline.com\/articles\/art52758.asp\">og a\u00f0rir<\/a> sem hafa sko\u00f0a\u00f0 \u00feessi m\u00e1l hafa hamra\u00f0 \u00e1 \u00ed <a href=\"http:\/\/www.telegraph.co.uk\/news\/worldnews\/northamerica\/usa\/1444410\/Microwave-kills-health-benefits-of-broccoli.html\">fj\u00f6lmi\u00f0lum<\/a>)\u00a0er a\u00f0 meira af andoxunarefnum fari \u00fat \u00ed vatni\u00f0 vi\u00f0 \u00f6rbylgjusu\u00f0u en vi\u00f0 su\u00f0u \u00ed potti. Hinsvegar megi b\u00faast vi\u00f0 \u00fev\u00ed a\u00f0 \u00feetta &#8222;vandam\u00e1l&#8220; hverfi me\u00f0 fram\u00fer\u00f3un \u00f6rbylgjuofna. \u00ddmsar a\u00f0rar ranns\u00f3knir komast ennfremur a\u00f0 gagnst\u00e6\u00f0ri ni\u00f0urst\u00f6\u00f0u, \u00fe.e. a\u00f0 f\u00e6\u00f0a missi s\u00ed\u00f0ur n\u00e6ringarefni vi\u00f0 matrei\u00f0slu \u00ed \u00f6rbylgjuofni og\u00a0C Garc\u00eda-Viguera tekur \u00fea\u00f0\u00a0sk\u00fdrt fram \u00ed ranns\u00f3kn sinni.<\/p>\n<p>N\u00fdlegar ranns\u00f3knir vir\u00f0ast <a href=\"http:\/\/www.abc.net.au\/science\/articles\/2006\/03\/23\/1597903.htm\">ekki sty\u00f0ja<\/a> \u00fe\u00e1 kenningu a\u00f0 \u00f6rbylgjumatrei\u00f0sla ey\u00f0ileggi mat og valdi margskonar hr\u00e6\u00f0ilegum sj\u00fakd\u00f3mum enda forsendan sj\u00e1lf vafas\u00f6m. N\u00fdjasta umfj\u00f6llunin um efna- og e\u00f0lisfr\u00e6\u00f0ileg \u00e1hrif \u00f6rbylgjuhitunar sem \u00e9g fann me\u00f0 hj\u00e1lp G\u00fagguls er eftir e\u00f0lisfr\u00e6\u00f0ipr\u00f3fessorinn Louis A. Bloomfield. Hana er a\u00f0 finna \u00ed einni af\u00a0e\u00f0lisfr\u00e6\u00f0ib\u00f3kum hans fyrir almenning\u00a0&#8222;<a href=\"http:\/\/books.google.co.uk\/books\/about\/How_Everything_Works.html?id=BpSIGQAACAAJ&amp;redir_esc=y\">How Everthing Works<\/a>&#8222;, sem kom fyrst \u00fat 2006.<\/p>\n<p>Bloomfield hafnar alfari\u00f0 \u00feeirri kenningu a\u00f0 \u00f6rbylgjuhitun valdi \u00f3\u00e6skilegum breytingum \u00e1 sameindum \u00ed matnum:<\/p>\n<blockquote><p>Microwaves don&#8217;t affect the molecular structure of the food, except through the thermal effects we associate with normal cooking (e.g., denaturing of proteins with heat and caramelizing of sugars). That&#8217;s because, like all electromagnetic waves, microwaves are emitted and absorbed as particles called &#8222;photons.&#8220; The energy in a microwave photon is so tiny that it can&#8217;t cause any chemical rearrangement in a molecule. Instead, it can only add a tiny amount of heat to a water molecule. During the microwave cooking process, microwave photons stream into the food and heat it up. But millions of them would have to work together in order to cause non-thermal chemical changes in the food molecules and they don&#8217;t normally do that. The photons can only work together if there is a conducting material, such as a metal wire, inside the oven. In that case, the photons can accelerate mobile electric charges along the conducting paths and create sparks. Such sparks can cause chemical damage, but nothing worse than the chemical damage caused by scorching food with a flame or broiler. Even if your microwave is full of sparks for some reason, I doubt that the food will be any worse for you than it would be if you cooked it over an open flame or barbecue.<\/p><\/blockquote>\n<p>&nbsp;<\/p>\n<p>\u00c9g hef veri\u00f0 spur\u00f0 a\u00f0 \u00fev\u00ed hversvegna \u00e9g, sem hef ekki einu sinni s\u00e9rstakan \u00e1huga \u00e1 e\u00f0lisfr\u00e6\u00f0i, s\u00e9 a\u00f0 ergja mig yfir \u00fev\u00ed a\u00f0 einhver tr\u00fai \u00e1 ska\u00f0semi \u00f6rbylgjuofna. Sannast sagna er m\u00e9r sl\u00e9tt sama um \u00fea\u00f0. F\u00f3lk m\u00e1 m\u00edn vegna for\u00f0ast hva\u00f0a t\u00e6kni sem \u00fea\u00f0 vill og \u00e9ta eins miki\u00f0 af hveitigrasi og makr\u00f3b\u00ed\u00f3t\u00edsku f\u00e6\u00f0i og \u00fea\u00f0 lystir. M\u00e9r finnst hinsvegar n\u00f3g komi\u00f0 af vitleysunni \u00feegar lei\u00f0andi v\u00edsindama\u00f0ur tekur undir hugmyndir um a\u00f0 venjulegt heimilst\u00e6ki valdi heilaskemmdum, krans\u00e6\u00f0ast\u00edflu og krabbameini. Sami v\u00edsindama\u00f0ur r\u00f6ksty\u00f0ur svo \u00feessar tilg\u00e1tur me\u00f0 tilvitnunum \u00ed grunnsk\u00f3lab\u00f6rn og \u00e1ratugagamlar ranns\u00f3knir sem hvergi nj\u00f3ta vir\u00f0ingar nema me\u00f0al n\u00fdaldarsinna og geimveruspekinga.<\/p>\n<p>Finnst ykkur \u00feetta \u00ed lagi?<\/p>\n","protected":false},"excerpt":{"rendered":"<p>\u00cd g\u00e6r birti \u00e9g pistil \u00fear sem \u00e9g gagnr\u00fdndi framsetningu v\u00edsindamanns \u00ed \u00e1hrifast\u00f6\u00f0u \u00e1 \u00fev\u00ed sem \u00e9g taldi \u00ed fyrstu a\u00f0 v\u00e6ri hugsa\u00f0 sem vi\u00f0v\u00f6run vi\u00f0 gerviv\u00edsindum. Forseti verkfr\u00e6\u00f0i- og n\u00e1tt\u00faruv\u00edsindasvi\u00f0s H\u00cd p\u00f3sta\u00f0i \u00e1 facebook, \u00e1n nokkurrar gagnr\u00fdni, tenglum \u00e1 &hellip; <a href=\"https:\/\/www.norn.is\/pistlar\/kristin-vala-og-orbylgjugrylan\/\">Halda \u00e1fram a\u00f0 lesa <span class=\"meta-nav\">&rarr;<\/span><\/a><\/p>\n","protected":false},"author":1,"featured_media":0,"comment_status":"closed","ping_status":"closed","sticky":false,"template":"","format":"standard","meta":{"footnotes":"","_links_to":"","_links_to_target":""},"categories":[679,1],"tags":[1066,219,297],"class_list":["post-9187","post","type-post","status-publish","format-standard","hentry","category-menntamal","category-pistlar","tag-ahrifafolk","tag-asnar","tag-gervivisindi"],"yoast_head":"<!-- This site is optimized with the Yoast SEO plugin v27.5 - https:\/\/yoast.com\/product\/yoast-seo-wordpress\/ -->\n<title>Krist\u00edn Vala og \u00f6rbylgjugr\u00fdlan - Pistlar Evu<\/title>\n<meta name=\"robots\" content=\"index, follow, max-snippet:-1, max-image-preview:large, max-video-preview:-1\" \/>\n<link rel=\"canonical\" href=\"https:\/\/www.norn.is\/pistlar\/kristin-vala-og-orbylgjugrylan\/\" \/>\n<meta property=\"og:locale\" content=\"is_IS\" \/>\n<meta property=\"og:type\" content=\"article\" \/>\n<meta property=\"og:title\" content=\"Krist\u00edn Vala og \u00f6rbylgjugr\u00fdlan - Pistlar Evu\" \/>\n<meta property=\"og:description\" content=\"\u00cd g\u00e6r birti \u00e9g pistil \u00fear sem \u00e9g gagnr\u00fdndi framsetningu v\u00edsindamanns \u00ed \u00e1hrifast\u00f6\u00f0u \u00e1 \u00fev\u00ed sem \u00e9g taldi \u00ed fyrstu a\u00f0 v\u00e6ri hugsa\u00f0 sem vi\u00f0v\u00f6run vi\u00f0 gerviv\u00edsindum. Forseti verkfr\u00e6\u00f0i- og n\u00e1tt\u00faruv\u00edsindasvi\u00f0s H\u00cd p\u00f3sta\u00f0i \u00e1 facebook, \u00e1n nokkurrar gagnr\u00fdni, tenglum \u00e1 &hellip; Halda \u00e1fram a\u00f0 lesa &rarr;\" \/>\n<meta property=\"og:url\" content=\"https:\/\/www.norn.is\/pistlar\/kristin-vala-og-orbylgjugrylan\/\" \/>\n<meta property=\"og:site_name\" content=\"Pistlar Evu\" \/>\n<meta property=\"article:published_time\" content=\"2012-02-14T14:57:01+00:00\" \/>\n<meta property=\"article:modified_time\" content=\"2018-09-18T15:04:04+00:00\" \/>\n<meta name=\"author\" content=\"admin\" \/>\n<meta name=\"twitter:card\" content=\"summary_large_image\" \/>\n<meta name=\"twitter:label1\" content=\"Written by\" \/>\n\t<meta name=\"twitter:data1\" content=\"\" \/>\n\t<meta name=\"twitter:label2\" content=\"Est. reading time\" \/>\n\t<meta name=\"twitter:data2\" content=\"9 minutes\" \/>\n<script type=\"application\/ld+json\" class=\"yoast-schema-graph\">{\"@context\":\"https:\\\/\\\/schema.org\",\"@graph\":[{\"@type\":\"Article\",\"@id\":\"https:\\\/\\\/www.norn.is\\\/pistlar\\\/kristin-vala-og-orbylgjugrylan\\\/#article\",\"isPartOf\":{\"@id\":\"https:\\\/\\\/www.norn.is\\\/pistlar\\\/kristin-vala-og-orbylgjugrylan\\\/\"},\"author\":{\"name\":\"admin\",\"@id\":\"https:\\\/\\\/www.norn.is\\\/pistlar\\\/#\\\/schema\\\/person\\\/1a27d7aee01469adf3180f8fd9e72c46\"},\"headline\":\"Krist\u00edn Vala og \u00f6rbylgjugr\u00fdlan\",\"datePublished\":\"2012-02-14T14:57:01+00:00\",\"dateModified\":\"2018-09-18T15:04:04+00:00\",\"mainEntityOfPage\":{\"@id\":\"https:\\\/\\\/www.norn.is\\\/pistlar\\\/kristin-vala-og-orbylgjugrylan\\\/\"},\"wordCount\":1755,\"keywords\":[\"\u00c1hrifaf\u00f3lk\",\"Asnar\",\"Gerviv\u00edsindi\"],\"articleSection\":[\"Menntun og v\u00edsindi\",\"Pistlar um samf\u00e9lagsm\u00e1l\"],\"inLanguage\":\"is\"},{\"@type\":\"WebPage\",\"@id\":\"https:\\\/\\\/www.norn.is\\\/pistlar\\\/kristin-vala-og-orbylgjugrylan\\\/\",\"url\":\"https:\\\/\\\/www.norn.is\\\/pistlar\\\/kristin-vala-og-orbylgjugrylan\\\/\",\"name\":\"Krist\u00edn Vala og \u00f6rbylgjugr\u00fdlan - Pistlar Evu\",\"isPartOf\":{\"@id\":\"https:\\\/\\\/www.norn.is\\\/pistlar\\\/#website\"},\"datePublished\":\"2012-02-14T14:57:01+00:00\",\"dateModified\":\"2018-09-18T15:04:04+00:00\",\"author\":{\"@id\":\"https:\\\/\\\/www.norn.is\\\/pistlar\\\/#\\\/schema\\\/person\\\/1a27d7aee01469adf3180f8fd9e72c46\"},\"breadcrumb\":{\"@id\":\"https:\\\/\\\/www.norn.is\\\/pistlar\\\/kristin-vala-og-orbylgjugrylan\\\/#breadcrumb\"},\"inLanguage\":\"is\",\"potentialAction\":[{\"@type\":\"ReadAction\",\"target\":[\"https:\\\/\\\/www.norn.is\\\/pistlar\\\/kristin-vala-og-orbylgjugrylan\\\/\"]}]},{\"@type\":\"BreadcrumbList\",\"@id\":\"https:\\\/\\\/www.norn.is\\\/pistlar\\\/kristin-vala-og-orbylgjugrylan\\\/#breadcrumb\",\"itemListElement\":[{\"@type\":\"ListItem\",\"position\":1,\"name\":\"Home\",\"item\":\"https:\\\/\\\/www.norn.is\\\/pistlar\\\/\"},{\"@type\":\"ListItem\",\"position\":2,\"name\":\"Krist\u00edn Vala og \u00f6rbylgjugr\u00fdlan\"}]},{\"@type\":\"WebSite\",\"@id\":\"https:\\\/\\\/www.norn.is\\\/pistlar\\\/#website\",\"url\":\"https:\\\/\\\/www.norn.is\\\/pistlar\\\/\",\"name\":\"Pistlar Evu\",\"description\":\"\",\"potentialAction\":[{\"@type\":\"SearchAction\",\"target\":{\"@type\":\"EntryPoint\",\"urlTemplate\":\"https:\\\/\\\/www.norn.is\\\/pistlar\\\/?s={search_term_string}\"},\"query-input\":{\"@type\":\"PropertyValueSpecification\",\"valueRequired\":true,\"valueName\":\"search_term_string\"}}],\"inLanguage\":\"is\"},{\"@type\":\"Person\",\"@id\":\"https:\\\/\\\/www.norn.is\\\/pistlar\\\/#\\\/schema\\\/person\\\/1a27d7aee01469adf3180f8fd9e72c46\",\"name\":\"admin\",\"url\":\"https:\\\/\\\/www.norn.is\\\/pistlar\\\/author\\\/admin\\\/\"}]}<\/script>\n<!-- \/ Yoast SEO plugin. -->","yoast_head_json":{"title":"Krist\u00edn Vala og \u00f6rbylgjugr\u00fdlan - Pistlar Evu","robots":{"index":"index","follow":"follow","max-snippet":"max-snippet:-1","max-image-preview":"max-image-preview:large","max-video-preview":"max-video-preview:-1"},"canonical":"https:\/\/www.norn.is\/pistlar\/kristin-vala-og-orbylgjugrylan\/","og_locale":"is_IS","og_type":"article","og_title":"Krist\u00edn Vala og \u00f6rbylgjugr\u00fdlan - Pistlar Evu","og_description":"\u00cd g\u00e6r birti \u00e9g pistil \u00fear sem \u00e9g gagnr\u00fdndi framsetningu v\u00edsindamanns \u00ed \u00e1hrifast\u00f6\u00f0u \u00e1 \u00fev\u00ed sem \u00e9g taldi \u00ed fyrstu a\u00f0 v\u00e6ri hugsa\u00f0 sem vi\u00f0v\u00f6run vi\u00f0 gerviv\u00edsindum. Forseti verkfr\u00e6\u00f0i- og n\u00e1tt\u00faruv\u00edsindasvi\u00f0s H\u00cd p\u00f3sta\u00f0i \u00e1 facebook, \u00e1n nokkurrar gagnr\u00fdni, tenglum \u00e1 &hellip; Halda \u00e1fram a\u00f0 lesa &rarr;","og_url":"https:\/\/www.norn.is\/pistlar\/kristin-vala-og-orbylgjugrylan\/","og_site_name":"Pistlar Evu","article_published_time":"2012-02-14T14:57:01+00:00","article_modified_time":"2018-09-18T15:04:04+00:00","author":"admin","twitter_card":"summary_large_image","twitter_misc":{"Written by":false,"Est. reading time":"9 minutes"},"schema":{"@context":"https:\/\/schema.org","@graph":[{"@type":"Article","@id":"https:\/\/www.norn.is\/pistlar\/kristin-vala-og-orbylgjugrylan\/#article","isPartOf":{"@id":"https:\/\/www.norn.is\/pistlar\/kristin-vala-og-orbylgjugrylan\/"},"author":{"name":"admin","@id":"https:\/\/www.norn.is\/pistlar\/#\/schema\/person\/1a27d7aee01469adf3180f8fd9e72c46"},"headline":"Krist\u00edn Vala og \u00f6rbylgjugr\u00fdlan","datePublished":"2012-02-14T14:57:01+00:00","dateModified":"2018-09-18T15:04:04+00:00","mainEntityOfPage":{"@id":"https:\/\/www.norn.is\/pistlar\/kristin-vala-og-orbylgjugrylan\/"},"wordCount":1755,"keywords":["\u00c1hrifaf\u00f3lk","Asnar","Gerviv\u00edsindi"],"articleSection":["Menntun og v\u00edsindi","Pistlar um samf\u00e9lagsm\u00e1l"],"inLanguage":"is"},{"@type":"WebPage","@id":"https:\/\/www.norn.is\/pistlar\/kristin-vala-og-orbylgjugrylan\/","url":"https:\/\/www.norn.is\/pistlar\/kristin-vala-og-orbylgjugrylan\/","name":"Krist\u00edn Vala og \u00f6rbylgjugr\u00fdlan - Pistlar Evu","isPartOf":{"@id":"https:\/\/www.norn.is\/pistlar\/#website"},"datePublished":"2012-02-14T14:57:01+00:00","dateModified":"2018-09-18T15:04:04+00:00","author":{"@id":"https:\/\/www.norn.is\/pistlar\/#\/schema\/person\/1a27d7aee01469adf3180f8fd9e72c46"},"breadcrumb":{"@id":"https:\/\/www.norn.is\/pistlar\/kristin-vala-og-orbylgjugrylan\/#breadcrumb"},"inLanguage":"is","potentialAction":[{"@type":"ReadAction","target":["https:\/\/www.norn.is\/pistlar\/kristin-vala-og-orbylgjugrylan\/"]}]},{"@type":"BreadcrumbList","@id":"https:\/\/www.norn.is\/pistlar\/kristin-vala-og-orbylgjugrylan\/#breadcrumb","itemListElement":[{"@type":"ListItem","position":1,"name":"Home","item":"https:\/\/www.norn.is\/pistlar\/"},{"@type":"ListItem","position":2,"name":"Krist\u00edn Vala og \u00f6rbylgjugr\u00fdlan"}]},{"@type":"WebSite","@id":"https:\/\/www.norn.is\/pistlar\/#website","url":"https:\/\/www.norn.is\/pistlar\/","name":"Pistlar Evu","description":"","potentialAction":[{"@type":"SearchAction","target":{"@type":"EntryPoint","urlTemplate":"https:\/\/www.norn.is\/pistlar\/?s={search_term_string}"},"query-input":{"@type":"PropertyValueSpecification","valueRequired":true,"valueName":"search_term_string"}}],"inLanguage":"is"},{"@type":"Person","@id":"https:\/\/www.norn.is\/pistlar\/#\/schema\/person\/1a27d7aee01469adf3180f8fd9e72c46","name":"admin","url":"https:\/\/www.norn.is\/pistlar\/author\/admin\/"}]}},"_links":{"self":[{"href":"https:\/\/www.norn.is\/pistlar\/wp-json\/wp\/v2\/posts\/9187","targetHints":{"allow":["GET"]}}],"collection":[{"href":"https:\/\/www.norn.is\/pistlar\/wp-json\/wp\/v2\/posts"}],"about":[{"href":"https:\/\/www.norn.is\/pistlar\/wp-json\/wp\/v2\/types\/post"}],"author":[{"embeddable":true,"href":"https:\/\/www.norn.is\/pistlar\/wp-json\/wp\/v2\/users\/1"}],"replies":[{"embeddable":true,"href":"https:\/\/www.norn.is\/pistlar\/wp-json\/wp\/v2\/comments?post=9187"}],"version-history":[{"count":5,"href":"https:\/\/www.norn.is\/pistlar\/wp-json\/wp\/v2\/posts\/9187\/revisions"}],"predecessor-version":[{"id":13444,"href":"https:\/\/www.norn.is\/pistlar\/wp-json\/wp\/v2\/posts\/9187\/revisions\/13444"}],"wp:attachment":[{"href":"https:\/\/www.norn.is\/pistlar\/wp-json\/wp\/v2\/media?parent=9187"}],"wp:term":[{"taxonomy":"category","embeddable":true,"href":"https:\/\/www.norn.is\/pistlar\/wp-json\/wp\/v2\/categories?post=9187"},{"taxonomy":"post_tag","embeddable":true,"href":"https:\/\/www.norn.is\/pistlar\/wp-json\/wp\/v2\/tags?post=9187"}],"curies":[{"name":"wp","href":"https:\/\/api.w.org\/{rel}","templated":true}]}}