{"id":846,"date":"2014-06-06T13:49:35","date_gmt":"2014-06-06T13:49:35","guid":{"rendered":"http:\/\/www.norn.is\/pistlar\/?p=846"},"modified":"2018-09-18T15:32:09","modified_gmt":"2018-09-18T15:32:09","slug":"nytingarfasistinn-5-hluti","status":"publish","type":"post","link":"https:\/\/www.norn.is\/pistlar\/nytingarfasistinn-5-hluti\/","title":{"rendered":"N\u00fdtingarfasistinn 5. hluti"},"content":{"rendered":"<h1 style=\"color: #111111;\">Best fyrir\u2026 merkir ekki \u00f3n\u00fdtt eftir\u2026<\/h1>\n<p><a href=\"http:\/\/www.norn.is\/pistlar\/wp-content\/uploads\/sites\/2\/2014\/06\/nytingarfasisti-1-688x451-e1407505934766.jpg\"><img loading=\"lazy\" decoding=\"async\" class=\"alignleft size-full wp-image-853\" src=\"http:\/\/www.norn.is\/pistlar\/wp-content\/uploads\/sites\/2\/2014\/06\/nytingarfasisti-1-688x451-e1407505934766.jpg\" alt=\"nytingarfasisti-1-688x451\" width=\"600\" height=\"393\" \/><\/a><\/p>\n<p style=\"color: #222222;\">Samkv\u00e6mt norskri ranns\u00f3kn sem ger\u00f0 var \u00e1 \u00e1runum 2009-2013 er algengasta \u00e1st\u00e6\u00f0an sem f\u00f3lk gefur fyrir \u00fev\u00ed a\u00f0 \u00fea\u00f0 hendi mat s\u00fa a\u00f0 hann s\u00e9 \u201e\u00fatrunninn\u201c.<!--more--><\/p>\n<p style=\"color: #222222;\">Ekki henda mat bara af \u00fev\u00ed a\u00f0 hann er \u201e\u00fatrunninn\u201c. S\u00f6lu- og neysludagsmerkingar gegna a\u00f0 verulegu leyti \u00fev\u00ed hlutverki a\u00f0 tryggja framlei\u00f0andann gegn l\u00f6gs\u00f3knum og oft er matur fullkomlega \u00ed lagi \u00fe\u00f3tt hann s\u00e9 kominn fram yfir s\u00ed\u00f0asta neysludag. Matur l\u00fdgur sjaldan, ef hann lyktar vel og brag\u00f0ast vel er a\u00f0 \u00f6llum l\u00edkindum allt \u00ed lagi me\u00f0 hann.<\/p>\n<h2 style=\"color: #222222;\">\u00dea\u00f0 sem ekki er skemmt er oftast noth\u00e6ft<\/h2>\n<p style=\"color: #222222;\">\u00a0<a href=\"http:\/\/www.norn.is\/pistlar\/wp-content\/uploads\/sites\/2\/2014\/08\/graent.jpg\"><img loading=\"lazy\" decoding=\"async\" class=\"alignleft wp-image-847 size-medium\" src=\"http:\/\/www.norn.is\/pistlar\/wp-content\/uploads\/sites\/2\/2014\/08\/graent-300x300.jpg\" alt=\"graent\" width=\"300\" height=\"300\" srcset=\"https:\/\/www.norn.is\/pistlar\/wp-content\/uploads\/sites\/2\/2014\/08\/graent-300x300.jpg 300w, https:\/\/www.norn.is\/pistlar\/wp-content\/uploads\/sites\/2\/2014\/08\/graent-150x150.jpg 150w, https:\/\/www.norn.is\/pistlar\/wp-content\/uploads\/sites\/2\/2014\/08\/graent.jpg 490w\" sizes=\"auto, (max-width: 300px) 100vw, 300px\" \/><\/a>Gr\u00e6nmeti sem er ekki lengur n\u00f3gu fallegt til a\u00f0 nota \u00fea\u00f0 \u00ed salat er samt h\u00e6gt a\u00f0 nota \u00ed pottr\u00e9tti og s\u00fapur. \u00dea\u00f0 er einnig h\u00e6gt a\u00f0 marinera \u00fea\u00f0 \u00ed ol\u00edu og kryddi.<\/p>\n<p style=\"color: #222222;\">Ef \u00fe\u00fa \u00e1tt gr\u00e6nmeti sem er a\u00f0eins fari\u00f0 a\u00f0 \u00feorna er stundum h\u00e6gt a\u00f0 nota \u00fea\u00f0 \u00ed salat me\u00f0 \u00fev\u00ed a\u00f0 skera \u00fea\u00f0 ni\u00f0ur og leggja \u00fea\u00f0 \u00ed kalt vatn \u00ed d\u00e1litla stund.<\/p>\n<p style=\"color: #222222;\">Ef salati\u00f0 er a\u00f0 byrja a\u00f0 ver\u00f0a slappt, fjarl\u00e6g\u00f0u \u00fe\u00e1 ystu bl\u00f6\u00f0in, settu r\u00f3tina \u00ed vatn, eins og bl\u00f3m og l\u00e1ttu \u00fea\u00f0 standa \u00ed vatninu \u00fear til \u00e1 a\u00f0 nota \u00fea\u00f0.<\/p>\n<p style=\"color: #222222;\">Gr\u00e6nmeti sem liggur \u00ed raka skemmist. \u00deurrka\u00f0u gr\u00e6nmetu og \u00e1vexti me\u00f0 eldh\u00fasspapp\u00edr e\u00f0a tau\u00feurrku ef er farinn a\u00f0 myndast raki \u00ed gr\u00e6nmetissk\u00faffunni og hentu \u00fev\u00ed sem er skemmt strax \u00fev\u00ed \u00fea\u00f0 skemmir flj\u00f3tt \u00fat fr\u00e1 s\u00e9r. \u00a0\u00c9g geymi sveppi ekki \u00ed k\u00e6li, \u00fev\u00ed \u00fea\u00f0 er vel h\u00e6gt a\u00f0 nota \u00fe\u00e1 \u00fe\u00f3tt \u00feeir \u00feorni en ef \u00fe\u00fa vilt geyma \u00fe\u00e1 \u00ed k\u00e6li l\u00e1ttu \u00fe\u00e1 \u00fe\u00e1 ekki vera \u00ed snertingu vi\u00f0 gr\u00e6nmeti. Geymdu \u00fe\u00e1 \u00ed umb\u00fa\u00f0unum \u00fear til \u00fe\u00fa \u00fearft a\u00f0 nota \u00fe\u00e1 og settu afganginn af \u00feeim \u00ed br\u00e9fpoka e\u00f0a plastpoka me\u00f0 eldh\u00fasspapp\u00edr.<\/p>\n<p style=\"color: #222222;\"><a href=\"http:\/\/www.norn.is\/pistlar\/wp-content\/uploads\/sites\/2\/2014\/08\/sveppir.jpg\"><img loading=\"lazy\" decoding=\"async\" class=\"alignright size-medium wp-image-848\" src=\"http:\/\/www.norn.is\/pistlar\/wp-content\/uploads\/sites\/2\/2014\/08\/sveppir-300x225.jpg\" alt=\"sveppir\" width=\"300\" height=\"225\" srcset=\"https:\/\/www.norn.is\/pistlar\/wp-content\/uploads\/sites\/2\/2014\/08\/sveppir-300x225.jpg 300w, https:\/\/www.norn.is\/pistlar\/wp-content\/uploads\/sites\/2\/2014\/08\/sveppir-1024x769.jpg 1024w, https:\/\/www.norn.is\/pistlar\/wp-content\/uploads\/sites\/2\/2014\/08\/sveppir-174x131.jpg 174w, https:\/\/www.norn.is\/pistlar\/wp-content\/uploads\/sites\/2\/2014\/08\/sveppir-70x53.jpg 70w, https:\/\/www.norn.is\/pistlar\/wp-content\/uploads\/sites\/2\/2014\/08\/sveppir.jpg 1600w\" sizes=\"auto, (max-width: 300px) 100vw, 300px\" \/><\/a>\u00de\u00f3tt standi \u00e1 krukkunni a\u00f0 innihaldi\u00f0 geymist a\u00f0eins 3 daga \u00ed \u00edssk\u00e1p eftir a\u00f0 krukkan er opnu\u00f0 er oft h\u00e6gt a\u00f0 auka geymslu\u00feoli\u00f0 me\u00f0 \u00fev\u00ed a\u00f0 setja plastfilmu yfir innihaldi\u00f0 \u00feannig a\u00f0 n\u00e1nast ekkert loft komist a\u00f0 \u00fev\u00ed og loka krukkunni vel.<\/p>\n<p style=\"color: #222222;\">Ef krydda\u00f0 kj\u00f6t lyktar ekki illa \u00fe\u00e1 er \u00ed lagi me\u00f0 \u00fea\u00f0 \u00fe\u00f3tt \u00fea\u00f0 s\u00e9 komi\u00f0 fram yfir s\u00ed\u00f0asta s\u00f6ludag. \u00dea\u00f0 er afar \u00f3l\u00edklegt a\u00f0 krydd blekki lyktarskyn og brag\u00f0lauka a\u00f0 \u00fev\u00ed marki a\u00f0 \u00fe\u00fa bor\u00f0ir eitthva\u00f0 h\u00e6ttulegt \u00e1n \u00feess a\u00f0 taka eftir \u00fev\u00ed. \u00dea\u00f0 er \u00fatbreidd hugmynd a\u00f0 fyrr \u00e1 \u00f6ldum hafi krydd veri\u00f0 notu\u00f0 til \u00feess a\u00f0 fela brag\u00f0 af skemmdu kj\u00f6ti. \u00c9g hef hvergi s\u00e9\u00f0 \u00e1rei\u00f0anlegar heimildir sem sty\u00f0ja \u00feetta. \u00c1 nor\u00f0ursl\u00f3\u00f0um er l\u00edklegt a\u00f0 pipar og \u00f6nnur brag\u00f0mikil krydd hafi auk \u00feess veri\u00f0 d\u00fdrari en kj\u00f6t og fiskur. \u00a0\u00c9g hef reyndar bjarga\u00f0 kj\u00f6ti bara me\u00f0 \u00fev\u00ed skola af \u00fev\u00ed kryddi\u00f0 me\u00f0 k\u00f6ldu vatni en gr\u00e6nar kryddjurtir skemmast oft \u00e1 undan kj\u00f6tinu.<\/p>\n<p style=\"color: #222222;\"><a href=\"http:\/\/www.norn.is\/pistlar\/wp-content\/uploads\/sites\/2\/2014\/08\/pizza21.jpg\"><img loading=\"lazy\" decoding=\"async\" class=\"alignleft size-medium wp-image-849\" src=\"http:\/\/www.norn.is\/pistlar\/wp-content\/uploads\/sites\/2\/2014\/08\/pizza21-300x180.jpg\" alt=\"pizza21\" width=\"300\" height=\"180\" srcset=\"https:\/\/www.norn.is\/pistlar\/wp-content\/uploads\/sites\/2\/2014\/08\/pizza21-300x180.jpg 300w, https:\/\/www.norn.is\/pistlar\/wp-content\/uploads\/sites\/2\/2014\/08\/pizza21.jpg 490w\" sizes=\"auto, (max-width: 300px) 100vw, 300px\" \/><\/a><\/p>\n<p style=\"color: #222222;\">Pizza sem hefur sta\u00f0i\u00f0 \u00ed \u00edssk\u00e1p \u00ed 2 daga er ekki spennandi k\u00f6ld en h\u00fan er samt ekki \u00f3\u00e6t ef \u00e1leggi\u00f0 \u00e1 henni er \u00ed lagi. Settu hana \u00a0form sem er n\u00f3gu dj\u00fapt til \u00feess a\u00f0 s\u00e9 h\u00e6gt a\u00f0 hylja \u00fea\u00f0 me\u00f0 disk e\u00f0a \u00e1lpapp\u00edr, settu formi\u00f0 \u00ed kaldan ofn og stilltu hann \u00e1 150\u00baC. \u00deegar hann hefur n\u00e1\u00f0 \u00feeim hita, fjarl\u00e6g\u00f0u \u00fe\u00e1 \u00e1lpapp\u00edrinn (\u00feurrka\u00f0u hann og gakktu fr\u00e1 honum svo s\u00e9 h\u00e6gt a\u00f0 endyrn\u00fdta hann) og kveiktu \u00e1 grillinu ef \u00fe\u00e9r finnst \u00fe\u00f6rf \u00e1 \u00fev\u00ed. \u00dea\u00f0 er l\u00edka h\u00e6gt a\u00f0 \u00fa\u00f0a \u00feunnbotnapizzu me\u00f0 sm\u00e1 vatni og setja hana inn \u00ed heitan ofn.<\/p>\n<h2 style=\"color: #111111;\"><\/h2>\n<h2 style=\"color: #111111;\"><strong style=\"font-style: inherit;\">N\u00fdttu hr\u00e1efni\u00f0 betur<\/strong><\/h2>\n<p style=\"color: #222222;\"><a href=\"http:\/\/www.norn.is\/pistlar\/wp-content\/uploads\/sites\/2\/2014\/08\/broccoli.jpg\"><img loading=\"lazy\" decoding=\"async\" class=\"alignright size-full wp-image-850\" src=\"http:\/\/www.norn.is\/pistlar\/wp-content\/uploads\/sites\/2\/2014\/08\/broccoli.jpg\" alt=\"broccoli\" width=\"275\" height=\"183\" \/><\/a>\u00c9g hef margsinnis s\u00e9\u00f0 f\u00f3lk henda brokkolist\u00f6nglinum og og bl\u00f3mk\u00e1lsbl\u00f6\u00f0unum. \u00dea\u00f0 er engin \u00e1st\u00e6\u00f0a til \u00feess. \u00dea\u00f0 er a\u00f0eins ne\u00f0sti hlutinn af bl\u00f3mk\u00e1linu sem er \u00f3\u00e6tur. Bl\u00f3mk\u00e1lsbl\u00f6\u00f0in og brokkolist\u00f6nglarnir \u00feurfa lengri su\u00f0u en bl\u00f3mknapparnir, en \u00feeir eru samt vel \u00e6tir. \u00dea\u00f0 m\u00e1 til d\u00e6mis sj\u00f3\u00f0a \u00fe\u00e1, mauka \u00ed matvinnsluv\u00e9l og nota \u00ed s\u00fapur og s\u00f3sur. \u00dea\u00f0 er l\u00edka sni\u00f0ugt a\u00f0 r\u00edfa \u00fe\u00e1 hr\u00e1a og nota \u00e1samt \u00f6\u00f0ru gr\u00e6nmeti \u00ed \u201estir fry\u201c-r\u00e9tti, lasagna og a\u00f0ra ofnr\u00e9tti. R\u00f3fuk\u00e1li\u00f0 er l\u00edka \u00e6tt en r\u00f3fur eru n\u00fa oftast seldar \u00e1n \u00feess.<\/p>\n<p>&nbsp;<\/p>\n","protected":false},"excerpt":{"rendered":"<p>Best fyrir\u2026 merkir ekki \u00f3n\u00fdtt eftir\u2026 Samkv\u00e6mt norskri ranns\u00f3kn sem ger\u00f0 var \u00e1 \u00e1runum 2009-2013 er algengasta \u00e1st\u00e6\u00f0an sem f\u00f3lk gefur fyrir \u00fev\u00ed a\u00f0 \u00fea\u00f0 hendi mat s\u00fa a\u00f0 hann s\u00e9 \u201e\u00fatrunninn\u201c.<\/p>\n","protected":false},"author":2,"featured_media":0,"comment_status":"closed","ping_status":"closed","sticky":false,"template":"","format":"standard","meta":{"footnotes":"","_links_to":"","_links_to_target":""},"categories":[706,1],"tags":[24,75,1112,50,56,76],"class_list":["post-846","post","type-post","status-publish","format-standard","hentry","category-heimilid-neytendamal-vinnumarkadur-ofl","category-pistlar","tag-kapitalismi","tag-nytingarfasistinn","tag-ofneysla","tag-sorp","tag-sparnadur","tag-umhverfisspjoll"],"yoast_head":"<!-- This site is optimized with the Yoast SEO plugin v27.5 - https:\/\/yoast.com\/product\/yoast-seo-wordpress\/ -->\n<title>N\u00fdtingarfasistinn 5. hluti - Pistlar Evu<\/title>\n<meta name=\"robots\" content=\"index, follow, max-snippet:-1, max-image-preview:large, max-video-preview:-1\" \/>\n<link rel=\"canonical\" href=\"https:\/\/www.norn.is\/pistlar\/nytingarfasistinn-5-hluti\/\" \/>\n<meta property=\"og:locale\" content=\"is_IS\" \/>\n<meta property=\"og:type\" content=\"article\" \/>\n<meta property=\"og:title\" content=\"N\u00fdtingarfasistinn 5. hluti - Pistlar Evu\" \/>\n<meta property=\"og:description\" content=\"Best fyrir\u2026 merkir ekki \u00f3n\u00fdtt eftir\u2026 Samkv\u00e6mt norskri ranns\u00f3kn sem ger\u00f0 var \u00e1 \u00e1runum 2009-2013 er algengasta \u00e1st\u00e6\u00f0an sem f\u00f3lk gefur fyrir \u00fev\u00ed a\u00f0 \u00fea\u00f0 hendi mat s\u00fa a\u00f0 hann s\u00e9 \u201e\u00fatrunninn\u201c.\" \/>\n<meta property=\"og:url\" content=\"https:\/\/www.norn.is\/pistlar\/nytingarfasistinn-5-hluti\/\" \/>\n<meta property=\"og:site_name\" content=\"Pistlar Evu\" \/>\n<meta property=\"article:published_time\" content=\"2014-06-06T13:49:35+00:00\" \/>\n<meta property=\"article:modified_time\" content=\"2018-09-18T15:32:09+00:00\" \/>\n<meta property=\"og:image\" content=\"http:\/\/www.norn.is\/pistlar\/wp-content\/uploads\/sites\/2\/2014\/06\/nytingarfasisti-1-688x451-e1407505934766.jpg\" \/>\n<meta name=\"author\" content=\"Eva Hauksd\u00f3ttir\" \/>\n<meta name=\"twitter:card\" content=\"summary_large_image\" \/>\n<meta name=\"twitter:label1\" content=\"Written by\" \/>\n\t<meta name=\"twitter:data1\" content=\"\" \/>\n\t<meta name=\"twitter:label2\" content=\"Est. reading time\" \/>\n\t<meta name=\"twitter:data2\" content=\"4 minutes\" \/>\n<script type=\"application\/ld+json\" class=\"yoast-schema-graph\">{\"@context\":\"https:\\\/\\\/schema.org\",\"@graph\":[{\"@type\":\"Article\",\"@id\":\"https:\\\/\\\/www.norn.is\\\/pistlar\\\/nytingarfasistinn-5-hluti\\\/#article\",\"isPartOf\":{\"@id\":\"https:\\\/\\\/www.norn.is\\\/pistlar\\\/nytingarfasistinn-5-hluti\\\/\"},\"author\":{\"name\":\"Eva Hauksd\u00f3ttir\",\"@id\":\"https:\\\/\\\/www.norn.is\\\/pistlar\\\/#\\\/schema\\\/person\\\/2eb0fcae9e1ecc61987f7ed9c878531c\"},\"headline\":\"N\u00fdtingarfasistinn 5. hluti\",\"datePublished\":\"2014-06-06T13:49:35+00:00\",\"dateModified\":\"2018-09-18T15:32:09+00:00\",\"mainEntityOfPage\":{\"@id\":\"https:\\\/\\\/www.norn.is\\\/pistlar\\\/nytingarfasistinn-5-hluti\\\/\"},\"wordCount\":719,\"image\":{\"@id\":\"https:\\\/\\\/www.norn.is\\\/pistlar\\\/nytingarfasistinn-5-hluti\\\/#primaryimage\"},\"thumbnailUrl\":\"http:\\\/\\\/www.norn.is\\\/pistlar\\\/wp-content\\\/uploads\\\/sites\\\/2\\\/2014\\\/06\\\/nytingarfasisti-1-688x451-e1407505934766.jpg\",\"keywords\":[\"Kap\u00edtalismi\",\"N\u00fdtingarfasistinn\",\"Ofneysla\",\"Sorp\",\"Sparna\u00f0ur\",\"Umhverfisspj\u00f6ll\"],\"articleSection\":[\"Heimili\u00f0, neytendam\u00e1l, vinnumarka\u00f0ur ofl.\",\"Pistlar um samf\u00e9lagsm\u00e1l\"],\"inLanguage\":\"is\"},{\"@type\":\"WebPage\",\"@id\":\"https:\\\/\\\/www.norn.is\\\/pistlar\\\/nytingarfasistinn-5-hluti\\\/\",\"url\":\"https:\\\/\\\/www.norn.is\\\/pistlar\\\/nytingarfasistinn-5-hluti\\\/\",\"name\":\"N\u00fdtingarfasistinn 5. hluti - Pistlar Evu\",\"isPartOf\":{\"@id\":\"https:\\\/\\\/www.norn.is\\\/pistlar\\\/#website\"},\"primaryImageOfPage\":{\"@id\":\"https:\\\/\\\/www.norn.is\\\/pistlar\\\/nytingarfasistinn-5-hluti\\\/#primaryimage\"},\"image\":{\"@id\":\"https:\\\/\\\/www.norn.is\\\/pistlar\\\/nytingarfasistinn-5-hluti\\\/#primaryimage\"},\"thumbnailUrl\":\"http:\\\/\\\/www.norn.is\\\/pistlar\\\/wp-content\\\/uploads\\\/sites\\\/2\\\/2014\\\/06\\\/nytingarfasisti-1-688x451-e1407505934766.jpg\",\"datePublished\":\"2014-06-06T13:49:35+00:00\",\"dateModified\":\"2018-09-18T15:32:09+00:00\",\"author\":{\"@id\":\"https:\\\/\\\/www.norn.is\\\/pistlar\\\/#\\\/schema\\\/person\\\/2eb0fcae9e1ecc61987f7ed9c878531c\"},\"breadcrumb\":{\"@id\":\"https:\\\/\\\/www.norn.is\\\/pistlar\\\/nytingarfasistinn-5-hluti\\\/#breadcrumb\"},\"inLanguage\":\"is\",\"potentialAction\":[{\"@type\":\"ReadAction\",\"target\":[\"https:\\\/\\\/www.norn.is\\\/pistlar\\\/nytingarfasistinn-5-hluti\\\/\"]}]},{\"@type\":\"ImageObject\",\"inLanguage\":\"is\",\"@id\":\"https:\\\/\\\/www.norn.is\\\/pistlar\\\/nytingarfasistinn-5-hluti\\\/#primaryimage\",\"url\":\"http:\\\/\\\/www.norn.is\\\/pistlar\\\/wp-content\\\/uploads\\\/sites\\\/2\\\/2014\\\/06\\\/nytingarfasisti-1-688x451-e1407505934766.jpg\",\"contentUrl\":\"http:\\\/\\\/www.norn.is\\\/pistlar\\\/wp-content\\\/uploads\\\/sites\\\/2\\\/2014\\\/06\\\/nytingarfasisti-1-688x451-e1407505934766.jpg\"},{\"@type\":\"BreadcrumbList\",\"@id\":\"https:\\\/\\\/www.norn.is\\\/pistlar\\\/nytingarfasistinn-5-hluti\\\/#breadcrumb\",\"itemListElement\":[{\"@type\":\"ListItem\",\"position\":1,\"name\":\"Home\",\"item\":\"https:\\\/\\\/www.norn.is\\\/pistlar\\\/\"},{\"@type\":\"ListItem\",\"position\":2,\"name\":\"N\u00fdtingarfasistinn 5. hluti\"}]},{\"@type\":\"WebSite\",\"@id\":\"https:\\\/\\\/www.norn.is\\\/pistlar\\\/#website\",\"url\":\"https:\\\/\\\/www.norn.is\\\/pistlar\\\/\",\"name\":\"Pistlar Evu\",\"description\":\"\",\"potentialAction\":[{\"@type\":\"SearchAction\",\"target\":{\"@type\":\"EntryPoint\",\"urlTemplate\":\"https:\\\/\\\/www.norn.is\\\/pistlar\\\/?s={search_term_string}\"},\"query-input\":{\"@type\":\"PropertyValueSpecification\",\"valueRequired\":true,\"valueName\":\"search_term_string\"}}],\"inLanguage\":\"is\"},{\"@type\":\"Person\",\"@id\":\"https:\\\/\\\/www.norn.is\\\/pistlar\\\/#\\\/schema\\\/person\\\/2eb0fcae9e1ecc61987f7ed9c878531c\",\"name\":\"Eva Hauksd\u00f3ttir\",\"sameAs\":[\"http:\\\/\\\/www.norn.is\"],\"url\":\"https:\\\/\\\/www.norn.is\\\/pistlar\\\/author\\\/eva\\\/\"}]}<\/script>\n<!-- \/ Yoast SEO plugin. -->","yoast_head_json":{"title":"N\u00fdtingarfasistinn 5. hluti - Pistlar Evu","robots":{"index":"index","follow":"follow","max-snippet":"max-snippet:-1","max-image-preview":"max-image-preview:large","max-video-preview":"max-video-preview:-1"},"canonical":"https:\/\/www.norn.is\/pistlar\/nytingarfasistinn-5-hluti\/","og_locale":"is_IS","og_type":"article","og_title":"N\u00fdtingarfasistinn 5. hluti - Pistlar Evu","og_description":"Best fyrir\u2026 merkir ekki \u00f3n\u00fdtt eftir\u2026 Samkv\u00e6mt norskri ranns\u00f3kn sem ger\u00f0 var \u00e1 \u00e1runum 2009-2013 er algengasta \u00e1st\u00e6\u00f0an sem f\u00f3lk gefur fyrir \u00fev\u00ed a\u00f0 \u00fea\u00f0 hendi mat s\u00fa a\u00f0 hann s\u00e9 \u201e\u00fatrunninn\u201c.","og_url":"https:\/\/www.norn.is\/pistlar\/nytingarfasistinn-5-hluti\/","og_site_name":"Pistlar Evu","article_published_time":"2014-06-06T13:49:35+00:00","article_modified_time":"2018-09-18T15:32:09+00:00","og_image":[{"url":"http:\/\/www.norn.is\/pistlar\/wp-content\/uploads\/sites\/2\/2014\/06\/nytingarfasisti-1-688x451-e1407505934766.jpg","type":"","width":"","height":""}],"author":"Eva Hauksd\u00f3ttir","twitter_card":"summary_large_image","twitter_misc":{"Written by":false,"Est. reading time":"4 minutes"},"schema":{"@context":"https:\/\/schema.org","@graph":[{"@type":"Article","@id":"https:\/\/www.norn.is\/pistlar\/nytingarfasistinn-5-hluti\/#article","isPartOf":{"@id":"https:\/\/www.norn.is\/pistlar\/nytingarfasistinn-5-hluti\/"},"author":{"name":"Eva Hauksd\u00f3ttir","@id":"https:\/\/www.norn.is\/pistlar\/#\/schema\/person\/2eb0fcae9e1ecc61987f7ed9c878531c"},"headline":"N\u00fdtingarfasistinn 5. hluti","datePublished":"2014-06-06T13:49:35+00:00","dateModified":"2018-09-18T15:32:09+00:00","mainEntityOfPage":{"@id":"https:\/\/www.norn.is\/pistlar\/nytingarfasistinn-5-hluti\/"},"wordCount":719,"image":{"@id":"https:\/\/www.norn.is\/pistlar\/nytingarfasistinn-5-hluti\/#primaryimage"},"thumbnailUrl":"http:\/\/www.norn.is\/pistlar\/wp-content\/uploads\/sites\/2\/2014\/06\/nytingarfasisti-1-688x451-e1407505934766.jpg","keywords":["Kap\u00edtalismi","N\u00fdtingarfasistinn","Ofneysla","Sorp","Sparna\u00f0ur","Umhverfisspj\u00f6ll"],"articleSection":["Heimili\u00f0, neytendam\u00e1l, vinnumarka\u00f0ur ofl.","Pistlar um samf\u00e9lagsm\u00e1l"],"inLanguage":"is"},{"@type":"WebPage","@id":"https:\/\/www.norn.is\/pistlar\/nytingarfasistinn-5-hluti\/","url":"https:\/\/www.norn.is\/pistlar\/nytingarfasistinn-5-hluti\/","name":"N\u00fdtingarfasistinn 5. hluti - Pistlar Evu","isPartOf":{"@id":"https:\/\/www.norn.is\/pistlar\/#website"},"primaryImageOfPage":{"@id":"https:\/\/www.norn.is\/pistlar\/nytingarfasistinn-5-hluti\/#primaryimage"},"image":{"@id":"https:\/\/www.norn.is\/pistlar\/nytingarfasistinn-5-hluti\/#primaryimage"},"thumbnailUrl":"http:\/\/www.norn.is\/pistlar\/wp-content\/uploads\/sites\/2\/2014\/06\/nytingarfasisti-1-688x451-e1407505934766.jpg","datePublished":"2014-06-06T13:49:35+00:00","dateModified":"2018-09-18T15:32:09+00:00","author":{"@id":"https:\/\/www.norn.is\/pistlar\/#\/schema\/person\/2eb0fcae9e1ecc61987f7ed9c878531c"},"breadcrumb":{"@id":"https:\/\/www.norn.is\/pistlar\/nytingarfasistinn-5-hluti\/#breadcrumb"},"inLanguage":"is","potentialAction":[{"@type":"ReadAction","target":["https:\/\/www.norn.is\/pistlar\/nytingarfasistinn-5-hluti\/"]}]},{"@type":"ImageObject","inLanguage":"is","@id":"https:\/\/www.norn.is\/pistlar\/nytingarfasistinn-5-hluti\/#primaryimage","url":"http:\/\/www.norn.is\/pistlar\/wp-content\/uploads\/sites\/2\/2014\/06\/nytingarfasisti-1-688x451-e1407505934766.jpg","contentUrl":"http:\/\/www.norn.is\/pistlar\/wp-content\/uploads\/sites\/2\/2014\/06\/nytingarfasisti-1-688x451-e1407505934766.jpg"},{"@type":"BreadcrumbList","@id":"https:\/\/www.norn.is\/pistlar\/nytingarfasistinn-5-hluti\/#breadcrumb","itemListElement":[{"@type":"ListItem","position":1,"name":"Home","item":"https:\/\/www.norn.is\/pistlar\/"},{"@type":"ListItem","position":2,"name":"N\u00fdtingarfasistinn 5. hluti"}]},{"@type":"WebSite","@id":"https:\/\/www.norn.is\/pistlar\/#website","url":"https:\/\/www.norn.is\/pistlar\/","name":"Pistlar Evu","description":"","potentialAction":[{"@type":"SearchAction","target":{"@type":"EntryPoint","urlTemplate":"https:\/\/www.norn.is\/pistlar\/?s={search_term_string}"},"query-input":{"@type":"PropertyValueSpecification","valueRequired":true,"valueName":"search_term_string"}}],"inLanguage":"is"},{"@type":"Person","@id":"https:\/\/www.norn.is\/pistlar\/#\/schema\/person\/2eb0fcae9e1ecc61987f7ed9c878531c","name":"Eva Hauksd\u00f3ttir","sameAs":["http:\/\/www.norn.is"],"url":"https:\/\/www.norn.is\/pistlar\/author\/eva\/"}]}},"_links":{"self":[{"href":"https:\/\/www.norn.is\/pistlar\/wp-json\/wp\/v2\/posts\/846","targetHints":{"allow":["GET"]}}],"collection":[{"href":"https:\/\/www.norn.is\/pistlar\/wp-json\/wp\/v2\/posts"}],"about":[{"href":"https:\/\/www.norn.is\/pistlar\/wp-json\/wp\/v2\/types\/post"}],"author":[{"embeddable":true,"href":"https:\/\/www.norn.is\/pistlar\/wp-json\/wp\/v2\/users\/2"}],"replies":[{"embeddable":true,"href":"https:\/\/www.norn.is\/pistlar\/wp-json\/wp\/v2\/comments?post=846"}],"version-history":[{"count":6,"href":"https:\/\/www.norn.is\/pistlar\/wp-json\/wp\/v2\/posts\/846\/revisions"}],"predecessor-version":[{"id":11031,"href":"https:\/\/www.norn.is\/pistlar\/wp-json\/wp\/v2\/posts\/846\/revisions\/11031"}],"wp:attachment":[{"href":"https:\/\/www.norn.is\/pistlar\/wp-json\/wp\/v2\/media?parent=846"}],"wp:term":[{"taxonomy":"category","embeddable":true,"href":"https:\/\/www.norn.is\/pistlar\/wp-json\/wp\/v2\/categories?post=846"},{"taxonomy":"post_tag","embeddable":true,"href":"https:\/\/www.norn.is\/pistlar\/wp-json\/wp\/v2\/tags?post=846"}],"curies":[{"name":"wp","href":"https:\/\/api.w.org\/{rel}","templated":true}]}}