{"id":8261,"date":"2013-07-06T19:42:29","date_gmt":"2013-07-06T19:42:29","guid":{"rendered":"http:\/\/www.pistillinn.is\/?p=8261"},"modified":"2018-09-18T13:55:47","modified_gmt":"2018-09-18T13:55:47","slug":"urskurdarnefnd-sendir-borgurum-fingurinn","status":"publish","type":"post","link":"https:\/\/www.norn.is\/pistlar\/urskurdarnefnd-sendir-borgurum-fingurinn\/","title":{"rendered":"\u00darskur\u00f0arnefnd sendir borgurum fingurinn"},"content":{"rendered":"<p><a href=\"http:\/\/www.norn.is\/pistlar\/wp-content\/uploads\/sites\/2\/2013\/07\/Screenshot-from-2013-07-06-195918.png\"><img loading=\"lazy\" decoding=\"async\" class=\"aligncenter wp-image-13220 size-full\" src=\"http:\/\/www.norn.is\/pistlar\/wp-content\/uploads\/sites\/2\/2013\/07\/Screenshot-from-2013-07-06-195918.png\" alt=\"http:\/\/www.cartoonstock.com\/\" width=\"443\" height=\"329\" srcset=\"https:\/\/www.norn.is\/pistlar\/wp-content\/uploads\/sites\/2\/2013\/07\/Screenshot-from-2013-07-06-195918.png 443w, https:\/\/www.norn.is\/pistlar\/wp-content\/uploads\/sites\/2\/2013\/07\/Screenshot-from-2013-07-06-195918-300x223.png 300w, https:\/\/www.norn.is\/pistlar\/wp-content\/uploads\/sites\/2\/2013\/07\/Screenshot-from-2013-07-06-195918-404x300.png 404w\" sizes=\"auto, (max-width: 443px) 100vw, 443px\" \/><\/a>\u00c9g er b\u00fain a\u00f0 f\u00e1 \u00feessi g\u00f6gn sem <a href=\"http:\/\/blog.pressan.is\/evahauks\/2013\/07\/04\/eg-fae-adgang-ad-busoskyrslunni\/\">\u00farskur\u00f0arnefnd um uppl\u00fdsingam\u00e1l taldi \u00f3h\u00e6tt a\u00f0 s\u00fdna almenningi<\/a> og \u00e9g hef sjaldan or\u00f0i\u00f0 fyrir meiri vonbrig\u00f0um. Eftir r\u00famlega 37 vikna bi\u00f0 fr\u00e1 \u00fev\u00ed a\u00f0 \u00e9g lag\u00f0i fyrst fram k\u00e6ru (en \u00fe\u00e1 var li\u00f0inn m\u00e1nu\u00f0ur fr\u00e1 \u00fev\u00ed a\u00f0 \u00e9g \u00f3ska\u00f0i fyrst eftir g\u00f6gnum) er ni\u00f0ursta\u00f0an s\u00fa a\u00f0 \u00fea\u00f0 sem almenningur m\u00e1 sj\u00e1 af \u00feessari sk\u00fdrslu eru eing\u00f6ngu beinar tilvitnanir \u00ed fj\u00f6lmi\u00f0la. <!--more-->Vi\u00f0 erum a\u00f0 tala um me\u00f0g\u00f6ngulengd. Vonandi gengur \u00feetta venjulega hra\u00f0ar fyrir sig en a\u00f0 hluta sk\u00fdrist \u00feessi langi bi\u00f0t\u00edmi af \u00fev\u00ed a\u00f0 fyrstu k\u00e6runni var v\u00edsa\u00f0 aftur til l\u00f6greglu.<\/p>\n<p>&nbsp;<\/p>\n<p>R\u00f6k l\u00f6greglustj\u00f3ra h\u00e9ldu ekki vatni svo honum var gefinn kostur \u00e1 a\u00f0 svara m\u00e9r aftur og v\u00edsa \u00ed a\u00f0rar lagagreinar. Fr\u00e1b\u00e6rt fyrir yfirvaldi\u00f0, \u00fea\u00f0 eina sem \u00fea\u00f0 \u00fearf a\u00f0 gera til a\u00f0 \u00fereyta \u00fe\u00e1 almennu borgara sem leita r\u00e9ttar s\u00edns er a\u00f0 bulla. \u00dea\u00f0 hefur engar aflei\u00f0ingar, yfirvaldi\u00f0 f\u00e6r bara annan s\u00e9ns.<\/p>\n<p>&nbsp;<\/p>\n<p><span style=\"font-size: 18pt;\">Af hverju vil \u00e9g f\u00e1 a\u00f0 sj\u00e1 \u00feessa sk\u00fdrslu?<\/span><\/p>\n<p>\u00c1st\u00e6\u00f0urnar fyrir \u00fev\u00ed a\u00f0 \u00e9g ba\u00f0 fyrst um afrit af sk\u00fdrslunni voru annarsvegar almenn forvitni um \u00fea\u00f0 hvernig stofnanir samf\u00e9lagsins vinna me\u00f0 g\u00f6gn og hinsvegar grunur um a\u00f0 sk\u00fdrslan v\u00e6ri litu\u00f0 af p\u00f3lit\u00edskri afst\u00f6\u00f0u til B\u00fas\u00e1haldabyltingarinnar.<\/p>\n<p>\u00c9g \u00e1kva\u00f0 a\u00f0 leggja fram k\u00e6ru af \u00fev\u00ed a\u00f0 \u00feessar grunsemdir voru r\u00e6kilega sta\u00f0festar \u00feegar h\u00f6fundur sk\u00fdrslunnar kynnti efni hennar hj\u00e1 stj\u00f3rnm\u00e1lask\u00f3la Sj\u00e1lfst\u00e6\u00f0isflokksins undir heitinu \u201cA\u00f0f\u00f6rin a\u00f0 Al\u00feingi.\u201d \u00cd fyrirlestrinum komu b\u00e6\u00f0i fram rangf\u00e6rslur og auglj\u00f3s p\u00f3lit\u00edsk afsta\u00f0a\u00a0 til \u00feessara mestu upp\u00feota \u00cdslandss\u00f6gunnar. H\u00e9r er um a\u00f0 r\u00e6\u00f0a sk\u00fdrslu sem l\u00f6greglan talar um sem vinnuplagg og sem v\u00e6nta m\u00e1 a\u00f0 ver\u00f0i notu\u00f0 til \u00feess a\u00f0 kynna n\u00fdjum l\u00f6greglu\u00fej\u00f3num m\u00f3tm\u00e6lamenningu og vi\u00f0br\u00f6g\u00f0 vi\u00f0 upp\u00feotum. Ef s\u00fa kynning er litu\u00f0 af p\u00f3lit\u00edskum vi\u00f0horfum \u00fe\u00e1 kemur almenningi \u00fea\u00f0 vi\u00f0.<\/p>\n<h4><\/h4>\n<p><span style=\"font-size: 18pt;\">Hva\u00f0 sag\u00f0i \u00farskur\u00f0arnefndin?<\/span><\/p>\n<p>\u00cd \u00farskur\u00f0inum er sta\u00f0fest a\u00f0 sk\u00fdrslan geti ekki talist vinnuplagg og nefndin bendir raunar \u00e1 ein r\u00f6k til vi\u00f0b\u00f3tar \u00feeim sem \u00e9g haf\u00f0i nefnt \u00ed k\u00e6runni.<\/p>\n<p>Nefndin tekur undir \u00fea\u00f0 sj\u00f3narmi\u00f0 l\u00f6greglustj\u00f3ra a\u00f0 pers\u00f3nuverndarsj\u00f3narmi\u00f0 beri a\u00f0 vir\u00f0a. Um \u00fea\u00f0 hefur aldrei veri\u00f0 neinn \u00e1greiningur og t\u00f3k \u00e9g s\u00e9rstaklega fram \u00ed k\u00e6runni a\u00f0 \u00e9g f\u00e6ri ekki fram \u00e1 uppl\u00fdsingar sem var\u00f0a einkahagi enda v\u00e6ri einfalt a\u00f0 afm\u00e1 \u00fe\u00e6r e\u00f0a fjarl\u00e6gja \u00fe\u00e1 hluta sem innih\u00e9ldu sl\u00edkar uppl\u00fdsingar. \u00cd \u00farskur\u00f0inum kemur einnig fram a\u00f0 vandasamt geti veri\u00f0 a\u00f0 meta hvort uppl\u00fdsingar teljist vi\u00f0kv\u00e6mar pers\u00f3nuuppl\u00fdsingar e\u00f0a ekki.\u00a0\u00dea\u00f0 er v\u00e6ntanlega \u00e1 \u00feeirri forsendu sem m\u00e9r er eing\u00f6ngu skammta\u00f0 \u00fea\u00f0 sem hefur birst or\u00f0r\u00e9tt \u00ed fj\u00f6lmi\u00f0lum auk stuttrar umfj\u00f6llunar sem var\u00f0ar mig sj\u00e1lfa.<\/p>\n<h4><\/h4>\n<p><span style=\"font-size: 18pt;\">Hversvegna er svona erfitt a\u00f0 meta hva\u00f0 telst vi\u00f0kv\u00e6mt?<\/span><\/p>\n<p>\u00d3tr\u00falegt ver\u00f0ur a\u00f0 teljast a\u00f0 \u00ed 270 s\u00ed\u00f0na sk\u00fdrslu s\u00e9u engir kaflar fyrir utan fj\u00f6lmi\u00f0laumfj\u00f6llun sem ekki innihalda vi\u00f0kv\u00e6mar pers\u00f3nuuppl\u00fdsingar en auk \u00feess er yfirleitt h\u00e6gt a\u00f0 afm\u00e1 sl\u00edk einkenni. S\u00e1 kafli sem sn\u00fdr a\u00f0 m\u00e9r sj\u00e1lfri er \u00e1g\u00e6tt d\u00e6mi. \u00dear koma fram uppl\u00fdsingar sem ekki hafa veri\u00f0 \u00ed opinberri umr\u00e6\u00f0u en \u00fe\u00e6r er au\u00f0veldlega h\u00e6gt a\u00f0 fjarl\u00e6gja l\u00edkt og gert er \u00ed opinberum d\u00f3mskj\u00f6lum. Hinsvegar er umfj\u00f6llunin a\u00f0 mestu leyti l\u00fdsing \u00e1 opinberum gj\u00f6rningi. Engum heilvita manni dettur \u00ed hug a\u00f0 \u00fea\u00f0 rj\u00fafi fri\u00f0helgi m\u00edna e\u00f0a stofni \u00f6ryggi m\u00ednu \u00ed h\u00e6ttu \u00fe\u00f3tt s\u00fa atbur\u00f0arl\u00fdsing s\u00e9 birt.\u00a0 \u00c6tla m\u00e1 a\u00f0 svipa\u00f0 gildi um a\u00f0ra hluta sk\u00fdrslunnar.<\/p>\n<p>&nbsp;<\/p>\n<p><span style=\"font-size: 18pt;\">Fyrir hvern vinnur \u00farskur\u00f0arnefndin?<\/span><\/p>\n<p>Hugmyndin me\u00f0 \u00farskur\u00f0arnefndum er s\u00fa a\u00f0 almenningur\u00a0 eigi a\u00f0 geta leita\u00f0 r\u00e9ttar s\u00edns gagnvart yfirv\u00f6ldum \u00e1n \u00feess a\u00f0 fara me\u00f0 \u00f6ll m\u00e1l fyrir d\u00f3mst\u00f3la me\u00f0 tilheyrandi kostna\u00f0i.<\/p>\n<p>\u00cd \u00feessu tilviki leita\u00f0i \u00e9g r\u00e9ttar \u00edslenskra r\u00edkisborgara gagnvart yfirv\u00f6ldum sem s\u00fdnilega taka p\u00f3lit\u00edska afst\u00f6\u00f0u \u00ed m\u00e1lum sem \u00feeim ber a\u00f0 n\u00e1lgast af hlutleysi. \u00darskur\u00f0arnefnd tekur \u00fe\u00e1 h\u00e1p\u00f3lit\u00edsku afst\u00f6\u00f0u a\u00f0 t\u00falka l\u00f6gin eins v\u00edtt og m\u00f6gulegt er, \u00ed \u00fe\u00e1gu yfirvalda sem vilja f\u00e1 a\u00f0 matrei\u00f0a sinn p\u00f3lit\u00edska bo\u00f0skap ofan \u00ed l\u00f6greglu\u00fej\u00f3na framt\u00ed\u00f0arinnar. Finnst ykkur \u00fea\u00f0 \u00ed lagi?<\/p>\n<p>&nbsp;<\/p>\n<p><span style=\"font-size: 18pt;\">Hverjir geta fari\u00f0 fram \u00e1 a\u00f0gang?<\/span><\/p>\n<p>L\u00f6greglustj\u00f3ri, Stef\u00e1n Eir\u00edksson, l\u00e6tur a\u00f0 \u00fev\u00ed liggja a\u00f0 \u00feeir sem nefndir eru \u00ed sk\u00fdrslunni muni <a href=\"http:\/\/www.mbl.is\/frettir\/innlent\/2013\/07\/05\/adgangur_evu_hauks_takmarkadur\/\">ekki f\u00e1 a\u00f0gang a\u00f0 \u00feeim hlutum hennar sem sn\u00faa a\u00f0 \u00feeim sj\u00e1lfum nema fara fyrst \u00ed gegnum \u00farskur\u00f0arnefndina<\/a> (sem merkir a\u00f0 hluta\u00f0eigandi \u00feurfa a\u00f0 b\u00ed\u00f0a m\u00e1nu\u00f0um saman eftir svari.) Stef\u00e1n er me\u00f0 \u00feessu a\u00f0 reyna a\u00f0 sl\u00e1 ryki \u00ed augu almennings. \u00dea\u00f0 v\u00e6ri gersamlega fr\u00e1leitt af \u00farskur\u00f0arnefnd a\u00f0 d\u00e6ma m\u00e9r a\u00f0gang a\u00f0 \u00feeim hluta sem sn\u00fdr a\u00f0 m\u00e9r en neita \u00f6\u00f0rum borgurum um \u00fea\u00f0 sem sn\u00fdr a\u00f0 \u00feeim pers\u00f3nulega. \u00c9g bendi \u00e1 <a href=\"http:\/\/www.reglugerd.is\/interpro\/dkm\/WebGuard.nsf\/key2\/322-2001\">8. grein regluger\u00f0ar um me\u00f0fer\u00f0 pers\u00f3nuuppl\u00fdsinga hj\u00e1 l\u00f6greglu<\/a>:<\/p>\n<blockquote><p>Uppl\u00fdsingar\u00e9ttur hins skr\u00e1\u00f0a.<br \/>\nHinn skr\u00e1\u00f0i \u00e1 r\u00e9tt \u00e1 a\u00f0 f\u00e1 fr\u00e1 l\u00f6greglu vitneskju um:<\/p>\n<table border=\"0\" cellspacing=\"0\" cellpadding=\"0\">\n<tbody>\n<tr valign=\"top\">\n<td width=\"26\">1.<\/td>\n<td width=\"493\">hva\u00f0a uppl\u00fdsingar um hann er e\u00f0a hefur veri\u00f0 unni\u00f0 me\u00f0;<\/td>\n<\/tr>\n<tr valign=\"top\">\n<td width=\"26\">2.<\/td>\n<td width=\"493\">tilgang vinnslunnar;<\/td>\n<\/tr>\n<tr valign=\"top\">\n<td width=\"26\">3.<\/td>\n<td width=\"493\">hver f\u00e6r, hefur fengi\u00f0 e\u00f0a mun f\u00e1 uppl\u00fdsingar um hann.<\/td>\n<\/tr>\n<\/tbody>\n<\/table>\n<p>L\u00f6gregla skal veita vitneskju skriflega ef \u00feess er \u00f3ska\u00f0. Afgrei\u00f0a skal erindi skv. 1. mgr. svo flj\u00f3tt sem ver\u00f0a m\u00e1 og eigi s\u00ed\u00f0ar en innan eins m\u00e1na\u00f0ar fr\u00e1 m\u00f3tt\u00f6ku \u00feess.<\/p><\/blockquote>\n<p>\u00dea\u00f0 v\u00e6ri \u00fe\u00f3 ekkert \u00f3l\u00edkt l\u00f6greglunni a\u00f0 \u00fer\u00e1ast vi\u00f0 a\u00f0 afhenda g\u00f6gnin.<\/p>\n<p>&nbsp;<\/p>\n<h4><a href=\"http:\/\/www.norn.is\/pistlar\/wp-content\/uploads\/sites\/2\/2013\/07\/x6gckz.jpg\"><img loading=\"lazy\" decoding=\"async\" class=\"aligncenter size-full wp-image-13221\" src=\"http:\/\/www.norn.is\/pistlar\/wp-content\/uploads\/sites\/2\/2013\/07\/x6gckz.jpg\" alt=\"\" width=\"480\" height=\"410\" srcset=\"https:\/\/www.norn.is\/pistlar\/wp-content\/uploads\/sites\/2\/2013\/07\/x6gckz.jpg 480w, https:\/\/www.norn.is\/pistlar\/wp-content\/uploads\/sites\/2\/2013\/07\/x6gckz-300x256.jpg 300w, https:\/\/www.norn.is\/pistlar\/wp-content\/uploads\/sites\/2\/2013\/07\/x6gckz-351x300.jpg 351w\" sizes=\"auto, (max-width: 480px) 100vw, 480px\" \/><\/a><\/h4>\n<p>&nbsp;<\/p>\n<p>Einnig vek \u00e9g athygli \u00e1 10. grein. \u00dear segir a\u00f0 l\u00f6greglu beri a\u00f0 tilkynna einstaklingi um s\u00f6fnun pers\u00f3nuuppl\u00fdsinga, en \u00e9g veit ekki um eitt einasta tilvik \u00fear sem s\u00fa regla hefur veri\u00f0 virt. \u00dea\u00f0 eru \u00fev\u00ed g\u00f3\u00f0ar l\u00edkur \u00e1 a\u00f0 f\u00f3lk s\u00e9 nafngreint \u00ed \u00feessari sk\u00fdrslu \u00e1n \u00feess a\u00f0 hafa minnsta grun um \u00fea\u00f0. \u00dev\u00ed \u00e6ttu allir sem \u00e1ttu erindi \u00ed mi\u00f0b\u00e6inn \u00e1 \u00feeim t\u00edma sem m\u00f3tm\u00e6li st\u00f3\u00f0u yfir fr\u00e1 okt. 2008 og \u00fear til n\u00fd r\u00edkisstj\u00f3rn t\u00f3k vi\u00f0 v\u00f6ldum, a\u00f0 \u00f3ska eftir a\u00f0gangi a\u00f0 hluta sk\u00fdrslunnar ellegar skriflegri sta\u00f0festingu \u00e1 \u00fev\u00ed a\u00f0 \u00feeirra s\u00e9 hvergi geti\u00f0.<\/p>\n<p><a href=\"http:\/\/www.norn.is\/pistlar\/wp-content\/uploads\/sites\/2\/2013\/07\/Mtmli__Austurvelli_tff_kristinn_magnsson____jpg_550x400_q95.jpg\"><img loading=\"lazy\" decoding=\"async\" class=\"aligncenter size-full wp-image-13222\" src=\"http:\/\/www.norn.is\/pistlar\/wp-content\/uploads\/sites\/2\/2013\/07\/Mtmli__Austurvelli_tff_kristinn_magnsson____jpg_550x400_q95.jpg\" alt=\"\" width=\"550\" height=\"367\" srcset=\"https:\/\/www.norn.is\/pistlar\/wp-content\/uploads\/sites\/2\/2013\/07\/Mtmli__Austurvelli_tff_kristinn_magnsson____jpg_550x400_q95.jpg 550w, https:\/\/www.norn.is\/pistlar\/wp-content\/uploads\/sites\/2\/2013\/07\/Mtmli__Austurvelli_tff_kristinn_magnsson____jpg_550x400_q95-300x200.jpg 300w, https:\/\/www.norn.is\/pistlar\/wp-content\/uploads\/sites\/2\/2013\/07\/Mtmli__Austurvelli_tff_kristinn_magnsson____jpg_550x400_q95-450x300.jpg 450w\" sizes=\"auto, (max-width: 550px) 100vw, 550px\" \/><\/a><\/p>\n<p style=\"text-align: center;\">\n<p style=\"text-align: center;\"><strong>Allt \u00feetta f\u00f3lk \u00e6tti a\u00f0 fara fram \u00e1 a\u00f0gang a\u00f0 sk\u00fdrslunni<br \/>\n<\/strong>(Kristinn Magn\u00fasson t\u00f3k myndina)<\/p>\n<p>&nbsp;<\/p>\n<p><span style=\"font-size: 18pt;\">En geta \u00feeir ekki bara sent \u00fea\u00f0 sem \u00feeim hentar?<\/span><\/p>\n<p>\u00cd g\u00e6r var \u00e9g spur\u00f0 hversvegna \u00e9g h\u00e9ldi a\u00f0 \u00feau g\u00f6gn sem \u00e9g \u00fe\u00f3 hef\u00f0i fengi\u00f0 v\u00e6ru markt\u00e6k. T\u00e6knin b\u00fd\u00f0ur upp \u00e1 a\u00f0 g\u00f6gnum s\u00e9 breytt eftir hentugleikum og \u00fev\u00ed ekkert fr\u00e1leitt a\u00f0 sk\u00fdrslan hafi teki\u00f0 breytingum \u00e1 \u00feessum 37 vikum sem li\u00f0nar eru fr\u00e1 \u00fev\u00ed a\u00f0 \u00e9g sendi inn k\u00e6ru. \u00deessi m\u00f6guleiki er einmitt ein af m\u00f6rgum \u00e1st\u00e6\u00f0um fyrir nau\u00f0syn \u00feess a\u00f0 setja l\u00f6g sem tryggja tafarlaust a\u00f0gengi almennings a\u00f0 \u00f6llum uppl\u00fdsingum sem ekki teljast til einka- e\u00f0a \u00f6ryggism\u00e1la (og l\u00f6greglan \u00e6tti ekki a\u00f0 vera einr\u00e1\u00f0 um mat \u00e1 \u00fev\u00ed hva\u00f0 skuli teljast \u00f6ryggism\u00e1l en \u00fea\u00f0 er efni \u00ed annan pistil.) Sl\u00edk l\u00f6g eru nau\u00f0synleg til \u00feess a\u00f0 veita yfirv\u00f6ldum a\u00f0hald. \u00dea\u00f0 er \u00ed \u00fea\u00f0 minnsta auglj\u00f3st a\u00f0 p\u00f3lit\u00edskt skipa\u00f0ar nefndir sinna ekki \u00fev\u00ed hlutverki.<\/p>\n<p>\u00c1 me\u00f0an vi\u00f0 sitjum uppi me\u00f0 n\u00fagildandi l\u00f6g er ekki anna\u00f0 \u00ed bo\u00f0i, fyrir \u00fe\u00e1 sem hafa \u00e1hyggjur af p\u00f3lit\u00edskri afst\u00f6\u00f0u l\u00f6greglunnar til m\u00f3tm\u00e6la, en a\u00f0 \u00fer\u00fdsta \u00e1 um a\u00f0 sk\u00fdrslan ver\u00f0i ger\u00f0 opinber a\u00f0 svo miklu leyti sem \u00fea\u00f0 str\u00ed\u00f0ir ekki gegn hagsmunum einstaklinga. \u00dev\u00ed hvet \u00e9g \u00fe\u00e1 sem eru m\u00e9r samm\u00e1la til a\u00f0 \u00f3ska eftir uppl\u00fdsingum um \u00fea\u00f0 hvort \u00feeirra s\u00e9 geti\u00f0 \u00ed sk\u00fdrslunni og ef svo er a\u00f0 fara fr\u00e1 \u00e1 a\u00f0 f\u00e1 a\u00f0gang a\u00f0 \u00feeim hluta. Komi eitthva\u00f0 fram \u00ed \u00feeirri umfj\u00f6llun sem vi\u00f0komandi telja \u00f3vi\u00f0eigandi geta \u00feeir vali\u00f0 a\u00f0 birta \u00fea\u00f0 en leyna n\u00f6fnum, e\u00f0a \u00f6\u00f0rum pers\u00f3nugreinanlegum einkennum. \u00deannig er h\u00e6gt a\u00f0 safna uppl\u00fdsingum sem eiga erindi vi\u00f0 almenning \u00e1n \u00feess a\u00f0 vega a\u00f0 fri\u00f0helgi einkal\u00edfsins.<br \/>\n<a href=\"http:\/\/www.norn.is\/pistlar\/wp-content\/uploads\/sites\/2\/2013\/07\/protest.jpg\"><img loading=\"lazy\" decoding=\"async\" class=\"aligncenter size-full wp-image-13223\" src=\"http:\/\/www.norn.is\/pistlar\/wp-content\/uploads\/sites\/2\/2013\/07\/protest.jpg\" alt=\"\" width=\"600\" height=\"480\" srcset=\"https:\/\/www.norn.is\/pistlar\/wp-content\/uploads\/sites\/2\/2013\/07\/protest.jpg 600w, https:\/\/www.norn.is\/pistlar\/wp-content\/uploads\/sites\/2\/2013\/07\/protest-300x240.jpg 300w, https:\/\/www.norn.is\/pistlar\/wp-content\/uploads\/sites\/2\/2013\/07\/protest-375x300.jpg 375w\" sizes=\"auto, (max-width: 600px) 100vw, 600px\" \/><\/a><\/p>\n","protected":false},"excerpt":{"rendered":"<p>\u00c9g er b\u00fain a\u00f0 f\u00e1 \u00feessi g\u00f6gn sem \u00farskur\u00f0arnefnd um uppl\u00fdsingam\u00e1l taldi \u00f3h\u00e6tt a\u00f0 s\u00fdna almenningi og \u00e9g hef sjaldan or\u00f0i\u00f0 fyrir meiri vonbrig\u00f0um. Eftir r\u00famlega 37 vikna bi\u00f0 fr\u00e1 \u00fev\u00ed a\u00f0 \u00e9g lag\u00f0i fyrst fram k\u00e6ru (en \u00fe\u00e1 var &hellip; <a href=\"https:\/\/www.norn.is\/pistlar\/urskurdarnefnd-sendir-borgurum-fingurinn\/\">Halda \u00e1fram a\u00f0 lesa <span class=\"meta-nav\">&rarr;<\/span><\/a><\/p>\n","protected":false},"author":1,"featured_media":0,"comment_status":"closed","ping_status":"closed","sticky":false,"template":"","format":"standard","meta":{"footnotes":"","_links_to":"","_links_to_target":""},"categories":[15,1],"tags":[369,672,298,208,994],"class_list":["post-8261","post","type-post","status-publish","format-standard","hentry","category-andof-og-yfirvald","category-pistlar","tag-busahaldabyltingin","tag-busoskyrslan","tag-fridhelgi","tag-tjaningarfrelsi","tag-upplysingamal"],"yoast_head":"<!-- This site is optimized with the Yoast SEO plugin v27.5 - https:\/\/yoast.com\/product\/yoast-seo-wordpress\/ -->\n<title>\u00darskur\u00f0arnefnd sendir borgurum fingurinn - Pistlar Evu<\/title>\n<meta name=\"robots\" content=\"index, follow, max-snippet:-1, max-image-preview:large, max-video-preview:-1\" \/>\n<link rel=\"canonical\" href=\"https:\/\/www.norn.is\/pistlar\/urskurdarnefnd-sendir-borgurum-fingurinn\/\" \/>\n<meta property=\"og:locale\" content=\"is_IS\" \/>\n<meta property=\"og:type\" content=\"article\" \/>\n<meta property=\"og:title\" content=\"\u00darskur\u00f0arnefnd sendir borgurum fingurinn - Pistlar Evu\" \/>\n<meta property=\"og:description\" content=\"\u00c9g er b\u00fain a\u00f0 f\u00e1 \u00feessi g\u00f6gn sem \u00farskur\u00f0arnefnd um uppl\u00fdsingam\u00e1l taldi \u00f3h\u00e6tt a\u00f0 s\u00fdna almenningi og \u00e9g hef sjaldan or\u00f0i\u00f0 fyrir meiri vonbrig\u00f0um. Eftir r\u00famlega 37 vikna bi\u00f0 fr\u00e1 \u00fev\u00ed a\u00f0 \u00e9g lag\u00f0i fyrst fram k\u00e6ru (en \u00fe\u00e1 var &hellip; Halda \u00e1fram a\u00f0 lesa &rarr;\" \/>\n<meta property=\"og:url\" content=\"https:\/\/www.norn.is\/pistlar\/urskurdarnefnd-sendir-borgurum-fingurinn\/\" \/>\n<meta property=\"og:site_name\" content=\"Pistlar Evu\" \/>\n<meta property=\"article:published_time\" content=\"2013-07-06T19:42:29+00:00\" \/>\n<meta property=\"article:modified_time\" content=\"2018-09-18T13:55:47+00:00\" \/>\n<meta property=\"og:image\" content=\"http:\/\/www.norn.is\/pistlar\/wp-content\/uploads\/sites\/2\/2013\/07\/Screenshot-from-2013-07-06-195918.png\" \/>\n<meta name=\"author\" content=\"admin\" \/>\n<meta name=\"twitter:card\" content=\"summary_large_image\" \/>\n<meta name=\"twitter:label1\" content=\"Written by\" \/>\n\t<meta name=\"twitter:data1\" content=\"\" \/>\n\t<meta name=\"twitter:label2\" content=\"Est. reading time\" \/>\n\t<meta name=\"twitter:data2\" content=\"7 minutes\" \/>\n<script type=\"application\/ld+json\" class=\"yoast-schema-graph\">{\"@context\":\"https:\\\/\\\/schema.org\",\"@graph\":[{\"@type\":\"Article\",\"@id\":\"https:\\\/\\\/www.norn.is\\\/pistlar\\\/urskurdarnefnd-sendir-borgurum-fingurinn\\\/#article\",\"isPartOf\":{\"@id\":\"https:\\\/\\\/www.norn.is\\\/pistlar\\\/urskurdarnefnd-sendir-borgurum-fingurinn\\\/\"},\"author\":{\"name\":\"admin\",\"@id\":\"https:\\\/\\\/www.norn.is\\\/pistlar\\\/#\\\/schema\\\/person\\\/1a27d7aee01469adf3180f8fd9e72c46\"},\"headline\":\"\u00darskur\u00f0arnefnd sendir borgurum fingurinn\",\"datePublished\":\"2013-07-06T19:42:29+00:00\",\"dateModified\":\"2018-09-18T13:55:47+00:00\",\"mainEntityOfPage\":{\"@id\":\"https:\\\/\\\/www.norn.is\\\/pistlar\\\/urskurdarnefnd-sendir-borgurum-fingurinn\\\/\"},\"wordCount\":1465,\"image\":{\"@id\":\"https:\\\/\\\/www.norn.is\\\/pistlar\\\/urskurdarnefnd-sendir-borgurum-fingurinn\\\/#primaryimage\"},\"thumbnailUrl\":\"http:\\\/\\\/www.norn.is\\\/pistlar\\\/wp-content\\\/uploads\\\/sites\\\/2\\\/2013\\\/07\\\/Screenshot-from-2013-07-06-195918.png\",\"keywords\":[\"B\u00fas\u00e1haldabyltingin\",\"B\u00fas\u00f3sk\u00fdrslan\",\"Fri\u00f0helgi\",\"Tj\u00e1ningarfrelsi\",\"Uppl\u00fdsingam\u00e1l\"],\"articleSection\":[\"And\u00f3f og yfirvald\",\"Pistlar um samf\u00e9lagsm\u00e1l\"],\"inLanguage\":\"is\"},{\"@type\":\"WebPage\",\"@id\":\"https:\\\/\\\/www.norn.is\\\/pistlar\\\/urskurdarnefnd-sendir-borgurum-fingurinn\\\/\",\"url\":\"https:\\\/\\\/www.norn.is\\\/pistlar\\\/urskurdarnefnd-sendir-borgurum-fingurinn\\\/\",\"name\":\"\u00darskur\u00f0arnefnd sendir borgurum fingurinn - Pistlar Evu\",\"isPartOf\":{\"@id\":\"https:\\\/\\\/www.norn.is\\\/pistlar\\\/#website\"},\"primaryImageOfPage\":{\"@id\":\"https:\\\/\\\/www.norn.is\\\/pistlar\\\/urskurdarnefnd-sendir-borgurum-fingurinn\\\/#primaryimage\"},\"image\":{\"@id\":\"https:\\\/\\\/www.norn.is\\\/pistlar\\\/urskurdarnefnd-sendir-borgurum-fingurinn\\\/#primaryimage\"},\"thumbnailUrl\":\"http:\\\/\\\/www.norn.is\\\/pistlar\\\/wp-content\\\/uploads\\\/sites\\\/2\\\/2013\\\/07\\\/Screenshot-from-2013-07-06-195918.png\",\"datePublished\":\"2013-07-06T19:42:29+00:00\",\"dateModified\":\"2018-09-18T13:55:47+00:00\",\"author\":{\"@id\":\"https:\\\/\\\/www.norn.is\\\/pistlar\\\/#\\\/schema\\\/person\\\/1a27d7aee01469adf3180f8fd9e72c46\"},\"breadcrumb\":{\"@id\":\"https:\\\/\\\/www.norn.is\\\/pistlar\\\/urskurdarnefnd-sendir-borgurum-fingurinn\\\/#breadcrumb\"},\"inLanguage\":\"is\",\"potentialAction\":[{\"@type\":\"ReadAction\",\"target\":[\"https:\\\/\\\/www.norn.is\\\/pistlar\\\/urskurdarnefnd-sendir-borgurum-fingurinn\\\/\"]}]},{\"@type\":\"ImageObject\",\"inLanguage\":\"is\",\"@id\":\"https:\\\/\\\/www.norn.is\\\/pistlar\\\/urskurdarnefnd-sendir-borgurum-fingurinn\\\/#primaryimage\",\"url\":\"http:\\\/\\\/www.norn.is\\\/pistlar\\\/wp-content\\\/uploads\\\/sites\\\/2\\\/2013\\\/07\\\/Screenshot-from-2013-07-06-195918.png\",\"contentUrl\":\"http:\\\/\\\/www.norn.is\\\/pistlar\\\/wp-content\\\/uploads\\\/sites\\\/2\\\/2013\\\/07\\\/Screenshot-from-2013-07-06-195918.png\"},{\"@type\":\"BreadcrumbList\",\"@id\":\"https:\\\/\\\/www.norn.is\\\/pistlar\\\/urskurdarnefnd-sendir-borgurum-fingurinn\\\/#breadcrumb\",\"itemListElement\":[{\"@type\":\"ListItem\",\"position\":1,\"name\":\"Home\",\"item\":\"https:\\\/\\\/www.norn.is\\\/pistlar\\\/\"},{\"@type\":\"ListItem\",\"position\":2,\"name\":\"\u00darskur\u00f0arnefnd sendir borgurum fingurinn\"}]},{\"@type\":\"WebSite\",\"@id\":\"https:\\\/\\\/www.norn.is\\\/pistlar\\\/#website\",\"url\":\"https:\\\/\\\/www.norn.is\\\/pistlar\\\/\",\"name\":\"Pistlar Evu\",\"description\":\"\",\"potentialAction\":[{\"@type\":\"SearchAction\",\"target\":{\"@type\":\"EntryPoint\",\"urlTemplate\":\"https:\\\/\\\/www.norn.is\\\/pistlar\\\/?s={search_term_string}\"},\"query-input\":{\"@type\":\"PropertyValueSpecification\",\"valueRequired\":true,\"valueName\":\"search_term_string\"}}],\"inLanguage\":\"is\"},{\"@type\":\"Person\",\"@id\":\"https:\\\/\\\/www.norn.is\\\/pistlar\\\/#\\\/schema\\\/person\\\/1a27d7aee01469adf3180f8fd9e72c46\",\"name\":\"admin\",\"url\":\"https:\\\/\\\/www.norn.is\\\/pistlar\\\/author\\\/admin\\\/\"}]}<\/script>\n<!-- \/ Yoast SEO plugin. -->","yoast_head_json":{"title":"\u00darskur\u00f0arnefnd sendir borgurum fingurinn - Pistlar Evu","robots":{"index":"index","follow":"follow","max-snippet":"max-snippet:-1","max-image-preview":"max-image-preview:large","max-video-preview":"max-video-preview:-1"},"canonical":"https:\/\/www.norn.is\/pistlar\/urskurdarnefnd-sendir-borgurum-fingurinn\/","og_locale":"is_IS","og_type":"article","og_title":"\u00darskur\u00f0arnefnd sendir borgurum fingurinn - Pistlar Evu","og_description":"\u00c9g er b\u00fain a\u00f0 f\u00e1 \u00feessi g\u00f6gn sem \u00farskur\u00f0arnefnd um uppl\u00fdsingam\u00e1l taldi \u00f3h\u00e6tt a\u00f0 s\u00fdna almenningi og \u00e9g hef sjaldan or\u00f0i\u00f0 fyrir meiri vonbrig\u00f0um. Eftir r\u00famlega 37 vikna bi\u00f0 fr\u00e1 \u00fev\u00ed a\u00f0 \u00e9g lag\u00f0i fyrst fram k\u00e6ru (en \u00fe\u00e1 var &hellip; Halda \u00e1fram a\u00f0 lesa &rarr;","og_url":"https:\/\/www.norn.is\/pistlar\/urskurdarnefnd-sendir-borgurum-fingurinn\/","og_site_name":"Pistlar Evu","article_published_time":"2013-07-06T19:42:29+00:00","article_modified_time":"2018-09-18T13:55:47+00:00","og_image":[{"url":"http:\/\/www.norn.is\/pistlar\/wp-content\/uploads\/sites\/2\/2013\/07\/Screenshot-from-2013-07-06-195918.png","type":"","width":"","height":""}],"author":"admin","twitter_card":"summary_large_image","twitter_misc":{"Written by":false,"Est. reading time":"7 minutes"},"schema":{"@context":"https:\/\/schema.org","@graph":[{"@type":"Article","@id":"https:\/\/www.norn.is\/pistlar\/urskurdarnefnd-sendir-borgurum-fingurinn\/#article","isPartOf":{"@id":"https:\/\/www.norn.is\/pistlar\/urskurdarnefnd-sendir-borgurum-fingurinn\/"},"author":{"name":"admin","@id":"https:\/\/www.norn.is\/pistlar\/#\/schema\/person\/1a27d7aee01469adf3180f8fd9e72c46"},"headline":"\u00darskur\u00f0arnefnd sendir borgurum fingurinn","datePublished":"2013-07-06T19:42:29+00:00","dateModified":"2018-09-18T13:55:47+00:00","mainEntityOfPage":{"@id":"https:\/\/www.norn.is\/pistlar\/urskurdarnefnd-sendir-borgurum-fingurinn\/"},"wordCount":1465,"image":{"@id":"https:\/\/www.norn.is\/pistlar\/urskurdarnefnd-sendir-borgurum-fingurinn\/#primaryimage"},"thumbnailUrl":"http:\/\/www.norn.is\/pistlar\/wp-content\/uploads\/sites\/2\/2013\/07\/Screenshot-from-2013-07-06-195918.png","keywords":["B\u00fas\u00e1haldabyltingin","B\u00fas\u00f3sk\u00fdrslan","Fri\u00f0helgi","Tj\u00e1ningarfrelsi","Uppl\u00fdsingam\u00e1l"],"articleSection":["And\u00f3f og yfirvald","Pistlar um samf\u00e9lagsm\u00e1l"],"inLanguage":"is"},{"@type":"WebPage","@id":"https:\/\/www.norn.is\/pistlar\/urskurdarnefnd-sendir-borgurum-fingurinn\/","url":"https:\/\/www.norn.is\/pistlar\/urskurdarnefnd-sendir-borgurum-fingurinn\/","name":"\u00darskur\u00f0arnefnd sendir borgurum fingurinn - Pistlar Evu","isPartOf":{"@id":"https:\/\/www.norn.is\/pistlar\/#website"},"primaryImageOfPage":{"@id":"https:\/\/www.norn.is\/pistlar\/urskurdarnefnd-sendir-borgurum-fingurinn\/#primaryimage"},"image":{"@id":"https:\/\/www.norn.is\/pistlar\/urskurdarnefnd-sendir-borgurum-fingurinn\/#primaryimage"},"thumbnailUrl":"http:\/\/www.norn.is\/pistlar\/wp-content\/uploads\/sites\/2\/2013\/07\/Screenshot-from-2013-07-06-195918.png","datePublished":"2013-07-06T19:42:29+00:00","dateModified":"2018-09-18T13:55:47+00:00","author":{"@id":"https:\/\/www.norn.is\/pistlar\/#\/schema\/person\/1a27d7aee01469adf3180f8fd9e72c46"},"breadcrumb":{"@id":"https:\/\/www.norn.is\/pistlar\/urskurdarnefnd-sendir-borgurum-fingurinn\/#breadcrumb"},"inLanguage":"is","potentialAction":[{"@type":"ReadAction","target":["https:\/\/www.norn.is\/pistlar\/urskurdarnefnd-sendir-borgurum-fingurinn\/"]}]},{"@type":"ImageObject","inLanguage":"is","@id":"https:\/\/www.norn.is\/pistlar\/urskurdarnefnd-sendir-borgurum-fingurinn\/#primaryimage","url":"http:\/\/www.norn.is\/pistlar\/wp-content\/uploads\/sites\/2\/2013\/07\/Screenshot-from-2013-07-06-195918.png","contentUrl":"http:\/\/www.norn.is\/pistlar\/wp-content\/uploads\/sites\/2\/2013\/07\/Screenshot-from-2013-07-06-195918.png"},{"@type":"BreadcrumbList","@id":"https:\/\/www.norn.is\/pistlar\/urskurdarnefnd-sendir-borgurum-fingurinn\/#breadcrumb","itemListElement":[{"@type":"ListItem","position":1,"name":"Home","item":"https:\/\/www.norn.is\/pistlar\/"},{"@type":"ListItem","position":2,"name":"\u00darskur\u00f0arnefnd sendir borgurum fingurinn"}]},{"@type":"WebSite","@id":"https:\/\/www.norn.is\/pistlar\/#website","url":"https:\/\/www.norn.is\/pistlar\/","name":"Pistlar Evu","description":"","potentialAction":[{"@type":"SearchAction","target":{"@type":"EntryPoint","urlTemplate":"https:\/\/www.norn.is\/pistlar\/?s={search_term_string}"},"query-input":{"@type":"PropertyValueSpecification","valueRequired":true,"valueName":"search_term_string"}}],"inLanguage":"is"},{"@type":"Person","@id":"https:\/\/www.norn.is\/pistlar\/#\/schema\/person\/1a27d7aee01469adf3180f8fd9e72c46","name":"admin","url":"https:\/\/www.norn.is\/pistlar\/author\/admin\/"}]}},"_links":{"self":[{"href":"https:\/\/www.norn.is\/pistlar\/wp-json\/wp\/v2\/posts\/8261","targetHints":{"allow":["GET"]}}],"collection":[{"href":"https:\/\/www.norn.is\/pistlar\/wp-json\/wp\/v2\/posts"}],"about":[{"href":"https:\/\/www.norn.is\/pistlar\/wp-json\/wp\/v2\/types\/post"}],"author":[{"embeddable":true,"href":"https:\/\/www.norn.is\/pistlar\/wp-json\/wp\/v2\/users\/1"}],"replies":[{"embeddable":true,"href":"https:\/\/www.norn.is\/pistlar\/wp-json\/wp\/v2\/comments?post=8261"}],"version-history":[{"count":4,"href":"https:\/\/www.norn.is\/pistlar\/wp-json\/wp\/v2\/posts\/8261\/revisions"}],"predecessor-version":[{"id":13224,"href":"https:\/\/www.norn.is\/pistlar\/wp-json\/wp\/v2\/posts\/8261\/revisions\/13224"}],"wp:attachment":[{"href":"https:\/\/www.norn.is\/pistlar\/wp-json\/wp\/v2\/media?parent=8261"}],"wp:term":[{"taxonomy":"category","embeddable":true,"href":"https:\/\/www.norn.is\/pistlar\/wp-json\/wp\/v2\/categories?post=8261"},{"taxonomy":"post_tag","embeddable":true,"href":"https:\/\/www.norn.is\/pistlar\/wp-json\/wp\/v2\/tags?post=8261"}],"curies":[{"name":"wp","href":"https:\/\/api.w.org\/{rel}","templated":true}]}}