{"id":8115,"date":"2013-05-28T15:55:56","date_gmt":"2013-05-28T15:55:56","guid":{"rendered":"http:\/\/www.pistillinn.is\/?p=8115"},"modified":"2017-08-15T13:34:20","modified_gmt":"2017-08-15T13:34:20","slug":"eiga-thingmenn-rett-a-naergaetni","status":"publish","type":"post","link":"https:\/\/www.norn.is\/pistlar\/eiga-thingmenn-rett-a-naergaetni\/","title":{"rendered":"Eiga \u00feingmenn r\u00e9tt \u00e1 n\u00e6rg\u00e6tni?"},"content":{"rendered":"<p><a href=\"http:\/\/www.norn.is\/pistlar\/wp-content\/uploads\/sites\/2\/2013\/05\/rainbow-diagram-roygbiv-300x150.png\"><img loading=\"lazy\" decoding=\"async\" class=\"alignleft size-medium wp-image-13097\" src=\"http:\/\/www.norn.is\/pistlar\/wp-content\/uploads\/sites\/2\/2013\/05\/rainbow-diagram-roygbiv-300x150-300x150.png\" alt=\"\" width=\"300\" height=\"150\" \/><\/a>\u00cd umr\u00e6\u00f0unni um umr\u00e6\u00f0una er or\u00f0i\u00f0 einelti nota\u00f0 af \u00f3h\u00f3flegu \u00f6rl\u00e6ti. Borgarstj\u00f3ri Reykjav\u00edkur sag\u00f0ist fyrir nokkrum vikum hafa veri\u00f0 lag\u00f0ur \u00ed einelti \u00e1 borgarafundi \u00feegar fundargestur s\u00fdndi honum \u00f3kurteisi og n\u00fa skilgreinir <a href=\"http:\/\/eyjan.pressan.is\/frettir\/2013\/05\/28\/ingibjorg-solrun-islenskt-samfelag-er-eineltissamfelag-nu-er-thad-vigdis\/\">Ingibj\u00f6rg S\u00f3lr\u00fan G\u00edslad\u00f3ttir \u00fea\u00f0 sem einelti<\/a> \u00feegar margir gera gr\u00edn a\u00f0 Vigd\u00edsi Hauksd\u00f3ttur og J\u00f3ni Bjarnassyni. \u00deessi umr\u00e6\u00f0a er l\u00f6ngu komin \u00fat \u00ed rugl. Vi\u00f0 erum ekki a\u00f0 tala um varnarlaus sk\u00f3lab\u00f6rn sem geta ekki sinnt daglegum st\u00f6rfum s\u00ednum vegna ofs\u00f3kna og \u00feora jafnvel ekki \u00fat \u00far h\u00fasi, heldur valdaf\u00f3lk sem hefur fulla bur\u00f0i til a\u00f0 svara fyrir sig.<br \/>\n<!--more--><\/p>\n<h4><strong>Pers\u00f3nulegir eiginleikar dregnir inn \u00ed umr\u00e6\u00f0una<\/strong><\/h4>\n<p>\u00cd litlu samf\u00e9lagi er vi\u00f0 \u00fev\u00ed a\u00f0 b\u00faast a\u00f0 pers\u00f3nulegum eiginleikum \u00feingmanna og annars \u00e1hrifaf\u00f3lks s\u00e9 blanda\u00f0 \u00ed umr\u00e6\u00f0una. \u00dea\u00f0 er \u00f3m\u00e1lefnalegt, hall\u00e6rislegt og \u00f3gagnlegt en \u00fea\u00f0 er ekki alltaf neikv\u00e6tt fyrir \u00feann sem \u00e1 \u00ed hlut. F\u00f3lk ver\u00f0ur ekki bara fyrir \u00f3sanngj\u00f6rnum \u00e1r\u00e1sum, vinir og vandamenn r\u00edsa l\u00edka upp til varnar s\u00ednu f\u00f3lki. Um daginn l\u00fdsti br\u00f3\u00f0ir \u00feingmanns honum \u00e1 facebook \u00e1 \u00fe\u00e1 lei\u00f0 a\u00f0 hann v\u00e6ri n\u00e1nast eins og klipptur \u00fat \u00far heilr\u00e6\u00f0av\u00edsum Hallgr\u00edms P\u00e9tursonar; <em>l\u00edtill\u00e1tur, lj\u00fafur og k\u00e1tur<\/em>. Br\u00f3\u00f0urk\u00e6rleikur \u00e1 fullan r\u00e9tt \u00e1 s\u00e9r \u00fe\u00f3tt \u00feessar uppl\u00fdsingar komi almenningi svosem ekkert vi\u00f0, ekki frekar en \u00fea\u00f0 k\u00e6mi okkur vi\u00f0 ef \u00feingma\u00f0ur v\u00e6ri manna lei\u00f0inlegastur \u00ed j\u00f3labo\u00f0um. \u00dea\u00f0 er heldur ekkert anna\u00f0 en gott um \u00fea\u00f0 a\u00f0 segja a\u00f0 kona Sigmundar Dav\u00ed\u00f0s Gunnlaugssonar skuli l\u00fdsa honum sem traustum og elskulegum fj\u00f6lskylduf\u00f6\u00f0ur \u00ed bla\u00f0avi\u00f0tali. \u00c9g \u00e6tla hinsvegar r\u00e9tt a\u00f0 vona a\u00f0 \u00fea\u00f0 s\u00e9 s\u00e9r\u00edslensk <a href=\"http:\/\/www.visir.is\/taradist-yfir-kommentakerfunum\/article\/2013705189927\">bla\u00f0amennska a\u00f0 taka \u00feeirri heimild sem sta\u00f0festingu \u00e1 h\u00e6fni hans \u00ed hlutverki fors\u00e6tisr\u00e1\u00f0herra<\/a>:<\/p>\n<blockquote><p>Enginn \u00feekkir mann betur en eiginkonan og haft er fyrir satt a\u00f0 \u00fea\u00f0 megi r\u00e1\u00f0a \u00ed innr\u00e6ti manna af framkomu \u00feeirra vi\u00f0 fj\u00f6lskyldu s\u00edna. Samkv\u00e6mt \u00fev\u00ed \u00fearf \u00fej\u00f3\u00f0in ekki a\u00f0 kv\u00ed\u00f0a fors\u00e6tisr\u00e1\u00f0herrat\u00ed\u00f0 Sigmundar Dav\u00ed\u00f0s Gunnlaugssonar \u00fev\u00ed eiginkona hans, Anna Sigurlaug P\u00e1lsd\u00f3ttir, segir hann traust lj\u00fafmenni sem alltaf s\u00e9 til sta\u00f0ar ef vandam\u00e1l komi upp.<\/p><\/blockquote>\n<p>Framkoma \u00feingmanns vi\u00f0 vini og vandamenn segir ekkert um h\u00e6fni hans til a\u00f0 fara me\u00f0 v\u00f6ld. F\u00f3lk \u00ed valdast\u00f6\u00f0um d\u00e6mist af verkum s\u00ednum og pers\u00f3nulegt l\u00edf \u00feess kemur okkur ekki vi\u00f0. En \u00cdsland er sm\u00e1r\u00edki og vi\u00f0 komumst ekki hj\u00e1 \u00fev\u00ed a\u00f0 heyra \u00e1lit \u00e1stvina \u00e1 valdaf\u00f3lki. Vi\u00f0 komumst heldur ekki hj\u00e1 \u00fev\u00ed a\u00f0 heyra \u00e1lit hinna sem finna \u00feeim allt til for\u00e1ttu. \u00dea\u00f0 er ekki samf\u00e9lagslegt einelti \u00feegar hulduma\u00f0ur \u00e1 netinu segir a\u00f0 Vigd\u00eds Hauksd\u00f3ttir s\u00e9 afturhaldsp\u00edka, ekki frekar en \u00fea\u00f0 er pers\u00f3nud\u00fdrkun fj\u00f6ldans \u00feegar fj\u00f6lskylda Sigmundar Dav\u00ed\u00f0s og einn bla\u00f0ama\u00f0ur l\u00fdsa honum sem s\u00e9rst\u00f6kum \u00f6\u00f0lingi.<\/p>\n<h4><strong>M\u00e1 \u00fe\u00e1 alveg drulla yfir valdaf\u00f3lk?<\/strong><\/h4>\n<p>Au\u00f0vita\u00f0 eru takm\u00f6rk fyrir \u00fev\u00ed hverskonar framkomu er h\u00e6gt a\u00f0 \u00e6tlast til \u00feess a\u00f0 \u00feingmenn og anna\u00f0 f\u00f3lk \u00ed \u00e1hrifa- og valdast\u00f6\u00f0um s\u00e6tti sig vi\u00f0. \u00c9g hef ekki lesi\u00f0 allt sem skrifa\u00f0 hefur veri\u00f0 um Vigdisi Hauksd\u00f3ttur og J\u00f3n Bjarnason og vel m\u00e1 vera a\u00f0 me\u00f0al \u00feess s\u00e9 r\u00f3gur. En \u00fea\u00f0 er ekki r\u00f3gur a\u00f0 l\u00fdsa van\u00fe\u00f3knun sinni \u00e1 vondum m\u00e1lflutningi og \u00fea\u00f0 er heldur ekki r\u00f3gur a\u00f0 setja gagnr\u00fdni fram me\u00f0 h\u00e1\u00f0i. F\u00f3lk sem velur s\u00e9r \u00fea\u00f0 hlutskipti a\u00f0 vera \u00ed svi\u00f0slj\u00f3sinu, \u00e9g tala n\u00fa ekki um ef \u00fea\u00f0 seilist eftir v\u00f6ldum, getur ekki reikna\u00f0 me\u00f0 \u00fev\u00ed a\u00f0 gagnr\u00fdni \u00e1 \u00fea\u00f0 s\u00e9 sett fram af n\u00e6rg\u00e6tni og \u00fea\u00f0 \u00fearf a\u00f0 vera nokku\u00f0 langt gengi\u00f0 til \u00feess a\u00f0 h\u00e6gt s\u00e9 a\u00f0 flokka umm\u00e6li um valdaf\u00f3lk sem mei\u00f0yr\u00f0i e\u00f0a einelti.<\/p>\n<p>Valdsmenn eiga a\u00f0 m\u00ednu mati eins og allir a\u00f0rir si\u00f0fer\u00f0ilega heimtingu \u00e1 eftirfarandi:<br \/>\n&#8211; a\u00f0 ekki s\u00e9 logi\u00f0 upp \u00e1 \u00fe\u00e1<br \/>\n&#8211; a\u00f0 gagnr\u00fdni, sem \u00e6tla\u00f0 er a\u00f0 segja eitthva\u00f0 um h\u00e6fni \u00feeirra, komi st\u00f6rfum \u00feeirra og \u00e1hrifum vi\u00f0<br \/>\n&#8211; a\u00f0 gagnr\u00fdni s\u00e9 r\u00f6kstudd.<\/p>\n<p>\u00dear me\u00f0 er \u00fea\u00f0 l\u00edka upp tali\u00f0 og \u00feetta n\u00e6r a\u00f0eins yfir<em> opinbera gagnr\u00fdni sem sett er fram af alv\u00f6ru og \u00feunga og \u00e6tla m\u00e1 a\u00f0 lei\u00f0i til \u00e1litshnekkis<\/em>. \u00dea\u00f0 er t.d. ekki h\u00e6gt a\u00f0 banna skopteiknara a\u00f0 nota \u00fatlit, m\u00e1lfar og \u00f6nnur s\u00e9rkenni til \u00feess a\u00f0 draga upp hl\u00e6gilega mynd af stj\u00f3rnm\u00e1lamanni enda \u00fe\u00f3tt \u00feau s\u00e9rkenni komi st\u00f6rfum hans ekkert vi\u00f0. \u00dea\u00f0 er heldur ekki h\u00e6gt a\u00f0 banna f\u00f3lki l\u00e1ta fr\u00e1 s\u00e9r umm\u00e6li \u00e1 bor\u00f0 vi\u00f0 \u00feau a\u00f0 einhver s\u00e9 asni e\u00f0a illmenni \u00e1 kommentakerfum netmi\u00f0lanna. Gagnr\u00fdni m\u00e1 ekki ver\u00f0a einkar\u00e9ttur \u00feeirra sem eru n\u00f3gu m\u00e6lskir til \u00feess a\u00f0 kl\u00e6\u00f0a \u00f3v\u00e6gnar sko\u00f0anir \u00ed kurteislegan b\u00faning. \u00dea\u00f0 er ekki einu sinni h\u00e6gt a\u00f0 banna f\u00f3lki a\u00f0 benda \u00e1 \u00e6ttartengsl e\u00f0a \u00f6nnur samb\u00f6nd sem geta skipt m\u00e1li, \u00fe\u00f3tt s\u00e9 au\u00f0vita\u00f0 lj\u00f3tt a\u00f0 draga inn \u00ed umr\u00e6\u00f0una vini og vandamenn sem enga \u00e1byrg\u00f0 bera.<\/p>\n<h4><strong>Nei, \u00feau ver\u00f0a ekki l\u00e1tin \u00ed fri\u00f0i<\/strong><\/h4>\n<p>Vigd\u00eds Hauksd\u00f3ttir og J\u00f3n Bjarnason eru ekki f\u00f3rnarl\u00f6mb eineltis, a\u00f0 minnsta kosti ekki \u00ed \u00feeim skilningi a\u00f0 h\u00f3par f\u00f3lks hafi veist a\u00f0 \u00feeim a\u00f0 \u00f3sekju. Hafi \u00f6rf\u00e1ir, \u00f3\u00feekktir einstaklingar lagt \u00feau \u00ed einelti \u00fe\u00e1 er \u00fea\u00f0 einkam\u00e1l en ekki samf\u00e9lagsvandi. Fj\u00f6ldi manns hefur vissulega gagnr\u00fdnt \u00feau og gert gr\u00edn a\u00f0 \u00feeim en til \u00feess hafa \u00feau fyllilega unni\u00f0 me\u00f0 \u00feeirri \u00f3stj\u00f3rnlegu \u00fev\u00e6lu sem \u00feau hafa l\u00e1ti\u00f0 \u00fat \u00far s\u00e9r \u00e1 opinberum vettvangi.<\/p>\n<p>\u00c9g \u00e6tla ekkert a\u00f0 h\u00e6tta a\u00f0 tala um Vigd\u00edsi sem \u00fej\u00f3\u00f0rembu \u00fe\u00f3tt h\u00fan s\u00e9 \u00e1rei\u00f0anlega v\u00e6nsta kona \u00ed daglegu l\u00edfi. \u00c9g \u00e6tla heldur ekki a\u00f0 tala fallega um Sigmund Dav\u00ed\u00f0 \u00fe\u00f3tt konunni hans finnist hann hl\u00fdr og elskulegur. \u00dea\u00f0 kemur m\u00e1linu nefnilega ekkert vi\u00f0. \u00deetta er valdaf\u00f3lk og \u00feau eiga ekki heimtingu \u00e1 elskulegheitum, heldur d\u00e6mast \u00feau af verkum s\u00ednum, verkum sem hafa bein \u00e1hrif \u00e1 \u00f6rl\u00f6g f\u00f3lksins \u00ed landinu.<\/p>\n<p>\u00c9g skal klappa Sigmundi Dav\u00ed\u00f0 \u00e1 baki\u00f0 \u00feegar hann er fallinn fr\u00e1 hugmyndum um a\u00f0 afnema s\u00e9rstakt vei\u00f0igjald. \u00c9g skal segja eitthva\u00f0 s\u00e6tt um Vigd\u00edsi \u00feegar h\u00fan skammar \u00datlendingastofnun fyrir a\u00f0 misnota Dyflinnarregluger\u00f0ina. Sem stendur s\u00e9 \u00e9g enga \u00e1st\u00e6\u00f0u til \u00feess a\u00f0 h\u00e6tta a\u00f0 tala um Vigd\u00edsi sem \u00fej\u00f3\u00f0rembu og Sigmund Dav\u00ed\u00f0 og Bjarna Ben sem silfurskei\u00f0adrengi. Ef r\u00e1\u00f0herrar og a\u00f0rir \u00feingmenn vilja vinsamleg umm\u00e6li skulu \u00feeir vinna til \u00feeirra. \u00dea\u00f0 geta \u00feeir au\u00f0veldlega gert me\u00f0 \u00fev\u00ed a\u00f0 nota v\u00f6ld s\u00edn til a\u00f0 stu\u00f0la a\u00f0 meira r\u00e9ttl\u00e6ti, j\u00f6fnu\u00f0i og frelsi.<\/p>\n<p>A\u00f0 lokum vek \u00e9g athygli \u00e1 umm\u00e6lum sem <a href=\"https:\/\/www.facebook.com\/hjortur.hjartarson.5?fref=ts\">Hj\u00f6rtur Hjartarson<\/a> l\u00e9t falla \u00e1 facebook n\u00fana \u00e1\u00f0an:<\/p>\n<blockquote><p>Gagnr\u00fdni \u00e1 valdhafa hefur sumsta\u00f0ar veri\u00f0 skilgeind sem ge\u00f0veiki. M\u00e9r finnst einelti vel koma til greina l\u00edka.<\/p>\n<p>&nbsp;<\/p><\/blockquote>\n<p><a href=\"http:\/\/blog.pressan.is\/evahauks\/2013\/05\/28\/eiga-thingmenn-rett-a-naergaetni\">Einnig birt h\u00e9r<\/a><\/p>\n","protected":false},"excerpt":{"rendered":"<p>\u00cd umr\u00e6\u00f0unni um umr\u00e6\u00f0una er or\u00f0i\u00f0 einelti nota\u00f0 af \u00f3h\u00f3flegu \u00f6rl\u00e6ti. Borgarstj\u00f3ri Reykjav\u00edkur sag\u00f0ist fyrir nokkrum vikum hafa veri\u00f0 lag\u00f0ur \u00ed einelti \u00e1 borgarafundi \u00feegar fundargestur s\u00fdndi honum \u00f3kurteisi og n\u00fa skilgreinir Ingibj\u00f6rg S\u00f3lr\u00fan G\u00edslad\u00f3ttir \u00fea\u00f0 sem einelti \u00feegar margir &hellip; <a href=\"https:\/\/www.norn.is\/pistlar\/eiga-thingmenn-rett-a-naergaetni\/\">Halda \u00e1fram a\u00f0 lesa <span class=\"meta-nav\">&rarr;<\/span><\/a><\/p>\n","protected":false},"author":1,"featured_media":0,"comment_status":"open","ping_status":"open","sticky":false,"template":"","format":"standard","meta":{"footnotes":"","_links_to":"","_links_to_target":""},"categories":[1,22],"tags":[],"class_list":["post-8115","post","type-post","status-publish","format-standard","hentry","category-pistlar","category-umraedan"],"yoast_head":"<!-- This site is optimized with the Yoast SEO plugin v27.5 - https:\/\/yoast.com\/product\/yoast-seo-wordpress\/ -->\n<title>Eiga \u00feingmenn r\u00e9tt \u00e1 n\u00e6rg\u00e6tni? - Pistlar Evu<\/title>\n<meta name=\"robots\" content=\"index, follow, max-snippet:-1, max-image-preview:large, max-video-preview:-1\" \/>\n<link rel=\"canonical\" href=\"https:\/\/www.norn.is\/pistlar\/eiga-thingmenn-rett-a-naergaetni\/\" \/>\n<meta property=\"og:locale\" content=\"is_IS\" \/>\n<meta property=\"og:type\" content=\"article\" \/>\n<meta property=\"og:title\" content=\"Eiga \u00feingmenn r\u00e9tt \u00e1 n\u00e6rg\u00e6tni? - Pistlar Evu\" \/>\n<meta property=\"og:description\" content=\"\u00cd umr\u00e6\u00f0unni um umr\u00e6\u00f0una er or\u00f0i\u00f0 einelti nota\u00f0 af \u00f3h\u00f3flegu \u00f6rl\u00e6ti. Borgarstj\u00f3ri Reykjav\u00edkur sag\u00f0ist fyrir nokkrum vikum hafa veri\u00f0 lag\u00f0ur \u00ed einelti \u00e1 borgarafundi \u00feegar fundargestur s\u00fdndi honum \u00f3kurteisi og n\u00fa skilgreinir Ingibj\u00f6rg S\u00f3lr\u00fan G\u00edslad\u00f3ttir \u00fea\u00f0 sem einelti \u00feegar margir &hellip; Halda \u00e1fram a\u00f0 lesa &rarr;\" \/>\n<meta property=\"og:url\" content=\"https:\/\/www.norn.is\/pistlar\/eiga-thingmenn-rett-a-naergaetni\/\" \/>\n<meta property=\"og:site_name\" content=\"Pistlar Evu\" \/>\n<meta property=\"article:published_time\" content=\"2013-05-28T15:55:56+00:00\" \/>\n<meta property=\"article:modified_time\" content=\"2017-08-15T13:34:20+00:00\" \/>\n<meta property=\"og:image\" content=\"http:\/\/www.norn.is\/pistlar\/wp-content\/uploads\/sites\/2\/2013\/05\/rainbow-diagram-roygbiv-300x150-300x150.png\" \/>\n<meta name=\"author\" content=\"admin\" \/>\n<meta name=\"twitter:card\" content=\"summary_large_image\" \/>\n<meta name=\"twitter:label1\" content=\"Written by\" \/>\n\t<meta name=\"twitter:data1\" content=\"\" \/>\n\t<meta name=\"twitter:label2\" content=\"Est. reading time\" \/>\n\t<meta name=\"twitter:data2\" content=\"6 minutes\" \/>\n<script type=\"application\/ld+json\" class=\"yoast-schema-graph\">{\"@context\":\"https:\\\/\\\/schema.org\",\"@graph\":[{\"@type\":\"Article\",\"@id\":\"https:\\\/\\\/www.norn.is\\\/pistlar\\\/eiga-thingmenn-rett-a-naergaetni\\\/#article\",\"isPartOf\":{\"@id\":\"https:\\\/\\\/www.norn.is\\\/pistlar\\\/eiga-thingmenn-rett-a-naergaetni\\\/\"},\"author\":{\"name\":\"admin\",\"@id\":\"https:\\\/\\\/www.norn.is\\\/pistlar\\\/#\\\/schema\\\/person\\\/1a27d7aee01469adf3180f8fd9e72c46\"},\"headline\":\"Eiga \u00feingmenn r\u00e9tt \u00e1 n\u00e6rg\u00e6tni?\",\"datePublished\":\"2013-05-28T15:55:56+00:00\",\"dateModified\":\"2017-08-15T13:34:20+00:00\",\"mainEntityOfPage\":{\"@id\":\"https:\\\/\\\/www.norn.is\\\/pistlar\\\/eiga-thingmenn-rett-a-naergaetni\\\/\"},\"wordCount\":1234,\"commentCount\":0,\"image\":{\"@id\":\"https:\\\/\\\/www.norn.is\\\/pistlar\\\/eiga-thingmenn-rett-a-naergaetni\\\/#primaryimage\"},\"thumbnailUrl\":\"http:\\\/\\\/www.norn.is\\\/pistlar\\\/wp-content\\\/uploads\\\/sites\\\/2\\\/2013\\\/05\\\/rainbow-diagram-roygbiv-300x150-300x150.png\",\"articleSection\":[\"Pistlar um samf\u00e9lagsm\u00e1l\",\"Umr\u00e6\u00f0an\"],\"inLanguage\":\"is\",\"potentialAction\":[{\"@type\":\"CommentAction\",\"name\":\"Comment\",\"target\":[\"https:\\\/\\\/www.norn.is\\\/pistlar\\\/eiga-thingmenn-rett-a-naergaetni\\\/#respond\"]}]},{\"@type\":\"WebPage\",\"@id\":\"https:\\\/\\\/www.norn.is\\\/pistlar\\\/eiga-thingmenn-rett-a-naergaetni\\\/\",\"url\":\"https:\\\/\\\/www.norn.is\\\/pistlar\\\/eiga-thingmenn-rett-a-naergaetni\\\/\",\"name\":\"Eiga \u00feingmenn r\u00e9tt \u00e1 n\u00e6rg\u00e6tni? - Pistlar Evu\",\"isPartOf\":{\"@id\":\"https:\\\/\\\/www.norn.is\\\/pistlar\\\/#website\"},\"primaryImageOfPage\":{\"@id\":\"https:\\\/\\\/www.norn.is\\\/pistlar\\\/eiga-thingmenn-rett-a-naergaetni\\\/#primaryimage\"},\"image\":{\"@id\":\"https:\\\/\\\/www.norn.is\\\/pistlar\\\/eiga-thingmenn-rett-a-naergaetni\\\/#primaryimage\"},\"thumbnailUrl\":\"http:\\\/\\\/www.norn.is\\\/pistlar\\\/wp-content\\\/uploads\\\/sites\\\/2\\\/2013\\\/05\\\/rainbow-diagram-roygbiv-300x150-300x150.png\",\"datePublished\":\"2013-05-28T15:55:56+00:00\",\"dateModified\":\"2017-08-15T13:34:20+00:00\",\"author\":{\"@id\":\"https:\\\/\\\/www.norn.is\\\/pistlar\\\/#\\\/schema\\\/person\\\/1a27d7aee01469adf3180f8fd9e72c46\"},\"breadcrumb\":{\"@id\":\"https:\\\/\\\/www.norn.is\\\/pistlar\\\/eiga-thingmenn-rett-a-naergaetni\\\/#breadcrumb\"},\"inLanguage\":\"is\",\"potentialAction\":[{\"@type\":\"ReadAction\",\"target\":[\"https:\\\/\\\/www.norn.is\\\/pistlar\\\/eiga-thingmenn-rett-a-naergaetni\\\/\"]}]},{\"@type\":\"ImageObject\",\"inLanguage\":\"is\",\"@id\":\"https:\\\/\\\/www.norn.is\\\/pistlar\\\/eiga-thingmenn-rett-a-naergaetni\\\/#primaryimage\",\"url\":\"https:\\\/\\\/www.norn.is\\\/pistlar\\\/wp-content\\\/uploads\\\/sites\\\/2\\\/2013\\\/05\\\/rainbow-diagram-roygbiv-300x150.png\",\"contentUrl\":\"https:\\\/\\\/www.norn.is\\\/pistlar\\\/wp-content\\\/uploads\\\/sites\\\/2\\\/2013\\\/05\\\/rainbow-diagram-roygbiv-300x150.png\",\"width\":300,\"height\":150},{\"@type\":\"BreadcrumbList\",\"@id\":\"https:\\\/\\\/www.norn.is\\\/pistlar\\\/eiga-thingmenn-rett-a-naergaetni\\\/#breadcrumb\",\"itemListElement\":[{\"@type\":\"ListItem\",\"position\":1,\"name\":\"Home\",\"item\":\"https:\\\/\\\/www.norn.is\\\/pistlar\\\/\"},{\"@type\":\"ListItem\",\"position\":2,\"name\":\"Eiga \u00feingmenn r\u00e9tt \u00e1 n\u00e6rg\u00e6tni?\"}]},{\"@type\":\"WebSite\",\"@id\":\"https:\\\/\\\/www.norn.is\\\/pistlar\\\/#website\",\"url\":\"https:\\\/\\\/www.norn.is\\\/pistlar\\\/\",\"name\":\"Pistlar Evu\",\"description\":\"\",\"potentialAction\":[{\"@type\":\"SearchAction\",\"target\":{\"@type\":\"EntryPoint\",\"urlTemplate\":\"https:\\\/\\\/www.norn.is\\\/pistlar\\\/?s={search_term_string}\"},\"query-input\":{\"@type\":\"PropertyValueSpecification\",\"valueRequired\":true,\"valueName\":\"search_term_string\"}}],\"inLanguage\":\"is\"},{\"@type\":\"Person\",\"@id\":\"https:\\\/\\\/www.norn.is\\\/pistlar\\\/#\\\/schema\\\/person\\\/1a27d7aee01469adf3180f8fd9e72c46\",\"name\":\"admin\",\"url\":\"https:\\\/\\\/www.norn.is\\\/pistlar\\\/author\\\/admin\\\/\"}]}<\/script>\n<!-- \/ Yoast SEO plugin. -->","yoast_head_json":{"title":"Eiga \u00feingmenn r\u00e9tt \u00e1 n\u00e6rg\u00e6tni? - Pistlar Evu","robots":{"index":"index","follow":"follow","max-snippet":"max-snippet:-1","max-image-preview":"max-image-preview:large","max-video-preview":"max-video-preview:-1"},"canonical":"https:\/\/www.norn.is\/pistlar\/eiga-thingmenn-rett-a-naergaetni\/","og_locale":"is_IS","og_type":"article","og_title":"Eiga \u00feingmenn r\u00e9tt \u00e1 n\u00e6rg\u00e6tni? - Pistlar Evu","og_description":"\u00cd umr\u00e6\u00f0unni um umr\u00e6\u00f0una er or\u00f0i\u00f0 einelti nota\u00f0 af \u00f3h\u00f3flegu \u00f6rl\u00e6ti. Borgarstj\u00f3ri Reykjav\u00edkur sag\u00f0ist fyrir nokkrum vikum hafa veri\u00f0 lag\u00f0ur \u00ed einelti \u00e1 borgarafundi \u00feegar fundargestur s\u00fdndi honum \u00f3kurteisi og n\u00fa skilgreinir Ingibj\u00f6rg S\u00f3lr\u00fan G\u00edslad\u00f3ttir \u00fea\u00f0 sem einelti \u00feegar margir &hellip; Halda \u00e1fram a\u00f0 lesa &rarr;","og_url":"https:\/\/www.norn.is\/pistlar\/eiga-thingmenn-rett-a-naergaetni\/","og_site_name":"Pistlar Evu","article_published_time":"2013-05-28T15:55:56+00:00","article_modified_time":"2017-08-15T13:34:20+00:00","og_image":[{"url":"http:\/\/www.norn.is\/pistlar\/wp-content\/uploads\/sites\/2\/2013\/05\/rainbow-diagram-roygbiv-300x150-300x150.png","type":"","width":"","height":""}],"author":"admin","twitter_card":"summary_large_image","twitter_misc":{"Written by":false,"Est. reading time":"6 minutes"},"schema":{"@context":"https:\/\/schema.org","@graph":[{"@type":"Article","@id":"https:\/\/www.norn.is\/pistlar\/eiga-thingmenn-rett-a-naergaetni\/#article","isPartOf":{"@id":"https:\/\/www.norn.is\/pistlar\/eiga-thingmenn-rett-a-naergaetni\/"},"author":{"name":"admin","@id":"https:\/\/www.norn.is\/pistlar\/#\/schema\/person\/1a27d7aee01469adf3180f8fd9e72c46"},"headline":"Eiga \u00feingmenn r\u00e9tt \u00e1 n\u00e6rg\u00e6tni?","datePublished":"2013-05-28T15:55:56+00:00","dateModified":"2017-08-15T13:34:20+00:00","mainEntityOfPage":{"@id":"https:\/\/www.norn.is\/pistlar\/eiga-thingmenn-rett-a-naergaetni\/"},"wordCount":1234,"commentCount":0,"image":{"@id":"https:\/\/www.norn.is\/pistlar\/eiga-thingmenn-rett-a-naergaetni\/#primaryimage"},"thumbnailUrl":"http:\/\/www.norn.is\/pistlar\/wp-content\/uploads\/sites\/2\/2013\/05\/rainbow-diagram-roygbiv-300x150-300x150.png","articleSection":["Pistlar um samf\u00e9lagsm\u00e1l","Umr\u00e6\u00f0an"],"inLanguage":"is","potentialAction":[{"@type":"CommentAction","name":"Comment","target":["https:\/\/www.norn.is\/pistlar\/eiga-thingmenn-rett-a-naergaetni\/#respond"]}]},{"@type":"WebPage","@id":"https:\/\/www.norn.is\/pistlar\/eiga-thingmenn-rett-a-naergaetni\/","url":"https:\/\/www.norn.is\/pistlar\/eiga-thingmenn-rett-a-naergaetni\/","name":"Eiga \u00feingmenn r\u00e9tt \u00e1 n\u00e6rg\u00e6tni? - Pistlar Evu","isPartOf":{"@id":"https:\/\/www.norn.is\/pistlar\/#website"},"primaryImageOfPage":{"@id":"https:\/\/www.norn.is\/pistlar\/eiga-thingmenn-rett-a-naergaetni\/#primaryimage"},"image":{"@id":"https:\/\/www.norn.is\/pistlar\/eiga-thingmenn-rett-a-naergaetni\/#primaryimage"},"thumbnailUrl":"http:\/\/www.norn.is\/pistlar\/wp-content\/uploads\/sites\/2\/2013\/05\/rainbow-diagram-roygbiv-300x150-300x150.png","datePublished":"2013-05-28T15:55:56+00:00","dateModified":"2017-08-15T13:34:20+00:00","author":{"@id":"https:\/\/www.norn.is\/pistlar\/#\/schema\/person\/1a27d7aee01469adf3180f8fd9e72c46"},"breadcrumb":{"@id":"https:\/\/www.norn.is\/pistlar\/eiga-thingmenn-rett-a-naergaetni\/#breadcrumb"},"inLanguage":"is","potentialAction":[{"@type":"ReadAction","target":["https:\/\/www.norn.is\/pistlar\/eiga-thingmenn-rett-a-naergaetni\/"]}]},{"@type":"ImageObject","inLanguage":"is","@id":"https:\/\/www.norn.is\/pistlar\/eiga-thingmenn-rett-a-naergaetni\/#primaryimage","url":"https:\/\/www.norn.is\/pistlar\/wp-content\/uploads\/sites\/2\/2013\/05\/rainbow-diagram-roygbiv-300x150.png","contentUrl":"https:\/\/www.norn.is\/pistlar\/wp-content\/uploads\/sites\/2\/2013\/05\/rainbow-diagram-roygbiv-300x150.png","width":300,"height":150},{"@type":"BreadcrumbList","@id":"https:\/\/www.norn.is\/pistlar\/eiga-thingmenn-rett-a-naergaetni\/#breadcrumb","itemListElement":[{"@type":"ListItem","position":1,"name":"Home","item":"https:\/\/www.norn.is\/pistlar\/"},{"@type":"ListItem","position":2,"name":"Eiga \u00feingmenn r\u00e9tt \u00e1 n\u00e6rg\u00e6tni?"}]},{"@type":"WebSite","@id":"https:\/\/www.norn.is\/pistlar\/#website","url":"https:\/\/www.norn.is\/pistlar\/","name":"Pistlar Evu","description":"","potentialAction":[{"@type":"SearchAction","target":{"@type":"EntryPoint","urlTemplate":"https:\/\/www.norn.is\/pistlar\/?s={search_term_string}"},"query-input":{"@type":"PropertyValueSpecification","valueRequired":true,"valueName":"search_term_string"}}],"inLanguage":"is"},{"@type":"Person","@id":"https:\/\/www.norn.is\/pistlar\/#\/schema\/person\/1a27d7aee01469adf3180f8fd9e72c46","name":"admin","url":"https:\/\/www.norn.is\/pistlar\/author\/admin\/"}]}},"_links":{"self":[{"href":"https:\/\/www.norn.is\/pistlar\/wp-json\/wp\/v2\/posts\/8115","targetHints":{"allow":["GET"]}}],"collection":[{"href":"https:\/\/www.norn.is\/pistlar\/wp-json\/wp\/v2\/posts"}],"about":[{"href":"https:\/\/www.norn.is\/pistlar\/wp-json\/wp\/v2\/types\/post"}],"author":[{"embeddable":true,"href":"https:\/\/www.norn.is\/pistlar\/wp-json\/wp\/v2\/users\/1"}],"replies":[{"embeddable":true,"href":"https:\/\/www.norn.is\/pistlar\/wp-json\/wp\/v2\/comments?post=8115"}],"version-history":[{"count":2,"href":"https:\/\/www.norn.is\/pistlar\/wp-json\/wp\/v2\/posts\/8115\/revisions"}],"predecessor-version":[{"id":13098,"href":"https:\/\/www.norn.is\/pistlar\/wp-json\/wp\/v2\/posts\/8115\/revisions\/13098"}],"wp:attachment":[{"href":"https:\/\/www.norn.is\/pistlar\/wp-json\/wp\/v2\/media?parent=8115"}],"wp:term":[{"taxonomy":"category","embeddable":true,"href":"https:\/\/www.norn.is\/pistlar\/wp-json\/wp\/v2\/categories?post=8115"},{"taxonomy":"post_tag","embeddable":true,"href":"https:\/\/www.norn.is\/pistlar\/wp-json\/wp\/v2\/tags?post=8115"}],"curies":[{"name":"wp","href":"https:\/\/api.w.org\/{rel}","templated":true}]}}