{"id":7849,"date":"2013-03-27T02:35:04","date_gmt":"2013-03-27T02:35:04","guid":{"rendered":"http:\/\/www.pistillinn.is\/?p=7849"},"modified":"2018-09-18T11:20:11","modified_gmt":"2018-09-18T11:20:11","slug":"vid-vildum-eitthvad-annad","status":"publish","type":"post","link":"https:\/\/www.norn.is\/pistlar\/vid-vildum-eitthvad-annad\/","title":{"rendered":"Vi\u00f0 vildum eitthva\u00f0 anna\u00f0"},"content":{"rendered":"<p><a href=\"http:\/\/www.norn.is\/pistlar\/wp-content\/uploads\/sites\/2\/2013\/03\/3583451620_3228eb54f2.jpg\"><img loading=\"lazy\" decoding=\"async\" class=\"aligncenter size-full wp-image-13147\" src=\"http:\/\/www.norn.is\/pistlar\/wp-content\/uploads\/sites\/2\/2013\/03\/3583451620_3228eb54f2.jpg\" alt=\"\" width=\"470\" height=\"323\" srcset=\"https:\/\/www.norn.is\/pistlar\/wp-content\/uploads\/sites\/2\/2013\/03\/3583451620_3228eb54f2.jpg 470w, https:\/\/www.norn.is\/pistlar\/wp-content\/uploads\/sites\/2\/2013\/03\/3583451620_3228eb54f2-300x206.jpg 300w, https:\/\/www.norn.is\/pistlar\/wp-content\/uploads\/sites\/2\/2013\/03\/3583451620_3228eb54f2-437x300.jpg 437w\" sizes=\"auto, (max-width: 470px) 100vw, 470px\" \/><\/a><\/p>\n<p style=\"text-align: center;\"><a href=\"https:\/\/www.flickr.com\/photos\/37239049@N03\/3583451620\/\">Myndin er h\u00e9\u00f0an<\/a><\/p>\n<p>B\u00fas\u00e1haldabyltingin var engin bylting. H\u00fan var r\u00f6\u00f0 upp\u00feota sem hr\u00f6ktu vanh\u00e6fa r\u00edkisstj\u00f3rn fr\u00e1 v\u00f6ldum. Enginn d\u00f3 og \u00fea\u00f0 er \u00e1 m\u00f6rkunum a\u00f0 h\u00e6gt s\u00e9 a\u00f0 tala um \u00f3eir\u00f0ir en f\u00f3lk \u00f3hl\u00fd\u00f0na\u00f0ist l\u00f6greglunni og \u00fea\u00f0 var svo brj\u00e1l\u00e6\u00f0islega r\u00f3tt\u00e6kt a\u00f0 \u00ed huga \u00fej\u00f3\u00f0ar sem \u00feekkir hvorki sver\u00f0 n\u00e9 bl\u00f3\u00f0 (enda \u00fe\u00f3tt h\u00fan sty\u00f0ji hvorttveggja me\u00f0 hundslegri trygg\u00f0 sinni vi\u00f0 Nat\u00f3) var \u00fea\u00f0 n\u00e1nast str\u00ed\u00f0s\u00e1stand sem r\u00edkti fr\u00e1 mi\u00f0jum n\u00f3vember 2008 og \u00fat jan\u00faar 2009.<!--more--><\/p>\n<p><span style=\"font-size: 18pt;\">\u00dei\u00f0 sem vilji\u00f0 \u201cbara eitthva\u00f0 anna\u00f0\u201d<\/span><\/p>\n<p>Raddir f\u00f3lksins h\u00e9ldu fundi. Allir skildu hva\u00f0 s\u00fa hreyfing vildi. Koma r\u00edkisstj\u00f3rninni fr\u00e1 og \u00fe\u00e1 v\u00e6ntanlega annarri a\u00f0.<\/p>\n<p>Anarkistar vildu ekki n\u00fdja r\u00edkisstj\u00f3rn heldur enga r\u00edkisstj\u00f3rn. Vi\u00f0 vildum beint l\u00fd\u00f0r\u00e6\u00f0i. Vi\u00f0 vildum \u201ceitthva\u00f0 anna\u00f0\u201d en fulltr\u00faa sem marka stefnu og sv\u00edkja hana svo um lei\u00f0 og \u00feeir komast til valda. Vi\u00f0 vorum krafin sk\u00fdringa \u00e1 \u00fev\u00ed hva\u00f0 \u00e6tti a\u00f0 gera \u00ed efnahagsm\u00e1lum, hvernig \u00e6tti a\u00f0 reka heilbrig\u00f0iskerfi\u00f0 o.s.frv. og vi\u00f0 sv\u00f6ru\u00f0um: \u201c\u00d6rf\u00e1ar hr\u00e6\u00f0ur geta ekki \u00e1kve\u00f0i\u00f0 \u00fea\u00f0 fyrir fj\u00f6ldann. Allir sem hafa \u00e1huga \u00e1 \u00feessum m\u00e1lum eiga a\u00f0 \u00e1kve\u00f0a \u00fea\u00f0 me\u00f0 samr\u00e1\u00f0i.\u201d \u00deetta hlj\u00f3ma\u00f0i eins og k\u00ednverska \u00ed eyrum \u00feeirra sem skildu bara ekkert \u00ed \u00fev\u00ed a\u00f0 til v\u00e6ri f\u00f3lk sem vildi hvorki r\u00e1\u00f0skast me\u00f0 a\u00f0ra n\u00e9 l\u00e1ta a\u00f0ra r\u00e1\u00f0skast me\u00f0 sig. Vi\u00f0 vorum \u00ed hugum \u00feeirra ekki f\u00f3lki\u00f0 sem vildi beint l\u00fd\u00f0r\u00e6\u00f0i heldur bj\u00e1nar sem vildu \u201cbara eitthva\u00f0 anna\u00f0\u201d.<\/p>\n<p>&nbsp;<\/p>\n<p><span style=\"font-size: 18pt;\">\u00deetta er bara ekki r\u00e9tta skotmarki\u00f0<\/span><\/p>\n<p>Yfir a\u00f0ger\u00f0asinna rigndi lofi og sv\u00edvir\u00f0ingum, stu\u00f0ningsyfirl\u00fdsingum og \u00f3gnunum. \u00deegar vi\u00f0 truflu\u00f0um r\u00edkisstj\u00f3rnarfund var okkur \u00fath\u00fa\u00f0a\u00f0 fyrir a\u00f0 r\u00e1\u00f0ast ekki frekar \u00e1 bankana, \u00feegar vi\u00f0 baulu\u00f0um \u00e1 bankana ur\u00f0um vi\u00f0 fyrir heilagri vandl\u00e6tingu fyrir a\u00f0 r\u00e1\u00f0ast ekki frekar gegn \u00fatr\u00e1sarv\u00edkingum og \u00feegar vi\u00f0 h\u00edu\u00f0um \u00e1 Baug \u00e1tti f\u00f3lk ekki or\u00f0 yfir hneykslun s\u00edna \u00e1 \u00fev\u00ed a\u00f0 vi\u00f0 v\u00e6rum a\u00f0 spilla verslunargle\u00f0i bl\u00e1f\u00e1t\u00e6kra landsmanna og \u00fea\u00f0 \u00e1 sj\u00e1lfum j\u00f3lunum!<\/p>\n<h4><\/h4>\n<p><span style=\"font-size: 18pt;\">\u00deetta er bara ekki r\u00e9tta a\u00f0fer\u00f0in<\/span><\/p>\n<p>\u00dea\u00f0 voru \u00fe\u00f3 fyrst og fremst a\u00f0fer\u00f0ir a\u00f0ger\u00f0asinna sem f\u00f3ru fyrir brj\u00f3st g\u00f3\u00f0borgara. F\u00f3lk, sem \u00e1leit a\u00f0 l\u00fd\u00f0urinn sem skyndilega skulda\u00f0i t\u00f3lffalda \u00fej\u00f3\u00f0arframlei\u00f0slu s\u00edna \u00e6tti bara a\u00f0 anda me\u00f0 nefinu, fro\u00f0ufelldi af heilagri rei\u00f0i yfir \u00fev\u00ed a\u00f0 \u00feurfa a\u00f0 bera kostna\u00f0inn af \u00ferifum \u00e1 Al\u00feingish\u00fasinu. Ofbeldi var endurskilgreint. Skemmd hur\u00f0 var \u201cofbeldisverk\u201d og t\u00f3k steininn \u00far \u00feegar j\u00f3latr\u00e9\u00f0, sj\u00e1lft Osl\u00f3artr\u00e9\u00f0, var brennt \u00feann 21. jan\u00faar en ekki jar\u00f0a\u00f0 fr\u00e1 D\u00f3mkirkjunni svo sem venjan var.<\/p>\n<p>S\u00f3faherforingjar lei\u00f0beindu okkur um \u00fea\u00f0 hvernig fremja skal byltingu, g\u00e1fu \u00fat tilm\u00e6li um \u00fea\u00f0 hva\u00f0a byggingar skyldu sprengdar og hverra b\u00edlar skyldu brenndir, en gripu sj\u00e1lfir ekki til svo r\u00f3tt\u00e6kra a\u00f0ger\u00f0a a\u00f0 draga \u00fea\u00f0 a\u00f0 borga af l\u00e1nunum s\u00ednum e\u00f0a beina vi\u00f0skiptum s\u00ednum til annarra en \u00fatr\u00e1sarv\u00edkinga. Fleiri voru \u00feeir \u00fe\u00f3 sem \u00fatsk\u00fdr\u00f0u fyrir okkur, af yfirl\u00e6tislegri g\u00f3\u00f0vild, a\u00f0 allt \u00feetta eggjakast, gj\u00f6rningar og \u00e1r\u00e1sir \u00e1 stofnanir hef\u00f0i ekkert upp \u00e1 sig, a\u00f0 m\u00f3tm\u00e6lin v\u00e6ru a\u00f0 \u201csn\u00faast gegn sj\u00e1lfum s\u00e9r\u201d og a\u00f0 vi\u00f0 myndum \u201cmissa allt fylgi\u201d (enda \u00fe\u00f3tt enginn h\u00f3pur a\u00f0ger\u00f0asinna hef\u00f0i l\u00fdst \u00e1huga \u00e1 frambo\u00f0i) ef vi\u00f0 h\u00e9ldum \u00e1fram. \u00dea\u00f0 var alveg sj\u00e1lfsagt a\u00f0 m\u00f3tm\u00e6la en m\u00f3tm\u00e6lin \u00e1ttu a\u00f0 fara fram \u00ed kyrr\u00feey.<\/p>\n<h4><\/h4>\n<p><span style=\"font-size: 18pt;\">Og n\u00fd stj\u00f3rn t\u00f3k vi\u00f0<\/span><\/p>\n<p>Fleiri skandalar komu upp \u00e1 yfirbor\u00f0i\u00f0 og \u00fevert \u00e1 allar hraksp\u00e1r fj\u00f6lga\u00f0i \u00feeim st\u00f6\u00f0ugt sem t\u00f3ku \u00fe\u00e1tt \u00ed beinum a\u00f0ger\u00f0um og studdu \u00fe\u00e6r. Eldar brunnu \u00e1 Austurvelli og dr\u00f3 \u00fear margur k\u00fastskafti\u00f0 \u00far eigin rassgati og kasta\u00f0i \u00e1 b\u00e1li\u00f0. \u00dea\u00f0 kosta\u00f0i pipar\u00fa\u00f0a og t\u00e1ragas en r\u00edkisstj\u00f3rnin f\u00f3r, stj\u00f3rn Se\u00f0labankans f\u00f3r og stj\u00f3rn Fj\u00e1rm\u00e1laeftirlitsins l\u00e9t af st\u00f6rfum.<\/p>\n<p>N\u00fd r\u00edkisstj\u00f3rn t\u00f3k vi\u00f0 v\u00f6ldum. Samskonar valdakl\u00edkustj\u00f3rn og h\u00e6gri stj\u00f3rnin sem sat \u00e1 undan henni. \u00cd veigamestu m\u00e1lunum hefur h\u00fan brug\u00f0ist. Baktjaldamakk vi\u00f0gengst enn og er \u00e1 k\u00f6flum n\u00e1nast \u00f3skiljanlegt hva\u00f0a hugsun liggur a\u00f0 baki. Hva\u00f0 \u00ed \u00f3sk\u00f6punum gr\u00e6\u00f0a hinir svok\u00f6llu\u00f0u vinstri flokkar t.d. \u00e1 <a href=\"http:\/\/vefir.pressan.is\/ordid\/2013\/03\/26\/helvitis-fokking-fokk\/\">\u00feessu helv\u00edtis fokking fokki<\/a>?<\/p>\n<p>Af Samfylkingunni var einskis a\u00f0 v\u00e6nta, enda var h\u00fan annar hrunflokkanna, en VG hef\u00f0u \u00e1tt a\u00f0 s\u00fdna lit. \u00dea\u00f0 er \u00f6murlegt a\u00f0 eftir fj\u00f6gurra \u00e1ra valdat\u00ed\u00f0 skuli helstu afrek stj\u00f3rnm\u00e1laflokks sem kennir sig vi\u00f0 umhverfis- og mann\u00fa\u00f0arstefnu, og var kosinn fyrst og fremst \u00fat \u00e1 \u00fea\u00f0 a\u00f0 hafa ekki (enn\u00fe\u00e1) s\u00fdnt af s\u00e9r verulega spillingu, vera svik \u00ed stj\u00f3rnarskr\u00e1rm\u00e1linu, meiri st\u00f3ri\u00f0ja, bar\u00e1tta fyrir nj\u00f3snaheimildum l\u00f6greglu og eftirliti me\u00f0 internetnotkun landsmanna auk \u00feess a\u00f0 hafa bjarga\u00f0 b\u00f6nkunum en brug\u00f0ist heimilunum.<\/p>\n<h4><\/h4>\n<p><span style=\"font-size: 18pt;\">Var \u00fea\u00f0 ekki \u00feetta sem \u00fei\u00f0 vildu\u00f0?<\/span><\/p>\n<p>\u00deegar \u00e9g gagnr\u00fdni sitjandi r\u00edkisstj\u00f3rn er \u00e9g stundum spur\u00f0, all sn\u00fa\u00f0iglega; \u201cn\u00fa var \u00fea\u00f0 ekki \u00feetta sem \u00fei\u00f0 vildu\u00f0?\u201d En anarkistar b\u00e1\u00f0u aldrei um vinstri stj\u00f3rn. \u00c1 me\u00f0an 7000 manns hr\u00f3pu\u00f0u \u201cvanh\u00e6f r\u00edkisstj\u00f3rn\u201d hr\u00f3pu\u00f0u 70 manns \u201cenga r\u00edkisstj\u00f3rn\u201d. Vi\u00f0 vildum ekki h\u00e6gri e\u00f0a vinstri heldur kerfisbreytingu. Vi\u00f0 vildum skapa n\u00fdjar og l\u00fd\u00f0r\u00e6\u00f0islegri a\u00f0fer\u00f0ir vi\u00f0 \u00e1kvar\u00f0anat\u00f6ku. Vi\u00f0 vildum afl\u00e9tta leyndarhyggjunni og auka tj\u00e1ningarfrelsi\u00f0. \u00c9g tr\u00fa\u00f0i \u00fev\u00ed aldrei a\u00f0 spillingin v\u00e6ri bundin vi\u00f0 einstaklinga e\u00f0a flokka en \u00e9g h\u00e9lt n\u00fa samt a\u00f0 Vinstri gr\u00e6n yr\u00f0u hei\u00f0arlegri en Sj\u00e1lfst\u00e6\u00f0isflokkurinn. Hrossakaup \u00ed umhverfis- og l\u00fd\u00f0r\u00e6\u00f0ism\u00e1lum var sannarlega ekki \u00fea\u00f0 sem \u00e9g vildi. Ekki heldur allir hinir sem \u00e1ttu ekki sk\u00fdrari or\u00f0 yfir hugsanir s\u00ednar en helv\u00edtis, fokking, fokk!<\/p>\n<p>\u00c9g og fj\u00f6lmargir a\u00f0rir t\u00f6ldu \u00fe\u00e1 og telja enn a\u00f0 eina lei\u00f0in til a\u00f0 draga \u00far spillingu s\u00e9 gagns\u00e6 stj\u00f3rns\u00fdsla og litlir m\u00f6guleikar til a\u00f0 safna v\u00f6ldum \u00e1 f\u00e1ar hendur. \u00dea\u00f0 \u00e1lit er ekki bundi\u00f0 vi\u00f0 \u00fe\u00e1 sem eru \u00e1 m\u00f3ti r\u00edkisvaldi. \u00c1 d\u00f6gum b\u00fas\u00e1haldabyltingarinnar var\u00f0 til hreyfing sem kalla\u00f0i sig \u201cl\u00fd\u00f0veldisbyltinguna\u201d og ger\u00f0i \u00e1hugaver\u00f0a tilraun me\u00f0 rafr\u00e6nt l\u00fd\u00f0r\u00e6\u00f0i. S\u00fa tilraun tengdist hvorki anarkistum n\u00e9 tilteknum stj\u00f3rnm\u00e1laflokki.<\/p>\n<h4><\/h4>\n<p><span style=\"font-size: 18pt;\">Og samt bar h\u00fan \u00e1rangur<\/span><strong><br \/>\n<\/strong><\/p>\n<p>Lengi h\u00e9lt \u00e9g a\u00f0 eini \u00e1rangur b\u00fas\u00e1haldabyltingarinnar (sem \u00fe\u00f3 skiptir vissulega m\u00e1li) v\u00e6ri breytt vi\u00f0horf fj\u00f6ldans til beinna a\u00f0ger\u00f0a. En fleira breyttist. Inn \u00e1 \u00feing komst f\u00f3lk sem hefur meiri \u00e1huga \u00e1 a\u00f0 bylta valdakerfinu en a\u00f0 koma sj\u00e1lfu s\u00e9r a\u00f0 kj\u00f6tk\u00f6tlunum. S\u00fa hugmynd a\u00f0 h\u00e6gt s\u00e9 a\u00f0 taka \u00e1kvar\u00f0anir me\u00f0 samr\u00e1\u00f0i fj\u00f6ldans var\u00f0 a\u00f0 stj\u00f3rnm\u00e1laafli sem hefur n\u00fdtt s\u00e9r s\u00f6mu hugmynd og l\u00fd\u00f0veldisbyltingin bygg\u00f0i \u00e1 og <a href=\"https:\/\/x.piratar.is\/\">\u00fer\u00f3ar n\u00fa stefnu s\u00edna \u00ed umr\u00e6\u00f0uh\u00f3pum \u00e1 netinu<\/a>.<\/p>\n<p>Yfirvaldslaust samf\u00e9lag ver\u00f0ur ekki a\u00f0 veruleika \u00e1 n\u00e6stu fj\u00f3rum \u00e1rum en hi\u00f0 rafr\u00e6na l\u00fd\u00f0r\u00e6\u00f0i sem P\u00edratar standa fyrir er\u00a0 framhald af \u00feeirri byltingartilraun sem h\u00f3fst me\u00f0 upp\u00feotum a\u00f0ger\u00f0asinna veturinn 2008-2009. H\u00fan er \u201ceitthva\u00f0 anna\u00f0\u201d og \u00feessvegna \u00e6tla \u00e9g a\u00f0 kj\u00f3sa P\u00edratana \u00ed komandi Al\u00feingiskosningum.<\/p>\n<p>\u00c9g vona a\u00f0 P\u00edratar komist \u00e1 \u00feing. Og D\u00f6gun. Og a\u00f0 Frams\u00f3knarflokkarnir fj\u00f3rir gjaldi ver\u00f0skulda\u00f0 afhro\u00f0.<\/p>\n<p>&nbsp;<\/p>\n","protected":false},"excerpt":{"rendered":"<p>Myndin er h\u00e9\u00f0an B\u00fas\u00e1haldabyltingin var engin bylting. H\u00fan var r\u00f6\u00f0 upp\u00feota sem hr\u00f6ktu vanh\u00e6fa r\u00edkisstj\u00f3rn fr\u00e1 v\u00f6ldum. Enginn d\u00f3 og \u00fea\u00f0 er \u00e1 m\u00f6rkunum a\u00f0 h\u00e6gt s\u00e9 a\u00f0 tala um \u00f3eir\u00f0ir en f\u00f3lk \u00f3hl\u00fd\u00f0na\u00f0ist l\u00f6greglunni og \u00fea\u00f0 var svo brj\u00e1l\u00e6\u00f0islega &hellip; <a href=\"https:\/\/www.norn.is\/pistlar\/vid-vildum-eitthvad-annad\/\">Halda \u00e1fram a\u00f0 lesa <span class=\"meta-nav\">&rarr;<\/span><\/a><\/p>\n","protected":false},"author":1,"featured_media":0,"comment_status":"closed","ping_status":"closed","sticky":false,"template":"","format":"standard","meta":{"footnotes":"","_links_to":"","_links_to_target":""},"categories":[15,1],"tags":[117,369],"class_list":["post-7849","post","type-post","status-publish","format-standard","hentry","category-andof-og-yfirvald","category-pistlar","tag-althingi","tag-busahaldabyltingin"],"yoast_head":"<!-- This site is optimized with the Yoast SEO plugin v27.5 - https:\/\/yoast.com\/product\/yoast-seo-wordpress\/ -->\n<title>Vi\u00f0 vildum eitthva\u00f0 anna\u00f0 - Pistlar Evu<\/title>\n<meta name=\"robots\" content=\"index, follow, max-snippet:-1, max-image-preview:large, max-video-preview:-1\" \/>\n<link rel=\"canonical\" href=\"https:\/\/www.norn.is\/pistlar\/vid-vildum-eitthvad-annad\/\" \/>\n<meta property=\"og:locale\" content=\"is_IS\" \/>\n<meta property=\"og:type\" content=\"article\" \/>\n<meta property=\"og:title\" content=\"Vi\u00f0 vildum eitthva\u00f0 anna\u00f0 - Pistlar Evu\" \/>\n<meta property=\"og:description\" content=\"Myndin er h\u00e9\u00f0an B\u00fas\u00e1haldabyltingin var engin bylting. H\u00fan var r\u00f6\u00f0 upp\u00feota sem hr\u00f6ktu vanh\u00e6fa r\u00edkisstj\u00f3rn fr\u00e1 v\u00f6ldum. Enginn d\u00f3 og \u00fea\u00f0 er \u00e1 m\u00f6rkunum a\u00f0 h\u00e6gt s\u00e9 a\u00f0 tala um \u00f3eir\u00f0ir en f\u00f3lk \u00f3hl\u00fd\u00f0na\u00f0ist l\u00f6greglunni og \u00fea\u00f0 var svo brj\u00e1l\u00e6\u00f0islega &hellip; Halda \u00e1fram a\u00f0 lesa &rarr;\" \/>\n<meta property=\"og:url\" content=\"https:\/\/www.norn.is\/pistlar\/vid-vildum-eitthvad-annad\/\" \/>\n<meta property=\"og:site_name\" content=\"Pistlar Evu\" \/>\n<meta property=\"article:published_time\" content=\"2013-03-27T02:35:04+00:00\" \/>\n<meta property=\"article:modified_time\" content=\"2018-09-18T11:20:11+00:00\" \/>\n<meta property=\"og:image\" content=\"http:\/\/www.norn.is\/pistlar\/wp-content\/uploads\/sites\/2\/2013\/03\/3583451620_3228eb54f2.jpg\" \/>\n<meta name=\"author\" content=\"admin\" \/>\n<meta name=\"twitter:card\" content=\"summary_large_image\" \/>\n<meta name=\"twitter:label1\" content=\"Written by\" \/>\n\t<meta name=\"twitter:data1\" content=\"\" \/>\n\t<meta name=\"twitter:label2\" content=\"Est. reading time\" \/>\n\t<meta name=\"twitter:data2\" content=\"7 minutes\" \/>\n<script type=\"application\/ld+json\" class=\"yoast-schema-graph\">{\"@context\":\"https:\\\/\\\/schema.org\",\"@graph\":[{\"@type\":\"Article\",\"@id\":\"https:\\\/\\\/www.norn.is\\\/pistlar\\\/vid-vildum-eitthvad-annad\\\/#article\",\"isPartOf\":{\"@id\":\"https:\\\/\\\/www.norn.is\\\/pistlar\\\/vid-vildum-eitthvad-annad\\\/\"},\"author\":{\"name\":\"admin\",\"@id\":\"https:\\\/\\\/www.norn.is\\\/pistlar\\\/#\\\/schema\\\/person\\\/1a27d7aee01469adf3180f8fd9e72c46\"},\"headline\":\"Vi\u00f0 vildum eitthva\u00f0 anna\u00f0\",\"datePublished\":\"2013-03-27T02:35:04+00:00\",\"dateModified\":\"2018-09-18T11:20:11+00:00\",\"mainEntityOfPage\":{\"@id\":\"https:\\\/\\\/www.norn.is\\\/pistlar\\\/vid-vildum-eitthvad-annad\\\/\"},\"wordCount\":1319,\"image\":{\"@id\":\"https:\\\/\\\/www.norn.is\\\/pistlar\\\/vid-vildum-eitthvad-annad\\\/#primaryimage\"},\"thumbnailUrl\":\"http:\\\/\\\/www.norn.is\\\/pistlar\\\/wp-content\\\/uploads\\\/sites\\\/2\\\/2013\\\/03\\\/3583451620_3228eb54f2.jpg\",\"keywords\":[\"Al\u00feingi\",\"B\u00fas\u00e1haldabyltingin\"],\"articleSection\":[\"And\u00f3f og yfirvald\",\"Pistlar um samf\u00e9lagsm\u00e1l\"],\"inLanguage\":\"is\"},{\"@type\":\"WebPage\",\"@id\":\"https:\\\/\\\/www.norn.is\\\/pistlar\\\/vid-vildum-eitthvad-annad\\\/\",\"url\":\"https:\\\/\\\/www.norn.is\\\/pistlar\\\/vid-vildum-eitthvad-annad\\\/\",\"name\":\"Vi\u00f0 vildum eitthva\u00f0 anna\u00f0 - Pistlar Evu\",\"isPartOf\":{\"@id\":\"https:\\\/\\\/www.norn.is\\\/pistlar\\\/#website\"},\"primaryImageOfPage\":{\"@id\":\"https:\\\/\\\/www.norn.is\\\/pistlar\\\/vid-vildum-eitthvad-annad\\\/#primaryimage\"},\"image\":{\"@id\":\"https:\\\/\\\/www.norn.is\\\/pistlar\\\/vid-vildum-eitthvad-annad\\\/#primaryimage\"},\"thumbnailUrl\":\"http:\\\/\\\/www.norn.is\\\/pistlar\\\/wp-content\\\/uploads\\\/sites\\\/2\\\/2013\\\/03\\\/3583451620_3228eb54f2.jpg\",\"datePublished\":\"2013-03-27T02:35:04+00:00\",\"dateModified\":\"2018-09-18T11:20:11+00:00\",\"author\":{\"@id\":\"https:\\\/\\\/www.norn.is\\\/pistlar\\\/#\\\/schema\\\/person\\\/1a27d7aee01469adf3180f8fd9e72c46\"},\"breadcrumb\":{\"@id\":\"https:\\\/\\\/www.norn.is\\\/pistlar\\\/vid-vildum-eitthvad-annad\\\/#breadcrumb\"},\"inLanguage\":\"is\",\"potentialAction\":[{\"@type\":\"ReadAction\",\"target\":[\"https:\\\/\\\/www.norn.is\\\/pistlar\\\/vid-vildum-eitthvad-annad\\\/\"]}]},{\"@type\":\"ImageObject\",\"inLanguage\":\"is\",\"@id\":\"https:\\\/\\\/www.norn.is\\\/pistlar\\\/vid-vildum-eitthvad-annad\\\/#primaryimage\",\"url\":\"http:\\\/\\\/www.norn.is\\\/pistlar\\\/wp-content\\\/uploads\\\/sites\\\/2\\\/2013\\\/03\\\/3583451620_3228eb54f2.jpg\",\"contentUrl\":\"http:\\\/\\\/www.norn.is\\\/pistlar\\\/wp-content\\\/uploads\\\/sites\\\/2\\\/2013\\\/03\\\/3583451620_3228eb54f2.jpg\"},{\"@type\":\"BreadcrumbList\",\"@id\":\"https:\\\/\\\/www.norn.is\\\/pistlar\\\/vid-vildum-eitthvad-annad\\\/#breadcrumb\",\"itemListElement\":[{\"@type\":\"ListItem\",\"position\":1,\"name\":\"Home\",\"item\":\"https:\\\/\\\/www.norn.is\\\/pistlar\\\/\"},{\"@type\":\"ListItem\",\"position\":2,\"name\":\"Vi\u00f0 vildum eitthva\u00f0 anna\u00f0\"}]},{\"@type\":\"WebSite\",\"@id\":\"https:\\\/\\\/www.norn.is\\\/pistlar\\\/#website\",\"url\":\"https:\\\/\\\/www.norn.is\\\/pistlar\\\/\",\"name\":\"Pistlar Evu\",\"description\":\"\",\"potentialAction\":[{\"@type\":\"SearchAction\",\"target\":{\"@type\":\"EntryPoint\",\"urlTemplate\":\"https:\\\/\\\/www.norn.is\\\/pistlar\\\/?s={search_term_string}\"},\"query-input\":{\"@type\":\"PropertyValueSpecification\",\"valueRequired\":true,\"valueName\":\"search_term_string\"}}],\"inLanguage\":\"is\"},{\"@type\":\"Person\",\"@id\":\"https:\\\/\\\/www.norn.is\\\/pistlar\\\/#\\\/schema\\\/person\\\/1a27d7aee01469adf3180f8fd9e72c46\",\"name\":\"admin\",\"url\":\"https:\\\/\\\/www.norn.is\\\/pistlar\\\/author\\\/admin\\\/\"}]}<\/script>\n<!-- \/ Yoast SEO plugin. -->","yoast_head_json":{"title":"Vi\u00f0 vildum eitthva\u00f0 anna\u00f0 - Pistlar Evu","robots":{"index":"index","follow":"follow","max-snippet":"max-snippet:-1","max-image-preview":"max-image-preview:large","max-video-preview":"max-video-preview:-1"},"canonical":"https:\/\/www.norn.is\/pistlar\/vid-vildum-eitthvad-annad\/","og_locale":"is_IS","og_type":"article","og_title":"Vi\u00f0 vildum eitthva\u00f0 anna\u00f0 - Pistlar Evu","og_description":"Myndin er h\u00e9\u00f0an B\u00fas\u00e1haldabyltingin var engin bylting. H\u00fan var r\u00f6\u00f0 upp\u00feota sem hr\u00f6ktu vanh\u00e6fa r\u00edkisstj\u00f3rn fr\u00e1 v\u00f6ldum. Enginn d\u00f3 og \u00fea\u00f0 er \u00e1 m\u00f6rkunum a\u00f0 h\u00e6gt s\u00e9 a\u00f0 tala um \u00f3eir\u00f0ir en f\u00f3lk \u00f3hl\u00fd\u00f0na\u00f0ist l\u00f6greglunni og \u00fea\u00f0 var svo brj\u00e1l\u00e6\u00f0islega &hellip; Halda \u00e1fram a\u00f0 lesa &rarr;","og_url":"https:\/\/www.norn.is\/pistlar\/vid-vildum-eitthvad-annad\/","og_site_name":"Pistlar Evu","article_published_time":"2013-03-27T02:35:04+00:00","article_modified_time":"2018-09-18T11:20:11+00:00","og_image":[{"url":"http:\/\/www.norn.is\/pistlar\/wp-content\/uploads\/sites\/2\/2013\/03\/3583451620_3228eb54f2.jpg","type":"","width":"","height":""}],"author":"admin","twitter_card":"summary_large_image","twitter_misc":{"Written by":false,"Est. reading time":"7 minutes"},"schema":{"@context":"https:\/\/schema.org","@graph":[{"@type":"Article","@id":"https:\/\/www.norn.is\/pistlar\/vid-vildum-eitthvad-annad\/#article","isPartOf":{"@id":"https:\/\/www.norn.is\/pistlar\/vid-vildum-eitthvad-annad\/"},"author":{"name":"admin","@id":"https:\/\/www.norn.is\/pistlar\/#\/schema\/person\/1a27d7aee01469adf3180f8fd9e72c46"},"headline":"Vi\u00f0 vildum eitthva\u00f0 anna\u00f0","datePublished":"2013-03-27T02:35:04+00:00","dateModified":"2018-09-18T11:20:11+00:00","mainEntityOfPage":{"@id":"https:\/\/www.norn.is\/pistlar\/vid-vildum-eitthvad-annad\/"},"wordCount":1319,"image":{"@id":"https:\/\/www.norn.is\/pistlar\/vid-vildum-eitthvad-annad\/#primaryimage"},"thumbnailUrl":"http:\/\/www.norn.is\/pistlar\/wp-content\/uploads\/sites\/2\/2013\/03\/3583451620_3228eb54f2.jpg","keywords":["Al\u00feingi","B\u00fas\u00e1haldabyltingin"],"articleSection":["And\u00f3f og yfirvald","Pistlar um samf\u00e9lagsm\u00e1l"],"inLanguage":"is"},{"@type":"WebPage","@id":"https:\/\/www.norn.is\/pistlar\/vid-vildum-eitthvad-annad\/","url":"https:\/\/www.norn.is\/pistlar\/vid-vildum-eitthvad-annad\/","name":"Vi\u00f0 vildum eitthva\u00f0 anna\u00f0 - Pistlar Evu","isPartOf":{"@id":"https:\/\/www.norn.is\/pistlar\/#website"},"primaryImageOfPage":{"@id":"https:\/\/www.norn.is\/pistlar\/vid-vildum-eitthvad-annad\/#primaryimage"},"image":{"@id":"https:\/\/www.norn.is\/pistlar\/vid-vildum-eitthvad-annad\/#primaryimage"},"thumbnailUrl":"http:\/\/www.norn.is\/pistlar\/wp-content\/uploads\/sites\/2\/2013\/03\/3583451620_3228eb54f2.jpg","datePublished":"2013-03-27T02:35:04+00:00","dateModified":"2018-09-18T11:20:11+00:00","author":{"@id":"https:\/\/www.norn.is\/pistlar\/#\/schema\/person\/1a27d7aee01469adf3180f8fd9e72c46"},"breadcrumb":{"@id":"https:\/\/www.norn.is\/pistlar\/vid-vildum-eitthvad-annad\/#breadcrumb"},"inLanguage":"is","potentialAction":[{"@type":"ReadAction","target":["https:\/\/www.norn.is\/pistlar\/vid-vildum-eitthvad-annad\/"]}]},{"@type":"ImageObject","inLanguage":"is","@id":"https:\/\/www.norn.is\/pistlar\/vid-vildum-eitthvad-annad\/#primaryimage","url":"http:\/\/www.norn.is\/pistlar\/wp-content\/uploads\/sites\/2\/2013\/03\/3583451620_3228eb54f2.jpg","contentUrl":"http:\/\/www.norn.is\/pistlar\/wp-content\/uploads\/sites\/2\/2013\/03\/3583451620_3228eb54f2.jpg"},{"@type":"BreadcrumbList","@id":"https:\/\/www.norn.is\/pistlar\/vid-vildum-eitthvad-annad\/#breadcrumb","itemListElement":[{"@type":"ListItem","position":1,"name":"Home","item":"https:\/\/www.norn.is\/pistlar\/"},{"@type":"ListItem","position":2,"name":"Vi\u00f0 vildum eitthva\u00f0 anna\u00f0"}]},{"@type":"WebSite","@id":"https:\/\/www.norn.is\/pistlar\/#website","url":"https:\/\/www.norn.is\/pistlar\/","name":"Pistlar Evu","description":"","potentialAction":[{"@type":"SearchAction","target":{"@type":"EntryPoint","urlTemplate":"https:\/\/www.norn.is\/pistlar\/?s={search_term_string}"},"query-input":{"@type":"PropertyValueSpecification","valueRequired":true,"valueName":"search_term_string"}}],"inLanguage":"is"},{"@type":"Person","@id":"https:\/\/www.norn.is\/pistlar\/#\/schema\/person\/1a27d7aee01469adf3180f8fd9e72c46","name":"admin","url":"https:\/\/www.norn.is\/pistlar\/author\/admin\/"}]}},"_links":{"self":[{"href":"https:\/\/www.norn.is\/pistlar\/wp-json\/wp\/v2\/posts\/7849","targetHints":{"allow":["GET"]}}],"collection":[{"href":"https:\/\/www.norn.is\/pistlar\/wp-json\/wp\/v2\/posts"}],"about":[{"href":"https:\/\/www.norn.is\/pistlar\/wp-json\/wp\/v2\/types\/post"}],"author":[{"embeddable":true,"href":"https:\/\/www.norn.is\/pistlar\/wp-json\/wp\/v2\/users\/1"}],"replies":[{"embeddable":true,"href":"https:\/\/www.norn.is\/pistlar\/wp-json\/wp\/v2\/comments?post=7849"}],"version-history":[{"count":4,"href":"https:\/\/www.norn.is\/pistlar\/wp-json\/wp\/v2\/posts\/7849\/revisions"}],"predecessor-version":[{"id":13148,"href":"https:\/\/www.norn.is\/pistlar\/wp-json\/wp\/v2\/posts\/7849\/revisions\/13148"}],"wp:attachment":[{"href":"https:\/\/www.norn.is\/pistlar\/wp-json\/wp\/v2\/media?parent=7849"}],"wp:term":[{"taxonomy":"category","embeddable":true,"href":"https:\/\/www.norn.is\/pistlar\/wp-json\/wp\/v2\/categories?post=7849"},{"taxonomy":"post_tag","embeddable":true,"href":"https:\/\/www.norn.is\/pistlar\/wp-json\/wp\/v2\/tags?post=7849"}],"curies":[{"name":"wp","href":"https:\/\/api.w.org\/{rel}","templated":true}]}}