{"id":7701,"date":"2013-01-25T12:35:10","date_gmt":"2013-01-25T12:35:10","guid":{"rendered":"http:\/\/www.pistillinn.is\/?p=7701"},"modified":"2017-08-15T16:43:14","modified_gmt":"2017-08-15T16:43:14","slug":"af-hverju-ekki-ad-laekka-kosningaaldur","status":"publish","type":"post","link":"https:\/\/www.norn.is\/pistlar\/af-hverju-ekki-ad-laekka-kosningaaldur\/","title":{"rendered":"Af hverju ekki a\u00f0 l\u00e6kka kosningaaldur?"},"content":{"rendered":"<p><a href=\"http:\/\/jonl.blog.is\/blog\/jonl\/entry\/108485\/?t=1169725954#comments\">\u00c9g svara\u00f0i \u00feessum pistli<\/a><\/p>\n<p><a href=\"http:\/\/www.norn.is\/pistlar\/wp-content\/uploads\/sites\/2\/2013\/03\/Screenshot-from-2013-03-27-132506.png\"><img loading=\"lazy\" decoding=\"async\" class=\"alignright size-full wp-image-7702\" src=\"http:\/\/www.norn.is\/pistlar\/wp-content\/uploads\/sites\/2\/2013\/03\/Screenshot-from-2013-03-27-132506.png\" alt=\"Screenshot from 2013-03-27 13:25:06\" width=\"982\" height=\"448\" srcset=\"https:\/\/www.norn.is\/pistlar\/wp-content\/uploads\/sites\/2\/2013\/03\/Screenshot-from-2013-03-27-132506.png 982w, https:\/\/www.norn.is\/pistlar\/wp-content\/uploads\/sites\/2\/2013\/03\/Screenshot-from-2013-03-27-132506-300x136.png 300w\" sizes=\"auto, (max-width: 982px) 100vw, 982px\" \/><\/a><\/p>\n<p><!--more--><\/p>\n<p><em>Ef einstaklingur er ekki n\u00e6gjanlega \u00feroska\u00f0ur til a\u00f0 vera sj\u00e1lfr\u00e1\u00f0a, hefur hann \u00fe\u00e1 til a\u00f0 bera n\u00e6gjanlegan \u00feroska til a\u00f0 kj\u00f3sa?&#8220;<\/em><\/p>\n<p>\u00cd fyrsta lagi er margt 16 \u00e1ra f\u00f3lk fullkomlega f\u00e6rt um a\u00f0 r\u00e1\u00f0a s\u00ednum m\u00e1lum sj\u00e1lft og gerir \u00fea\u00f0 \u00ed raun, \u00ed fullri s\u00e1tt vi\u00f0 foreldra sem hafa ekki \u00e1st\u00e6\u00f0u til a\u00f0 vantreysta unglingnum s\u00ednum. L\u00f6gin voru ekki sett til a\u00f0 hindra m\u00e1lfrelsi unglinga heldur verndar \u00feeim h\u00f3pi sem er ekki ekki f\u00e6r um a\u00f0 stj\u00f3rna l\u00edfi s\u00ednu hj\u00e1lparlaust og eins til a\u00f0 auka r\u00e9ttindi ungs f\u00f3lks til verndar og framf\u00e6rslu (enda normi\u00f0 \u00ed dag a\u00f0 f\u00f3lk lj\u00faki framhaldssk\u00f3la).<\/p>\n<p>Fj\u00f6lmargir einstaklingar sem ekki hafa \u00feroska til a\u00f0 sj\u00e1 um sig sj\u00e1lfir hafa kosningar\u00e9tt n\u00fa \u00feegar. T.d. \u00feroskaheftir og gamalmenni me\u00f0 minnisgl\u00f6p. Aldurinn segir ekki allt. Eins m\u00e1 benda \u00e1 a\u00f0 f\u00f3lk er tali\u00f0 f\u00e6rt um gangast undir ath\u00f6fn sem felur \u00ed s\u00e9r formlega yfirl\u00fdsingu um l\u00edfsafst\u00f6\u00f0u \u00feess um aldir alda a\u00f0eins 14 \u00e1ra og sk\u00fdtur \u00fev\u00ed sk\u00f6kku vi\u00f0 a\u00f0 sama f\u00f3lki s\u00e9 ekki treyst til a\u00f0 segja til um hva\u00f0a stefnu \u00fea\u00f0 vilji l\u00e1ta reyna \u00e1 fyrir eitt sm\u00e1r\u00edki til a\u00f0eins fj\u00f6gurra \u00e1ra.<\/p>\n<p>\u00c9g hygg n\u00fa l\u00edka a\u00f0 ef me\u00f0alma\u00f0ur \u00e1 fertugsaldri t\u00e6ki pr\u00f3f \u00ed \u00feekkingu sinni \u00e1 \u00feeim m\u00e1lum sem kosningar sn\u00faast um, yr\u00f0i \u00fatkoman s\u00fa a\u00f0 hann v\u00e6ri gj\u00f6rsamlega vanh\u00e6fur til \u00feess a\u00f0 n\u00fdta atkv\u00e6\u00f0i\u00f0 sitt.<\/p>\n<p>\u00deeir sem st\u00edga fram og \u00f3ska eftir auknum r\u00e9ttindum fyrir minnihlutah\u00f3pa hafa oftar en ekki einhverra hagsmuna a\u00f0 g\u00e6ta. \u00dea\u00f0 gerir m\u00e1lsta\u00f0inn ekki rangan. Me\u00f0 s\u00f6mu r\u00f6kum og \u00fe\u00fa ber\u00f0 \u00e1 bor\u00f0 m\u00e6tti segja a\u00f0 \u00f6fgafullir h\u00e6grimenn vilji fyrir alla muni \u00feagga ni\u00f0ur \u00ed \u00e6sku landsins og koma \u00ed veg fyrir a\u00f0 f\u00f3lk me\u00f0 fersk sj\u00f3narmi\u00f0 f\u00e1i t\u00e6kif\u00e6ri til a\u00f0 kj\u00f3sa vegna \u00feess a\u00f0 \u00feannig l\u00e6kki hlutfall \u00feeirra sem vilja fleiri str\u00ed\u00f0, meiri st\u00f3ri\u00f0ju og st\u00e6rra bil milli r\u00edkra og f\u00e1t\u00e6kra.<\/p>\n<p>M\u00e9r \u00fe\u00e6tti gott m\u00e1l ef ungt og \u00feroska\u00f0 f\u00f3lk (\u00fea\u00f0 eru nenfilega br\u00e1\u00f0gerir, uppl\u00fdstir og hugsandi unglingar sem hafa \u00e1huga \u00e1 p\u00f3lit\u00edk en ekki \u00feeir \u00f3\u00ferosku\u00f0u) fengi t\u00e6kif\u00e6ri til a\u00f0 hafa \u00e1hrif \u00e1 stj\u00f3rnm\u00e1l. H\u00e9r er nefnilega enginn vinstri flokkur, hva\u00f0 \u00fe\u00e1 \u00f6fgafullur, heldur eing\u00f6ngu mi\u00f0jumo\u00f0arar. Vinstri gr\u00e6nir komast kannski n\u00e6st \u00fev\u00ed a\u00f0 geta talist \u00e1 vinstri v\u00e6ngnum en \u00fea\u00f0 sem \u00feeir leggja megin\u00e1herslu \u00e1 eru umhverfisstefna og and\u00fa\u00f0 \u00e1 herna\u00f0arbr\u00f6lti. Vi\u00f0 erum au\u00f0vita\u00f0 \u00ed vondum m\u00e1lum ef nokkrir \u00f3\u00feroska\u00f0ir unglingar taka undir sl\u00edkt \u00e1byrg\u00f0arleysi.<\/p>\n<p><img loading=\"lazy\" decoding=\"async\" class=\"alignright size-full wp-image-7703\" src=\"http:\/\/www.norn.is\/pistlar\/wp-content\/uploads\/sites\/2\/2013\/03\/Screenshot-from-2013-03-27-132520.png\" alt=\"Screenshot from 2013-03-27 13:25:20\" width=\"975\" height=\"529\" srcset=\"https:\/\/www.norn.is\/pistlar\/wp-content\/uploads\/sites\/2\/2013\/03\/Screenshot-from-2013-03-27-132520.png 975w, https:\/\/www.norn.is\/pistlar\/wp-content\/uploads\/sites\/2\/2013\/03\/Screenshot-from-2013-03-27-132520-300x162.png 300w\" sizes=\"auto, (max-width: 975px) 100vw, 975px\" \/><\/p>\n<p>&nbsp;<\/p>\n<p>&nbsp;<\/p>\n<p>&nbsp;<\/p>\n<p>&nbsp;<\/p>\n<p>&nbsp;<\/p>\n","protected":false},"excerpt":{"rendered":"<p>\u00c9g svara\u00f0i \u00feessum pistli<\/p>\n","protected":false},"author":1,"featured_media":0,"comment_status":"closed","ping_status":"closed","sticky":false,"template":"","format":"standard","meta":{"footnotes":"","_links_to":"","_links_to_target":""},"categories":[682,1],"tags":[925],"class_list":["post-7701","post","type-post","status-publish","format-standard","hentry","category-lydraedi","category-pistlar","tag-kosningaaldur"],"yoast_head":"<!-- This site is optimized with the Yoast SEO plugin v27.5 - https:\/\/yoast.com\/product\/yoast-seo-wordpress\/ -->\n<title>Af hverju ekki a\u00f0 l\u00e6kka kosningaaldur? - Pistlar Evu<\/title>\n<meta name=\"robots\" content=\"index, follow, max-snippet:-1, max-image-preview:large, max-video-preview:-1\" \/>\n<link rel=\"canonical\" href=\"https:\/\/www.norn.is\/pistlar\/af-hverju-ekki-ad-laekka-kosningaaldur\/\" \/>\n<meta property=\"og:locale\" content=\"is_IS\" \/>\n<meta property=\"og:type\" content=\"article\" \/>\n<meta property=\"og:title\" content=\"Af hverju ekki a\u00f0 l\u00e6kka kosningaaldur? - Pistlar Evu\" \/>\n<meta property=\"og:description\" content=\"\u00c9g svara\u00f0i \u00feessum pistli\" \/>\n<meta property=\"og:url\" content=\"https:\/\/www.norn.is\/pistlar\/af-hverju-ekki-ad-laekka-kosningaaldur\/\" \/>\n<meta property=\"og:site_name\" content=\"Pistlar Evu\" \/>\n<meta property=\"article:published_time\" content=\"2013-01-25T12:35:10+00:00\" \/>\n<meta property=\"article:modified_time\" content=\"2017-08-15T16:43:14+00:00\" \/>\n<meta property=\"og:image\" content=\"http:\/\/www.norn.is\/pistlar\/wp-content\/uploads\/sites\/2\/2013\/03\/Screenshot-from-2013-03-27-132506.png\" \/>\n<meta name=\"author\" content=\"admin\" \/>\n<meta name=\"twitter:card\" content=\"summary_large_image\" \/>\n<meta name=\"twitter:label1\" content=\"Written by\" \/>\n\t<meta name=\"twitter:data1\" content=\"\" \/>\n\t<meta name=\"twitter:label2\" content=\"Est. reading time\" \/>\n\t<meta name=\"twitter:data2\" content=\"2 minutes\" \/>\n<script type=\"application\/ld+json\" class=\"yoast-schema-graph\">{\"@context\":\"https:\\\/\\\/schema.org\",\"@graph\":[{\"@type\":\"Article\",\"@id\":\"https:\\\/\\\/www.norn.is\\\/pistlar\\\/af-hverju-ekki-ad-laekka-kosningaaldur\\\/#article\",\"isPartOf\":{\"@id\":\"https:\\\/\\\/www.norn.is\\\/pistlar\\\/af-hverju-ekki-ad-laekka-kosningaaldur\\\/\"},\"author\":{\"name\":\"admin\",\"@id\":\"https:\\\/\\\/www.norn.is\\\/pistlar\\\/#\\\/schema\\\/person\\\/1a27d7aee01469adf3180f8fd9e72c46\"},\"headline\":\"Af hverju ekki a\u00f0 l\u00e6kka kosningaaldur?\",\"datePublished\":\"2013-01-25T12:35:10+00:00\",\"dateModified\":\"2017-08-15T16:43:14+00:00\",\"mainEntityOfPage\":{\"@id\":\"https:\\\/\\\/www.norn.is\\\/pistlar\\\/af-hverju-ekki-ad-laekka-kosningaaldur\\\/\"},\"wordCount\":493,\"image\":{\"@id\":\"https:\\\/\\\/www.norn.is\\\/pistlar\\\/af-hverju-ekki-ad-laekka-kosningaaldur\\\/#primaryimage\"},\"thumbnailUrl\":\"http:\\\/\\\/www.norn.is\\\/pistlar\\\/wp-content\\\/uploads\\\/sites\\\/2\\\/2013\\\/03\\\/Screenshot-from-2013-03-27-132506.png\",\"keywords\":[\"Kosningaaldur\"],\"articleSection\":[\"L\u00fd\u00f0r\u00e6\u00f0i og stj\u00f3rns\u00fdsla\",\"Pistlar um samf\u00e9lagsm\u00e1l\"],\"inLanguage\":\"is\"},{\"@type\":\"WebPage\",\"@id\":\"https:\\\/\\\/www.norn.is\\\/pistlar\\\/af-hverju-ekki-ad-laekka-kosningaaldur\\\/\",\"url\":\"https:\\\/\\\/www.norn.is\\\/pistlar\\\/af-hverju-ekki-ad-laekka-kosningaaldur\\\/\",\"name\":\"Af hverju ekki a\u00f0 l\u00e6kka kosningaaldur? - Pistlar Evu\",\"isPartOf\":{\"@id\":\"https:\\\/\\\/www.norn.is\\\/pistlar\\\/#website\"},\"primaryImageOfPage\":{\"@id\":\"https:\\\/\\\/www.norn.is\\\/pistlar\\\/af-hverju-ekki-ad-laekka-kosningaaldur\\\/#primaryimage\"},\"image\":{\"@id\":\"https:\\\/\\\/www.norn.is\\\/pistlar\\\/af-hverju-ekki-ad-laekka-kosningaaldur\\\/#primaryimage\"},\"thumbnailUrl\":\"http:\\\/\\\/www.norn.is\\\/pistlar\\\/wp-content\\\/uploads\\\/sites\\\/2\\\/2013\\\/03\\\/Screenshot-from-2013-03-27-132506.png\",\"datePublished\":\"2013-01-25T12:35:10+00:00\",\"dateModified\":\"2017-08-15T16:43:14+00:00\",\"author\":{\"@id\":\"https:\\\/\\\/www.norn.is\\\/pistlar\\\/#\\\/schema\\\/person\\\/1a27d7aee01469adf3180f8fd9e72c46\"},\"breadcrumb\":{\"@id\":\"https:\\\/\\\/www.norn.is\\\/pistlar\\\/af-hverju-ekki-ad-laekka-kosningaaldur\\\/#breadcrumb\"},\"inLanguage\":\"is\",\"potentialAction\":[{\"@type\":\"ReadAction\",\"target\":[\"https:\\\/\\\/www.norn.is\\\/pistlar\\\/af-hverju-ekki-ad-laekka-kosningaaldur\\\/\"]}]},{\"@type\":\"ImageObject\",\"inLanguage\":\"is\",\"@id\":\"https:\\\/\\\/www.norn.is\\\/pistlar\\\/af-hverju-ekki-ad-laekka-kosningaaldur\\\/#primaryimage\",\"url\":\"https:\\\/\\\/www.norn.is\\\/pistlar\\\/wp-content\\\/uploads\\\/sites\\\/2\\\/2013\\\/03\\\/Screenshot-from-2013-03-27-132506.png\",\"contentUrl\":\"https:\\\/\\\/www.norn.is\\\/pistlar\\\/wp-content\\\/uploads\\\/sites\\\/2\\\/2013\\\/03\\\/Screenshot-from-2013-03-27-132506.png\",\"width\":982,\"height\":448},{\"@type\":\"BreadcrumbList\",\"@id\":\"https:\\\/\\\/www.norn.is\\\/pistlar\\\/af-hverju-ekki-ad-laekka-kosningaaldur\\\/#breadcrumb\",\"itemListElement\":[{\"@type\":\"ListItem\",\"position\":1,\"name\":\"Home\",\"item\":\"https:\\\/\\\/www.norn.is\\\/pistlar\\\/\"},{\"@type\":\"ListItem\",\"position\":2,\"name\":\"Af hverju ekki a\u00f0 l\u00e6kka kosningaaldur?\"}]},{\"@type\":\"WebSite\",\"@id\":\"https:\\\/\\\/www.norn.is\\\/pistlar\\\/#website\",\"url\":\"https:\\\/\\\/www.norn.is\\\/pistlar\\\/\",\"name\":\"Pistlar Evu\",\"description\":\"\",\"potentialAction\":[{\"@type\":\"SearchAction\",\"target\":{\"@type\":\"EntryPoint\",\"urlTemplate\":\"https:\\\/\\\/www.norn.is\\\/pistlar\\\/?s={search_term_string}\"},\"query-input\":{\"@type\":\"PropertyValueSpecification\",\"valueRequired\":true,\"valueName\":\"search_term_string\"}}],\"inLanguage\":\"is\"},{\"@type\":\"Person\",\"@id\":\"https:\\\/\\\/www.norn.is\\\/pistlar\\\/#\\\/schema\\\/person\\\/1a27d7aee01469adf3180f8fd9e72c46\",\"name\":\"admin\",\"url\":\"https:\\\/\\\/www.norn.is\\\/pistlar\\\/author\\\/admin\\\/\"}]}<\/script>\n<!-- \/ Yoast SEO plugin. -->","yoast_head_json":{"title":"Af hverju ekki a\u00f0 l\u00e6kka kosningaaldur? - Pistlar Evu","robots":{"index":"index","follow":"follow","max-snippet":"max-snippet:-1","max-image-preview":"max-image-preview:large","max-video-preview":"max-video-preview:-1"},"canonical":"https:\/\/www.norn.is\/pistlar\/af-hverju-ekki-ad-laekka-kosningaaldur\/","og_locale":"is_IS","og_type":"article","og_title":"Af hverju ekki a\u00f0 l\u00e6kka kosningaaldur? - Pistlar Evu","og_description":"\u00c9g svara\u00f0i \u00feessum pistli","og_url":"https:\/\/www.norn.is\/pistlar\/af-hverju-ekki-ad-laekka-kosningaaldur\/","og_site_name":"Pistlar Evu","article_published_time":"2013-01-25T12:35:10+00:00","article_modified_time":"2017-08-15T16:43:14+00:00","og_image":[{"url":"http:\/\/www.norn.is\/pistlar\/wp-content\/uploads\/sites\/2\/2013\/03\/Screenshot-from-2013-03-27-132506.png","type":"","width":"","height":""}],"author":"admin","twitter_card":"summary_large_image","twitter_misc":{"Written by":false,"Est. reading time":"2 minutes"},"schema":{"@context":"https:\/\/schema.org","@graph":[{"@type":"Article","@id":"https:\/\/www.norn.is\/pistlar\/af-hverju-ekki-ad-laekka-kosningaaldur\/#article","isPartOf":{"@id":"https:\/\/www.norn.is\/pistlar\/af-hverju-ekki-ad-laekka-kosningaaldur\/"},"author":{"name":"admin","@id":"https:\/\/www.norn.is\/pistlar\/#\/schema\/person\/1a27d7aee01469adf3180f8fd9e72c46"},"headline":"Af hverju ekki a\u00f0 l\u00e6kka kosningaaldur?","datePublished":"2013-01-25T12:35:10+00:00","dateModified":"2017-08-15T16:43:14+00:00","mainEntityOfPage":{"@id":"https:\/\/www.norn.is\/pistlar\/af-hverju-ekki-ad-laekka-kosningaaldur\/"},"wordCount":493,"image":{"@id":"https:\/\/www.norn.is\/pistlar\/af-hverju-ekki-ad-laekka-kosningaaldur\/#primaryimage"},"thumbnailUrl":"http:\/\/www.norn.is\/pistlar\/wp-content\/uploads\/sites\/2\/2013\/03\/Screenshot-from-2013-03-27-132506.png","keywords":["Kosningaaldur"],"articleSection":["L\u00fd\u00f0r\u00e6\u00f0i og stj\u00f3rns\u00fdsla","Pistlar um samf\u00e9lagsm\u00e1l"],"inLanguage":"is"},{"@type":"WebPage","@id":"https:\/\/www.norn.is\/pistlar\/af-hverju-ekki-ad-laekka-kosningaaldur\/","url":"https:\/\/www.norn.is\/pistlar\/af-hverju-ekki-ad-laekka-kosningaaldur\/","name":"Af hverju ekki a\u00f0 l\u00e6kka kosningaaldur? - Pistlar Evu","isPartOf":{"@id":"https:\/\/www.norn.is\/pistlar\/#website"},"primaryImageOfPage":{"@id":"https:\/\/www.norn.is\/pistlar\/af-hverju-ekki-ad-laekka-kosningaaldur\/#primaryimage"},"image":{"@id":"https:\/\/www.norn.is\/pistlar\/af-hverju-ekki-ad-laekka-kosningaaldur\/#primaryimage"},"thumbnailUrl":"http:\/\/www.norn.is\/pistlar\/wp-content\/uploads\/sites\/2\/2013\/03\/Screenshot-from-2013-03-27-132506.png","datePublished":"2013-01-25T12:35:10+00:00","dateModified":"2017-08-15T16:43:14+00:00","author":{"@id":"https:\/\/www.norn.is\/pistlar\/#\/schema\/person\/1a27d7aee01469adf3180f8fd9e72c46"},"breadcrumb":{"@id":"https:\/\/www.norn.is\/pistlar\/af-hverju-ekki-ad-laekka-kosningaaldur\/#breadcrumb"},"inLanguage":"is","potentialAction":[{"@type":"ReadAction","target":["https:\/\/www.norn.is\/pistlar\/af-hverju-ekki-ad-laekka-kosningaaldur\/"]}]},{"@type":"ImageObject","inLanguage":"is","@id":"https:\/\/www.norn.is\/pistlar\/af-hverju-ekki-ad-laekka-kosningaaldur\/#primaryimage","url":"https:\/\/www.norn.is\/pistlar\/wp-content\/uploads\/sites\/2\/2013\/03\/Screenshot-from-2013-03-27-132506.png","contentUrl":"https:\/\/www.norn.is\/pistlar\/wp-content\/uploads\/sites\/2\/2013\/03\/Screenshot-from-2013-03-27-132506.png","width":982,"height":448},{"@type":"BreadcrumbList","@id":"https:\/\/www.norn.is\/pistlar\/af-hverju-ekki-ad-laekka-kosningaaldur\/#breadcrumb","itemListElement":[{"@type":"ListItem","position":1,"name":"Home","item":"https:\/\/www.norn.is\/pistlar\/"},{"@type":"ListItem","position":2,"name":"Af hverju ekki a\u00f0 l\u00e6kka kosningaaldur?"}]},{"@type":"WebSite","@id":"https:\/\/www.norn.is\/pistlar\/#website","url":"https:\/\/www.norn.is\/pistlar\/","name":"Pistlar Evu","description":"","potentialAction":[{"@type":"SearchAction","target":{"@type":"EntryPoint","urlTemplate":"https:\/\/www.norn.is\/pistlar\/?s={search_term_string}"},"query-input":{"@type":"PropertyValueSpecification","valueRequired":true,"valueName":"search_term_string"}}],"inLanguage":"is"},{"@type":"Person","@id":"https:\/\/www.norn.is\/pistlar\/#\/schema\/person\/1a27d7aee01469adf3180f8fd9e72c46","name":"admin","url":"https:\/\/www.norn.is\/pistlar\/author\/admin\/"}]}},"_links":{"self":[{"href":"https:\/\/www.norn.is\/pistlar\/wp-json\/wp\/v2\/posts\/7701","targetHints":{"allow":["GET"]}}],"collection":[{"href":"https:\/\/www.norn.is\/pistlar\/wp-json\/wp\/v2\/posts"}],"about":[{"href":"https:\/\/www.norn.is\/pistlar\/wp-json\/wp\/v2\/types\/post"}],"author":[{"embeddable":true,"href":"https:\/\/www.norn.is\/pistlar\/wp-json\/wp\/v2\/users\/1"}],"replies":[{"embeddable":true,"href":"https:\/\/www.norn.is\/pistlar\/wp-json\/wp\/v2\/comments?post=7701"}],"version-history":[{"count":5,"href":"https:\/\/www.norn.is\/pistlar\/wp-json\/wp\/v2\/posts\/7701\/revisions"}],"predecessor-version":[{"id":13196,"href":"https:\/\/www.norn.is\/pistlar\/wp-json\/wp\/v2\/posts\/7701\/revisions\/13196"}],"wp:attachment":[{"href":"https:\/\/www.norn.is\/pistlar\/wp-json\/wp\/v2\/media?parent=7701"}],"wp:term":[{"taxonomy":"category","embeddable":true,"href":"https:\/\/www.norn.is\/pistlar\/wp-json\/wp\/v2\/categories?post=7701"},{"taxonomy":"post_tag","embeddable":true,"href":"https:\/\/www.norn.is\/pistlar\/wp-json\/wp\/v2\/tags?post=7701"}],"curies":[{"name":"wp","href":"https:\/\/api.w.org\/{rel}","templated":true}]}}