{"id":7404,"date":"2013-03-18T10:55:57","date_gmt":"2013-03-18T10:55:57","guid":{"rendered":"http:\/\/www.pistillinn.is\/?p=7404"},"modified":"2017-08-15T14:49:00","modified_gmt":"2017-08-15T14:49:00","slug":"ekki-personukjor-en-samt-personuleg-thingmennska","status":"publish","type":"post","link":"https:\/\/www.norn.is\/pistlar\/ekki-personukjor-en-samt-personuleg-thingmennska\/","title":{"rendered":"Ekki pers\u00f3nukj\u00f6r en samt pers\u00f3nuleg \u00feingmennska"},"content":{"rendered":"<p>\u00deegar Borgarahreyfingin \u00e1kva\u00f0 a\u00f0 fara \u00ed frambo\u00f0 var \u00e9g mj\u00f6g svekkt. M\u00e9r fannst gj\u00f6rsamlega fr\u00e1leit hugmynd a\u00f0 \u00e6tla a\u00f0 breyta kerfinu innan fr\u00e1 og leysa svo flokkinn upp og \u00fea\u00f0 var m\u00e9r beinl\u00ednis \u00e1fall a\u00f0 missa jafn \u00f6flugan a\u00f0ger\u00f0asinna og Birgittu J\u00f3nsd\u00f3ttur inn \u00e1 \u00feing.<!--more--><\/p>\n<div>\n<p>Raunin er hinsvegar s\u00fa a\u00f0 \u00feingmenn Hreyfingarinnar hafa n\u00fdtt t\u00edma sinn \u00e1 \u00feingi vel og Birgitta hefur sannarlega stunda\u00f0 akt\u00edvisma; ekki bara \u00fer\u00e1tt fyrir a\u00f0 vera \u00feingma\u00f0ur heldur hefur h\u00fan nota\u00f0 \u00fe\u00e1 st\u00f6\u00f0u s\u00edna til \u00feess a\u00f0 vekja athygli \u00e1 m\u00e1lum sem hafa a\u00f0 mestu veri\u00f0 \u00ed h\u00f6ndum a\u00f0ger\u00f0asinna. N\u00fa st\u00edgur h\u00fan, \u00e1samt \u00f6\u00f0ru g\u00f3\u00f0u f\u00f3lki, mikilv\u00e6gt skref \u00ed \u00fe\u00e1 \u00e1tt a\u00f0 gera ferli\u00f0 vi\u00f0 \u00e1kvar\u00f0anat\u00f6ku mun l\u00fd\u00f0r\u00e6\u00f0islegra en gerist hj\u00e1 hef\u00f0bundnum stj\u00f3rnm\u00e1laflokkum.<\/p>\n<p>\u1e3eig langar a\u00f0 hafa Birgittu \u00e1 \u00feingi \u00e1fram og mig langar \u00f3skaplega a\u00f0 l\u00e1ta reyna \u00e1 hugmyndir P\u00edrata um stefnum\u00f6rkun. Vandam\u00e1li\u00f0 er bara a\u00f0 mig langar l\u00edka a\u00f0 hafa Margr\u00e9ti Tryggvad\u00f3ttur \u00e1fram \u00e1 \u00feingi (og l\u00edst reyndar afskaplega vel \u00e1 fleira f\u00f3lk \u00ed D\u00f6gun) en vegna \u00feessa \u00f6murlega listafyrirkomulags get \u00e9g ekki n\u00fdtt atkv\u00e6\u00f0isr\u00e9tt minn til \u00feess a\u00f0 sty\u00f0ja \u00fe\u00e6r b\u00e1\u00f0ar. \u00deetta v\u00e6ri au\u00f0vita\u00f0 ekkert vandam\u00e1l ef pers\u00f3nukj\u00f6r v\u00e6ri \u00ed bo\u00f0i.<\/p>\n<p>Borgarahreyfingin afhj\u00fapa\u00f0i alveg \u00f3vart f\u00e1r\u00e1nleikann vi\u00f0 listafyrirkomulagi\u00f0. Hugmyndin me\u00f0 Borgarahreyfingunni var s\u00fa a\u00f0 leysa sj\u00e1lfa sig upp \u00feegar h\u00fan hef\u00f0i n\u00e1\u00f0 markmi\u00f0um s\u00ednum en h\u00fan rakna\u00f0i n\u00fa bara upp \u00e1\u00f0ur en stroffi\u00f0 var fullprj\u00f3na\u00f0. Samt s\u00e1tu fulltr\u00faar hennar \u00e1 \u00feingi allt kj\u00f6rt\u00edmabili\u00f0.<\/p>\n<p>\u00dea\u00f0 er eitthva\u00f0 f\u00e1r\u00e1nlegt vi\u00f0 \u00fea\u00f0 a\u00f0 \u00fer\u00e1tt fyrir a\u00f0 f\u00f3lk geti gengi\u00f0 \u00far stj\u00f3rnm\u00e1laflokki daginn eftir a\u00f0 \u00fea\u00f0 er kosi\u00f0 \u00e1 \u00feing sem fulltr\u00fai hans og seti\u00f0 \u00e1 \u00feingi \u00ed eigin nafni \u00ed allt a\u00f0 fj\u00f6gur \u00e1r, \u00fe\u00e1 s\u00e9 samt ekki h\u00e6gt a\u00f0 kj\u00f3sa \u00fea\u00f0 \u00e1 \u00feing sem fulltr\u00faa sinna eigin sko\u00f0ana. Pers\u00f3nukj\u00f6r er ekki \u00ed bo\u00f0i enda \u00fe\u00f3tt \u00feingmennska s\u00e9 auglj\u00f3slega pers\u00f3nuleg. Hversvegna er \u00feessi vitleysa ekki afl\u00f6g\u00f0?<\/p>\n<p>&nbsp;<\/p>\n<\/div>\n","protected":false},"excerpt":{"rendered":"<p>\u00deegar Borgarahreyfingin \u00e1kva\u00f0 a\u00f0 fara \u00ed frambo\u00f0 var \u00e9g mj\u00f6g svekkt. M\u00e9r fannst gj\u00f6rsamlega fr\u00e1leit hugmynd a\u00f0 \u00e6tla a\u00f0 breyta kerfinu innan fr\u00e1 og leysa svo flokkinn upp og \u00fea\u00f0 var m\u00e9r beinl\u00ednis \u00e1fall a\u00f0 missa jafn \u00f6flugan a\u00f0ger\u00f0asinna og &hellip; <a href=\"https:\/\/www.norn.is\/pistlar\/ekki-personukjor-en-samt-personuleg-thingmennska\/\">Halda \u00e1fram a\u00f0 lesa <span class=\"meta-nav\">&rarr;<\/span><\/a><\/p>\n","protected":false},"author":1,"featured_media":0,"comment_status":"closed","ping_status":"closed","sticky":false,"template":"","format":"standard","meta":{"footnotes":"","_links_to":"","_links_to_target":""},"categories":[682,1],"tags":[72],"class_list":["post-7404","post","type-post","status-publish","format-standard","hentry","category-lydraedi","category-pistlar","tag-kosningar"],"yoast_head":"<!-- This site is optimized with the Yoast SEO plugin v27.5 - https:\/\/yoast.com\/product\/yoast-seo-wordpress\/ -->\n<title>Ekki pers\u00f3nukj\u00f6r en samt pers\u00f3nuleg \u00feingmennska - Pistlar Evu<\/title>\n<meta name=\"robots\" content=\"index, follow, max-snippet:-1, max-image-preview:large, max-video-preview:-1\" \/>\n<link rel=\"canonical\" href=\"https:\/\/www.norn.is\/pistlar\/ekki-personukjor-en-samt-personuleg-thingmennska\/\" \/>\n<meta property=\"og:locale\" content=\"is_IS\" \/>\n<meta property=\"og:type\" content=\"article\" \/>\n<meta property=\"og:title\" content=\"Ekki pers\u00f3nukj\u00f6r en samt pers\u00f3nuleg \u00feingmennska - Pistlar Evu\" \/>\n<meta property=\"og:description\" content=\"\u00deegar Borgarahreyfingin \u00e1kva\u00f0 a\u00f0 fara \u00ed frambo\u00f0 var \u00e9g mj\u00f6g svekkt. M\u00e9r fannst gj\u00f6rsamlega fr\u00e1leit hugmynd a\u00f0 \u00e6tla a\u00f0 breyta kerfinu innan fr\u00e1 og leysa svo flokkinn upp og \u00fea\u00f0 var m\u00e9r beinl\u00ednis \u00e1fall a\u00f0 missa jafn \u00f6flugan a\u00f0ger\u00f0asinna og &hellip; Halda \u00e1fram a\u00f0 lesa &rarr;\" \/>\n<meta property=\"og:url\" content=\"https:\/\/www.norn.is\/pistlar\/ekki-personukjor-en-samt-personuleg-thingmennska\/\" \/>\n<meta property=\"og:site_name\" content=\"Pistlar Evu\" \/>\n<meta property=\"article:published_time\" content=\"2013-03-18T10:55:57+00:00\" \/>\n<meta property=\"article:modified_time\" content=\"2017-08-15T14:49:00+00:00\" \/>\n<meta name=\"author\" content=\"admin\" \/>\n<meta name=\"twitter:card\" content=\"summary_large_image\" \/>\n<meta name=\"twitter:label1\" content=\"Written by\" \/>\n\t<meta name=\"twitter:data1\" content=\"\" \/>\n\t<meta name=\"twitter:label2\" content=\"Est. reading time\" \/>\n\t<meta name=\"twitter:data2\" content=\"2 minutes\" \/>\n<script type=\"application\/ld+json\" class=\"yoast-schema-graph\">{\"@context\":\"https:\\\/\\\/schema.org\",\"@graph\":[{\"@type\":\"Article\",\"@id\":\"https:\\\/\\\/www.norn.is\\\/pistlar\\\/ekki-personukjor-en-samt-personuleg-thingmennska\\\/#article\",\"isPartOf\":{\"@id\":\"https:\\\/\\\/www.norn.is\\\/pistlar\\\/ekki-personukjor-en-samt-personuleg-thingmennska\\\/\"},\"author\":{\"name\":\"admin\",\"@id\":\"https:\\\/\\\/www.norn.is\\\/pistlar\\\/#\\\/schema\\\/person\\\/1a27d7aee01469adf3180f8fd9e72c46\"},\"headline\":\"Ekki pers\u00f3nukj\u00f6r en samt pers\u00f3nuleg \u00feingmennska\",\"datePublished\":\"2013-03-18T10:55:57+00:00\",\"dateModified\":\"2017-08-15T14:49:00+00:00\",\"mainEntityOfPage\":{\"@id\":\"https:\\\/\\\/www.norn.is\\\/pistlar\\\/ekki-personukjor-en-samt-personuleg-thingmennska\\\/\"},\"wordCount\":379,\"keywords\":[\"Kosningar\"],\"articleSection\":[\"L\u00fd\u00f0r\u00e6\u00f0i og stj\u00f3rns\u00fdsla\",\"Pistlar um samf\u00e9lagsm\u00e1l\"],\"inLanguage\":\"is\"},{\"@type\":\"WebPage\",\"@id\":\"https:\\\/\\\/www.norn.is\\\/pistlar\\\/ekki-personukjor-en-samt-personuleg-thingmennska\\\/\",\"url\":\"https:\\\/\\\/www.norn.is\\\/pistlar\\\/ekki-personukjor-en-samt-personuleg-thingmennska\\\/\",\"name\":\"Ekki pers\u00f3nukj\u00f6r en samt pers\u00f3nuleg \u00feingmennska - Pistlar Evu\",\"isPartOf\":{\"@id\":\"https:\\\/\\\/www.norn.is\\\/pistlar\\\/#website\"},\"datePublished\":\"2013-03-18T10:55:57+00:00\",\"dateModified\":\"2017-08-15T14:49:00+00:00\",\"author\":{\"@id\":\"https:\\\/\\\/www.norn.is\\\/pistlar\\\/#\\\/schema\\\/person\\\/1a27d7aee01469adf3180f8fd9e72c46\"},\"breadcrumb\":{\"@id\":\"https:\\\/\\\/www.norn.is\\\/pistlar\\\/ekki-personukjor-en-samt-personuleg-thingmennska\\\/#breadcrumb\"},\"inLanguage\":\"is\",\"potentialAction\":[{\"@type\":\"ReadAction\",\"target\":[\"https:\\\/\\\/www.norn.is\\\/pistlar\\\/ekki-personukjor-en-samt-personuleg-thingmennska\\\/\"]}]},{\"@type\":\"BreadcrumbList\",\"@id\":\"https:\\\/\\\/www.norn.is\\\/pistlar\\\/ekki-personukjor-en-samt-personuleg-thingmennska\\\/#breadcrumb\",\"itemListElement\":[{\"@type\":\"ListItem\",\"position\":1,\"name\":\"Home\",\"item\":\"https:\\\/\\\/www.norn.is\\\/pistlar\\\/\"},{\"@type\":\"ListItem\",\"position\":2,\"name\":\"Ekki pers\u00f3nukj\u00f6r en samt pers\u00f3nuleg \u00feingmennska\"}]},{\"@type\":\"WebSite\",\"@id\":\"https:\\\/\\\/www.norn.is\\\/pistlar\\\/#website\",\"url\":\"https:\\\/\\\/www.norn.is\\\/pistlar\\\/\",\"name\":\"Pistlar Evu\",\"description\":\"\",\"potentialAction\":[{\"@type\":\"SearchAction\",\"target\":{\"@type\":\"EntryPoint\",\"urlTemplate\":\"https:\\\/\\\/www.norn.is\\\/pistlar\\\/?s={search_term_string}\"},\"query-input\":{\"@type\":\"PropertyValueSpecification\",\"valueRequired\":true,\"valueName\":\"search_term_string\"}}],\"inLanguage\":\"is\"},{\"@type\":\"Person\",\"@id\":\"https:\\\/\\\/www.norn.is\\\/pistlar\\\/#\\\/schema\\\/person\\\/1a27d7aee01469adf3180f8fd9e72c46\",\"name\":\"admin\",\"url\":\"https:\\\/\\\/www.norn.is\\\/pistlar\\\/author\\\/admin\\\/\"}]}<\/script>\n<!-- \/ Yoast SEO plugin. -->","yoast_head_json":{"title":"Ekki pers\u00f3nukj\u00f6r en samt pers\u00f3nuleg \u00feingmennska - Pistlar Evu","robots":{"index":"index","follow":"follow","max-snippet":"max-snippet:-1","max-image-preview":"max-image-preview:large","max-video-preview":"max-video-preview:-1"},"canonical":"https:\/\/www.norn.is\/pistlar\/ekki-personukjor-en-samt-personuleg-thingmennska\/","og_locale":"is_IS","og_type":"article","og_title":"Ekki pers\u00f3nukj\u00f6r en samt pers\u00f3nuleg \u00feingmennska - Pistlar Evu","og_description":"\u00deegar Borgarahreyfingin \u00e1kva\u00f0 a\u00f0 fara \u00ed frambo\u00f0 var \u00e9g mj\u00f6g svekkt. M\u00e9r fannst gj\u00f6rsamlega fr\u00e1leit hugmynd a\u00f0 \u00e6tla a\u00f0 breyta kerfinu innan fr\u00e1 og leysa svo flokkinn upp og \u00fea\u00f0 var m\u00e9r beinl\u00ednis \u00e1fall a\u00f0 missa jafn \u00f6flugan a\u00f0ger\u00f0asinna og &hellip; Halda \u00e1fram a\u00f0 lesa &rarr;","og_url":"https:\/\/www.norn.is\/pistlar\/ekki-personukjor-en-samt-personuleg-thingmennska\/","og_site_name":"Pistlar Evu","article_published_time":"2013-03-18T10:55:57+00:00","article_modified_time":"2017-08-15T14:49:00+00:00","author":"admin","twitter_card":"summary_large_image","twitter_misc":{"Written by":false,"Est. reading time":"2 minutes"},"schema":{"@context":"https:\/\/schema.org","@graph":[{"@type":"Article","@id":"https:\/\/www.norn.is\/pistlar\/ekki-personukjor-en-samt-personuleg-thingmennska\/#article","isPartOf":{"@id":"https:\/\/www.norn.is\/pistlar\/ekki-personukjor-en-samt-personuleg-thingmennska\/"},"author":{"name":"admin","@id":"https:\/\/www.norn.is\/pistlar\/#\/schema\/person\/1a27d7aee01469adf3180f8fd9e72c46"},"headline":"Ekki pers\u00f3nukj\u00f6r en samt pers\u00f3nuleg \u00feingmennska","datePublished":"2013-03-18T10:55:57+00:00","dateModified":"2017-08-15T14:49:00+00:00","mainEntityOfPage":{"@id":"https:\/\/www.norn.is\/pistlar\/ekki-personukjor-en-samt-personuleg-thingmennska\/"},"wordCount":379,"keywords":["Kosningar"],"articleSection":["L\u00fd\u00f0r\u00e6\u00f0i og stj\u00f3rns\u00fdsla","Pistlar um samf\u00e9lagsm\u00e1l"],"inLanguage":"is"},{"@type":"WebPage","@id":"https:\/\/www.norn.is\/pistlar\/ekki-personukjor-en-samt-personuleg-thingmennska\/","url":"https:\/\/www.norn.is\/pistlar\/ekki-personukjor-en-samt-personuleg-thingmennska\/","name":"Ekki pers\u00f3nukj\u00f6r en samt pers\u00f3nuleg \u00feingmennska - Pistlar Evu","isPartOf":{"@id":"https:\/\/www.norn.is\/pistlar\/#website"},"datePublished":"2013-03-18T10:55:57+00:00","dateModified":"2017-08-15T14:49:00+00:00","author":{"@id":"https:\/\/www.norn.is\/pistlar\/#\/schema\/person\/1a27d7aee01469adf3180f8fd9e72c46"},"breadcrumb":{"@id":"https:\/\/www.norn.is\/pistlar\/ekki-personukjor-en-samt-personuleg-thingmennska\/#breadcrumb"},"inLanguage":"is","potentialAction":[{"@type":"ReadAction","target":["https:\/\/www.norn.is\/pistlar\/ekki-personukjor-en-samt-personuleg-thingmennska\/"]}]},{"@type":"BreadcrumbList","@id":"https:\/\/www.norn.is\/pistlar\/ekki-personukjor-en-samt-personuleg-thingmennska\/#breadcrumb","itemListElement":[{"@type":"ListItem","position":1,"name":"Home","item":"https:\/\/www.norn.is\/pistlar\/"},{"@type":"ListItem","position":2,"name":"Ekki pers\u00f3nukj\u00f6r en samt pers\u00f3nuleg \u00feingmennska"}]},{"@type":"WebSite","@id":"https:\/\/www.norn.is\/pistlar\/#website","url":"https:\/\/www.norn.is\/pistlar\/","name":"Pistlar Evu","description":"","potentialAction":[{"@type":"SearchAction","target":{"@type":"EntryPoint","urlTemplate":"https:\/\/www.norn.is\/pistlar\/?s={search_term_string}"},"query-input":{"@type":"PropertyValueSpecification","valueRequired":true,"valueName":"search_term_string"}}],"inLanguage":"is"},{"@type":"Person","@id":"https:\/\/www.norn.is\/pistlar\/#\/schema\/person\/1a27d7aee01469adf3180f8fd9e72c46","name":"admin","url":"https:\/\/www.norn.is\/pistlar\/author\/admin\/"}]}},"_links":{"self":[{"href":"https:\/\/www.norn.is\/pistlar\/wp-json\/wp\/v2\/posts\/7404","targetHints":{"allow":["GET"]}}],"collection":[{"href":"https:\/\/www.norn.is\/pistlar\/wp-json\/wp\/v2\/posts"}],"about":[{"href":"https:\/\/www.norn.is\/pistlar\/wp-json\/wp\/v2\/types\/post"}],"author":[{"embeddable":true,"href":"https:\/\/www.norn.is\/pistlar\/wp-json\/wp\/v2\/users\/1"}],"replies":[{"embeddable":true,"href":"https:\/\/www.norn.is\/pistlar\/wp-json\/wp\/v2\/comments?post=7404"}],"version-history":[{"count":2,"href":"https:\/\/www.norn.is\/pistlar\/wp-json\/wp\/v2\/posts\/7404\/revisions"}],"predecessor-version":[{"id":11319,"href":"https:\/\/www.norn.is\/pistlar\/wp-json\/wp\/v2\/posts\/7404\/revisions\/11319"}],"wp:attachment":[{"href":"https:\/\/www.norn.is\/pistlar\/wp-json\/wp\/v2\/media?parent=7404"}],"wp:term":[{"taxonomy":"category","embeddable":true,"href":"https:\/\/www.norn.is\/pistlar\/wp-json\/wp\/v2\/categories?post=7404"},{"taxonomy":"post_tag","embeddable":true,"href":"https:\/\/www.norn.is\/pistlar\/wp-json\/wp\/v2\/tags?post=7404"}],"curies":[{"name":"wp","href":"https:\/\/api.w.org\/{rel}","templated":true}]}}