{"id":6999,"date":"2007-11-14T13:06:07","date_gmt":"2007-11-14T13:06:07","guid":{"rendered":"http:\/\/www.pistillinn.is\/?p=6999"},"modified":"2017-09-08T14:48:16","modified_gmt":"2017-09-08T14:48:16","slug":"vid-eigum-rett-a-ad-vita-thad-lika","status":"publish","type":"post","link":"https:\/\/www.norn.is\/pistlar\/vid-eigum-rett-a-ad-vita-thad-lika\/","title":{"rendered":"Vi\u00f0 eigum r\u00e9tt \u00e1 a\u00f0 vita \u00fea\u00f0 l\u00edka"},"content":{"rendered":"<p>Um daginn st\u00f3\u00f0 \u00datvarp Saga fyrir sko\u00f0anak\u00f6nnun \u00e1 \u00fev\u00ed hvort fj\u00f6lmi\u00f0lar \u00e6ttu a\u00f0 gefa upp \u00fej\u00f3\u00f0erni meintra afbrotamanna og \u00fej\u00f3\u00f0ars\u00e1lin \u00e1l\u00edtur v\u00edst a\u00f0 \u00fea\u00f0 s\u00e9 r\u00e9tt, gott og nau\u00f0synlegt. Ekki er lj\u00f3st hva\u00f0a tilgangi \u00fea\u00f0 \u00e1 a\u00f0 \u00fej\u00f3na, nema \u00fe\u00e1 helst \u00feeim a\u00f0 au\u00f0velda okkur a\u00f0 meta l\u00edkurnar \u00e1 gl\u00e6pahneig\u00f0 \u00fat fr\u00e1 \u00fej\u00f3\u00f0erni. Ef kemur t.d. \u00ed lj\u00f3s a\u00f0 20 P\u00f3lverjar hafa veri\u00f0 saka\u00f0ir um l\u00edkams\u00e1r\u00e1sir, \u00fe\u00e1 hl\u00fdtur \u00fea\u00f0 a\u00f0 segja eitthva\u00f0 um e\u00f0li og innr\u00e6ti P\u00f3lverja almennt og full \u00e1st\u00e6\u00f0a til a\u00f0 kenna b\u00f6rnum okkar a\u00f0 varhugavert s\u00e9 a\u00f0 umgangast sl\u00edkan \u00f3\u00fej\u00f3\u00f0al\u00fd\u00f0 og a\u00f0ra negra. <!--more-->\u00c9g er svona a\u00f0 velta \u00fev\u00ed fyrir m\u00e9r hvort s\u00e9 \u00fe\u00e1 ekki jafn e\u00f0lilegt a\u00f0 fj\u00f6lmi\u00f0lar taki fram hva\u00f0a st\u00f6rfum meintir gl\u00e6pahundar gegni, hverrar tr\u00faar \u00feeir s\u00e9u e\u00f0a hva\u00f0a stj\u00f3rnm\u00e1laflokk \u00feeir kj\u00f3si.<\/p>\n<div>\n<div>\n<p>Fyrirsagnir bla\u00f0anna g\u00e6tu \u00fe\u00e1 veri\u00f0 \u00e1 \u00feessa lei\u00f0:<\/p>\n<p>&#8222;Tveir kristnir byggingaverkamenn nau\u00f0gu\u00f0u konu \u00ed h\u00fasasundi.&#8220;<br \/>\n&#8222;Gagnkynhneig\u00f0ur Frams\u00f3knarma\u00f0ur tekinn me\u00f0 f\u00edkniefni \u00e1 Keflav\u00edkurflugvelli.&#8220;<br \/>\n&#8222;Virkjanasinni d\u00e6mdur fyrir b\u00fa\u00f0arhnupl.&#8220;<br \/>\n&#8222;\u00c1hugama\u00f0ur um m\u00e1lefni \u00f6ryrkja sinnti ekki st\u00f6\u00f0vunarskyldu.&#8220;<br \/>\n&#8222;Samfylkingarkona s\u00f6ku\u00f0 um fj\u00e1rdr\u00e1tt.&#8220;<br \/>\n&#8222;\u00dej\u00f3\u00f0kirkjuma\u00f0ur tekinn fyrir ofsaakstur.&#8220;<br \/>\n&#8222;P\u00edpulagningama\u00f0ur k\u00e6r\u00f0ur fyrir l\u00edkams\u00e1r\u00e1s. Sag\u00f0ur hafa stutt Frj\u00e1lslynda flokkinn \u00ed s\u00ed\u00f0ustu kosningum.&#8220;<\/p>\n<p>Setjum sem svo a\u00f0 \u00ed lj\u00f3s k\u00e6mi a\u00f0 flestir fj\u00e1rgl\u00e6framenn \u00fej\u00f3\u00f0arinnar v\u00e6ru gagnkynhneig\u00f0ir, sj\u00e1lfst\u00e6\u00f0ismenn \u00ed stj\u00f3rnunarst\u00f6\u00f0um, ver\u00f0br\u00e9faeigendur og skr\u00e1\u00f0ir \u00ed \u00fej\u00f3\u00f0kirkjuna, v\u00e6ri \u00fe\u00e1 ekki e\u00f0ilegt a\u00f0 vi\u00f0 fengjum a\u00f0 vita \u00fea\u00f0 svo vi\u00f0 g\u00e6tum for\u00f0ast a\u00f0 treysta sl\u00edku f\u00f3lki fyrir fj\u00e1rmunum \u00fej\u00f3\u00f0arb\u00fasins?<\/p>\n<\/div>\n<\/div>\n","protected":false},"excerpt":{"rendered":"<p>Um daginn st\u00f3\u00f0 \u00datvarp Saga fyrir sko\u00f0anak\u00f6nnun \u00e1 \u00fev\u00ed hvort fj\u00f6lmi\u00f0lar \u00e6ttu a\u00f0 gefa upp \u00fej\u00f3\u00f0erni meintra afbrotamanna og \u00fej\u00f3\u00f0ars\u00e1lin \u00e1l\u00edtur v\u00edst a\u00f0 \u00fea\u00f0 s\u00e9 r\u00e9tt, gott og nau\u00f0synlegt. Ekki er lj\u00f3st hva\u00f0a tilgangi \u00fea\u00f0 \u00e1 a\u00f0 \u00fej\u00f3na, nema \u00fe\u00e1 &hellip; <a href=\"https:\/\/www.norn.is\/pistlar\/vid-eigum-rett-a-ad-vita-thad-lika\/\">Halda \u00e1fram a\u00f0 lesa <span class=\"meta-nav\">&rarr;<\/span><\/a><\/p>\n","protected":false},"author":1,"featured_media":0,"comment_status":"closed","ping_status":"closed","sticky":false,"template":"","format":"standard","meta":{"footnotes":"","_links_to":"","_links_to_target":""},"categories":[11,12,1],"tags":[982,555],"class_list":["post-6999","post","type-post","status-publish","format-standard","hentry","category-mannrettindi","category-menning-listir-og-fjolmidlar","category-pistlar","tag-fjolmidlar","tag-kynthattahyggja"],"yoast_head":"<!-- This site is optimized with the Yoast SEO plugin v27.5 - https:\/\/yoast.com\/product\/yoast-seo-wordpress\/ -->\n<title>Vi\u00f0 eigum r\u00e9tt \u00e1 a\u00f0 vita \u00fea\u00f0 l\u00edka - Pistlar Evu<\/title>\n<meta name=\"robots\" content=\"index, follow, max-snippet:-1, max-image-preview:large, max-video-preview:-1\" \/>\n<link rel=\"canonical\" href=\"https:\/\/www.norn.is\/pistlar\/vid-eigum-rett-a-ad-vita-thad-lika\/\" \/>\n<meta property=\"og:locale\" content=\"is_IS\" \/>\n<meta property=\"og:type\" content=\"article\" \/>\n<meta property=\"og:title\" content=\"Vi\u00f0 eigum r\u00e9tt \u00e1 a\u00f0 vita \u00fea\u00f0 l\u00edka - Pistlar Evu\" \/>\n<meta property=\"og:description\" content=\"Um daginn st\u00f3\u00f0 \u00datvarp Saga fyrir sko\u00f0anak\u00f6nnun \u00e1 \u00fev\u00ed hvort fj\u00f6lmi\u00f0lar \u00e6ttu a\u00f0 gefa upp \u00fej\u00f3\u00f0erni meintra afbrotamanna og \u00fej\u00f3\u00f0ars\u00e1lin \u00e1l\u00edtur v\u00edst a\u00f0 \u00fea\u00f0 s\u00e9 r\u00e9tt, gott og nau\u00f0synlegt. Ekki er lj\u00f3st hva\u00f0a tilgangi \u00fea\u00f0 \u00e1 a\u00f0 \u00fej\u00f3na, nema \u00fe\u00e1 &hellip; Halda \u00e1fram a\u00f0 lesa &rarr;\" \/>\n<meta property=\"og:url\" content=\"https:\/\/www.norn.is\/pistlar\/vid-eigum-rett-a-ad-vita-thad-lika\/\" \/>\n<meta property=\"og:site_name\" content=\"Pistlar Evu\" \/>\n<meta property=\"article:published_time\" content=\"2007-11-14T13:06:07+00:00\" \/>\n<meta property=\"article:modified_time\" content=\"2017-09-08T14:48:16+00:00\" \/>\n<meta name=\"author\" content=\"admin\" \/>\n<meta name=\"twitter:card\" content=\"summary_large_image\" \/>\n<meta name=\"twitter:label1\" content=\"Written by\" \/>\n\t<meta name=\"twitter:data1\" content=\"\" \/>\n\t<meta name=\"twitter:label2\" content=\"Est. reading time\" \/>\n\t<meta name=\"twitter:data2\" content=\"2 minutes\" \/>\n<script type=\"application\/ld+json\" class=\"yoast-schema-graph\">{\"@context\":\"https:\\\/\\\/schema.org\",\"@graph\":[{\"@type\":\"Article\",\"@id\":\"https:\\\/\\\/www.norn.is\\\/pistlar\\\/vid-eigum-rett-a-ad-vita-thad-lika\\\/#article\",\"isPartOf\":{\"@id\":\"https:\\\/\\\/www.norn.is\\\/pistlar\\\/vid-eigum-rett-a-ad-vita-thad-lika\\\/\"},\"author\":{\"name\":\"admin\",\"@id\":\"https:\\\/\\\/www.norn.is\\\/pistlar\\\/#\\\/schema\\\/person\\\/1a27d7aee01469adf3180f8fd9e72c46\"},\"headline\":\"Vi\u00f0 eigum r\u00e9tt \u00e1 a\u00f0 vita \u00fea\u00f0 l\u00edka\",\"datePublished\":\"2007-11-14T13:06:07+00:00\",\"dateModified\":\"2017-09-08T14:48:16+00:00\",\"mainEntityOfPage\":{\"@id\":\"https:\\\/\\\/www.norn.is\\\/pistlar\\\/vid-eigum-rett-a-ad-vita-thad-lika\\\/\"},\"wordCount\":317,\"keywords\":[\"Fj\u00f6lmi\u00f0lar\",\"Kyn\u00fe\u00e1ttahyggja\"],\"articleSection\":[\"Mannr\u00e9ttinda og fri\u00f0arm\u00e1l\",\"Menning, listir og fj\u00f6lmi\u00f0lar\",\"Pistlar um samf\u00e9lagsm\u00e1l\"],\"inLanguage\":\"is\"},{\"@type\":\"WebPage\",\"@id\":\"https:\\\/\\\/www.norn.is\\\/pistlar\\\/vid-eigum-rett-a-ad-vita-thad-lika\\\/\",\"url\":\"https:\\\/\\\/www.norn.is\\\/pistlar\\\/vid-eigum-rett-a-ad-vita-thad-lika\\\/\",\"name\":\"Vi\u00f0 eigum r\u00e9tt \u00e1 a\u00f0 vita \u00fea\u00f0 l\u00edka - Pistlar Evu\",\"isPartOf\":{\"@id\":\"https:\\\/\\\/www.norn.is\\\/pistlar\\\/#website\"},\"datePublished\":\"2007-11-14T13:06:07+00:00\",\"dateModified\":\"2017-09-08T14:48:16+00:00\",\"author\":{\"@id\":\"https:\\\/\\\/www.norn.is\\\/pistlar\\\/#\\\/schema\\\/person\\\/1a27d7aee01469adf3180f8fd9e72c46\"},\"breadcrumb\":{\"@id\":\"https:\\\/\\\/www.norn.is\\\/pistlar\\\/vid-eigum-rett-a-ad-vita-thad-lika\\\/#breadcrumb\"},\"inLanguage\":\"is\",\"potentialAction\":[{\"@type\":\"ReadAction\",\"target\":[\"https:\\\/\\\/www.norn.is\\\/pistlar\\\/vid-eigum-rett-a-ad-vita-thad-lika\\\/\"]}]},{\"@type\":\"BreadcrumbList\",\"@id\":\"https:\\\/\\\/www.norn.is\\\/pistlar\\\/vid-eigum-rett-a-ad-vita-thad-lika\\\/#breadcrumb\",\"itemListElement\":[{\"@type\":\"ListItem\",\"position\":1,\"name\":\"Home\",\"item\":\"https:\\\/\\\/www.norn.is\\\/pistlar\\\/\"},{\"@type\":\"ListItem\",\"position\":2,\"name\":\"Vi\u00f0 eigum r\u00e9tt \u00e1 a\u00f0 vita \u00fea\u00f0 l\u00edka\"}]},{\"@type\":\"WebSite\",\"@id\":\"https:\\\/\\\/www.norn.is\\\/pistlar\\\/#website\",\"url\":\"https:\\\/\\\/www.norn.is\\\/pistlar\\\/\",\"name\":\"Pistlar Evu\",\"description\":\"\",\"potentialAction\":[{\"@type\":\"SearchAction\",\"target\":{\"@type\":\"EntryPoint\",\"urlTemplate\":\"https:\\\/\\\/www.norn.is\\\/pistlar\\\/?s={search_term_string}\"},\"query-input\":{\"@type\":\"PropertyValueSpecification\",\"valueRequired\":true,\"valueName\":\"search_term_string\"}}],\"inLanguage\":\"is\"},{\"@type\":\"Person\",\"@id\":\"https:\\\/\\\/www.norn.is\\\/pistlar\\\/#\\\/schema\\\/person\\\/1a27d7aee01469adf3180f8fd9e72c46\",\"name\":\"admin\",\"url\":\"https:\\\/\\\/www.norn.is\\\/pistlar\\\/author\\\/admin\\\/\"}]}<\/script>\n<!-- \/ Yoast SEO plugin. -->","yoast_head_json":{"title":"Vi\u00f0 eigum r\u00e9tt \u00e1 a\u00f0 vita \u00fea\u00f0 l\u00edka - Pistlar Evu","robots":{"index":"index","follow":"follow","max-snippet":"max-snippet:-1","max-image-preview":"max-image-preview:large","max-video-preview":"max-video-preview:-1"},"canonical":"https:\/\/www.norn.is\/pistlar\/vid-eigum-rett-a-ad-vita-thad-lika\/","og_locale":"is_IS","og_type":"article","og_title":"Vi\u00f0 eigum r\u00e9tt \u00e1 a\u00f0 vita \u00fea\u00f0 l\u00edka - Pistlar Evu","og_description":"Um daginn st\u00f3\u00f0 \u00datvarp Saga fyrir sko\u00f0anak\u00f6nnun \u00e1 \u00fev\u00ed hvort fj\u00f6lmi\u00f0lar \u00e6ttu a\u00f0 gefa upp \u00fej\u00f3\u00f0erni meintra afbrotamanna og \u00fej\u00f3\u00f0ars\u00e1lin \u00e1l\u00edtur v\u00edst a\u00f0 \u00fea\u00f0 s\u00e9 r\u00e9tt, gott og nau\u00f0synlegt. Ekki er lj\u00f3st hva\u00f0a tilgangi \u00fea\u00f0 \u00e1 a\u00f0 \u00fej\u00f3na, nema \u00fe\u00e1 &hellip; Halda \u00e1fram a\u00f0 lesa &rarr;","og_url":"https:\/\/www.norn.is\/pistlar\/vid-eigum-rett-a-ad-vita-thad-lika\/","og_site_name":"Pistlar Evu","article_published_time":"2007-11-14T13:06:07+00:00","article_modified_time":"2017-09-08T14:48:16+00:00","author":"admin","twitter_card":"summary_large_image","twitter_misc":{"Written by":false,"Est. reading time":"2 minutes"},"schema":{"@context":"https:\/\/schema.org","@graph":[{"@type":"Article","@id":"https:\/\/www.norn.is\/pistlar\/vid-eigum-rett-a-ad-vita-thad-lika\/#article","isPartOf":{"@id":"https:\/\/www.norn.is\/pistlar\/vid-eigum-rett-a-ad-vita-thad-lika\/"},"author":{"name":"admin","@id":"https:\/\/www.norn.is\/pistlar\/#\/schema\/person\/1a27d7aee01469adf3180f8fd9e72c46"},"headline":"Vi\u00f0 eigum r\u00e9tt \u00e1 a\u00f0 vita \u00fea\u00f0 l\u00edka","datePublished":"2007-11-14T13:06:07+00:00","dateModified":"2017-09-08T14:48:16+00:00","mainEntityOfPage":{"@id":"https:\/\/www.norn.is\/pistlar\/vid-eigum-rett-a-ad-vita-thad-lika\/"},"wordCount":317,"keywords":["Fj\u00f6lmi\u00f0lar","Kyn\u00fe\u00e1ttahyggja"],"articleSection":["Mannr\u00e9ttinda og fri\u00f0arm\u00e1l","Menning, listir og fj\u00f6lmi\u00f0lar","Pistlar um samf\u00e9lagsm\u00e1l"],"inLanguage":"is"},{"@type":"WebPage","@id":"https:\/\/www.norn.is\/pistlar\/vid-eigum-rett-a-ad-vita-thad-lika\/","url":"https:\/\/www.norn.is\/pistlar\/vid-eigum-rett-a-ad-vita-thad-lika\/","name":"Vi\u00f0 eigum r\u00e9tt \u00e1 a\u00f0 vita \u00fea\u00f0 l\u00edka - Pistlar Evu","isPartOf":{"@id":"https:\/\/www.norn.is\/pistlar\/#website"},"datePublished":"2007-11-14T13:06:07+00:00","dateModified":"2017-09-08T14:48:16+00:00","author":{"@id":"https:\/\/www.norn.is\/pistlar\/#\/schema\/person\/1a27d7aee01469adf3180f8fd9e72c46"},"breadcrumb":{"@id":"https:\/\/www.norn.is\/pistlar\/vid-eigum-rett-a-ad-vita-thad-lika\/#breadcrumb"},"inLanguage":"is","potentialAction":[{"@type":"ReadAction","target":["https:\/\/www.norn.is\/pistlar\/vid-eigum-rett-a-ad-vita-thad-lika\/"]}]},{"@type":"BreadcrumbList","@id":"https:\/\/www.norn.is\/pistlar\/vid-eigum-rett-a-ad-vita-thad-lika\/#breadcrumb","itemListElement":[{"@type":"ListItem","position":1,"name":"Home","item":"https:\/\/www.norn.is\/pistlar\/"},{"@type":"ListItem","position":2,"name":"Vi\u00f0 eigum r\u00e9tt \u00e1 a\u00f0 vita \u00fea\u00f0 l\u00edka"}]},{"@type":"WebSite","@id":"https:\/\/www.norn.is\/pistlar\/#website","url":"https:\/\/www.norn.is\/pistlar\/","name":"Pistlar Evu","description":"","potentialAction":[{"@type":"SearchAction","target":{"@type":"EntryPoint","urlTemplate":"https:\/\/www.norn.is\/pistlar\/?s={search_term_string}"},"query-input":{"@type":"PropertyValueSpecification","valueRequired":true,"valueName":"search_term_string"}}],"inLanguage":"is"},{"@type":"Person","@id":"https:\/\/www.norn.is\/pistlar\/#\/schema\/person\/1a27d7aee01469adf3180f8fd9e72c46","name":"admin","url":"https:\/\/www.norn.is\/pistlar\/author\/admin\/"}]}},"_links":{"self":[{"href":"https:\/\/www.norn.is\/pistlar\/wp-json\/wp\/v2\/posts\/6999","targetHints":{"allow":["GET"]}}],"collection":[{"href":"https:\/\/www.norn.is\/pistlar\/wp-json\/wp\/v2\/posts"}],"about":[{"href":"https:\/\/www.norn.is\/pistlar\/wp-json\/wp\/v2\/types\/post"}],"author":[{"embeddable":true,"href":"https:\/\/www.norn.is\/pistlar\/wp-json\/wp\/v2\/users\/1"}],"replies":[{"embeddable":true,"href":"https:\/\/www.norn.is\/pistlar\/wp-json\/wp\/v2\/comments?post=6999"}],"version-history":[{"count":3,"href":"https:\/\/www.norn.is\/pistlar\/wp-json\/wp\/v2\/posts\/6999\/revisions"}],"predecessor-version":[{"id":11853,"href":"https:\/\/www.norn.is\/pistlar\/wp-json\/wp\/v2\/posts\/6999\/revisions\/11853"}],"wp:attachment":[{"href":"https:\/\/www.norn.is\/pistlar\/wp-json\/wp\/v2\/media?parent=6999"}],"wp:term":[{"taxonomy":"category","embeddable":true,"href":"https:\/\/www.norn.is\/pistlar\/wp-json\/wp\/v2\/categories?post=6999"},{"taxonomy":"post_tag","embeddable":true,"href":"https:\/\/www.norn.is\/pistlar\/wp-json\/wp\/v2\/tags?post=6999"}],"curies":[{"name":"wp","href":"https:\/\/api.w.org\/{rel}","templated":true}]}}