{"id":6975,"date":"2007-11-21T10:27:54","date_gmt":"2007-11-21T10:27:54","guid":{"rendered":"http:\/\/www.pistillinn.is\/?p=6975"},"modified":"2016-07-26T23:52:39","modified_gmt":"2016-07-26T23:52:39","slug":"hver-ognar-grunngildunum","status":"publish","type":"post","link":"https:\/\/www.norn.is\/pistlar\/hver-ognar-grunngildunum\/","title":{"rendered":"Hver \u00f3gnar grunngildunum?"},"content":{"rendered":"<div>\n<blockquote><p>\u00cd or\u00f0i kve\u00f0nu eru grunngildi vestr\u00e6ns samf\u00e9lags fyrst og fremst almenn mannr\u00e9ttindi og l\u00fd\u00f0r\u00e6\u00f0i. \u00deegar vi\u00f0 athugum hvernig mannr\u00e9ttindum og l\u00fd\u00f0r\u00e6\u00f0i er framfylgt kemur \u00fe\u00f3 \u00ed lj\u00f3s a\u00f0 vi\u00f0horfin eru sm\u00e1tt og sm\u00e1tt a\u00f0 breytast. Vald marka\u00f0saflanna, vald fj\u00f6lmi\u00f0lanna og jafnvel vald einstakra stj\u00f3rnm\u00e1lamanna \u00f3gnar l\u00fd\u00f0r\u00e6\u00f0inu. Fyrirt\u00e6ki, jafnvel st\u00f3rar samsteypur hafa s\u00f6mu r\u00e9ttarst\u00f6\u00f0u og einstaklingar samkv\u00e6mt l\u00f6gum og \u00feess eru d\u00e6mi a\u00f0 d\u00f3mskerfi\u00f0 hafi teki\u00f0 r\u00e9tt fyrirt\u00e6kja fram yfir mannr\u00e9ttindi einstaklinga.<\/p><\/blockquote>\n<div>\n<div id=\"more\"><\/div>\n<\/div>\n<p><!--more--><\/p>\n<p>\u00deetta er kjarninn \u00ed frams\u00f6guerindi sem Miriam Rose flutti fyrir fullu h\u00fasi hj\u00e1 Reykjav\u00edkurakadem\u00edunni \u00ed g\u00e6r. Umr\u00e6\u00f0urnar \u00e1 eftir voru athyglisver\u00f0ar. Margar g\u00f3\u00f0ar spurningar komu upp og \u00e9g hef\u00f0i ekki vilja\u00f0 vera \u00ed sporum fulltr\u00faa l\u00f6greglunnar sem hva\u00f0 eftir anna\u00f0 \u00feurfti a\u00f0 neita a\u00f0 svara spurningum. Blessa\u00f0ur ma\u00f0urinn var t.d. spur\u00f0ur hversvegna l\u00f6greglan (sem segist ekki leggja neitt pers\u00f3nulegt mat \u00e1 \u00fea\u00f0 hva\u00f0a afbrot \u00fatlendinga teljist brottrekstars\u00f6k) hafi hundsa\u00f0 bei\u00f0ni um a\u00f0 st\u00f6\u00f0va komu str\u00ed\u00f0sgl\u00e6pamanns til landsins (er \u00fear \u00e1tt vi\u00f0\u00edtarlega og vel r\u00f6kstudda k\u00e6ru sem El\u00edas Dav\u00ed\u00f0sson lag\u00f0i fram \u00e1\u00f0ur en Georg Bush eldri kom hinga\u00f0 \u00ed einkaerindum) en hinsvegar v\u00edsa\u00f0 fr\u00e1 Falun Gong f\u00f3lkinu sem kom til a\u00f0 m\u00f3tm\u00e6la \u00f6\u00f0rum og s\u00edst ge\u00f0slegri str\u00ed\u00f0sgl\u00e6pamanni. \u00deessu neita\u00f0i l\u00f6ggi a\u00f0 svara, \u00e1 \u00feeirri forsendu a\u00f0 \u00feetta v\u00e6ru p\u00f3lit\u00edskar spurningar.<\/p>\n<p>\u00deetta er n\u00fa bara svona eitt d\u00e6mi og \u00e9g \u00e1tti svosem ekki von \u00e1 g\u00e1fulegri sv\u00f6rum. \u00dea\u00f0 hins vegar fauk \u00ed mig \u00feegar hann h\u00e9lt \u00fev\u00ed fram a\u00f0 l\u00f6greglan hef\u00f0i aldrei fari\u00f0 fram \u00e1 a\u00f0 Miriam yr\u00f0i v\u00edsa\u00f0 \u00far landi. \u00deeir hafi bara uppl\u00fdst \u00datlendingastofnun um m\u00e1li\u00f0. \u00deetta m\u00e1l er au\u00f0vita\u00f0 til skammar og kannski skiljanlegt a\u00f0 enginn vilji bera \u00e1byrg\u00f0 \u00e1 \u00fev\u00ed en n\u00fa vill svo til a\u00f0 \u00e9g hef br\u00e9fi\u00f0 fr\u00e1 \u00datlendingastofnun undir h\u00f6ndum og \u00ed \u00fev\u00ed stendur:<\/p>\n<p>&#8222;The Directorate has received a letter from the Reykjavik Area Police Commissioner [&#8230;] The DIrectorate was asked to examine whether there are grounds for expelling the above mentioned foreigner from Iceland.&#8220;<\/p>\n<p>\u00dea\u00f0 stendur vitanlega ekki sk\u00fdrum or\u00f0um a\u00f0 l\u00f6greglan vilji fyrir alla muni koma \u00f6llum me\u00f0 \u00f3\u00e6skilegar stj\u00f3rnm\u00e1lasko\u00f0anir \u00far landi en au\u00f0vita\u00f0 er tilgangurinn me\u00f0 \u00feessari bei\u00f0ni s\u00e1 a\u00f0 f\u00e1 brottv\u00edsunarleyfi. Me\u00f0 \u00feeirri vir\u00f0ingu fyrir l\u00f6greglunni sem h\u00fan ver\u00f0skuldar, \u00fe\u00e1 er bara veri\u00f0 a\u00f0 sl\u00e1 ryki \u00ed augu f\u00f3lks me\u00f0 fullyr\u00f0ingum um a\u00f0 l\u00f6greglan hafi ekki neina sko\u00f0un \u00e1 \u00feessu. L\u00f6ggan er ekki hlutlaus, hvorki \u00ed m\u00e1lefnum m\u00f3tm\u00e6lenda n\u00e9 neinu \u00f6\u00f0ru sem p\u00f3lit\u00edk vi\u00f0kemur.<\/p>\n<\/div>\n","protected":false},"excerpt":{"rendered":"<p>\u00cd or\u00f0i kve\u00f0nu eru grunngildi vestr\u00e6ns samf\u00e9lags fyrst og fremst almenn mannr\u00e9ttindi og l\u00fd\u00f0r\u00e6\u00f0i. \u00deegar vi\u00f0 athugum hvernig mannr\u00e9ttindum og l\u00fd\u00f0r\u00e6\u00f0i er framfylgt kemur \u00fe\u00f3 \u00ed lj\u00f3s a\u00f0 vi\u00f0horfin eru sm\u00e1tt og sm\u00e1tt a\u00f0 breytast. Vald marka\u00f0saflanna, vald fj\u00f6lmi\u00f0lanna og &hellip; <a href=\"https:\/\/www.norn.is\/pistlar\/hver-ognar-grunngildunum\/\">Halda \u00e1fram a\u00f0 lesa <span class=\"meta-nav\">&rarr;<\/span><\/a><\/p>\n","protected":false},"author":1,"featured_media":0,"comment_status":"closed","ping_status":"closed","sticky":false,"template":"","format":"standard","meta":{"footnotes":"","_links_to":"","_links_to_target":""},"categories":[15,1],"tags":[],"class_list":["post-6975","post","type-post","status-publish","format-standard","hentry","category-andof-og-yfirvald","category-pistlar"],"yoast_head":"<!-- This site is optimized with the Yoast SEO plugin v27.5 - https:\/\/yoast.com\/product\/yoast-seo-wordpress\/ -->\n<title>Hver \u00f3gnar grunngildunum? - Pistlar Evu<\/title>\n<meta name=\"robots\" content=\"index, follow, max-snippet:-1, max-image-preview:large, max-video-preview:-1\" \/>\n<link rel=\"canonical\" href=\"https:\/\/www.norn.is\/pistlar\/hver-ognar-grunngildunum\/\" \/>\n<meta property=\"og:locale\" content=\"is_IS\" \/>\n<meta property=\"og:type\" content=\"article\" \/>\n<meta property=\"og:title\" content=\"Hver \u00f3gnar grunngildunum? - Pistlar Evu\" \/>\n<meta property=\"og:description\" content=\"\u00cd or\u00f0i kve\u00f0nu eru grunngildi vestr\u00e6ns samf\u00e9lags fyrst og fremst almenn mannr\u00e9ttindi og l\u00fd\u00f0r\u00e6\u00f0i. \u00deegar vi\u00f0 athugum hvernig mannr\u00e9ttindum og l\u00fd\u00f0r\u00e6\u00f0i er framfylgt kemur \u00fe\u00f3 \u00ed lj\u00f3s a\u00f0 vi\u00f0horfin eru sm\u00e1tt og sm\u00e1tt a\u00f0 breytast. Vald marka\u00f0saflanna, vald fj\u00f6lmi\u00f0lanna og &hellip; Halda \u00e1fram a\u00f0 lesa &rarr;\" \/>\n<meta property=\"og:url\" content=\"https:\/\/www.norn.is\/pistlar\/hver-ognar-grunngildunum\/\" \/>\n<meta property=\"og:site_name\" content=\"Pistlar Evu\" \/>\n<meta property=\"article:published_time\" content=\"2007-11-21T10:27:54+00:00\" \/>\n<meta property=\"article:modified_time\" content=\"2016-07-26T23:52:39+00:00\" \/>\n<meta name=\"author\" content=\"admin\" \/>\n<meta name=\"twitter:card\" content=\"summary_large_image\" \/>\n<meta name=\"twitter:label1\" content=\"Written by\" \/>\n\t<meta name=\"twitter:data1\" content=\"\" \/>\n\t<meta name=\"twitter:label2\" content=\"Est. reading time\" \/>\n\t<meta name=\"twitter:data2\" content=\"2 minutes\" \/>\n<script type=\"application\/ld+json\" class=\"yoast-schema-graph\">{\"@context\":\"https:\\\/\\\/schema.org\",\"@graph\":[{\"@type\":\"Article\",\"@id\":\"https:\\\/\\\/www.norn.is\\\/pistlar\\\/hver-ognar-grunngildunum\\\/#article\",\"isPartOf\":{\"@id\":\"https:\\\/\\\/www.norn.is\\\/pistlar\\\/hver-ognar-grunngildunum\\\/\"},\"author\":{\"name\":\"admin\",\"@id\":\"https:\\\/\\\/www.norn.is\\\/pistlar\\\/#\\\/schema\\\/person\\\/1a27d7aee01469adf3180f8fd9e72c46\"},\"headline\":\"Hver \u00f3gnar grunngildunum?\",\"datePublished\":\"2007-11-21T10:27:54+00:00\",\"dateModified\":\"2016-07-26T23:52:39+00:00\",\"mainEntityOfPage\":{\"@id\":\"https:\\\/\\\/www.norn.is\\\/pistlar\\\/hver-ognar-grunngildunum\\\/\"},\"wordCount\":480,\"articleSection\":[\"And\u00f3f og yfirvald\",\"Pistlar um samf\u00e9lagsm\u00e1l\"],\"inLanguage\":\"is\"},{\"@type\":\"WebPage\",\"@id\":\"https:\\\/\\\/www.norn.is\\\/pistlar\\\/hver-ognar-grunngildunum\\\/\",\"url\":\"https:\\\/\\\/www.norn.is\\\/pistlar\\\/hver-ognar-grunngildunum\\\/\",\"name\":\"Hver \u00f3gnar grunngildunum? - Pistlar Evu\",\"isPartOf\":{\"@id\":\"https:\\\/\\\/www.norn.is\\\/pistlar\\\/#website\"},\"datePublished\":\"2007-11-21T10:27:54+00:00\",\"dateModified\":\"2016-07-26T23:52:39+00:00\",\"author\":{\"@id\":\"https:\\\/\\\/www.norn.is\\\/pistlar\\\/#\\\/schema\\\/person\\\/1a27d7aee01469adf3180f8fd9e72c46\"},\"breadcrumb\":{\"@id\":\"https:\\\/\\\/www.norn.is\\\/pistlar\\\/hver-ognar-grunngildunum\\\/#breadcrumb\"},\"inLanguage\":\"is\",\"potentialAction\":[{\"@type\":\"ReadAction\",\"target\":[\"https:\\\/\\\/www.norn.is\\\/pistlar\\\/hver-ognar-grunngildunum\\\/\"]}]},{\"@type\":\"BreadcrumbList\",\"@id\":\"https:\\\/\\\/www.norn.is\\\/pistlar\\\/hver-ognar-grunngildunum\\\/#breadcrumb\",\"itemListElement\":[{\"@type\":\"ListItem\",\"position\":1,\"name\":\"Home\",\"item\":\"https:\\\/\\\/www.norn.is\\\/pistlar\\\/\"},{\"@type\":\"ListItem\",\"position\":2,\"name\":\"Hver \u00f3gnar grunngildunum?\"}]},{\"@type\":\"WebSite\",\"@id\":\"https:\\\/\\\/www.norn.is\\\/pistlar\\\/#website\",\"url\":\"https:\\\/\\\/www.norn.is\\\/pistlar\\\/\",\"name\":\"Pistlar Evu\",\"description\":\"\",\"potentialAction\":[{\"@type\":\"SearchAction\",\"target\":{\"@type\":\"EntryPoint\",\"urlTemplate\":\"https:\\\/\\\/www.norn.is\\\/pistlar\\\/?s={search_term_string}\"},\"query-input\":{\"@type\":\"PropertyValueSpecification\",\"valueRequired\":true,\"valueName\":\"search_term_string\"}}],\"inLanguage\":\"is\"},{\"@type\":\"Person\",\"@id\":\"https:\\\/\\\/www.norn.is\\\/pistlar\\\/#\\\/schema\\\/person\\\/1a27d7aee01469adf3180f8fd9e72c46\",\"name\":\"admin\",\"url\":\"https:\\\/\\\/www.norn.is\\\/pistlar\\\/author\\\/admin\\\/\"}]}<\/script>\n<!-- \/ Yoast SEO plugin. -->","yoast_head_json":{"title":"Hver \u00f3gnar grunngildunum? - Pistlar Evu","robots":{"index":"index","follow":"follow","max-snippet":"max-snippet:-1","max-image-preview":"max-image-preview:large","max-video-preview":"max-video-preview:-1"},"canonical":"https:\/\/www.norn.is\/pistlar\/hver-ognar-grunngildunum\/","og_locale":"is_IS","og_type":"article","og_title":"Hver \u00f3gnar grunngildunum? - Pistlar Evu","og_description":"\u00cd or\u00f0i kve\u00f0nu eru grunngildi vestr\u00e6ns samf\u00e9lags fyrst og fremst almenn mannr\u00e9ttindi og l\u00fd\u00f0r\u00e6\u00f0i. \u00deegar vi\u00f0 athugum hvernig mannr\u00e9ttindum og l\u00fd\u00f0r\u00e6\u00f0i er framfylgt kemur \u00fe\u00f3 \u00ed lj\u00f3s a\u00f0 vi\u00f0horfin eru sm\u00e1tt og sm\u00e1tt a\u00f0 breytast. Vald marka\u00f0saflanna, vald fj\u00f6lmi\u00f0lanna og &hellip; Halda \u00e1fram a\u00f0 lesa &rarr;","og_url":"https:\/\/www.norn.is\/pistlar\/hver-ognar-grunngildunum\/","og_site_name":"Pistlar Evu","article_published_time":"2007-11-21T10:27:54+00:00","article_modified_time":"2016-07-26T23:52:39+00:00","author":"admin","twitter_card":"summary_large_image","twitter_misc":{"Written by":false,"Est. reading time":"2 minutes"},"schema":{"@context":"https:\/\/schema.org","@graph":[{"@type":"Article","@id":"https:\/\/www.norn.is\/pistlar\/hver-ognar-grunngildunum\/#article","isPartOf":{"@id":"https:\/\/www.norn.is\/pistlar\/hver-ognar-grunngildunum\/"},"author":{"name":"admin","@id":"https:\/\/www.norn.is\/pistlar\/#\/schema\/person\/1a27d7aee01469adf3180f8fd9e72c46"},"headline":"Hver \u00f3gnar grunngildunum?","datePublished":"2007-11-21T10:27:54+00:00","dateModified":"2016-07-26T23:52:39+00:00","mainEntityOfPage":{"@id":"https:\/\/www.norn.is\/pistlar\/hver-ognar-grunngildunum\/"},"wordCount":480,"articleSection":["And\u00f3f og yfirvald","Pistlar um samf\u00e9lagsm\u00e1l"],"inLanguage":"is"},{"@type":"WebPage","@id":"https:\/\/www.norn.is\/pistlar\/hver-ognar-grunngildunum\/","url":"https:\/\/www.norn.is\/pistlar\/hver-ognar-grunngildunum\/","name":"Hver \u00f3gnar grunngildunum? - Pistlar Evu","isPartOf":{"@id":"https:\/\/www.norn.is\/pistlar\/#website"},"datePublished":"2007-11-21T10:27:54+00:00","dateModified":"2016-07-26T23:52:39+00:00","author":{"@id":"https:\/\/www.norn.is\/pistlar\/#\/schema\/person\/1a27d7aee01469adf3180f8fd9e72c46"},"breadcrumb":{"@id":"https:\/\/www.norn.is\/pistlar\/hver-ognar-grunngildunum\/#breadcrumb"},"inLanguage":"is","potentialAction":[{"@type":"ReadAction","target":["https:\/\/www.norn.is\/pistlar\/hver-ognar-grunngildunum\/"]}]},{"@type":"BreadcrumbList","@id":"https:\/\/www.norn.is\/pistlar\/hver-ognar-grunngildunum\/#breadcrumb","itemListElement":[{"@type":"ListItem","position":1,"name":"Home","item":"https:\/\/www.norn.is\/pistlar\/"},{"@type":"ListItem","position":2,"name":"Hver \u00f3gnar grunngildunum?"}]},{"@type":"WebSite","@id":"https:\/\/www.norn.is\/pistlar\/#website","url":"https:\/\/www.norn.is\/pistlar\/","name":"Pistlar Evu","description":"","potentialAction":[{"@type":"SearchAction","target":{"@type":"EntryPoint","urlTemplate":"https:\/\/www.norn.is\/pistlar\/?s={search_term_string}"},"query-input":{"@type":"PropertyValueSpecification","valueRequired":true,"valueName":"search_term_string"}}],"inLanguage":"is"},{"@type":"Person","@id":"https:\/\/www.norn.is\/pistlar\/#\/schema\/person\/1a27d7aee01469adf3180f8fd9e72c46","name":"admin","url":"https:\/\/www.norn.is\/pistlar\/author\/admin\/"}]}},"_links":{"self":[{"href":"https:\/\/www.norn.is\/pistlar\/wp-json\/wp\/v2\/posts\/6975","targetHints":{"allow":["GET"]}}],"collection":[{"href":"https:\/\/www.norn.is\/pistlar\/wp-json\/wp\/v2\/posts"}],"about":[{"href":"https:\/\/www.norn.is\/pistlar\/wp-json\/wp\/v2\/types\/post"}],"author":[{"embeddable":true,"href":"https:\/\/www.norn.is\/pistlar\/wp-json\/wp\/v2\/users\/1"}],"replies":[{"embeddable":true,"href":"https:\/\/www.norn.is\/pistlar\/wp-json\/wp\/v2\/comments?post=6975"}],"version-history":[{"count":3,"href":"https:\/\/www.norn.is\/pistlar\/wp-json\/wp\/v2\/posts\/6975\/revisions"}],"predecessor-version":[{"id":11856,"href":"https:\/\/www.norn.is\/pistlar\/wp-json\/wp\/v2\/posts\/6975\/revisions\/11856"}],"wp:attachment":[{"href":"https:\/\/www.norn.is\/pistlar\/wp-json\/wp\/v2\/media?parent=6975"}],"wp:term":[{"taxonomy":"category","embeddable":true,"href":"https:\/\/www.norn.is\/pistlar\/wp-json\/wp\/v2\/categories?post=6975"},{"taxonomy":"post_tag","embeddable":true,"href":"https:\/\/www.norn.is\/pistlar\/wp-json\/wp\/v2\/tags?post=6975"}],"curies":[{"name":"wp","href":"https:\/\/api.w.org\/{rel}","templated":true}]}}