{"id":5621,"date":"2008-12-04T15:12:33","date_gmt":"2008-12-04T15:12:33","guid":{"rendered":"http:\/\/www.pistillinn.is\/?p=5621"},"modified":"2021-07-03T05:04:29","modified_gmt":"2021-07-03T05:04:29","slug":"thad-sem-virkar","status":"publish","type":"post","link":"https:\/\/www.norn.is\/pistlar\/thad-sem-virkar\/","title":{"rendered":"\u00dea\u00f0 sem virkar"},"content":{"rendered":"<p><a href=\"http:\/\/sapuopera.blog.is\/blog\/sapuopera\/image\/743114\/\" rel=\"nofollow\"><br \/>\n<img decoding=\"async\" title=\"M\u00f3tm\u00e6landi \u00cdslands\" src=\"http:\/\/sapuopera.blog.is\/img\/tncache\/250x250\/62\/sapuopera\/img\/helgi_hoseason_743114.jpg\" alt=\"M\u00f3tm\u00e6landi \u00cdslands\" align=\"left\" border=\"1\" \/><\/a>\u00deessi ma\u00f0ur heitir Helgi H\u00f3seasson. \u00cd 46 \u00e1r hefur hann haldi\u00f0 \u00e1 lofti \u00feeirri kr\u00f6fu a\u00f0 f\u00e1 sk\u00edrn s\u00edna inn \u00ed kristna kirkju \u00f3gilta. Oftast hefur hann m\u00f3tm\u00e6lt me\u00f0 \u00fev\u00ed a\u00f0 bera skilti me\u00f0 \u00e1letrunum sem kristnir hlj\u00f3ta a\u00f0 flokka sem gu\u00f0last. Fr\u00e1 \u00fev\u00ed a\u00f0 tveir valdn\u00ed\u00f0ingar ger\u00f0u sig seka um landr\u00e1\u00f0 (sem \u00feeir hafa \u00fe\u00f3 aldrei \u00feurft a\u00f0 svara fyrir, hva\u00f0 \u00fe\u00e1 a\u00f0 gjalda fyrir) me\u00f0 \u00fev\u00ed a\u00f0 innrita \u00cdslendinga \u00ed \u00e1r\u00e1sarst\u00ed\u00f0 gagnvart f\u00f3lk sem vi\u00f0 \u00e1ttum ekkert s\u00f6k\u00f3tt vi\u00f0, hefur hann einnig m\u00f3tm\u00e6lt \u00feeim gj\u00f6rningi me\u00f0 skiltabur\u00f0i.<\/p>\n<p><!--more--><\/p>\n<p>\u00deegar Helgi h\u00f3f b\u00e1r\u00e1ttu s\u00edna, reyndi hann fyrst a\u00f0 fara \u00ed gegnum d\u00f3mskerfi\u00f0. Hann stefndi biskupi fyrir\u00a0 h\u00e9ra\u00f0sd\u00f3m, \u00fe\u00e1 h\u00e6star\u00e9tt og leita\u00f0i loks til mannr\u00e9ttindad\u00f3mst\u00f3ls Evr\u00f3pu. Ekki f\u00e9kk hann sk\u00edrnars\u00e1ttm\u00e1lann \u00f3giltan me\u00f0 \u00fev\u00ed.<\/p>\n<p>Helgi reyndi \u00fe\u00e1 a\u00f0 stefna hagstofunni fyrir ranga skr\u00e1ningu \u00ed f\u00e6\u00f0ingarvottor\u00f0i (\u00fear sem hann er skr\u00e1\u00f0ur sk\u00edr\u00f0ur) og vildi a\u00f0 sett yr\u00f0i \u00e1 \u00fea\u00f0 vottor\u00f0 a\u00f0 hann hef\u00f0i rofi\u00f0 \u00feann s\u00e1ttm\u00e1la en m\u00e1linu var v\u00edsa\u00f0 fr\u00e1. \u00deetta m\u00e1l f\u00f3r einnig fyrir b\u00e6\u00f0i h\u00e6star\u00e9tt og mannr\u00e9ttindad\u00f3mst\u00f3linn.<\/p>\n<p>Fyrir utan d\u00f3mst\u00f3lalei\u00f0ina og skiltabur\u00f0 \u00e1 Helgi a\u00f0 baki nokkrar beinar a\u00f0ger\u00f0ir. \u00c1ri\u00f0 1966\u00a0 m\u00e6tti hann til messu \u00ed D\u00f3mkirkjunni og gekk til altaris \u00fear sem hann setti obl\u00e1tu og hellti \u00far messuv\u00ednsstaupinu \u00ed poka sem merktur var &#8216;sorp&#8217;. Hann \u00e1varpa\u00f0i svo kirkjugesti og \u00fatsk\u00fdr\u00f0i a\u00f0 hann v\u00e6ri me\u00f0 \u00feessu a\u00f0 \u00f3gilda sk\u00edrnars\u00e1ttm\u00e1lann sem haf\u00f0i veri\u00f0 ger\u00f0ur fyrir hans h\u00f6nd sem hv\u00edtvo\u00f0ungs og jafnframt fermingars\u00e1ttm\u00e1lann sem hann hef\u00f0i veri\u00f0 v\u00e9la\u00f0ur til \u00e1 barnsaldri.<\/p>\n<p>\u00c1ri\u00f0 1972 sletti Helgi skyri \u00e1 forseta, biskup og al\u00feingismenn vi\u00f0 \u00feingsetningu. Hann sletti tj\u00f6ru \u00e1\u00a0 Stj\u00f3rnarr\u00e1\u00f0i\u00f0 1974, braut r\u00fa\u00f0ur \u00ed Al\u00feingish\u00fasinu 1976 og skvetti ry\u00f0varnarefni \u00e1 Stj\u00f3rnarr\u00e1\u00f0i\u00f0 1981. Auk \u00feessa rita\u00f0i hann b\u00f3kina <em>R\u00ed\u00f3 og r\u00f6gn \u00feess<\/em>, \u00fear sem hann l\u00fdsir \u00ferautag\u00f6ngu sinni og bar\u00e1ttu vi\u00f0 kerfi\u00f0.<\/p>\n<p>Enn \u00ed dag ber Helgi skilti og krefst \u00feess a\u00f0 sk\u00edrn hans ver\u00f0i formlega skr\u00e1\u00f0 \u00f3gild. \u00dea\u00f0 eru \u00fe\u00f3 ekki skiltin e\u00f0a t\u00ed\u00f0ar heims\u00f3knir hans \u00ed d\u00f3msali sem hafa vaki\u00f0 athygli og skapa\u00f0 umr\u00e6\u00f0u um r\u00e9ttindi tr\u00faleysingja, heldur eru \u00fea\u00f0 beinu a\u00f0ger\u00f0irnar.<\/p>\n<p>Helgi hefur enn ekki fengi\u00f0 sinni sanngj\u00f6rnu og h\u00f3gv\u00e6ru kr\u00f6fu framgengt. Ef \u00e9g ver\u00f0 einhvernt\u00edma n\u00f3gu pirru\u00f0 yfir \u00fev\u00ed a\u00f0 vera skr\u00e1\u00f0 sk\u00edr\u00f0, til \u00feess a\u00f0 reyna a\u00f0 f\u00e1 \u00feann s\u00e1ttm\u00e1la \u00f3giltan, \u00fe\u00e1 mun \u00e9g ekki leita til d\u00f3mst\u00f3la. \u00c9g mun heldur ekki sletta skyri e\u00f0a tj\u00f6ru e\u00f0a halda r\u00e6\u00f0u \u00ed d\u00f3mkirkjunni. \u00c9g mun ekki skrifa bla\u00f0agreinar e\u00f0a b\u00f3k og allra s\u00edst mun \u00e9g bera skilti.<\/p>\n<p>\u00deessar m\u00f3tm\u00e6laa\u00f0fer\u00f0ir eru allar g\u00f3\u00f0ra gjalda ver\u00f0ar og nau\u00f0synlegar me\u00f0, en Helgi hefur \u00feegar beitt \u00f6llum \u00feessum a\u00f0fer\u00f0um til a\u00f0 kynna m\u00e1lsta\u00f0inn og \u00fea\u00f0 \u00fearf ekki a\u00f0 ey\u00f0a fleiri \u00e1ratugum \u00ed \u00fea\u00f0. \u00dea\u00f0 er nefnilega b\u00fai\u00f0 a\u00f0 s\u00fdna sig a\u00f0 \u00feessar a\u00f0fer\u00f0ir virka \u00e1g\u00e6tlega til a\u00f0 vekja athygli \u00e1 m\u00e1linu en ekki til a\u00f0 \u00fevinga yfirv\u00f6ld til a\u00f0 breg\u00f0ast vi\u00f0. Og \u00fea\u00f0 er ekkert vit \u00ed \u00fev\u00ed a\u00f0 beita alltaf s\u00f6mu a\u00f0fer\u00f0inni en b\u00faast samt vi\u00f0 n\u00fdrri ni\u00f0urst\u00f6\u00f0u.<\/p>\n<p>\u00cd meira en tvo m\u00e1nu\u00f0i hafa \u00fe\u00fasundir manna haldi\u00f0 uppi \u00feeirri kr\u00f6fu a\u00f0 r\u00edkisstj\u00f3rnin, bankar\u00e1\u00f0 Se\u00f0labankans og stj\u00f3rn fj\u00e1rm\u00e1laeftirlitsins segi af s\u00e9r. Vi\u00f0 h\u00f6fum krafist \u00feess me\u00f0 r\u00e6\u00f0uh\u00f6ldum, skiltabur\u00f0i, bla\u00f0agreinum og bloggskrifum. Nokkrir me\u00f0 \u00fev\u00ed a\u00f0 kasta matv\u00e6lum, nokkrir me\u00f0 \u00fev\u00ed a\u00f0 setjast \u00ed anddyri Se\u00f0labankans og krefjast afsagnar Dav\u00ed\u00f0s Oddssonar. Ekkert af \u00feessu hefur bori\u00f0 minnsta \u00e1rangur. V\u00e6ri ekki n\u00e6r a\u00f0 sko\u00f0a mannkynss\u00f6guna og athuga hva\u00f0a a\u00f0fer\u00f0ir hafa virka\u00f0?<\/p>\n<p>Hvernig var \u00fer\u00e6lkun negra \u00ed Bandar\u00edkjunum afl\u00e9tt? Me\u00f0 fri\u00f0samlegum m\u00f3tm\u00e6lag\u00f6ngum og spjaldi \u00e1 sp\u00fdtu? Nei, me\u00f0 samtakam\u00e6tti og beinum a\u00f0ger\u00f0um, sem sannarlega st\u00f3\u00f0ust ekki l\u00f6g \u00feess t\u00edma og samf\u00e9lags.<\/p>\n<p>Hvernig var verkal\u00fd\u00f0sbar\u00e1ttan h\u00e1\u00f0? Me\u00f0 r\u00e6\u00f0uh\u00f6ldum? J\u00e1, a\u00f0 hluta, \u00fea\u00f0 er nau\u00f0synlegt a\u00f0 f\u00f3lk stappi st\u00e1linu hvert \u00ed anna\u00f0 en \u00fea\u00f0 sem skila\u00f0i \u00e1rangri voru verkf\u00f6ll. Ekki eins manns, heldur mikils fj\u00f6lda.<\/p>\n<p>Hvernig fengu konur kosningar\u00e9tt? Me\u00f0 \u00fev\u00ed a\u00f0 leita til d\u00f3mst\u00f3la? Nei. \u00de\u00e6r ger\u00f0u \u00fea\u00f0 me\u00f0 \u00fev\u00ed a\u00f0 r\u00edsa gegn gildum samf\u00e9lagsins, kl\u00e6\u00f0ast buxum og ganga \u00ed karlast\u00f6rf. \u00c9g er viss um a\u00f0 ef hef\u00f0u veri\u00f0 til fars\u00edmar \u00e1 \u00feeim t\u00edma, hef\u00f0i l\u00fa\u00f0inn sem sendi m\u00e9r nafnlaus sms \u00ed g\u00e6rkv\u00f6ld, l\u00edka sent \u00feeim eitthvert sk\u00edtkast um a\u00f0 \u00fe\u00e6r v\u00e6ru ge\u00f0veikar og \u00f3h\u00e6far eiginkonur.<\/p>\n<p>Hvernig losnu\u00f0u Indverjar undan k\u00fagun Breta? Me\u00f0 \u00fev\u00ed a\u00f0 halda sig innan ramma laganna? Nei, \u00feeir ger\u00f0u \u00fea\u00f0 me\u00f0 borgaralegri \u00f3hl\u00fd\u00f0ni. Me\u00f0 \u00fev\u00ed a\u00f0 sitja \u00feegar \u00feeim var sagt a\u00f0 standa og standa \u00feegar \u00feeim var sagt a\u00f0 sitja. Me\u00f0 \u00fev\u00ed a\u00f0 brj\u00f3ta l\u00f6g sem ger\u00f0u \u00feeim \u00f3f\u00e6rt a\u00f0 sj\u00e1 s\u00e9r farbor\u00f0a \u00e1 eigin sp\u00fdtur, me\u00f0 \u00fev\u00ed a\u00f0 l\u00edta \u00e1 \u00fea\u00f0 sem merki um hetjuskap en ekki sk\u00f6mm a\u00f0 lenda \u00ed fangelsi fyrir m\u00e1lsta\u00f0inn.<\/p>\n<p>Svona m\u00e6tti lengi telja en \u00fea\u00f0 er sama hvar okkur ber ni\u00f0ur; n\u00e1nast allstta\u00f0ar \u00fear sem \u00e1rangur n\u00e6st \u00ed bar\u00e1ttu gegn yfirvaldi eru lykilor\u00f0in tv\u00f6; \u00f3hl\u00fd\u00f0ni og samtakam\u00e1ttur.<\/p>\n<p>Beinar a\u00f0ger\u00f0ir \u00feurfa alls ekki a\u00f0 vera \u00f3fri\u00f0legar og markmi\u00f0i\u00f0 \u00e6tti alltaf a\u00f0 vera a\u00f0 enginn ska\u00f0ist. En \u00feegar beinar a\u00f0ger\u00f0ir hafa veri\u00f0 nota\u00f0ar af einstaklingum e\u00f0a litlum h\u00f3pum til a\u00f0 vekja athygli \u00e1 m\u00e1lefninu og hvetja f\u00f3lk til frumkv\u00e6\u00f0is, \u00fe\u00e1 er n\u00e6sta skref a\u00f0 safna li\u00f0i.<\/p>\n<p>S\u00ed\u00f0asta m\u00e1nudag greip \u00e9g til beinnar a\u00f0ger\u00f0ar. \u00c9g framdi galdragj\u00f6rning vi\u00f0 Stj\u00f3rnarr\u00e1\u00f0i\u00f0 og \u00fev\u00ed n\u00e6st f\u00f3r \u00e9g \u00ed Se\u00f0labankann. \u00c9g f\u00e9kk l\u00f6gregluna til a\u00f0 hj\u00e1lpa m\u00e9r a\u00f0 komast inn. Enda \u00fe\u00f3tt fj\u00f6lmi\u00f0lamenn hafi veri\u00f0 \u00ed mesta basli me\u00f0 a\u00f0 n\u00e1 tali af Dav\u00ed\u00f0 Oddssyni \u00ed margar vikur, var \u00fea\u00f0 ekki einungis hann sj\u00e1lfur, heldur allir \u00fer\u00edr bankastj\u00f3rarnir sem t\u00f3ku \u00e1 m\u00f3ti m\u00e9r.<\/p>\n<p>Dav\u00ed\u00f0 sag\u00f0i ekki af s\u00e9r en \u00e9g komst \u00fe\u00f3 \u00feetta langt. Og ef konup\u00edsl \u00ed Vesturb\u00e6num kemst upp me\u00f0 a\u00f0 ganga inn \u00ed Se\u00f0labankann og r\u00e6\u00f0a vi\u00f0 valdamann sem fj\u00f6lmi\u00f0lar hafa ekki grei\u00f0an a\u00f0gang a\u00f0; \u00fe\u00e1 er \u00fea\u00f0 merki um a\u00f0 hver sem er getur komi\u00f0 sko\u00f0un sinni \u00e1 framf\u00e6ri. Vi\u00f0 \u00feurfum ekki a\u00f0 einskor\u00f0a okkur vi\u00f0 fundina sem H\u00f6r\u00f0ur Torfason stendur fyrir \u00fe\u00f3tt \u00e9g hvetji vissulega alla til a\u00f0 m\u00e6ta \u00e1 \u00fe\u00e1. Vi\u00f0 \u00feurfum ekki lei\u00f0toga e\u00f0a a\u00f0 b\u00ed\u00f0a eftir a\u00f0 einhver geri eitthva\u00f0. Vi\u00f0 getum bara krafist \u00feess sem vi\u00f0 viljum, sj\u00e1lf \u00e1 eigin forsendum.<\/p>\n<p>\u00dea\u00f0 sem hinsvegar \u00fearf til a\u00f0 \u00fea\u00f0 beri \u00e1rangur er samsta\u00f0a fj\u00f6ldans. \u00c9g er \u00feegar b\u00fain a\u00f0 s\u00fdna fram a\u00f0 me\u00f0alj\u00f3ninn getur vel gripi\u00f0 til beinna a\u00f0ger\u00f0a, r\u00e9tt eins og Helgi H\u00f3season og Ghandi. Helgi n\u00e1\u00f0i ekki \u00e1rangri af \u00fev\u00ed a\u00f0 hann st\u00f3\u00f0 einn. Ghandi n\u00e1\u00f0i ekki \u00e1rangri af \u00fev\u00ed a\u00f0 hann v\u00e6ri svo \u00e6\u00f0islegur, heldur af \u00fev\u00ed a\u00f0 hann st\u00f3\u00f0 ekki einn. Og n\u00fa vildi \u00e9g sj\u00e1 a\u00f0 allir me\u00f0alj\u00f3narnir sem vilja gr\u00edpa til beinna a\u00f0ger\u00f0a st\u00e6\u00f0u saman.\u00a0 \u00c9g bi\u00f0 \u00fev\u00ed hvern \u00feann sem er a\u00f0 skipuleggja beina a\u00f0ger\u00f0 gegn r\u00edkisstj\u00f3rn, Se\u00f0labanka og fj\u00e1rm\u00e1laeftirlit, sem \u00e9g get \u00e1 einhvern h\u00e1tt hj\u00e1lpa\u00f0 til vi\u00f0 e\u00f0a teki\u00f0 \u00fe\u00e1tt \u00ed a\u00f0 hafa samband vi\u00f0 mig.<\/p>\n","protected":false},"excerpt":{"rendered":"<p>\u00deessi ma\u00f0ur heitir Helgi H\u00f3seasson. \u00cd 46 \u00e1r hefur hann haldi\u00f0 \u00e1 lofti \u00feeirri kr\u00f6fu a\u00f0 f\u00e1 sk\u00edrn s\u00edna inn \u00ed kristna kirkju \u00f3gilta. Oftast hefur hann m\u00f3tm\u00e6lt me\u00f0 \u00fev\u00ed a\u00f0 bera skilti me\u00f0 \u00e1letrunum sem kristnir hlj\u00f3ta a\u00f0 flokka &hellip; <a href=\"https:\/\/www.norn.is\/pistlar\/thad-sem-virkar\/\">Halda \u00e1fram a\u00f0 lesa <span class=\"meta-nav\">&rarr;<\/span><\/a><\/p>\n","protected":false},"author":1,"featured_media":0,"comment_status":"closed","ping_status":"closed","sticky":false,"template":"","format":"standard","meta":{"footnotes":"","_links_to":"","_links_to_target":""},"categories":[15,1,7],"tags":[369],"class_list":["post-5621","post","type-post","status-publish","format-standard","hentry","category-andof-og-yfirvald","category-pistlar","category-trumal","tag-busahaldabyltingin"],"yoast_head":"<!-- This site is optimized with the Yoast SEO plugin v27.5 - https:\/\/yoast.com\/product\/yoast-seo-wordpress\/ -->\n<title>\u00dea\u00f0 sem virkar - Pistlar Evu<\/title>\n<meta name=\"robots\" content=\"index, follow, max-snippet:-1, max-image-preview:large, max-video-preview:-1\" \/>\n<link rel=\"canonical\" href=\"https:\/\/www.norn.is\/pistlar\/thad-sem-virkar\/\" \/>\n<meta property=\"og:locale\" content=\"is_IS\" \/>\n<meta property=\"og:type\" content=\"article\" \/>\n<meta property=\"og:title\" content=\"\u00dea\u00f0 sem virkar - Pistlar Evu\" \/>\n<meta property=\"og:description\" content=\"\u00deessi ma\u00f0ur heitir Helgi H\u00f3seasson. \u00cd 46 \u00e1r hefur hann haldi\u00f0 \u00e1 lofti \u00feeirri kr\u00f6fu a\u00f0 f\u00e1 sk\u00edrn s\u00edna inn \u00ed kristna kirkju \u00f3gilta. Oftast hefur hann m\u00f3tm\u00e6lt me\u00f0 \u00fev\u00ed a\u00f0 bera skilti me\u00f0 \u00e1letrunum sem kristnir hlj\u00f3ta a\u00f0 flokka &hellip; Halda \u00e1fram a\u00f0 lesa &rarr;\" \/>\n<meta property=\"og:url\" content=\"https:\/\/www.norn.is\/pistlar\/thad-sem-virkar\/\" \/>\n<meta property=\"og:site_name\" content=\"Pistlar Evu\" \/>\n<meta property=\"article:published_time\" content=\"2008-12-04T15:12:33+00:00\" \/>\n<meta property=\"article:modified_time\" content=\"2021-07-03T05:04:29+00:00\" \/>\n<meta property=\"og:image\" content=\"http:\/\/sapuopera.blog.is\/img\/tncache\/250x250\/62\/sapuopera\/img\/helgi_hoseason_743114.jpg\" \/>\n<meta name=\"author\" content=\"admin\" \/>\n<meta name=\"twitter:card\" content=\"summary_large_image\" \/>\n<meta name=\"twitter:label1\" content=\"Written by\" \/>\n\t<meta name=\"twitter:data1\" content=\"\" \/>\n\t<meta name=\"twitter:label2\" content=\"Est. reading time\" \/>\n\t<meta name=\"twitter:data2\" content=\"5 minutes\" \/>\n<script type=\"application\/ld+json\" class=\"yoast-schema-graph\">{\"@context\":\"https:\\\/\\\/schema.org\",\"@graph\":[{\"@type\":\"Article\",\"@id\":\"https:\\\/\\\/www.norn.is\\\/pistlar\\\/thad-sem-virkar\\\/#article\",\"isPartOf\":{\"@id\":\"https:\\\/\\\/www.norn.is\\\/pistlar\\\/thad-sem-virkar\\\/\"},\"author\":{\"name\":\"admin\",\"@id\":\"https:\\\/\\\/www.norn.is\\\/pistlar\\\/#\\\/schema\\\/person\\\/1a27d7aee01469adf3180f8fd9e72c46\"},\"headline\":\"\u00dea\u00f0 sem virkar\",\"datePublished\":\"2008-12-04T15:12:33+00:00\",\"dateModified\":\"2021-07-03T05:04:29+00:00\",\"mainEntityOfPage\":{\"@id\":\"https:\\\/\\\/www.norn.is\\\/pistlar\\\/thad-sem-virkar\\\/\"},\"wordCount\":1368,\"image\":{\"@id\":\"https:\\\/\\\/www.norn.is\\\/pistlar\\\/thad-sem-virkar\\\/#primaryimage\"},\"thumbnailUrl\":\"http:\\\/\\\/sapuopera.blog.is\\\/img\\\/tncache\\\/250x250\\\/62\\\/sapuopera\\\/img\\\/helgi_hoseason_743114.jpg\",\"keywords\":[\"B\u00fas\u00e1haldabyltingin\"],\"articleSection\":[\"And\u00f3f og yfirvald\",\"Pistlar um samf\u00e9lagsm\u00e1l\",\"Tr\u00fam\u00e1l\"],\"inLanguage\":\"is\"},{\"@type\":\"WebPage\",\"@id\":\"https:\\\/\\\/www.norn.is\\\/pistlar\\\/thad-sem-virkar\\\/\",\"url\":\"https:\\\/\\\/www.norn.is\\\/pistlar\\\/thad-sem-virkar\\\/\",\"name\":\"\u00dea\u00f0 sem virkar - Pistlar Evu\",\"isPartOf\":{\"@id\":\"https:\\\/\\\/www.norn.is\\\/pistlar\\\/#website\"},\"primaryImageOfPage\":{\"@id\":\"https:\\\/\\\/www.norn.is\\\/pistlar\\\/thad-sem-virkar\\\/#primaryimage\"},\"image\":{\"@id\":\"https:\\\/\\\/www.norn.is\\\/pistlar\\\/thad-sem-virkar\\\/#primaryimage\"},\"thumbnailUrl\":\"http:\\\/\\\/sapuopera.blog.is\\\/img\\\/tncache\\\/250x250\\\/62\\\/sapuopera\\\/img\\\/helgi_hoseason_743114.jpg\",\"datePublished\":\"2008-12-04T15:12:33+00:00\",\"dateModified\":\"2021-07-03T05:04:29+00:00\",\"author\":{\"@id\":\"https:\\\/\\\/www.norn.is\\\/pistlar\\\/#\\\/schema\\\/person\\\/1a27d7aee01469adf3180f8fd9e72c46\"},\"breadcrumb\":{\"@id\":\"https:\\\/\\\/www.norn.is\\\/pistlar\\\/thad-sem-virkar\\\/#breadcrumb\"},\"inLanguage\":\"is\",\"potentialAction\":[{\"@type\":\"ReadAction\",\"target\":[\"https:\\\/\\\/www.norn.is\\\/pistlar\\\/thad-sem-virkar\\\/\"]}]},{\"@type\":\"ImageObject\",\"inLanguage\":\"is\",\"@id\":\"https:\\\/\\\/www.norn.is\\\/pistlar\\\/thad-sem-virkar\\\/#primaryimage\",\"url\":\"http:\\\/\\\/sapuopera.blog.is\\\/img\\\/tncache\\\/250x250\\\/62\\\/sapuopera\\\/img\\\/helgi_hoseason_743114.jpg\",\"contentUrl\":\"http:\\\/\\\/sapuopera.blog.is\\\/img\\\/tncache\\\/250x250\\\/62\\\/sapuopera\\\/img\\\/helgi_hoseason_743114.jpg\"},{\"@type\":\"BreadcrumbList\",\"@id\":\"https:\\\/\\\/www.norn.is\\\/pistlar\\\/thad-sem-virkar\\\/#breadcrumb\",\"itemListElement\":[{\"@type\":\"ListItem\",\"position\":1,\"name\":\"Home\",\"item\":\"https:\\\/\\\/www.norn.is\\\/pistlar\\\/\"},{\"@type\":\"ListItem\",\"position\":2,\"name\":\"\u00dea\u00f0 sem virkar\"}]},{\"@type\":\"WebSite\",\"@id\":\"https:\\\/\\\/www.norn.is\\\/pistlar\\\/#website\",\"url\":\"https:\\\/\\\/www.norn.is\\\/pistlar\\\/\",\"name\":\"Pistlar Evu\",\"description\":\"\",\"potentialAction\":[{\"@type\":\"SearchAction\",\"target\":{\"@type\":\"EntryPoint\",\"urlTemplate\":\"https:\\\/\\\/www.norn.is\\\/pistlar\\\/?s={search_term_string}\"},\"query-input\":{\"@type\":\"PropertyValueSpecification\",\"valueRequired\":true,\"valueName\":\"search_term_string\"}}],\"inLanguage\":\"is\"},{\"@type\":\"Person\",\"@id\":\"https:\\\/\\\/www.norn.is\\\/pistlar\\\/#\\\/schema\\\/person\\\/1a27d7aee01469adf3180f8fd9e72c46\",\"name\":\"admin\",\"url\":\"https:\\\/\\\/www.norn.is\\\/pistlar\\\/author\\\/admin\\\/\"}]}<\/script>\n<!-- \/ Yoast SEO plugin. -->","yoast_head_json":{"title":"\u00dea\u00f0 sem virkar - Pistlar Evu","robots":{"index":"index","follow":"follow","max-snippet":"max-snippet:-1","max-image-preview":"max-image-preview:large","max-video-preview":"max-video-preview:-1"},"canonical":"https:\/\/www.norn.is\/pistlar\/thad-sem-virkar\/","og_locale":"is_IS","og_type":"article","og_title":"\u00dea\u00f0 sem virkar - Pistlar Evu","og_description":"\u00deessi ma\u00f0ur heitir Helgi H\u00f3seasson. \u00cd 46 \u00e1r hefur hann haldi\u00f0 \u00e1 lofti \u00feeirri kr\u00f6fu a\u00f0 f\u00e1 sk\u00edrn s\u00edna inn \u00ed kristna kirkju \u00f3gilta. Oftast hefur hann m\u00f3tm\u00e6lt me\u00f0 \u00fev\u00ed a\u00f0 bera skilti me\u00f0 \u00e1letrunum sem kristnir hlj\u00f3ta a\u00f0 flokka &hellip; Halda \u00e1fram a\u00f0 lesa &rarr;","og_url":"https:\/\/www.norn.is\/pistlar\/thad-sem-virkar\/","og_site_name":"Pistlar Evu","article_published_time":"2008-12-04T15:12:33+00:00","article_modified_time":"2021-07-03T05:04:29+00:00","og_image":[{"url":"http:\/\/sapuopera.blog.is\/img\/tncache\/250x250\/62\/sapuopera\/img\/helgi_hoseason_743114.jpg","type":"","width":"","height":""}],"author":"admin","twitter_card":"summary_large_image","twitter_misc":{"Written by":false,"Est. reading time":"5 minutes"},"schema":{"@context":"https:\/\/schema.org","@graph":[{"@type":"Article","@id":"https:\/\/www.norn.is\/pistlar\/thad-sem-virkar\/#article","isPartOf":{"@id":"https:\/\/www.norn.is\/pistlar\/thad-sem-virkar\/"},"author":{"name":"admin","@id":"https:\/\/www.norn.is\/pistlar\/#\/schema\/person\/1a27d7aee01469adf3180f8fd9e72c46"},"headline":"\u00dea\u00f0 sem virkar","datePublished":"2008-12-04T15:12:33+00:00","dateModified":"2021-07-03T05:04:29+00:00","mainEntityOfPage":{"@id":"https:\/\/www.norn.is\/pistlar\/thad-sem-virkar\/"},"wordCount":1368,"image":{"@id":"https:\/\/www.norn.is\/pistlar\/thad-sem-virkar\/#primaryimage"},"thumbnailUrl":"http:\/\/sapuopera.blog.is\/img\/tncache\/250x250\/62\/sapuopera\/img\/helgi_hoseason_743114.jpg","keywords":["B\u00fas\u00e1haldabyltingin"],"articleSection":["And\u00f3f og yfirvald","Pistlar um samf\u00e9lagsm\u00e1l","Tr\u00fam\u00e1l"],"inLanguage":"is"},{"@type":"WebPage","@id":"https:\/\/www.norn.is\/pistlar\/thad-sem-virkar\/","url":"https:\/\/www.norn.is\/pistlar\/thad-sem-virkar\/","name":"\u00dea\u00f0 sem virkar - Pistlar Evu","isPartOf":{"@id":"https:\/\/www.norn.is\/pistlar\/#website"},"primaryImageOfPage":{"@id":"https:\/\/www.norn.is\/pistlar\/thad-sem-virkar\/#primaryimage"},"image":{"@id":"https:\/\/www.norn.is\/pistlar\/thad-sem-virkar\/#primaryimage"},"thumbnailUrl":"http:\/\/sapuopera.blog.is\/img\/tncache\/250x250\/62\/sapuopera\/img\/helgi_hoseason_743114.jpg","datePublished":"2008-12-04T15:12:33+00:00","dateModified":"2021-07-03T05:04:29+00:00","author":{"@id":"https:\/\/www.norn.is\/pistlar\/#\/schema\/person\/1a27d7aee01469adf3180f8fd9e72c46"},"breadcrumb":{"@id":"https:\/\/www.norn.is\/pistlar\/thad-sem-virkar\/#breadcrumb"},"inLanguage":"is","potentialAction":[{"@type":"ReadAction","target":["https:\/\/www.norn.is\/pistlar\/thad-sem-virkar\/"]}]},{"@type":"ImageObject","inLanguage":"is","@id":"https:\/\/www.norn.is\/pistlar\/thad-sem-virkar\/#primaryimage","url":"http:\/\/sapuopera.blog.is\/img\/tncache\/250x250\/62\/sapuopera\/img\/helgi_hoseason_743114.jpg","contentUrl":"http:\/\/sapuopera.blog.is\/img\/tncache\/250x250\/62\/sapuopera\/img\/helgi_hoseason_743114.jpg"},{"@type":"BreadcrumbList","@id":"https:\/\/www.norn.is\/pistlar\/thad-sem-virkar\/#breadcrumb","itemListElement":[{"@type":"ListItem","position":1,"name":"Home","item":"https:\/\/www.norn.is\/pistlar\/"},{"@type":"ListItem","position":2,"name":"\u00dea\u00f0 sem virkar"}]},{"@type":"WebSite","@id":"https:\/\/www.norn.is\/pistlar\/#website","url":"https:\/\/www.norn.is\/pistlar\/","name":"Pistlar Evu","description":"","potentialAction":[{"@type":"SearchAction","target":{"@type":"EntryPoint","urlTemplate":"https:\/\/www.norn.is\/pistlar\/?s={search_term_string}"},"query-input":{"@type":"PropertyValueSpecification","valueRequired":true,"valueName":"search_term_string"}}],"inLanguage":"is"},{"@type":"Person","@id":"https:\/\/www.norn.is\/pistlar\/#\/schema\/person\/1a27d7aee01469adf3180f8fd9e72c46","name":"admin","url":"https:\/\/www.norn.is\/pistlar\/author\/admin\/"}]}},"_links":{"self":[{"href":"https:\/\/www.norn.is\/pistlar\/wp-json\/wp\/v2\/posts\/5621","targetHints":{"allow":["GET"]}}],"collection":[{"href":"https:\/\/www.norn.is\/pistlar\/wp-json\/wp\/v2\/posts"}],"about":[{"href":"https:\/\/www.norn.is\/pistlar\/wp-json\/wp\/v2\/types\/post"}],"author":[{"embeddable":true,"href":"https:\/\/www.norn.is\/pistlar\/wp-json\/wp\/v2\/users\/1"}],"replies":[{"embeddable":true,"href":"https:\/\/www.norn.is\/pistlar\/wp-json\/wp\/v2\/comments?post=5621"}],"version-history":[{"count":4,"href":"https:\/\/www.norn.is\/pistlar\/wp-json\/wp\/v2\/posts\/5621\/revisions"}],"predecessor-version":[{"id":14451,"href":"https:\/\/www.norn.is\/pistlar\/wp-json\/wp\/v2\/posts\/5621\/revisions\/14451"}],"wp:attachment":[{"href":"https:\/\/www.norn.is\/pistlar\/wp-json\/wp\/v2\/media?parent=5621"}],"wp:term":[{"taxonomy":"category","embeddable":true,"href":"https:\/\/www.norn.is\/pistlar\/wp-json\/wp\/v2\/categories?post=5621"},{"taxonomy":"post_tag","embeddable":true,"href":"https:\/\/www.norn.is\/pistlar\/wp-json\/wp\/v2\/tags?post=5621"}],"curies":[{"name":"wp","href":"https:\/\/api.w.org\/{rel}","templated":true}]}}