{"id":5500,"date":"2008-08-01T15:56:48","date_gmt":"2008-08-01T15:56:48","guid":{"rendered":"http:\/\/www.pistillinn.is\/?p=5500"},"modified":"2017-09-08T14:37:28","modified_gmt":"2017-09-08T14:37:28","slug":"nu-af-hverju-er-tha-bilstjorum-snuid-vid","status":"publish","type":"post","link":"https:\/\/www.norn.is\/pistlar\/nu-af-hverju-er-tha-bilstjorum-snuid-vid\/","title":{"rendered":"N\u00fa af hverju er \u00fe\u00e1 b\u00edlstj\u00f3rum sn\u00fai\u00f0 vi\u00f0?"},"content":{"rendered":"<div>\n<p>\u00dea\u00f0 er helbert rugl a\u00f0 \u00feessi m\u00f3tm\u00e6li hafi ekki valdi\u00f0 umfer\u00f0art\u00f6fum. L\u00f6greglan hefur \u00feurft a\u00f0 sn\u00faa m\u00f6rgum b\u00edlstj\u00f3rum fr\u00e1.<\/p>\n<p>Sennilega \u00e1 \u00feessi fr\u00e9tt um engar tafir a\u00f0 brei\u00f0a yfir r\u00e1\u00f0aleysi l\u00f6greglunnar sem er n\u00fa loksins a\u00f0 \u00e1tta sig \u00e1 \u00fev\u00ed a\u00f0 \u00fea\u00f0 er bara mj\u00f6g h\u00e6pi\u00f0 a\u00f0 l\u00f6greglan hafi r\u00e9tt til a\u00f0 gr\u00edpa inn \u00ed m\u00f3tm\u00e6laa\u00f0ger\u00f0ir af \u00feessu tagi.<\/p>\n<p>H\u00e9r \u00e1 eftir fer sk\u00fdring Saving Iceland \u00e1 tilt\u00e6kinu.<!--more--><\/p>\n<p>&nbsp;<\/p>\n<h2><a title=\"Permanent Link: SAVING ICELAND ST\u00d6\u00d0VAR UMFER\u00d0 A\u00d0 \u00c1LVERI RIO TINTO-ALCAN \u00cd STRAUMSV\u00cdK\" href=\"http:\/\/savingiceland.puscii.nl\/?p=2487&amp;language=is\" rel=\"nofollow\">SAVING ICELAND ST\u00d6\u00d0VAR UMFER\u00d0 A\u00d0 \u00c1LVERI RIO TINTO-ALCAN \u00cd STRAUMSV\u00cdK<\/a><\/h2>\n<div>\n<blockquote><p>,,ST\u00d6\u00d0VUM VIRKJUN \u00deJ\u00d3RS\u00c1R FYRIR HERGAGNAFRAMLEI\u00d0ANDA!\u201d<\/p><\/blockquote>\n<p>HAFNARFJ\u00d6R\u00d0UR &#8211; A\u00f0ger\u00f0asinnar fr\u00e1 Saving Iceland hafa n\u00fa st\u00f6\u00f0va\u00f0 umfer\u00f0 a\u00f0 \u00e1lveri Rio Tinto-Alcan \u00ed Straumsv\u00edk me\u00f0 \u00fev\u00ed a\u00f0 hlekkja sig vi\u00f0 hli\u00f0 sem hleypa umfer\u00f0 til og fr\u00e1 \u00e1lversl\u00f3\u00f0inni. Saving Iceland m\u00f3tm\u00e6lir fyrirhuga\u00f0ri framlei\u00f0sluaukningu, n\u00fdjum \u00e1lverum og samhli\u00f0a ey\u00f0ileggingu \u00edslenskri n\u00e1tt\u00faru fyrir raforkuframlei\u00f0slu. Samstarf Rio Tinto-Alcan vi\u00f0 fj\u00f6lmarga hergagnaframlei\u00f0endur er einnig ford\u00e6mt.<\/p>\n<p>Rio Tinto-Alcan hyggst n\u00fa auka framlei\u00f0slu \u00e1lversins \u00ed Straumsv\u00edk um 40 \u00fe\u00fasund tonn \u00e1 \u00e1ri \u00e1n \u00feess a\u00f0 st\u00e6kka \u00e1lveri\u00f0 sj\u00e1lft. Einnig vinnur fyrirt\u00e6ki\u00f0 a\u00f0 undirb\u00faningi n\u00fds \u00e1lvers \u00e1 Keilisnesi e\u00f0a \u00ed \u00deorl\u00e1ksh\u00f6fn (1).<\/p>\n<p>Orkuveita Reykjav\u00edkur hugg\u00f0ist reisa Bitruvirkjun til a\u00f0 koma til m\u00f3ts vi\u00f0 orku\u00fe\u00f6rf st\u00e6kka\u00f0s \u00e1lvers \u00ed Straumsv\u00edk (2) en n\u00fa hafa framkv\u00e6mdirnar \u00e1 Bitru veri\u00f0 fjarl\u00e6g\u00f0ar af teiknibor\u00f0inu vegna andst\u00f6\u00f0u almennings og O.R. ekki framlengt samning sinn vi\u00f0 Alcan (3).<\/p>\n<p>\u00c1 sama t\u00edma stefnir Landsvirkjun n\u00fa \u00f3trau\u00f0 a\u00f0 byggingu \u00feriggja virkjanna \u00ed \u00dej\u00f3rs\u00e1 auk B\u00fa\u00f0arh\u00e1lsvirkjunnar \u00ed Tungna\u00e1, en Landsvirkjun og Alcan eiga s\u00edn \u00e1 milli viljayfirl\u00fdsingar um orku\u00f6flun fyrir st\u00e6kkun \u00e1lversins \u00ed Straumsv\u00edk e\u00f0a n\u00fdrra \u00e1lvera (4). \u00cd Desember 2006 skrifu\u00f0u Alcan og Landsvirkjun einmitt undir samning um orku\u00f6flun, en \u00ed samningnum sag\u00f0i einnig a\u00f0 Alcan t\u00e6ki \u00fe\u00e1tt \u00ed undirb\u00faningskostna\u00f0i fyrirhuga\u00f0ra \u00dej\u00f3rs\u00e1rvirkjanna (5).<\/p>\n<p><strong>Spilling \u00ed Hafnarfir\u00f0i<\/strong><br \/>\n\u00cd lok Mars 2007 f\u00f3ru fram \u00edb\u00faakosningar \u00ed Hafnarfir\u00f0i, \u00fear sem st\u00e6kkun \u00e1lversins var hafna\u00f0. L\u00fa\u00f0v\u00edk Geirsson, b\u00e6jarstj\u00f3ri Hafnarfir\u00f0i, sag\u00f0i sama kv\u00f6ld og kosningarnar f\u00f3ru fram a\u00f0 \u00fe\u00e6r v\u00e6ru ,,sigur fyrir l\u00fd\u00f0r\u00e6\u00f0i\u00f0\u201d og b\u00e6tti \u00fev\u00ed vi\u00f0 a\u00f0 hann myndi hl\u00edta ni\u00f0urst\u00f6\u00f0unni (6).<\/p>\n<p>A\u00f0eins \u00feremur m\u00e1nu\u00f0um seinna sat L\u00fa\u00f0v\u00edk fund me\u00f0 Rannveigu Rist, forstj\u00f3ra Alcan \u00e1 \u00cdslandi, og Michel Jacques, forstj\u00f3ra Alcan Primary Metal Group, \u00fear sem framhaldsstarfsemi fyrirt\u00e6kissins h\u00e9r \u00e1 landi var r\u00e6dd. Me\u00f0al annars var r\u00e6tt um m\u00f6gulega st\u00e6kkun \u00e1 landfyllingu \u00fat \u00ed sj\u00f3 (7), en um m\u00e1nu\u00f0i \u00e1\u00f0ur h\u00f6f\u00f0u forsvarsmenn Alcan h\u00e9r \u00e1 landi r\u00e6tt um a\u00f0 flytja starfsemi fyrit\u00e6kisins til \u00deorl\u00e1kshafnar.<\/p>\n<p>,,Er \u00feetta \u00fea\u00f0 sem L\u00fa\u00f0v\u00edk Geirsson kallar sigur l\u00fd\u00f0r\u00e6\u00f0isins? Svikin lofor\u00f0?\u201d segir Snorri P\u00e1ll J\u00f3nsson \u00dalfhildarson fr\u00e1 Saving Iceland. ,,Heg\u00f0un L\u00fa\u00f0v\u00edks s\u00fdnir vel hversu miki\u00f0 vald \u00e1lfyrirt\u00e6kin hafa h\u00e9r \u00e1 landi. Valdhafar vir\u00f0ast einfaldlega ekki \u00feora a\u00f0 standa \u00ed vegi fyrir uppgangi stj\u00f3ri\u00f0ju.\u201d<br \/>\n<strong><br \/>\nVafasamir vi\u00f0skiptah\u00e6ttir Alcan<\/strong><br \/>\n\u00deann 30. \u00c1g\u00fast 2006, skrifa\u00f0i Alcan undir langt\u00edma samning um \u00fe\u00e1tt\u00f6ku \u00ed framlei\u00f0slu \u00e1 orrustu\u00feotunni\u00a0F-35 Jointer Strike Fighter, \u00e1samtvopnaframlei\u00f0endunum Lockheed Martin, Northtrop-Grumman og BAE Systems\u00a0(8).<\/p>\n<p>,,\u00deetta er ekki beint gl\u00e6silegur h\u00f3pur\u201d segir Sofie Larsen fr\u00e1 Saving Iceland. ,,Hinga\u00f0 til hefur athyglin h\u00e9r \u00e1 landi a\u00f0allega beinst a\u00f0 Alcoa \u00feegar kemur a\u00f0 tengslum \u00e1lframlei\u00f0slu og str\u00ed\u00f0sreksturs. Alcan er hins vegar engu sk\u00e1rri, \u00fev\u00ed fyrirt\u00e6ki\u00f0 er vi\u00f0ri\u00f0i\u00f0 fj\u00f6lmarga hergagnaframlei\u00f0endur.\u201d<\/p>\n<p>Alcan framlei\u00f0ir m.a. \u00e1l fyrir EADS (European Aerospace and Defense and Space) (9), sem framlei\u00f0ir her\u00feyrlur, orrustu\u00feoturnar Euorofighter Tycoon, Mirage F1, EF18 Hornet og a\u00f0rar \u00feotur. EADS er einnig lei\u00f0andi framlei\u00f0andi flugskeyta (10).<\/p>\n<p>,,EADS fullyr\u00f0ir \u00e1 heimas\u00ed\u00f0u sinni a\u00f0 v\u00f6rur fyrirt\u00e6kisins s\u00e9u seldar til landa \u00fear sem sala \u00e1 h\u00e1t\u00e6kni flugherna\u00f0art\u00f3lum fer fram \u00e1 \u00e1byrgan h\u00e1tt\u201c segir Sofie. ,,En \u00e1 s\u00f6mu s\u00ed\u00f0u m\u00e1 finna myndb\u00f6nd fr\u00e1 \u00de\u00fdskalandi \u00e1 t\u00edmum nasismans, \u00fear sem fyrri heimsstyrj\u00f6ldin og flugv\u00e9lar Nasista eru lofa\u00f0ar h\u00e1st\u00f6fum (11). Hvers konar si\u00f0fer\u00f0i er \u00fea\u00f0?\u201d<\/p>\n<p><strong>Virkjun \u00dej\u00f3rs\u00e1r<\/strong><br \/>\nN\u00fa stefnir allt \u00ed a\u00f0 \u00dej\u00f3rs\u00e1rvirkjanirnar \u00ferj\u00e1r og B\u00fa\u00f0arh\u00e1lsvirkjun ver\u00f0i a\u00f0 veruleika, \u00fer\u00e1tt fyrir sterka andst\u00f6\u00f0u b\u00e6nda vi\u00f0 \u00dej\u00f3rs\u00e1. Landsvirkjun hefur fari\u00f0 hverja fer\u00f0ina \u00e1 f\u00e6tur annari upp a\u00f0 \u00dej\u00f3rs\u00e1 \u00ed \u00feeim tilgangi a\u00f0 reyna a\u00f0 f\u00e1 b\u00e6ndur til a\u00f0 sam\u00feykkja framkv\u00e6mdirnar. Eftir a\u00f0 n\u00edu b\u00e6ndur af \u00feeim t\u00edu sem munu ver\u00f0a fyrir \u00e1hrifum af byggingu Urri\u00f0afossvirkjunnar, afhentu Landsvirkjun br\u00e9f um a\u00f0 \u00feeir t\u00e6kju ekki frekari \u00fe\u00e1tt \u00ed umr\u00e6\u00f0um um virkjanirnar, hefur Landsvirkjun h\u00f3ta\u00f0 a\u00f0 beita eignarn\u00e1mi til a\u00f0 n\u00e1 s\u00ednu fram.<\/p>\n<p>\u00cd vi\u00f0tali vi\u00f0 Sunnlenska, sag\u00f0i J\u00f3n \u00c1rni Vignisson, b\u00f3ndi vi\u00f0 \u00dej\u00f3rs\u00e1, a\u00f0 Sveitastj\u00f3rn Fl\u00f3ahrepps hafi sam\u00feykkt breytingu \u00e1 a\u00f0alskipulagi \u00fear sem gert er r\u00e1\u00f0 fyrir virkjun Urri\u00f0afoss, eftir a\u00f0 Landsvirkjun hafi lofa\u00f0 a\u00f0 koma a\u00f0 \u00fdmsum m\u00e1lum innan sveitarinnar, t.d. betra fars\u00edmasambandi, vegager\u00f0 og vatns\u00f6flun \u00e1samt peningagrei\u00f0slu (12).<\/p>\n<p>St\u00e6kkun \u00e1lvers Rio Tinto-Alcan og virkjun \u00dej\u00f3rs\u00e1r eru st\u00f3rspilltar framkv\u00e6mdir, sem \u00fearf a\u00f0 st\u00f6\u00f0va \u00e1\u00f0ur en \u00fe\u00e6r hefjast.<\/p>\n<p><strong>Um Saving Iceland<\/strong><br \/>\nSaving Iceland var\u00f0 til \u00feegar \u00edslenskir umhverfissinnar k\u00f6llu\u00f0u eftir al\u00fej\u00f3\u00f0legri a\u00f0sto\u00f0 til a\u00f0 verna \u00edslensk \u00f6r\u00e6fi &#8211; og samf\u00e9lag &#8211; fr\u00e1 gr\u00e6\u00f0gi \u00e1l- og orkufyrirt\u00e6kja. \u00cd sumar hefur h\u00f3purinn sta\u00f0i\u00f0 fyrir fj\u00f3r\u00f0u a\u00f0ger\u00f0ab\u00fa\u00f0um s\u00ednum; \u00ed \u00feetta sinn \u00e1 Hellishei\u00f0i, en \u00e1\u00f0ur hafa b\u00fa\u00f0irnar \u00e1tt s\u00e9r sta\u00f0 \u00e1 Mosfellshei\u00f0i, vi\u00f0 K\u00e1rahnj\u00faka og \u00e1 Rey\u00f0arfir\u00f0i.<\/p>\n<p><strong>Heimildir:<\/strong><\/p>\n<p>(1) Mbl.is, \u00c1lframlei\u00f0sla hj\u00e1 Alcan aukin um 22 pr\u00f3sent,\u00a0<a title=\"http:\/\/www.mbl.is\/mm\/frettir\/innlent\/2007\/12\/29\/alframleidsla_hja_alcan_aukin_um_22_prosent\/\" href=\"http:\/\/www.mbl.is\/mm\/frettir\/innlent\/2007\/12\/29\/alframleidsla_hja_alcan_aukin_um_22_prosent\/\" target=\"_blank\" rel=\"nofollow\">http:\/\/www.mbl.is\/mm\/frettir\/innlent\/200\u2026<\/a><br \/>\n(2) Mbl.is, Fyrirhuga\u00f0ar framkv\u00e6mdir og orkusala haldast \u00ed hendur,\u00a0<a title=\"http:\/\/www.mbl.is\/mm\/frettir\/innlent\/2007\/11\/13\/fyrirhugadar_framkvaemdir_og_orkusala_haldast_i_hen\/\" href=\"http:\/\/www.mbl.is\/mm\/frettir\/innlent\/2007\/11\/13\/fyrirhugadar_framkvaemdir_og_orkusala_haldast_i_hen\/\" target=\"_blank\" rel=\"nofollow\">http:\/\/www.mbl.is\/mm\/frettir\/innlent\/200\u2026<\/a><br \/>\n(3) Mbl.is, 200 mw orkusala \u00far s\u00f6gunni,\u00a0<a title=\"http:\/\/www.mbl.is\/mm\/frettir\/innlent\/2008\/04\/20\/200_mw_orkusala_ur_sogunni\/\" href=\"http:\/\/www.mbl.is\/mm\/frettir\/innlent\/2008\/04\/20\/200_mw_orkusala_ur_sogunni\/\" target=\"_blank\" rel=\"nofollow\">http:\/\/www.mbl.is\/mm\/frettir\/innlent\/200\u2026<\/a><br \/>\n(4) V\u00edsir.is, Alcan keppir \u00e1fram um orku \u00dej\u00f3rs\u00e1r,\u00a0<a title=\"http:\/\/visir.is\/article\/20070909\/FRETTIR01\/70909058\/0\/leit&amp;SearchID=73325485751226\" href=\"http:\/\/visir.is\/article\/20070909\/FRETTIR01\/70909058\/0\/leit&amp;SearchID=73325485751226\" target=\"_blank\" rel=\"nofollow\">http:\/\/visir.is\/article\/20070909\/FRETTIR\u2026<\/a><br \/>\n(5) Heimas\u00ed\u00f0a Rio Tinto-Alcan \u00e1 \u00cdslandi,\u00a0<a title=\"http:\/\/www.riotintoalcan.is\/?PageID=12&amp;NewsID=175\" href=\"http:\/\/www.riotintoalcan.is\/?PageID=12&amp;NewsID=175\" target=\"_blank\" rel=\"nofollow\">http:\/\/www.riotintoalcan.is\/?PageID=12&amp;a\u2026<\/a><br \/>\n(6) Mbl.is, Sigur fyrir l\u00fd\u00f0r\u00e6\u00f0i\u00f0,\u00a0<a title=\"http:\/\/www.mbl.is\/mm\/frettir\/innlent\/2007\/03\/31\/sigur_fyrir_lydraedid\/\" href=\"http:\/\/www.mbl.is\/mm\/frettir\/innlent\/2007\/03\/31\/sigur_fyrir_lydraedid\/\" target=\"_blank\" rel=\"nofollow\">http:\/\/www.mbl.is\/mm\/frettir\/innlent\/200\u2026<\/a><br \/>\n(7) Mbl.is, \u00c1lver \u00e1 landfyllingu,\u00a0<a title=\"http:\/\/mbl.is\/mm\/frettir\/innlent\/2007\/06\/20\/alver_a_landfyllingu\/\" href=\"http:\/\/mbl.is\/mm\/frettir\/innlent\/2007\/06\/20\/alver_a_landfyllingu\/\" target=\"_blank\" rel=\"nofollow\">http:\/\/mbl.is\/mm\/frettir\/innlent\/2007\/06\u2026<\/a><br \/>\n(8)Vefs\u00ed\u00f0a Alcan,\u00a0<a title=\"http:\/\/www.alcan.com\/web\/publishing.nsf\/Content\/Alcan+Becomes+Leading+Heavy+Gauge+Plate+Aluminum+Supplier+for+the+F-35,+Joint+Strike+Fighter+\" href=\"http:\/\/www.alcan.com\/web\/publishing.nsf\/Content\/Alcan+Becomes+Leading+Heavy+Gauge+Plate+Aluminum+Supplier+for+the+F-35,+Joint+Strike+Fighter+\" target=\"_blank\" rel=\"nofollow\">http:\/\/www.alcan.com\/web\/publishing.nsf\/\u2026<\/a>(JSF<br \/>\n(9) Vefs\u00ed\u00f0a ABC Money,\u00a0<a title=\"http:\/\/www.abcmoney.co.uk\/news\/13200786914.htm\" href=\"http:\/\/www.abcmoney.co.uk\/news\/13200786914.htm\" target=\"_blank\" rel=\"nofollow\">http:\/\/www.abcmoney.co.uk\/news\/132007869\u2026<\/a><br \/>\n(10) Vefs\u00ed\u00f0a EADS,\u00a0<a title=\"http:\/\/www.eads.com\/1024\/en\/businet\/defence\/mas\/combat_aircraft\/combat_aircraft.html\" href=\"http:\/\/www.eads.com\/1024\/en\/businet\/defence\/mas\/combat_aircraft\/combat_aircraft.html\" target=\"_blank\" rel=\"nofollow\">http:\/\/www.eads.com\/1024\/en\/businet\/defe\u2026<\/a><br \/>\n(11) Myndband sem segir s\u00f6gu EADS,\u00a0<a title=\"http:\/\/www.eads.com\/xml\/content\/OF00000000400004\/0\/64\/41488640.asx\" href=\"http:\/\/www.eads.com\/xml\/content\/OF00000000400004\/0\/64\/41488640.asx\" target=\"_blank\" rel=\"nofollow\">http:\/\/www.eads.com\/xml\/content\/OF000000\u2026<\/a><br \/>\n(12) Sunnlenska Fr\u00e9ttabla\u00f0i\u00f0, 30. t\u00f6lubla\u00f0, Eigum marga a\u00f0ra valkosti, bls. 8-9, 24. J\u00fal\u00ed 2008<\/p>\n<\/div>\n<table>\n<tbody>\n<tr>\n<td><a href=\"http:\/\/www.mbl.is\/frettir\/innlent\/2008\/08\/01\/engar_umferdartafir_vid_straumsvik\/\"><img decoding=\"async\" src=\"http:\/\/sapuopera.blog.is\/img\/blog_mbl.gif\" alt=\"mbl.is\" border=\"0\" \/><\/a><\/td>\n<td><a href=\"http:\/\/www.mbl.is\/frettir\/innlent\/2008\/08\/01\/engar_umferdartafir_vid_straumsvik\/\">Engar umfer\u00f0artafir vi\u00f0 Straumsv\u00edk<\/a><\/td>\n<\/tr>\n<tr>\n<td colspan=\"2\"><\/td>\n<\/tr>\n<\/tbody>\n<\/table>\n<\/div>\n<div><\/div>\n","protected":false},"excerpt":{"rendered":"<p>\u00dea\u00f0 er helbert rugl a\u00f0 \u00feessi m\u00f3tm\u00e6li hafi ekki valdi\u00f0 umfer\u00f0art\u00f6fum. L\u00f6greglan hefur \u00feurft a\u00f0 sn\u00faa m\u00f6rgum b\u00edlstj\u00f3rum fr\u00e1. Sennilega \u00e1 \u00feessi fr\u00e9tt um engar tafir a\u00f0 brei\u00f0a yfir r\u00e1\u00f0aleysi l\u00f6greglunnar sem er n\u00fa loksins a\u00f0 \u00e1tta sig \u00e1 \u00fev\u00ed &hellip; <a href=\"https:\/\/www.norn.is\/pistlar\/nu-af-hverju-er-tha-bilstjorum-snuid-vid\/\">Halda \u00e1fram a\u00f0 lesa <span class=\"meta-nav\">&rarr;<\/span><\/a><\/p>\n","protected":false},"author":1,"featured_media":0,"comment_status":"closed","ping_status":"closed","sticky":false,"template":"","format":"standard","meta":{"footnotes":"","_links_to":"","_links_to_target":""},"categories":[15,1,684],"tags":[80],"class_list":["post-5500","post","type-post","status-publish","format-standard","hentry","category-andof-og-yfirvald","category-pistlar","category-vidtol","tag-saving-iceland"],"yoast_head":"<!-- This site is optimized with the Yoast SEO plugin v27.5 - https:\/\/yoast.com\/product\/yoast-seo-wordpress\/ -->\n<title>N\u00fa af hverju er \u00fe\u00e1 b\u00edlstj\u00f3rum sn\u00fai\u00f0 vi\u00f0? - Pistlar Evu<\/title>\n<meta name=\"robots\" content=\"index, follow, max-snippet:-1, max-image-preview:large, max-video-preview:-1\" \/>\n<link rel=\"canonical\" href=\"https:\/\/www.norn.is\/pistlar\/nu-af-hverju-er-tha-bilstjorum-snuid-vid\/\" \/>\n<meta property=\"og:locale\" content=\"is_IS\" \/>\n<meta property=\"og:type\" content=\"article\" \/>\n<meta property=\"og:title\" content=\"N\u00fa af hverju er \u00fe\u00e1 b\u00edlstj\u00f3rum sn\u00fai\u00f0 vi\u00f0? - Pistlar Evu\" \/>\n<meta property=\"og:description\" content=\"\u00dea\u00f0 er helbert rugl a\u00f0 \u00feessi m\u00f3tm\u00e6li hafi ekki valdi\u00f0 umfer\u00f0art\u00f6fum. L\u00f6greglan hefur \u00feurft a\u00f0 sn\u00faa m\u00f6rgum b\u00edlstj\u00f3rum fr\u00e1. Sennilega \u00e1 \u00feessi fr\u00e9tt um engar tafir a\u00f0 brei\u00f0a yfir r\u00e1\u00f0aleysi l\u00f6greglunnar sem er n\u00fa loksins a\u00f0 \u00e1tta sig \u00e1 \u00fev\u00ed &hellip; Halda \u00e1fram a\u00f0 lesa &rarr;\" \/>\n<meta property=\"og:url\" content=\"https:\/\/www.norn.is\/pistlar\/nu-af-hverju-er-tha-bilstjorum-snuid-vid\/\" \/>\n<meta property=\"og:site_name\" content=\"Pistlar Evu\" \/>\n<meta property=\"article:published_time\" content=\"2008-08-01T15:56:48+00:00\" \/>\n<meta property=\"article:modified_time\" content=\"2017-09-08T14:37:28+00:00\" \/>\n<meta property=\"og:image\" content=\"http:\/\/sapuopera.blog.is\/img\/blog_mbl.gif\" \/>\n<meta name=\"author\" content=\"admin\" \/>\n<meta name=\"twitter:card\" content=\"summary_large_image\" \/>\n<meta name=\"twitter:label1\" content=\"Written by\" \/>\n\t<meta name=\"twitter:data1\" content=\"\" \/>\n\t<meta name=\"twitter:label2\" content=\"Est. reading time\" \/>\n\t<meta name=\"twitter:data2\" content=\"6 minutes\" \/>\n<script type=\"application\/ld+json\" class=\"yoast-schema-graph\">{\"@context\":\"https:\\\/\\\/schema.org\",\"@graph\":[{\"@type\":\"Article\",\"@id\":\"https:\\\/\\\/www.norn.is\\\/pistlar\\\/nu-af-hverju-er-tha-bilstjorum-snuid-vid\\\/#article\",\"isPartOf\":{\"@id\":\"https:\\\/\\\/www.norn.is\\\/pistlar\\\/nu-af-hverju-er-tha-bilstjorum-snuid-vid\\\/\"},\"author\":{\"name\":\"admin\",\"@id\":\"https:\\\/\\\/www.norn.is\\\/pistlar\\\/#\\\/schema\\\/person\\\/1a27d7aee01469adf3180f8fd9e72c46\"},\"headline\":\"N\u00fa af hverju er \u00fe\u00e1 b\u00edlstj\u00f3rum sn\u00fai\u00f0 vi\u00f0?\",\"datePublished\":\"2008-08-01T15:56:48+00:00\",\"dateModified\":\"2017-09-08T14:37:28+00:00\",\"mainEntityOfPage\":{\"@id\":\"https:\\\/\\\/www.norn.is\\\/pistlar\\\/nu-af-hverju-er-tha-bilstjorum-snuid-vid\\\/\"},\"wordCount\":1172,\"image\":{\"@id\":\"https:\\\/\\\/www.norn.is\\\/pistlar\\\/nu-af-hverju-er-tha-bilstjorum-snuid-vid\\\/#primaryimage\"},\"thumbnailUrl\":\"http:\\\/\\\/sapuopera.blog.is\\\/img\\\/blog_mbl.gif\",\"keywords\":[\"Saving Iceland\"],\"articleSection\":[\"And\u00f3f og yfirvald\",\"Pistlar um samf\u00e9lagsm\u00e1l\",\"Vi\u00f0t\u00f6l og gestapistlar\"],\"inLanguage\":\"is\"},{\"@type\":\"WebPage\",\"@id\":\"https:\\\/\\\/www.norn.is\\\/pistlar\\\/nu-af-hverju-er-tha-bilstjorum-snuid-vid\\\/\",\"url\":\"https:\\\/\\\/www.norn.is\\\/pistlar\\\/nu-af-hverju-er-tha-bilstjorum-snuid-vid\\\/\",\"name\":\"N\u00fa af hverju er \u00fe\u00e1 b\u00edlstj\u00f3rum sn\u00fai\u00f0 vi\u00f0? - Pistlar Evu\",\"isPartOf\":{\"@id\":\"https:\\\/\\\/www.norn.is\\\/pistlar\\\/#website\"},\"primaryImageOfPage\":{\"@id\":\"https:\\\/\\\/www.norn.is\\\/pistlar\\\/nu-af-hverju-er-tha-bilstjorum-snuid-vid\\\/#primaryimage\"},\"image\":{\"@id\":\"https:\\\/\\\/www.norn.is\\\/pistlar\\\/nu-af-hverju-er-tha-bilstjorum-snuid-vid\\\/#primaryimage\"},\"thumbnailUrl\":\"http:\\\/\\\/sapuopera.blog.is\\\/img\\\/blog_mbl.gif\",\"datePublished\":\"2008-08-01T15:56:48+00:00\",\"dateModified\":\"2017-09-08T14:37:28+00:00\",\"author\":{\"@id\":\"https:\\\/\\\/www.norn.is\\\/pistlar\\\/#\\\/schema\\\/person\\\/1a27d7aee01469adf3180f8fd9e72c46\"},\"breadcrumb\":{\"@id\":\"https:\\\/\\\/www.norn.is\\\/pistlar\\\/nu-af-hverju-er-tha-bilstjorum-snuid-vid\\\/#breadcrumb\"},\"inLanguage\":\"is\",\"potentialAction\":[{\"@type\":\"ReadAction\",\"target\":[\"https:\\\/\\\/www.norn.is\\\/pistlar\\\/nu-af-hverju-er-tha-bilstjorum-snuid-vid\\\/\"]}]},{\"@type\":\"ImageObject\",\"inLanguage\":\"is\",\"@id\":\"https:\\\/\\\/www.norn.is\\\/pistlar\\\/nu-af-hverju-er-tha-bilstjorum-snuid-vid\\\/#primaryimage\",\"url\":\"http:\\\/\\\/sapuopera.blog.is\\\/img\\\/blog_mbl.gif\",\"contentUrl\":\"http:\\\/\\\/sapuopera.blog.is\\\/img\\\/blog_mbl.gif\"},{\"@type\":\"BreadcrumbList\",\"@id\":\"https:\\\/\\\/www.norn.is\\\/pistlar\\\/nu-af-hverju-er-tha-bilstjorum-snuid-vid\\\/#breadcrumb\",\"itemListElement\":[{\"@type\":\"ListItem\",\"position\":1,\"name\":\"Home\",\"item\":\"https:\\\/\\\/www.norn.is\\\/pistlar\\\/\"},{\"@type\":\"ListItem\",\"position\":2,\"name\":\"N\u00fa af hverju er \u00fe\u00e1 b\u00edlstj\u00f3rum sn\u00fai\u00f0 vi\u00f0?\"}]},{\"@type\":\"WebSite\",\"@id\":\"https:\\\/\\\/www.norn.is\\\/pistlar\\\/#website\",\"url\":\"https:\\\/\\\/www.norn.is\\\/pistlar\\\/\",\"name\":\"Pistlar Evu\",\"description\":\"\",\"potentialAction\":[{\"@type\":\"SearchAction\",\"target\":{\"@type\":\"EntryPoint\",\"urlTemplate\":\"https:\\\/\\\/www.norn.is\\\/pistlar\\\/?s={search_term_string}\"},\"query-input\":{\"@type\":\"PropertyValueSpecification\",\"valueRequired\":true,\"valueName\":\"search_term_string\"}}],\"inLanguage\":\"is\"},{\"@type\":\"Person\",\"@id\":\"https:\\\/\\\/www.norn.is\\\/pistlar\\\/#\\\/schema\\\/person\\\/1a27d7aee01469adf3180f8fd9e72c46\",\"name\":\"admin\",\"url\":\"https:\\\/\\\/www.norn.is\\\/pistlar\\\/author\\\/admin\\\/\"}]}<\/script>\n<!-- \/ Yoast SEO plugin. -->","yoast_head_json":{"title":"N\u00fa af hverju er \u00fe\u00e1 b\u00edlstj\u00f3rum sn\u00fai\u00f0 vi\u00f0? - Pistlar Evu","robots":{"index":"index","follow":"follow","max-snippet":"max-snippet:-1","max-image-preview":"max-image-preview:large","max-video-preview":"max-video-preview:-1"},"canonical":"https:\/\/www.norn.is\/pistlar\/nu-af-hverju-er-tha-bilstjorum-snuid-vid\/","og_locale":"is_IS","og_type":"article","og_title":"N\u00fa af hverju er \u00fe\u00e1 b\u00edlstj\u00f3rum sn\u00fai\u00f0 vi\u00f0? - Pistlar Evu","og_description":"\u00dea\u00f0 er helbert rugl a\u00f0 \u00feessi m\u00f3tm\u00e6li hafi ekki valdi\u00f0 umfer\u00f0art\u00f6fum. L\u00f6greglan hefur \u00feurft a\u00f0 sn\u00faa m\u00f6rgum b\u00edlstj\u00f3rum fr\u00e1. Sennilega \u00e1 \u00feessi fr\u00e9tt um engar tafir a\u00f0 brei\u00f0a yfir r\u00e1\u00f0aleysi l\u00f6greglunnar sem er n\u00fa loksins a\u00f0 \u00e1tta sig \u00e1 \u00fev\u00ed &hellip; Halda \u00e1fram a\u00f0 lesa &rarr;","og_url":"https:\/\/www.norn.is\/pistlar\/nu-af-hverju-er-tha-bilstjorum-snuid-vid\/","og_site_name":"Pistlar Evu","article_published_time":"2008-08-01T15:56:48+00:00","article_modified_time":"2017-09-08T14:37:28+00:00","og_image":[{"url":"http:\/\/sapuopera.blog.is\/img\/blog_mbl.gif","type":"","width":"","height":""}],"author":"admin","twitter_card":"summary_large_image","twitter_misc":{"Written by":false,"Est. reading time":"6 minutes"},"schema":{"@context":"https:\/\/schema.org","@graph":[{"@type":"Article","@id":"https:\/\/www.norn.is\/pistlar\/nu-af-hverju-er-tha-bilstjorum-snuid-vid\/#article","isPartOf":{"@id":"https:\/\/www.norn.is\/pistlar\/nu-af-hverju-er-tha-bilstjorum-snuid-vid\/"},"author":{"name":"admin","@id":"https:\/\/www.norn.is\/pistlar\/#\/schema\/person\/1a27d7aee01469adf3180f8fd9e72c46"},"headline":"N\u00fa af hverju er \u00fe\u00e1 b\u00edlstj\u00f3rum sn\u00fai\u00f0 vi\u00f0?","datePublished":"2008-08-01T15:56:48+00:00","dateModified":"2017-09-08T14:37:28+00:00","mainEntityOfPage":{"@id":"https:\/\/www.norn.is\/pistlar\/nu-af-hverju-er-tha-bilstjorum-snuid-vid\/"},"wordCount":1172,"image":{"@id":"https:\/\/www.norn.is\/pistlar\/nu-af-hverju-er-tha-bilstjorum-snuid-vid\/#primaryimage"},"thumbnailUrl":"http:\/\/sapuopera.blog.is\/img\/blog_mbl.gif","keywords":["Saving Iceland"],"articleSection":["And\u00f3f og yfirvald","Pistlar um samf\u00e9lagsm\u00e1l","Vi\u00f0t\u00f6l og gestapistlar"],"inLanguage":"is"},{"@type":"WebPage","@id":"https:\/\/www.norn.is\/pistlar\/nu-af-hverju-er-tha-bilstjorum-snuid-vid\/","url":"https:\/\/www.norn.is\/pistlar\/nu-af-hverju-er-tha-bilstjorum-snuid-vid\/","name":"N\u00fa af hverju er \u00fe\u00e1 b\u00edlstj\u00f3rum sn\u00fai\u00f0 vi\u00f0? - Pistlar Evu","isPartOf":{"@id":"https:\/\/www.norn.is\/pistlar\/#website"},"primaryImageOfPage":{"@id":"https:\/\/www.norn.is\/pistlar\/nu-af-hverju-er-tha-bilstjorum-snuid-vid\/#primaryimage"},"image":{"@id":"https:\/\/www.norn.is\/pistlar\/nu-af-hverju-er-tha-bilstjorum-snuid-vid\/#primaryimage"},"thumbnailUrl":"http:\/\/sapuopera.blog.is\/img\/blog_mbl.gif","datePublished":"2008-08-01T15:56:48+00:00","dateModified":"2017-09-08T14:37:28+00:00","author":{"@id":"https:\/\/www.norn.is\/pistlar\/#\/schema\/person\/1a27d7aee01469adf3180f8fd9e72c46"},"breadcrumb":{"@id":"https:\/\/www.norn.is\/pistlar\/nu-af-hverju-er-tha-bilstjorum-snuid-vid\/#breadcrumb"},"inLanguage":"is","potentialAction":[{"@type":"ReadAction","target":["https:\/\/www.norn.is\/pistlar\/nu-af-hverju-er-tha-bilstjorum-snuid-vid\/"]}]},{"@type":"ImageObject","inLanguage":"is","@id":"https:\/\/www.norn.is\/pistlar\/nu-af-hverju-er-tha-bilstjorum-snuid-vid\/#primaryimage","url":"http:\/\/sapuopera.blog.is\/img\/blog_mbl.gif","contentUrl":"http:\/\/sapuopera.blog.is\/img\/blog_mbl.gif"},{"@type":"BreadcrumbList","@id":"https:\/\/www.norn.is\/pistlar\/nu-af-hverju-er-tha-bilstjorum-snuid-vid\/#breadcrumb","itemListElement":[{"@type":"ListItem","position":1,"name":"Home","item":"https:\/\/www.norn.is\/pistlar\/"},{"@type":"ListItem","position":2,"name":"N\u00fa af hverju er \u00fe\u00e1 b\u00edlstj\u00f3rum sn\u00fai\u00f0 vi\u00f0?"}]},{"@type":"WebSite","@id":"https:\/\/www.norn.is\/pistlar\/#website","url":"https:\/\/www.norn.is\/pistlar\/","name":"Pistlar Evu","description":"","potentialAction":[{"@type":"SearchAction","target":{"@type":"EntryPoint","urlTemplate":"https:\/\/www.norn.is\/pistlar\/?s={search_term_string}"},"query-input":{"@type":"PropertyValueSpecification","valueRequired":true,"valueName":"search_term_string"}}],"inLanguage":"is"},{"@type":"Person","@id":"https:\/\/www.norn.is\/pistlar\/#\/schema\/person\/1a27d7aee01469adf3180f8fd9e72c46","name":"admin","url":"https:\/\/www.norn.is\/pistlar\/author\/admin\/"}]}},"_links":{"self":[{"href":"https:\/\/www.norn.is\/pistlar\/wp-json\/wp\/v2\/posts\/5500","targetHints":{"allow":["GET"]}}],"collection":[{"href":"https:\/\/www.norn.is\/pistlar\/wp-json\/wp\/v2\/posts"}],"about":[{"href":"https:\/\/www.norn.is\/pistlar\/wp-json\/wp\/v2\/types\/post"}],"author":[{"embeddable":true,"href":"https:\/\/www.norn.is\/pistlar\/wp-json\/wp\/v2\/users\/1"}],"replies":[{"embeddable":true,"href":"https:\/\/www.norn.is\/pistlar\/wp-json\/wp\/v2\/comments?post=5500"}],"version-history":[{"count":5,"href":"https:\/\/www.norn.is\/pistlar\/wp-json\/wp\/v2\/posts\/5500\/revisions"}],"predecessor-version":[{"id":12025,"href":"https:\/\/www.norn.is\/pistlar\/wp-json\/wp\/v2\/posts\/5500\/revisions\/12025"}],"wp:attachment":[{"href":"https:\/\/www.norn.is\/pistlar\/wp-json\/wp\/v2\/media?parent=5500"}],"wp:term":[{"taxonomy":"category","embeddable":true,"href":"https:\/\/www.norn.is\/pistlar\/wp-json\/wp\/v2\/categories?post=5500"},{"taxonomy":"post_tag","embeddable":true,"href":"https:\/\/www.norn.is\/pistlar\/wp-json\/wp\/v2\/tags?post=5500"}],"curies":[{"name":"wp","href":"https:\/\/api.w.org\/{rel}","templated":true}]}}