{"id":5429,"date":"2008-08-09T18:33:48","date_gmt":"2008-08-09T18:33:48","guid":{"rendered":"http:\/\/www.pistillinn.is\/?p=5429"},"modified":"2018-09-18T14:57:14","modified_gmt":"2018-09-18T14:57:14","slug":"arabar-berja-konur-og-born-othaegileg-stadreynd","status":"publish","type":"post","link":"https:\/\/www.norn.is\/pistlar\/arabar-berja-konur-og-born-othaegileg-stadreynd\/","title":{"rendered":"Arabar berja konur og b\u00f6rn &#8211; \u00f3\u00fe\u00e6gileg sta\u00f0reynd"},"content":{"rendered":"<div id=\"entry-8883\">\n<div>\n<p>\u00c9g hef ekki verulegar \u00e1hyggjur af \u00fev\u00ed a\u00f0 K\u00ednverjar, \u00cdranar, Indverjar muni ska\u00f0a \u00edslenska menningu. M\u00e9r finnst \u00fea\u00f0 heimskulegt vi\u00f0horf a\u00f0 allir sem eru me\u00f0 handkl\u00e6\u00f0i \u00e1 hausnum, hlj\u00f3ti a\u00f0 vera hry\u00f0juverkamenn. \u00c9g \u00e1l\u00edt \u00fea\u00f0 skyldu okkar sem \u00fej\u00f3\u00f0ar a\u00f0 skj\u00f3ta skj\u00f3lsh\u00fasi yfir einhverja \u00feeirra sem eru ofs\u00f3ttir vegna sko\u00f0ana sinna e\u00f0a nj\u00f3ta ekki \u00f6ryggis \u00ed heimalandi s\u00ednu.<\/p>\n<p><!--more--><\/p>\n<p>\u00c9g vil endilega a\u00f0 \u00fatlendingar s\u00e9u velkomnir hinga\u00f0 en engu a\u00f0 s\u00ed\u00f0ur \u00fearf a\u00f0 standa skynsamlega a\u00f0 innflutningi f\u00f3lks fr\u00e1 \u00f3l\u00edkum menningarheimum. Vi\u00f0 \u00feurfum a\u00f0 vi\u00f0urkenna menningarmun og gera upp vi\u00f0 okkur hva\u00f0 vi\u00f0 getum fellt okkur vi\u00f0 og hva\u00f0 ekki. Vi\u00f0 getum reikna\u00f0 me\u00f0 a\u00f0 \u00feeir sem hafa alist upp \u00ed l\u00f6ndum \u00fear sem t\u00ed\u00f0kast a\u00f0 gr\u00fdta f\u00f3lk til bana fyrir kynheg\u00f0un sem fellur ekki \u00ed krami\u00f0 hj\u00e1 yfirv\u00f6ldum e\u00f0a handarh\u00f6ggva \u00fej\u00f3fa, l\u00edti \u00e1 \u00fea\u00f0 sem sj\u00e1lfsagt og e\u00f0lilegt a\u00f0 menn berji fj\u00f6lskyldur s\u00ednar til hl\u00fd\u00f0ni. \u00c1 sama h\u00e1tt m\u00e1 gera r\u00e1\u00f0 fyrir a\u00f0 f\u00f3lk fr\u00e1 r\u00edkjum \u00fear sem \u00f6lvunarakstur \u00feykir ekki tilt\u00f6kum\u00e1l, muni halda \u00e1fram a\u00f0 aka undir \u00e1hrifum, sem \u00fea\u00f0 og gerir.<\/p>\n<p>M\u00e9r finnst f\u00e1r\u00e1nlegt a\u00f0 reyna a\u00f0 gera Afgana a\u00f0 \u00cdslendingum bara af \u00fev\u00ed a\u00f0 \u00feeir vilji b\u00faa h\u00e9r en \u00fea\u00f0 hl\u00fdtur \u00fe\u00f3 a\u00f0 teljast sanngj\u00f6rn krafa a\u00f0 s\u00e1 sem flytur til annars lands til \u00feess a\u00f0 nj\u00f3ta verndar gegn ofbeldi, str\u00ed\u00f0i e\u00f0a f\u00e1t\u00e6kt, leysi sj\u00e1lfur \u00e1greiningsm\u00e1l \u00e1n \u00feess a\u00f0 beita hnefar\u00e9ttinum. Menningarmunur og tr\u00faarbr\u00f6g\u00f0 eru engin r\u00f6k fyrir \u00fev\u00ed a\u00f0 sl\u00e1 af kr\u00f6fum um a\u00f0 ALLIR \u00ed okkar samf\u00e9lagi eigi r\u00e9tt \u00e1 a\u00f0 lifa vi\u00f0 \u00f6ryggi, l\u00edka arabakonur og indversk b\u00f6rn.<\/p>\n<p>\u00c9g hef samt enga \u00b4tr\u00fa \u00e1 a\u00f0 s\u00e9 n\u00f3g a\u00f0 segja \u00fea\u00f0. Ef marka m\u00e1 \u00fej\u00f3\u00f0ars\u00e1lina \u00e1 \u00fatvarpi S\u00f6gu og Moggablogginu er nokku\u00f0 st\u00f3r hluta \u00cdslendinga sem vir\u00f0ist skorta h\u00e6fni til a\u00f0 skilja hva\u00f0 er svona sl\u00e6mt vi\u00f0 a\u00f0 vera fl\u00f3ttama\u00f0ur. \u00c9g hef\u00f0i haldi\u00f0 a\u00f0 \u00fea\u00f0 v\u00e6ri auglj\u00f3st en \u00fea\u00f0 eru greinilega einhverjir sem \u00feurfa virkilega \u00fatsk\u00fdringu \u00e1 \u00fev\u00ed. \u00dear sem ekkert s\u00e9rstakt bendir til \u00feess a\u00f0 \u00cdslendingar s\u00e9u \u00f6\u00f0rum \u00fej\u00f3\u00f0um heimskari, getum vi\u00f0 gert r\u00e1\u00f0 fyrir \u00fev\u00ed a\u00f0 \u00e1 sama h\u00e1tt s\u00e9 nokku\u00f0 um a\u00f0 f\u00f3lk fr\u00e1 \u00f3l\u00edkum menningarsv\u00e6\u00f0um, \u00e1tti sig ekki \u00e1 \u00fev\u00ed auglj\u00f3sa, a\u00f0 heimilisofbeldi, kvennak\u00fagun og \u00e6rumor\u00f0 s\u00e9u ekki g\u00f3\u00f0 hugmynd.<\/p>\n<p>Vi\u00f0 getum bari\u00f0 hausnum vi\u00f0 steininn og tali\u00f0 sj\u00e1lfum okkur tr\u00fa um a\u00f0 besta lei\u00f0in til a\u00f0 komast hj\u00e1 \u00fev\u00ed a\u00f0 h\u00e9r r\u00edsi hverfi innflytjenda sem hafa si\u00f0fer\u00f0ishugmyndir sem vi\u00f0 getum ekki sam\u00feykkt, s\u00e9 s\u00fa a\u00f0 hindra a\u00f0 \u00fatlendingar flytji til \u00cdslands. \u00dea\u00f0 er n\u00fa samt svo a\u00f0 hvort sem vi\u00f0 h\u00f6fum sam\u00fa\u00f0 me\u00f0 fl\u00f3ttam\u00f6nnum e\u00f0a ekki, \u00fe\u00e1 er \u00fer\u00f3unin \u00ed \u00fe\u00e1 \u00e1tt a\u00f0 opna landam\u00e6ri og \u00fea\u00f0 mun l\u00edka gerast h\u00e9r. \u00dea\u00f0 eina sem hefst upp \u00far \u00feeirri h\u00f6r\u00f0u innflytjendastefnu sem vi\u00f0 fylgjum er \u00fea\u00f0 a\u00f0 vi\u00f0 frestum erfi\u00f0leikunum sem fylgja \u00f3hj\u00e1kv\u00e6milega m\u00f6rgum innflytjendum og sendum \u00f3\u00fearflega margt f\u00f3lk \u00ed \u00f3vi\u00f0unandi a\u00f0st\u00e6\u00f0ur. Vi\u00f0 getum stungi\u00f0 hausnum \u00ed sandinn en \u00fea\u00f0 kemur aftan a\u00f0 okkur. A\u00f0 \u00f6llu \u00f3breyttu munum vi\u00f0 ganga \u00ed gegnum sama ferli og a\u00f0rir Nor\u00f0urlandab\u00faar, gl\u00edma vi\u00f0 sama kyn\u00fe\u00e1ttahatri\u00f0 og s\u00f6mu \u00e1rekstrana. \u00c9g vildi frekar a\u00f0 vi\u00f0 hef\u00f0um hugrekki til a\u00f0 vi\u00f0urkenna \u00f3\u00fe\u00e6gilegar sta\u00f0reyndir, eins og t.d. \u00fe\u00e1 a\u00f0 arabar berja konurnar s\u00ednar. Ef \u00feetta vola\u00f0a al\u00feingi okkar hef\u00f0i hugrekki til a\u00f0 r\u00e6\u00f0a m\u00e1l innflytjenda af hispursleysi, g\u00e6tum vi\u00f0 teki\u00f0 upp fyrirbyggjandi a\u00f0ger\u00f0ir. Vi\u00f0 \u00e6ttum frekar en a\u00f0 loka \u00e1 f\u00f3lk \u00ed nau\u00f0um, a\u00f0 b\u00faa okkur undir a\u00f0 gera innflytjendum skiljanlegt hva\u00f0a kr\u00f6fur vi\u00f0 gerum og hvernig vi\u00f0 \u00e6tlum a\u00f0 breg\u00f0ast vi\u00f0 \u00feeim sem ekki vir\u00f0a \u00fe\u00e6r.<\/p>\n<\/div>\n<div id=\"more\"><\/div>\n<\/div>\n<div id=\"comments\">\n<div>\n<div id=\"comment-8885\">\n<p>&nbsp;<\/p>\n<\/div>\n<\/div>\n<form action=\"http:\/\/www.norn.is\/cgi-bin\/mt\/mt-comments.cgi\" method=\"post\" name=\"comments_form\">\n<div id=\"comments-open\"><\/div>\n<\/form>\n<\/div>\n","protected":false},"excerpt":{"rendered":"<p>\u00c9g hef ekki verulegar \u00e1hyggjur af \u00fev\u00ed a\u00f0 K\u00ednverjar, \u00cdranar, Indverjar muni ska\u00f0a \u00edslenska menningu. M\u00e9r finnst \u00fea\u00f0 heimskulegt vi\u00f0horf a\u00f0 allir sem eru me\u00f0 handkl\u00e6\u00f0i \u00e1 hausnum, hlj\u00f3ti a\u00f0 vera hry\u00f0juverkamenn. \u00c9g \u00e1l\u00edt \u00fea\u00f0 skyldu okkar sem \u00fej\u00f3\u00f0ar a\u00f0 &hellip; <a href=\"https:\/\/www.norn.is\/pistlar\/arabar-berja-konur-og-born-othaegileg-stadreynd\/\">Halda \u00e1fram a\u00f0 lesa <span class=\"meta-nav\">&rarr;<\/span><\/a><\/p>\n","protected":false},"author":1,"featured_media":0,"comment_status":"closed","ping_status":"closed","sticky":false,"template":"","format":"standard","meta":{"footnotes":"","_links_to":"","_links_to_target":""},"categories":[11,1],"tags":[975,1072,240],"class_list":["post-5429","post","type-post","status-publish","format-standard","hentry","category-mannrettindi","category-pistlar","tag-born","tag-kynjapolitik","tag-ofbeldi"],"yoast_head":"<!-- This site is optimized with the Yoast SEO plugin v27.5 - https:\/\/yoast.com\/product\/yoast-seo-wordpress\/ -->\n<title>Arabar berja konur og b\u00f6rn - \u00f3\u00fe\u00e6gileg sta\u00f0reynd - Pistlar Evu<\/title>\n<meta name=\"robots\" content=\"index, follow, max-snippet:-1, max-image-preview:large, max-video-preview:-1\" \/>\n<link rel=\"canonical\" href=\"https:\/\/www.norn.is\/pistlar\/arabar-berja-konur-og-born-othaegileg-stadreynd\/\" \/>\n<meta property=\"og:locale\" content=\"is_IS\" \/>\n<meta property=\"og:type\" content=\"article\" \/>\n<meta property=\"og:title\" content=\"Arabar berja konur og b\u00f6rn - \u00f3\u00fe\u00e6gileg sta\u00f0reynd - Pistlar Evu\" \/>\n<meta property=\"og:description\" content=\"\u00c9g hef ekki verulegar \u00e1hyggjur af \u00fev\u00ed a\u00f0 K\u00ednverjar, \u00cdranar, Indverjar muni ska\u00f0a \u00edslenska menningu. M\u00e9r finnst \u00fea\u00f0 heimskulegt vi\u00f0horf a\u00f0 allir sem eru me\u00f0 handkl\u00e6\u00f0i \u00e1 hausnum, hlj\u00f3ti a\u00f0 vera hry\u00f0juverkamenn. \u00c9g \u00e1l\u00edt \u00fea\u00f0 skyldu okkar sem \u00fej\u00f3\u00f0ar a\u00f0 &hellip; Halda \u00e1fram a\u00f0 lesa &rarr;\" \/>\n<meta property=\"og:url\" content=\"https:\/\/www.norn.is\/pistlar\/arabar-berja-konur-og-born-othaegileg-stadreynd\/\" \/>\n<meta property=\"og:site_name\" content=\"Pistlar Evu\" \/>\n<meta property=\"article:published_time\" content=\"2008-08-09T18:33:48+00:00\" \/>\n<meta property=\"article:modified_time\" content=\"2018-09-18T14:57:14+00:00\" \/>\n<meta name=\"author\" content=\"admin\" \/>\n<meta name=\"twitter:card\" content=\"summary_large_image\" \/>\n<meta name=\"twitter:label1\" content=\"Written by\" \/>\n\t<meta name=\"twitter:data1\" content=\"\" \/>\n\t<meta name=\"twitter:label2\" content=\"Est. reading time\" \/>\n\t<meta name=\"twitter:data2\" content=\"3 minutes\" \/>\n<script type=\"application\/ld+json\" class=\"yoast-schema-graph\">{\"@context\":\"https:\\\/\\\/schema.org\",\"@graph\":[{\"@type\":\"Article\",\"@id\":\"https:\\\/\\\/www.norn.is\\\/pistlar\\\/arabar-berja-konur-og-born-othaegileg-stadreynd\\\/#article\",\"isPartOf\":{\"@id\":\"https:\\\/\\\/www.norn.is\\\/pistlar\\\/arabar-berja-konur-og-born-othaegileg-stadreynd\\\/\"},\"author\":{\"name\":\"admin\",\"@id\":\"https:\\\/\\\/www.norn.is\\\/pistlar\\\/#\\\/schema\\\/person\\\/1a27d7aee01469adf3180f8fd9e72c46\"},\"headline\":\"Arabar berja konur og b\u00f6rn &#8211; \u00f3\u00fe\u00e6gileg sta\u00f0reynd\",\"datePublished\":\"2008-08-09T18:33:48+00:00\",\"dateModified\":\"2018-09-18T14:57:14+00:00\",\"mainEntityOfPage\":{\"@id\":\"https:\\\/\\\/www.norn.is\\\/pistlar\\\/arabar-berja-konur-og-born-othaegileg-stadreynd\\\/\"},\"wordCount\":697,\"keywords\":[\"B\u00f6rn\",\"Kynjap\u00f3lit\u00edk\",\"Ofbeldi\"],\"articleSection\":[\"Mannr\u00e9ttinda og fri\u00f0arm\u00e1l\",\"Pistlar um samf\u00e9lagsm\u00e1l\"],\"inLanguage\":\"is\"},{\"@type\":\"WebPage\",\"@id\":\"https:\\\/\\\/www.norn.is\\\/pistlar\\\/arabar-berja-konur-og-born-othaegileg-stadreynd\\\/\",\"url\":\"https:\\\/\\\/www.norn.is\\\/pistlar\\\/arabar-berja-konur-og-born-othaegileg-stadreynd\\\/\",\"name\":\"Arabar berja konur og b\u00f6rn - \u00f3\u00fe\u00e6gileg sta\u00f0reynd - Pistlar Evu\",\"isPartOf\":{\"@id\":\"https:\\\/\\\/www.norn.is\\\/pistlar\\\/#website\"},\"datePublished\":\"2008-08-09T18:33:48+00:00\",\"dateModified\":\"2018-09-18T14:57:14+00:00\",\"author\":{\"@id\":\"https:\\\/\\\/www.norn.is\\\/pistlar\\\/#\\\/schema\\\/person\\\/1a27d7aee01469adf3180f8fd9e72c46\"},\"breadcrumb\":{\"@id\":\"https:\\\/\\\/www.norn.is\\\/pistlar\\\/arabar-berja-konur-og-born-othaegileg-stadreynd\\\/#breadcrumb\"},\"inLanguage\":\"is\",\"potentialAction\":[{\"@type\":\"ReadAction\",\"target\":[\"https:\\\/\\\/www.norn.is\\\/pistlar\\\/arabar-berja-konur-og-born-othaegileg-stadreynd\\\/\"]}]},{\"@type\":\"BreadcrumbList\",\"@id\":\"https:\\\/\\\/www.norn.is\\\/pistlar\\\/arabar-berja-konur-og-born-othaegileg-stadreynd\\\/#breadcrumb\",\"itemListElement\":[{\"@type\":\"ListItem\",\"position\":1,\"name\":\"Home\",\"item\":\"https:\\\/\\\/www.norn.is\\\/pistlar\\\/\"},{\"@type\":\"ListItem\",\"position\":2,\"name\":\"Arabar berja konur og b\u00f6rn &#8211; \u00f3\u00fe\u00e6gileg sta\u00f0reynd\"}]},{\"@type\":\"WebSite\",\"@id\":\"https:\\\/\\\/www.norn.is\\\/pistlar\\\/#website\",\"url\":\"https:\\\/\\\/www.norn.is\\\/pistlar\\\/\",\"name\":\"Pistlar Evu\",\"description\":\"\",\"potentialAction\":[{\"@type\":\"SearchAction\",\"target\":{\"@type\":\"EntryPoint\",\"urlTemplate\":\"https:\\\/\\\/www.norn.is\\\/pistlar\\\/?s={search_term_string}\"},\"query-input\":{\"@type\":\"PropertyValueSpecification\",\"valueRequired\":true,\"valueName\":\"search_term_string\"}}],\"inLanguage\":\"is\"},{\"@type\":\"Person\",\"@id\":\"https:\\\/\\\/www.norn.is\\\/pistlar\\\/#\\\/schema\\\/person\\\/1a27d7aee01469adf3180f8fd9e72c46\",\"name\":\"admin\",\"url\":\"https:\\\/\\\/www.norn.is\\\/pistlar\\\/author\\\/admin\\\/\"}]}<\/script>\n<!-- \/ Yoast SEO plugin. -->","yoast_head_json":{"title":"Arabar berja konur og b\u00f6rn - \u00f3\u00fe\u00e6gileg sta\u00f0reynd - Pistlar Evu","robots":{"index":"index","follow":"follow","max-snippet":"max-snippet:-1","max-image-preview":"max-image-preview:large","max-video-preview":"max-video-preview:-1"},"canonical":"https:\/\/www.norn.is\/pistlar\/arabar-berja-konur-og-born-othaegileg-stadreynd\/","og_locale":"is_IS","og_type":"article","og_title":"Arabar berja konur og b\u00f6rn - \u00f3\u00fe\u00e6gileg sta\u00f0reynd - Pistlar Evu","og_description":"\u00c9g hef ekki verulegar \u00e1hyggjur af \u00fev\u00ed a\u00f0 K\u00ednverjar, \u00cdranar, Indverjar muni ska\u00f0a \u00edslenska menningu. M\u00e9r finnst \u00fea\u00f0 heimskulegt vi\u00f0horf a\u00f0 allir sem eru me\u00f0 handkl\u00e6\u00f0i \u00e1 hausnum, hlj\u00f3ti a\u00f0 vera hry\u00f0juverkamenn. \u00c9g \u00e1l\u00edt \u00fea\u00f0 skyldu okkar sem \u00fej\u00f3\u00f0ar a\u00f0 &hellip; Halda \u00e1fram a\u00f0 lesa &rarr;","og_url":"https:\/\/www.norn.is\/pistlar\/arabar-berja-konur-og-born-othaegileg-stadreynd\/","og_site_name":"Pistlar Evu","article_published_time":"2008-08-09T18:33:48+00:00","article_modified_time":"2018-09-18T14:57:14+00:00","author":"admin","twitter_card":"summary_large_image","twitter_misc":{"Written by":false,"Est. reading time":"3 minutes"},"schema":{"@context":"https:\/\/schema.org","@graph":[{"@type":"Article","@id":"https:\/\/www.norn.is\/pistlar\/arabar-berja-konur-og-born-othaegileg-stadreynd\/#article","isPartOf":{"@id":"https:\/\/www.norn.is\/pistlar\/arabar-berja-konur-og-born-othaegileg-stadreynd\/"},"author":{"name":"admin","@id":"https:\/\/www.norn.is\/pistlar\/#\/schema\/person\/1a27d7aee01469adf3180f8fd9e72c46"},"headline":"Arabar berja konur og b\u00f6rn &#8211; \u00f3\u00fe\u00e6gileg sta\u00f0reynd","datePublished":"2008-08-09T18:33:48+00:00","dateModified":"2018-09-18T14:57:14+00:00","mainEntityOfPage":{"@id":"https:\/\/www.norn.is\/pistlar\/arabar-berja-konur-og-born-othaegileg-stadreynd\/"},"wordCount":697,"keywords":["B\u00f6rn","Kynjap\u00f3lit\u00edk","Ofbeldi"],"articleSection":["Mannr\u00e9ttinda og fri\u00f0arm\u00e1l","Pistlar um samf\u00e9lagsm\u00e1l"],"inLanguage":"is"},{"@type":"WebPage","@id":"https:\/\/www.norn.is\/pistlar\/arabar-berja-konur-og-born-othaegileg-stadreynd\/","url":"https:\/\/www.norn.is\/pistlar\/arabar-berja-konur-og-born-othaegileg-stadreynd\/","name":"Arabar berja konur og b\u00f6rn - \u00f3\u00fe\u00e6gileg sta\u00f0reynd - Pistlar Evu","isPartOf":{"@id":"https:\/\/www.norn.is\/pistlar\/#website"},"datePublished":"2008-08-09T18:33:48+00:00","dateModified":"2018-09-18T14:57:14+00:00","author":{"@id":"https:\/\/www.norn.is\/pistlar\/#\/schema\/person\/1a27d7aee01469adf3180f8fd9e72c46"},"breadcrumb":{"@id":"https:\/\/www.norn.is\/pistlar\/arabar-berja-konur-og-born-othaegileg-stadreynd\/#breadcrumb"},"inLanguage":"is","potentialAction":[{"@type":"ReadAction","target":["https:\/\/www.norn.is\/pistlar\/arabar-berja-konur-og-born-othaegileg-stadreynd\/"]}]},{"@type":"BreadcrumbList","@id":"https:\/\/www.norn.is\/pistlar\/arabar-berja-konur-og-born-othaegileg-stadreynd\/#breadcrumb","itemListElement":[{"@type":"ListItem","position":1,"name":"Home","item":"https:\/\/www.norn.is\/pistlar\/"},{"@type":"ListItem","position":2,"name":"Arabar berja konur og b\u00f6rn &#8211; \u00f3\u00fe\u00e6gileg sta\u00f0reynd"}]},{"@type":"WebSite","@id":"https:\/\/www.norn.is\/pistlar\/#website","url":"https:\/\/www.norn.is\/pistlar\/","name":"Pistlar Evu","description":"","potentialAction":[{"@type":"SearchAction","target":{"@type":"EntryPoint","urlTemplate":"https:\/\/www.norn.is\/pistlar\/?s={search_term_string}"},"query-input":{"@type":"PropertyValueSpecification","valueRequired":true,"valueName":"search_term_string"}}],"inLanguage":"is"},{"@type":"Person","@id":"https:\/\/www.norn.is\/pistlar\/#\/schema\/person\/1a27d7aee01469adf3180f8fd9e72c46","name":"admin","url":"https:\/\/www.norn.is\/pistlar\/author\/admin\/"}]}},"_links":{"self":[{"href":"https:\/\/www.norn.is\/pistlar\/wp-json\/wp\/v2\/posts\/5429","targetHints":{"allow":["GET"]}}],"collection":[{"href":"https:\/\/www.norn.is\/pistlar\/wp-json\/wp\/v2\/posts"}],"about":[{"href":"https:\/\/www.norn.is\/pistlar\/wp-json\/wp\/v2\/types\/post"}],"author":[{"embeddable":true,"href":"https:\/\/www.norn.is\/pistlar\/wp-json\/wp\/v2\/users\/1"}],"replies":[{"embeddable":true,"href":"https:\/\/www.norn.is\/pistlar\/wp-json\/wp\/v2\/comments?post=5429"}],"version-history":[{"count":3,"href":"https:\/\/www.norn.is\/pistlar\/wp-json\/wp\/v2\/posts\/5429\/revisions"}],"predecessor-version":[{"id":12040,"href":"https:\/\/www.norn.is\/pistlar\/wp-json\/wp\/v2\/posts\/5429\/revisions\/12040"}],"wp:attachment":[{"href":"https:\/\/www.norn.is\/pistlar\/wp-json\/wp\/v2\/media?parent=5429"}],"wp:term":[{"taxonomy":"category","embeddable":true,"href":"https:\/\/www.norn.is\/pistlar\/wp-json\/wp\/v2\/categories?post=5429"},{"taxonomy":"post_tag","embeddable":true,"href":"https:\/\/www.norn.is\/pistlar\/wp-json\/wp\/v2\/tags?post=5429"}],"curies":[{"name":"wp","href":"https:\/\/api.w.org\/{rel}","templated":true}]}}