{"id":5256,"date":"2013-02-28T14:37:50","date_gmt":"2013-02-28T14:37:50","guid":{"rendered":"http:\/\/www.pistillinn.is\/?p=5256"},"modified":"2017-08-15T18:07:24","modified_gmt":"2017-08-15T18:07:24","slug":"radherraefnid-og-flottamenn","status":"publish","type":"post","link":"https:\/\/www.norn.is\/pistlar\/radherraefnid-og-flottamenn\/","title":{"rendered":"R\u00e1\u00f0herraefni\u00f0 og fl\u00f3ttamenn"},"content":{"rendered":"<p><strong>Fyrir h\u00f6nd f\u00e9lags \u00e1hugaf\u00f3lks um m\u00e1lefni fl\u00f3ttamanna (\u00e1\u00f0ur birt \u00ed DV)<\/strong><br \/>\nVigd\u00eds Hauksd\u00f3ttir hefur lagt fram \u00e1 al\u00feingi fyrirspurn um m\u00e1lefni fl\u00f3ttamanna.<\/p>\n<p>Fyrirspurnin l\u00fdsir \u00e1hyggjum af meintri eftirs\u00f3kn fl\u00f3ttamanna eftir \u00f3ver\u00f0skuldu\u00f0u h\u00e6li \u00e1 \u00cdslandi \u00e1samt \u00feeirri hugmynd a\u00f0 fl\u00f3ttamenn s\u00e9u \u00f6\u00f0rum gl\u00e6phneig\u00f0ari. \u00deingma\u00f0urinn spyr hvort komi til greina a\u00f0 l\u00e1ta menn sem reyna a\u00f0 fl\u00fdja land ganga me\u00f0 \u00f6kklab\u00f6nd.<!--more--><\/p>\n<p>Laumufar\u00feegar eru ekki umfangsmiki\u00f0 vandam\u00e1l \u00e1 \u00cdslandi en \u00feessar \u00e1hyggjur vir\u00f0ast spretta af m\u00e1li ungmenna sem \u00edtreka\u00f0 hafa reynt a\u00f0 komast \u00far landi. Tveggja manna af \u00feeim hundru\u00f0um sem s\u00f3tt hafa um h\u00e6li \u00e1 \u00cdslandi \u00e1 umli\u00f0num \u00e1rum og flestir veri\u00f0 sendir \u00e1 \u00e1framhaldandi vergang.<\/p>\n<p>F\u00e9lag \u00e1hugaf\u00f3lks um m\u00e1lefni fl\u00f3ttamanna beinir eftirfarandi spurningum til Vigd\u00edsar:<\/p>\n<ol>\n<li>Veit \u00feingma\u00f0urinn hversu margir \u00feeirra fl\u00f3ttamanna sem lent hafa \u00e1 \u00cdslandi \u00e1 s\u00ed\u00f0ustu \u00e1rum hug\u00f0ust ekki a\u00f0 s\u00e6kja um h\u00e6li \u00e1 \u00cdslandi heldur voru st\u00f6\u00f0va\u00f0ir \u00e1 lei\u00f0 til Amer\u00edku?<\/li>\n<li>Veit \u00feingma\u00f0urinn a\u00f0 fl\u00f3ttamannasamningur Sameinu\u00f0u \u00fej\u00f3\u00f0anna kve\u00f0ur \u00e1 um a\u00f0 allir menn hafi r\u00e9tt til a\u00f0 fl\u00fdja ofs\u00f3knir enda \u00fe\u00f3tt \u00feeir \u00feurfi a\u00f0 fer\u00f0ast \u00f3l\u00f6glega og nota f\u00f6lsu\u00f0 skilr\u00edki?<\/li>\n<\/ol>\n<ol start=\"3\">\n<li>Hva\u00f0 hefur \u00feingma\u00f0urinn fyrir s\u00e9r \u00ed \u00fev\u00ed a\u00f0 fl\u00f3ttamenn l\u00edti \u00e1 \u00cdsland sem \u201est\u00f6kkpall\u201c til annarra landa? Hvernig virkar eyr\u00edki sem \u201cst\u00f6kkpallur\u201d og hversu margir fl\u00f3ttamenn hafa nota\u00f0 \u00cdsland sem \u201est\u00f6kkpall\u201c?<\/li>\n<\/ol>\n<ol start=\"4\">\n<li>Telur \u00feingma\u00f0urinn a\u00f0 ef \u00cdslendingur fer\u00f0ast me\u00f0 lest erlendis, \u00e1n \u00feess a\u00f0 kaupa farmi\u00f0a, v\u00e6ri e\u00f0lilegt a\u00f0 hann yr\u00f0i l\u00e1tinn bera \u00f6kklaband e\u00f0a er \u00fea\u00f0 eing\u00f6ngu f\u00f3lk sem b\u00fdr vi\u00f0 ofs\u00f3knir og \u00f6rbirg\u00f0 sem ver\u00f0skuldar sl\u00edka me\u00f0fer\u00f0?<\/li>\n<\/ol>\n<p>Ef fyrirspurn Vigd\u00edsar k\u00e6mi fr\u00e1 leikmanni v\u00e6ri h\u00fan hl\u00e6gileg. En Vigd\u00eds er ekki leikma\u00f0ur heldur r\u00e1\u00f0herraefni Frams\u00f3knarflokksins. F\u00f3lk, sem \u00ed \u00f6rv\u00e6ntingu reynir a\u00f0 fl\u00fdja margra \u00e1ra bi\u00f0 eftir afgrei\u00f0slu, vill r\u00e1\u00f0herraefni\u00f0 beita s\u00f6mu me\u00f0fer\u00f0 og v\u00ed\u00f0a er notu\u00f0 til a\u00f0 fylgjast me\u00f0 d\u00e6mdum barnan\u00ed\u00f0ingum. N\u00e6r v\u00e6ri al\u00feingism\u00f6nnum a\u00f0 hvetja innanr\u00edkisr\u00e1\u00f0herra til a\u00f0 afleggja misnotkun \u00e1 Dyflinnar\u00e1kv\u00e6\u00f0i fl\u00f3ttamannasamningins, veita fleiri fl\u00f3ttam\u00f6nnum h\u00e6li og bj\u00f3\u00f0a \u00feeim sem vilja komast til annarra landa a\u00f0sto\u00f0 til a\u00f0 koma h\u00e6lisums\u00f3knum \u00e1 framf\u00e6ri vi\u00f0 \u00fearlend yfirv\u00f6ld.<\/p>\n<p>S\u00e1 heim\u00f3ttarh\u00e1ttur og ford\u00f3mar sem afhj\u00fapast \u00ed fyrirspurn Vigd\u00edsar \u00e1 s\u00e9r f\u00e1ar hli\u00f0st\u00e6\u00f0ur me\u00f0al vestr\u00e6nna stj\u00f3rnm\u00e1lamanna. Helst eru vi\u00f0horf hennar samb\u00e6rileg vi\u00f0 afst\u00f6\u00f0u forhertustu F\u00e6reyinga til samkynhneig\u00f0ra. S\u00f6mu vi\u00f0horf einkenna Sverigedemokraterna, Dansk folkeparti og British National Party; flokka sem s\u00e6kja fylgi sitt til n\u00fdnasistahreyfinga.<\/p>\n<p>F\u00e9lag \u00e1hugaf\u00f3lks um m\u00e1lefni fl\u00f3ttamanna hvetur Vigd\u00edsi Hauksd\u00f3ttur til a\u00f0 endursko\u00f0a afst\u00f6\u00f0u s\u00edna og l\u00fdsir hrygg\u00f0 sinni yfir \u00fev\u00ed a\u00f0 \u00e1 al\u00feingi \u00cdslendinga \u00fer\u00edfist meiri \u00e1hyggjur af meintri gl\u00e6pahneig\u00f0 h\u00e6lisleitenda en \u00feeim a\u00f0st\u00e6\u00f0um sem st\u00f6kkva f\u00f3lki \u00e1 fl\u00f3tta fr\u00e1 fj\u00f6lskyldu sinni og f\u00f6\u00f0urlandi.<\/p>\n<p><a href=\"http:\/\/blog.pressan.is\/evahauks\/2013\/02\/28\/radherraefnid-og-flottamenn\/\">Einnig birt h\u00e9r<\/a><\/p>\n","protected":false},"excerpt":{"rendered":"<p>Fyrir h\u00f6nd f\u00e9lags \u00e1hugaf\u00f3lks um m\u00e1lefni fl\u00f3ttamanna (\u00e1\u00f0ur birt \u00ed DV) Vigd\u00eds Hauksd\u00f3ttir hefur lagt fram \u00e1 al\u00feingi fyrirspurn um m\u00e1lefni fl\u00f3ttamanna. Fyrirspurnin l\u00fdsir \u00e1hyggjum af meintri eftirs\u00f3kn fl\u00f3ttamanna eftir \u00f3ver\u00f0skuldu\u00f0u h\u00e6li \u00e1 \u00cdslandi \u00e1samt \u00feeirri hugmynd a\u00f0 fl\u00f3ttamenn s\u00e9u &hellip; <a href=\"https:\/\/www.norn.is\/pistlar\/radherraefnid-og-flottamenn\/\">Halda \u00e1fram a\u00f0 lesa <span class=\"meta-nav\">&rarr;<\/span><\/a><\/p>\n","protected":false},"author":1,"featured_media":0,"comment_status":"closed","ping_status":"closed","sticky":false,"template":"","format":"standard","meta":{"footnotes":"","_links_to":"","_links_to_target":""},"categories":[1],"tags":[148,934,170],"class_list":["post-5256","post","type-post","status-publish","format-standard","hentry","category-pistlar","tag-flottafolk","tag-stofnanarasismi","tag-vigdis-hauksdottir"],"yoast_head":"<!-- This site is optimized with the Yoast SEO plugin v27.5 - https:\/\/yoast.com\/product\/yoast-seo-wordpress\/ -->\n<title>R\u00e1\u00f0herraefni\u00f0 og fl\u00f3ttamenn - Pistlar Evu<\/title>\n<meta name=\"robots\" content=\"index, follow, max-snippet:-1, max-image-preview:large, max-video-preview:-1\" \/>\n<link rel=\"canonical\" href=\"https:\/\/www.norn.is\/pistlar\/radherraefnid-og-flottamenn\/\" \/>\n<meta property=\"og:locale\" content=\"is_IS\" \/>\n<meta property=\"og:type\" content=\"article\" \/>\n<meta property=\"og:title\" content=\"R\u00e1\u00f0herraefni\u00f0 og fl\u00f3ttamenn - Pistlar Evu\" \/>\n<meta property=\"og:description\" content=\"Fyrir h\u00f6nd f\u00e9lags \u00e1hugaf\u00f3lks um m\u00e1lefni fl\u00f3ttamanna (\u00e1\u00f0ur birt \u00ed DV) Vigd\u00eds Hauksd\u00f3ttir hefur lagt fram \u00e1 al\u00feingi fyrirspurn um m\u00e1lefni fl\u00f3ttamanna. Fyrirspurnin l\u00fdsir \u00e1hyggjum af meintri eftirs\u00f3kn fl\u00f3ttamanna eftir \u00f3ver\u00f0skuldu\u00f0u h\u00e6li \u00e1 \u00cdslandi \u00e1samt \u00feeirri hugmynd a\u00f0 fl\u00f3ttamenn s\u00e9u &hellip; Halda \u00e1fram a\u00f0 lesa &rarr;\" \/>\n<meta property=\"og:url\" content=\"https:\/\/www.norn.is\/pistlar\/radherraefnid-og-flottamenn\/\" \/>\n<meta property=\"og:site_name\" content=\"Pistlar Evu\" \/>\n<meta property=\"article:published_time\" content=\"2013-02-28T14:37:50+00:00\" \/>\n<meta property=\"article:modified_time\" content=\"2017-08-15T18:07:24+00:00\" \/>\n<meta name=\"author\" content=\"admin\" \/>\n<meta name=\"twitter:card\" content=\"summary_large_image\" \/>\n<meta name=\"twitter:label1\" content=\"Written by\" \/>\n\t<meta name=\"twitter:data1\" content=\"\" \/>\n\t<meta name=\"twitter:label2\" content=\"Est. reading time\" \/>\n\t<meta name=\"twitter:data2\" content=\"3 minutes\" \/>\n<script type=\"application\/ld+json\" class=\"yoast-schema-graph\">{\"@context\":\"https:\\\/\\\/schema.org\",\"@graph\":[{\"@type\":\"Article\",\"@id\":\"https:\\\/\\\/www.norn.is\\\/pistlar\\\/radherraefnid-og-flottamenn\\\/#article\",\"isPartOf\":{\"@id\":\"https:\\\/\\\/www.norn.is\\\/pistlar\\\/radherraefnid-og-flottamenn\\\/\"},\"author\":{\"name\":\"admin\",\"@id\":\"https:\\\/\\\/www.norn.is\\\/pistlar\\\/#\\\/schema\\\/person\\\/1a27d7aee01469adf3180f8fd9e72c46\"},\"headline\":\"R\u00e1\u00f0herraefni\u00f0 og fl\u00f3ttamenn\",\"datePublished\":\"2013-02-28T14:37:50+00:00\",\"dateModified\":\"2017-08-15T18:07:24+00:00\",\"mainEntityOfPage\":{\"@id\":\"https:\\\/\\\/www.norn.is\\\/pistlar\\\/radherraefnid-og-flottamenn\\\/\"},\"wordCount\":557,\"keywords\":[\"Fl\u00f3ttaf\u00f3lk\",\"Stofnanarasismi\",\"Vigd\u00eds Hauksd\u00f3ttir\"],\"articleSection\":[\"Pistlar um samf\u00e9lagsm\u00e1l\"],\"inLanguage\":\"is\"},{\"@type\":\"WebPage\",\"@id\":\"https:\\\/\\\/www.norn.is\\\/pistlar\\\/radherraefnid-og-flottamenn\\\/\",\"url\":\"https:\\\/\\\/www.norn.is\\\/pistlar\\\/radherraefnid-og-flottamenn\\\/\",\"name\":\"R\u00e1\u00f0herraefni\u00f0 og fl\u00f3ttamenn - Pistlar Evu\",\"isPartOf\":{\"@id\":\"https:\\\/\\\/www.norn.is\\\/pistlar\\\/#website\"},\"datePublished\":\"2013-02-28T14:37:50+00:00\",\"dateModified\":\"2017-08-15T18:07:24+00:00\",\"author\":{\"@id\":\"https:\\\/\\\/www.norn.is\\\/pistlar\\\/#\\\/schema\\\/person\\\/1a27d7aee01469adf3180f8fd9e72c46\"},\"breadcrumb\":{\"@id\":\"https:\\\/\\\/www.norn.is\\\/pistlar\\\/radherraefnid-og-flottamenn\\\/#breadcrumb\"},\"inLanguage\":\"is\",\"potentialAction\":[{\"@type\":\"ReadAction\",\"target\":[\"https:\\\/\\\/www.norn.is\\\/pistlar\\\/radherraefnid-og-flottamenn\\\/\"]}]},{\"@type\":\"BreadcrumbList\",\"@id\":\"https:\\\/\\\/www.norn.is\\\/pistlar\\\/radherraefnid-og-flottamenn\\\/#breadcrumb\",\"itemListElement\":[{\"@type\":\"ListItem\",\"position\":1,\"name\":\"Home\",\"item\":\"https:\\\/\\\/www.norn.is\\\/pistlar\\\/\"},{\"@type\":\"ListItem\",\"position\":2,\"name\":\"R\u00e1\u00f0herraefni\u00f0 og fl\u00f3ttamenn\"}]},{\"@type\":\"WebSite\",\"@id\":\"https:\\\/\\\/www.norn.is\\\/pistlar\\\/#website\",\"url\":\"https:\\\/\\\/www.norn.is\\\/pistlar\\\/\",\"name\":\"Pistlar Evu\",\"description\":\"\",\"potentialAction\":[{\"@type\":\"SearchAction\",\"target\":{\"@type\":\"EntryPoint\",\"urlTemplate\":\"https:\\\/\\\/www.norn.is\\\/pistlar\\\/?s={search_term_string}\"},\"query-input\":{\"@type\":\"PropertyValueSpecification\",\"valueRequired\":true,\"valueName\":\"search_term_string\"}}],\"inLanguage\":\"is\"},{\"@type\":\"Person\",\"@id\":\"https:\\\/\\\/www.norn.is\\\/pistlar\\\/#\\\/schema\\\/person\\\/1a27d7aee01469adf3180f8fd9e72c46\",\"name\":\"admin\",\"url\":\"https:\\\/\\\/www.norn.is\\\/pistlar\\\/author\\\/admin\\\/\"}]}<\/script>\n<!-- \/ Yoast SEO plugin. -->","yoast_head_json":{"title":"R\u00e1\u00f0herraefni\u00f0 og fl\u00f3ttamenn - Pistlar Evu","robots":{"index":"index","follow":"follow","max-snippet":"max-snippet:-1","max-image-preview":"max-image-preview:large","max-video-preview":"max-video-preview:-1"},"canonical":"https:\/\/www.norn.is\/pistlar\/radherraefnid-og-flottamenn\/","og_locale":"is_IS","og_type":"article","og_title":"R\u00e1\u00f0herraefni\u00f0 og fl\u00f3ttamenn - Pistlar Evu","og_description":"Fyrir h\u00f6nd f\u00e9lags \u00e1hugaf\u00f3lks um m\u00e1lefni fl\u00f3ttamanna (\u00e1\u00f0ur birt \u00ed DV) Vigd\u00eds Hauksd\u00f3ttir hefur lagt fram \u00e1 al\u00feingi fyrirspurn um m\u00e1lefni fl\u00f3ttamanna. Fyrirspurnin l\u00fdsir \u00e1hyggjum af meintri eftirs\u00f3kn fl\u00f3ttamanna eftir \u00f3ver\u00f0skuldu\u00f0u h\u00e6li \u00e1 \u00cdslandi \u00e1samt \u00feeirri hugmynd a\u00f0 fl\u00f3ttamenn s\u00e9u &hellip; Halda \u00e1fram a\u00f0 lesa &rarr;","og_url":"https:\/\/www.norn.is\/pistlar\/radherraefnid-og-flottamenn\/","og_site_name":"Pistlar Evu","article_published_time":"2013-02-28T14:37:50+00:00","article_modified_time":"2017-08-15T18:07:24+00:00","author":"admin","twitter_card":"summary_large_image","twitter_misc":{"Written by":false,"Est. reading time":"3 minutes"},"schema":{"@context":"https:\/\/schema.org","@graph":[{"@type":"Article","@id":"https:\/\/www.norn.is\/pistlar\/radherraefnid-og-flottamenn\/#article","isPartOf":{"@id":"https:\/\/www.norn.is\/pistlar\/radherraefnid-og-flottamenn\/"},"author":{"name":"admin","@id":"https:\/\/www.norn.is\/pistlar\/#\/schema\/person\/1a27d7aee01469adf3180f8fd9e72c46"},"headline":"R\u00e1\u00f0herraefni\u00f0 og fl\u00f3ttamenn","datePublished":"2013-02-28T14:37:50+00:00","dateModified":"2017-08-15T18:07:24+00:00","mainEntityOfPage":{"@id":"https:\/\/www.norn.is\/pistlar\/radherraefnid-og-flottamenn\/"},"wordCount":557,"keywords":["Fl\u00f3ttaf\u00f3lk","Stofnanarasismi","Vigd\u00eds Hauksd\u00f3ttir"],"articleSection":["Pistlar um samf\u00e9lagsm\u00e1l"],"inLanguage":"is"},{"@type":"WebPage","@id":"https:\/\/www.norn.is\/pistlar\/radherraefnid-og-flottamenn\/","url":"https:\/\/www.norn.is\/pistlar\/radherraefnid-og-flottamenn\/","name":"R\u00e1\u00f0herraefni\u00f0 og fl\u00f3ttamenn - Pistlar Evu","isPartOf":{"@id":"https:\/\/www.norn.is\/pistlar\/#website"},"datePublished":"2013-02-28T14:37:50+00:00","dateModified":"2017-08-15T18:07:24+00:00","author":{"@id":"https:\/\/www.norn.is\/pistlar\/#\/schema\/person\/1a27d7aee01469adf3180f8fd9e72c46"},"breadcrumb":{"@id":"https:\/\/www.norn.is\/pistlar\/radherraefnid-og-flottamenn\/#breadcrumb"},"inLanguage":"is","potentialAction":[{"@type":"ReadAction","target":["https:\/\/www.norn.is\/pistlar\/radherraefnid-og-flottamenn\/"]}]},{"@type":"BreadcrumbList","@id":"https:\/\/www.norn.is\/pistlar\/radherraefnid-og-flottamenn\/#breadcrumb","itemListElement":[{"@type":"ListItem","position":1,"name":"Home","item":"https:\/\/www.norn.is\/pistlar\/"},{"@type":"ListItem","position":2,"name":"R\u00e1\u00f0herraefni\u00f0 og fl\u00f3ttamenn"}]},{"@type":"WebSite","@id":"https:\/\/www.norn.is\/pistlar\/#website","url":"https:\/\/www.norn.is\/pistlar\/","name":"Pistlar Evu","description":"","potentialAction":[{"@type":"SearchAction","target":{"@type":"EntryPoint","urlTemplate":"https:\/\/www.norn.is\/pistlar\/?s={search_term_string}"},"query-input":{"@type":"PropertyValueSpecification","valueRequired":true,"valueName":"search_term_string"}}],"inLanguage":"is"},{"@type":"Person","@id":"https:\/\/www.norn.is\/pistlar\/#\/schema\/person\/1a27d7aee01469adf3180f8fd9e72c46","name":"admin","url":"https:\/\/www.norn.is\/pistlar\/author\/admin\/"}]}},"_links":{"self":[{"href":"https:\/\/www.norn.is\/pistlar\/wp-json\/wp\/v2\/posts\/5256","targetHints":{"allow":["GET"]}}],"collection":[{"href":"https:\/\/www.norn.is\/pistlar\/wp-json\/wp\/v2\/posts"}],"about":[{"href":"https:\/\/www.norn.is\/pistlar\/wp-json\/wp\/v2\/types\/post"}],"author":[{"embeddable":true,"href":"https:\/\/www.norn.is\/pistlar\/wp-json\/wp\/v2\/users\/1"}],"replies":[{"embeddable":true,"href":"https:\/\/www.norn.is\/pistlar\/wp-json\/wp\/v2\/comments?post=5256"}],"version-history":[{"count":3,"href":"https:\/\/www.norn.is\/pistlar\/wp-json\/wp\/v2\/posts\/5256\/revisions"}],"predecessor-version":[{"id":13181,"href":"https:\/\/www.norn.is\/pistlar\/wp-json\/wp\/v2\/posts\/5256\/revisions\/13181"}],"wp:attachment":[{"href":"https:\/\/www.norn.is\/pistlar\/wp-json\/wp\/v2\/media?parent=5256"}],"wp:term":[{"taxonomy":"category","embeddable":true,"href":"https:\/\/www.norn.is\/pistlar\/wp-json\/wp\/v2\/categories?post=5256"},{"taxonomy":"post_tag","embeddable":true,"href":"https:\/\/www.norn.is\/pistlar\/wp-json\/wp\/v2\/tags?post=5256"}],"curies":[{"name":"wp","href":"https:\/\/api.w.org\/{rel}","templated":true}]}}