{"id":5205,"date":"2009-02-26T07:58:09","date_gmt":"2009-02-26T07:58:09","guid":{"rendered":"http:\/\/www.pistillinn.is\/?p=5205"},"modified":"2017-09-08T14:35:59","modified_gmt":"2017-09-08T14:35:59","slug":"skyr-svor-um-adgerdir-vegna-fjarhagsvanda-heimilanna","status":"publish","type":"post","link":"https:\/\/www.norn.is\/pistlar\/skyr-svor-um-adgerdir-vegna-fjarhagsvanda-heimilanna\/","title":{"rendered":"Sk\u00fdr sv\u00f6r um a\u00f0ger\u00f0ir vegna fj\u00e1rhagsvanda heimilanna"},"content":{"rendered":"<div>\n<p>\u00c1 \u00feeim \u00e1g\u00e6ta vef, island.is, er a\u00f0 finna sk\u00fdr sv\u00f6r um \u00fea\u00f0 hvernig \u00cdslandi ver\u00f0ur st\u00fdrt fimlega \u00fat \u00far efnahagsvandanum. Sv\u00f6rin eru a\u00f0 v\u00edsu ekki \u00f6ll \u00e1 vefnum sj\u00e1lfum en \u00fear eru \u00fe\u00e1 tenglar sem nota m\u00e1 til a\u00f0 rekja sig a\u00f0 svarinu. \u00dea\u00f0 var \u00feannig sem \u00e9g fann svari\u00f0 vi\u00f0 \u00fev\u00ed hva\u00f0 r\u00edkisstj\u00f3rnin mun gera til a\u00f0 hj\u00e1lpa m\u00e9r \u00feegar \u00edb\u00fa\u00f0in m\u00edn fer \u00e1 nau\u00f0ungaruppbo\u00f0.<!--more--><\/p>\n<p>Me\u00f0 \u00fev\u00ed a\u00f0 velja tengil sem merktur er &#8216;A\u00f0f\u00f6r, nau\u00f0ungarsala og gjald\u00ferotaskipti (b\u00e6tt sta\u00f0a skuldara) m\u00e1 t.d. rekja sig a\u00f0 svarinu:<\/p>\n<p><a href=\"http:\/\/www.island.is\/efnahagsvandinn\/adgerdir-stjornvalda\/yfirlit-adgerda#IV.%20A%C3%B0ger%C3%B0ir%20%C3%AD%20%C3%BE%C3%A1gu%20heimila\">H\u00e9r er hlekkurinn<\/a>sem lei\u00f0ir okkur \u00e1\u00a0<a href=\"http:\/\/www.althingi.is\/dba-bin\/ferill.pl?ltg=136&amp;mnr=322\">vef Al\u00feingis<\/a>. Fyrsti tengill \u00fear er<a href=\"http:\/\/www.althingi.is\/dba-bin\/millivis.pl?ltg=136%20efo=a%F0f%F6r,+nau%F0ungarsala+og+gjald%FErotaskipti&amp;mnr=322\">\u00a0til- og milliv\u00edsanir<\/a>. Pr\u00f3fum a\u00f0 velja\u00a0<a href=\"http:\/\/www.althingi.is\/dba-bin\/hvareo.pl?lthing=136&amp;eonr=20804&amp;tegtilv=1\">&#8216;grei\u00f0sluerfi\u00f0leika&#8217;<\/a>\u00a0\u00far listanum:<\/p>\n<p>J\u00fa viti menn, h\u00e9r er einmitt h\u00e6gt a\u00f0 velja &#8216;<a href=\"http:\/\/www.althingi.is\/dba-bin\/ferill.pl?ltg=136&amp;mnr=322\">a\u00f0f\u00f6r, nau\u00f0ungarsala og gjald\u00ferotaskipti (b\u00e6tt sta\u00f0a skuldara)<\/a>:<\/p>\n<p>N\u00fa? \u00deetta er undarlegt, engar uppl\u00fdsingar, nema undir m\u00e6lendaskr\u00e1 kemur fram a\u00f0 m\u00e1 A322 s\u00e9 ekki merkt til umr\u00e6\u00f0u.<\/p>\n<p>N\u00fa j\u00e6ja, \u00fe\u00e1 t\u00f6kum vi\u00f0 tv\u00f6 skref til baka og veljum\u00a0<a href=\"http:\/\/www.althingi.is\/dba-bin\/ferill.pl?ltg=136&amp;mnr=297\">&#8216;fj\u00e1rhagsvanda heimilanna<\/a>&#8216;:<\/p>\n<p>N\u00fa? \u00deetta er skr\u00fdti\u00f0. Engin innsend erindi. Og \u00feetta m\u00e1l heldur ekki til umr\u00e6\u00f0u.<br \/>\nEn j\u00fa, \u00fearna er reyndar\u00a0<a href=\"http:\/\/www.althingi.is\/altext\/136\/s\/0523.html\">\u00feingskjal<\/a>, fyrirspurn fr\u00e1 einhverri frams\u00f3knarkonu:<\/p>\n<p>\u00de\u00e1 h\u00f6fum vi\u00f0 \u00fea\u00f0. \u00deegar vi\u00f0 missum \u00edb\u00fa\u00f0irnar okkar mun nefnd \u00e1 vegum r\u00edkisins vaka yfir velfer\u00f0 okkar og Al\u00feingi taka til vi\u00f0 a\u00f0 pexa um \u00fea\u00f0 hvort og hvernig s\u00fa v\u00f6ktun fari fram.<\/p>\n<p>\u00de\u00e1 \u00fearf ma\u00f0ur ekki a\u00f0 hafa \u00e1hyggjur af \u00fev\u00ed lengur.<\/p>\n<\/div>\n","protected":false},"excerpt":{"rendered":"<p>\u00c1 \u00feeim \u00e1g\u00e6ta vef, island.is, er a\u00f0 finna sk\u00fdr sv\u00f6r um \u00fea\u00f0 hvernig \u00cdslandi ver\u00f0ur st\u00fdrt fimlega \u00fat \u00far efnahagsvandanum. Sv\u00f6rin eru a\u00f0 v\u00edsu ekki \u00f6ll \u00e1 vefnum sj\u00e1lfum en \u00fear eru \u00fe\u00e1 tenglar sem nota m\u00e1 til a\u00f0 rekja &hellip; <a href=\"https:\/\/www.norn.is\/pistlar\/skyr-svor-um-adgerdir-vegna-fjarhagsvanda-heimilanna\/\">Halda \u00e1fram a\u00f0 lesa <span class=\"meta-nav\">&rarr;<\/span><\/a><\/p>\n","protected":false},"author":1,"featured_media":0,"comment_status":"closed","ping_status":"closed","sticky":false,"template":"","format":"standard","meta":{"footnotes":"","_links_to":"","_links_to_target":""},"categories":[15,1],"tags":[369],"class_list":["post-5205","post","type-post","status-publish","format-standard","hentry","category-andof-og-yfirvald","category-pistlar","tag-busahaldabyltingin"],"yoast_head":"<!-- This site is optimized with the Yoast SEO plugin v27.5 - https:\/\/yoast.com\/product\/yoast-seo-wordpress\/ -->\n<title>Sk\u00fdr sv\u00f6r um a\u00f0ger\u00f0ir vegna fj\u00e1rhagsvanda heimilanna - Pistlar Evu<\/title>\n<meta name=\"robots\" content=\"index, follow, max-snippet:-1, max-image-preview:large, max-video-preview:-1\" \/>\n<link rel=\"canonical\" href=\"https:\/\/www.norn.is\/pistlar\/skyr-svor-um-adgerdir-vegna-fjarhagsvanda-heimilanna\/\" \/>\n<meta property=\"og:locale\" content=\"is_IS\" \/>\n<meta property=\"og:type\" content=\"article\" \/>\n<meta property=\"og:title\" content=\"Sk\u00fdr sv\u00f6r um a\u00f0ger\u00f0ir vegna fj\u00e1rhagsvanda heimilanna - Pistlar Evu\" \/>\n<meta property=\"og:description\" content=\"\u00c1 \u00feeim \u00e1g\u00e6ta vef, island.is, er a\u00f0 finna sk\u00fdr sv\u00f6r um \u00fea\u00f0 hvernig \u00cdslandi ver\u00f0ur st\u00fdrt fimlega \u00fat \u00far efnahagsvandanum. Sv\u00f6rin eru a\u00f0 v\u00edsu ekki \u00f6ll \u00e1 vefnum sj\u00e1lfum en \u00fear eru \u00fe\u00e1 tenglar sem nota m\u00e1 til a\u00f0 rekja &hellip; Halda \u00e1fram a\u00f0 lesa &rarr;\" \/>\n<meta property=\"og:url\" content=\"https:\/\/www.norn.is\/pistlar\/skyr-svor-um-adgerdir-vegna-fjarhagsvanda-heimilanna\/\" \/>\n<meta property=\"og:site_name\" content=\"Pistlar Evu\" \/>\n<meta property=\"article:published_time\" content=\"2009-02-26T07:58:09+00:00\" \/>\n<meta property=\"article:modified_time\" content=\"2017-09-08T14:35:59+00:00\" \/>\n<meta name=\"author\" content=\"admin\" \/>\n<meta name=\"twitter:card\" content=\"summary_large_image\" \/>\n<meta name=\"twitter:label1\" content=\"Written by\" \/>\n\t<meta name=\"twitter:data1\" content=\"\" \/>\n\t<meta name=\"twitter:label2\" content=\"Est. reading time\" \/>\n\t<meta name=\"twitter:data2\" content=\"1 minute\" \/>\n<script type=\"application\/ld+json\" class=\"yoast-schema-graph\">{\"@context\":\"https:\\\/\\\/schema.org\",\"@graph\":[{\"@type\":\"Article\",\"@id\":\"https:\\\/\\\/www.norn.is\\\/pistlar\\\/skyr-svor-um-adgerdir-vegna-fjarhagsvanda-heimilanna\\\/#article\",\"isPartOf\":{\"@id\":\"https:\\\/\\\/www.norn.is\\\/pistlar\\\/skyr-svor-um-adgerdir-vegna-fjarhagsvanda-heimilanna\\\/\"},\"author\":{\"name\":\"admin\",\"@id\":\"https:\\\/\\\/www.norn.is\\\/pistlar\\\/#\\\/schema\\\/person\\\/1a27d7aee01469adf3180f8fd9e72c46\"},\"headline\":\"Sk\u00fdr sv\u00f6r um a\u00f0ger\u00f0ir vegna fj\u00e1rhagsvanda heimilanna\",\"datePublished\":\"2009-02-26T07:58:09+00:00\",\"dateModified\":\"2017-09-08T14:35:59+00:00\",\"mainEntityOfPage\":{\"@id\":\"https:\\\/\\\/www.norn.is\\\/pistlar\\\/skyr-svor-um-adgerdir-vegna-fjarhagsvanda-heimilanna\\\/\"},\"wordCount\":281,\"keywords\":[\"B\u00fas\u00e1haldabyltingin\"],\"articleSection\":[\"And\u00f3f og yfirvald\",\"Pistlar um samf\u00e9lagsm\u00e1l\"],\"inLanguage\":\"is\"},{\"@type\":\"WebPage\",\"@id\":\"https:\\\/\\\/www.norn.is\\\/pistlar\\\/skyr-svor-um-adgerdir-vegna-fjarhagsvanda-heimilanna\\\/\",\"url\":\"https:\\\/\\\/www.norn.is\\\/pistlar\\\/skyr-svor-um-adgerdir-vegna-fjarhagsvanda-heimilanna\\\/\",\"name\":\"Sk\u00fdr sv\u00f6r um a\u00f0ger\u00f0ir vegna fj\u00e1rhagsvanda heimilanna - Pistlar Evu\",\"isPartOf\":{\"@id\":\"https:\\\/\\\/www.norn.is\\\/pistlar\\\/#website\"},\"datePublished\":\"2009-02-26T07:58:09+00:00\",\"dateModified\":\"2017-09-08T14:35:59+00:00\",\"author\":{\"@id\":\"https:\\\/\\\/www.norn.is\\\/pistlar\\\/#\\\/schema\\\/person\\\/1a27d7aee01469adf3180f8fd9e72c46\"},\"breadcrumb\":{\"@id\":\"https:\\\/\\\/www.norn.is\\\/pistlar\\\/skyr-svor-um-adgerdir-vegna-fjarhagsvanda-heimilanna\\\/#breadcrumb\"},\"inLanguage\":\"is\",\"potentialAction\":[{\"@type\":\"ReadAction\",\"target\":[\"https:\\\/\\\/www.norn.is\\\/pistlar\\\/skyr-svor-um-adgerdir-vegna-fjarhagsvanda-heimilanna\\\/\"]}]},{\"@type\":\"BreadcrumbList\",\"@id\":\"https:\\\/\\\/www.norn.is\\\/pistlar\\\/skyr-svor-um-adgerdir-vegna-fjarhagsvanda-heimilanna\\\/#breadcrumb\",\"itemListElement\":[{\"@type\":\"ListItem\",\"position\":1,\"name\":\"Home\",\"item\":\"https:\\\/\\\/www.norn.is\\\/pistlar\\\/\"},{\"@type\":\"ListItem\",\"position\":2,\"name\":\"Sk\u00fdr sv\u00f6r um a\u00f0ger\u00f0ir vegna fj\u00e1rhagsvanda heimilanna\"}]},{\"@type\":\"WebSite\",\"@id\":\"https:\\\/\\\/www.norn.is\\\/pistlar\\\/#website\",\"url\":\"https:\\\/\\\/www.norn.is\\\/pistlar\\\/\",\"name\":\"Pistlar Evu\",\"description\":\"\",\"potentialAction\":[{\"@type\":\"SearchAction\",\"target\":{\"@type\":\"EntryPoint\",\"urlTemplate\":\"https:\\\/\\\/www.norn.is\\\/pistlar\\\/?s={search_term_string}\"},\"query-input\":{\"@type\":\"PropertyValueSpecification\",\"valueRequired\":true,\"valueName\":\"search_term_string\"}}],\"inLanguage\":\"is\"},{\"@type\":\"Person\",\"@id\":\"https:\\\/\\\/www.norn.is\\\/pistlar\\\/#\\\/schema\\\/person\\\/1a27d7aee01469adf3180f8fd9e72c46\",\"name\":\"admin\",\"url\":\"https:\\\/\\\/www.norn.is\\\/pistlar\\\/author\\\/admin\\\/\"}]}<\/script>\n<!-- \/ Yoast SEO plugin. -->","yoast_head_json":{"title":"Sk\u00fdr sv\u00f6r um a\u00f0ger\u00f0ir vegna fj\u00e1rhagsvanda heimilanna - Pistlar Evu","robots":{"index":"index","follow":"follow","max-snippet":"max-snippet:-1","max-image-preview":"max-image-preview:large","max-video-preview":"max-video-preview:-1"},"canonical":"https:\/\/www.norn.is\/pistlar\/skyr-svor-um-adgerdir-vegna-fjarhagsvanda-heimilanna\/","og_locale":"is_IS","og_type":"article","og_title":"Sk\u00fdr sv\u00f6r um a\u00f0ger\u00f0ir vegna fj\u00e1rhagsvanda heimilanna - Pistlar Evu","og_description":"\u00c1 \u00feeim \u00e1g\u00e6ta vef, island.is, er a\u00f0 finna sk\u00fdr sv\u00f6r um \u00fea\u00f0 hvernig \u00cdslandi ver\u00f0ur st\u00fdrt fimlega \u00fat \u00far efnahagsvandanum. Sv\u00f6rin eru a\u00f0 v\u00edsu ekki \u00f6ll \u00e1 vefnum sj\u00e1lfum en \u00fear eru \u00fe\u00e1 tenglar sem nota m\u00e1 til a\u00f0 rekja &hellip; Halda \u00e1fram a\u00f0 lesa &rarr;","og_url":"https:\/\/www.norn.is\/pistlar\/skyr-svor-um-adgerdir-vegna-fjarhagsvanda-heimilanna\/","og_site_name":"Pistlar Evu","article_published_time":"2009-02-26T07:58:09+00:00","article_modified_time":"2017-09-08T14:35:59+00:00","author":"admin","twitter_card":"summary_large_image","twitter_misc":{"Written by":false,"Est. reading time":"1 minute"},"schema":{"@context":"https:\/\/schema.org","@graph":[{"@type":"Article","@id":"https:\/\/www.norn.is\/pistlar\/skyr-svor-um-adgerdir-vegna-fjarhagsvanda-heimilanna\/#article","isPartOf":{"@id":"https:\/\/www.norn.is\/pistlar\/skyr-svor-um-adgerdir-vegna-fjarhagsvanda-heimilanna\/"},"author":{"name":"admin","@id":"https:\/\/www.norn.is\/pistlar\/#\/schema\/person\/1a27d7aee01469adf3180f8fd9e72c46"},"headline":"Sk\u00fdr sv\u00f6r um a\u00f0ger\u00f0ir vegna fj\u00e1rhagsvanda heimilanna","datePublished":"2009-02-26T07:58:09+00:00","dateModified":"2017-09-08T14:35:59+00:00","mainEntityOfPage":{"@id":"https:\/\/www.norn.is\/pistlar\/skyr-svor-um-adgerdir-vegna-fjarhagsvanda-heimilanna\/"},"wordCount":281,"keywords":["B\u00fas\u00e1haldabyltingin"],"articleSection":["And\u00f3f og yfirvald","Pistlar um samf\u00e9lagsm\u00e1l"],"inLanguage":"is"},{"@type":"WebPage","@id":"https:\/\/www.norn.is\/pistlar\/skyr-svor-um-adgerdir-vegna-fjarhagsvanda-heimilanna\/","url":"https:\/\/www.norn.is\/pistlar\/skyr-svor-um-adgerdir-vegna-fjarhagsvanda-heimilanna\/","name":"Sk\u00fdr sv\u00f6r um a\u00f0ger\u00f0ir vegna fj\u00e1rhagsvanda heimilanna - Pistlar Evu","isPartOf":{"@id":"https:\/\/www.norn.is\/pistlar\/#website"},"datePublished":"2009-02-26T07:58:09+00:00","dateModified":"2017-09-08T14:35:59+00:00","author":{"@id":"https:\/\/www.norn.is\/pistlar\/#\/schema\/person\/1a27d7aee01469adf3180f8fd9e72c46"},"breadcrumb":{"@id":"https:\/\/www.norn.is\/pistlar\/skyr-svor-um-adgerdir-vegna-fjarhagsvanda-heimilanna\/#breadcrumb"},"inLanguage":"is","potentialAction":[{"@type":"ReadAction","target":["https:\/\/www.norn.is\/pistlar\/skyr-svor-um-adgerdir-vegna-fjarhagsvanda-heimilanna\/"]}]},{"@type":"BreadcrumbList","@id":"https:\/\/www.norn.is\/pistlar\/skyr-svor-um-adgerdir-vegna-fjarhagsvanda-heimilanna\/#breadcrumb","itemListElement":[{"@type":"ListItem","position":1,"name":"Home","item":"https:\/\/www.norn.is\/pistlar\/"},{"@type":"ListItem","position":2,"name":"Sk\u00fdr sv\u00f6r um a\u00f0ger\u00f0ir vegna fj\u00e1rhagsvanda heimilanna"}]},{"@type":"WebSite","@id":"https:\/\/www.norn.is\/pistlar\/#website","url":"https:\/\/www.norn.is\/pistlar\/","name":"Pistlar Evu","description":"","potentialAction":[{"@type":"SearchAction","target":{"@type":"EntryPoint","urlTemplate":"https:\/\/www.norn.is\/pistlar\/?s={search_term_string}"},"query-input":{"@type":"PropertyValueSpecification","valueRequired":true,"valueName":"search_term_string"}}],"inLanguage":"is"},{"@type":"Person","@id":"https:\/\/www.norn.is\/pistlar\/#\/schema\/person\/1a27d7aee01469adf3180f8fd9e72c46","name":"admin","url":"https:\/\/www.norn.is\/pistlar\/author\/admin\/"}]}},"_links":{"self":[{"href":"https:\/\/www.norn.is\/pistlar\/wp-json\/wp\/v2\/posts\/5205","targetHints":{"allow":["GET"]}}],"collection":[{"href":"https:\/\/www.norn.is\/pistlar\/wp-json\/wp\/v2\/posts"}],"about":[{"href":"https:\/\/www.norn.is\/pistlar\/wp-json\/wp\/v2\/types\/post"}],"author":[{"embeddable":true,"href":"https:\/\/www.norn.is\/pistlar\/wp-json\/wp\/v2\/users\/1"}],"replies":[{"embeddable":true,"href":"https:\/\/www.norn.is\/pistlar\/wp-json\/wp\/v2\/comments?post=5205"}],"version-history":[{"count":3,"href":"https:\/\/www.norn.is\/pistlar\/wp-json\/wp\/v2\/posts\/5205\/revisions"}],"predecessor-version":[{"id":12263,"href":"https:\/\/www.norn.is\/pistlar\/wp-json\/wp\/v2\/posts\/5205\/revisions\/12263"}],"wp:attachment":[{"href":"https:\/\/www.norn.is\/pistlar\/wp-json\/wp\/v2\/media?parent=5205"}],"wp:term":[{"taxonomy":"category","embeddable":true,"href":"https:\/\/www.norn.is\/pistlar\/wp-json\/wp\/v2\/categories?post=5205"},{"taxonomy":"post_tag","embeddable":true,"href":"https:\/\/www.norn.is\/pistlar\/wp-json\/wp\/v2\/tags?post=5205"}],"curies":[{"name":"wp","href":"https:\/\/api.w.org\/{rel}","templated":true}]}}