{"id":5001,"date":"2010-04-30T01:00:00","date_gmt":"2010-04-30T01:00:00","guid":{"rendered":"http:\/\/www.pistillinn.is\/?p=5001"},"modified":"2020-06-03T13:30:09","modified_gmt":"2020-06-03T13:30:09","slug":"naesta-manudag-drepa-islenskir-laeknar-3-born-af-thaegindaastaedum","status":"publish","type":"post","link":"https:\/\/www.norn.is\/pistlar\/naesta-manudag-drepa-islenskir-laeknar-3-born-af-thaegindaastaedum\/","title":{"rendered":"N\u00e6sta m\u00e1nudag drepa \u00edslenskir l\u00e6knar 3 b\u00f6rn af \u00fe\u00e6ginda\u00e1st\u00e6\u00f0um"},"content":{"rendered":"<div id=\"entry-9377\">\n<div>\n<div>\n<p>\u00der\u00e1tt fyrir almenna \u00feekkingu \u00e1 \u00fev\u00ed hvernig b\u00f6rn ver\u00f0a til og gott a\u00f0gengi a\u00f0 getna\u00f0arv\u00f6rnum, flykkjast \u00edslenskar konur \u00ed f\u00f3sturey\u00f0ingu sem aldrei fyrr. \u00c1 \u00cdslandi eru framdar meira en 900 f\u00f3sturey\u00f0ingar \u00e1rlega. \u00c1ri\u00f0 2008 var 955 f\u00f3sturm eytt e\u00f0a 3-4 hvern virkan vikudag. Um 16% allra f\u00f3stra eru \u00feannig fjarl\u00e6g\u00f0 \u00far m\u00f3\u00f0urkvi\u00f0i oftast \u00e1n \u00feess a\u00f0 nein \u00e1st\u00e6\u00f0a s\u00e9 til a\u00f0 \u00e6tla anna\u00f0 en a\u00f0 \u00feau s\u00e9u heilbrig\u00f0 og eigi g\u00f3\u00f0a m\u00f6guleika \u00e1 a\u00f0 lifa e\u00f0lilegu l\u00edfi. H\u00e6st er hlutfall \u00feeirra kvenna sem fara \u00ed sl\u00edka a\u00f0ger\u00f0 \u00e1 aldrinum 20-30 \u00e1ra. St\u00f6ku sinnum er f\u00f3stri eytt af \u00fev\u00ed a\u00f0 heilsu hennar er h\u00e6tta b\u00fain og \u00ed \u00f6rf\u00e1um tilvikum hefur konan or\u00f0i\u00f0 \u00f3l\u00e9tt vi\u00f0 nau\u00f0gun. \u00cd um 97% tilvika er \u00fea\u00f0 \u00fe\u00f3 af &#8216;f\u00e9lagslegum \u00e1st\u00e6\u00f0um&#8217; sem ver\u00f0andi m\u00e6\u00f0ur \u00f3ska eftir \u00fev\u00ed a\u00f0 f\u00f3stri\u00f0 s\u00e9 fjarl\u00e6gt.<\/p>\n<p><!--more--><\/p>\n<p>\u00c9g hef ekki fundi\u00f0 neina skr\u00e1 yfir hlutfall \u00feeirra &#8216;f\u00e9lagslegu a\u00f0st\u00e6\u00f0na&#8217; sem hrekja konur til sl\u00edkrar \u00e1kv\u00f6r\u00f0unar. \u00c6tla m\u00e1 a\u00f0 \u00ed einhverjum tilvikum merki \u00fea\u00f0 a\u00f0 foreldrarnir s\u00e9u \u00f3regluf\u00f3lk e\u00f0a haldin sj\u00fakd\u00f3mum sem gera \u00feau vanh\u00e6f til a\u00f0 annast barn. Eitthva\u00f0 mun l\u00edka um a\u00f0 f\u00e1t\u00e6kt s\u00e9 meginforsenda f\u00f3sturey\u00f0ingar. \u00c9g veit \u00feess reyndar engin d\u00e6mi fr\u00e1 Nor\u00f0url\u00f6ndum a\u00f0 f\u00f3lk v\u00e6ri betur komi\u00f0 dautt, eing\u00f6ngu sakir f\u00e1t\u00e6ktar en \u00ed okkar samf\u00e9lagi \u00feykja \u00fea\u00f0 n\u00e1tt\u00farulega hr\u00e6\u00f0ileg \u00f6rl\u00f6g a\u00f0 \u00feurfa a\u00f0 \u00fatsk\u00fdra fyrir barni a\u00f0 \u00fea\u00f0 geti ekki fengi\u00f0 allt sem \u00fea\u00f0 bendir \u00e1. \u00c9g er nokku\u00f0 viss um a\u00f0 oftast merkja &#8216;f\u00e9lagslegar a\u00f0st\u00e6\u00f0ur&#8217; \u00ed \u00feessu samhengi ekki anna\u00f0 en \u00fea\u00f0 a\u00f0 \u00f3l\u00e9tta konan s\u00e9 ung og \u00fear sem f\u00f3sturey\u00f0ingar eru algengastar \u00e1 \u00feeim aldri sem konur eru h\u00e6fastar til barneigna, er \u00e9g nokku\u00f0 viss um a\u00f0 oft er megin\u00e1st\u00e6\u00f0an s\u00fa a\u00f0 m\u00f3\u00f0irin s\u00e9r fram \u00e1 a\u00f0 barni\u00f0 ver\u00f0i \u00e1 einhvern h\u00e1tt til \u00f3\u00fe\u00e6ginda. \u00dea\u00f0 eru ekki &#8216;erfi\u00f0ar f\u00e9lagslegar a\u00f0st\u00e6\u00f0ur&#8217; a\u00f0 \u00feurfa a\u00f0 skipta um starf e\u00f0a fresta einhverjum \u00e1\u00e6tlunum, svo au\u00f0vita\u00f0 v\u00e6ri hei\u00f0arlegra a\u00f0 leyfa f\u00f3sturey\u00f0ingar af hagkv\u00e6mnis \u00e1st\u00e6\u00f0um e\u00f0a jafnvel \u00fe\u00e6ginda \u00e1st\u00e6\u00f0um.<\/p>\n<p>M\u00e9r finnst aftur \u00e1 m\u00f3ti r\u00e9ttl\u00e6tanlegt a\u00f0 flokka \u00fea\u00f0 sem sl\u00e6mar f\u00e9lagslegar a\u00f0st\u00e6\u00f0ur \u00feegar konan \u00e1 fj\u00f6lskyldu og vini sem l\u00edta \u00e1 r\u00e9ttinn til a\u00f0 drepa f\u00f3stur sem s\u00e9rlegt hagsmunam\u00e1l kvenna og vilja fyrir alla muni tro\u00f0a \u00feeim r\u00e9tti upp \u00e1 konuna me\u00f0 g\u00f3\u00f0u e\u00f0a illu. \u00c9g \u00feekki \u00feess m\u00f6rg d\u00e6mi a\u00f0 ungar konur hafi fari\u00f0 \u00ed f\u00f3sturey\u00f0ingu beinl\u00ednis vegna \u00fer\u00fdstings fr\u00e1 fj\u00f6lskyldunni. Fj\u00f6lskyldu sem myndi standa me\u00f0 sinni stelpu \u00e1 allan h\u00e1tt ef h\u00fan yr\u00f0i fyrir slysi, ef h\u00fan \u00e1kv\u00e6\u00f0i a\u00f0 fara \u00ed l\u00f6gfr\u00e6\u00f0in\u00e1m, keppa \u00e1 \u00d3lymp\u00eduleikunum e\u00f0a takast \u00e1 vi\u00f0 anna\u00f0 erfitt verkefni. Sama fj\u00f6lskylda getur hinsvegar brug\u00f0ist vi\u00f0 tilur\u00f0 l\u00edtils barns me\u00f0 \u00fev\u00ed a\u00f0 telja st\u00falkunni tr\u00fa um a\u00f0 ekkert nema erfi\u00f0leikar og \u00e1\u00fej\u00e1n s\u00e9u fram undan, \u00ed sta\u00f0 \u00feess a\u00f0 bj\u00f3\u00f0a fram a\u00f0sto\u00f0. \u00c9g veit \u00feess d\u00e6mi a\u00f0 fa\u00f0ir 17 \u00e1ra st\u00falku keypti l\u00edf barnins hennar fyrir utanlandsfer\u00f0. \u00c9g \u00feekki st\u00falku sem var\u00f0 fyrir \u00fev\u00ed a\u00f0 hennar eigin foreldrar g\u00e1fu \u00ed skyn a\u00f0 \u00feau myndu \u00fath\u00fdsa henni ef h\u00fan l\u00e9ti barni\u00f0 lifa og a\u00f0ra sem \u00e1tti tengdaforeldra sem s\u00f6g\u00f0u henni hreint \u00fat a\u00f0 h\u00fan yr\u00f0i a\u00f0 flytja \u00fat fr\u00e1 \u00feeim ef h\u00fan f\u00e6ri ekki \u00ed f\u00f3sturey\u00f0ingu. H\u00fan flutti \u00fat og m\u00e9r finnst einhvernveginn \u00f3l\u00edklegt a\u00f0 afinn og amman s\u00e9u nokku\u00f0 stolt af \u00fev\u00ed \u00ed dag a\u00f0 hafa reynt a\u00f0 k\u00faga hana til a\u00f0 l\u00e1ta drepa litla barnabarni\u00f0. \u00c9g \u00feekki \u00feess d\u00e6mi a\u00f0 19 \u00e1ra st\u00falka var hv\u00f6tt til a\u00f0 fara \u00ed f\u00f3sturey\u00f0ingu me\u00f0 \u00feeim r\u00f6kum a\u00f0 m\u00f3\u00f0urhlutverki\u00f0 s\u00e9 18 \u00e1ra fangelsi.<\/p>\n<p>\u00deegar ung st\u00falka sem ekki getur reikna\u00f0 me\u00f0 a\u00f0 fa\u00f0irinn taki sinn hluta af \u00e1byrg\u00f0inni, ver\u00f0ur \u00f3l\u00e9tt eru skilabo\u00f0in sk\u00fdr:\u00a0<em>L\u00edf \u00feitt er \u00f3n\u00fdtt. \u00de\u00fa ver\u00f0ur einst\u00e6\u00f0ingur<\/em>. Heilbrig\u00f0iskerfi\u00f0 og f\u00e9lags\u00fej\u00f3nustan taka svo \u00fe\u00e1tt \u00ed k\u00faguninni me\u00f0 \u00fev\u00ed a\u00f0 tala um barni\u00f0 sem &#8216;frumuk\u00f6kk sem er ekki or\u00f0inn a\u00f0 neinu&#8217; og t\u00edunda erfi\u00f0leikana sem fylgja \u00fev\u00ed a\u00f0 eiga barn. St\u00falkan, sem hefur fengi\u00f0 r\u00e6kilega fr\u00e6\u00f0slu um getna\u00f0arvarnir fer \u00ed f\u00f3sturey\u00f0ingu \u00e1n \u00feess a\u00f0 gera s\u00e9r nokkra grein fyrir \u00fev\u00ed hversu langt f\u00f3stri\u00f0 er komi\u00f0 \u00ed \u00feroska e\u00f0a hvernig a\u00f0ger\u00f0in fer fram. Fr\u00e6\u00f0slan sem h\u00fan f\u00e6r er ein setning: &#8216;Legi\u00f0 er t\u00e6mt me\u00f0 sogr\u00f6ri&#8217;. \u00c1 mannam\u00e1li merkir \u00feetta a\u00f0 f\u00f3stri\u00f0 er t\u00e6tt \u00ed sundur me\u00f0 sogkrafti, \u00f3sk\u00f6p svipa\u00f0 og ef n\u00fdf\u00e6tt barn v\u00e6ri sliti\u00f0 \u00ed b\u00fata me\u00f0 karfmikilli i\u00f0na\u00f0arryksugu. Danir bj\u00f3\u00f0a konunni svo upp \u00e1 s\u00e1lfr\u00e6\u00f0ivi\u00f0t\u00f6l eftir \u00e1 til a\u00f0 hj\u00e1lpa henni a\u00f0 r\u00e9ttl\u00e6ta verkna\u00f0inn og losna vi\u00f0 samviskubiti\u00f0. \u00dea\u00f0 er hinsvegar ekki bo\u00f0i\u00f0 upp \u00e1 s\u00e1lfr\u00e6\u00f0ia\u00f0sto\u00f0 fyrirfram til a\u00f0 hj\u00e1lpa henni a\u00f0 gefa sk\u00edt \u00ed k\u00fagunara\u00f0ger\u00f0ir samf\u00e9lagsins e\u00f0a \u00e1tta sig \u00e1 \u00fev\u00ed a\u00f0 h\u00fan er ekki of mikill aumingi til a\u00f0 ala upp barn, a\u00f0 fj\u00f6ldi kvenna hefur loki\u00f0 langsk\u00f3lan\u00e1mi, fer\u00f0ast og skemmt s\u00e9r \u00fer\u00e1tt fyrir barneignir og a\u00f0 \u00ed \u00f6llum st\u00e9ttum og \u00f6llum geirum atvinnul\u00edfins eru d\u00e6mi um einst\u00e6\u00f0ar m\u00e6\u00f0ur.<\/p>\n<p>Fram \u00e1 12. viku me\u00f0g\u00f6ngu geta \u00edslenskar konur l\u00e1ti\u00f0 t\u00e6ta f\u00f3stur \u00ed sundur, n\u00e1nast af eigin ge\u00f0\u00fe\u00f3tta. Aldur, n\u00e1m, b\u00f6rn sem konan \u00e1 fyrir, andleg vanl\u00ed\u00f0an, erfi\u00f0 fj\u00f6lskylda, l\u00e9legur barnsfa\u00f0ir; allt eru \u00feetta gildar f\u00e9lagslegar \u00e1st\u00e6\u00f0ur. Eftir 12. viku er f\u00f3stri\u00f0 or\u00f0i\u00f0 of st\u00f3rt til a\u00f0 h\u00e6gt s\u00e9 a\u00f0 ryksuga \u00fea\u00f0 \u00far leginu og \u00fe\u00e1 \u00feurfa \u00fe\u00e6r betri \u00e1st\u00e6\u00f0u en almenna barnfyrirlitningu samf\u00e9lags sem myndi ford\u00e6ma \u00fe\u00e6r fyrir a\u00f0 gefa fr\u00e1 s\u00e9r barn en leggur hinsvegar blessun s\u00edna yfir \u00feetta:<\/p>\n<p>(J\u00e1j\u00e1, \u00feetta eru tr\u00faarn\u00f6ttarasamt\u00f6k sem hafa komi\u00f0 grimmilega fram vi\u00f0 konur en sta\u00f0reynd er sta\u00f0reynd jafnvel af v\u00f6rum hins versta sk\u00edth\u00e6ls).<\/p>\n<p>\u00cd Danm\u00f6rku f\u00e1 \u00f3myndugar st\u00falkur au\u00f0veldlega leyfi til f\u00f3sturey\u00f0ingar \u00fe\u00f3tt f\u00f3stri\u00f0 s\u00e9 or\u00f0i\u00f0 16 vikna gamalt og allt fram \u00e1 20.viku ef telpa ver\u00f0ur \u00f3l\u00e9tt \u00e1\u00f0ur en h\u00fan n\u00e6r 15 \u00e1ra aldri. H\u00fan er nefnilega ekki n\u00f3gu g\u00f6mul til a\u00f0 f\u00e6\u00f0a og annast lifandi barn en \u00fea\u00f0 er samt tali\u00f0 \u00ed lagi a\u00f0 bj\u00f3\u00f0a henni upp \u00e1 a\u00f0 f\u00e6\u00f0a l\u00e1ti\u00f0 barn. M\u00e9r skilst a\u00f0 \u00e1 Nor\u00f0url\u00f6ndunum s\u00e9 f\u00f3stri\u00f0 drepi\u00f0 \u00e1\u00f0ur en f\u00e6\u00f0ingu er komi\u00f0 af sta\u00f0 me\u00f0 horm\u00f3nagj\u00f6f en \u00ed Bandar\u00edkunum er \u00fea\u00f0 t\u00e6tt sundur \u00ed f\u00e6\u00f0ingunni. Ef l\u00e6knisfr\u00e6\u00f0ilegar \u00e1st\u00e6\u00f0ur b\u00e6tast vi\u00f0 er f\u00f3sturey\u00f0ing l\u00f6gleg allt fram \u00e1 22. viku me\u00f0g\u00f6ngu \u00ed Danm\u00f6rku en eftir 23 viku f\u00e6st sl\u00edkt leyfi &#8216;alls ekki&#8217; segir \u00ed d\u00f6nskum l\u00f6gum. \u00dea\u00f0 ekki er gott a\u00f0 segja hva\u00f0 \u00fea\u00f0 er sem gerist \u00e1 viku 23 sem gerir frumuk\u00f6kkinn a\u00f0 barni og reyndar er \u00fea\u00f0 einfaldlega ge\u00f0\u00fe\u00f3tta\u00e1kv\u00f6r\u00f0un yfirvalda \u00ed hverju landi, hven\u00e6r f\u00f3stur skuli teljast n\u00f3gu gamalt til a\u00f0 nj\u00f3ta mannhelgi. \u00cd K\u00edna er \u00fea\u00f0 ekki fyrr en barni\u00f0 er f\u00e6tt og \u00fear n\u00e6r f\u00f3sturey\u00f0ingahugtaki\u00f0 yfir \u00fe\u00e1 a\u00f0ger\u00f0 a\u00f0 stinga prj\u00f3ni inn \u00ed heila barnsins \u00ed f\u00e6\u00f0ingu. \u00dea\u00f0 er semsagt engin l\u00e6knisfr\u00e6\u00f0ileg sta\u00f0reynd a\u00f0 11 vikna f\u00f3stur s\u00e9 &#8216;frumuk\u00f6kkur&#8217; heldur bara p\u00f3lit\u00edsk \u00e1kv\u00f6r\u00f0un.<\/p>\n<p>Frj\u00e1lsleg f\u00f3sturey\u00f0ingal\u00f6ggj\u00f6f er ekki kvenr\u00e9ttindam\u00e1l heldur merki um l\u00f6ggjafa sem l\u00edtur \u00e1 b\u00f6rn sem a\u00f0skotad\u00fdr en ekki e\u00f0lilega \u00fe\u00e1ttakendur \u00ed mannlegu samf\u00e9lagi. Helstu r\u00f6kin fyrir frj\u00e1lslegri f\u00f3sturey\u00f0ingal\u00f6ggj\u00f6f eru \u00feau a\u00f0 \u00f3l\u00f6glegar f\u00f3sturey\u00f0ingar s\u00e9u h\u00e6ttulegar en \u00fea\u00f0 eru au\u00f0vita\u00f0 s\u00f6mu sj\u00faku vi\u00f0horfin sem kn\u00fdja konur til a\u00f0 gangast undir \u00f3l\u00f6glegar a\u00f0ger\u00f0ir. A\u00f0 \u00fdta undir og vi\u00f0halda \u00feeirri afst\u00f6\u00f0u a\u00f0 b\u00f6rn s\u00e9u einhverskonar krabbamein \u00e1 samf\u00e9laginu, me\u00f0 \u00fev\u00ed a\u00f0 l\u00edta \u00e1 f\u00f3sturdr\u00e1p sem e\u00f0lilega v\u00f6rn gegn erfi\u00f0leikum, er ekki kvenr\u00e9ttindam\u00e1l heldur mannfjandsamlegt stj\u00f3rnt\u00e6ki yfirvalda sem undir \u00f6llum kringumst\u00e6\u00f0um \u00fej\u00f3na atvinnul\u00edfinu betur en hagsmunum fj\u00f6lskyldunnar.<\/p>\n<p>Vi\u00f0 getum endalaust deilt um \u00fea\u00f0 hven\u00e6r barn eigi a\u00f0 teljast einstaklingur, hvort mannsl\u00edf s\u00e9 yfirh\u00f6fu\u00f0 heilagt og hvort \u00fea\u00f0 s\u00e9 einkam\u00e1l kvenna hvort \u00fe\u00e6r gangi me\u00f0 b\u00f6rn e\u00f0ur ei. \u00dea\u00f0 v\u00e6ri hinsvegar fr\u00f3\u00f0legt a\u00f0 sj\u00e1 ni\u00f0urst\u00f6\u00f0una ef vestr\u00e6nt samf\u00e9lag f\u00e6ri a\u00f0 drullast til \u00feess a\u00f0 takast \u00e1 vi\u00f0 barnfyrirlitningu s\u00edna og vir\u00f0ingarleysi sitt gagnvart m\u00f3\u00f0urhlutverkinu \u00ed sta\u00f0 \u00feess a\u00f0 \u00fer\u00e6ta um r\u00e9tt kvenna og heilagleika l\u00edfins. \u00dea\u00f0 yr\u00f0i til mikillar blessunar ef vi\u00f0 vi\u00f0urkenndum a\u00f0 manneskjan hefur ekki a\u00f0eins kynhv\u00f6t, heldur l\u00edka \u00e6xlunarhv\u00f6t og a\u00f0 f\u00f3lk mun halda \u00e1fram a\u00f0 geta b\u00f6rn \u00fe\u00f3tt \u00fea\u00f0 b\u00fai ekki vi\u00f0 kj\u00f6ra\u00f0st\u00e6\u00f0ur. \u00dea\u00f0 v\u00e6ri kvenr\u00e9ttindam\u00e1l a\u00f0 kynna konum sem kv\u00ed\u00f0a \u00fev\u00ed a\u00f0 eignast b\u00f6rn, hva\u00f0a a\u00f0sto\u00f0 velfer\u00f0arkerfi\u00f0 b\u00fd\u00f0ur upp \u00e1. \u00dea\u00f0 v\u00e6ri jafnr\u00e9ttism\u00e1l krefjast \u00feess af karlm\u00f6nnum a\u00f0 \u00feeir sinni f\u00f6\u00f0urhlutverki s\u00ednu \u00ed sta\u00f0 \u00feess a\u00f0 segja \u00feeim a\u00f0 \u00feeim komi ekki vi\u00f0 hvort b\u00f6rn \u00feeirra f\u00e1i yfirh\u00f6fu\u00f0 a\u00f0 f\u00e6\u00f0ast. \u00dea\u00f0 v\u00e6ri mann\u00fa\u00f0arm\u00e1l a\u00f0 h\u00e6tta a\u00f0 l\u00edta ni\u00f0ur \u00e1 konur sem treysta \u00f6\u00f0rum betur en sj\u00e1lfum s\u00e9r til a\u00f0 annast barni\u00f0.<\/p>\n<p>\u00dea\u00f0 allraminnsta og \u00f3merkilegasta sem vi\u00f0 g\u00e6tum gert v\u00e6ri a\u00f0 h\u00e6tta a\u00f0 d\u00e6ma konur til a\u00f0 ver\u00f0a einst\u00e6\u00f0ingar um lei\u00f0 og \u00fe\u00e6r ver\u00f0a \u00f3l\u00e9ttar. Vi\u00f0 getum t.d. sagt\u00a0<em>hvernig getum vi\u00f0 hj\u00e1lpa\u00f0 til?<\/em>\u00a0\u00ed sta\u00f0inn fyrir\u00a0<em>\u00fe\u00fa getur ekki loki\u00f0 n\u00e1mi, \u00fe\u00fa getur ekki fer\u00f0ast, \u00fe\u00fa ver\u00f0ur a\u00f0 h\u00e6tta a\u00f0 skemmta \u00fe\u00e9r, \u00fe\u00fa f\u00e6r\u00f0 aldrei almennilega vinnu<\/em>. \u00dea\u00f0 v\u00e6ri sannarlega til hagsb\u00f3ta fyrir b\u00e6\u00f0i konur og karla og \u00fe\u00f3 mest \u00ed \u00fe\u00e1gu barnanna a\u00f0 losa okkur vi\u00f0 \u00fe\u00e1 sko\u00f0un a\u00f0 kona sem tekur m\u00f3\u00f0urhlutverki\u00f0 fram yfir framapot s\u00e9 \u00f3merkilegri en stj\u00f3rnendur, l\u00f6gfr\u00e6\u00f0ingar og \u00feingmenn. Enn\u00fe\u00e1 betra v\u00e6ri ef vi\u00f0 losu\u00f0um okkur vi\u00f0 \u00fe\u00e1 \u00fer\u00e1hyggju a\u00f0 \u00fea\u00f0 s\u00e9 a\u00f0eins h\u00e6gt a\u00f0 velja anna\u00f0 hlutverki\u00f0 og f\u00e6rum \u00ed sta\u00f0 \u00feess a\u00f0 velta \u00fev\u00ed fyrir okkur\u00a0<strong>hvernig<\/strong>\u00a0s\u00e9 h\u00e6gt a\u00f0 bj\u00f3\u00f0a b\u00f6rn upptekinna m\u00e6\u00f0ra velkomin \u00ed heiminn en ekki\u00a0<strong>hvort<\/strong>.<\/p>\n<p>Vandam\u00e1l hinnar einst\u00e6\u00f0u m\u00f3\u00f0ur er ekki yndislega, lilta barni\u00f0 hennar, heldur samf\u00e9lag sem l\u00edtur \u00e1 konur sem n\u00e1nast \u00f3e\u00f0lilegt fyrirb\u00e6ri og b\u00f6rn sem vandam\u00e1l. And\u00f3f gegn barnfyrirlitningu og m\u00e6\u00f0rafyrirlitningu er kvenr\u00e9ttindam\u00e1l, f\u00f3sturey\u00f0ingar eru \u00fea\u00f0 hinsvegar ekki.<\/p>\n<p>H\u00e9r fyrir ne\u00f0an er allt myndskei\u00f0i\u00f0.<\/p>\n<\/div>\n<div id=\"more\"><\/div>\n<\/div>\n<p>Eva | 11:25\u00a0|\u00a0<a href=\"http:\/\/www.norn.is\/sapuopera\/2010\/04\/nsta_manudag_drepa_islenskir_l.html\">Varanleg sl\u00f3\u00f0<\/a>\u00a0|<\/p>\n<div id=\"___plusone_0\"><\/div>\n<\/div>\n<p><!--more--><\/p>\n<div id=\"comments\">\n<div>\n<h3>TJ\u00c1SUR<\/h3>\n<div id=\"comment-10033\">\n<div>\n<p>Flest str\u00ed\u00f0 \u00ed heiminum sl 30 \u00e1r eiga r\u00f3t s\u00edna a\u00f0 rekja til f\u00f3sturey\u00f0inga.<\/p>\n<p>Allir rep\u00fablikana forsetar USA sl 30 \u00e1r RR, GWB I, GWB II hafa veri\u00f0 kosnir fyrst og fremst vegna andst\u00f6\u00f0u sinnar gegn f\u00f3sturey\u00f0ingum.<\/p>\n<p>Forsetar USA skipa d\u00f3mara \u00ed H\u00e6star\u00e9tt. Meirihluti 9 d\u00f3mara \u00farskur\u00f0ar um f\u00f3sturey\u00f0ingar. S\u00ed\u00f0ast var l\u00f6gum um f\u00f3sturey\u00f0ingar sn\u00fai\u00f0 1973 Roe v Wade. Engin n\u00fd l\u00f6g voru sett &#8211; eing\u00f6ngu n\u00fd lagat\u00falkun meirihluta h\u00e6star\u00e9ttar USA.<\/p>\n<p>Vi\u00f0 lok forsetat\u00ed\u00f0ar G. W. Bush II voru hlutf\u00f6llin 5\/4 f\u00f3sturverndar sinnum \u00ed hag. Obama hefur s\u00ed\u00f0an skipa\u00f0 2 d\u00f3mara, sem sty\u00f0ja f\u00f3sturey\u00f0ingar.<\/p>\n<p>F\u00f3stuverndar sinnar \u00e1 forseta st\u00f3li sem tilb\u00fanir eru til a\u00f0 leggja allt \u00ed s\u00f6lunar fyrir \u00f3f\u00e6dd b\u00f6rn eru hersk\u00e1ir karakterar. \u00d6nnur str\u00ed\u00f0 en \u00ed m\u00f3\u00f0urkvi\u00f0i fylgja gjarna \u00feessum m\u00f6nnum.<\/p>\n<\/div>\n<p>Posted by: J\u00f3hann Gunnarsson |\u00a0<a href=\"http:\/\/www.norn.is\/sapuopera\/2010\/04\/nsta_manudag_drepa_islenskir_l.html#comment-10033\">1.05.2010 | 11:10:02<\/a><\/p>\n<\/div>\n<div id=\"comment-10034\">\n<div>\n<p>\u00deetta er n\u00fa reyndar ekki r\u00e9tt hj\u00e1 \u00fe\u00e9r J\u00f3hann. Flest str\u00ed\u00f0 \u00ed heiminum eiga r\u00e6tur a\u00f0 rekja til efnahagslegra hagsmuna en koma f\u00f3sturey\u00f0ingum l\u00edti\u00f0 vi\u00f0 og allir forsetar Bandar\u00edkjanna s\u00ed\u00f0ustu 30 \u00e1r hafa veri\u00f0 hersk\u00e1ir.<\/p>\n<p>\u00dea\u00f0 er svo \u00ed besta falli umdeilanlegt a\u00f0 afsta\u00f0a til f\u00f3sturey\u00f0inga hafi r\u00e1\u00f0i\u00f0 mestu um kj\u00f6r \u00feessara forseta sem \u00fe\u00fa nefnir.<\/p>\n<\/div>\n<p>Posted by:\u00a0<a href=\"http:\/\/norn.is\/birta\" rel=\"nofollow\">Eva<\/a>\u00a0|\u00a0<a href=\"http:\/\/www.norn.is\/sapuopera\/2010\/04\/nsta_manudag_drepa_islenskir_l.html#comment-10034\">1.05.2010 | 11:39:59<\/a><\/p>\n<\/div>\n<div id=\"comment-10035\">\n<div>\n<p>\u00c9g get alveg veri\u00f0 samm\u00e1la \u00fe\u00e9r um \u00fea\u00f0 a\u00f0 f\u00f3sturey\u00f0ingar eru \u00f3ge\u00f0slegar og \u00e6tti ekki a\u00f0 nota \u00ed sta\u00f0inn fyrir getna\u00f0arv\u00f6rn. En konur sem eru \u00ed \u00feannig a\u00f0st\u00f6\u00f0u a\u00f0 \u00fe\u00e6r \u00feurfi \u00e1 f\u00f3sturey\u00f0ingum a\u00f0 halda hefur n\u00e1kv\u00e6mlega ekkert vi\u00f0 svona m\u00e1lflutning a\u00f0 gera. \u00dea\u00f0 er ekki \u00e1 b\u00e6tandi vi\u00f0 \u00fe\u00e1 andlegu vanl\u00ed\u00f0an sem getur skapast hj\u00e1 konu sem \u00fearf a\u00f0 framkv\u00e6ma \u00feennan verkna\u00f0.<\/p>\n<p>\u00dea\u00f0 er sj\u00e1lfsagt a\u00f0 fr\u00e6\u00f0a konur um hva\u00f0 \u00feetta getur veri\u00f0 miki\u00f0 m\u00e1l, en frj\u00e1lsleg f\u00f3sturey\u00f0ingarl\u00f6ggj\u00f6f er mannr\u00e9ttindam\u00e1l, \u00f3h\u00e1\u00f0 mannfjandsamlegu \u00fej\u00f3\u00f0f\u00e9lagi. \u00dea\u00f0 er mun sk\u00e1rra a\u00f0 l\u00e1ta ey\u00f0a f\u00f3stri heldur en a\u00f0 ala upp barn \u00ed dj\u00fapu \u00feunglyndi. \u00dea\u00f0 er mannfjandsamlegt a\u00f0 ney\u00f0a ungar st\u00falkur til a\u00f0 ey\u00f0a f\u00f3stri sem \u00fe\u00e6r k\u00e6ra sig um, en eins er mannfjandsamlegt a\u00f0 neita \u00feeim um a\u00f0 ey\u00f0a f\u00f3stri sem \u00fe\u00e6r hafa ekki bur\u00f0i til a\u00f0 sj\u00e1 um.<\/p>\n<p>\u00de\u00e6r ungu st\u00falkur sem geta sta\u00f0i\u00f0 upp \u00ed h\u00e1rinu \u00e1 samf\u00e9laginu, og neita a\u00f0 fara \u00ed f\u00f3sturey\u00f0ingu eru vonandi \u00fe\u00e6r st\u00falkur sem eru n\u00f3gu sterkar til a\u00f0 geta ali\u00f0 upp barn \u00fer\u00e1tt fyrir unglingsaldur og l\u00e9legar a\u00f0st\u00e6\u00f0ur.<\/p>\n<\/div>\n<p>Posted by: Nonni |\u00a0<a href=\"http:\/\/www.norn.is\/sapuopera\/2010\/04\/nsta_manudag_drepa_islenskir_l.html#comment-10035\">1.05.2010 | 12:11:39<\/a><\/p>\n<\/div>\n<div id=\"comment-10036\">\n<div>\n<p>Af hverju er \u00fea\u00f0 \u00fe\u00e1 ekki mannr\u00e9ttindam\u00e1l a\u00f0 f\u00e1 a\u00f0 drepa n\u00fdf\u00e6tt barn ef \u00fea\u00f0 er \u00e1 einhvern h\u00e1tt fyrir?<\/p>\n<p>Hefur\u00f0u \u00e1st\u00e6\u00f0u til a\u00f0 \u00e6tla a\u00f0 fyrir \u00e1ri\u00f0 1935 (\u00fe\u00e1 voru f\u00f3sturey\u00f0ingar l\u00f6gleiddar) hafi hundru\u00f0 barna alist upp \u00ed dj\u00fapu \u00feunglyndi?<\/p>\n<\/div>\n<p>Posted by:\u00a0<a href=\"http:\/\/norn.is\/birta\" rel=\"nofollow\">Eva<\/a>\u00a0|\u00a0<a href=\"http:\/\/www.norn.is\/sapuopera\/2010\/04\/nsta_manudag_drepa_islenskir_l.html#comment-10036\">1.05.2010 | 12:23:21<\/a><\/p>\n<\/div>\n<div id=\"comment-10037\">\n<div>\n<p>J\u00e1 j\u00e1 \u00feetta er alveg einfalt fyrir \u00feig a\u00f0 d\u00e6ma a\u00f0ra sem \u00e1tt bara str\u00e1ka og munt \u00feessvegna aldrei sitja uppi me\u00f0 b\u00f6rnin \u00feeirra e\u00f0a \u00f3l\u00e9tta d\u00f3ttur.<\/p>\n<\/div>\n<p>Posted by: Anonymous |\u00a0<a href=\"http:\/\/www.norn.is\/sapuopera\/2010\/04\/nsta_manudag_drepa_islenskir_l.html#comment-10037\">1.05.2010 | 13:28:45<\/a><\/p>\n<\/div>\n<div id=\"comment-10038\">\n<div>\n<p>J\u00e1, m\u00e9r finnst ekkert fl\u00f3ki\u00f0 a\u00f0 ford\u00e6ma \u00fea\u00f0 a\u00f0 f\u00f3lk h\u00e1lf\u00fevingi d\u00e6tur s\u00ednar, systur og vinkonur \u00ed f\u00f3sturey\u00f0ingu.<\/p>\n<p>\u00dea\u00f0 er l\u00edka r\u00e9tt a\u00f0 \u00e9g mun aldrei sitja uppi me\u00f0 \u00f3l\u00e9tta st\u00falku e\u00f0a barnab\u00f6rn. Tengdad\u00e6tur m\u00ednar ver\u00f0a nefnilega jafn velkomnar \u00e1 m\u00ednu heimili og \u00e9g var hj\u00e1 H\u00f6nnu og Bjarna. Og ef \u00feess gerist einhvernt\u00edma \u00fe\u00f6rf a\u00f0 \u00e9g ali upp barnabarn, \u00fe\u00e1 mun \u00e9g ekki &#8216;sitja uppi me\u00f0 \u00fea\u00f0&#8217; eins og vandam\u00e1laklafa, ekki frekar en f\u00f6\u00f0uramma drengjanna minna &#8216;sat uppi&#8217; me\u00f0 \u00fe\u00e1 \u00e1 me\u00f0an \u00e9g var \u00e1 sp\u00edtala. \u00cd heilbrig\u00f0um fj\u00f6lskyldum heitir \u00fea\u00f0 nefnilega a\u00f0 hj\u00e1lpast a\u00f0.<\/p>\n<\/div>\n<p>Posted by:\u00a0<a href=\"http:\/\/norn.is\/birta\" rel=\"nofollow\">Eva<\/a>\u00a0|\u00a0<a href=\"http:\/\/www.norn.is\/sapuopera\/2010\/04\/nsta_manudag_drepa_islenskir_l.html#comment-10038\">1.05.2010 | 14:24:08<\/a><\/p>\n<\/div>\n<div id=\"comment-10039\">\n<div>\n<p>Er \u00fea\u00f0 alltaf betra a\u00f0 b\u00f6rn f\u00e1i a\u00f0 f\u00e6\u00f0ast en ekki, er \u00fea\u00f0 \u00fea\u00f0 sem \u00fe\u00fa ert a\u00f0 segja? Skipta \u00fe\u00e6r a\u00f0st\u00e6\u00f0ur sem barn f\u00e6\u00f0ist inn \u00ed ekki m\u00e1li? Ef m\u00f3\u00f0irinn er \u00ed \u00feannig a\u00f0st\u00e6\u00f0um a\u00f0 h\u00fan getur ekki l\u00e1ti\u00f0 s\u00e9r \u00feykja v\u00e6nt um barni\u00f0 e\u00f0a getur ekki sinnt \u00fev\u00ed, segjum vegna \u00feunglyndis e\u00f0a neyslu e\u00f0a whatever, er \u00fea\u00f0 \u00fe\u00e1 samt betra a\u00f0 barni\u00f0 f\u00e6\u00f0ist? Er \u00fea\u00f0 betra a\u00f0 einstaklingur f\u00e6\u00f0ist sem ver\u00f0ur fyrir ska\u00f0a \u00ed uppvexti heldur en a\u00f0 hann f\u00e6\u00f0ist ekki? \u00dea\u00f0 v\u00e6ri n\u00e1tt\u00farulega aldeilis fr\u00e1b\u00e6rt ef f\u00f3lk v\u00e6ri duglegra a\u00f0 hj\u00e1lpast a\u00f0, en m\u00e9r finnst \u00fe\u00fa vera a\u00f0 byrja svol\u00edti\u00f0 \u00e1 \u00f6fugum enda. Ef f\u00f3sturey\u00f0ingar yr\u00f0u banna\u00f0ar, v\u00e6ri hlutirnir verri en ella, ekki sk\u00e1rri.<\/p>\n<p>\u00dea\u00f0 voru kannski ekki hundru\u00f0 barna sem \u00f3lust upp hj\u00e1 mj. \u00feunglyndum einst\u00e6\u00f0um m\u00e6\u00f0rum, en kannski nokkur, og m\u00e9r finnst \u00ed lagi a\u00f0 f\u00f3rna nokkrum f\u00f3strum til a\u00f0 koma \u00ed veg fyrir a\u00f0 eitt barn f\u00e6\u00f0ist \u00ed a\u00f0st\u00e6\u00f0ur sem er ekki neinum bj\u00f3\u00f0andi.<\/p>\n<p>M\u00e9r finnst ekki mannr\u00e9ttindam\u00e1l a\u00f0 drepa n\u00fdf\u00e6tt b\u00f6rn af \u00fev\u00ed \u00e9g hef m\u00f3tast \u00fea\u00f0 miki\u00f0 af \u00fej\u00f3\u00f0f\u00e9laginu a\u00f0 m\u00e9r \u00feykir \u00fea\u00f0 ekki si\u00f0fer\u00f0islega r\u00e9tt. \u00dea\u00f0 t\u00ed\u00f0kast\/t\u00ed\u00f0ka\u00f0ist samt \u00ed m\u00f6rgum \u00fej\u00f3\u00f0f\u00e9l\u00f6gum a\u00f0 henda n\u00fdf\u00e6ddum b\u00f6rnum \u00fat \u00e1 gaddinn, ef \u00fea\u00f0 var ekki h\u00e6gt a\u00f0 sj\u00e1 fyrir \u00feeim.<\/p>\n<p>\u00c1st\u00e6\u00f0an fyrir \u00fev\u00ed a\u00f0 mitt si\u00f0fer\u00f0i leyfir f\u00f3sturdr\u00e1p upp a\u00f0 12. viku e\u00f0a svo er a\u00f0 n\u00e1tt\u00faran drepur sj\u00e1lf 10% af f\u00f3strum milli 2 og 12 vikna, og m\u00e9r finnast inngrip \u00fear ekkert vo\u00f0aleg. F\u00f3stur \u00feroskast \u00ed leginu, og m\u00e9r \u00feykir \u00fea\u00f0 meira rangt a\u00f0 drepa \u00feau eftir \u00fev\u00ed sem \u00feau n\u00e1 meiri \u00feroska, \u00e1 sama h\u00e1tt og m\u00e9r \u00feykir meira rangt a\u00f0 drepa manneskju en d\u00fdr. Svo vi\u00f0 sn\u00faum \u00feessum r\u00f6kum \u00fe\u00ednum \u00e1 hvolf, er \u00fea\u00f0 \u00fe\u00e1 ekki mannr\u00e9ttindam\u00e1l fyrir \u00f3getin framt\u00ed\u00f0arb\u00f6rn a\u00f0 banna getna\u00f0arvarnir?<\/p>\n<p>\u00c9g held samt a\u00f0 \u00e9g geti veri\u00f0 samm\u00e1la \u00fe\u00e9r um \u00fea\u00f0 a\u00f0 \u00fea\u00f0 er f\u00e1r\u00e1nlegt a\u00f0 20% allra f\u00f3stra er eytt af l\u00e6knum. M\u00e9r \u00fe\u00e6tti ekkert hr\u00e6\u00f0ilegt a\u00f0 krakkar myndu fr\u00e6\u00f0ast um f\u00f3sturey\u00f0ingar, \u00feannig a\u00f0 \u00fe\u00e6r h\u00e6ttu a\u00f0 vera ekkert tilt\u00f6kum\u00e1l.<\/p>\n<\/div>\n<p>Posted by: Nonni |\u00a0<a href=\"http:\/\/www.norn.is\/sapuopera\/2010\/04\/nsta_manudag_drepa_islenskir_l.html#comment-10039\">1.05.2010 | 18:07:36<\/a><\/p>\n<\/div>\n<div id=\"comment-10040\">\n<div>\n<p>Nei \u00e9g er ekki a\u00f0 segja a\u00f0 \u00fea\u00f0 s\u00e9 alltaf betra a\u00f0 barn f\u00e1i a\u00f0 f\u00e6\u00f0ast en \u00e9g held a\u00f0 flestir sem hafa fengi\u00f0 t\u00e6kif\u00e6ri til a\u00f0 lifa kunnir a\u00f0 meta \u00fea\u00f0. \u00c9g held a\u00f0 \u00e9g komist nokku\u00f0 sk\u00fdrt a\u00f0 or\u00f0i \u00feegar \u00e9g segi a\u00f0 vandam\u00e1li\u00f0 s\u00e9 samf\u00e9lag sem einkennist af barnfyrirlitningu og l\u00edtur ni\u00f0ur \u00e1 m\u00f3\u00f0ur sem \u00e1kve\u00f0ur a\u00f0 gefa fr\u00e1 s\u00e9r barn.<\/p>\n<p>\u00c1st\u00e6\u00f0an fyrir \u00fev\u00ed a\u00f0 \u00fe\u00fa vi\u00f0urkennir f\u00f3sturey\u00f0ingar stendur ekki \u00ed neinu sambandi vi\u00f0 l\u00edkurnar \u00e1 \u00fev\u00ed a\u00f0 \u00fea\u00f0 deyi hvort sem er. Ef svo v\u00e6ri myndir \u00fe\u00fa l\u00edka sam\u00feykkja a\u00f0 sj\u00faklingum, gamalmennum og f\u00f3lk sem b\u00fdr \u00e1 str\u00ed\u00f0shrj\u00e1\u00f0um sv\u00e6\u00f0um yr\u00f0i l\u00f3ga\u00f0. \u00de\u00fa sam\u00feykkir f\u00f3stuey\u00f0ingar vegna \u00feess a\u00f0 \u00fe\u00fa ert alinn upp vi\u00f0 l\u00f6ggj\u00f6f sem l\u00edtur \u00e1 \u00fe\u00e6r sem l\u00e6kningu.<\/p>\n<p>M\u00e9r finnst \u00fat \u00ed h\u00f6tt a\u00f0 bera saman getna\u00f0arv\u00f6rn og f\u00f3sturey\u00f0ingu en \u00fear sem \u00fe\u00fa hefur greinilega ekki me\u00f0teki\u00f0 hva\u00f0 \u00fea\u00f0 er sem greinin sn\u00fdst um \u00ed fyrstu tilraun, endurtek \u00e9g sj\u00e1lfa mig h\u00e9r me\u00f0:<\/p>\n<p>&#8216;Vi\u00f0 getum endalaust deilt um \u00fea\u00f0 hven\u00e6r barn eigi a\u00f0 teljast einstaklingur, hvort mannsl\u00edf s\u00e9 yfirh\u00f6fu\u00f0 heilagt og hvort \u00fea\u00f0 s\u00e9 einkam\u00e1l kvenna hvort \u00fe\u00e6r gangi me\u00f0 b\u00f6rn e\u00f0ur ei. \u00dea\u00f0 v\u00e6ri hinsvegar fr\u00f3\u00f0legt a\u00f0 sj\u00e1 ni\u00f0urst\u00f6\u00f0una ef vestr\u00e6nt samf\u00e9lag f\u00e6ri a\u00f0 drullast til \u00feess a\u00f0 takast \u00e1 vi\u00f0 barnfyrirlitningu s\u00edna og vir\u00f0ingarleysi sitt gagnvart m\u00f3\u00f0urhlutverkinu \u00ed sta\u00f0 \u00feess a\u00f0 \u00fer\u00e6ta um r\u00e9tt kvenna og heilagleika l\u00edfins.&#8217;<\/p>\n<\/div>\n<p>Posted by: Eva |\u00a0<a href=\"http:\/\/www.norn.is\/sapuopera\/2010\/04\/nsta_manudag_drepa_islenskir_l.html#comment-10040\">1.05.2010 | 21:36:17<\/a><\/p>\n<\/div>\n<div id=\"comment-10042\">\n<div>\n<p>Bara svo \u00fea\u00f0 s\u00e9 \u00e1 hreinu, \u00fe\u00e1 me\u00f0t\u00f3k \u00e9g megininntak greinarinnar, og er samm\u00e1la \u00fev\u00ed. \u00c9g er hins vegar \u00f3samm\u00e1la \u00fev\u00ed a\u00f0 frj\u00e1lsleg f\u00f3sturey\u00f0igarl\u00f6ggj\u00f6f s\u00e9 ekki kvenr\u00e9ttindam\u00e1l. H\u00fan er \u00fea\u00f0 bara v\u00edst og \u00e9g \u00fer\u00e6ti v\u00edst um r\u00e9tt kvenna \u00f3h\u00e1\u00f0 barnafyrirlitningu samf\u00e9lagsins.<\/p>\n<p>\u00dea\u00f0 a\u00f0 kona ver\u00f0ur \u00feungu\u00f0 fyrir slysni hefur \u00e1hrif \u00e1 atvinnum\u00f6guleika, m\u00f6guleika \u00e1 menntun o.fl. Eitthva\u00f0 sem hefur engin \u00e1hrif \u00e1 karl, sem \u00e1kve\u00f0ur a\u00f0 l\u00e1ta \u00fea\u00f0 ekki hafa \u00e1hrif \u00e1 sig.<\/p>\n<p>\u00dea\u00f0 eru ekki allar konur sem hafa \u00e1huga \u00e1 a\u00f0 ver\u00f0a m\u00e6\u00f0ur akk\u00farat \u00feegar \u00fe\u00e6r ver\u00f0a \u00feunga\u00f0ar. Konur eiga ekki a\u00f0 \u00feurfa a\u00f0 setja allt \u00e1 \u00eds vegna \u00feungunar, og meira a\u00f0 segja \u00ed besta samf\u00e9lagi allra g\u00f3\u00f0ra samf\u00e9laga \u00fe\u00e1 \u00fearf a\u00f0 setja vissa hluti \u00e1 \u00eds vegna \u00f3l\u00e9ttu og svo \u00f3sj\u00e1lfbjarga barns \u00ed beinu framhaldi.<\/p>\n<p>\u00c9g taldi mig gera grein fyrir \u00fev\u00ed hvers vegna m\u00e9r finnst ekki hr\u00e6\u00f0ilegt a\u00f0 ey\u00f0a f\u00f3stri. \u00dea\u00f0 a\u00f0 n\u00e1tt\u00faran drepur svona m\u00f6rg f\u00f3stur \u00e1 \u00feessum fyrst 3 m\u00e1nu\u00f0um lei\u00f0ir til \u00feess a\u00f0 m\u00e9r finnst \u00fea\u00f0 \u00e1s\u00e6ttanlegra heldur en a\u00f0 drepa n\u00fdf\u00e6dd b\u00f6rn. \u00c9g skal alveg taka undir \u00fea\u00f0 a\u00f0 \u00e9g hef litast af \u00fev\u00ed samf\u00e9lagi sem konur \u00feurftu a\u00f0 berjast fyrir af krafti. Samf\u00e9lag hefur kl\u00e1rlega \u00e1hrif \u00e1 f\u00f3lk.<\/p>\n<p>M\u00e9r finnst a\u00f0 \u00fea\u00f0 \u00feurfi a\u00f0 vega f\u00f3sturdr\u00e1p \u00e1 m\u00f3ti manneskju sem \u00e1 s\u00e9r l\u00edf og hefur r\u00e9tt \u00e1 a\u00f0 taka \u00e1kv\u00f6r\u00f0un um eigi\u00f0 l\u00edf og l\u00edkama og m\u00e9r finnst l\u00edka a\u00f0 \u00fea\u00f0 \u00feurfi a\u00f0 vega \u00fea\u00f0 \u00e1 m\u00f3ti \u00fev\u00ed a\u00f0 me\u00f0 f\u00f3sturey\u00f0ingu er m\u00f3\u00f0irin hugsanlega a\u00f0 b\u00faa betur \u00ed haginn fyrir framt\u00ed\u00f0arafkv\u00e6mi.<\/p>\n<p>Svo finnst m\u00e9r \u00fe\u00fa bara vera a\u00f0 sn\u00faa \u00fat \u00far og tu\u00f0a..<\/p>\n<p>Au\u00f0vita\u00f0 eru n\u00e6r allir sem hafa fengi\u00f0 a\u00f0 lifa bara nokku\u00f0 s\u00e1ttir vi\u00f0 \u00fea\u00f0. \u00dea\u00f0 gefur auga lei\u00f0, \u00e1 sama h\u00e1tt og \u00e9g hef aldrei hitt neinn sem var \u00f3s\u00e1ttur vi\u00f0 \u00fea\u00f0 a\u00f0 hafa veri\u00f0 eytt sem f\u00f3stri. \u00deetta er r\u00f6kleysa og \u00fev\u00e6la. Allir sem \u00e9g \u00feekki eru l\u00edka rosalega gla\u00f0ir a\u00f0 \u00feeirra s\u00e6\u00f0isfruma og \u00feeirra egg hittust, og \u00feeim var bara ekki hent \u00ed rusli\u00f0 \u00ed einhverri latexklessu.<\/p>\n<p>Og au\u00f0vita\u00f0 er \u00fat \u00ed h\u00f6tt a\u00f0 bera saman f\u00f3sturey\u00f0ingu og getna\u00f0arv\u00f6rn. \u00dea\u00f0 er \u00e1l\u00edka miki\u00f0 \u00fat \u00ed h\u00f6tt eins og a\u00f0 bera saman f\u00f3sturey\u00f0ingar og dr\u00e1p \u00e1 n\u00fdf\u00e6ddum b\u00f6rnum e\u00f0a sj\u00faklingum og gamalmennum.<\/p>\n<\/div>\n<p>Posted by: Nonni |\u00a0<a href=\"http:\/\/www.norn.is\/sapuopera\/2010\/04\/nsta_manudag_drepa_islenskir_l.html#comment-10042\">1.05.2010 | 22:16:16<\/a><\/p>\n<\/div>\n<div id=\"comment-10043\">\n<div>\n<p>Nonni sko\u00f0a\u00f0u \u00fe\u00edna eigin or\u00f0r\u00e6\u00f0u. Bara \u00fea\u00f0 a\u00f0 vi\u00f0 skulum kalla \u00f3skipulag\u00f0a \u00feungun &#8216;slys&#8217; afhj\u00fapar hi\u00f0 raunverulega vandam\u00e1l.<\/p>\n<p>Getur veri\u00f0 a\u00f0 hluti af vandam\u00e1linu s\u00e9 kannski \u00fea\u00f0 a\u00f0 karlinn l\u00e1ti \u00fea\u00f0 bara ekkert hafa \u00e1hrif \u00e1 sig \u00fe\u00f3tt hann ver\u00f0i fa\u00f0ir? Myndi \u00fea\u00f0 \u00fej\u00f3na jafnr\u00e9ttinu betur ef pabbinn t\u00e6ki helminginn af \u00e1byrg\u00f0inni?<\/p>\n<p>Ef kona \u00e1 ekki a\u00f0 \u00feurfa a\u00f0 breyta neinum \u00e1\u00e6tlunum vegna \u00feungunar, \u00e6ttu foreldrar \u00fe\u00e1 eitthva\u00f0 frekar a\u00f0 \u00feurfa a\u00f0 skipta um forgangsr\u00f6\u00f0 ef barn sem \u00feegar er f\u00e6tt veikist? V\u00e6ri \u00fe\u00e1 ekki r\u00f6kr\u00e9tt a\u00f0 l\u00f3ga barninu ef t.d. veikindi ver\u00f0a til \u00feess a\u00f0 foreldrar \u00feurfa a\u00f0 skipta um starf?<\/p>\n<p>\u00cd Afr\u00edku deyja rosalega m\u00f6rg b\u00f6rn \u00e1 fyrstu 2 \u00e1runum vegna sj\u00fakd\u00f3ma, hungurs og annars n\u00e1tt\u00faruvals. Er \u00fe\u00e1 meira \u00ed lagi a\u00f0 drepa afr\u00edskt barn en Norr\u00e6nt, af \u00fev\u00ed a\u00f0 l\u00edkur eru \u00e1 a\u00f0 \u00fea\u00f0 deyi hvort sem er?<\/p>\n<p>\u00dea\u00f0 a\u00f0 bera saman dr\u00e1p \u00e1 n\u00fdf\u00e6ddum b\u00f6rnum og \u00e1 f\u00f3stum er ekki meira \u00fat \u00ed h\u00f6tt en svo a\u00f0 \u00ed K\u00edna flokkast \u00fea\u00f0 f\u00f3sturey\u00f0ing a\u00f0 stinga prj\u00f3ni inn \u00ed heila barns \u00ed f\u00e6\u00f0ingunni. S\u00e9r\u00f0 \u00fe\u00fa mun \u00e1 \u00fev\u00ed og a\u00f0 drepa \u00fea\u00f0 eftir a\u00f0 \u00fea\u00f0 er f\u00e6tt?<\/p>\n<\/div>\n<p>Posted by: Eva |\u00a0<a href=\"http:\/\/www.norn.is\/sapuopera\/2010\/04\/nsta_manudag_drepa_islenskir_l.html#comment-10043\">2.05.2010 | 7:24:24<\/a><\/p>\n<\/div>\n<div id=\"comment-10044\">\n<div>\n<p>J\u00e1 og af hverju er hreinlega ekki liti\u00f0 \u00e1 \u00fea\u00f0 sem valkost a\u00f0 gefa barn til \u00e6ttlei\u00f0ingar? Af \u00fev\u00ed a\u00f0 \u00fea\u00f0 er erfitt er \u00fea\u00f0 ekki. \u00dea\u00f0 er svo miklu \u00fe\u00e6gilegra a\u00f0 drepa manneskju sem ma\u00f0ur s\u00e9r ekki en a\u00f0 kve\u00f0ja einhvern sem hefur merkingu fyrir mann. Og l\u00edfi\u00f0 \u00c1 a\u00f0 vera au\u00f0velt. Vi\u00f0 h\u00f6fum R\u00c9TT til \u00feess a\u00f0 va\u00f0a \u00e1 allan h\u00e1tt yfir \u00fe\u00e1 sem eru minni m\u00e1ttar ef \u00fea\u00f0 \u00fej\u00f3nar hagsmunum OKKAR N\u00daNA. Er \u00fea\u00f0 ekki s\u00fa sko\u00f0un sem liggur a\u00f0 baki?<\/p>\n<\/div>\n<p>Posted by: Eva |\u00a0<a href=\"http:\/\/www.norn.is\/sapuopera\/2010\/04\/nsta_manudag_drepa_islenskir_l.html#comment-10044\">2.05.2010 | 7:33:20<\/a><\/p>\n<\/div>\n<div id=\"comment-10045\">\n<div>\n<p>Viltu l\u00e1ta banna daginn eftir pilluna?<\/p>\n<\/div>\n<p>Posted by: Halli |\u00a0<a href=\"http:\/\/www.norn.is\/sapuopera\/2010\/04\/nsta_manudag_drepa_islenskir_l.html#comment-10045\">2.05.2010 | 11:34:45<\/a><\/p>\n<\/div>\n<div id=\"comment-10046\">\n<div>\n<p>Nei, \u00e9g vil ekki l\u00e1ta banna f\u00f3sturey\u00f0ingapilluna, allavega ekki fyrr en \u00fea\u00f0 er or\u00f0i\u00f0 almennt vi\u00f0horf a\u00f0 f\u00f3stuey\u00f0ing s\u00e9 algert ney\u00f0ar\u00farr\u00e6\u00f0i.<\/p>\n<p>\u00c1st\u00e6\u00f0an er s\u00fa a\u00f0 m\u00e9r finnst \u00fe\u00f3 mann\u00fa\u00f0legra a\u00f0 drepa f\u00f3stri\u00f0 me\u00f0 eitri \u00e1\u00f0ur en \u00fea\u00f0 er komi\u00f0 me\u00f0 s\u00e1rsaukaskyn en a\u00f0 t\u00e6ta \u00fea\u00f0 \u00ed sundur lifandi 10 vikna. Af s\u00f6mu \u00e1st\u00e6\u00f0u finnst m\u00e9r k\u00ednverska a\u00f0fer\u00f0in d\u00e1l\u00edti\u00f0 ge\u00f0slegri.<\/p>\n<\/div>\n<p>Posted by:\u00a0<a href=\"http:\/\/norn.is\/birta\" rel=\"nofollow\">Eva<\/a>\u00a0|\u00a0<a href=\"http:\/\/www.norn.is\/sapuopera\/2010\/04\/nsta_manudag_drepa_islenskir_l.html#comment-10046\">2.05.2010 | 13:21:32<\/a><\/p>\n<\/div>\n<div id=\"comment-10047\">\n<div>\n<p>\u00c9g s\u00e9 a\u00f0 \u00e9g er mj\u00f6g fastur \u00ed \u00feessu vi\u00f0horfi sem \u00fe\u00fa ert a\u00f0 blammera. \u00c9g \u00fearf samt a\u00f0eins a\u00f0 \u00fatsk\u00fdra:<\/p>\n<p>M\u00e9r finnst a\u00f0 b\u00f6rn eigi r\u00e9tt \u00e1 \u00fev\u00ed fyrstu \u00e1rin a\u00f0 \u00fea\u00f0 s\u00e9 fulltime vinna og vel r\u00famlega \u00fea\u00f0 a\u00f0 sj\u00e1 um \u00feau. \u00deau eiga a\u00f0 geta fengi\u00f0 brj\u00f3st \u00feegar \u00feau vilja og fulla athygli. \u00cd m\u00f6rgum frumst\u00e6\u00f0ari samf\u00e9l\u00f6gum fer konan a\u00f0 vinna me\u00f0 barni\u00f0 bundi\u00f0 \u00e1 sig og gefur \u00fev\u00ed athygli og brj\u00f3st \u00feegar \u00fea\u00f0 \u00fearf \u00e1 a\u00f0 halda.<\/p>\n<p>\u00cd okkar samf\u00e9lagi er \u00feetta ekki m\u00f6guleiki, og \u00fea\u00f0 er mikill mi\u00f0ur. \u00c9g s\u00e9 ekki fyrir m\u00e9r a\u00f0 m\u00f3\u00f0ir taki barni\u00f0 me\u00f0 s\u00e9r \u00ed sk\u00f3lastofuna e\u00f0a skrifstofuna. \u00dea\u00f0 myndi &#8222;trufla&#8220; og \u00fe\u00e6tti bara \u00ed h\u00e6sta m\u00e1ta \u00f3e\u00f0lilegt.<\/p>\n<p>Til \u00feess a\u00f0 m\u00f3\u00f0irinn geti sinnt barninu \u00fearf h\u00fan a\u00f0 sleppa \u00fev\u00ed a\u00f0 gera \u00fea\u00f0 sem h\u00fan haf\u00f0i \u00e1kve\u00f0i\u00f0 a\u00f0 gera, og \u00fea\u00f0 getur ska\u00f0a\u00f0 afkomum\u00f6guleika hennar um \u00f3komna framt\u00ed\u00f0.<\/p>\n<p>\u00deess vegna finnst m\u00e9r, a\u00f0 \u00ed \u00feessu samf\u00e9lagi, s\u00e9 \u00fea\u00f0 kvenr\u00e9ttindam\u00e1l a\u00f0 f\u00f3sturey\u00f0ingar s\u00e9u a\u00f0gengilegar. \u00dea\u00f0 hj\u00e1lpar mj\u00f6g miki\u00f0 a\u00f0 fa\u00f0irinn s\u00e9 til sta\u00f0ar, en \u00fea\u00f0 eru samt l\u00edffr\u00e6\u00f0ilegar \u00e1st\u00e6\u00f0ur fyrir \u00fev\u00ed a\u00f0 fa\u00f0irinn getur ekki komi\u00f0 a\u00f0 fullu leyti \u00ed sta\u00f0inn fyrir m\u00f3\u00f0ur.<\/p>\n<p>M\u00e9r finnst samt sem \u00e1\u00f0ur a\u00f0 fj\u00f6ldi f\u00f3sturey\u00f0inga s\u00e9 \u00fat \u00far \u00f6llu korti, s\u00e9rstaklega \u00feegar \u00fea\u00f0 eru til getna\u00f0arvarnir og morgunpilla (ge\u00f0slegri f\u00f3sturey\u00f0ing).<\/p>\n<p>\u00dea\u00f0 vir\u00f0ist vera samd\u00f3mur v\u00edsindamanna a\u00f0 b\u00f6rn finni ekki til s\u00e1rsauka fyrr en eftir 26. viku. \u00dear fyrir utan \u00fe\u00e1 eru notu\u00f0 deyfiefni til \u00f6ryggis eftir 12. viku. Allt tal um a\u00f0 b\u00f6rn geti m\u00f6gulega fundi\u00f0 til fyrir 12. viku er bara bull, komi\u00f0 fr\u00e1 \u00feeim sem vilja helst a\u00f0 konur s\u00e9u undirgefnar m\u00f6nnum s\u00ednum \u00ed einu og \u00f6llu.<\/p>\n<\/div>\n<p>Posted by: Nonni |\u00a0<a href=\"http:\/\/www.norn.is\/sapuopera\/2010\/04\/nsta_manudag_drepa_islenskir_l.html#comment-10047\">2.05.2010 | 15:51:23<\/a><\/p>\n<\/div>\n<div id=\"comment-10048\">\n<div>\n<p>\u00deetta er n\u00fa reyndar mj\u00f6g umdeilt. Sumir v\u00edsindamenn segja a\u00f0 f\u00f3stur hafi ekki s\u00e1rsaukaskyn fyrr en \u00e1 28. viku a\u00f0rir tala um 20. viku og hversvegna \u00ed \u00f3sk\u00f6punum er gefi\u00f0 deyfiefni &#8217;til \u00f6ryggis&#8217; ef menn eru svona vissir um \u00feetta? \u00c1 \u00cdslandi eru d\u00e6mi um fyrirbura sem hafa f\u00e6\u00f0st \u00e1 24. viku. Spur\u00f0u foreldra \u00feeirra hvort frumukekkirnir \u00feeirra hafi haft s\u00e1rsaukaskyn.<\/p>\n<p>\u00c1 myndbandinu s\u00e9st 12 vikna f\u00f3stur beinl\u00ednis berjast fyrir l\u00edfi s\u00ednu, svo \u00e9g \u00e1 frekar b\u00e1gt me\u00f0 a\u00f0 tr\u00faa \u00fev\u00ed a\u00f0 \u00fea\u00f0 finni ekki fyrir neinu. \u00c9g, fyrir mitt leyti vil l\u00e1ta barni\u00f0\/frumuk\u00f6kkinn nj\u00f3ta vafans. \u00dea\u00f0 er ekki af \u00fev\u00ed a\u00f0 \u00e9g vilji a\u00f0 konur s\u00e9u k\u00f6rlum undirgefnar.<\/p>\n<\/div>\n<p>Posted by: Eva |\u00a0<a href=\"http:\/\/www.norn.is\/sapuopera\/2010\/04\/nsta_manudag_drepa_islenskir_l.html#comment-10048\">2.05.2010 | 17:06:49<\/a><\/p>\n<\/div>\n<div id=\"comment-10049\">\n<div>Eva skrifar:<br \/>\n&#8222;\u00dea\u00f0 vir\u00f0ist vera samd\u00f3mur v\u00edsindamanna a\u00f0 b\u00f6rn finni ekki til s\u00e1rsauka fyrr en eftir 26. viku. \u00dear fyrir utan \u00fe\u00e1 eru notu\u00f0 deyfiefni til \u00f6ryggis eftir 12. viku. Allt tal um a\u00f0 b\u00f6rn geti m\u00f6gulega fundi\u00f0 til fyrir 12. viku er bara bull, komi\u00f0 fr\u00e1 \u00feeim sem vilja helst a\u00f0 konur s\u00e9u undirgefnar m\u00f6nnum s\u00ednum \u00ed einu og \u00f6llu.&#8220;Mitt svar:<br \/>\nEftir 21 dag sl\u00e6r hjarta\u00f0 &#8211; eftir 10 vikur eru t.d. hendur og f\u00e6tur fullsk\u00f6pu\u00f0. T\u00edmasetning s\u00e1rsaukaskyns hefur ekki veri\u00f0 sta\u00f0fest.<\/p>\n<p>S\u00f3narmyndir af f\u00f3sturey\u00f0ingum fyrir 12. viku s\u00fdna f\u00f3stur reyna v\u00edkja s\u00e9r undan hn\u00edfnum&#8230; sem sker \u00feau \u00ed sundur \u00e1\u00f0ur en \u00feau eru sogu\u00f0 \u00fat.<\/p>\n<p>F\u00f3sturey\u00f0ing er valkostur. Ekki eru allir samm\u00e1la. H\u00e9r er myndband af \u00e1ttburam\u00f3\u00f0urinni.<\/p>\n<p><a href=\"http:\/\/www.oprah.com\/oprahshow\/Experience-a-Day-in-the-Life-of-Nadya-Suleman-Video_1\" rel=\"nofollow\">http:\/\/www.oprah.com\/oprahshow\/Experience-a-Day-in-the-Life-of-Nadya-Suleman-Video_1<\/a><\/p>\n<p><a href=\"http:\/\/www.pressan.is\/Barnapressan\/Lesa_Barnapressuna\/attburamamman-hja-opruh--video\" rel=\"nofollow\">http:\/\/www.pressan.is\/Barnapressan\/Lesa_Barnapressuna\/attburamamman-hja-opruh&#8211;video<\/a><\/p>\n<\/div>\n<p>Posted by: J\u00f3hann Gunnarsson |\u00a0<a href=\"http:\/\/www.norn.is\/sapuopera\/2010\/04\/nsta_manudag_drepa_islenskir_l.html#comment-10049\">3.05.2010 | 10:37:01<\/a><\/p>\n<\/div>\n<div id=\"comment-10050\">\n<div>\n<p>\u00dea\u00f0 var n\u00fa reyndar ekki \u00e9g sem sag\u00f0i \u00fea\u00f0 heldur Nonni.<\/p>\n<\/div>\n<p>Posted by: Eva |\u00a0<a href=\"http:\/\/www.norn.is\/sapuopera\/2010\/04\/nsta_manudag_drepa_islenskir_l.html#comment-10050\">3.05.2010 | 13:54:12<\/a><\/p>\n<\/div>\n<div id=\"comment-10052\">\n<div>Eva skrifa\u00f0i:<br \/>\n\u00deetta er n\u00fa reyndar ekki r\u00e9tt hj\u00e1 \u00fe\u00e9r J\u00f3hann. Flest str\u00ed\u00f0 \u00ed heiminum eiga r\u00e6tur a\u00f0 rekja til efnahagslegra hagsmuna en koma f\u00f3sturey\u00f0ingum l\u00edti\u00f0 vi\u00f0 og allir forsetar Bandar\u00edkjanna s\u00ed\u00f0ustu 30 \u00e1r hafa veri\u00f0 hersk\u00e1ir.\u00dea\u00f0 er svo \u00ed besta falli umdeilanlegt a\u00f0 afsta\u00f0a til f\u00f3sturey\u00f0inga hafi r\u00e1\u00f0i\u00f0 mestu um kj\u00f6r \u00feessara forseta sem \u00fe\u00fa nefnir.<br \/>\nM\u00edn sko\u00f0un:<br \/>\nCarter var ekki hersk\u00e1r&#8230; reyndi a\u00f0 frelsa 100 g\u00edsla \u00ed USA sendir\u00e1\u00f0i \u00ed Teheran&#8230; algj\u00f6rt flopp.<\/p>\n<p>Clinton var ekki hersk\u00e1r&#8230; reyndi a\u00f0 a\u00f0sto\u00f0a \u00ed S\u00f3mal\u00edu&#8230; algj\u00f6rt flopp.<\/p>\n<p>Eing\u00f6ngu hersk\u00e1ir forsetar kunna til verka \u00ed str\u00ed\u00f0um&#8230; hikandi og r\u00e1\u00f0alausir forsetar eru til vandr\u00e6\u00f0a \u00ed styrj\u00f6ldum.<\/p>\n<p>\u00d6ll str\u00ed\u00f0 sem USA hefur teki\u00f0 \u00fe\u00e1tt \u00ed sl 30 \u00e1r eru ol\u00edu-tengd.<\/p>\n<p>Ef \u00fe\u00fa kynnir \u00fe\u00e9r hva\u00f0a m\u00e1l er forgangsm\u00e1l hj\u00e1 rep\u00fablik\u00f6num sl 30 \u00e1r&#8230; \u00fe\u00e1 mun koma \u00ed lj\u00f3s a\u00f0 f\u00f3sturey\u00f0ingar eru \u00ed 1. s\u00e6ti.<\/p>\n<\/div>\n<p>Posted by: J\u00f3hann Gunnarsson |\u00a0<a href=\"http:\/\/www.norn.is\/sapuopera\/2010\/04\/nsta_manudag_drepa_islenskir_l.html#comment-10052\">3.05.2010 | 21:30:12<\/a><\/p>\n<\/div>\n<div id=\"comment-10053\">\n<div>Eva skrifar:<br \/>\n&#8222;er \u00fea\u00f0 \u00fe\u00e1 ekki mannr\u00e9ttindam\u00e1l a\u00f0 f\u00e1 a\u00f0 drepa n\u00fdf\u00e6tt barn ef \u00fea\u00f0 er \u00e1 einhvern h\u00e1tt fyrir?Hefur\u00f0u \u00e1st\u00e6\u00f0u til a\u00f0 \u00e6tla a\u00f0 fyrir \u00e1ri\u00f0 1935 (\u00fe\u00e1 voru f\u00f3sturey\u00f0ingar l\u00f6gleiddar) hafi hundru\u00f0 barna alist upp \u00ed dj\u00fapu \u00feunglyndi?&#8220;<\/p>\n<p>M\u00edn sko\u00f0un.<br \/>\n\u00datbur\u00f0ur kom \u00ed sta\u00f0 f\u00f3sturey\u00f0ingar \u00e1\u00f0ur fyrr.<\/p>\n<p>\u00datbur\u00f0ur og bl\u00f3t voru helstu \u00e1takam\u00e1l vi\u00f0 kristnit\u00f6ku \u00e1ri\u00f0 1000&#8230; bl\u00f3t og \u00fatbur\u00f0ur voru umborin til 1022&#8230; eftir \u00fea\u00f0 voru \u00feau b\u00f6nnu\u00f0&#8230; oog eing\u00f6ngu framkv\u00e6md \u00e1 laun.<\/p>\n<p>\u00dea\u00f0 er hugmynd kirkjunnar a\u00f0 l\u00edf s\u00e9 heilagt&#8230; ekki hei\u00f0ingja.<\/p>\n<p>\u00dabur\u00f0ur &#8211; mann\u00e1t &#8211; f\u00f3sturey\u00f0ingar er runni\u00f0 af s\u00f6mu r\u00f3tum&#8230; \u00fe.e. l\u00edfi\u00f0 er ekki heilagt.<\/p>\n<p>Bann vi\u00f0 f\u00f3sturey\u00f0ingum var hert 1935 e\u00f0a 6&#8230; m.a. voru undantekningar a\u00f0 dey\u00f0a m\u00e1tti \u00f3f\u00e6tt barn ef \u00e6tla m\u00e1tti a\u00f0 \u00fea\u00f0 hef\u00f0i gl\u00e6pahneig\u00f0 til a\u00f0 bera vegna \u00e6tternis ofl undantekningar.<\/p>\n<\/div>\n<p>Posted by: J\u00f3hann Gunnarsson |\u00a0<a href=\"http:\/\/www.norn.is\/sapuopera\/2010\/04\/nsta_manudag_drepa_islenskir_l.html#comment-10053\">3.05.2010 | 21:45:46<\/a><\/p>\n<\/div>\n<div id=\"comment-10054\">\n<div>\n<p>K\u00e6ra Eva,<\/p>\n<p>\u00e9g er samm\u00e1la \u00fdmsu sem \u00fe\u00fa segir, \u00f6\u00f0ru ekki, en \u00e9g vil bara koma einu atri\u00f0i a\u00f0:<\/p>\n<p>Hreyfingar f\u00f3stursins \u00e1 myndbandinu eru \u00f3sj\u00e1lfr\u00e1\u00f0ur reflex. \u00dea\u00f0 a\u00f0 f\u00f3stri\u00f0 geti hreyft sig og brug\u00f0ist vi\u00f0 \u00e1reiti merkir ekki a\u00f0 \u00fea\u00f0 finni fyrir s\u00e1rsauka. Og \u00fea\u00f0 merkir alls ekki a\u00f0 f\u00f3stri\u00f0 hafi vott af me\u00f0vitund um \u00fea\u00f0 sem er a\u00f0 gerast \u00ed kringum \u00fea\u00f0 e\u00f0a \u00ed l\u00edkama \u00feess. Am\u00f6bur hafa reflexa. \u00dea\u00f0 a\u00f0 vi\u00f0 skulum sj\u00e1 hreyfingarnar \u00e1 myndbandinu sker ekki \u00far um neitt.<\/p>\n<p>Svo hvet \u00e9g \u00feig til \u00feess a\u00f0 kynna \u00fe\u00e9r tilur\u00f0 \u00feessa myndbands (ef \u00fe\u00fa hefur ekki \u00feegar gert \u00fea\u00f0) og vi\u00f0br\u00f6g\u00f0 v\u00edsindamanna vi\u00f0 \u00fev\u00ed.<\/p>\n<p>Kve\u00f0ja,<br \/>\n\u00de\u00f3rd\u00eds<\/p>\n<\/div>\n<p>Posted by: \u00de\u00f3rd\u00eds |\u00a0<a href=\"http:\/\/www.norn.is\/sapuopera\/2010\/04\/nsta_manudag_drepa_islenskir_l.html#comment-10054\">3.05.2010 | 23:14:34<\/a><\/p>\n<\/div>\n<div id=\"comment-10060\">\n<div>\n<p>J\u00f3hann. \u00datbur\u00f0ur hefur alltaf t\u00ed\u00f0kast \u00ed einhverju m\u00e6li. \u00dea\u00f0 gerist enn \u00ed dag a\u00f0 b\u00f6rn finnist \u00ed ruslatunnum e\u00f0a a\u00f0 m\u00e6\u00f0urnar dey\u00f0i \u00feau \u00ed f\u00e6\u00f0ingu. F\u00f3sturey\u00f0ingar koma ekki \u00ed veg fyrir sl\u00edkt. \u00c6tla m\u00e1 a\u00f0 frj\u00e1lsleg f\u00f3sturey\u00f0ingal\u00f6ggj\u00f6f dragi \u00far ungbarnadr\u00e1pum en b\u00e6tt heilsug\u00e6sla, b\u00e6ttar f\u00e9lagslegar a\u00f0st\u00e6\u00f0ur og breytt vi\u00f0horf til einst\u00e6\u00f0ra m\u00e6\u00f0ra og lausaleiksbarna eiga \u00f6rugglega meiri \u00fe\u00e1tt \u00ed \u00fev\u00ed a\u00f0 f\u00e1ar konur l\u00edta \u00e1 \u00fatbur\u00f0 sem valkost.<\/p>\n<p>\u00dea\u00f0 er ekki hugmynd kirkjunnar a\u00f0 l\u00edfi\u00f0 s\u00e9 heilagt. Hugmyndir um mannhelgi t\u00ed\u00f0kast \u00ed \u00f6llum mannlegum samf\u00e9l\u00f6gum og um lei\u00f0 s\u00fa hugmynd a\u00f0 sum l\u00edf s\u00e9u helgari en \u00f6nnur. \u00dea\u00f0 m\u00e1 drepa f\u00f3lk af \u00f3vina\u00e6ttb\u00e1lki en ekki s\u00ednum eigin. \u00dea\u00f0 m\u00e1 drepa \u00fe\u00e1 sem brj\u00f3ta svo illa gegn reglum samf\u00e9lagsins a\u00f0 \u00fea\u00f0 vill ekki fyrirgefa. \u00dea\u00f0 er alltaf einhver sem m\u00e1 svipta l\u00edfi. Kristilegar kirkjur eru sannarlega engin undantekning fr\u00e1 \u00feessu og n\u00e6gir a\u00f0 nefna krossfer\u00f0ir og galdraofs\u00f3knir.<\/p>\n<\/div>\n<p>Posted by: Eva |\u00a0<a href=\"http:\/\/www.norn.is\/sapuopera\/2010\/04\/nsta_manudag_drepa_islenskir_l.html#comment-10060\">4.05.2010 | 7:12:13<\/a><\/p>\n<\/div>\n<div id=\"comment-10062\">\n<div>\n<p>\u00de\u00f3rd\u00eds, takk fyrir \u00feitt innlegg. Getur \u00fe\u00fa bent m\u00e9r \u00e1 einhverja gagnr\u00fdni eftir v\u00edsindamann sem ekki er tengdur f\u00f3sturey\u00f0ingai\u00f0na\u00f0inum e\u00f0a hefur a\u00f0ra hagsmuni af frj\u00e1lslegri f\u00f3stuey\u00f0ingal\u00f6ggj\u00f6f?<\/p>\n<p>\u00c9g skal alveg gefa \u00fev\u00ed s\u00e9ns a\u00f0 \u00fea\u00f0 s\u00e9 eitthva\u00f0 anna\u00f0 en s\u00e1rsauki sem veldur \u00fev\u00ed a\u00f0 f\u00f3stri\u00f0 v\u00edkur s\u00e9r undan. Hinsvegar vil \u00e9g l\u00e1ta \u00fea\u00f0 nj\u00f3ta vafans \u00fev\u00ed sannleikurinn er n\u00fa bara s\u00e1 a\u00f0 v\u00edsindamenn hafa ekki hugmynd um \u00fea\u00f0 hvort f\u00f3stur \u00e1 \u00feessum aldri hefur s\u00e1rsaukaskyn e\u00f0a ekki. Fyrir 30 \u00e1rum var tali\u00f0 a\u00f0 s\u00e1rsaukaskyn \u00fer\u00f3a\u00f0ist \u00e1 viku 26-28. Fyrirburaf\u00e6\u00f0ingar hafa afsanna\u00f0 \u00fea\u00f0 og \u00ed dag er tali\u00f0 a\u00f0 f\u00f3stur hafi s\u00e1rsaukaskyn 20 vikna gamalt. Fyrr e\u00f0a s\u00ed\u00f0ar mun 18 vikna f\u00f3stur lifa af og ef \u00feau hafa ekki snertiskyn skal \u00e9g anda r\u00f3lega.<\/p>\n<p>Annars finnst m\u00e9r mikilv\u00e6gari spurning hvers vegna svo m\u00f6rg b\u00f6rn eru \u00f3velkomin \u00ed samf\u00e9lagi sem hefur alla bur\u00f0i til a\u00f0 b\u00faa vel a\u00f0 \u00feeim. M\u00e9r finnst mikilv\u00e6gara a\u00f0 draga \u00far eftirspurninni eftir f\u00f3sturey\u00f0ingum en frambo\u00f0inu.<\/p>\n<\/div>\n<p>Posted by: Eva |\u00a0<a href=\"http:\/\/www.norn.is\/sapuopera\/2010\/04\/nsta_manudag_drepa_islenskir_l.html#comment-10062\">4.05.2010 | 7:34:39<\/a><\/p>\n<\/div>\n<div id=\"comment-10069\">\n<div>\n<p>\u00de\u00fa tekur \u00e1kv\u00f6r\u00f0un fyrir \u00feinn l\u00edkama.<\/p>\n<p>\u00c9g fyrir minn.<\/p>\n<p>Case closed.<\/p>\n<\/div>\n<p>Posted by: Bella |\u00a0<a href=\"http:\/\/www.norn.is\/sapuopera\/2010\/04\/nsta_manudag_drepa_islenskir_l.html#comment-10069\">4.05.2010 | 11:38:43<\/a><\/p>\n<\/div>\n<div id=\"comment-10070\">\n<div>\n<p>\u00deannig eru l\u00f6gin Bella og ef \u00fe\u00fa vilt l\u00e1ta fjarl\u00e6gja f\u00f3stur eftir 12. viku e\u00f0a eftir 16. viku \u00fe\u00e1 er h\u00e6gt a\u00f0 gera \u00fea\u00f0 \u00f3l\u00f6glega. L\u00e6knar fr\u00f6mdu \u00f3l\u00f6glegar f\u00f3sturey\u00f0ingar fyrir 1975 og \u00e9g s\u00e9 ekki hversvegna \u00fea\u00f0 \u00e6tti a\u00f0 hafa breyst.<\/p>\n<p>\u00deeir sem l\u00edta \u00e1 f\u00f3stri\u00f0 sem hluta af l\u00edkama m\u00f3\u00f0urinnar og \u00feeir sem l\u00edta \u00e1 \u00fea\u00f0 sem s\u00e9rstakan einstakling geta ekki komist a\u00f0 sameiginlegri ni\u00f0urst\u00f6\u00f0u um r\u00e9ttm\u00e6ti f\u00f3sturey\u00f0inga, eins og \u00e9g kem inn \u00e1 \u00ed pistli sem \u00e9g birti \u00e1 eftir \u00feessum. A\u00f0 \u00fev\u00ed leyti er &#8216;case closed&#8217; alveg r\u00e9tt ni\u00f0ursta\u00f0a hj\u00e1 \u00fe\u00e9r. \u00de\u00fa fer\u00f0 \u00fe\u00ednu fram hva\u00f0 sem \u00f6\u00f0rum s\u00fdnist.<\/p>\n<p>Hinsvegar er hugsanlegt a\u00f0 vi\u00f0 s\u00e9um samm\u00e1la um a\u00f0 minni eftirspurn eftir f\u00f3stuey\u00f0ingum v\u00e6ri \u00e6skileg og \u00fea\u00f0 er s\u00fa umr\u00e6\u00f0a sem \u00e9g vil sj\u00e1.<\/p>\n<p>Svo \u00feessvegna spyr \u00e9g \u00feig Bella og a\u00f0ra me\u00f0 \u00fe\u00edna afs\u00f6\u00f0u, hversvegna eru svo m\u00f6rg b\u00f6rn \u00f3velkomin og finnst \u00fe\u00e9r a\u00f0 \u00feurfi a\u00f0 breyta \u00fev\u00ed?<\/p>\n<\/div>\n<p>Posted by: Eva |\u00a0<a href=\"http:\/\/www.norn.is\/sapuopera\/2010\/04\/nsta_manudag_drepa_islenskir_l.html#comment-10070\">4.05.2010 | 12:03:01<\/a><\/p>\n<\/div>\n<div id=\"comment-10072\">\n<div>\n<p>sorglegt. \u00deetta er or\u00f0i\u00f0 svo algengt.<br \/>\n&#8216;Eg \u00e1 3 b\u00f6rn \u00e1 t\u00e6pum 3 \u00e1rum og \u00fea\u00f0 var svo sem ekki \u00f3ska sta\u00f0a&#8230; en aldrei kom f\u00f3sturei\u00f0ing til greina, \u00fe\u00f3tt margir s\u00f6g\u00f0u m\u00e9r a\u00f0 fara.<br \/>\nS\u00e1 enga \u00e1st\u00e6\u00f0u til. \u00de\u00f3tt \u00e9g \u00e6tti ekki mikla peninga \u00e1 \u00e9g n\u00f3g af \u00e1st og k\u00e6rleika og \u00fea\u00f0 er mun mikilv\u00e6gara en nokku\u00f0 sem \u00fe\u00fa getur keypt.<\/p>\n<\/div>\n<p>Posted by: Margr\u00e9t |\u00a0<a href=\"http:\/\/www.norn.is\/sapuopera\/2010\/04\/nsta_manudag_drepa_islenskir_l.html#comment-10072\">4.05.2010 | 12:22:54<\/a><\/p>\n<\/div>\n<div id=\"comment-10073\">\n<div>\n<p>sorglegt. \u00deetta er or\u00f0i\u00f0 svo algengt.<br \/>\n&#8216;Eg \u00e1 3 b\u00f6rn \u00e1 t\u00e6pum 3 \u00e1rum og \u00fea\u00f0 var svo sem ekki \u00f3ska sta\u00f0a&#8230; en aldrei kom f\u00f3sturei\u00f0ing til greina, \u00fe\u00f3tt margir s\u00f6g\u00f0u m\u00e9r a\u00f0 fara.<br \/>\nS\u00e1 enga \u00e1st\u00e6\u00f0u til. \u00de\u00f3tt \u00e9g \u00e6tti ekki mikla peninga \u00e1 \u00e9g n\u00f3g af \u00e1st og k\u00e6rleika og \u00fea\u00f0 er mun mikilv\u00e6gara en nokku\u00f0 sem \u00fe\u00fa getur keypt.<\/p>\n<\/div>\n<p>Posted by: Margr\u00e9t |\u00a0<a href=\"http:\/\/www.norn.is\/sapuopera\/2010\/04\/nsta_manudag_drepa_islenskir_l.html#comment-10073\">4.05.2010 | 12:23:05<\/a><\/p>\n<\/div>\n<div id=\"comment-10076\">\n<div>\n<p>\u00c1hugaver\u00f0 og vel skrifu\u00f0 grein. H\u00e9r m\u00e1 finna m\u00edn sj\u00f3narmi\u00f0, ef \u00fe\u00fa hefur \u00e1huga:<a href=\"http:\/\/skodun.is\/2006\/03\/09\/nokkur-rok-fyrir-frjalslyndum-logum-um-fostureydingar\/\" rel=\"nofollow\">http:\/\/skodun.is\/2006\/03\/09\/nokkur-rok-fyrir-frjalslyndum-logum-um-fostureydingar\/<\/a><\/p>\n<\/div>\n<p>Posted by:\u00a0<a href=\"http:\/\/www.skodun.is\/\" rel=\"nofollow\">Sigur\u00f0ur H\u00f3lm Gunnarsson<\/a>\u00a0|\u00a0<a href=\"http:\/\/www.norn.is\/sapuopera\/2010\/04\/nsta_manudag_drepa_islenskir_l.html#comment-10076\">4.05.2010 | 16:45:54<\/a><\/p>\n<\/div>\n<div id=\"comment-10077\">\n<div>\n<p>Takk fyrir athugasemd \u00fe\u00edna. Sendi inn stutt svar.<\/p>\n<\/div>\n<p>Posted by:\u00a0<a href=\"http:\/\/www.skodun.is\/\" rel=\"nofollow\">Sigur\u00f0ur H\u00f3lm Gunnarsson<\/a>\u00a0|\u00a0<a href=\"http:\/\/www.norn.is\/sapuopera\/2010\/04\/nsta_manudag_drepa_islenskir_l.html#comment-10077\">4.05.2010 | 20:47:20<\/a><\/p>\n<\/div>\n<div id=\"comment-10188\">\n<div>\n<p>Hvernig v\u00e6ri n\u00fa a\u00f0 hafa sta\u00f0reyndir \u00e1 hreinu um f\u00f3sturey\u00f0ingar.<\/p>\n<p>F\u00f3stur eru ekki &#8222;t\u00e6tt&#8220; \u00ed sundur eins og \u00fe\u00fa heldur fram h\u00e9rna. Heldur er faglega sta\u00f0i\u00f0 a\u00f0 \u00feessu. \u00deannig a\u00f0 konunni ver\u00f0i ekki meint af.<\/p>\n<p>Konur hafa margar \u00e1st\u00e6\u00f0ur fyrir \u00fev\u00ed a\u00f0 fara \u00ed f\u00f3sturey\u00f0ingu. \u00dea\u00f0 er hinsvegar \u00feeirra r\u00e9ttur. \u00dea\u00f0 sem m\u00e6tti \u00fe\u00f3 gjaran b\u00e6ta inn \u00ed ferli\u00f0 var\u00f0andi \u00f3l\u00f6gr\u00e1\u00f0a einstaklinga v\u00e6ri s\u00e1lfr\u00e6\u00f0inugur til vi\u00f0tals \u00e1\u00f0ur en endanleg \u00e1kv\u00f6r\u00f0un er tekin.<\/p>\n<p>Uppl\u00fdsingar um f\u00f3sturey\u00f0ingar.<\/p>\n<p><a href=\"http:\/\/www.nlm.nih.gov\/medlineplus\/abortion.html\" rel=\"nofollow\">http:\/\/www.nlm.nih.gov\/medlineplus\/abortion.html<\/a><\/p>\n<\/div>\n<p>Posted by:\u00a0<a href=\"http:\/\/www.jonfr.com\/\" rel=\"nofollow\">J\u00f3n Fr\u00edmann<\/a>\u00a0|\u00a0<a href=\"http:\/\/www.norn.is\/sapuopera\/2010\/04\/nsta_manudag_drepa_islenskir_l.html#comment-10188\">7.09.2010 | 17:22:19<\/a><\/p>\n<\/div>\n<div id=\"comment-10189\">\n<div>\n<p>J\u00e1 \u00fea\u00f0 er r\u00e9tt a\u00f0 konur eiga lagalegan r\u00e9tt \u00e1 a\u00f0 l\u00e1ta drepa f\u00f3stur. \u00dea\u00f0 er hinsvegar ekkert l\u00f6gm\u00e1l a\u00f0 hi\u00f0 l\u00f6glega og si\u00f0lega fari saman.<\/p>\n<p>Og j\u00e1, konur hafa margar \u00e1st\u00e6\u00f0ur til a\u00f0 vilja losa sig vi\u00f0 f\u00f3stur. S\u00fa algengasta er a\u00f0 \u00fea\u00f0 er \u00f3hentugt a\u00f0 eiga b\u00f6rn \u00ed samf\u00e9lagi sem elur \u00e1 barnfyrirlitningu. F\u00f3lk hefur l\u00edka margar \u00e1st\u00e6\u00f0ur til a\u00f0 vilja gefa einhverjum \u00e1 kjaftinn en \u00fea\u00f0 er n\u00fa samt ekki l\u00f6glegt.<\/p>\n<p>Og j\u00fa, f\u00f3stur eru v\u00edst t\u00e6tt \u00ed sundur, l\u00edka samkv\u00e6mt heimildum \u00feeirra sem leggja blessun s\u00edna yfir \u00feessar vi\u00f0bj\u00f3\u00f0slegu a\u00f0ger\u00f0ir:<\/p>\n<p>&#8216;This first trimester abortion involves three main steps: (1) an injection to numb the cervix, (2) insertion of a soft flexible tube through the cervix into the uterus, (3) suction created by an aspirating machine or a hand-held mechanism to remove the pregnancy from the uterus.&#8217;<\/p>\n<p><a href=\"http:\/\/www.fwhc.org\/abortion\/ab-procedures.htm\" rel=\"nofollow\">http:\/\/www.fwhc.org\/abortion\/ab-procedures.htm<\/a><\/p>\n<\/div>\n<p>Posted by: Eva |\u00a0<a href=\"http:\/\/www.norn.is\/sapuopera\/2010\/04\/nsta_manudag_drepa_islenskir_l.html#comment-10189\">7.09.2010 | 17:51:22<\/a><\/p>\n<\/div>\n<\/div>\n<form action=\"http:\/\/www.norn.is\/cgi-bin\/mt\/mt-comments.cgi\" method=\"post\" name=\"comments_form\">\n<div id=\"comments-open\"><\/div>\n<\/form>\n<\/div>\n","protected":false},"excerpt":{"rendered":"<p>\u00der\u00e1tt fyrir almenna \u00feekkingu \u00e1 \u00fev\u00ed hvernig b\u00f6rn ver\u00f0a til og gott a\u00f0gengi a\u00f0 getna\u00f0arv\u00f6rnum, flykkjast \u00edslenskar konur \u00ed f\u00f3sturey\u00f0ingu sem aldrei fyrr. \u00c1 \u00cdslandi eru framdar meira en 900 f\u00f3sturey\u00f0ingar \u00e1rlega. \u00c1ri\u00f0 2008 var 955 f\u00f3sturm eytt e\u00f0a 3-4 &hellip; <a href=\"https:\/\/www.norn.is\/pistlar\/naesta-manudag-drepa-islenskir-laeknar-3-born-af-thaegindaastaedum\/\">Halda \u00e1fram a\u00f0 lesa <span class=\"meta-nav\">&rarr;<\/span><\/a><\/p>\n","protected":false},"author":1,"featured_media":0,"comment_status":"open","ping_status":"open","sticky":false,"template":"","format":"standard","meta":{"footnotes":"","_links_to":"","_links_to_target":""},"categories":[20,1],"tags":[],"class_list":["post-5001","post","type-post","status-publish","format-standard","hentry","category-heilbrigdismal","category-pistlar"],"yoast_head":"<!-- This site is optimized with the Yoast SEO plugin v27.5 - https:\/\/yoast.com\/product\/yoast-seo-wordpress\/ -->\n<title>N\u00e6sta m\u00e1nudag drepa \u00edslenskir l\u00e6knar 3 b\u00f6rn af \u00fe\u00e6ginda\u00e1st\u00e6\u00f0um - Pistlar Evu<\/title>\n<meta name=\"robots\" content=\"index, follow, max-snippet:-1, max-image-preview:large, max-video-preview:-1\" \/>\n<link rel=\"canonical\" href=\"https:\/\/www.norn.is\/pistlar\/naesta-manudag-drepa-islenskir-laeknar-3-born-af-thaegindaastaedum\/\" \/>\n<meta property=\"og:locale\" content=\"is_IS\" \/>\n<meta property=\"og:type\" content=\"article\" \/>\n<meta property=\"og:title\" content=\"N\u00e6sta m\u00e1nudag drepa \u00edslenskir l\u00e6knar 3 b\u00f6rn af \u00fe\u00e6ginda\u00e1st\u00e6\u00f0um - Pistlar Evu\" \/>\n<meta property=\"og:description\" content=\"\u00der\u00e1tt fyrir almenna \u00feekkingu \u00e1 \u00fev\u00ed hvernig b\u00f6rn ver\u00f0a til og gott a\u00f0gengi a\u00f0 getna\u00f0arv\u00f6rnum, flykkjast \u00edslenskar konur \u00ed f\u00f3sturey\u00f0ingu sem aldrei fyrr. \u00c1 \u00cdslandi eru framdar meira en 900 f\u00f3sturey\u00f0ingar \u00e1rlega. \u00c1ri\u00f0 2008 var 955 f\u00f3sturm eytt e\u00f0a 3-4 &hellip; Halda \u00e1fram a\u00f0 lesa &rarr;\" \/>\n<meta property=\"og:url\" content=\"https:\/\/www.norn.is\/pistlar\/naesta-manudag-drepa-islenskir-laeknar-3-born-af-thaegindaastaedum\/\" \/>\n<meta property=\"og:site_name\" content=\"Pistlar Evu\" \/>\n<meta property=\"article:published_time\" content=\"2010-04-30T01:00:00+00:00\" \/>\n<meta property=\"article:modified_time\" content=\"2020-06-03T13:30:09+00:00\" \/>\n<meta name=\"author\" content=\"admin\" \/>\n<meta name=\"twitter:card\" content=\"summary_large_image\" \/>\n<meta name=\"twitter:label1\" content=\"Written by\" \/>\n\t<meta name=\"twitter:data1\" content=\"\" \/>\n\t<meta name=\"twitter:label2\" content=\"Est. reading time\" \/>\n\t<meta name=\"twitter:data2\" content=\"31 minutes\" \/>\n<script type=\"application\/ld+json\" class=\"yoast-schema-graph\">{\"@context\":\"https:\\\/\\\/schema.org\",\"@graph\":[{\"@type\":\"Article\",\"@id\":\"https:\\\/\\\/www.norn.is\\\/pistlar\\\/naesta-manudag-drepa-islenskir-laeknar-3-born-af-thaegindaastaedum\\\/#article\",\"isPartOf\":{\"@id\":\"https:\\\/\\\/www.norn.is\\\/pistlar\\\/naesta-manudag-drepa-islenskir-laeknar-3-born-af-thaegindaastaedum\\\/\"},\"author\":{\"name\":\"admin\",\"@id\":\"https:\\\/\\\/www.norn.is\\\/pistlar\\\/#\\\/schema\\\/person\\\/1a27d7aee01469adf3180f8fd9e72c46\"},\"headline\":\"N\u00e6sta m\u00e1nudag drepa \u00edslenskir l\u00e6knar 3 b\u00f6rn af \u00fe\u00e6ginda\u00e1st\u00e6\u00f0um\",\"datePublished\":\"2010-04-30T01:00:00+00:00\",\"dateModified\":\"2020-06-03T13:30:09+00:00\",\"mainEntityOfPage\":{\"@id\":\"https:\\\/\\\/www.norn.is\\\/pistlar\\\/naesta-manudag-drepa-islenskir-laeknar-3-born-af-thaegindaastaedum\\\/\"},\"wordCount\":6305,\"commentCount\":0,\"articleSection\":[\"Heilbrig\u00f0is- og velfer\u00f0arm\u00e1l\",\"Pistlar um samf\u00e9lagsm\u00e1l\"],\"inLanguage\":\"is\",\"potentialAction\":[{\"@type\":\"CommentAction\",\"name\":\"Comment\",\"target\":[\"https:\\\/\\\/www.norn.is\\\/pistlar\\\/naesta-manudag-drepa-islenskir-laeknar-3-born-af-thaegindaastaedum\\\/#respond\"]}]},{\"@type\":\"WebPage\",\"@id\":\"https:\\\/\\\/www.norn.is\\\/pistlar\\\/naesta-manudag-drepa-islenskir-laeknar-3-born-af-thaegindaastaedum\\\/\",\"url\":\"https:\\\/\\\/www.norn.is\\\/pistlar\\\/naesta-manudag-drepa-islenskir-laeknar-3-born-af-thaegindaastaedum\\\/\",\"name\":\"N\u00e6sta m\u00e1nudag drepa \u00edslenskir l\u00e6knar 3 b\u00f6rn af \u00fe\u00e6ginda\u00e1st\u00e6\u00f0um - Pistlar Evu\",\"isPartOf\":{\"@id\":\"https:\\\/\\\/www.norn.is\\\/pistlar\\\/#website\"},\"datePublished\":\"2010-04-30T01:00:00+00:00\",\"dateModified\":\"2020-06-03T13:30:09+00:00\",\"author\":{\"@id\":\"https:\\\/\\\/www.norn.is\\\/pistlar\\\/#\\\/schema\\\/person\\\/1a27d7aee01469adf3180f8fd9e72c46\"},\"breadcrumb\":{\"@id\":\"https:\\\/\\\/www.norn.is\\\/pistlar\\\/naesta-manudag-drepa-islenskir-laeknar-3-born-af-thaegindaastaedum\\\/#breadcrumb\"},\"inLanguage\":\"is\",\"potentialAction\":[{\"@type\":\"ReadAction\",\"target\":[\"https:\\\/\\\/www.norn.is\\\/pistlar\\\/naesta-manudag-drepa-islenskir-laeknar-3-born-af-thaegindaastaedum\\\/\"]}]},{\"@type\":\"BreadcrumbList\",\"@id\":\"https:\\\/\\\/www.norn.is\\\/pistlar\\\/naesta-manudag-drepa-islenskir-laeknar-3-born-af-thaegindaastaedum\\\/#breadcrumb\",\"itemListElement\":[{\"@type\":\"ListItem\",\"position\":1,\"name\":\"Home\",\"item\":\"https:\\\/\\\/www.norn.is\\\/pistlar\\\/\"},{\"@type\":\"ListItem\",\"position\":2,\"name\":\"N\u00e6sta m\u00e1nudag drepa \u00edslenskir l\u00e6knar 3 b\u00f6rn af \u00fe\u00e6ginda\u00e1st\u00e6\u00f0um\"}]},{\"@type\":\"WebSite\",\"@id\":\"https:\\\/\\\/www.norn.is\\\/pistlar\\\/#website\",\"url\":\"https:\\\/\\\/www.norn.is\\\/pistlar\\\/\",\"name\":\"Pistlar Evu\",\"description\":\"\",\"potentialAction\":[{\"@type\":\"SearchAction\",\"target\":{\"@type\":\"EntryPoint\",\"urlTemplate\":\"https:\\\/\\\/www.norn.is\\\/pistlar\\\/?s={search_term_string}\"},\"query-input\":{\"@type\":\"PropertyValueSpecification\",\"valueRequired\":true,\"valueName\":\"search_term_string\"}}],\"inLanguage\":\"is\"},{\"@type\":\"Person\",\"@id\":\"https:\\\/\\\/www.norn.is\\\/pistlar\\\/#\\\/schema\\\/person\\\/1a27d7aee01469adf3180f8fd9e72c46\",\"name\":\"admin\",\"url\":\"https:\\\/\\\/www.norn.is\\\/pistlar\\\/author\\\/admin\\\/\"}]}<\/script>\n<!-- \/ Yoast SEO plugin. -->","yoast_head_json":{"title":"N\u00e6sta m\u00e1nudag drepa \u00edslenskir l\u00e6knar 3 b\u00f6rn af \u00fe\u00e6ginda\u00e1st\u00e6\u00f0um - Pistlar Evu","robots":{"index":"index","follow":"follow","max-snippet":"max-snippet:-1","max-image-preview":"max-image-preview:large","max-video-preview":"max-video-preview:-1"},"canonical":"https:\/\/www.norn.is\/pistlar\/naesta-manudag-drepa-islenskir-laeknar-3-born-af-thaegindaastaedum\/","og_locale":"is_IS","og_type":"article","og_title":"N\u00e6sta m\u00e1nudag drepa \u00edslenskir l\u00e6knar 3 b\u00f6rn af \u00fe\u00e6ginda\u00e1st\u00e6\u00f0um - Pistlar Evu","og_description":"\u00der\u00e1tt fyrir almenna \u00feekkingu \u00e1 \u00fev\u00ed hvernig b\u00f6rn ver\u00f0a til og gott a\u00f0gengi a\u00f0 getna\u00f0arv\u00f6rnum, flykkjast \u00edslenskar konur \u00ed f\u00f3sturey\u00f0ingu sem aldrei fyrr. \u00c1 \u00cdslandi eru framdar meira en 900 f\u00f3sturey\u00f0ingar \u00e1rlega. \u00c1ri\u00f0 2008 var 955 f\u00f3sturm eytt e\u00f0a 3-4 &hellip; Halda \u00e1fram a\u00f0 lesa &rarr;","og_url":"https:\/\/www.norn.is\/pistlar\/naesta-manudag-drepa-islenskir-laeknar-3-born-af-thaegindaastaedum\/","og_site_name":"Pistlar Evu","article_published_time":"2010-04-30T01:00:00+00:00","article_modified_time":"2020-06-03T13:30:09+00:00","author":"admin","twitter_card":"summary_large_image","twitter_misc":{"Written by":false,"Est. reading time":"31 minutes"},"schema":{"@context":"https:\/\/schema.org","@graph":[{"@type":"Article","@id":"https:\/\/www.norn.is\/pistlar\/naesta-manudag-drepa-islenskir-laeknar-3-born-af-thaegindaastaedum\/#article","isPartOf":{"@id":"https:\/\/www.norn.is\/pistlar\/naesta-manudag-drepa-islenskir-laeknar-3-born-af-thaegindaastaedum\/"},"author":{"name":"admin","@id":"https:\/\/www.norn.is\/pistlar\/#\/schema\/person\/1a27d7aee01469adf3180f8fd9e72c46"},"headline":"N\u00e6sta m\u00e1nudag drepa \u00edslenskir l\u00e6knar 3 b\u00f6rn af \u00fe\u00e6ginda\u00e1st\u00e6\u00f0um","datePublished":"2010-04-30T01:00:00+00:00","dateModified":"2020-06-03T13:30:09+00:00","mainEntityOfPage":{"@id":"https:\/\/www.norn.is\/pistlar\/naesta-manudag-drepa-islenskir-laeknar-3-born-af-thaegindaastaedum\/"},"wordCount":6305,"commentCount":0,"articleSection":["Heilbrig\u00f0is- og velfer\u00f0arm\u00e1l","Pistlar um samf\u00e9lagsm\u00e1l"],"inLanguage":"is","potentialAction":[{"@type":"CommentAction","name":"Comment","target":["https:\/\/www.norn.is\/pistlar\/naesta-manudag-drepa-islenskir-laeknar-3-born-af-thaegindaastaedum\/#respond"]}]},{"@type":"WebPage","@id":"https:\/\/www.norn.is\/pistlar\/naesta-manudag-drepa-islenskir-laeknar-3-born-af-thaegindaastaedum\/","url":"https:\/\/www.norn.is\/pistlar\/naesta-manudag-drepa-islenskir-laeknar-3-born-af-thaegindaastaedum\/","name":"N\u00e6sta m\u00e1nudag drepa \u00edslenskir l\u00e6knar 3 b\u00f6rn af \u00fe\u00e6ginda\u00e1st\u00e6\u00f0um - Pistlar Evu","isPartOf":{"@id":"https:\/\/www.norn.is\/pistlar\/#website"},"datePublished":"2010-04-30T01:00:00+00:00","dateModified":"2020-06-03T13:30:09+00:00","author":{"@id":"https:\/\/www.norn.is\/pistlar\/#\/schema\/person\/1a27d7aee01469adf3180f8fd9e72c46"},"breadcrumb":{"@id":"https:\/\/www.norn.is\/pistlar\/naesta-manudag-drepa-islenskir-laeknar-3-born-af-thaegindaastaedum\/#breadcrumb"},"inLanguage":"is","potentialAction":[{"@type":"ReadAction","target":["https:\/\/www.norn.is\/pistlar\/naesta-manudag-drepa-islenskir-laeknar-3-born-af-thaegindaastaedum\/"]}]},{"@type":"BreadcrumbList","@id":"https:\/\/www.norn.is\/pistlar\/naesta-manudag-drepa-islenskir-laeknar-3-born-af-thaegindaastaedum\/#breadcrumb","itemListElement":[{"@type":"ListItem","position":1,"name":"Home","item":"https:\/\/www.norn.is\/pistlar\/"},{"@type":"ListItem","position":2,"name":"N\u00e6sta m\u00e1nudag drepa \u00edslenskir l\u00e6knar 3 b\u00f6rn af \u00fe\u00e6ginda\u00e1st\u00e6\u00f0um"}]},{"@type":"WebSite","@id":"https:\/\/www.norn.is\/pistlar\/#website","url":"https:\/\/www.norn.is\/pistlar\/","name":"Pistlar Evu","description":"","potentialAction":[{"@type":"SearchAction","target":{"@type":"EntryPoint","urlTemplate":"https:\/\/www.norn.is\/pistlar\/?s={search_term_string}"},"query-input":{"@type":"PropertyValueSpecification","valueRequired":true,"valueName":"search_term_string"}}],"inLanguage":"is"},{"@type":"Person","@id":"https:\/\/www.norn.is\/pistlar\/#\/schema\/person\/1a27d7aee01469adf3180f8fd9e72c46","name":"admin","url":"https:\/\/www.norn.is\/pistlar\/author\/admin\/"}]}},"_links":{"self":[{"href":"https:\/\/www.norn.is\/pistlar\/wp-json\/wp\/v2\/posts\/5001","targetHints":{"allow":["GET"]}}],"collection":[{"href":"https:\/\/www.norn.is\/pistlar\/wp-json\/wp\/v2\/posts"}],"about":[{"href":"https:\/\/www.norn.is\/pistlar\/wp-json\/wp\/v2\/types\/post"}],"author":[{"embeddable":true,"href":"https:\/\/www.norn.is\/pistlar\/wp-json\/wp\/v2\/users\/1"}],"replies":[{"embeddable":true,"href":"https:\/\/www.norn.is\/pistlar\/wp-json\/wp\/v2\/comments?post=5001"}],"version-history":[{"count":2,"href":"https:\/\/www.norn.is\/pistlar\/wp-json\/wp\/v2\/posts\/5001\/revisions"}],"predecessor-version":[{"id":14398,"href":"https:\/\/www.norn.is\/pistlar\/wp-json\/wp\/v2\/posts\/5001\/revisions\/14398"}],"wp:attachment":[{"href":"https:\/\/www.norn.is\/pistlar\/wp-json\/wp\/v2\/media?parent=5001"}],"wp:term":[{"taxonomy":"category","embeddable":true,"href":"https:\/\/www.norn.is\/pistlar\/wp-json\/wp\/v2\/categories?post=5001"},{"taxonomy":"post_tag","embeddable":true,"href":"https:\/\/www.norn.is\/pistlar\/wp-json\/wp\/v2\/tags?post=5001"}],"curies":[{"name":"wp","href":"https:\/\/api.w.org\/{rel}","templated":true}]}}