{"id":4948,"date":"2010-04-03T17:36:31","date_gmt":"2010-04-03T17:36:31","guid":{"rendered":"http:\/\/www.pistillinn.is\/?p=4948"},"modified":"2018-09-18T11:31:17","modified_gmt":"2018-09-18T11:31:17","slug":"raeda-a-austurvelli","status":"publish","type":"post","link":"https:\/\/www.norn.is\/pistlar\/raeda-a-austurvelli\/","title":{"rendered":"R\u00e6\u00f0a \u00e1 Austurvelli"},"content":{"rendered":"<div id=\"entry-9421\">\n<div>\n<p><iframe loading=\"lazy\" title=\"Eva Hauksd\u00f3ttir 1.hluti\" width=\"584\" height=\"329\" src=\"https:\/\/www.youtube.com\/embed\/93EDV2a6DEI?feature=oembed\" frameborder=\"0\" allow=\"accelerometer; autoplay; clipboard-write; encrypted-media; gyroscope; picture-in-picture; web-share\" referrerpolicy=\"strict-origin-when-cross-origin\" allowfullscreen><\/iframe><\/p>\n<p><!--more--><\/p>\n<p><iframe loading=\"lazy\" title=\"Eva Hauksd\u00f3ttir 2.hluti\" width=\"584\" height=\"329\" src=\"https:\/\/www.youtube.com\/embed\/yXkSTw0ROoY?feature=oembed\" frameborder=\"0\" allow=\"accelerometer; autoplay; clipboard-write; encrypted-media; gyroscope; picture-in-picture; web-share\" referrerpolicy=\"strict-origin-when-cross-origin\" allowfullscreen><\/iframe><\/p>\n<p>G\u00f3\u00f0ir fundarmenn. \u00deann 6. mars sl. var Al\u00feingi G\u00f6tunnar sett h\u00e9r \u00e1 Austurvelli. Hva\u00f0 merkir \u00fea\u00f0? J\u00fa, \u00feing merkir fundur e\u00f0a r\u00e1\u00f0stefna. Al\u00feingi merkir \u00feannig vettvangur sem \u00fear allir eiga s\u00e9r r\u00f6dd. Al\u00feingish\u00fas, hl\u00fdtur \u00fear me\u00f0 a\u00f0 vera h\u00fas \u00fear sem allir mega tj\u00e1 sig. A\u00f0 v\u00edsu er \u00fea\u00f0 h\u00e1\u00f0 t\u00edma og menningu hva\u00f0a f\u00f3lk \u00fea\u00f0 er sem telst \u2019allir\u2019. \u00c1 s\u00ednum t\u00edma t\u00f6ldust konur t.d. ekki me\u00f0 \u00ed \u00feeim h\u00f3pi.<\/p>\n<\/div>\n<div id=\"more\">\n<p>Hverjir teljast \u2019allir\u2019 \u00ed dag? \u00deann 8. des 2008 f\u00e9kkst \u00far \u00fev\u00ed skori\u00f0, \u00feegar um 3 tugir almennra borgara f\u00f3ru inn \u00ed Al\u00feingish\u00fasi\u00f0 og vildu l\u00e1ta r\u00f6dd s\u00edna heyrast. \u00deeim var hent \u00fat, nokkrir voru handteknir og hafa n\u00fa s\u00e6tt \u00e1k\u00e6ru fyrir brot gegn valdstj\u00f3rninni. \u2019Allir\u2019 eru samkv\u00e6mt \u00feessu nokkrir tugir fulltr\u00faa. Fundirnir sem fara fram \u00ed \u00feessu h\u00fasi eru ekki \u00feing allra, heldur F\u00e1\u00feingi fulltr\u00faanna og \u00feeir sem hafa stj\u00f3rna\u00f0 landinu \u00ed gegnum \u00feetta f\u00e1\u00feingi, eru \u00f6rf\u00e1ir menn sem voru n\u00f3gu au\u00f0ugir til a\u00f0 panta \u00feau l\u00f6g og regluger\u00f0ir sem \u00feeim henta\u00f0i. \u00deannig virkar F\u00e1\u00feingi\u00f0 og jafnvel \u00fe\u00f3tt tilteknir einstaklingar misstu \u00feau v\u00f6ld sem n\u00fa er veri\u00f0 a\u00f0 f\u00e6ra \u00feeim aftur, k\u00e6mu bara \u00f6nnur st\u00f3rfyrirt\u00e6ki sem koma \u00ed \u00feeirra sta\u00f0.<\/p>\n<p>Al\u00feingi g\u00f6tunnar er d\u00e1l\u00edti\u00f0 annars e\u00f0lis en F\u00e1\u00feingi fulltr\u00faanna. H\u00e9r mega allir tj\u00e1 sig og \u00fe\u00f3tt einhver s\u00e9 h\u00e1v\u00e6r, ver\u00f0ur hann ekki dreginn fyrir r\u00e9tt og saka\u00f0ur um a\u00f0 hafa broti\u00f0 gegn \u00feeim sem lofu\u00f0u \u00fev\u00ed a\u00f0 hann myndi grei\u00f0a skuldir sem hann hvorki stofna\u00f0i til n\u00e9 gekkst \u00ed \u00e1byrg\u00f0 fyrir. Vandam\u00e1li\u00f0 er bara a\u00f0 valdi\u00f0 er ekkert hj\u00e1 Al\u00feingi g\u00f6tunnar, heldur hj\u00e1 F\u00e1\u00feinginu og \u00fea\u00f0 er takmarka\u00f0 gagn af \u00fev\u00ed a\u00f0 halda \u00fej\u00f3\u00f0fundi \u00e1 me\u00f0an vi\u00f0 h\u00f6fum engin t\u00f6k \u00e1 a\u00f0 framfylgja \u00fev\u00ed sem \u00fear er r\u00e6tt. Spurningin er \u00fev\u00ed, hvernig f\u00e6rum vi\u00f0 valdi\u00f0 fr\u00e1 F\u00e1\u00feingi fulltr\u00faanna, til Al\u00feingis g\u00f6tunnar?<\/p>\n<p>Sumir telja a\u00f0 n\u00fa \u00feurfi a\u00f0 taka fram pott og sleif og j\u00e1 vi\u00f0 h\u00f6fum s\u00e9\u00f0 a\u00f0 almenningur er \u00feess megnugur a\u00f0 hrekja r\u00edkisstj\u00f3rn fr\u00e1 v\u00f6ldum. Hinsvegar dug\u00f0i jan\u00faaruppreisnin 2009 ekki til \u00feess a\u00f0 f\u00e6ra v\u00f6ldin til f\u00f3lksins. \u00dea\u00f0 helsta sem breyttist var \u00fea\u00f0 hverra rassar verma r\u00e1\u00f0herrast\u00f3lana. Efnahagskerfi\u00f0 b\u00fd\u00f0ur enn\u00fe\u00e1 upp \u00e1 alr\u00e6\u00f0i st\u00f3rfyrirt\u00e6kja og \u00feeir sem sitja \u00e1 F\u00e1\u00feingi hafa n\u00e1kv\u00e6mlega s\u00f6mu m\u00f6guleika og \u00e1\u00f0ur \u00e1 \u00fev\u00ed a\u00f0 leyna almenning uppl\u00fdsingum og taka \u00e1kvar\u00f0anir \u00ed \u00fe\u00e1gu s\u00e9rhagsmunah\u00f3pa. Vi\u00f0 getum bari\u00f0 potta okkur til skemmtunar en \u00fea\u00f0 er \u00fat \u00ed h\u00f6tt a\u00f0 beita s\u00f6mu a\u00f0fer\u00f0 og reikna samt me\u00f0 annarri ni\u00f0urst\u00f6\u00f0u. Vi\u00f0 leysum ekki vandam\u00e1l f\u00e1r\u00e6\u00f0isins me\u00f0 kosningum.<\/p>\n<p>Ef f\u00f3lki er alvara me\u00f0 \u00feessu Al\u00feingi g\u00f6tunnar, \u00fe\u00e1 \u00fearf a\u00f0 fara fram bylting \u00e1 \u00cdslandi. Uppreisn sem lei\u00f0ir til stj\u00f3rnarskipta er ekki n\u00f3g, \u00fea\u00f0 \u00fearf a\u00f0 steypa stj\u00f3rnkerfinu sj\u00e1lfu. \u00dea\u00f0 \u00fearf a\u00f0 hrifsa v\u00f6ldin af \u00feessum 30 manns sem stj\u00f3rna landinu og f\u00e6ra \u00feau til hinna 300 \u00fe\u00fasundanna sem engu r\u00e1\u00f0a.<\/p>\n<p>Og hvernig fremjum vi\u00f0 \u00fe\u00e1 byltingu ef ekki me\u00f0 potti og sleif? \u00c9g hef heyrt st\u00f3rbokkalegar yfirl\u00fdsingar um a\u00f0 n\u00fa \u00feurfi bara a\u00f0 gr\u00edpa til vopna. Sl\u00edkt \u00e1stand getur skapast \u00ed hverju \u00fej\u00f3\u00f0f\u00e9lagi a\u00f0 bl\u00f3\u00f0ug bylting s\u00e9 \u00f3umfl\u00fdjanleg en \u00fea\u00f0 er bara ekki uppi \u00e1 teningnum h\u00e9r. Vi\u00f0 hvorki \u00feurfum a\u00f0 beita svo \u00f3ge\u00f0felldum a\u00f0fer\u00f0um, n\u00e9 heldur h\u00f6fum vi\u00f0 mannafla til \u00feess a\u00f0 standa \u00ed borgarastyrj\u00f6ld. Vi\u00f0 skulum horfast \u00ed augu vi\u00f0 a\u00f0 almenningur nennir ekki a\u00f0 standa \u00ed bar\u00e1ttu fyrr en meirihlutinn er farinn a\u00f0 lifa vi\u00f0 \u00f6rbirg\u00f0. Og \u00fea\u00f0 mun ekki gerast \u00fev\u00ed fyrr mun F\u00e1\u00feingi selja sj\u00e1lfst\u00e6\u00f0i okkar og allar okkar au\u00f0lindir \u00ed hendur erlendra st\u00f3rfyrirt\u00e6kja. F\u00f3lk ver\u00f0ur a\u00f0 fara a\u00f0 \u00e1tta sig \u00e1 \u00fev\u00ed hverjar aflei\u00f0ingar kreppunnar ver\u00f0a. Fj\u00f6ldinn mun ekki svelta. \u00dej\u00f3\u00f0in mun hinsvegar missa forr\u00e6\u00f0i\u00f0 yfir Gullfossi og Geysi, \u00dej\u00f3rs\u00e1rverum, fiskimi\u00f0unum og vatninu.<\/p>\n<p>\u00cdslendingar segjast vera rei\u00f0ir, en hva\u00f0 er \u00fej\u00f3\u00f0in a\u00f0 f\u00e1st vi\u00f0 \u00feessa dagan? J\u00fa nokkrar hr\u00e6\u00f0ur standa \u00ed p\u00f3lit\u00edskum a\u00f0ger\u00f0um t.d. er h\u00f3pur sem hefur teki\u00f0 sig til og gert uppt\u00e6kt h\u00fas \u00e1 Vesturg\u00f6tunni, h\u00fas \u00ed eigu eins bankann, en \u00fea\u00f0 eru varla meira en 100-300 manns sem halda uppi and\u00f3fi. Nokkur hundru\u00f0 til vi\u00f0b\u00f3tar s\u00fdna samhug sinn me\u00f0 \u00fev\u00ed a\u00f0 m\u00e6ta h\u00e9r af og til en \u00feorri f\u00f3lks hamast vi\u00f0 a\u00f0 t\u00e6ta drasl \u00fat \u00far b\u00fa\u00f0unum, b\u00fa\u00f0um sem eru flestar \u00ed eigu f\u00f3lksins sem stj\u00f3rnar F\u00e1\u00feingi. Og \u00fear er kjarni vandam\u00e1lsins, \u00fea\u00f0 er almenningur sj\u00e1lfur sem vi\u00f0heldur \u00feessu rotna efnahagskerfi me\u00f0 \u00fev\u00ed a\u00f0 taka \u00fe\u00e1tt \u00ed \u00fev\u00ed.<\/p>\n<p>Vi\u00f0 \u00feurfum ekki ofbeldi til a\u00f0 fremja byltingu. Vi\u00f0 \u00feurfum ekki einu sinni a\u00f0 m\u00e6ta \u00e1 Austurv\u00f6ll. \u00dea\u00f0 eina sem vi\u00f0 \u00feurfum a\u00f0 gera til a\u00f0 efnahagskerfi\u00f0 hrynji er a\u00f0 h\u00e6tta a\u00f0 halda \u00fev\u00ed gangandi. J\u00e1, \u00fea\u00f0 er r\u00e9tt, \u00e9g er a\u00f0 tala um a\u00f0 st\u00f6\u00f0va hj\u00f3l atvinnul\u00edfsins. Ma\u00f0ur ekur ekki b\u00edl \u00e1 me\u00f0an ma\u00f0ur skiptir um v\u00e9l \u00ed honum. \u00dea\u00f0 sem ger\u00f0ist \u00e1 \u00cdslandi var \u00fea\u00f0 a\u00f0 t\u00edmareimin slitna\u00f0i en \u00ed sta\u00f0 \u00feess a\u00f0 skipta um v\u00e9l er b\u00edlnum \u00fdtt \u00e1fram me\u00f0 handafli og \u00fea\u00f0 er veri\u00f0 a\u00f0 reyna a\u00f0 klastra t\u00edmareiminni saman me\u00f0 kennaratyggj\u00f3i. \u00dea\u00f0 dugar ekki lengi. Vi\u00f0 \u00feurfum a\u00f0 skipta um v\u00e9l, vi\u00f0 \u00feurfum a\u00f0 steypa kerfinu. Og \u00fea\u00f0 eina sem vi\u00f0 \u00feurfum a\u00f0 gera til \u00feess er a\u00f0 svelta sv\u00ednin. Ef almenningur h\u00e6tti a\u00f0 versla \u00fe\u00e1 myndi fyrirt\u00e6kjaveldi\u00f0 hrynja eins og spilaborg. Stj\u00f3rnkerfi\u00f0 yr\u00f0i ekki lengur starfh\u00e6ft og \u00fear me\u00f0 fengi almenningur t\u00e6kif\u00e6ri til a\u00f0 taka v\u00f6ldin og skipuleggja samf\u00e9lag sitt \u00e1 n\u00fdjum forsendum. \u00de\u00e1 yr\u00f0i Al\u00feingi g\u00f6tunnar a\u00f0 veruleika.<\/p>\n<p>\u00cdslendingar geta teki\u00f0 sig saman um a\u00f0 kaupa ekki anna\u00f0 en br\u00fdnustu nau\u00f0synjar og versla \u00fe\u00e1 hj\u00e1 kaupmanninum \u00e1 horninu en ekki hj\u00e1 verslunarsamsteypum. \u00deeir g\u00e6tu l\u00edka sta\u00f0i\u00f0 saman um alv\u00f6ru grei\u00f0sluverkfall, \u00fev\u00ed grei\u00f0sluverkfall \u00e1 milli eindaga er n\u00e1tt\u00farulega bara brandari, svipa\u00f0 og a\u00f0 fara \u00ed verkfall \u00ed sumarfr\u00edinu.<\/p>\n<p>\u00c9g \u00feakka \u00feeim sem hafa skipulagt \u00feessa \u00fatifundi. \u00dea\u00f0 er gott a\u00f0 efla samst\u00f6\u00f0una me\u00f0 fundum en \u00feeir einir og s\u00e9r duga ekki til a\u00f0 kn\u00fdja fram breytingar. \u00dea\u00f0 er f\u00e1mennt h\u00e9r \u00ed dag og \u00fea\u00f0 er satt a\u00f0 segja skiljanlegt a\u00f0 f\u00f3lk nenni ekki a\u00f0 standa h\u00e9r og hlusta \u00e1 eitthvert r\u00f6fl \u00ed f\u00f3lki sem hefur ekki vald til a\u00f0 fylgja hugmyndum s\u00ednum eftir. Beinar a\u00f0ger\u00f0ir v\u00e6ru \u00e1rangursr\u00edkari ef fleiri en 40 fengjust til a\u00f0 taka \u00fe\u00e1tt \u00ed \u00feeim. En jafnvel \u00feeir sem enga \u00e1h\u00e6ttu vilja taka, geta bylt kerfinu og f\u00e6rt almenningi v\u00f6ldin, einfaldlega me\u00f0 \u00fev\u00ed a\u00f0 gera ekki neitt. \u00d3hl\u00fd\u00f0nast Intrum og gera ekki neitt. H\u00e6tta a\u00f0 versla. H\u00e6tta a\u00f0 borga. H\u00e6tta a\u00f0 vinna ef hitt tvennt dugar ekki til. L\u00edklega eru vi\u00f0skiptaverkfall og grei\u00f0sluverkfall \u00e1hrifar\u00edkustu og flj\u00f3tvirkustu a\u00f0ger\u00f0ir sem hugsast getur. Fullkomlega fri\u00f0samlegar og \u00e1h\u00e6ttulausar a\u00f0ger\u00f0ir sem h\u00e6gt er a\u00f0 taka \u00fe\u00e1tt \u00ed \u00fev\u00ed me\u00f0 \u00fev\u00ed a\u00f0 liggja sofandi heima hj\u00e1 s\u00e9r. Og \u00ed alv\u00f6ru tala\u00f0, \u00e1 me\u00f0an \u00cdslendingar hafa hvorki hugrekki til \u00feess a\u00f0 draga \u00fea\u00f0 a\u00f0 borga af l\u00e1nunum s\u00ednum, n\u00e9 sj\u00e1lfsstj\u00f3rn til a\u00f0 draga \u00far neyslu\u00e6\u00f0inu, \u00fe\u00e1 er hugmyndin um vopna\u00f0a uppreisn svo hl\u00e6gileg a\u00f0 h\u00fan n\u00e6r \u00fev\u00ed ekki einu sinni a\u00f0 vekja manni vi\u00f0bj\u00f3\u00f0.<\/p>\n<p>A\u00f0 lokum langar mig a\u00f0 nefna m\u00e1l sem ekki tengist efnahagshruninu en er \u00e1g\u00e6tur m\u00e6likvar\u00f0i \u00e1 si\u00f0fer\u00f0i \u00feessara stj\u00f3rnvalda okkar. \u00dea\u00f0 er m\u00e1l fl\u00f3ttamannsins Henrys Turay. Henry \u00e1tti a\u00f0 ver\u00f0a barnaherma\u00f0ur. \u00dea\u00f0 er vart h\u00e6gt a\u00f0 hugsa s\u00e9r miki\u00f0 \u00f3ge\u00f0felldara form af \u00fer\u00e6lahaldi. M\u00f3\u00f0ir hans bjarga\u00f0i honum og var drepin \u00ed kj\u00f6lfai\u00f0 og Henry hefur veri\u00f0 \u00e1 fl\u00f3tta s\u00ed\u00f0an e\u00f0a \u00ed 13 \u00e1r. Henry er \u00ed l\u00edfsh\u00e6ttu \u00ed heimalandi s\u00ednu, og hefur veri\u00f0 \u00ed felum \u00e1 \u00cdslandi fr\u00e1 \u00fev\u00ed \u00ed n\u00f3vember. \u00cd felum fyrir \u00edslenskum valdastofnunum sem sty\u00f0ja str\u00ed\u00f0sgl\u00e6pi og hika ekki vi\u00f0 a\u00f0 senda f\u00f3lk \u00fat \u00ed opinn dau\u00f0ann. Henry \u00e1 l\u00edf sitt undir r\u00e9ttl\u00e6tiskennd \u00cdslendinga og \u00e9g bi\u00f0 alla sem ekki vilja eiga a\u00f0ild a\u00f0 mor\u00f0i um a\u00f0 \u00fer\u00fdsta \u00e1 allt \u00e1hrifaf\u00f3lk um a\u00f0 koma \u00ed veg fyrir brottv\u00edsun hans.<\/p>\n<\/div>\n<\/div>\n","protected":false},"excerpt":{"rendered":"","protected":false},"author":1,"featured_media":0,"comment_status":"closed","ping_status":"closed","sticky":false,"template":"","format":"standard","meta":{"footnotes":"","_links_to":"","_links_to_target":""},"categories":[15,682,1],"tags":[369],"class_list":["post-4948","post","type-post","status-publish","format-standard","hentry","category-andof-og-yfirvald","category-lydraedi","category-pistlar","tag-busahaldabyltingin"],"yoast_head":"<!-- This site is optimized with the Yoast SEO plugin v27.5 - https:\/\/yoast.com\/product\/yoast-seo-wordpress\/ -->\n<title>R\u00e6\u00f0a \u00e1 Austurvelli - Pistlar Evu<\/title>\n<meta name=\"robots\" content=\"index, follow, max-snippet:-1, max-image-preview:large, max-video-preview:-1\" \/>\n<link rel=\"canonical\" href=\"https:\/\/www.norn.is\/pistlar\/raeda-a-austurvelli\/\" \/>\n<meta property=\"og:locale\" content=\"is_IS\" \/>\n<meta property=\"og:type\" content=\"article\" \/>\n<meta property=\"og:title\" content=\"R\u00e6\u00f0a \u00e1 Austurvelli - Pistlar Evu\" \/>\n<meta property=\"og:url\" content=\"https:\/\/www.norn.is\/pistlar\/raeda-a-austurvelli\/\" \/>\n<meta property=\"og:site_name\" content=\"Pistlar Evu\" \/>\n<meta property=\"article:published_time\" content=\"2010-04-03T17:36:31+00:00\" \/>\n<meta property=\"article:modified_time\" content=\"2018-09-18T11:31:17+00:00\" \/>\n<meta name=\"author\" content=\"admin\" \/>\n<meta name=\"twitter:card\" content=\"summary_large_image\" \/>\n<meta name=\"twitter:label1\" content=\"Written by\" \/>\n\t<meta name=\"twitter:data1\" content=\"\" \/>\n\t<meta name=\"twitter:label2\" content=\"Est. reading time\" \/>\n\t<meta name=\"twitter:data2\" content=\"8 minutes\" \/>\n<script type=\"application\/ld+json\" class=\"yoast-schema-graph\">{\"@context\":\"https:\\\/\\\/schema.org\",\"@graph\":[{\"@type\":\"Article\",\"@id\":\"https:\\\/\\\/www.norn.is\\\/pistlar\\\/raeda-a-austurvelli\\\/#article\",\"isPartOf\":{\"@id\":\"https:\\\/\\\/www.norn.is\\\/pistlar\\\/raeda-a-austurvelli\\\/\"},\"author\":{\"name\":\"admin\",\"@id\":\"https:\\\/\\\/www.norn.is\\\/pistlar\\\/#\\\/schema\\\/person\\\/1a27d7aee01469adf3180f8fd9e72c46\"},\"headline\":\"R\u00e6\u00f0a \u00e1 Austurvelli\",\"datePublished\":\"2010-04-03T17:36:31+00:00\",\"dateModified\":\"2018-09-18T11:31:17+00:00\",\"mainEntityOfPage\":{\"@id\":\"https:\\\/\\\/www.norn.is\\\/pistlar\\\/raeda-a-austurvelli\\\/\"},\"wordCount\":1512,\"keywords\":[\"B\u00fas\u00e1haldabyltingin\"],\"articleSection\":[\"And\u00f3f og yfirvald\",\"L\u00fd\u00f0r\u00e6\u00f0i og stj\u00f3rns\u00fdsla\",\"Pistlar um samf\u00e9lagsm\u00e1l\"],\"inLanguage\":\"is\"},{\"@type\":\"WebPage\",\"@id\":\"https:\\\/\\\/www.norn.is\\\/pistlar\\\/raeda-a-austurvelli\\\/\",\"url\":\"https:\\\/\\\/www.norn.is\\\/pistlar\\\/raeda-a-austurvelli\\\/\",\"name\":\"R\u00e6\u00f0a \u00e1 Austurvelli - Pistlar Evu\",\"isPartOf\":{\"@id\":\"https:\\\/\\\/www.norn.is\\\/pistlar\\\/#website\"},\"datePublished\":\"2010-04-03T17:36:31+00:00\",\"dateModified\":\"2018-09-18T11:31:17+00:00\",\"author\":{\"@id\":\"https:\\\/\\\/www.norn.is\\\/pistlar\\\/#\\\/schema\\\/person\\\/1a27d7aee01469adf3180f8fd9e72c46\"},\"breadcrumb\":{\"@id\":\"https:\\\/\\\/www.norn.is\\\/pistlar\\\/raeda-a-austurvelli\\\/#breadcrumb\"},\"inLanguage\":\"is\",\"potentialAction\":[{\"@type\":\"ReadAction\",\"target\":[\"https:\\\/\\\/www.norn.is\\\/pistlar\\\/raeda-a-austurvelli\\\/\"]}]},{\"@type\":\"BreadcrumbList\",\"@id\":\"https:\\\/\\\/www.norn.is\\\/pistlar\\\/raeda-a-austurvelli\\\/#breadcrumb\",\"itemListElement\":[{\"@type\":\"ListItem\",\"position\":1,\"name\":\"Home\",\"item\":\"https:\\\/\\\/www.norn.is\\\/pistlar\\\/\"},{\"@type\":\"ListItem\",\"position\":2,\"name\":\"R\u00e6\u00f0a \u00e1 Austurvelli\"}]},{\"@type\":\"WebSite\",\"@id\":\"https:\\\/\\\/www.norn.is\\\/pistlar\\\/#website\",\"url\":\"https:\\\/\\\/www.norn.is\\\/pistlar\\\/\",\"name\":\"Pistlar Evu\",\"description\":\"\",\"potentialAction\":[{\"@type\":\"SearchAction\",\"target\":{\"@type\":\"EntryPoint\",\"urlTemplate\":\"https:\\\/\\\/www.norn.is\\\/pistlar\\\/?s={search_term_string}\"},\"query-input\":{\"@type\":\"PropertyValueSpecification\",\"valueRequired\":true,\"valueName\":\"search_term_string\"}}],\"inLanguage\":\"is\"},{\"@type\":\"Person\",\"@id\":\"https:\\\/\\\/www.norn.is\\\/pistlar\\\/#\\\/schema\\\/person\\\/1a27d7aee01469adf3180f8fd9e72c46\",\"name\":\"admin\",\"url\":\"https:\\\/\\\/www.norn.is\\\/pistlar\\\/author\\\/admin\\\/\"}]}<\/script>\n<!-- \/ Yoast SEO plugin. -->","yoast_head_json":{"title":"R\u00e6\u00f0a \u00e1 Austurvelli - Pistlar Evu","robots":{"index":"index","follow":"follow","max-snippet":"max-snippet:-1","max-image-preview":"max-image-preview:large","max-video-preview":"max-video-preview:-1"},"canonical":"https:\/\/www.norn.is\/pistlar\/raeda-a-austurvelli\/","og_locale":"is_IS","og_type":"article","og_title":"R\u00e6\u00f0a \u00e1 Austurvelli - Pistlar Evu","og_url":"https:\/\/www.norn.is\/pistlar\/raeda-a-austurvelli\/","og_site_name":"Pistlar Evu","article_published_time":"2010-04-03T17:36:31+00:00","article_modified_time":"2018-09-18T11:31:17+00:00","author":"admin","twitter_card":"summary_large_image","twitter_misc":{"Written by":false,"Est. reading time":"8 minutes"},"schema":{"@context":"https:\/\/schema.org","@graph":[{"@type":"Article","@id":"https:\/\/www.norn.is\/pistlar\/raeda-a-austurvelli\/#article","isPartOf":{"@id":"https:\/\/www.norn.is\/pistlar\/raeda-a-austurvelli\/"},"author":{"name":"admin","@id":"https:\/\/www.norn.is\/pistlar\/#\/schema\/person\/1a27d7aee01469adf3180f8fd9e72c46"},"headline":"R\u00e6\u00f0a \u00e1 Austurvelli","datePublished":"2010-04-03T17:36:31+00:00","dateModified":"2018-09-18T11:31:17+00:00","mainEntityOfPage":{"@id":"https:\/\/www.norn.is\/pistlar\/raeda-a-austurvelli\/"},"wordCount":1512,"keywords":["B\u00fas\u00e1haldabyltingin"],"articleSection":["And\u00f3f og yfirvald","L\u00fd\u00f0r\u00e6\u00f0i og stj\u00f3rns\u00fdsla","Pistlar um samf\u00e9lagsm\u00e1l"],"inLanguage":"is"},{"@type":"WebPage","@id":"https:\/\/www.norn.is\/pistlar\/raeda-a-austurvelli\/","url":"https:\/\/www.norn.is\/pistlar\/raeda-a-austurvelli\/","name":"R\u00e6\u00f0a \u00e1 Austurvelli - Pistlar Evu","isPartOf":{"@id":"https:\/\/www.norn.is\/pistlar\/#website"},"datePublished":"2010-04-03T17:36:31+00:00","dateModified":"2018-09-18T11:31:17+00:00","author":{"@id":"https:\/\/www.norn.is\/pistlar\/#\/schema\/person\/1a27d7aee01469adf3180f8fd9e72c46"},"breadcrumb":{"@id":"https:\/\/www.norn.is\/pistlar\/raeda-a-austurvelli\/#breadcrumb"},"inLanguage":"is","potentialAction":[{"@type":"ReadAction","target":["https:\/\/www.norn.is\/pistlar\/raeda-a-austurvelli\/"]}]},{"@type":"BreadcrumbList","@id":"https:\/\/www.norn.is\/pistlar\/raeda-a-austurvelli\/#breadcrumb","itemListElement":[{"@type":"ListItem","position":1,"name":"Home","item":"https:\/\/www.norn.is\/pistlar\/"},{"@type":"ListItem","position":2,"name":"R\u00e6\u00f0a \u00e1 Austurvelli"}]},{"@type":"WebSite","@id":"https:\/\/www.norn.is\/pistlar\/#website","url":"https:\/\/www.norn.is\/pistlar\/","name":"Pistlar Evu","description":"","potentialAction":[{"@type":"SearchAction","target":{"@type":"EntryPoint","urlTemplate":"https:\/\/www.norn.is\/pistlar\/?s={search_term_string}"},"query-input":{"@type":"PropertyValueSpecification","valueRequired":true,"valueName":"search_term_string"}}],"inLanguage":"is"},{"@type":"Person","@id":"https:\/\/www.norn.is\/pistlar\/#\/schema\/person\/1a27d7aee01469adf3180f8fd9e72c46","name":"admin","url":"https:\/\/www.norn.is\/pistlar\/author\/admin\/"}]}},"_links":{"self":[{"href":"https:\/\/www.norn.is\/pistlar\/wp-json\/wp\/v2\/posts\/4948","targetHints":{"allow":["GET"]}}],"collection":[{"href":"https:\/\/www.norn.is\/pistlar\/wp-json\/wp\/v2\/posts"}],"about":[{"href":"https:\/\/www.norn.is\/pistlar\/wp-json\/wp\/v2\/types\/post"}],"author":[{"embeddable":true,"href":"https:\/\/www.norn.is\/pistlar\/wp-json\/wp\/v2\/users\/1"}],"replies":[{"embeddable":true,"href":"https:\/\/www.norn.is\/pistlar\/wp-json\/wp\/v2\/comments?post=4948"}],"version-history":[{"count":5,"href":"https:\/\/www.norn.is\/pistlar\/wp-json\/wp\/v2\/posts\/4948\/revisions"}],"predecessor-version":[{"id":13231,"href":"https:\/\/www.norn.is\/pistlar\/wp-json\/wp\/v2\/posts\/4948\/revisions\/13231"}],"wp:attachment":[{"href":"https:\/\/www.norn.is\/pistlar\/wp-json\/wp\/v2\/media?parent=4948"}],"wp:term":[{"taxonomy":"category","embeddable":true,"href":"https:\/\/www.norn.is\/pistlar\/wp-json\/wp\/v2\/categories?post=4948"},{"taxonomy":"post_tag","embeddable":true,"href":"https:\/\/www.norn.is\/pistlar\/wp-json\/wp\/v2\/tags?post=4948"}],"curies":[{"name":"wp","href":"https:\/\/api.w.org\/{rel}","templated":true}]}}