{"id":4321,"date":"2012-11-17T04:46:05","date_gmt":"2012-11-17T04:46:05","guid":{"rendered":"http:\/\/www.pistillinn.is\/?p=4321"},"modified":"2017-08-15T21:59:19","modified_gmt":"2017-08-15T21:59:19","slug":"ae-losum-okkur-vid-matthias","status":"publish","type":"post","link":"https:\/\/www.norn.is\/pistlar\/ae-losum-okkur-vid-matthias\/","title":{"rendered":"\u00c6 losum okkur vi\u00f0 Matth\u00edas"},"content":{"rendered":"<p>Tilfinningar og skynsemi fara \u00fev\u00ed mi\u00f0ur ekki alltaf saman. Hj\u00e1 m\u00e9r ver\u00f0a sl\u00edkir \u00e1rekstar \u00fear \u00e1 milli \u00ed hvert sinn sem \u00e9g heyri eitthva\u00f0 sem \u00e9g skilgreini sem m\u00e1lvillu e\u00f0a vont m\u00e1lfar.<!--more--><\/p>\n<p>Tilfinningin segir m\u00e9r a\u00f0 til s\u00e9 \u201er\u00e9tt \u00edslenska\u201c og \u00e9g finn fyrir fas\u00edskri l\u00f6ngun til a\u00f0 \u00fer\u00f6ngva skilningi m\u00ednum \u00e1 \u00fev\u00ed upp \u00e1 a\u00f0ra. Einkum er \u00fea\u00f0 stofnanam\u00e1lfar sem fer \u00ed taugarnar \u00e1 m\u00e9r. Ef \u00e9g v\u00e6ri einvaldur yr\u00f0u or\u00f0skr\u00edpi og frasar \u00e1 bor\u00f0 vi\u00f0 \u201elangt\u00edmab\u00fasetu\u00farr\u00e6\u00f0i\u201c og \u201eheildr\u00e6nt stefnum\u00f6rkunarferli\u201c b\u00f6nnu\u00f0 me\u00f0 \u00f6llu. \u00c9g\u00a0myndi skikka bla\u00f0amenn til a\u00f0 nota vi\u00f0tengingarh\u00e1tt amk einu sinni \u00ed hverri fr\u00e9tt og gera \u00fea\u00f0 refsivert a\u00f0 nota or\u00f0in \u201esj\u00e1lfb\u00e6rni\u201c, \u201el\u00edfst\u00edll\u201c og \u201el\u00fd\u00f0r\u00e6\u00f0is\u00fe\u00e1ttaka\u201c \u00e1n \u00feess a\u00f0 skilja merkingu \u00feeirra. Punktar \u00ed skammst\u00f6funum yr\u00f0u aflag\u00f0ir enda eru \u00feeir b\u00e6\u00f0i tilgangslausir og lj\u00f3tir.\u00a0\u00a0Notkun h\u00e1stafa yr\u00f0i samr\u00e6md vi\u00f0 \u00fe\u00e6r reglur sem gilda \u00ed ensku sem og \u00fatlit g\u00e6salappa en hinar forlj\u00f3tu \u00edslensku g\u00e6salappir eru gr\u00f3f \u00e1r\u00e1s \u00e1 fegur\u00f0arskyn mitt og \u00e6ttu ekki a\u00f0 l\u00ed\u00f0ast. Yfsilon skyldi nota\u00f0 hvar sem \u00fev\u00ed ver\u00f0ur vi\u00f0komi\u00f0.<\/p>\n<p>Til allrar hamingju er \u00e9g ekki einvaldur og \u00fear sem skynsemi m\u00edn segir m\u00e9r a\u00f0 \u00feessar hugmyndir m\u00ednar s\u00e9u umdeilanlegar hef \u00e9g ekki vari\u00f0 miklum t\u00edma til a\u00f0 sannf\u00e6ra landann um \u00e1g\u00e6ti \u00feeirra. \u00c9g er \u00fe\u00f3 ekki fr\u00e1 \u00fev\u00ed a\u00f0 \u00fea\u00f0 s\u00e9 ver\u00f0ugt markmi\u00f0 (svona \u00ed tilefni dagsins) a\u00f0 kn\u00fdja \u00e1 um a\u00f0 hinn hr\u00e6\u00f0ilegi s\u00e1lmur Matth\u00edasar Jochumssonar sem kalla\u00f0ur er \u201e\u00fej\u00f3\u00f0s\u00f6ngur\u201c \u00cdslendinga, enda \u00fe\u00f3tt f\u00e1ir kunni nema fyrsta erindi\u00f0 og enn\u00fe\u00e1 f\u00e6rri r\u00e1\u00f0i vi\u00f0 a\u00f0 syngja lagi\u00f0, ver\u00f0i setur \u00e1 \u00dej\u00f3\u00f0minjasafni\u00f0 og annar betri tekinn upp \u00ed sta\u00f0inn, ef er \u00fe\u00e1 yfirh\u00f6fu\u00f0 einhver \u00e1st\u00e6\u00f0a til a\u00f0 hafa \u00fej\u00f3\u00f0s\u00f6ng.<\/p>\n<p>Til er \u00e1g\u00e6tt \u00e6ttjar\u00f0arkv\u00e6\u00f0i eftir Margr\u00e9ti J\u00f3nsd\u00f3ttur. Kv\u00e6\u00f0i sem mj\u00f6g margir kunna utanb\u00f3kar og er oft sungi\u00f0 \u00e1 mannam\u00f3tum vi\u00f0 s\u00f6ngh\u00e6ft og al\u00fe\u00fd\u00f0legt lag Magn\u00fasar \u00de\u00f3rs Sigmundssonar. Til eru meiri st\u00f3rvirki b\u00e6\u00f0i hva\u00f0 var\u00f0ar lj\u00f3\u00f0 og lag en\u00a0<em>\u00cdsland er land \u00feitt<\/em>\u00a0er hinn raunverulegi \u00fej\u00f3\u00f0s\u00f6ngur \u00cdslendinga og \u00fea\u00f0 er au\u00f0veldara a\u00f0 syngja hann en\u00a0<em>Land m\u00edns f\u00f6\u00f0ur<\/em>\u00a0sem er n\u00fa sennilega besti \u00e6ttjar\u00f0ars\u00f6ngurinn.<\/p>\n<p>Auk \u00feess er Margr\u00e9t eina \u00edslenska sk\u00e1ldkonan, fyrr og s\u00ed\u00f0ar, sem hefur n\u00e1\u00f0 n\u00e6gri hylli til \u00feess a\u00f0 almenningur \u00feekki (hva\u00f0 \u00fe\u00e1 kunni utan b\u00f3kar) meira af bundnu m\u00e1li eftir hana en sem nemur einni bla\u00f0s\u00ed\u00f0u. (Reyndar kunna nokku\u00f0 margir s\u00f6ngtextana hennar Ragnhildar G\u00edslad\u00f3ttur en hennar ver\u00f0ur n\u00fa sennilega frekar minnst sem t\u00f3nlistarkonu en sk\u00e1lds.) \u00c9g myndi ekki m\u00e6la me\u00f0 \u00fev\u00ed a\u00f0 taka upp annan \u00fej\u00f3\u00f0s\u00f6ng bara til \u00feess a\u00f0 gefa konum meira v\u00e6gi en Margr\u00e9t orti \u00fea\u00f0 \u00e6ttjar\u00f0arlj\u00f3\u00f0 sem hefur n\u00e1\u00f0 mestum vins\u00e6ldum og v\u00e6ri \u00fe\u00e1 ekki vi\u00f0 h\u00e6fi a\u00f0 vi\u00f0urkenna \u00fea\u00f0 formlega?<\/p>\n<p>Kv\u00e6\u00f0i Margr\u00e9tar er ekki a\u00f0eins betur ort og \u00e1 al\u00fe\u00fd\u00f0legra m\u00e1li en hinn uppskr\u00fafa\u00f0i s\u00e1lmur Matth\u00edasar heldur hefur \u00fea\u00f0 l\u00edka \u00feann kost a\u00f0 vera ekki s\u00e1lmur; \u00fea\u00f0 er r\u00e9tt a\u00f0eins minnst \u00e1 eil\u00edfan f\u00f6\u00f0ur \u00ed lokin. A\u00f0 m\u00ednu mati v\u00e6ri best a\u00f0 sleppa \u00f6llu tr\u00faarkvaki \u00ed \u00fej\u00f3\u00f0s\u00f6ng samf\u00e9lags sem segir sig vir\u00f0a tr\u00fafrelsi en \u00ed flestum \u00e6ttjar\u00f0arlj\u00f3\u00f0um er eitthva\u00f0 minnst \u00e1 Gvu\u00f0 og hans slekti. \u00c9g man reyndar ekki eftir \u00f6\u00f0ru \u00cdslandslj\u00f3\u00f0i sem b\u00e6\u00f0i er laust vi\u00f0 tr\u00fa og g\u00e6ti komi\u00f0 til greina sem \u00fej\u00f3\u00f0s\u00f6ngur en\u00a0<em>Land m\u00edns f\u00f6\u00f0ur\u00a0<\/em>og \u00e9g efast um a\u00f0 n\u00e6\u00f0ist almenn s\u00e1tt um \u00feann s\u00f6ng.<\/p>\n<p>Beri\u00f0 saman Lofs\u00f6ng Matth\u00edasar og kv\u00e6\u00f0i Margr\u00e9tar; \u00cdsland er land \u00feitt, og segi\u00f0 m\u00e9r svo a\u00f0 \u00fei\u00f0 s\u00e9u\u00f0 samm\u00e1la m\u00e9r. Annars skal \u00e9g stefna a\u00f0 \u00fev\u00ed a\u00f0 ver\u00f0a ykkar \u201ehertogi \u00e1 \u00fej\u00f3\u00f0l\u00edfsins braut\u201c og skipa svo fyrir a\u00f0 zetan ver\u00f0i tekin upp aftur.<\/p>\n<p>&nbsp;<\/p>\n<p><span style=\"font-size: 14pt;\">Hinn opinberi \u00fej\u00f3\u00f0s\u00f6ngur<\/span><\/p>\n<p>\u00d3, gu\u00f0 vors lands! \u00d3, lands vors gu\u00f0!<br \/>\nV\u00e9r lofum \u00feitt heilaga, heilaga nafn!<br \/>\n\u00dar s\u00f3lkerfum himnanna hn\u00fdta \u00fe\u00e9r krans<br \/>\n\u00fe\u00ednir herskarar, t\u00edmanna safn.<br \/>\nFyrir \u00fe\u00e9r er einn dagur sem \u00fe\u00fasund \u00e1r<br \/>\nog \u00fe\u00fasund \u00e1r dagur, ei meir:<br \/>\neitt eil\u00edf\u00f0ar sm\u00e1bl\u00f3m me\u00f0 titrandi t\u00e1r,<br \/>\nsem tilbi\u00f0ur gu\u00f0 sinn og deyr.<br \/>\n:; \u00cdslands \u00fe\u00fasund \u00e1r, ;:<br \/>\neitt eil\u00edf\u00f0ar sm\u00e1bl\u00f3m me\u00f0 titrandi t\u00e1r,<br \/>\nsem tilbi\u00f0ur gu\u00f0 sinn og deyr.<\/p>\n<p>\u00d3, gu\u00f0, \u00f3, gu\u00f0! V\u00e9r f\u00f6llum fram<br \/>\nog f\u00f3rnum \u00fe\u00e9r brennandi, brennandi s\u00e1l,<br \/>\ngu\u00f0 fa\u00f0ir, vor drottinn fr\u00e1 kyni til kyns,<br \/>\nog v\u00e9r kv\u00f6kum vort helgasta m\u00e1l.<br \/>\nV\u00e9r kv\u00f6kum og \u00fe\u00f6kkum \u00ed \u00fe\u00fasund \u00e1r,<br \/>\n\u00fev\u00ed \u00fe\u00fa ert vort einasta skj\u00f3l.<br \/>\nV\u00e9r kv\u00f6kum og \u00fe\u00f6kkum me\u00f0 titrandi t\u00e1r,<br \/>\n\u00fev\u00ed \u00fe\u00fa tilbj\u00f3st vort forlagahj\u00f3l.<br \/>\n:; \u00cdslands \u00fe\u00fasund \u00e1r, ;:<br \/>\nvoru morgunsins h\u00famk\u00f6ldu, hrynjandi t\u00e1r,<br \/>\nsem hitna vi\u00f0 sk\u00ednandi s\u00f3l.<\/p>\n<p>\u00d3, gu\u00f0 vors lands! \u00d3, lands vors gu\u00f0!<br \/>\nV\u00e9r lifum sem blaktandi, blaktandi str\u00e1.,<br \/>\nV\u00e9r deyjum, ef \u00fe\u00fa ert ei lj\u00f3s \u00fea\u00f0 og l\u00edf,<br \/>\nsem a\u00f0 lyftir oss duftinu fr\u00e1.<br \/>\n\u00d3, vert \u00fe\u00fa hvern morgun vort lj\u00fafasta l\u00edf,<br \/>\nvor lei\u00f0togi \u00ed daganna \u00feraut<br \/>\nog \u00e1 kv\u00f6ldin vor himneska hv\u00edld og vor hl\u00edf<br \/>\nog vor hertogi \u00e1 \u00fej\u00f3\u00f0l\u00edfsins braut.<br \/>\n:; \u00cdslands \u00fe\u00fasund \u00e1r, ;:<br \/>\nver\u00f0i gr\u00f3andi \u00fej\u00f3\u00f0l\u00edf me\u00f0 \u00feverrandi t\u00e1r,<br \/>\nsem \u00feroskast \u00e1 gu\u00f0sr\u00edkis braut.<\/p>\n<p>&nbsp;<\/p>\n<p><span style=\"font-size: 12pt;\">Hinn raunverulegi \u00fej\u00f3\u00f0s\u00f6ngur<\/span><\/p>\n<p>\u00cdsland er land \u00feitt, og \u00e1vallt \u00fe\u00fa geymir<br \/>\n\u00cdsland \u00ed huga \u00fe\u00e9r, hvar sem \u00fe\u00fa fer\u00f0.<br \/>\n\u00cdsland er landi\u00f0 sem ungan \u00feig dreymir,<br \/>\n\u00cdsland \u00ed vonanna birtu \u00fe\u00fa s\u00e9r\u00f0,<br \/>\n\u00cdsland \u00ed sumarsins algr\u00e6na skr\u00fa\u00f0i,<br \/>\n\u00cdsland me\u00f0 blikandi nor\u00f0lj\u00f3sa traf.<br \/>\n\u00cdsland a\u00f0 fe\u00f0ranna afrekum hl\u00fa\u00f0i,<br \/>\n\u00cdsland er foldin, sem l\u00edfi\u00f0 \u00fe\u00e9r gaf.<\/p>\n<p>\u00cdslensk er \u00fej\u00f3\u00f0in sem arfinn \u00feinn geymir<br \/>\n\u00cdslensk er tunga \u00fe\u00edn sk\u00edr eins og gull.<br \/>\n\u00cdslensk er s\u00fa lind,sem um \u00e6\u00f0ar \u00fe\u00e9r streymir.<br \/>\n\u00cdslensk er vonin, af bjarts\u00fdni full.<br \/>\n\u00cdslensk er vorn\u00f3ttin, albj\u00f6rt sem dagur,<br \/>\n\u00cdslensk er lundin me\u00f0 karlmennsku\u00feor.<br \/>\n\u00cdslensk er v\u00edsan, hinn \u00edslenski bragur.<br \/>\n\u00cdslensk er tr\u00fain \u00e1 frelsisins vor.<\/p>\n<p>\u00cdsland er land \u00feitt, \u00fev\u00ed aldrei skal gleyma<br \/>\n\u00cdslandi helgar \u00fe\u00fa krafta og starf<br \/>\n\u00cdslenska \u00fej\u00f3\u00f0, \u00fe\u00e9r er \u00e6tla\u00f0 a\u00f0 geyma<br \/>\n\u00edslenska tungu, hinn d\u00fdrasta arf.<br \/>\n\u00cdsland s\u00e9 blessa\u00f0 um aldanna ra\u00f0ir,<br \/>\n\u00edslenska moldin, er l\u00edfi\u00f0 \u00fe\u00e9r gaf.<br \/>\n\u00cdsland s\u00e9 fali\u00f0 \u00fe\u00e9r, eil\u00edfi fa\u00f0ir.<br \/>\n\u00cdsland s\u00e9 frj\u00e1lst, me\u00f0an s\u00f3l gyllir haf.<\/p>\n<div><\/div>\n","protected":false},"excerpt":{"rendered":"<p>Tilfinningar og skynsemi fara \u00fev\u00ed mi\u00f0ur ekki alltaf saman. Hj\u00e1 m\u00e9r ver\u00f0a sl\u00edkir \u00e1rekstar \u00fear \u00e1 milli \u00ed hvert sinn sem \u00e9g heyri eitthva\u00f0 sem \u00e9g skilgreini sem m\u00e1lvillu e\u00f0a vont m\u00e1lfar.<\/p>\n","protected":false},"author":1,"featured_media":0,"comment_status":"closed","ping_status":"closed","sticky":false,"template":"","format":"standard","meta":{"footnotes":"","_links_to":"","_links_to_target":""},"categories":[12,1],"tags":[400],"class_list":["post-4321","post","type-post","status-publish","format-standard","hentry","category-menning-listir-og-fjolmidlar","category-pistlar","tag-thjodsongurinn"],"yoast_head":"<!-- This site is optimized with the Yoast SEO plugin v27.5 - https:\/\/yoast.com\/product\/yoast-seo-wordpress\/ -->\n<title>\u00c6 losum okkur vi\u00f0 Matth\u00edas - Pistlar Evu<\/title>\n<meta name=\"robots\" content=\"index, follow, max-snippet:-1, max-image-preview:large, max-video-preview:-1\" \/>\n<link rel=\"canonical\" href=\"https:\/\/www.norn.is\/pistlar\/ae-losum-okkur-vid-matthias\/\" \/>\n<meta property=\"og:locale\" content=\"is_IS\" \/>\n<meta property=\"og:type\" content=\"article\" \/>\n<meta property=\"og:title\" content=\"\u00c6 losum okkur vi\u00f0 Matth\u00edas - Pistlar Evu\" \/>\n<meta property=\"og:description\" content=\"Tilfinningar og skynsemi fara \u00fev\u00ed mi\u00f0ur ekki alltaf saman. Hj\u00e1 m\u00e9r ver\u00f0a sl\u00edkir \u00e1rekstar \u00fear \u00e1 milli \u00ed hvert sinn sem \u00e9g heyri eitthva\u00f0 sem \u00e9g skilgreini sem m\u00e1lvillu e\u00f0a vont m\u00e1lfar.\" \/>\n<meta property=\"og:url\" content=\"https:\/\/www.norn.is\/pistlar\/ae-losum-okkur-vid-matthias\/\" \/>\n<meta property=\"og:site_name\" content=\"Pistlar Evu\" \/>\n<meta property=\"article:published_time\" content=\"2012-11-17T04:46:05+00:00\" \/>\n<meta property=\"article:modified_time\" content=\"2017-08-15T21:59:19+00:00\" \/>\n<meta name=\"author\" content=\"admin\" \/>\n<meta name=\"twitter:card\" content=\"summary_large_image\" \/>\n<meta name=\"twitter:label1\" content=\"Written by\" \/>\n\t<meta name=\"twitter:data1\" content=\"\" \/>\n\t<meta name=\"twitter:label2\" content=\"Est. reading time\" \/>\n\t<meta name=\"twitter:data2\" content=\"6 minutes\" \/>\n<script type=\"application\/ld+json\" class=\"yoast-schema-graph\">{\"@context\":\"https:\\\/\\\/schema.org\",\"@graph\":[{\"@type\":\"Article\",\"@id\":\"https:\\\/\\\/www.norn.is\\\/pistlar\\\/ae-losum-okkur-vid-matthias\\\/#article\",\"isPartOf\":{\"@id\":\"https:\\\/\\\/www.norn.is\\\/pistlar\\\/ae-losum-okkur-vid-matthias\\\/\"},\"author\":{\"name\":\"admin\",\"@id\":\"https:\\\/\\\/www.norn.is\\\/pistlar\\\/#\\\/schema\\\/person\\\/1a27d7aee01469adf3180f8fd9e72c46\"},\"headline\":\"\u00c6 losum okkur vi\u00f0 Matth\u00edas\",\"datePublished\":\"2012-11-17T04:46:05+00:00\",\"dateModified\":\"2017-08-15T21:59:19+00:00\",\"mainEntityOfPage\":{\"@id\":\"https:\\\/\\\/www.norn.is\\\/pistlar\\\/ae-losum-okkur-vid-matthias\\\/\"},\"wordCount\":1145,\"keywords\":[\"\u00dej\u00f3\u00f0s\u00f6ngurinn\"],\"articleSection\":[\"Menning, listir og fj\u00f6lmi\u00f0lar\",\"Pistlar um samf\u00e9lagsm\u00e1l\"],\"inLanguage\":\"is\"},{\"@type\":\"WebPage\",\"@id\":\"https:\\\/\\\/www.norn.is\\\/pistlar\\\/ae-losum-okkur-vid-matthias\\\/\",\"url\":\"https:\\\/\\\/www.norn.is\\\/pistlar\\\/ae-losum-okkur-vid-matthias\\\/\",\"name\":\"\u00c6 losum okkur vi\u00f0 Matth\u00edas - Pistlar Evu\",\"isPartOf\":{\"@id\":\"https:\\\/\\\/www.norn.is\\\/pistlar\\\/#website\"},\"datePublished\":\"2012-11-17T04:46:05+00:00\",\"dateModified\":\"2017-08-15T21:59:19+00:00\",\"author\":{\"@id\":\"https:\\\/\\\/www.norn.is\\\/pistlar\\\/#\\\/schema\\\/person\\\/1a27d7aee01469adf3180f8fd9e72c46\"},\"breadcrumb\":{\"@id\":\"https:\\\/\\\/www.norn.is\\\/pistlar\\\/ae-losum-okkur-vid-matthias\\\/#breadcrumb\"},\"inLanguage\":\"is\",\"potentialAction\":[{\"@type\":\"ReadAction\",\"target\":[\"https:\\\/\\\/www.norn.is\\\/pistlar\\\/ae-losum-okkur-vid-matthias\\\/\"]}]},{\"@type\":\"BreadcrumbList\",\"@id\":\"https:\\\/\\\/www.norn.is\\\/pistlar\\\/ae-losum-okkur-vid-matthias\\\/#breadcrumb\",\"itemListElement\":[{\"@type\":\"ListItem\",\"position\":1,\"name\":\"Home\",\"item\":\"https:\\\/\\\/www.norn.is\\\/pistlar\\\/\"},{\"@type\":\"ListItem\",\"position\":2,\"name\":\"\u00c6 losum okkur vi\u00f0 Matth\u00edas\"}]},{\"@type\":\"WebSite\",\"@id\":\"https:\\\/\\\/www.norn.is\\\/pistlar\\\/#website\",\"url\":\"https:\\\/\\\/www.norn.is\\\/pistlar\\\/\",\"name\":\"Pistlar Evu\",\"description\":\"\",\"potentialAction\":[{\"@type\":\"SearchAction\",\"target\":{\"@type\":\"EntryPoint\",\"urlTemplate\":\"https:\\\/\\\/www.norn.is\\\/pistlar\\\/?s={search_term_string}\"},\"query-input\":{\"@type\":\"PropertyValueSpecification\",\"valueRequired\":true,\"valueName\":\"search_term_string\"}}],\"inLanguage\":\"is\"},{\"@type\":\"Person\",\"@id\":\"https:\\\/\\\/www.norn.is\\\/pistlar\\\/#\\\/schema\\\/person\\\/1a27d7aee01469adf3180f8fd9e72c46\",\"name\":\"admin\",\"url\":\"https:\\\/\\\/www.norn.is\\\/pistlar\\\/author\\\/admin\\\/\"}]}<\/script>\n<!-- \/ Yoast SEO plugin. -->","yoast_head_json":{"title":"\u00c6 losum okkur vi\u00f0 Matth\u00edas - Pistlar Evu","robots":{"index":"index","follow":"follow","max-snippet":"max-snippet:-1","max-image-preview":"max-image-preview:large","max-video-preview":"max-video-preview:-1"},"canonical":"https:\/\/www.norn.is\/pistlar\/ae-losum-okkur-vid-matthias\/","og_locale":"is_IS","og_type":"article","og_title":"\u00c6 losum okkur vi\u00f0 Matth\u00edas - Pistlar Evu","og_description":"Tilfinningar og skynsemi fara \u00fev\u00ed mi\u00f0ur ekki alltaf saman. Hj\u00e1 m\u00e9r ver\u00f0a sl\u00edkir \u00e1rekstar \u00fear \u00e1 milli \u00ed hvert sinn sem \u00e9g heyri eitthva\u00f0 sem \u00e9g skilgreini sem m\u00e1lvillu e\u00f0a vont m\u00e1lfar.","og_url":"https:\/\/www.norn.is\/pistlar\/ae-losum-okkur-vid-matthias\/","og_site_name":"Pistlar Evu","article_published_time":"2012-11-17T04:46:05+00:00","article_modified_time":"2017-08-15T21:59:19+00:00","author":"admin","twitter_card":"summary_large_image","twitter_misc":{"Written by":false,"Est. reading time":"6 minutes"},"schema":{"@context":"https:\/\/schema.org","@graph":[{"@type":"Article","@id":"https:\/\/www.norn.is\/pistlar\/ae-losum-okkur-vid-matthias\/#article","isPartOf":{"@id":"https:\/\/www.norn.is\/pistlar\/ae-losum-okkur-vid-matthias\/"},"author":{"name":"admin","@id":"https:\/\/www.norn.is\/pistlar\/#\/schema\/person\/1a27d7aee01469adf3180f8fd9e72c46"},"headline":"\u00c6 losum okkur vi\u00f0 Matth\u00edas","datePublished":"2012-11-17T04:46:05+00:00","dateModified":"2017-08-15T21:59:19+00:00","mainEntityOfPage":{"@id":"https:\/\/www.norn.is\/pistlar\/ae-losum-okkur-vid-matthias\/"},"wordCount":1145,"keywords":["\u00dej\u00f3\u00f0s\u00f6ngurinn"],"articleSection":["Menning, listir og fj\u00f6lmi\u00f0lar","Pistlar um samf\u00e9lagsm\u00e1l"],"inLanguage":"is"},{"@type":"WebPage","@id":"https:\/\/www.norn.is\/pistlar\/ae-losum-okkur-vid-matthias\/","url":"https:\/\/www.norn.is\/pistlar\/ae-losum-okkur-vid-matthias\/","name":"\u00c6 losum okkur vi\u00f0 Matth\u00edas - Pistlar Evu","isPartOf":{"@id":"https:\/\/www.norn.is\/pistlar\/#website"},"datePublished":"2012-11-17T04:46:05+00:00","dateModified":"2017-08-15T21:59:19+00:00","author":{"@id":"https:\/\/www.norn.is\/pistlar\/#\/schema\/person\/1a27d7aee01469adf3180f8fd9e72c46"},"breadcrumb":{"@id":"https:\/\/www.norn.is\/pistlar\/ae-losum-okkur-vid-matthias\/#breadcrumb"},"inLanguage":"is","potentialAction":[{"@type":"ReadAction","target":["https:\/\/www.norn.is\/pistlar\/ae-losum-okkur-vid-matthias\/"]}]},{"@type":"BreadcrumbList","@id":"https:\/\/www.norn.is\/pistlar\/ae-losum-okkur-vid-matthias\/#breadcrumb","itemListElement":[{"@type":"ListItem","position":1,"name":"Home","item":"https:\/\/www.norn.is\/pistlar\/"},{"@type":"ListItem","position":2,"name":"\u00c6 losum okkur vi\u00f0 Matth\u00edas"}]},{"@type":"WebSite","@id":"https:\/\/www.norn.is\/pistlar\/#website","url":"https:\/\/www.norn.is\/pistlar\/","name":"Pistlar Evu","description":"","potentialAction":[{"@type":"SearchAction","target":{"@type":"EntryPoint","urlTemplate":"https:\/\/www.norn.is\/pistlar\/?s={search_term_string}"},"query-input":{"@type":"PropertyValueSpecification","valueRequired":true,"valueName":"search_term_string"}}],"inLanguage":"is"},{"@type":"Person","@id":"https:\/\/www.norn.is\/pistlar\/#\/schema\/person\/1a27d7aee01469adf3180f8fd9e72c46","name":"admin","url":"https:\/\/www.norn.is\/pistlar\/author\/admin\/"}]}},"_links":{"self":[{"href":"https:\/\/www.norn.is\/pistlar\/wp-json\/wp\/v2\/posts\/4321","targetHints":{"allow":["GET"]}}],"collection":[{"href":"https:\/\/www.norn.is\/pistlar\/wp-json\/wp\/v2\/posts"}],"about":[{"href":"https:\/\/www.norn.is\/pistlar\/wp-json\/wp\/v2\/types\/post"}],"author":[{"embeddable":true,"href":"https:\/\/www.norn.is\/pistlar\/wp-json\/wp\/v2\/users\/1"}],"replies":[{"embeddable":true,"href":"https:\/\/www.norn.is\/pistlar\/wp-json\/wp\/v2\/comments?post=4321"}],"version-history":[{"count":4,"href":"https:\/\/www.norn.is\/pistlar\/wp-json\/wp\/v2\/posts\/4321\/revisions"}],"predecessor-version":[{"id":13259,"href":"https:\/\/www.norn.is\/pistlar\/wp-json\/wp\/v2\/posts\/4321\/revisions\/13259"}],"wp:attachment":[{"href":"https:\/\/www.norn.is\/pistlar\/wp-json\/wp\/v2\/media?parent=4321"}],"wp:term":[{"taxonomy":"category","embeddable":true,"href":"https:\/\/www.norn.is\/pistlar\/wp-json\/wp\/v2\/categories?post=4321"},{"taxonomy":"post_tag","embeddable":true,"href":"https:\/\/www.norn.is\/pistlar\/wp-json\/wp\/v2\/tags?post=4321"}],"curies":[{"name":"wp","href":"https:\/\/api.w.org\/{rel}","templated":true}]}}