{"id":4229,"date":"2011-07-19T18:54:11","date_gmt":"2011-07-19T18:54:11","guid":{"rendered":"http:\/\/www.pistillinn.is\/?p=4229"},"modified":"2018-09-18T10:24:13","modified_gmt":"2018-09-18T10:24:13","slug":"um-meinta-hraesni-vardandi-geirfinnsmalid","status":"publish","type":"post","link":"https:\/\/www.norn.is\/pistlar\/um-meinta-hraesni-vardandi-geirfinnsmalid\/","title":{"rendered":"Um meinta hr\u00e6sni var\u00f0andi Geirfinnsm\u00e1li\u00f0"},"content":{"rendered":"<p>Undarleg og \u00f3sannf\u00e6randi finnst m\u00e9r s\u00fa hugmynd sem einhverjir halda n\u00fa \u00e1 lofti a\u00f0 \u00fea\u00f0 s\u00e9 tilgangslaust a\u00f0 berjast fyrir enduruppt\u00f6ku Gu\u00f0mundar- og Geirfinnsm\u00e1lanna, n\u00fa \u00feegar S\u00e6var er l\u00e1tinn. \u00deeir eru einnig til sem \u00e1l\u00edta a\u00f0 \u00fea\u00f0 s\u00e9 tillitsleysi vi\u00f0 fj\u00f6lskyldur \u00feeirra sem \u00ed hlut eiga a\u00f0 krefjast enduruppt\u00f6ku. Sumir halda \u00fev\u00ed fram a\u00f0 \u00fear sem enginn s\u00fdndi \u00feessum m\u00e1lum \u00e1huga \u00e1\u00f0ur, \u00fe\u00e1 s\u00e9 \u00fea\u00f0 t\u00f3m hr\u00e6sni a\u00f0 fara af sta\u00f0 me\u00f0 einhverjar stu\u00f0ningsa\u00f0ger\u00f0ir n\u00fa. Sennilega er l\u00edtil \u00fe\u00f6rf \u00e1 a\u00f0 taka \u00fea\u00f0 fram a\u00f0 \u00feeir sem n\u00fa hr\u00f3pa hr\u00e6sni hr\u00e6sni lyftu f\u00e6stir litla fingri til a\u00f0 gera eitthva\u00f0 \u00ed m\u00e1lunum sj\u00e1lfir \u00e1 me\u00f0an S\u00e6var lif\u00f0i.<!--more--><\/p>\n<p>\u00dea\u00f0 er n\u00e1tt\u00farulega helber vitleysa a\u00f0 almenningur hafi ekki haft neinn \u00e1huga \u00e1 \u00feessum m\u00e1lum fyrr e\u00f0a s\u00fdnt stu\u00f0ning sinn vi\u00f0 enduruppt\u00f6ku. Nokkrar b\u00e6kur hafa veri\u00f0 skrifa\u00f0ar um \u00feessi m\u00e1l og veit \u00e9g ekki betur en a\u00f0 \u00fe\u00e6r s\u00e9u v\u00ed\u00f0lesnar, heimildamynd var ger\u00f0 og sennilega eru \u00fe\u00e6ttirnir um \u00feessi m\u00e1l \u00feeir \u00feekktustu \u00far \u00fe\u00e1ttar\u00f6\u00f0inni \u00cdslensk sakam\u00e1l. Reyndar held \u00e9g a\u00f0 varla finnist \u00fea\u00f0 mannsbarn \u00e1 landinu sem \u00feekkir ekki s\u00f6guna \u00ed gr\u00f3fum dr\u00e1ttum. Margir l\u00f6gfr\u00e6\u00f0ingar og stj\u00f3rnm\u00e1lamenn l\u00fdstu ennfremur hneykslun sinni \u00feegar h\u00e6stir\u00e9ttur hafna\u00f0i enduruppt\u00f6ku og margt fleira bendir til \u00feess a\u00f0 b\u00e6\u00f0i l\u00e6r\u00f0ir og leikir telji r\u00e9tt og nau\u00f0synlegt a\u00f0 \u00feessi m\u00e1l ver\u00f0i endursko\u00f0u\u00f0.<\/p>\n<p>Vissulega hef\u00f0um vi\u00f0 \u00f6ll \u00e1tt a\u00f0 r\u00edsa upp \u00e1 afturlappirnar \u00feegar enduruppt\u00f6ku var hafna\u00f0 \u00e1 s\u00ednum t\u00edma. Vi\u00f0 hef\u00f0um \u00e1tt a\u00f0 flykkjast inn \u00ed h\u00e6star\u00e9tt \u00fe\u00fasundum saman og halda honum \u00ed herkv\u00ed \u00fear til m\u00e1li\u00f0 yr\u00f0i teki\u00f0 upp. Vi\u00f0 hef\u00f0um \u00e1tt a\u00f0 l\u00fdsa yfir allsherjarverkfalli. Vi\u00f0 hef\u00f0um l\u00edka \u00e1tt a\u00f0 s\u00fdna Magn\u00fasi Le\u00f3poldssyni virkan stu\u00f0ning \u00feegar hann kraf\u00f0ist ranns\u00f3knar \u00e1 tilkomu Leirfinns, vi\u00f0 hef\u00f0um \u00e1tt a\u00f0 gefa b\u00e6\u00f0i L\u00e1ru J\u00fal\u00edusd\u00f3ttur Valt\u00fd Sigur\u00f0ssyni skyr. \u00dea\u00f0 er reyndar ekkert of seint a\u00f0 sty\u00f0ja Magn\u00fas og marga a\u00f0ra sem voru \u00f3r\u00e9tti beittir og f\u00e1ist \u00d6gmundur ekki til a\u00f0 beita s\u00e9r, \u00fe\u00e1 er \u00fea\u00f0 einmitt eitthva\u00f0 sl\u00edkt sem vi\u00f0 \u00e6ttum a\u00f0 gera n\u00fana.<\/p>\n<p>En \u00fea\u00f0 er n\u00fa svo a\u00f0 \u00e1 me\u00f0an einhver sem \u00e1 beinna hagsmuna a\u00f0 g\u00e6ta er a\u00f0 vinna \u00ed m\u00e1lunum, \u00fe\u00e1 eru flestir frekar tregir til \u00feess a\u00f0 va\u00f0a af sta\u00f0 af eigin frumkv\u00e6\u00f0i. Vi\u00f0 skulum l\u00edka athuga a\u00f0 almennileg m\u00f3tm\u00e6lamenning ver\u00f0ur ekki til \u00e1 \u00cdslandi fyrr en Saving Iceland h\u00f3fu a\u00f0ger\u00f0ir s\u00ednar \u00e1ri\u00f0 2005. Fram a\u00f0 \u00fev\u00ed h\u00f6f\u00f0u beinar a\u00f0ger\u00f0ir veri\u00f0 einkaframtak \u00f6rf\u00e1rra mannvera sem oftar en ekki voru taldar andf\u00e9lagslegir s\u00e9rvitringar. Hugmyndir landans um m\u00f3tm\u00e6li voru kurteisislegir labbit\u00farar ni\u00f0ur Laugaveginn og lj\u00f3\u00f0alestur herst\u00f6\u00f0varandst\u00e6\u00f0inga. \u00deeir sem gengu lengra voru bara klikkhausar. M.a.s. einfaldar en \u00e1rangursr\u00edkar a\u00f0ger\u00f0ir \u00e1 bor\u00f0 vi\u00f0 undirskriftasafnanir voru fremur sjaldg\u00e6far \u00e1\u00f0ur en var\u00f0 au\u00f0velt a\u00f0 setja upp undirskriftas\u00f6fnun \u00e1 netinu. G\u00edfurleg vinna l\u00e1 \u00e1 bak vi\u00f0 hverja s\u00f6fnun, b\u00e6\u00f0i \u00feurfti fj\u00f6lda manns til a\u00f0 dreifa listum og hringja \u00ed f\u00f3lk til a\u00f0 bi\u00f0ja um undirritun og svo gat veri\u00f0 margra klukkut\u00edma ef ekki daga vinna a\u00f0 fara \u00ed gegnum listana til a\u00f0 ganga \u00far skugga um a\u00f0 s\u00f6mu n\u00f6fn v\u00e6ru ekki tv\u00edtekin. F\u00f3lk st\u00f3\u00f0 ekkert \u00ed \u00feessari vinnu nema m\u00e1lefni\u00f0 v\u00e6ri \u00fev\u00ed meira a\u00f0kallandi og \u00fea\u00f0 hef\u00f0i t\u00edma til a\u00f0 sinna \u00fev\u00ed.<\/p>\n<p>Allar stu\u00f0ningsa\u00f0ger\u00f0ir eru au\u00f0veldari \u00ed dag en fyrir 10-15 \u00e1rum. Ef marka m\u00e1 vi\u00f0br\u00f6g\u00f0 Erlu Bollad\u00f3ttur og \u00feeirra a\u00f0standenda annarra sem \u00ed hlut eiga sem hafa tj\u00e1\u00f0 sig s\u00ed\u00f0ustu daga, \u00fe\u00e1 l\u00edtur \u00feetta f\u00f3lk ekki \u00e1 \u00fea\u00f0 sem grei\u00f0asemi vi\u00f0 sig a\u00f0 m\u00e1li\u00f0 ver\u00f0i \u00feagga\u00f0 ni\u00f0ur. En \u00fear fyrir utan var\u00f0ar \u00fea\u00f0 okkur \u00f6ll, hvert einasta mannsbarn sem b\u00fdr vi\u00f0 \u00edslenskt r\u00e9ttarkerfi og hefur hag a\u00f0 \u00fev\u00ed a\u00f0 \u00fear s\u00e9u vinnubr\u00f6g\u00f0 v\u00f6ndu\u00f0 og stj\u00f3rnarskr\u00e1rvarinn r\u00e9ttur manna til r\u00e9ttl\u00e1trar m\u00e1lsme\u00f0fer\u00f0ar haf\u00f0ur \u00ed hei\u00f0ri.<\/p>\n<p>S\u00f6ngur \u00feeirra sem tala um a\u00f0 \u00feeir sem sty\u00f0ja bar\u00e1ttu S\u00e6vars n\u00fana \u00e6ttu bara a\u00f0 \u00feegja fyrst \u00feeir ger\u00f0u ekkert fyrr, er marklaust hjal. Hafi einhvernt\u00edma veri\u00f0 \u00fe\u00f6rf \u00e1 \u00fev\u00ed a\u00f0 a\u00f0rir leggi h\u00f6nd \u00e1 pl\u00f3g er \u00fea\u00f0 n\u00fana, \u00feegar a\u00f0albar\u00e1ttumannsins n\u00fdtur ekki lengur vi\u00f0. \u00c9g legg \u00fev\u00ed til a\u00f0 \u00feeir sem hneykslast \u00e1 \u00feeim sem n\u00fa s\u00fdna stu\u00f0ning sinn vi\u00f0 enduruppt\u00f6ku, geri grein fyrir s\u00ednu eigin framlagi til r\u00e9ttl\u00e6tisins \u00e1\u00f0ur en \u00feeir ford\u00e6ma \u00fe\u00e1 sem fara seint af sta\u00f0.<\/p>\n<p><a href=\"http:\/\/www.change.org\/petitions\/innanrkisrherra-gmundur-jnasson-skorun-um-endurupptku-gumundar-og-geirfinnsmla\">H\u00e9r er h\u00e6gt a\u00f0 undirrita \u00e1skorun til \u00d6gmundar um a\u00f0 beita s\u00e9r fyrir enduruppt\u00f6ku.<\/a><\/p>\n<p>&nbsp;<\/p>\n<p>&nbsp;<\/p>\n","protected":false},"excerpt":{"rendered":"<p>Undarleg og \u00f3sannf\u00e6randi finnst m\u00e9r s\u00fa hugmynd sem einhverjir halda n\u00fa \u00e1 lofti a\u00f0 \u00fea\u00f0 s\u00e9 tilgangslaust a\u00f0 berjast fyrir enduruppt\u00f6ku Gu\u00f0mundar- og Geirfinnsm\u00e1lanna, n\u00fa \u00feegar S\u00e6var er l\u00e1tinn. \u00deeir eru einnig til sem \u00e1l\u00edta a\u00f0 \u00fea\u00f0 s\u00e9 tillitsleysi vi\u00f0 &hellip; <a href=\"https:\/\/www.norn.is\/pistlar\/um-meinta-hraesni-vardandi-geirfinnsmalid\/\">Halda \u00e1fram a\u00f0 lesa <span class=\"meta-nav\">&rarr;<\/span><\/a><\/p>\n","protected":false},"author":1,"featured_media":0,"comment_status":"closed","ping_status":"closed","sticky":false,"template":"","format":"standard","meta":{"footnotes":"","_links_to":"","_links_to_target":""},"categories":[15,11,1],"tags":[1053,1057],"class_list":["post-4229","post","type-post","status-publish","format-standard","hentry","category-andof-og-yfirvald","category-mannrettindi","category-pistlar","tag-domskerfid","tag-gudmundar-og-geirfinnsmal"],"yoast_head":"<!-- This site is optimized with the Yoast SEO plugin v27.5 - https:\/\/yoast.com\/product\/yoast-seo-wordpress\/ -->\n<title>Um meinta hr\u00e6sni var\u00f0andi Geirfinnsm\u00e1li\u00f0 - Pistlar Evu<\/title>\n<meta name=\"robots\" content=\"index, follow, max-snippet:-1, max-image-preview:large, max-video-preview:-1\" \/>\n<link rel=\"canonical\" href=\"https:\/\/www.norn.is\/pistlar\/um-meinta-hraesni-vardandi-geirfinnsmalid\/\" \/>\n<meta property=\"og:locale\" content=\"is_IS\" \/>\n<meta property=\"og:type\" content=\"article\" \/>\n<meta property=\"og:title\" content=\"Um meinta hr\u00e6sni var\u00f0andi Geirfinnsm\u00e1li\u00f0 - Pistlar Evu\" \/>\n<meta property=\"og:description\" content=\"Undarleg og \u00f3sannf\u00e6randi finnst m\u00e9r s\u00fa hugmynd sem einhverjir halda n\u00fa \u00e1 lofti a\u00f0 \u00fea\u00f0 s\u00e9 tilgangslaust a\u00f0 berjast fyrir enduruppt\u00f6ku Gu\u00f0mundar- og Geirfinnsm\u00e1lanna, n\u00fa \u00feegar S\u00e6var er l\u00e1tinn. \u00deeir eru einnig til sem \u00e1l\u00edta a\u00f0 \u00fea\u00f0 s\u00e9 tillitsleysi vi\u00f0 &hellip; Halda \u00e1fram a\u00f0 lesa &rarr;\" \/>\n<meta property=\"og:url\" content=\"https:\/\/www.norn.is\/pistlar\/um-meinta-hraesni-vardandi-geirfinnsmalid\/\" \/>\n<meta property=\"og:site_name\" content=\"Pistlar Evu\" \/>\n<meta property=\"article:published_time\" content=\"2011-07-19T18:54:11+00:00\" \/>\n<meta property=\"article:modified_time\" content=\"2018-09-18T10:24:13+00:00\" \/>\n<meta name=\"author\" content=\"admin\" \/>\n<meta name=\"twitter:card\" content=\"summary_large_image\" \/>\n<meta name=\"twitter:label1\" content=\"Written by\" \/>\n\t<meta name=\"twitter:data1\" content=\"\" \/>\n\t<meta name=\"twitter:label2\" content=\"Est. reading time\" \/>\n\t<meta name=\"twitter:data2\" content=\"4 minutes\" \/>\n<script type=\"application\/ld+json\" class=\"yoast-schema-graph\">{\"@context\":\"https:\\\/\\\/schema.org\",\"@graph\":[{\"@type\":\"Article\",\"@id\":\"https:\\\/\\\/www.norn.is\\\/pistlar\\\/um-meinta-hraesni-vardandi-geirfinnsmalid\\\/#article\",\"isPartOf\":{\"@id\":\"https:\\\/\\\/www.norn.is\\\/pistlar\\\/um-meinta-hraesni-vardandi-geirfinnsmalid\\\/\"},\"author\":{\"name\":\"admin\",\"@id\":\"https:\\\/\\\/www.norn.is\\\/pistlar\\\/#\\\/schema\\\/person\\\/1a27d7aee01469adf3180f8fd9e72c46\"},\"headline\":\"Um meinta hr\u00e6sni var\u00f0andi Geirfinnsm\u00e1li\u00f0\",\"datePublished\":\"2011-07-19T18:54:11+00:00\",\"dateModified\":\"2018-09-18T10:24:13+00:00\",\"mainEntityOfPage\":{\"@id\":\"https:\\\/\\\/www.norn.is\\\/pistlar\\\/um-meinta-hraesni-vardandi-geirfinnsmalid\\\/\"},\"wordCount\":861,\"keywords\":[\"D\u00f3mskerfi\u00f0\",\"Gu\u00f0mundar- og Geirfinnsm\u00e1l\"],\"articleSection\":[\"And\u00f3f og yfirvald\",\"Mannr\u00e9ttinda og fri\u00f0arm\u00e1l\",\"Pistlar um samf\u00e9lagsm\u00e1l\"],\"inLanguage\":\"is\"},{\"@type\":\"WebPage\",\"@id\":\"https:\\\/\\\/www.norn.is\\\/pistlar\\\/um-meinta-hraesni-vardandi-geirfinnsmalid\\\/\",\"url\":\"https:\\\/\\\/www.norn.is\\\/pistlar\\\/um-meinta-hraesni-vardandi-geirfinnsmalid\\\/\",\"name\":\"Um meinta hr\u00e6sni var\u00f0andi Geirfinnsm\u00e1li\u00f0 - Pistlar Evu\",\"isPartOf\":{\"@id\":\"https:\\\/\\\/www.norn.is\\\/pistlar\\\/#website\"},\"datePublished\":\"2011-07-19T18:54:11+00:00\",\"dateModified\":\"2018-09-18T10:24:13+00:00\",\"author\":{\"@id\":\"https:\\\/\\\/www.norn.is\\\/pistlar\\\/#\\\/schema\\\/person\\\/1a27d7aee01469adf3180f8fd9e72c46\"},\"breadcrumb\":{\"@id\":\"https:\\\/\\\/www.norn.is\\\/pistlar\\\/um-meinta-hraesni-vardandi-geirfinnsmalid\\\/#breadcrumb\"},\"inLanguage\":\"is\",\"potentialAction\":[{\"@type\":\"ReadAction\",\"target\":[\"https:\\\/\\\/www.norn.is\\\/pistlar\\\/um-meinta-hraesni-vardandi-geirfinnsmalid\\\/\"]}]},{\"@type\":\"BreadcrumbList\",\"@id\":\"https:\\\/\\\/www.norn.is\\\/pistlar\\\/um-meinta-hraesni-vardandi-geirfinnsmalid\\\/#breadcrumb\",\"itemListElement\":[{\"@type\":\"ListItem\",\"position\":1,\"name\":\"Home\",\"item\":\"https:\\\/\\\/www.norn.is\\\/pistlar\\\/\"},{\"@type\":\"ListItem\",\"position\":2,\"name\":\"Um meinta hr\u00e6sni var\u00f0andi Geirfinnsm\u00e1li\u00f0\"}]},{\"@type\":\"WebSite\",\"@id\":\"https:\\\/\\\/www.norn.is\\\/pistlar\\\/#website\",\"url\":\"https:\\\/\\\/www.norn.is\\\/pistlar\\\/\",\"name\":\"Pistlar Evu\",\"description\":\"\",\"potentialAction\":[{\"@type\":\"SearchAction\",\"target\":{\"@type\":\"EntryPoint\",\"urlTemplate\":\"https:\\\/\\\/www.norn.is\\\/pistlar\\\/?s={search_term_string}\"},\"query-input\":{\"@type\":\"PropertyValueSpecification\",\"valueRequired\":true,\"valueName\":\"search_term_string\"}}],\"inLanguage\":\"is\"},{\"@type\":\"Person\",\"@id\":\"https:\\\/\\\/www.norn.is\\\/pistlar\\\/#\\\/schema\\\/person\\\/1a27d7aee01469adf3180f8fd9e72c46\",\"name\":\"admin\",\"url\":\"https:\\\/\\\/www.norn.is\\\/pistlar\\\/author\\\/admin\\\/\"}]}<\/script>\n<!-- \/ Yoast SEO plugin. -->","yoast_head_json":{"title":"Um meinta hr\u00e6sni var\u00f0andi Geirfinnsm\u00e1li\u00f0 - Pistlar Evu","robots":{"index":"index","follow":"follow","max-snippet":"max-snippet:-1","max-image-preview":"max-image-preview:large","max-video-preview":"max-video-preview:-1"},"canonical":"https:\/\/www.norn.is\/pistlar\/um-meinta-hraesni-vardandi-geirfinnsmalid\/","og_locale":"is_IS","og_type":"article","og_title":"Um meinta hr\u00e6sni var\u00f0andi Geirfinnsm\u00e1li\u00f0 - Pistlar Evu","og_description":"Undarleg og \u00f3sannf\u00e6randi finnst m\u00e9r s\u00fa hugmynd sem einhverjir halda n\u00fa \u00e1 lofti a\u00f0 \u00fea\u00f0 s\u00e9 tilgangslaust a\u00f0 berjast fyrir enduruppt\u00f6ku Gu\u00f0mundar- og Geirfinnsm\u00e1lanna, n\u00fa \u00feegar S\u00e6var er l\u00e1tinn. \u00deeir eru einnig til sem \u00e1l\u00edta a\u00f0 \u00fea\u00f0 s\u00e9 tillitsleysi vi\u00f0 &hellip; Halda \u00e1fram a\u00f0 lesa &rarr;","og_url":"https:\/\/www.norn.is\/pistlar\/um-meinta-hraesni-vardandi-geirfinnsmalid\/","og_site_name":"Pistlar Evu","article_published_time":"2011-07-19T18:54:11+00:00","article_modified_time":"2018-09-18T10:24:13+00:00","author":"admin","twitter_card":"summary_large_image","twitter_misc":{"Written by":false,"Est. reading time":"4 minutes"},"schema":{"@context":"https:\/\/schema.org","@graph":[{"@type":"Article","@id":"https:\/\/www.norn.is\/pistlar\/um-meinta-hraesni-vardandi-geirfinnsmalid\/#article","isPartOf":{"@id":"https:\/\/www.norn.is\/pistlar\/um-meinta-hraesni-vardandi-geirfinnsmalid\/"},"author":{"name":"admin","@id":"https:\/\/www.norn.is\/pistlar\/#\/schema\/person\/1a27d7aee01469adf3180f8fd9e72c46"},"headline":"Um meinta hr\u00e6sni var\u00f0andi Geirfinnsm\u00e1li\u00f0","datePublished":"2011-07-19T18:54:11+00:00","dateModified":"2018-09-18T10:24:13+00:00","mainEntityOfPage":{"@id":"https:\/\/www.norn.is\/pistlar\/um-meinta-hraesni-vardandi-geirfinnsmalid\/"},"wordCount":861,"keywords":["D\u00f3mskerfi\u00f0","Gu\u00f0mundar- og Geirfinnsm\u00e1l"],"articleSection":["And\u00f3f og yfirvald","Mannr\u00e9ttinda og fri\u00f0arm\u00e1l","Pistlar um samf\u00e9lagsm\u00e1l"],"inLanguage":"is"},{"@type":"WebPage","@id":"https:\/\/www.norn.is\/pistlar\/um-meinta-hraesni-vardandi-geirfinnsmalid\/","url":"https:\/\/www.norn.is\/pistlar\/um-meinta-hraesni-vardandi-geirfinnsmalid\/","name":"Um meinta hr\u00e6sni var\u00f0andi Geirfinnsm\u00e1li\u00f0 - Pistlar Evu","isPartOf":{"@id":"https:\/\/www.norn.is\/pistlar\/#website"},"datePublished":"2011-07-19T18:54:11+00:00","dateModified":"2018-09-18T10:24:13+00:00","author":{"@id":"https:\/\/www.norn.is\/pistlar\/#\/schema\/person\/1a27d7aee01469adf3180f8fd9e72c46"},"breadcrumb":{"@id":"https:\/\/www.norn.is\/pistlar\/um-meinta-hraesni-vardandi-geirfinnsmalid\/#breadcrumb"},"inLanguage":"is","potentialAction":[{"@type":"ReadAction","target":["https:\/\/www.norn.is\/pistlar\/um-meinta-hraesni-vardandi-geirfinnsmalid\/"]}]},{"@type":"BreadcrumbList","@id":"https:\/\/www.norn.is\/pistlar\/um-meinta-hraesni-vardandi-geirfinnsmalid\/#breadcrumb","itemListElement":[{"@type":"ListItem","position":1,"name":"Home","item":"https:\/\/www.norn.is\/pistlar\/"},{"@type":"ListItem","position":2,"name":"Um meinta hr\u00e6sni var\u00f0andi Geirfinnsm\u00e1li\u00f0"}]},{"@type":"WebSite","@id":"https:\/\/www.norn.is\/pistlar\/#website","url":"https:\/\/www.norn.is\/pistlar\/","name":"Pistlar Evu","description":"","potentialAction":[{"@type":"SearchAction","target":{"@type":"EntryPoint","urlTemplate":"https:\/\/www.norn.is\/pistlar\/?s={search_term_string}"},"query-input":{"@type":"PropertyValueSpecification","valueRequired":true,"valueName":"search_term_string"}}],"inLanguage":"is"},{"@type":"Person","@id":"https:\/\/www.norn.is\/pistlar\/#\/schema\/person\/1a27d7aee01469adf3180f8fd9e72c46","name":"admin","url":"https:\/\/www.norn.is\/pistlar\/author\/admin\/"}]}},"_links":{"self":[{"href":"https:\/\/www.norn.is\/pistlar\/wp-json\/wp\/v2\/posts\/4229","targetHints":{"allow":["GET"]}}],"collection":[{"href":"https:\/\/www.norn.is\/pistlar\/wp-json\/wp\/v2\/posts"}],"about":[{"href":"https:\/\/www.norn.is\/pistlar\/wp-json\/wp\/v2\/types\/post"}],"author":[{"embeddable":true,"href":"https:\/\/www.norn.is\/pistlar\/wp-json\/wp\/v2\/users\/1"}],"replies":[{"embeddable":true,"href":"https:\/\/www.norn.is\/pistlar\/wp-json\/wp\/v2\/comments?post=4229"}],"version-history":[{"count":3,"href":"https:\/\/www.norn.is\/pistlar\/wp-json\/wp\/v2\/posts\/4229\/revisions"}],"predecessor-version":[{"id":12484,"href":"https:\/\/www.norn.is\/pistlar\/wp-json\/wp\/v2\/posts\/4229\/revisions\/12484"}],"wp:attachment":[{"href":"https:\/\/www.norn.is\/pistlar\/wp-json\/wp\/v2\/media?parent=4229"}],"wp:term":[{"taxonomy":"category","embeddable":true,"href":"https:\/\/www.norn.is\/pistlar\/wp-json\/wp\/v2\/categories?post=4229"},{"taxonomy":"post_tag","embeddable":true,"href":"https:\/\/www.norn.is\/pistlar\/wp-json\/wp\/v2\/tags?post=4229"}],"curies":[{"name":"wp","href":"https:\/\/api.w.org\/{rel}","templated":true}]}}