{"id":4227,"date":"2011-07-20T18:48:15","date_gmt":"2011-07-20T18:48:15","guid":{"rendered":"http:\/\/www.pistillinn.is\/?p=4227"},"modified":"2018-09-18T10:23:35","modified_gmt":"2018-09-18T10:23:35","slug":"tharf-ad-hreinsa-ut-ur-haestaretti","status":"publish","type":"post","link":"https:\/\/www.norn.is\/pistlar\/tharf-ad-hreinsa-ut-ur-haestaretti\/","title":{"rendered":"\u00dearf a\u00f0 hreinsa \u00fat \u00far H\u00e6star\u00e9tti?"},"content":{"rendered":"<p>Vinsamlegast hlusti\u00f0 \u00e1\u00a0<a href=\"http:\/\/dagskra.ruv.is\/ras2\/4557870\/2011\/07\/19\/4\/\">vi\u00f0tali\u00f0 vi\u00f0 Ragnar A\u00f0alsteinsson<\/a>.<\/p>\n<p>\u00dea\u00f0 er semsagt ekki h\u00e6gt a\u00f0 f\u00e1 m\u00e1li\u00f0 teki\u00f0 fyrir hj\u00e1 mannr\u00e9ttindad\u00f3mst\u00f3lum. Og jafnvel \u00fe\u00f3tt \u00f3h\u00e1\u00f0 ranns\u00f3knarnefnd komist a\u00f0 \u00feeirri ni\u00f0urst\u00f6\u00f0u a\u00f0 ranns\u00f3knara\u00f0fer\u00f0ir hafi veri\u00f0 \u00f3l\u00f6gm\u00e6tar, munu sakborningar ekki f\u00e1 uppreisn \u00e6ru vi\u00f0 \u00fea\u00f0.<!--more--><\/p>\n<p>F\u00ednt a\u00f0 f\u00e1 \u00f3h\u00e1\u00f0a ranns\u00f3knarnefnd en m\u00e9r finnst ekki n\u00f3g a\u00f0 tryggja a\u00f0 samb\u00e6rileg m\u00e1l endurtaki sig ekki. \u00c9g vil a\u00f0 d\u00f3mst\u00f3lar vi\u00f0urkenni mist\u00f6k s\u00edn og a\u00f0 \u00feeir sem voru sakfelldir \u00e1 s\u00ednum t\u00edma ver\u00f0i formlega hreinsa\u00f0ir af \u00feeim d\u00f3mum. \u00dea\u00f0 l\u00edtur \u00fev\u00ed mi\u00f0ur \u00fat fyrir a\u00f0 eina lei\u00f0in til \u00feess s\u00e9 s\u00fa a\u00f0 f\u00e1 H\u00e6star\u00e9tt til a\u00f0 taka m\u00e1lin upp aftur og H\u00e6stir\u00e9ttur vill \u00fea\u00f0 \u00e1rei\u00f0anlega ekki.<\/p>\n<p>Eina lei\u00f0in til a\u00f0 f\u00e1 m\u00e1li\u00f0 enduruppteki\u00f0 me\u00f0 g\u00f3\u00f0u er a\u00f0 fram komi n\u00fd afgerandi s\u00f6nnunarg\u00f6gn. Kannski eru engin s\u00f6nnunarg\u00f6gn til \u00ed Gu\u00f0mundarm\u00e1linu. Kannski f\u00f3r hann bara \u00ed sj\u00f3inn \u00e1n \u00feess a\u00f0 nokkurt vitni v\u00e6ri a\u00f0 \u00fev\u00ed. Geirfinnur aftur \u00e1 m\u00f3ti var b\u00fainn a\u00f0 m\u00e6la s\u00e9r m\u00f3t vi\u00f0 mann og einhver veit hver s\u00e1 ma\u00f0ur var og hva\u00f0a erindi hann \u00e1tti vi\u00f0 Geirfinn. Einhver veit eitthva\u00f0.<\/p>\n<p>Ef einhver gefur sig ekki fram og varpar lj\u00f3si \u00e1 m\u00e1li\u00f0, \u00fe\u00e1 er a\u00f0eins tvennt \u00ed bo\u00f0i; a\u00f0 vi\u00f0 s\u00e6ttum okkur vi\u00f0 d\u00f3msmor\u00f0 n\u00fa e\u00f0a \u00fe\u00e1 gamla, g\u00f3\u00f0a h\u00fasr\u00e1\u00f0i\u00f0 a\u00f0 gera bara allt vitlaust. B\u00fas\u00e1haldabyltingin gekk ekki n\u00f3gu langt, eina breytingin var\u00f0 s\u00fa a\u00f0 skipt var um rassa \u00ed r\u00e1\u00f0herrast\u00f3lunum en engu a\u00f0 s\u00ed\u00f0ur er h\u00fan mikilv\u00e6gur atbur\u00f0ur \u00ed \u00cdslandss\u00f6gunni. \u00c1 \u00feeim d\u00f6gum sanna\u00f0ist nefnilega a\u00f0 almenningur getur sv\u00e6lt \u00fat r\u00edkisstj\u00f3rn og m.a.s. \u00e1n vopnavalds.<\/p>\n<p>\u00dej\u00f3\u00f0 sem getur komi\u00f0 r\u00edkisstj\u00f3rn fr\u00e1 v\u00f6ldum getur l\u00edka hreinsa\u00f0 bjakki\u00f0 \u00far r\u00e9ttarkerfinu. Vandam\u00e1li\u00f0 er a\u00f0 of margir munu ekki telja sig eiga hagsmuna a\u00f0 g\u00e6ta. Og margir munu ekki bera g\u00e6fu til a\u00f0 setja sig \u00ed spor \u00feeirra sem s\u00e6ta \u00f3r\u00e9ttl\u00e6ti af h\u00e1lfu r\u00e9ttarkerfisins. Og margir munu hugsa sem svo; \u00e9g yr\u00f0i aldrei \u00ed \u00feessum sporum, \u00fea\u00f0 er bara vandr\u00e6\u00f0af\u00f3lk sem lendir \u00ed svona rugli.<\/p>\n<p>K\u00e6ri lesandi, \u00fe\u00fa sem ekki ert neinn vandr\u00e6\u00f0ama\u00f0ur. Ertu n\u00fa alveg viss um a\u00f0 \u00feetta komi \u00fe\u00e9r ekki vi\u00f0? Getur veri\u00f0 a\u00f0 einhverssta\u00f0ar \u00ed \u00feinni fj\u00f6lskyldu e\u00f0a vinah\u00f3pi leynist vandr\u00e6\u00f0ama\u00f0ur? Ertu alveg viss um a\u00f0 barnung d\u00f3ttir \u00fe\u00edn g\u00e6ti aldrei me\u00f0 nokkru m\u00f3ti or\u00f0i\u00f0 \u00f3lett eftir sm\u00e1krimma? Ertu alveg viss um a\u00f0 sonur \u00feinn myndi aldrei undir neinum kringumst\u00e6\u00f0um koma n\u00e1l\u00e6gt f\u00edkniefnamisferli? A\u00f0 konan \u00fe\u00edn myndi aldrei misnota a\u00f0st\u00f6\u00f0u s\u00edna til a\u00f0 sv\u00edkja f\u00e9 \u00fat \u00far vinnuveitanda s\u00ednum?<\/p>\n<p>Ranns\u00f3kn Gu\u00f0mundarm\u00e1lins h\u00f3fst me\u00f0 \u00fev\u00ed a\u00f0 tveir unglingar voru handteknir vegna fj\u00e1rsvikam\u00e1ls. Ef \u00fe\u00fa \u00feekkir einhvern sem vi\u00f0 einhverjar a\u00f0st\u00e6\u00f0ur g\u00e6ti gert mist\u00f6k, jafnvel broti\u00f0 l\u00f6g, \u00fe\u00e1 skrifar \u00fe\u00fa undir \u00e1skorun um a\u00f0 Gu\u00f0mundar- og Geirfinnsm\u00e1lin ver\u00f0i tekin upp hj\u00e1 H\u00e6star\u00e9tti. D\u00f3msmor\u00f0 var frami\u00f0 og \u00feetta f\u00f3lk \u00e1 si\u00f0fer\u00f0ilegan r\u00e9tt \u00e1 lei\u00f0r\u00e9ttingu. Ef \u00e1skorun dugar ekki til \u00fe\u00e1 \u00fearf a\u00f0 hreinsa \u00fat \u00far H\u00e6star\u00e9tti me\u00f0 beinum a\u00f0ger\u00f0um.<\/p>\n","protected":false},"excerpt":{"rendered":"<p>Vinsamlegast hlusti\u00f0 \u00e1\u00a0vi\u00f0tali\u00f0 vi\u00f0 Ragnar A\u00f0alsteinsson. \u00dea\u00f0 er semsagt ekki h\u00e6gt a\u00f0 f\u00e1 m\u00e1li\u00f0 teki\u00f0 fyrir hj\u00e1 mannr\u00e9ttindad\u00f3mst\u00f3lum. Og jafnvel \u00fe\u00f3tt \u00f3h\u00e1\u00f0 ranns\u00f3knarnefnd komist a\u00f0 \u00feeirri ni\u00f0urst\u00f6\u00f0u a\u00f0 ranns\u00f3knara\u00f0fer\u00f0ir hafi veri\u00f0 \u00f3l\u00f6gm\u00e6tar, munu sakborningar ekki f\u00e1 uppreisn \u00e6ru vi\u00f0 \u00fea\u00f0.<\/p>\n","protected":false},"author":1,"featured_media":0,"comment_status":"closed","ping_status":"closed","sticky":false,"template":"","format":"standard","meta":{"footnotes":"","_links_to":"","_links_to_target":""},"categories":[15,11,1],"tags":[1053],"class_list":["post-4227","post","type-post","status-publish","format-standard","hentry","category-andof-og-yfirvald","category-mannrettindi","category-pistlar","tag-domskerfid"],"yoast_head":"<!-- This site is optimized with the Yoast SEO plugin v27.5 - https:\/\/yoast.com\/product\/yoast-seo-wordpress\/ -->\n<title>\u00dearf a\u00f0 hreinsa \u00fat \u00far H\u00e6star\u00e9tti? - Pistlar Evu<\/title>\n<meta name=\"robots\" content=\"index, follow, max-snippet:-1, max-image-preview:large, max-video-preview:-1\" \/>\n<link rel=\"canonical\" href=\"https:\/\/www.norn.is\/pistlar\/tharf-ad-hreinsa-ut-ur-haestaretti\/\" \/>\n<meta property=\"og:locale\" content=\"is_IS\" \/>\n<meta property=\"og:type\" content=\"article\" \/>\n<meta property=\"og:title\" content=\"\u00dearf a\u00f0 hreinsa \u00fat \u00far H\u00e6star\u00e9tti? - Pistlar Evu\" \/>\n<meta property=\"og:description\" content=\"Vinsamlegast hlusti\u00f0 \u00e1\u00a0vi\u00f0tali\u00f0 vi\u00f0 Ragnar A\u00f0alsteinsson. \u00dea\u00f0 er semsagt ekki h\u00e6gt a\u00f0 f\u00e1 m\u00e1li\u00f0 teki\u00f0 fyrir hj\u00e1 mannr\u00e9ttindad\u00f3mst\u00f3lum. Og jafnvel \u00fe\u00f3tt \u00f3h\u00e1\u00f0 ranns\u00f3knarnefnd komist a\u00f0 \u00feeirri ni\u00f0urst\u00f6\u00f0u a\u00f0 ranns\u00f3knara\u00f0fer\u00f0ir hafi veri\u00f0 \u00f3l\u00f6gm\u00e6tar, munu sakborningar ekki f\u00e1 uppreisn \u00e6ru vi\u00f0 \u00fea\u00f0.\" \/>\n<meta property=\"og:url\" content=\"https:\/\/www.norn.is\/pistlar\/tharf-ad-hreinsa-ut-ur-haestaretti\/\" \/>\n<meta property=\"og:site_name\" content=\"Pistlar Evu\" \/>\n<meta property=\"article:published_time\" content=\"2011-07-20T18:48:15+00:00\" \/>\n<meta property=\"article:modified_time\" content=\"2018-09-18T10:23:35+00:00\" \/>\n<meta name=\"author\" content=\"admin\" \/>\n<meta name=\"twitter:card\" content=\"summary_large_image\" \/>\n<meta name=\"twitter:label1\" content=\"Written by\" \/>\n\t<meta name=\"twitter:data1\" content=\"\" \/>\n\t<meta name=\"twitter:label2\" content=\"Est. reading time\" \/>\n\t<meta name=\"twitter:data2\" content=\"3 minutes\" \/>\n<script type=\"application\/ld+json\" class=\"yoast-schema-graph\">{\"@context\":\"https:\\\/\\\/schema.org\",\"@graph\":[{\"@type\":\"Article\",\"@id\":\"https:\\\/\\\/www.norn.is\\\/pistlar\\\/tharf-ad-hreinsa-ut-ur-haestaretti\\\/#article\",\"isPartOf\":{\"@id\":\"https:\\\/\\\/www.norn.is\\\/pistlar\\\/tharf-ad-hreinsa-ut-ur-haestaretti\\\/\"},\"author\":{\"name\":\"admin\",\"@id\":\"https:\\\/\\\/www.norn.is\\\/pistlar\\\/#\\\/schema\\\/person\\\/1a27d7aee01469adf3180f8fd9e72c46\"},\"headline\":\"\u00dearf a\u00f0 hreinsa \u00fat \u00far H\u00e6star\u00e9tti?\",\"datePublished\":\"2011-07-20T18:48:15+00:00\",\"dateModified\":\"2018-09-18T10:23:35+00:00\",\"mainEntityOfPage\":{\"@id\":\"https:\\\/\\\/www.norn.is\\\/pistlar\\\/tharf-ad-hreinsa-ut-ur-haestaretti\\\/\"},\"wordCount\":599,\"keywords\":[\"D\u00f3mskerfi\u00f0\"],\"articleSection\":[\"And\u00f3f og yfirvald\",\"Mannr\u00e9ttinda og fri\u00f0arm\u00e1l\",\"Pistlar um samf\u00e9lagsm\u00e1l\"],\"inLanguage\":\"is\"},{\"@type\":\"WebPage\",\"@id\":\"https:\\\/\\\/www.norn.is\\\/pistlar\\\/tharf-ad-hreinsa-ut-ur-haestaretti\\\/\",\"url\":\"https:\\\/\\\/www.norn.is\\\/pistlar\\\/tharf-ad-hreinsa-ut-ur-haestaretti\\\/\",\"name\":\"\u00dearf a\u00f0 hreinsa \u00fat \u00far H\u00e6star\u00e9tti? - Pistlar Evu\",\"isPartOf\":{\"@id\":\"https:\\\/\\\/www.norn.is\\\/pistlar\\\/#website\"},\"datePublished\":\"2011-07-20T18:48:15+00:00\",\"dateModified\":\"2018-09-18T10:23:35+00:00\",\"author\":{\"@id\":\"https:\\\/\\\/www.norn.is\\\/pistlar\\\/#\\\/schema\\\/person\\\/1a27d7aee01469adf3180f8fd9e72c46\"},\"breadcrumb\":{\"@id\":\"https:\\\/\\\/www.norn.is\\\/pistlar\\\/tharf-ad-hreinsa-ut-ur-haestaretti\\\/#breadcrumb\"},\"inLanguage\":\"is\",\"potentialAction\":[{\"@type\":\"ReadAction\",\"target\":[\"https:\\\/\\\/www.norn.is\\\/pistlar\\\/tharf-ad-hreinsa-ut-ur-haestaretti\\\/\"]}]},{\"@type\":\"BreadcrumbList\",\"@id\":\"https:\\\/\\\/www.norn.is\\\/pistlar\\\/tharf-ad-hreinsa-ut-ur-haestaretti\\\/#breadcrumb\",\"itemListElement\":[{\"@type\":\"ListItem\",\"position\":1,\"name\":\"Home\",\"item\":\"https:\\\/\\\/www.norn.is\\\/pistlar\\\/\"},{\"@type\":\"ListItem\",\"position\":2,\"name\":\"\u00dearf a\u00f0 hreinsa \u00fat \u00far H\u00e6star\u00e9tti?\"}]},{\"@type\":\"WebSite\",\"@id\":\"https:\\\/\\\/www.norn.is\\\/pistlar\\\/#website\",\"url\":\"https:\\\/\\\/www.norn.is\\\/pistlar\\\/\",\"name\":\"Pistlar Evu\",\"description\":\"\",\"potentialAction\":[{\"@type\":\"SearchAction\",\"target\":{\"@type\":\"EntryPoint\",\"urlTemplate\":\"https:\\\/\\\/www.norn.is\\\/pistlar\\\/?s={search_term_string}\"},\"query-input\":{\"@type\":\"PropertyValueSpecification\",\"valueRequired\":true,\"valueName\":\"search_term_string\"}}],\"inLanguage\":\"is\"},{\"@type\":\"Person\",\"@id\":\"https:\\\/\\\/www.norn.is\\\/pistlar\\\/#\\\/schema\\\/person\\\/1a27d7aee01469adf3180f8fd9e72c46\",\"name\":\"admin\",\"url\":\"https:\\\/\\\/www.norn.is\\\/pistlar\\\/author\\\/admin\\\/\"}]}<\/script>\n<!-- \/ Yoast SEO plugin. -->","yoast_head_json":{"title":"\u00dearf a\u00f0 hreinsa \u00fat \u00far H\u00e6star\u00e9tti? - Pistlar Evu","robots":{"index":"index","follow":"follow","max-snippet":"max-snippet:-1","max-image-preview":"max-image-preview:large","max-video-preview":"max-video-preview:-1"},"canonical":"https:\/\/www.norn.is\/pistlar\/tharf-ad-hreinsa-ut-ur-haestaretti\/","og_locale":"is_IS","og_type":"article","og_title":"\u00dearf a\u00f0 hreinsa \u00fat \u00far H\u00e6star\u00e9tti? - Pistlar Evu","og_description":"Vinsamlegast hlusti\u00f0 \u00e1\u00a0vi\u00f0tali\u00f0 vi\u00f0 Ragnar A\u00f0alsteinsson. \u00dea\u00f0 er semsagt ekki h\u00e6gt a\u00f0 f\u00e1 m\u00e1li\u00f0 teki\u00f0 fyrir hj\u00e1 mannr\u00e9ttindad\u00f3mst\u00f3lum. Og jafnvel \u00fe\u00f3tt \u00f3h\u00e1\u00f0 ranns\u00f3knarnefnd komist a\u00f0 \u00feeirri ni\u00f0urst\u00f6\u00f0u a\u00f0 ranns\u00f3knara\u00f0fer\u00f0ir hafi veri\u00f0 \u00f3l\u00f6gm\u00e6tar, munu sakborningar ekki f\u00e1 uppreisn \u00e6ru vi\u00f0 \u00fea\u00f0.","og_url":"https:\/\/www.norn.is\/pistlar\/tharf-ad-hreinsa-ut-ur-haestaretti\/","og_site_name":"Pistlar Evu","article_published_time":"2011-07-20T18:48:15+00:00","article_modified_time":"2018-09-18T10:23:35+00:00","author":"admin","twitter_card":"summary_large_image","twitter_misc":{"Written by":false,"Est. reading time":"3 minutes"},"schema":{"@context":"https:\/\/schema.org","@graph":[{"@type":"Article","@id":"https:\/\/www.norn.is\/pistlar\/tharf-ad-hreinsa-ut-ur-haestaretti\/#article","isPartOf":{"@id":"https:\/\/www.norn.is\/pistlar\/tharf-ad-hreinsa-ut-ur-haestaretti\/"},"author":{"name":"admin","@id":"https:\/\/www.norn.is\/pistlar\/#\/schema\/person\/1a27d7aee01469adf3180f8fd9e72c46"},"headline":"\u00dearf a\u00f0 hreinsa \u00fat \u00far H\u00e6star\u00e9tti?","datePublished":"2011-07-20T18:48:15+00:00","dateModified":"2018-09-18T10:23:35+00:00","mainEntityOfPage":{"@id":"https:\/\/www.norn.is\/pistlar\/tharf-ad-hreinsa-ut-ur-haestaretti\/"},"wordCount":599,"keywords":["D\u00f3mskerfi\u00f0"],"articleSection":["And\u00f3f og yfirvald","Mannr\u00e9ttinda og fri\u00f0arm\u00e1l","Pistlar um samf\u00e9lagsm\u00e1l"],"inLanguage":"is"},{"@type":"WebPage","@id":"https:\/\/www.norn.is\/pistlar\/tharf-ad-hreinsa-ut-ur-haestaretti\/","url":"https:\/\/www.norn.is\/pistlar\/tharf-ad-hreinsa-ut-ur-haestaretti\/","name":"\u00dearf a\u00f0 hreinsa \u00fat \u00far H\u00e6star\u00e9tti? - Pistlar Evu","isPartOf":{"@id":"https:\/\/www.norn.is\/pistlar\/#website"},"datePublished":"2011-07-20T18:48:15+00:00","dateModified":"2018-09-18T10:23:35+00:00","author":{"@id":"https:\/\/www.norn.is\/pistlar\/#\/schema\/person\/1a27d7aee01469adf3180f8fd9e72c46"},"breadcrumb":{"@id":"https:\/\/www.norn.is\/pistlar\/tharf-ad-hreinsa-ut-ur-haestaretti\/#breadcrumb"},"inLanguage":"is","potentialAction":[{"@type":"ReadAction","target":["https:\/\/www.norn.is\/pistlar\/tharf-ad-hreinsa-ut-ur-haestaretti\/"]}]},{"@type":"BreadcrumbList","@id":"https:\/\/www.norn.is\/pistlar\/tharf-ad-hreinsa-ut-ur-haestaretti\/#breadcrumb","itemListElement":[{"@type":"ListItem","position":1,"name":"Home","item":"https:\/\/www.norn.is\/pistlar\/"},{"@type":"ListItem","position":2,"name":"\u00dearf a\u00f0 hreinsa \u00fat \u00far H\u00e6star\u00e9tti?"}]},{"@type":"WebSite","@id":"https:\/\/www.norn.is\/pistlar\/#website","url":"https:\/\/www.norn.is\/pistlar\/","name":"Pistlar Evu","description":"","potentialAction":[{"@type":"SearchAction","target":{"@type":"EntryPoint","urlTemplate":"https:\/\/www.norn.is\/pistlar\/?s={search_term_string}"},"query-input":{"@type":"PropertyValueSpecification","valueRequired":true,"valueName":"search_term_string"}}],"inLanguage":"is"},{"@type":"Person","@id":"https:\/\/www.norn.is\/pistlar\/#\/schema\/person\/1a27d7aee01469adf3180f8fd9e72c46","name":"admin","url":"https:\/\/www.norn.is\/pistlar\/author\/admin\/"}]}},"_links":{"self":[{"href":"https:\/\/www.norn.is\/pistlar\/wp-json\/wp\/v2\/posts\/4227","targetHints":{"allow":["GET"]}}],"collection":[{"href":"https:\/\/www.norn.is\/pistlar\/wp-json\/wp\/v2\/posts"}],"about":[{"href":"https:\/\/www.norn.is\/pistlar\/wp-json\/wp\/v2\/types\/post"}],"author":[{"embeddable":true,"href":"https:\/\/www.norn.is\/pistlar\/wp-json\/wp\/v2\/users\/1"}],"replies":[{"embeddable":true,"href":"https:\/\/www.norn.is\/pistlar\/wp-json\/wp\/v2\/comments?post=4227"}],"version-history":[{"count":3,"href":"https:\/\/www.norn.is\/pistlar\/wp-json\/wp\/v2\/posts\/4227\/revisions"}],"predecessor-version":[{"id":12488,"href":"https:\/\/www.norn.is\/pistlar\/wp-json\/wp\/v2\/posts\/4227\/revisions\/12488"}],"wp:attachment":[{"href":"https:\/\/www.norn.is\/pistlar\/wp-json\/wp\/v2\/media?parent=4227"}],"wp:term":[{"taxonomy":"category","embeddable":true,"href":"https:\/\/www.norn.is\/pistlar\/wp-json\/wp\/v2\/categories?post=4227"},{"taxonomy":"post_tag","embeddable":true,"href":"https:\/\/www.norn.is\/pistlar\/wp-json\/wp\/v2\/tags?post=4227"}],"curies":[{"name":"wp","href":"https:\/\/api.w.org\/{rel}","templated":true}]}}