{"id":4103,"date":"2011-08-06T23:35:47","date_gmt":"2011-08-06T23:35:47","guid":{"rendered":"http:\/\/www.pistillinn.is\/?p=4103"},"modified":"2017-09-08T14:40:22","modified_gmt":"2017-09-08T14:40:22","slug":"daemi-um-innflytjendamytur","status":"publish","type":"post","link":"https:\/\/www.norn.is\/pistlar\/daemi-um-innflytjendamytur\/","title":{"rendered":"D\u00e6mi um innflytjendam\u00fdtur"},"content":{"rendered":"<div>\n<p>Innflytjendavandam\u00e1l skapast \u00feegar \u00f3l\u00edkri menningu er blanda\u00f0 saman<\/p>\n<p>\u00deetta f\u00f3lk kemur hinga\u00f0 til a\u00f0 taka vinnu fr\u00e1 okkur<\/p>\n<p>\u00deau koma hinga\u00f0 til a\u00f0 leggjast \u00e1 velfer\u00f0arkerfi\u00f0<\/p>\n<p><!--more--><\/p>\n<p>Flestir fl\u00f3ttamenn eru \u00e1 fl\u00f3tta undan r\u00e9ttv\u00edsinni<\/p>\n<p>\u00deetta f\u00f3lk vill ekkert a\u00f0lagast vestr\u00e6nu samf\u00e9lagi<\/p>\n<p>Flestir \u00feeirra vilja ekki einu sinni l\u00e6ra tungum\u00e1li\u00f0<\/p>\n<p>Si\u00f0fer\u00f0i m\u00fasl\u00edma vir\u00f0ir engin mannr\u00e9ttindi, ef vi\u00f0 hleypum \u00feeim inn \u00ed landi\u00f0 getum vi\u00f0 gert r\u00e1\u00f0 fyrir \u00e6rumor\u00f0um og barnagiftingum<\/p>\n<p>B\u00farkan er t\u00e1kn kvennak\u00fagunar. Ef vi\u00f0 b\u00f6nnum hana ekki erum vi\u00f0 \u00fear me\u00f0 a\u00f0 sam\u00feykkja kvennak\u00fagun.<\/p>\n<p>Svertingjar eru svo latir a\u00f0 \u00fea\u00f0 er ekki h\u00e6gt a\u00f0 hafa \u00fe\u00e1 \u00ed vinnu nema lemja \u00fe\u00e1.<\/p>\n<p>M\u00fasl\u00edmar myndu aldrei sam\u00feykkja a\u00f0 kristnir menn reistu kirkjur \u00ed \u00feeirra l\u00f6ndum svo af hverju \u00e6ttum vi\u00f0 a\u00f0 leyfa \u00feeim a\u00f0 reisa moskur?<\/p>\n<p>Frekjan \u00ed \u00feessu f\u00f3lki tr\u00f6llr\u00ed\u00f0ur menningunni, n\u00fa m\u00e1 t.d, ekki lengur bj\u00f3\u00f0a upp \u00e1 sv\u00ednakj\u00f6t \u00ed sk\u00f3lam\u00f6tuneytum \u00fear sem muslimab\u00f6rn eru \u00ed sk\u00f3la.<\/p>\n<p>Vandam\u00e1lin sem fylgja \u00feessu f\u00f3lki koma fram \u00ed \u00f3tr\u00falegustu hlutum. \u00dea\u00f0 er t.d. endalaust vesen me\u00f0 sk\u00f3lasundi\u00f0 af \u00fev\u00ed a\u00f0 \u00feetta getur ekki fari\u00f0 \u00ed sund me\u00f0 f\u00f3lki af gagnst\u00e6\u00f0u kyni.<\/p>\n<p>Vi\u00f0 berum enga \u00e1byrg\u00f0 \u00e1 \u00e1standinu \u00ed \u00feessum l\u00f6ndum svo hversvegna \u00e6ttum vi\u00f0 a\u00f0 taka vi\u00f0 vandam\u00e1lunum?<\/p>\n<p>M\u00fasl\u00edmar eru hry\u00f0juverkamenn og tr\u00faa \u00e1 heilagt str\u00ed\u00f0<\/p>\n<p>M\u00fasl\u00edmar l\u00edta \u00e1 b\u00f6rn sem b\u00faf\u00e9na\u00f0, og eru auk \u00feess n\u00f3gu heimskir til a\u00f0 fj\u00f6lga s\u00e9r eins og kan\u00ednur \u00fe\u00f3tt \u00feeir geti ekki einu sinni framfleytt \u00f6llum b\u00f6rnunum.<\/p>\n<p>\u00dea\u00f0 er ekki okkur a\u00f0 kenna \u00fe\u00f3tt ver\u00f0i n\u00e1tt\u00faruhamfarir og uppskerubrestur \u00ed \u00f6\u00f0rum l\u00f6ndum og a\u00f0 \u00feeir hafi ekki byggt upp velfer\u00f0arkerfi og almannatryggingar svo af hverju \u00e6ttum vi\u00f0 a\u00f0 sitja uppi me\u00f0 f\u00f3lk sem er a\u00f0 fl\u00fdja f\u00e1t\u00e6kt?<\/p>\n<p>\u00deetta f\u00f3lk er vant svo mikilli spillingu og vondu si\u00f0fer\u00f0i a\u00f0 st\u00f3r hluti \u00feess mun bera \u00feessa si\u00f0i \u00e1fram til okkar.<\/p>\n<p>Innflytjendur l\u00e6kka vinnulaun.<\/p>\n<p>Ef vi\u00f0 bj\u00f3\u00f0um fl\u00f3ttamenn velkomna mun allt yfirfyllast af gl\u00e6pam\u00f6nnum og f\u00f3lki \u00ed sl\u00e6mu \u00e1standi.<\/p>\n<p>Ma\u00f0ur s\u00e9r best \u00e1 Grikklandi og \u00cdtal\u00edu hva\u00f0 mikill fj\u00f6ldi fl\u00f3ttamanna skapar mikil vandam\u00e1l.<\/p>\n<p>Ef vi\u00f0 legg\u00f0um ni\u00f0ur landam\u00e6ri myndu Afr\u00edka, Mi\u00f0-Austurl\u00f6nd, Indland og K\u00edna t\u00e6mast og tugir millj\u00f3na manna flykkjast inn \u00ed hv\u00edt l\u00f6nd.<\/p>\n<p>Vi\u00f0 eigum a\u00f0 hj\u00e1lpa \u00feessu f\u00f3lki heima hj\u00e1 s\u00e9r en ekki hleypa \u00fev\u00ed me\u00f0 \u00f6ll s\u00edn vandam\u00e1l hinga\u00f0 til okkar.<\/p>\n<p>Vi\u00f0 h\u00f6fum n\u00f3g me\u00f0 sj\u00e1lf okkur. \u00c1 me\u00f0an vi\u00f0 getum ekki einu sinni reki\u00f0 almennilega velfer\u00f0ar\u00fej\u00f3nustu fyrir \u00cdslendinga, h\u00f6fum vi\u00f0 ekkert efni \u00e1 a\u00f0 taka a\u00f0 okkur fleiri \u00f3maga.<\/p>\n<p>Menningu okkar stafar h\u00e6tta af m\u00fasl\u00edmum og \u00f6\u00f0ru f\u00f3lki me\u00f0 \u00f3l\u00edkan menningarbakgrunn.<\/p>\n<p>\u00deegar vi\u00f0 komum til &#8222;\u00feessara landa&#8220; \u00feurfum vi\u00f0 a\u00f0 a\u00f0lagast \u00feeirra si\u00f0um en \u00feeir vilja samt ekki a\u00f0lagast okkar si\u00f0um.<\/p>\n<p>Kynfer\u00f0isoflbeldi er vi\u00f0urkennt me\u00f0al sumra \u00fej\u00f3\u00f0a svo \u00fea\u00f0 m\u00e1 reikna me\u00f0 a\u00f0 me\u00f0 auknum fj\u00f6lda innflytjenda fari heilu nau\u00f0gunargengin hamf\u00f6rum.<\/p>\n<p>\u00c1 Nor\u00f0url\u00f6ndum eru erlend gl\u00e6pagengi st\u00f3rt vandam\u00e1l.<\/p>\n<\/div>\n<div id=\"more\"><\/div>\n","protected":false},"excerpt":{"rendered":"<p>Innflytjendavandam\u00e1l skapast \u00feegar \u00f3l\u00edkri menningu er blanda\u00f0 saman \u00deetta f\u00f3lk kemur hinga\u00f0 til a\u00f0 taka vinnu fr\u00e1 okkur \u00deau koma hinga\u00f0 til a\u00f0 leggjast \u00e1 velfer\u00f0arkerfi\u00f0<\/p>\n","protected":false},"author":1,"featured_media":0,"comment_status":"closed","ping_status":"closed","sticky":false,"template":"","format":"standard","meta":{"footnotes":"","_links_to":"","_links_to_target":""},"categories":[11,1],"tags":[929,555],"class_list":["post-4103","post","type-post","status-publish","format-standard","hentry","category-mannrettindi","category-pistlar","tag-innflytjendamytur","tag-kynthattahyggja"],"yoast_head":"<!-- This site is optimized with the Yoast SEO plugin v27.4 - https:\/\/yoast.com\/product\/yoast-seo-wordpress\/ -->\n<title>D\u00e6mi um innflytjendam\u00fdtur - Pistlar Evu<\/title>\n<meta name=\"robots\" content=\"index, follow, max-snippet:-1, max-image-preview:large, max-video-preview:-1\" \/>\n<link rel=\"canonical\" href=\"https:\/\/www.norn.is\/pistlar\/daemi-um-innflytjendamytur\/\" \/>\n<meta property=\"og:locale\" content=\"is_IS\" \/>\n<meta property=\"og:type\" content=\"article\" \/>\n<meta property=\"og:title\" content=\"D\u00e6mi um innflytjendam\u00fdtur - Pistlar Evu\" \/>\n<meta property=\"og:description\" content=\"Innflytjendavandam\u00e1l skapast \u00feegar \u00f3l\u00edkri menningu er blanda\u00f0 saman \u00deetta f\u00f3lk kemur hinga\u00f0 til a\u00f0 taka vinnu fr\u00e1 okkur \u00deau koma hinga\u00f0 til a\u00f0 leggjast \u00e1 velfer\u00f0arkerfi\u00f0\" \/>\n<meta property=\"og:url\" content=\"https:\/\/www.norn.is\/pistlar\/daemi-um-innflytjendamytur\/\" \/>\n<meta property=\"og:site_name\" content=\"Pistlar Evu\" \/>\n<meta property=\"article:published_time\" content=\"2011-08-06T23:35:47+00:00\" \/>\n<meta property=\"article:modified_time\" content=\"2017-09-08T14:40:22+00:00\" \/>\n<meta name=\"author\" content=\"admin\" \/>\n<meta name=\"twitter:card\" content=\"summary_large_image\" \/>\n<meta name=\"twitter:label1\" content=\"Written by\" \/>\n\t<meta name=\"twitter:data1\" content=\"\" \/>\n\t<meta name=\"twitter:label2\" content=\"Est. reading time\" \/>\n\t<meta name=\"twitter:data2\" content=\"3 minutes\" \/>\n<script type=\"application\/ld+json\" class=\"yoast-schema-graph\">{\"@context\":\"https:\\\/\\\/schema.org\",\"@graph\":[{\"@type\":\"Article\",\"@id\":\"https:\\\/\\\/www.norn.is\\\/pistlar\\\/daemi-um-innflytjendamytur\\\/#article\",\"isPartOf\":{\"@id\":\"https:\\\/\\\/www.norn.is\\\/pistlar\\\/daemi-um-innflytjendamytur\\\/\"},\"author\":{\"name\":\"admin\",\"@id\":\"https:\\\/\\\/www.norn.is\\\/pistlar\\\/#\\\/schema\\\/person\\\/1a27d7aee01469adf3180f8fd9e72c46\"},\"headline\":\"D\u00e6mi um innflytjendam\u00fdtur\",\"datePublished\":\"2011-08-06T23:35:47+00:00\",\"dateModified\":\"2017-09-08T14:40:22+00:00\",\"mainEntityOfPage\":{\"@id\":\"https:\\\/\\\/www.norn.is\\\/pistlar\\\/daemi-um-innflytjendamytur\\\/\"},\"wordCount\":572,\"keywords\":[\"Innflytjendam\u00fdtur\",\"Kyn\u00fe\u00e1ttahyggja\"],\"articleSection\":[\"Mannr\u00e9ttinda og fri\u00f0arm\u00e1l\",\"Pistlar um samf\u00e9lagsm\u00e1l\"],\"inLanguage\":\"is\"},{\"@type\":\"WebPage\",\"@id\":\"https:\\\/\\\/www.norn.is\\\/pistlar\\\/daemi-um-innflytjendamytur\\\/\",\"url\":\"https:\\\/\\\/www.norn.is\\\/pistlar\\\/daemi-um-innflytjendamytur\\\/\",\"name\":\"D\u00e6mi um innflytjendam\u00fdtur - Pistlar Evu\",\"isPartOf\":{\"@id\":\"https:\\\/\\\/www.norn.is\\\/pistlar\\\/#website\"},\"datePublished\":\"2011-08-06T23:35:47+00:00\",\"dateModified\":\"2017-09-08T14:40:22+00:00\",\"author\":{\"@id\":\"https:\\\/\\\/www.norn.is\\\/pistlar\\\/#\\\/schema\\\/person\\\/1a27d7aee01469adf3180f8fd9e72c46\"},\"breadcrumb\":{\"@id\":\"https:\\\/\\\/www.norn.is\\\/pistlar\\\/daemi-um-innflytjendamytur\\\/#breadcrumb\"},\"inLanguage\":\"is\",\"potentialAction\":[{\"@type\":\"ReadAction\",\"target\":[\"https:\\\/\\\/www.norn.is\\\/pistlar\\\/daemi-um-innflytjendamytur\\\/\"]}]},{\"@type\":\"BreadcrumbList\",\"@id\":\"https:\\\/\\\/www.norn.is\\\/pistlar\\\/daemi-um-innflytjendamytur\\\/#breadcrumb\",\"itemListElement\":[{\"@type\":\"ListItem\",\"position\":1,\"name\":\"Home\",\"item\":\"https:\\\/\\\/www.norn.is\\\/pistlar\\\/\"},{\"@type\":\"ListItem\",\"position\":2,\"name\":\"D\u00e6mi um innflytjendam\u00fdtur\"}]},{\"@type\":\"WebSite\",\"@id\":\"https:\\\/\\\/www.norn.is\\\/pistlar\\\/#website\",\"url\":\"https:\\\/\\\/www.norn.is\\\/pistlar\\\/\",\"name\":\"Pistlar Evu\",\"description\":\"\",\"potentialAction\":[{\"@type\":\"SearchAction\",\"target\":{\"@type\":\"EntryPoint\",\"urlTemplate\":\"https:\\\/\\\/www.norn.is\\\/pistlar\\\/?s={search_term_string}\"},\"query-input\":{\"@type\":\"PropertyValueSpecification\",\"valueRequired\":true,\"valueName\":\"search_term_string\"}}],\"inLanguage\":\"is\"},{\"@type\":\"Person\",\"@id\":\"https:\\\/\\\/www.norn.is\\\/pistlar\\\/#\\\/schema\\\/person\\\/1a27d7aee01469adf3180f8fd9e72c46\",\"name\":\"admin\",\"url\":\"https:\\\/\\\/www.norn.is\\\/pistlar\\\/author\\\/admin\\\/\"}]}<\/script>\n<!-- \/ Yoast SEO plugin. -->","yoast_head_json":{"title":"D\u00e6mi um innflytjendam\u00fdtur - Pistlar Evu","robots":{"index":"index","follow":"follow","max-snippet":"max-snippet:-1","max-image-preview":"max-image-preview:large","max-video-preview":"max-video-preview:-1"},"canonical":"https:\/\/www.norn.is\/pistlar\/daemi-um-innflytjendamytur\/","og_locale":"is_IS","og_type":"article","og_title":"D\u00e6mi um innflytjendam\u00fdtur - Pistlar Evu","og_description":"Innflytjendavandam\u00e1l skapast \u00feegar \u00f3l\u00edkri menningu er blanda\u00f0 saman \u00deetta f\u00f3lk kemur hinga\u00f0 til a\u00f0 taka vinnu fr\u00e1 okkur \u00deau koma hinga\u00f0 til a\u00f0 leggjast \u00e1 velfer\u00f0arkerfi\u00f0","og_url":"https:\/\/www.norn.is\/pistlar\/daemi-um-innflytjendamytur\/","og_site_name":"Pistlar Evu","article_published_time":"2011-08-06T23:35:47+00:00","article_modified_time":"2017-09-08T14:40:22+00:00","author":"admin","twitter_card":"summary_large_image","twitter_misc":{"Written by":false,"Est. reading time":"3 minutes"},"schema":{"@context":"https:\/\/schema.org","@graph":[{"@type":"Article","@id":"https:\/\/www.norn.is\/pistlar\/daemi-um-innflytjendamytur\/#article","isPartOf":{"@id":"https:\/\/www.norn.is\/pistlar\/daemi-um-innflytjendamytur\/"},"author":{"name":"admin","@id":"https:\/\/www.norn.is\/pistlar\/#\/schema\/person\/1a27d7aee01469adf3180f8fd9e72c46"},"headline":"D\u00e6mi um innflytjendam\u00fdtur","datePublished":"2011-08-06T23:35:47+00:00","dateModified":"2017-09-08T14:40:22+00:00","mainEntityOfPage":{"@id":"https:\/\/www.norn.is\/pistlar\/daemi-um-innflytjendamytur\/"},"wordCount":572,"keywords":["Innflytjendam\u00fdtur","Kyn\u00fe\u00e1ttahyggja"],"articleSection":["Mannr\u00e9ttinda og fri\u00f0arm\u00e1l","Pistlar um samf\u00e9lagsm\u00e1l"],"inLanguage":"is"},{"@type":"WebPage","@id":"https:\/\/www.norn.is\/pistlar\/daemi-um-innflytjendamytur\/","url":"https:\/\/www.norn.is\/pistlar\/daemi-um-innflytjendamytur\/","name":"D\u00e6mi um innflytjendam\u00fdtur - Pistlar Evu","isPartOf":{"@id":"https:\/\/www.norn.is\/pistlar\/#website"},"datePublished":"2011-08-06T23:35:47+00:00","dateModified":"2017-09-08T14:40:22+00:00","author":{"@id":"https:\/\/www.norn.is\/pistlar\/#\/schema\/person\/1a27d7aee01469adf3180f8fd9e72c46"},"breadcrumb":{"@id":"https:\/\/www.norn.is\/pistlar\/daemi-um-innflytjendamytur\/#breadcrumb"},"inLanguage":"is","potentialAction":[{"@type":"ReadAction","target":["https:\/\/www.norn.is\/pistlar\/daemi-um-innflytjendamytur\/"]}]},{"@type":"BreadcrumbList","@id":"https:\/\/www.norn.is\/pistlar\/daemi-um-innflytjendamytur\/#breadcrumb","itemListElement":[{"@type":"ListItem","position":1,"name":"Home","item":"https:\/\/www.norn.is\/pistlar\/"},{"@type":"ListItem","position":2,"name":"D\u00e6mi um innflytjendam\u00fdtur"}]},{"@type":"WebSite","@id":"https:\/\/www.norn.is\/pistlar\/#website","url":"https:\/\/www.norn.is\/pistlar\/","name":"Pistlar Evu","description":"","potentialAction":[{"@type":"SearchAction","target":{"@type":"EntryPoint","urlTemplate":"https:\/\/www.norn.is\/pistlar\/?s={search_term_string}"},"query-input":{"@type":"PropertyValueSpecification","valueRequired":true,"valueName":"search_term_string"}}],"inLanguage":"is"},{"@type":"Person","@id":"https:\/\/www.norn.is\/pistlar\/#\/schema\/person\/1a27d7aee01469adf3180f8fd9e72c46","name":"admin","url":"https:\/\/www.norn.is\/pistlar\/author\/admin\/"}]}},"_links":{"self":[{"href":"https:\/\/www.norn.is\/pistlar\/wp-json\/wp\/v2\/posts\/4103","targetHints":{"allow":["GET"]}}],"collection":[{"href":"https:\/\/www.norn.is\/pistlar\/wp-json\/wp\/v2\/posts"}],"about":[{"href":"https:\/\/www.norn.is\/pistlar\/wp-json\/wp\/v2\/types\/post"}],"author":[{"embeddable":true,"href":"https:\/\/www.norn.is\/pistlar\/wp-json\/wp\/v2\/users\/1"}],"replies":[{"embeddable":true,"href":"https:\/\/www.norn.is\/pistlar\/wp-json\/wp\/v2\/comments?post=4103"}],"version-history":[{"count":6,"href":"https:\/\/www.norn.is\/pistlar\/wp-json\/wp\/v2\/posts\/4103\/revisions"}],"predecessor-version":[{"id":12519,"href":"https:\/\/www.norn.is\/pistlar\/wp-json\/wp\/v2\/posts\/4103\/revisions\/12519"}],"wp:attachment":[{"href":"https:\/\/www.norn.is\/pistlar\/wp-json\/wp\/v2\/media?parent=4103"}],"wp:term":[{"taxonomy":"category","embeddable":true,"href":"https:\/\/www.norn.is\/pistlar\/wp-json\/wp\/v2\/categories?post=4103"},{"taxonomy":"post_tag","embeddable":true,"href":"https:\/\/www.norn.is\/pistlar\/wp-json\/wp\/v2\/tags?post=4103"}],"curies":[{"name":"wp","href":"https:\/\/api.w.org\/{rel}","templated":true}]}}