{"id":4026,"date":"2011-08-22T22:47:10","date_gmt":"2011-08-22T22:47:10","guid":{"rendered":"http:\/\/www.pistillinn.is\/?p=4026"},"modified":"2017-09-08T14:40:22","modified_gmt":"2017-09-08T14:40:22","slug":"sagnfraedi-kynthattahatara","status":"publish","type":"post","link":"https:\/\/www.norn.is\/pistlar\/sagnfraedi-kynthattahatara\/","title":{"rendered":"Sagnfr\u00e6\u00f0i kyn\u00fe\u00e1ttahatara"},"content":{"rendered":"<div>\n<p><strong>Anna\u00f0 meginmarkmi\u00f0 kyn\u00fe\u00e1ttahatara er a\u00f0 vernda evr\u00f3pska menningu.<\/strong><\/p>\n<p>Vera kann a\u00f0 leikma\u00f0ur eigi erfitt me\u00f0 a\u00f0 sj\u00e1 \u00fe\u00e1 v\u00e1 sem ste\u00f0jar a\u00f0 evr\u00f3pskri menningu me\u00f0 auknum innflutningi sk\u00edtaskinna en kyn\u00fe\u00e1ttahatarar hafa gert st\u00f3rkostlegar uppg\u00f6tvanir \u00e1 svi\u00f0i sagnfr\u00e6\u00f0i sem sk\u00fdra \u00feetta n\u00e1nar.<!--more--><br \/>\n<strong>Saga evr\u00f3pskrar menningar til forna<\/strong><br \/>\nSagnfr\u00e6\u00f0is\u00e9n\u00edi\u00f0 Mj\u00f6lnir \u00fatsk\u00fdrir s\u00f6gu evr\u00f3pskrar menningar:<\/p>\n<p>&#8222;\u00cd gamla daga var f\u00f3lk sameina\u00f0 me\u00f0 eitt sameiginlegt markmi\u00f0 \u00ed einu r\u00edki, eingar mismunandi p\u00f3lut\u00edskar stefnur, t\u00edskubylgju e\u00f0a menningarh\u00f3par sem a\u00f0 a\u00f0sildi f\u00f3lk. \u00dea\u00f0 var einungis ein menning, eitt gildismat, eitt tungum\u00e1l og sameiginlegir forfe\u00f0ur. \u00deetta\u00f0 er \u00ed mj\u00f6g gr\u00f3fum dr\u00e1ttum um hvernin \u00feetta\u00f0 var, au\u00f0vita\u00f0 var samf\u00e9lagi\u00f0 mun frumst\u00e6\u00f0ra, l\u00edfskilir\u00f0i verri og f\u00f3lk skip \u00ed st\u00e9ttir, en vi\u00f0 vissum allavega hverjir vi\u00f0 vorum, vi\u00f0 h\u00f6f\u00f0um tilfinningu fyrir fort\u00ed\u00f0inni og vitund um \u00e1bryg\u00f0 fyrir komandi kynsl\u00f3\u00f0ir. &#8220;<\/p>\n<p>Jah\u00e1? \u00deetta vissi \u00e9g ekki. S\u00fa mannkynssaga sem m\u00e9r var kennd er full af styrj\u00f6ldum, landam\u00e6ri stundum \u00f3lj\u00f3s og flytjast oft til, \u00fej\u00f3\u00f0ernishugmyndin sj\u00e1lf \u00f3lj\u00f3s og \u00f6ll helstu st\u00f3rvirki \u00e1 svi\u00f0i v\u00edsinda og lista undir \u00e1hrifum fr\u00e1 \u00f6\u00f0rum menningarheimum.<\/p>\n<p>M\u00e9r er alltaf d\u00e1l\u00edti\u00f0 l\u00e9tt \u00feegar ranghugmyndir m\u00ednar hafa veri\u00f0 lei\u00f0r\u00e9ttar en \u00fear sem \u00e9g veit l\u00edti\u00f0 um hina raunverulegu s\u00f6gu mannkynsins enn\u00fe\u00e1, ver\u00f0 \u00e9g a\u00f0 bi\u00f0ja Mj\u00f6lni um a\u00f0 geta heimilda. Einnig yr\u00f0i \u00e9g \u00feakkl\u00e1t ef hann fl\u00fdtti fyrir endurmenntun minni me\u00f0 \u00fev\u00ed a\u00f0 segja m\u00e9r hva\u00f0a t\u00edmabil hann er a\u00f0 tala um. Mig langar l\u00edka a\u00f0 vita hva\u00f0a tungum\u00e1l \u00fea\u00f0 var sem allur hv\u00edti kynstofninn tala\u00f0i. Ennfremur langar mig a\u00f0 vita hvert \u00feetta eina markmi\u00f0 sem einkenndi hv\u00edta kynstofninn var og hva\u00f0 f\u00f3lst \u00ed \u00feessu eina gildismati. \u00c9g fer ekki fram \u00e1 a\u00f0 Mj\u00f6lnir fari dj\u00fapt \u00ed \u00feetta \u00fev\u00ed eins og hann bendir \u00e1 \u00fe\u00e1 er \u00feetta fl\u00f3ki\u00f0; eins og hann or\u00f0ar \u00fea\u00f0;<\/p>\n<p>&#8222;Menning er ekki bara mismunandi si\u00f0ir sem myndast hafa vi\u00f0 landlegan a\u00f0skilna\u00f0 h\u00f3pa, \u00fea\u00f0 er si\u00f0fer\u00f0iskennd og l\u00edfsvi\u00f0horf sem f\u00f3lk \u00fer\u00f3ar. S\u00e9rfr\u00e6\u00f0ingur \u00feyrfti a\u00f0 skrifa heila b\u00f3k til a\u00f0 nefna hugshunarh\u00e1tt og tj\u00e1ningu \u00e1 l\u00edfinu, si\u00f0i og si\u00f0fer\u00f0istnorm sem einkennir bara Evr\u00f3pskt gildismat, og t\u00falkast \u00feetta\u00f0 \u00ed myndlist, b\u00f3kmentum og fleiri listr\u00e6num tj\u00e1ningum auk\u00feess \u00fev\u00ed sem b\u00f6rnum er kennt, og hugsunarh\u00e6tti \u00ed anda f\u00f3lksins yfir h\u00f6fu\u00f0.&#8220;<\/p>\n<p>en \u00fear sem enn hefur ekki komi\u00f0 fram s\u00e9rfr\u00e6\u00f0ingur sem hefur skrifa\u00f0 b\u00f3k um \u00feetta efni (\u00e9g reikna me\u00f0 a\u00f0 vi\u00f0 h\u00f6fum l\u00edti\u00f0 gagn af \u00feeim villukenningum sem \u00e9g \u00f3lst upp vi\u00f0) er eiginlega si\u00f0fer\u00f0isleg skylda hans a\u00f0 uppl\u00fdsa okkur um \u00fea\u00f0 allra mikilv\u00e6gasta \u00ed hugsunarh\u00e6tti og si\u00f0fer\u00f0i sem gerir \u00f3l\u00edkum kyn\u00fe\u00e1ttum \u00fatiloka\u00f0 a\u00f0 lifa saman.<\/p>\n<p><strong>Menning \u00fer\u00f3ast \u00ed einangrun<\/strong><\/p>\n<p>\u00devert \u00e1 \u00fe\u00e1 menningars\u00f6gu sem m\u00e9r var kennd, hafa kyn\u00fe\u00e1ttahatarar komist a\u00f0 sl\u00e1andi ni\u00f0urst\u00f6\u00f0um; \u00fer\u00f3un menningar og d\u00fdrategunda \u00e1 s\u00e9r ekki sta\u00f0 vi\u00f0 bl\u00f6ndun, heldur einangrun. Mj\u00f6lnir kennir;<\/p>\n<p>&#8222;Menning er eins og d\u00fdrategund, h\u00fan \u00fer\u00f3ast sj\u00e1lfkrafa eftir \u00feeirri \u00feekkingu og framf\u00f6rum sem a\u00f0 h\u00f3pirnn aflar. Menning \u00fer\u00f3ast n\u00e1nast alldrei vi\u00f0 \u00fea\u00f0 a\u00f0 blandast. H\u00fan \u00fer\u00f3ast vi\u00f0 a\u00f0skilna\u00f0 r\u00e9tt eins og d\u00fdrategundir. \u00cdsbirnir myndu ekki \u00fer\u00f3ast \u00e1 n\u00e6sta skref vi\u00f0 a\u00f0 blandast sk\u00f3garbj\u00f6rnum,&#8220;<\/p>\n<p>\u00deetta finnst m\u00e9r merkilegt. N\u00fa dau\u00f0langar mig a\u00f0 vita hvert er n\u00e6sta skref \u00ed \u00fer\u00f3un hv\u00edtabjarna. Enn heitar brennur \u00fe\u00f3 \u00e1 m\u00e9r spurningin um \u00fea\u00f0 hva\u00f0a samf\u00e9l\u00f6gum hefur hnigna\u00f0 vi\u00f0 bl\u00f6ndun. \u00de\u00e1 er nau\u00f0synlegt a\u00f0 \u00feeir fr\u00e6\u00f0imenn sem halda \u00fev\u00ed fram a\u00f0 uppgangur \u00fdmissa st\u00f3rvelda s\u00f6gunnar svo sem Mes\u00f3p\u00f3tam\u00edu, R\u00f3maveldis, Persaveldis, K\u00edna og Bandar\u00edkjanna, hafi sta\u00f0i\u00f0 \u00ed einhverju sambandi vi\u00f0 margskonar menningarstrauma, ver\u00f0i l\u00e1tnir svara til saka fyrir \u00feessa s\u00f6guf\u00f6lsun. Mj\u00f6lnir \u00fatsk\u00fdrir:<\/p>\n<p>&#8222;Bandar\u00edkin voru stofnu\u00f0 \u00fat fr\u00e1 Evr\u00f3pskum \u00fej\u00f3\u00f0ernish\u00f3pum og var markmi\u00f0i\u00f0 setja vestur-evr\u00f3pskan menningarlegann grunn yfir allt landi\u00f0. Au\u00f0vita\u00f0 voru svona s\u00e9r menningarleg samf\u00e9l\u00f6g eins og litla-\u00cdtal\u00eda, en yfir h\u00f6fu\u00f0 \u00e1tti V-Evr\u00f3pskt gildismat og menningarlegt yfirbrag\u00f0 a\u00f0 vera r\u00edkjandi.<\/p>\n<p>S\u00ed\u00f0an hafa alldrei risi\u00f0 st\u00f3rveldi fr\u00e1 menningarbl\u00f6ndun Evr\u00f3pska og \u00f3-Evr\u00f3pska menninga s\u00ed\u00f0an si\u00f0menning fluttist til Evr\u00f3pu fr\u00e1 frj\u00f3sama h\u00e1lfm\u00e1nanum.<\/p>\n<p>R\u00f3maveldi var til \u00feegar Etr\u00faar og a\u00f0rir Evr\u00f3pskir mi\u00f0jarahafs \u00e6ttb\u00e1lkar \u00e1kv\u00e1\u00f0u a\u00f0 byggja veldi innbl\u00e1si\u00f0 af gr\u00edskri menningu. \u00deeir voru ekki undir neinum \u00e1hrifum fr\u00e1 \u00f3-evr\u00f3pskri mennngu og \u00fea\u00f0 var einungis ein menning r\u00edkjandi \u00ed R\u00f3maveldi. Mass\u00edvur innflutningur og &#8222;menningarbl\u00f6ndun&#8220; vi\u00f0 tyrki og innr\u00e1s barbara var eitt a\u00f0 \u00feeim meginatri\u00f0um sem orsaka\u00f0i fall \u00feess.<\/p>\n<p>Lestu \u00feig til um mannkyns\u00f6gu \u00e1\u00f0ur en \u00fe\u00fa r\u00edfur kjaft f\u00e1viti.&#8220;<\/p>\n<p>H\u00e9r finnst m\u00e9r Mj\u00f6lnir s\u00fdna \u00deorkatli vini m\u00ednum (hann er a\u00f0 svara honum) d\u00e1litla \u00f3sanngirni. Mj\u00f6lnir \u00fearf a\u00f0 \u00e1tta sig \u00e1 \u00fev\u00ed a\u00f0 almenningur hefur ekki haft a\u00f0gang a\u00f0 s\u00f6mu \u00feekkingu og hann. Okkar mannkynssaga er tro\u00f0full af falskenningum um a\u00f0 menningarafrek hafi sprotti\u00f0 af \u00feekkingu sem menn s\u00f3ttu til annarra menningarsamf\u00e9laga. \u00deorkell bendir \u00e1 a\u00f0 arabar hafi byggt st\u00e6r\u00f0fr\u00e6\u00f0i s\u00edna \u00e1 grunni fr\u00e1 Grikkjum og a\u00f0 \u00fea\u00f0 talnakerfi sem \u00feeir \u00fer\u00f3u\u00f0u hafi svo aftur veri\u00f0 teki\u00f0 til br\u00faks \u00ed Evr\u00f3pu. Einhver misbrestur er \u00fe\u00f3 \u00e1 heimildum \u00deorkels \u00fev\u00ed Mj\u00f6lnir \u00fatsk\u00fdrir a\u00f0 m\u00faslimir hafi ekki veri\u00f0 undir menningar\u00e1hrifum fr\u00e1 Grikkjum. Hann segir ennfremur:<\/p>\n<p>&#8222;F\u00e1fr\u00e6\u00f0i \u00fe\u00edn n\u00e6r engu h\u00e1marki. Megin innbl\u00e1stur r\u00f3maveldis var fr\u00e1 grikkjum og restin af \u00fev\u00ed sem \u00feeir fengu &#8222;l\u00e1na\u00f0&#8220; var fr\u00e1 Evr\u00f3pskum menningarheimum.<\/p>\n<p>Og eins og \u00e9g sag\u00f0i \u00fe\u00e1 var\u00f0veittu m\u00faslimar einungis \u00feekkingu sem grikkir h\u00f6f\u00f0u afla\u00f0 s\u00e9r, satt er \u00fea\u00f0 \u00feeir voru h\u00e1\u00fer\u00f3a\u00f0ri en Evr\u00f3pa \u00e1 mi\u00f0\u00f6ldum en annars f\u00e9kk Evr\u00f3pa alldrei menningarlegan innbl\u00e1stur fr\u00e1 m\u00faslimum.&#8220;<\/p>\n<p>N\u00fa v\u00e6ri fr\u00f3\u00f0legt a\u00f0 vita hverjir \u00fea\u00f0 voru sem \u00fer\u00f3u\u00f0u \u00fea\u00f0 talnakerfi sem vi\u00f0 notum \u00ed dag, fyrst \u00fea\u00f0 voru ekki arabar. E\u00f0a flokkast talnakerfi kannski ekki sem menning?<\/p>\n<p>S\u00e1 sem einungis hefur loki\u00f0 almennu grunnsk\u00f3lan\u00e1mi og aldrei kynnst sagnfr\u00e6\u00f0isk\u00fdringum kyn\u00fe\u00e1ttahatara, \u00e1 e.t.v. erfitt me\u00f0 a\u00f0 kyngja \u00feeirri STA\u00d0REYND a\u00f0 menning \u00fer\u00f3ist \u00ed einangrun en sem betur fer getum vi\u00f0 teyga\u00f0 af viskubrunni Mj\u00f6lnis:<\/p>\n<p>&#8222;Evr\u00f3pub\u00faar sem heild hafa voru n\u00e1nast allgj\u00f6rlega a\u00f0skildir fr\u00e1 \u00e1hrifum annara kyn\u00fe\u00e1tta \u00ed meira en 60.000 \u00e1r, og n\u00fdjar rann\u00f3sknir benda til a\u00f0 mismunandi kyn\u00fe\u00e6ttir hafa skilist a\u00f0 allt fr\u00e1 upp\u00ed 180.000 \u00e1r aftur \u00ed t\u00edmann(allavega svartir og ekki svartir). \u00cd r\u00fam 4000 \u00e1r hafa Evr\u00f3pub\u00faar \u00e1tt \u00ed t\u00ed\u00f0um samskiptum vi\u00f0 hvorn annan og \u00fear sem \u00feeir eru eitt f\u00f3lk hafa \u00feeir \u00fer\u00f3a\u00f0 mj\u00f6g l\u00edka l\u00edfsh\u00e6tti og menningu, allavega \u00ed samanbur\u00f0i vi\u00f0 \u00fea\u00f0 sem a\u00f0rir kyn\u00fe\u00e6ttir hafa \u00fer\u00f3a\u00f0. Menning \u00feeirra hefur \u00fer\u00f3ast me\u00f0 t\u00edmanum og haf\u00f0i listsk\u00f6pun, byggingarst\u00edlar og si\u00f0fer\u00f0istkennd betrumb\u00e6st me\u00f0 t\u00edmanum, \u00fe\u00f3 a\u00f0 gamlir si\u00f0ir hafi oft var\u00f0veist.&#8220;<\/p>\n<p>\u00deetta er svosem \u00e1g\u00e6tt a\u00f0 vita en m\u00e9r finnst vanta d\u00e1l\u00edti\u00f0 inn \u00ed \u00feetta. M\u00e9r leikur t.d. forvitni \u00e1 a\u00f0 vita hva\u00f0a menning \u00fea\u00f0 var sem \u00fer\u00f3a\u00f0ist \u00ed \u00feessari 60.000 \u00e1ra einangrun fr\u00e1 \u00f6\u00f0rum kyn\u00fe\u00e1ttum. Hva\u00f0a listsk\u00f6pun, byggingast\u00edl og si\u00f0fer\u00f0iskennd er \u00e1tt vi\u00f0? Aukinheldur v\u00e6ri gagnlegt a\u00f0 f\u00e1 uppl\u00fdsingar um \u00fea\u00f0 hva\u00f0a ranns\u00f3knir s\u00fdna a\u00f0skilna\u00f0 kyn\u00fe\u00e1tta \u00ed 180.000 \u00e1r.<\/p>\n<p>\u00cd n\u00e6sta pistli ver\u00f0ur fjalla\u00f0 um \u00cdslandss\u00f6gu Mj\u00f6lnis hins fr\u00f3\u00f0a en \u00fea\u00f0 kemur \u00e1 daginn a\u00f0 \u00fea\u00f0 er ekki a\u00f0eins mannkyssagan sem er f\u00f6lsu\u00f0, n\u00e1nast allar okkar hugmyndir um s\u00f6gu \u00edslenskrar menningar eru l\u00edka bygg\u00f0ar \u00e1 sandi,<\/p>\n<\/div>\n<div>\n<form action=\"http:\/\/www.norn.is\/cgi-bin\/mt\/mt-comments.cgi\" method=\"post\" name=\"comments_form\">\n<div id=\"comments-open\"><\/div>\n<\/form>\n<\/div>\n","protected":false},"excerpt":{"rendered":"<p>Anna\u00f0 meginmarkmi\u00f0 kyn\u00fe\u00e1ttahatara er a\u00f0 vernda evr\u00f3pska menningu. Vera kann a\u00f0 leikma\u00f0ur eigi erfitt me\u00f0 a\u00f0 sj\u00e1 \u00fe\u00e1 v\u00e1 sem ste\u00f0jar a\u00f0 evr\u00f3pskri menningu me\u00f0 auknum innflutningi sk\u00edtaskinna en kyn\u00fe\u00e1ttahatarar hafa gert st\u00f3rkostlegar uppg\u00f6tvanir \u00e1 svi\u00f0i sagnfr\u00e6\u00f0i sem sk\u00fdra \u00feetta &hellip; <a href=\"https:\/\/www.norn.is\/pistlar\/sagnfraedi-kynthattahatara\/\">Halda \u00e1fram a\u00f0 lesa <span class=\"meta-nav\">&rarr;<\/span><\/a><\/p>\n","protected":false},"author":1,"featured_media":0,"comment_status":"closed","ping_status":"closed","sticky":false,"template":"","format":"standard","meta":{"footnotes":"","_links_to":"","_links_to_target":""},"categories":[11,1],"tags":[555],"class_list":["post-4026","post","type-post","status-publish","format-standard","hentry","category-mannrettindi","category-pistlar","tag-kynthattahyggja"],"yoast_head":"<!-- This site is optimized with the Yoast SEO plugin v27.5 - https:\/\/yoast.com\/product\/yoast-seo-wordpress\/ -->\n<title>Sagnfr\u00e6\u00f0i kyn\u00fe\u00e1ttahatara - Pistlar Evu<\/title>\n<meta name=\"robots\" content=\"index, follow, max-snippet:-1, max-image-preview:large, max-video-preview:-1\" \/>\n<link rel=\"canonical\" href=\"https:\/\/www.norn.is\/pistlar\/sagnfraedi-kynthattahatara\/\" \/>\n<meta property=\"og:locale\" content=\"is_IS\" \/>\n<meta property=\"og:type\" content=\"article\" \/>\n<meta property=\"og:title\" content=\"Sagnfr\u00e6\u00f0i kyn\u00fe\u00e1ttahatara - Pistlar Evu\" \/>\n<meta property=\"og:description\" content=\"Anna\u00f0 meginmarkmi\u00f0 kyn\u00fe\u00e1ttahatara er a\u00f0 vernda evr\u00f3pska menningu. Vera kann a\u00f0 leikma\u00f0ur eigi erfitt me\u00f0 a\u00f0 sj\u00e1 \u00fe\u00e1 v\u00e1 sem ste\u00f0jar a\u00f0 evr\u00f3pskri menningu me\u00f0 auknum innflutningi sk\u00edtaskinna en kyn\u00fe\u00e1ttahatarar hafa gert st\u00f3rkostlegar uppg\u00f6tvanir \u00e1 svi\u00f0i sagnfr\u00e6\u00f0i sem sk\u00fdra \u00feetta &hellip; Halda \u00e1fram a\u00f0 lesa &rarr;\" \/>\n<meta property=\"og:url\" content=\"https:\/\/www.norn.is\/pistlar\/sagnfraedi-kynthattahatara\/\" \/>\n<meta property=\"og:site_name\" content=\"Pistlar Evu\" \/>\n<meta property=\"article:published_time\" content=\"2011-08-22T22:47:10+00:00\" \/>\n<meta property=\"article:modified_time\" content=\"2017-09-08T14:40:22+00:00\" \/>\n<meta name=\"author\" content=\"admin\" \/>\n<meta name=\"twitter:card\" content=\"summary_large_image\" \/>\n<meta name=\"twitter:label1\" content=\"Written by\" \/>\n\t<meta name=\"twitter:data1\" content=\"\" \/>\n\t<meta name=\"twitter:label2\" content=\"Est. reading time\" \/>\n\t<meta name=\"twitter:data2\" content=\"7 minutes\" \/>\n<script type=\"application\/ld+json\" class=\"yoast-schema-graph\">{\"@context\":\"https:\\\/\\\/schema.org\",\"@graph\":[{\"@type\":\"Article\",\"@id\":\"https:\\\/\\\/www.norn.is\\\/pistlar\\\/sagnfraedi-kynthattahatara\\\/#article\",\"isPartOf\":{\"@id\":\"https:\\\/\\\/www.norn.is\\\/pistlar\\\/sagnfraedi-kynthattahatara\\\/\"},\"author\":{\"name\":\"admin\",\"@id\":\"https:\\\/\\\/www.norn.is\\\/pistlar\\\/#\\\/schema\\\/person\\\/1a27d7aee01469adf3180f8fd9e72c46\"},\"headline\":\"Sagnfr\u00e6\u00f0i kyn\u00fe\u00e1ttahatara\",\"datePublished\":\"2011-08-22T22:47:10+00:00\",\"dateModified\":\"2017-09-08T14:40:22+00:00\",\"mainEntityOfPage\":{\"@id\":\"https:\\\/\\\/www.norn.is\\\/pistlar\\\/sagnfraedi-kynthattahatara\\\/\"},\"wordCount\":1401,\"keywords\":[\"Kyn\u00fe\u00e1ttahyggja\"],\"articleSection\":[\"Mannr\u00e9ttinda og fri\u00f0arm\u00e1l\",\"Pistlar um samf\u00e9lagsm\u00e1l\"],\"inLanguage\":\"is\"},{\"@type\":\"WebPage\",\"@id\":\"https:\\\/\\\/www.norn.is\\\/pistlar\\\/sagnfraedi-kynthattahatara\\\/\",\"url\":\"https:\\\/\\\/www.norn.is\\\/pistlar\\\/sagnfraedi-kynthattahatara\\\/\",\"name\":\"Sagnfr\u00e6\u00f0i kyn\u00fe\u00e1ttahatara - Pistlar Evu\",\"isPartOf\":{\"@id\":\"https:\\\/\\\/www.norn.is\\\/pistlar\\\/#website\"},\"datePublished\":\"2011-08-22T22:47:10+00:00\",\"dateModified\":\"2017-09-08T14:40:22+00:00\",\"author\":{\"@id\":\"https:\\\/\\\/www.norn.is\\\/pistlar\\\/#\\\/schema\\\/person\\\/1a27d7aee01469adf3180f8fd9e72c46\"},\"breadcrumb\":{\"@id\":\"https:\\\/\\\/www.norn.is\\\/pistlar\\\/sagnfraedi-kynthattahatara\\\/#breadcrumb\"},\"inLanguage\":\"is\",\"potentialAction\":[{\"@type\":\"ReadAction\",\"target\":[\"https:\\\/\\\/www.norn.is\\\/pistlar\\\/sagnfraedi-kynthattahatara\\\/\"]}]},{\"@type\":\"BreadcrumbList\",\"@id\":\"https:\\\/\\\/www.norn.is\\\/pistlar\\\/sagnfraedi-kynthattahatara\\\/#breadcrumb\",\"itemListElement\":[{\"@type\":\"ListItem\",\"position\":1,\"name\":\"Home\",\"item\":\"https:\\\/\\\/www.norn.is\\\/pistlar\\\/\"},{\"@type\":\"ListItem\",\"position\":2,\"name\":\"Sagnfr\u00e6\u00f0i kyn\u00fe\u00e1ttahatara\"}]},{\"@type\":\"WebSite\",\"@id\":\"https:\\\/\\\/www.norn.is\\\/pistlar\\\/#website\",\"url\":\"https:\\\/\\\/www.norn.is\\\/pistlar\\\/\",\"name\":\"Pistlar Evu\",\"description\":\"\",\"potentialAction\":[{\"@type\":\"SearchAction\",\"target\":{\"@type\":\"EntryPoint\",\"urlTemplate\":\"https:\\\/\\\/www.norn.is\\\/pistlar\\\/?s={search_term_string}\"},\"query-input\":{\"@type\":\"PropertyValueSpecification\",\"valueRequired\":true,\"valueName\":\"search_term_string\"}}],\"inLanguage\":\"is\"},{\"@type\":\"Person\",\"@id\":\"https:\\\/\\\/www.norn.is\\\/pistlar\\\/#\\\/schema\\\/person\\\/1a27d7aee01469adf3180f8fd9e72c46\",\"name\":\"admin\",\"url\":\"https:\\\/\\\/www.norn.is\\\/pistlar\\\/author\\\/admin\\\/\"}]}<\/script>\n<!-- \/ Yoast SEO plugin. -->","yoast_head_json":{"title":"Sagnfr\u00e6\u00f0i kyn\u00fe\u00e1ttahatara - Pistlar Evu","robots":{"index":"index","follow":"follow","max-snippet":"max-snippet:-1","max-image-preview":"max-image-preview:large","max-video-preview":"max-video-preview:-1"},"canonical":"https:\/\/www.norn.is\/pistlar\/sagnfraedi-kynthattahatara\/","og_locale":"is_IS","og_type":"article","og_title":"Sagnfr\u00e6\u00f0i kyn\u00fe\u00e1ttahatara - Pistlar Evu","og_description":"Anna\u00f0 meginmarkmi\u00f0 kyn\u00fe\u00e1ttahatara er a\u00f0 vernda evr\u00f3pska menningu. Vera kann a\u00f0 leikma\u00f0ur eigi erfitt me\u00f0 a\u00f0 sj\u00e1 \u00fe\u00e1 v\u00e1 sem ste\u00f0jar a\u00f0 evr\u00f3pskri menningu me\u00f0 auknum innflutningi sk\u00edtaskinna en kyn\u00fe\u00e1ttahatarar hafa gert st\u00f3rkostlegar uppg\u00f6tvanir \u00e1 svi\u00f0i sagnfr\u00e6\u00f0i sem sk\u00fdra \u00feetta &hellip; Halda \u00e1fram a\u00f0 lesa &rarr;","og_url":"https:\/\/www.norn.is\/pistlar\/sagnfraedi-kynthattahatara\/","og_site_name":"Pistlar Evu","article_published_time":"2011-08-22T22:47:10+00:00","article_modified_time":"2017-09-08T14:40:22+00:00","author":"admin","twitter_card":"summary_large_image","twitter_misc":{"Written by":false,"Est. reading time":"7 minutes"},"schema":{"@context":"https:\/\/schema.org","@graph":[{"@type":"Article","@id":"https:\/\/www.norn.is\/pistlar\/sagnfraedi-kynthattahatara\/#article","isPartOf":{"@id":"https:\/\/www.norn.is\/pistlar\/sagnfraedi-kynthattahatara\/"},"author":{"name":"admin","@id":"https:\/\/www.norn.is\/pistlar\/#\/schema\/person\/1a27d7aee01469adf3180f8fd9e72c46"},"headline":"Sagnfr\u00e6\u00f0i kyn\u00fe\u00e1ttahatara","datePublished":"2011-08-22T22:47:10+00:00","dateModified":"2017-09-08T14:40:22+00:00","mainEntityOfPage":{"@id":"https:\/\/www.norn.is\/pistlar\/sagnfraedi-kynthattahatara\/"},"wordCount":1401,"keywords":["Kyn\u00fe\u00e1ttahyggja"],"articleSection":["Mannr\u00e9ttinda og fri\u00f0arm\u00e1l","Pistlar um samf\u00e9lagsm\u00e1l"],"inLanguage":"is"},{"@type":"WebPage","@id":"https:\/\/www.norn.is\/pistlar\/sagnfraedi-kynthattahatara\/","url":"https:\/\/www.norn.is\/pistlar\/sagnfraedi-kynthattahatara\/","name":"Sagnfr\u00e6\u00f0i kyn\u00fe\u00e1ttahatara - Pistlar Evu","isPartOf":{"@id":"https:\/\/www.norn.is\/pistlar\/#website"},"datePublished":"2011-08-22T22:47:10+00:00","dateModified":"2017-09-08T14:40:22+00:00","author":{"@id":"https:\/\/www.norn.is\/pistlar\/#\/schema\/person\/1a27d7aee01469adf3180f8fd9e72c46"},"breadcrumb":{"@id":"https:\/\/www.norn.is\/pistlar\/sagnfraedi-kynthattahatara\/#breadcrumb"},"inLanguage":"is","potentialAction":[{"@type":"ReadAction","target":["https:\/\/www.norn.is\/pistlar\/sagnfraedi-kynthattahatara\/"]}]},{"@type":"BreadcrumbList","@id":"https:\/\/www.norn.is\/pistlar\/sagnfraedi-kynthattahatara\/#breadcrumb","itemListElement":[{"@type":"ListItem","position":1,"name":"Home","item":"https:\/\/www.norn.is\/pistlar\/"},{"@type":"ListItem","position":2,"name":"Sagnfr\u00e6\u00f0i kyn\u00fe\u00e1ttahatara"}]},{"@type":"WebSite","@id":"https:\/\/www.norn.is\/pistlar\/#website","url":"https:\/\/www.norn.is\/pistlar\/","name":"Pistlar Evu","description":"","potentialAction":[{"@type":"SearchAction","target":{"@type":"EntryPoint","urlTemplate":"https:\/\/www.norn.is\/pistlar\/?s={search_term_string}"},"query-input":{"@type":"PropertyValueSpecification","valueRequired":true,"valueName":"search_term_string"}}],"inLanguage":"is"},{"@type":"Person","@id":"https:\/\/www.norn.is\/pistlar\/#\/schema\/person\/1a27d7aee01469adf3180f8fd9e72c46","name":"admin","url":"https:\/\/www.norn.is\/pistlar\/author\/admin\/"}]}},"_links":{"self":[{"href":"https:\/\/www.norn.is\/pistlar\/wp-json\/wp\/v2\/posts\/4026","targetHints":{"allow":["GET"]}}],"collection":[{"href":"https:\/\/www.norn.is\/pistlar\/wp-json\/wp\/v2\/posts"}],"about":[{"href":"https:\/\/www.norn.is\/pistlar\/wp-json\/wp\/v2\/types\/post"}],"author":[{"embeddable":true,"href":"https:\/\/www.norn.is\/pistlar\/wp-json\/wp\/v2\/users\/1"}],"replies":[{"embeddable":true,"href":"https:\/\/www.norn.is\/pistlar\/wp-json\/wp\/v2\/comments?post=4026"}],"version-history":[{"count":4,"href":"https:\/\/www.norn.is\/pistlar\/wp-json\/wp\/v2\/posts\/4026\/revisions"}],"predecessor-version":[{"id":12542,"href":"https:\/\/www.norn.is\/pistlar\/wp-json\/wp\/v2\/posts\/4026\/revisions\/12542"}],"wp:attachment":[{"href":"https:\/\/www.norn.is\/pistlar\/wp-json\/wp\/v2\/media?parent=4026"}],"wp:term":[{"taxonomy":"category","embeddable":true,"href":"https:\/\/www.norn.is\/pistlar\/wp-json\/wp\/v2\/categories?post=4026"},{"taxonomy":"post_tag","embeddable":true,"href":"https:\/\/www.norn.is\/pistlar\/wp-json\/wp\/v2\/tags?post=4026"}],"curies":[{"name":"wp","href":"https:\/\/api.w.org\/{rel}","templated":true}]}}