{"id":4007,"date":"2011-08-25T22:22:49","date_gmt":"2011-08-25T22:22:49","guid":{"rendered":"http:\/\/www.pistillinn.is\/?p=4007"},"modified":"2018-09-18T15:58:21","modified_gmt":"2018-09-18T15:58:21","slug":"stridsyfirlysing-og-thjodarmord","status":"publish","type":"post","link":"https:\/\/www.norn.is\/pistlar\/stridsyfirlysing-og-thjodarmord\/","title":{"rendered":"Str\u00ed\u00f0syfirl\u00fdsing og \u00fej\u00f3\u00f0armor\u00f0"},"content":{"rendered":"<div>\n<p>Kyn\u00fe\u00e1ttahatarinn Sigr\u00ed\u00f0ur Brynd\u00eds Baldvinsd\u00f3ttir, einn talsma\u00f0ur samtakanna\u00a0<em>Bl\u00f3\u00f0 og hei\u00f0ur<\/em>\u00a0hefur l\u00fdst \u00fev\u00ed yfir a\u00f0 \u00fat\u00farsn\u00faningur minn \u00e1 nafni hreyfingarinnar (bl\u00f3\u00f0 og gr\u00f6ftur) feli \u00ed s\u00e9r str\u00ed\u00f0syfirl\u00fdsingu. (<a href=\"http:\/\/www.norn.is\/sapuopera\/2011\/08\/joernissinnar_bonir_velkomnir.html\">Sj\u00e1 tj\u00e1su ne\u00f0arlega \u00ed halanum<\/a>.)<\/p>\n<p>J\u00e1 \u00e9g l\u00edki afb\u00f6kun \u00feessa \u00f3ge\u00f0fellda f\u00e9lagsskapar \u00e1 hugmyndum forfe\u00f0ra okkar um hei\u00f0ur, vi\u00f0 s\u00fdkt, graftarvellandi s\u00e1r \u00e1 samf\u00e9lagi okkar. Ef Sigr\u00ed\u00f0ur l\u00edtur \u00e1 \u00fe\u00e1 l\u00edkingu sem herna\u00f0 fremur en sj\u00fakd\u00f3msgreiningu \u00fe\u00e1 er henni s\u00fa t\u00falkun frj\u00e1ls. Vert er \u00fe\u00f3 a\u00f0 hafa \u00ed huga a\u00f0 str\u00ed\u00f0syfirl\u00fdsingar hafa fyrst og fremst komi\u00f0 fr\u00e1 rasistum sj\u00e1lfum.<\/p>\n<p>Fyrsta opinbera str\u00ed\u00f0syfirl\u00fdsing \u00edslenskra n\u00fdnasista var nets\u00ed\u00f0an skapari.com. Eftir a\u00f0 \u00feetta f\u00f3lk f\u00f3r a\u00f0 koma fram \u00ed fj\u00f6lmi\u00f0lum me\u00f0 andliti og nafni, t\u00f3ku \u00feau upp \u00fea\u00f0 \u00f3merkilega \u00e1r\u00f3\u00f0ursbrag\u00f0 a\u00f0 gefa sig \u00fat fyrir a\u00f0 vera umhuga\u00f0 um fj\u00f6lbreytni mannl\u00edfsins. N\u00fa \u00feykjast \u00feau vilja s\u00fdna menningu annarra kyn\u00fe\u00e1tta s\u00e9rstaka vir\u00f0ingu me\u00f0 \u00fev\u00ed a\u00f0 halda f\u00f3lkinu sem \u00feau k\u00f6llu\u00f0u &#8222;sk\u00edtaskinn&#8220; \u00e1 vefs\u00ed\u00f0unni, \u00e1 s\u00ednum heimasl\u00f3\u00f0um e\u00f0a allavega utan Evr\u00f3pu. Einn \u00feeirra (einhver sem kallar sig Mj\u00f6lni) reynir jafnvel a\u00f0 draga \u00far \u00e1herslunni \u00e1 erf\u00f0afr\u00e6\u00f0ina, segist alveg \u00feola &#8222;svona einn og einn&#8220; \u00fatlending, enda \u00fe\u00f3tt nafn hreyfingarinnar &#8222;Bl\u00f3\u00f0 og hei\u00f0ur&#8220; taki af allan vafa um a\u00f0 grundv\u00f6llur hennar er annarsvegar hugmyndin um a\u00f0 &#8222;halda bl\u00f3\u00f0inu hreinu&#8220; og hinsvegar hefja harmr\u00e6nasta \u00fe\u00e1tt menningararfsins, hei\u00f0ursmor\u00f0in sem t\u00ed\u00f0ku\u00f0ust fyrir kristnit\u00f6ku, til vegs og vir\u00f0ingar.<\/p>\n<p>Fr\u00f3\u00f0legt er fyrir hvern \u00feann sem efast um hreinr\u00e6kta\u00f0 kyn\u00fe\u00e1ttahatur \u00feessa f\u00f3lks a\u00f0 sko\u00f0a vi\u00f0bj\u00f3\u00f0inn sem birtur var \u00e1 umr\u00e6ddri s\u00ed\u00f0u. Eitt af \u00fev\u00ed var listi yfir \u00edslenska &#8222;svikara&#8220;. \u00c1 honum tr\u00f3na\u00f0i \u00d3lafur Ragnar Gr\u00edmsson sem var sag\u00f0ur hafa sviki\u00f0 kynstofninn me\u00f0 \u00fev\u00ed a\u00f0 kv\u00e6nast &#8222;j\u00fa\u00f0akerlingu&#8220;, besti vinur minn sem er fa\u00f0ir 3ja &#8222;sk\u00edtaskinna&#8220; var einnig \u00e1 listnum sem og fleiri nafngreindir \u00cdslendingar sem h\u00f6f\u00f0u unni\u00f0 s\u00e9r \u00fea\u00f0 til \u00f3helgi a\u00f0 elska \u00fatlending e\u00f0a tala m\u00e1li innflytjenda.<\/p>\n<p>Einnig var a\u00f0 finna \u00e1 s\u00ed\u00f0unni \u00e1r\u00f3\u00f0ur gegn Gy\u00f0ingum og greinar og fr\u00f3\u00f0leiksmola um almenna heimsku og vanh\u00e6fni svertingja til allra hluta annarra en a\u00f0 myr\u00f0a, nau\u00f0ga og stela, auk \u00fdmiss mannfr\u00e6\u00f0i- og s\u00f6gufr\u00f3\u00f0leiks sem bygg\u00f0ur var \u00e1 sama e\u00f0a \u00e1l\u00edka sterkum fr\u00e6\u00f0igrunni og \u00feann sem sj\u00e1 m\u00e1 \u00ed sv\u00f6rum kyn\u00fe\u00e1ttahatarans Mj\u00f6lnis vi\u00f0 umfj\u00f6llun minni um kyn\u00fe\u00e1ttahyggju \u00ed fyrri f\u00e6rslum. Skapari.com er \u00fev\u00ed mi\u00f0ur ekki uppi lengur en til a\u00f0 f\u00e1 nokkra hugmynd um bo\u00f0skapinn m\u00e1 sko\u00f0a \u00fe\u00e1 nets\u00ed\u00f0u sem\u00a0<a href=\"http:\/\/skrewdriver.org\/\">Sigr\u00ed\u00f0ur Brynd\u00eds gefur n\u00fa upp sem heimas\u00ed\u00f0u s\u00edna<\/a>. \u00cd\u00a0<a href=\"http:\/\/skrewdriver.org\/articles.html\">greinasafni<\/a>\u00a0s\u00ed\u00f0unnar er t.d. efst \u00e1 bla\u00f0i, r\u00e6\u00f0a um Gy\u00f0inga eftir helsta hugmyndafr\u00e6\u00f0ing \u00feeirra, Adolf Hitler en eitt \u00e1r\u00f3\u00f0ursbrag\u00f0 n\u00fdnasista er einmitt afneitun \u00e1 helf\u00f6rinni.<\/p>\n<p>Or\u00f0r\u00e6\u00f0an \u00e1 skaparas\u00ed\u00f0unni var au\u00f0vita\u00f0 ekkert anna\u00f0 en str\u00ed\u00f0syfirl\u00fdsingi gagnvart f\u00f3lki sem ekki hefur gert \u00feeim nokkurn skapa\u00f0an hlut. L\u00f6ggan var p\u00ednd til a\u00f0 taka sk\u00fdrslu af einni mannvitsbrekkunni sem st\u00f3\u00f0 a\u00f0 \u00feessum hro\u00f0a (og \u00e9g tek fram a\u00f0 \u00e9g er \u00e1 m\u00f3ti sl\u00edkum a\u00f0ger\u00f0um) en \u00ed litlu var \u00feessu svara\u00f0 af fj\u00f6lmi\u00f0lum. Nokkrir bloggarar l\u00fdstu sk\u00f6mm sinni og bla\u00f0amenn st\u00f3\u00f0u gapandi. Nokkrir ger\u00f0u ves\u00e6ldarlegar tilraunir a\u00f0 r\u00e6\u00f0a vi\u00f0 \u00feau en \u00fea\u00f0 hefur lo\u00f0a\u00f0 d\u00e1l\u00edti\u00f0 vi\u00f0 \u00edslensku bla\u00f0amannast\u00e9ttina a\u00f0 gleyma \u00fev\u00ed a\u00f0 eitt af hlutverkum bla\u00f0amanns er a\u00f0 vernda og vir\u00f0a m\u00e1lfrelsi\u00f0 en anna\u00f0 jafn mikilv\u00e6gt a\u00f0 krefjast \u00feess a\u00f0 vi\u00f0m\u00e6lendur standi fyrir m\u00e1li s\u00ednu. \u00c9g minnist \u00feess ekki a\u00f0 nokkur hafi krafi\u00f0 \u00fej\u00f3\u00f0ernissinna svara um \u00fea\u00f0 hvernig greina skuli &#8222;sk\u00edtaskinn&#8220; fr\u00e1 hinum g\u00f6fuga kynstofni hv\u00edtra e\u00f0a hvort hei\u00f0urshlutinn af nafni hreyfingarinnar s\u00e9 v\u00edsun \u00ed hei\u00f0ursmor\u00f0ahef\u00f0 norr\u00e6nna v\u00edkinga og hvort \u00feeim finnist \u00fea\u00f0 virkilega vi\u00f0 h\u00e6fi a\u00f0 tengja ofs\u00f3knir gegn saklausu f\u00f3lki vi\u00f0 s\u00e6mdarhugmyndina. \u00dea\u00f0 er \u00f3tr\u00falegt a\u00f0 engin alv\u00f6ru fj\u00f6lmi\u00f0laumfj\u00f6llun um \u00feessa hugmyndafr\u00e6\u00f0i hafi fari\u00f0 fram enn, \u00fev\u00ed \u00fe\u00f3tt einhverjum kunni a\u00f0 finnast h\u00fan of \u00f3hugnanleg til a\u00f0 borgi sig a\u00f0 veita henni nokkra athygli, hafa \u00fej\u00f3\u00f0ernissinnar beinl\u00ednis hr\u00f3pa\u00f0 \u00e1 spurningar sem \u00feeir geta ekki svara\u00f0 nema gera sig a\u00f0 f\u00edfli. Manni g\u00e6ti dotti\u00f0 \u00ed hug a\u00f0 \u00feau s\u00e9u hreinlega a\u00f0 bi\u00f0ja um hj\u00e1lp en enn\u00fe\u00e1, eftir allan \u00feennan t\u00edma, grj\u00f3tsofa fj\u00f6lmi\u00f0lar.<\/p>\n<p>N\u00e6sta st\u00f3ra str\u00ed\u00f0yfirl\u00fdsing fr\u00e1 samt\u00f6kum kyn\u00fe\u00e1ttahatara f\u00f3lst \u00ed \u00fev\u00ed a\u00f0\u00a0<a href=\"http:\/\/www.dv.is\/frettir\/2010\/10\/5\/brenndu-nasistafana\/\">m\u00e6ta me\u00f0 nasistaf\u00e1na<\/a>\u00a0\u00ed m\u00f3tm\u00e6laa\u00f0ger\u00f0 \u00e1 Austurvelli. F\u00e1ninn var tekinn af \u00feeim og brenndur en \u00fea\u00f0 er \u00ed eina skipti\u00f0 sem \u00f6grunum \u00fej\u00f3\u00f0ernissinna hefur veri\u00f0 svara\u00f0 me\u00f0 \u00f6\u00f0ru en umv\u00f6ndunum, \u00e1 opinberum vettvangi.<\/p>\n<p>\u00deegar \u00feetta f\u00f3lk haf\u00f0i \u00e1rum saman leiki\u00f0 lausum hala \u00ed netheimum \u00e1n nokkurrar alv\u00f6ru gagnr\u00fdni e\u00f0a faglegrar umfj\u00f6llunar fj\u00f6lmi\u00f0la, hr\u00f6kk einhver bla\u00f0ama\u00f0ur loks \u00ed gang og birti &#8222;fr\u00e9tt&#8220; um \u00fea\u00f0 sem allir vissu nema kannski bla\u00f0amenn, a\u00f0 \u00feau v\u00e6ru hluti af al\u00fej\u00f3\u00f0legri n\u00fdnasistahreyfingu. \u00cd umr\u00e6\u00f0um vi\u00f0 \u00fe\u00e1 fr\u00e9tt rann \u00fea\u00f0 fyrst upp fyrir m\u00e9r a\u00f0 svokalla\u00f0ir \u00fej\u00f3\u00f0ernissinnar v\u00e6ru \u00ed alv\u00f6ru a\u00f0 reyna a\u00f0 innlei\u00f0a \u00fej\u00f3\u00f0armor\u00f0sm\u00fdtuna \u00ed innflytjendaumr\u00e6\u00f0una \u00e1 \u00cdslandi. \u00dev\u00e6lan gekk fram af m\u00e9r og \u00e9g skrifa\u00f0i\u00a0<a href=\"http:\/\/www.norn.is\/sapuopera\/2011\/08\/kynlf_me_mslimum.html\">\u00feennan pistil.<\/a>\u00deau skrif voru \u00fe\u00f3 a\u00f0eins upphafi\u00f0 a\u00f0 umr\u00e6\u00f0uefni sem vir\u00f0ist \u00e6tla a\u00f0 ver\u00f0a \u00f3\u00ferotlegt; \u00fe.e. kyn\u00fe\u00e1ttahyggja.<\/p>\n<p>\u00der\u00e1tt fyrir \u00f3venju f\u00e1vitalegan m\u00e1lflutning vir\u00f0ist sem vi\u00f0horf \u00fej\u00f3\u00f0ernissinna s\u00e9u a\u00f0 smita \u00fat fr\u00e1 s\u00e9r. Umr\u00e6\u00f0an um Mohammde Lo var\u00f0 til \u00feess a\u00f0 \u00e9g \u00e1kva\u00f0 a\u00f0 skrifa pistlar\u00f6\u00f0 me\u00f0 \u00fev\u00ed markmi\u00f0i a\u00f0 afbyggja nokkrar go\u00f0sagnir um innflytjendur og fl\u00f3ttamenn. \u00deessum pistlum var \u00ed engu beint a\u00f0 kyn\u00fe\u00e1ttah\u00f6turum, heldur a\u00f0 hugsandi f\u00f3lki sem af skiljanlegum \u00e1st\u00e6\u00f0um hefur \u00e1hyggjur af \u00fev\u00ed a\u00f0 aukinn fj\u00f6ldi innflytjenda hafi vandam\u00e1l \u00ed f\u00f6r me\u00f0 s\u00e9r. Br\u00e1tt l\u00e9tu kyn\u00fe\u00e1ttahatarar \u00e1 s\u00e9r kr\u00e6la og \u00ed sta\u00f0 \u00feess a\u00f0 leggja til umr\u00e6\u00f0unnar n\u00fd sj\u00f3narmi\u00f0, taka undir m\u00ednar hugmyndir e\u00f0a m\u00f3tm\u00e6la \u00feeim me\u00f0 r\u00f6kum, svo sem t\u00ed\u00f0kast \u00ed g\u00f3\u00f0ri og uppbyggilegri samf\u00e9lagsumr\u00e6\u00f0u, s\u00e1u \u00feeir n\u00fa vefb\u00f3kina m\u00edna sem kj\u00f6rinn vettvang til a\u00f0 dreifa dellunni. Umr\u00e6\u00f0an f\u00f3r strax a\u00f0 sn\u00faast um anna\u00f0 en \u00fea\u00f0 sem var lagt upp, svosem \u00fe\u00e1 bj\u00e1nalegu hugmynd a\u00f0 fj\u00f6lmenningasinnar standi fyrir &#8222;\u00fej\u00f3\u00f0arnor\u00f0i&#8220; \u00e1 hv\u00edta kynstofninum.<\/p>\n<p>\u00c9g er fylgjandi m\u00e1lfrelsi og held a\u00f0 \u00fea\u00f0 s\u00e9 v\u00e6nlegra til a\u00f0 uppr\u00e6ta ruglhugmyndir me\u00f0 umr\u00e6\u00f0u en \u00fe\u00f6ggun, svo \u00ed sta\u00f0 \u00feess a\u00f0 loka \u00e1 ip t\u00f6lurnar \u00feeirra, bau\u00f0 \u00e9g \u00feeim til \u00fe\u00e1ttt\u00f6ku, me\u00f0 \u00fev\u00ed skilyr\u00f0i \u00fe\u00f3 a\u00f0 \u00feeir ger\u00f0u almennilega grein fyrir m\u00e1li s\u00ednu \u00fe\u00f3tt l\u00edtil von v\u00e6ri til \u00feess eftir sv\u00f6r \u00feeirra vi\u00f0 \u00f6\u00f0rum f\u00e6rslum. Miki\u00f0 hefur s\u00ed\u00f0an veri\u00f0 skrifa\u00f0 en f\u00e1tt \u00fatsk\u00fdrt af skynsamlegu viti en \u00fe\u00f3 hafa umr\u00e6\u00f0urnar varpa\u00f0 nokkru lj\u00f3si \u00e1 \u00f3venjulega f\u00e1fr\u00e6\u00f0i \u00feessa h\u00f3ps.<\/p>\n<p>\u00c9g \u00e6tla\u00f0i eiginlega a\u00f0 hundsa \u00feessa f\u00e1r\u00e1nlegu hugmynd um yfirvofandi \u00fatr\u00fdmingu hv\u00edta kynstofnins, \u00fev\u00ed h\u00fan er bara of kj\u00e1naleg til a\u00f0 vera svara ver\u00f0. En hr\u00e6\u00f0slu\u00e1r\u00f3\u00f0ur er \u00f6flugt t\u00f3l, jafnvel \u00feegar engin skynsemi b\u00fdr a\u00f0 baki. \u00c9g ver\u00f0 \u00feess v\u00f6r a\u00f0 f\u00f3lk sem s\u00e9r ekkert \u00fev\u00ed til fyrirst\u00f6\u00f0u a\u00f0 lifa \u00ed s\u00e1tt vi\u00f0 \u00fatlendinga er fari\u00f0 a\u00f0 velta \u00fev\u00ed fyrir s\u00e9r hvort fer\u00f0afrelsi yr\u00f0i til \u00feess a\u00f0 hv\u00edtir menn deyi \u00fat.<\/p>\n<p>\u00dev\u00ed fer fjarri a\u00f0 hv\u00edtir menn s\u00e9u \u00ed \u00fatr\u00fdmingarh\u00e6ttu, hva\u00f0 \u00fe\u00e1 a\u00f0 &#8222;\u00fej\u00f3\u00f0armor\u00f0&#8220; \u00ed nokkrum skilningi standi yfir. B\u00f6rn jar\u00f0ar eru n\u00fa um 7 milljar\u00f0ar. \u00c9g hlakka til a\u00f0 sko\u00f0a n\u00e6sta tbl. t\u00edmaritsins National Geographic en m\u00e9r skilst a\u00f0 \u00ed \u00fev\u00ed s\u00e9 a\u00f0 finna gn\u00e6g\u00f0 \u00e1hugaver\u00f0rauppl\u00fdsinga um mannfj\u00f6lda\u00fer\u00f3un. \u00c9g er ekki b\u00fain a\u00f0 sj\u00e1 bla\u00f0i\u00f0 en samkv\u00e6mt m\u00ednum heimildum er \u00fear t.a.m. tafla sem s\u00fdnir mannfj\u00f6lda eftir kyn\u00fe\u00e1ttum. N\u00fa reikna v\u00edsindamenn National Geographic me\u00f0 a\u00f0 hv\u00edtir s\u00e9u um 15% jar\u00f0arb\u00faa. Hvernig \u00feeir komast a\u00f0 ni\u00f0urst\u00f6\u00f0u um \u00fea\u00f0 hvort m\u00falattar og a\u00f0rir blendingar teljist svartir, hv\u00edtir e\u00f0a eitthva\u00f0 anna\u00f0 veit \u00e9g ekki en a\u00f0 meta \u00fea\u00f0 hver skuli teljast hv\u00edtur og hver ekki, er hreint ekki eins einfalt og \u00e6tla m\u00e6tti. National Geograpic flokkar t.d. Mex\u00edkana (\u00e9g neita a\u00f0 segja Mex\u00edk\u00f3i, l\u00f6gs\u00e6ki\u00f0 mig bara ef \u00fea\u00f0 fer \u00ed taugarnar \u00e1 ykkur) Tyrki og Gy\u00f0inga sem hv\u00edta en \u00ed hugum kyn\u00fe\u00e1ttahatara eru \u00feeir &#8222;sk\u00edtaskinn.&#8220; Kannski nota v\u00edsindamenn National Geographic bara s\u00f6mu a\u00f0fer\u00f0 og Mj\u00f6lnir a\u00f0 d\u00e6ma \u00fat fr\u00e1 \u00fatlitinu en hafa a\u00f0rar hugmyndir um hversu lj\u00f3s h\u00fa\u00f0litur \u00feurfi a\u00f0 vera til a\u00f0 teljast hv\u00edtur. \u00c9g f\u00e6 vonandi botn \u00ed \u00feetta \u00feegar \u00e9g s\u00e9 bla\u00f0i\u00f0 og ef einhver sem les \u00feetta er b\u00fainn a\u00f0 sj\u00e1 \u00fea\u00f0, \u00feigg \u00e9g gjarnan uppl\u00fdsingar. Hva\u00f0 um \u00fea\u00f0, ef vi\u00f0 dr\u00f6gum fr\u00e1 hv\u00edt &#8222;sk\u00edtaskinn&#8220; \u00e1 bor\u00f0 vi\u00f0 Tyrki, Mex\u00edkana og Gy\u00f0inga, eru hv\u00edtir um 7% jar\u00f0arb\u00faa.<\/p>\n<p>7% \u00fea\u00f0 hlj\u00f3mar eins og l\u00e1g tala en vi\u00f0 erum a\u00f0 tala um 7% af 7 millj\u00f6r\u00f0um, semsagt 490 millj\u00f3nir. Jafnvel \u00fe\u00f3tt hv\u00edtir v\u00e6ru a\u00f0eins einn af hverjum 100 jar\u00f0arb\u00faum v\u00e6rum vi\u00f0 samt 70 millj\u00f3nir.<\/p>\n<p>Hv\u00edtabj\u00f6rninn er \u00ed \u00fatr\u00fdmingarh\u00e6ttu en tali\u00f0 er a\u00f0 stofnst\u00e6r\u00f0 hv\u00edtabjarnarins s\u00e9 \u00e1 bilinu 20-25 \u00fe\u00fasund d\u00fdr.<br \/>\nUm 20.000 hv\u00edtir nashyrningar eru til \u00ed heiminum \u00ed dag, d\u00e6mi um stofn \u00ed \u00fatr\u00fdmingarh\u00e6ttu.<br \/>\nStofnst\u00e6r\u00f0 as\u00edut\u00edgursins er a\u00f0eins um 3200 d\u00fdr, umsvif mannsins eiga st\u00f3ran \u00fe\u00e1tt \u00ed f\u00e6kkun \u00feessarar d\u00fdrategundar sem er \u00ed br\u00e1\u00f0ri \u00fatr\u00fdmingarh\u00e6ttu en menn eru \u00fe\u00f3 enn ekki b\u00fanir a\u00f0 gefa upp von um a\u00f0 h\u00e6gt s\u00e9 a\u00f0 bjarga.<br \/>\nSn\u00e6uglan er a\u00f0 deyja \u00fat, a\u00f0eins um 50 fuglar eftir.<\/p>\n<p>N\u00fa er ekki sanngjarnt a\u00f0 bera menn saman vi\u00f0 uglur e\u00f0a nashyrninga. \u00dea\u00f0 eru margir \u00fe\u00e6ttir sem hafa \u00e1hrif \u00e1 afkomum\u00f6guleika kynstofns, svosem fj\u00f6ldi afkv\u00e6ma, l\u00edfsl\u00edkur afkv\u00e6ma og me\u00f0al\u00e6vilengd innan stofnins. \u00c9g er ekki a\u00f0 l\u00e1ta a\u00f0 \u00fev\u00ed liggja a\u00f0 ekki megi tala um \u00fatr\u00fdmingu nema a\u00f0eins um 20.000 einstaklingar s\u00e9u eftir. En vi\u00f0 \u00feurfum ekki dj\u00fap v\u00edsindi til a\u00f0 sj\u00e1 a\u00f0 \u00fea\u00f0 a\u00f0 tala um a\u00f0 stofn sem telur 490 millj\u00f3nir einstaklinga (ef vi\u00f0 dr\u00f6gum fr\u00e1 \u00fe\u00e1 sem rasistar flokka sem &#8222;sk\u00edtaskinn&#8220;) -j\u00e1 og \u00fe\u00f3tt stofnst\u00e6r\u00f0in v\u00e6ri &#8222;ekki nema&#8220; 70 millj\u00f3nir, s\u00e9 \u00ed \u00fatr\u00fdmingarh\u00e6ttu S\u00fa hugmynd er gj\u00f6rsamlega fr\u00e1leit enda eru \u00fea\u00f0 rasistar sem halda \u00feessari hugmynd \u00e1 lofti en ekki v\u00edsindamenn.<\/p>\n<p>Sigr\u00ed\u00f0ur Brynd\u00eds telur sig vera \u00ed str\u00ed\u00f0i vi\u00f0 fj\u00f6lmenningarsinna, e\u00f0a alla vega mig. Ekki veit \u00e9g hva\u00f0a vopn h\u00fan hyggst nota \u00ed \u00fev\u00ed str\u00ed\u00f0i, ekki dugar almenn \u00feekking og r\u00f6khyggja hennar og f\u00e9laga hennar, svo miki\u00f0 er v\u00edst. Sj\u00e1lf hef \u00e9g l\u00edtinn \u00e1huga \u00e1 \u00fev\u00ed a\u00f0 standa \u00ed str\u00ed\u00f0i en sem norn lifi \u00e9g samkv\u00e6mt l\u00f6gm\u00e1linu:\u00a0<em>\u00e9g angra \u00feig ekki a\u00f0 tilefnislausu, en ef \u00fe\u00fa endilega vilt lei\u00f0indi \u00fe\u00e1 getur\u00f0u fengi\u00f0 \u00feau<\/em>. Kyn\u00fe\u00e1ttahatarar eru b\u00fanir a\u00f0 bi\u00f0ja um lei\u00f0indi \u00ed m\u00f6rg \u00e1r og gj\u00f6ri\u00f0 svo vel, van\u00feekking ykkar og heimska hefur veri\u00f0 afhj\u00fapu\u00f0. Auk \u00feess skulu\u00f0 \u00fei\u00f0 reikna me\u00f0 \u00fev\u00ed framvegis a\u00f0 \u00e1 m\u00f3ti hverju<a href=\"http:\/\/www.bleikt.is\/lesa\/sigridurbryndisokkarfolkaadkomafyrst\/\">drottningarvi\u00f0tali\u00a0<\/a>sem ykkur b\u00fd\u00f0st, komi \u00f6llu metna\u00f0arfyllri fj\u00f6lmi\u00f0lama\u00f0ur og krefji ykkur svara \u00fev\u00ed hversu hreint e\u00f0a \u00f3hreint bl\u00f3\u00f0i\u00f0 m\u00e1 vera til a\u00f0 ma\u00f0ur losni undan sk\u00edtaskinnsstimplinum og hverra hei\u00f0ur \u00fei\u00f0 telji\u00f0 ykkur vera a\u00f0 verja me\u00f0 skrifum \u00e1 bor\u00f0 vi\u00f0\u00a0<a href=\"http:\/\/www.skopunarhreyfingin.net\/\">\u00feessi<\/a>.<\/p>\n<div><\/div>\n<\/div>\n<div id=\"more\">\u00a0Umr\u00e6\u00f0ur \u00ed framhaldi af pistlinum:<\/div>\n<div>\n<div id=\"comment-11129\">\n<div>\n<p>Hv\u00edtir eru 1376 millj\u00f3nir, sj\u00e1 h\u00e9r:<\/p>\n<p><a href=\"http:\/\/wiki.answers.com\/Q\/How_many_people_of_the_world's_population_are_white\" rel=\"nofollow\">http:\/\/wiki.answers.com\/Q\/How_many_people_of_the_world&#8217;s_population_are_white<\/a><\/p>\n<p>Mj\u00f6lnir og Sk\u00fali hafa b\u00e1\u00f0ir sagt a\u00f0 vegna l\u00e1grar f\u00e6\u00f0ingart\u00ed\u00f0ni hv\u00edtra s\u00e9u \u00feeir \u00ed \u00fatr\u00fdmingarh\u00e6ttu og a\u00f0 \u00fea\u00f0 taki bara um 100 til 150 \u00e1r a\u00f0 ey\u00f0a stofninum.<\/p>\n<p>\u00c9g f\u00e9kk br\u00f3\u00f0ir minn (sem er st\u00e6r\u00f0fr\u00e6\u00f0ingur a\u00f0 mennt) til a\u00f0 reikna \u00fat fyrir mig hve flj\u00f3tt hv\u00edti kynstofninn myndi \u00feurrkast \u00fat mi\u00f0a\u00f0 vi\u00f0 n\u00faverandi fj\u00f6lda. Hann gekk \u00fat fr\u00e1 versta tilviki sem hann gat fundi\u00f0. Nota\u00f0i f\u00e6\u00f0ingart\u00ed\u00f0ni Port\u00fagals og d\u00e1nart\u00ed\u00f0ni \u00feeirra einnig. Fann \u00fat hve f\u00e6kkunin var mikil hvert \u00e1r, og reikna\u00f0i sig s\u00ed\u00f0an ni\u00f0ur \u00ed n\u00fall. \u00datkoman var a\u00f0 \u00fea\u00f0 t\u00e6ki 6554,6 \u00e1r a\u00f0 \u00feurrka \u00fat hv\u00edta stofninn. Vi\u00f0 erum sem sagt a\u00f0 tala um meira en sex \u00fe\u00fasund \u00e1r ef allt fer \u00e1 versta veg! \u00dea\u00f0 er ekki yfirvofandi h\u00e6tta!!!<\/p>\n<p>\u00deeir bentu einnig a\u00f0 a\u00f0 fj\u00f6ldi hv\u00edtra f\u00e6ru kannski ni\u00f0ur \u00ed 9% innan skamms. \u00deessar t\u00f6lur segja bara a\u00f0 \u00f6\u00f0rum kynstofnum fj\u00f6lgar meira en hv\u00edtum, ekki a\u00f0 hv\u00edtum hafi f\u00e6kka\u00f0 um helming.<\/p>\n<\/div>\n<p>Posted by: \u00deorkell \u00c1. \u00d3ttarsson |\u00a0<a href=\"http:\/\/www.norn.is\/sapuopera\/2011\/08\/strisyfirlsing.html#comment-11129\">25.08.2011 | 22:36:37<\/a><\/p>\n<\/div>\n<div id=\"comment-11130\">\n<div>\n<p>&#8222;Sigr\u00ed\u00f0ur Brynd\u00eds telur sig vera \u00ed str\u00ed\u00f0i vi\u00f0 fj\u00f6lmenningarsinna, e\u00f0a alla vega mig.&#8220;<\/p>\n<p>H\u00fan er n\u00e1tt\u00farulega \u00ed str\u00ed\u00f0i vi\u00f0 allt si\u00f0a\u00f0 f\u00f3lk \u00ed landinu. Vonandi taka sem flestir undir \u00fea\u00f0 h\u00e9r \u00ed &#8222;tj\u00e1sunum&#8220; hj\u00e1 \u00fe\u00e9r, Eva, svo henni ver\u00f0 lj\u00f3st a\u00f0 \u00fea\u00f0 er bara einhver skemmdur \u00f6rh\u00f3pur sem ekki fyllist \u00f3gle\u00f0i og lei\u00f0a yfir \u00feankagangi hennar.<\/p>\n<\/div>\n<p>Posted by: Kristinn |\u00a0<a href=\"http:\/\/www.norn.is\/sapuopera\/2011\/08\/strisyfirlsing.html#comment-11130\">25.08.2011 | 22:37:32<\/a><\/p>\n<\/div>\n<div id=\"comment-11131\">\n<div>\n<p>Sigr\u00ed\u00f0ur Brynd\u00eds j\u00e1. Er \u00fea\u00f0 ekki h\u00fan sem kann ekki a\u00f0 skrifa \u201e\u00f3tukt\u201c?<\/p>\n<p>Af hverju finnst manni svo alltaf a\u00f0 f\u00f3lk sem notar h\u00e1stafi \u00ed upphafi or\u00f0a til \u00feess a\u00f0 koma einhverjum skilabo\u00f0um \u00e1 framf\u00e6ri (sk\u00f6punarhreyfingars\u00ed\u00f0an er st\u00f3rkostlegt d\u00e6mi um \u00feetta) hlj\u00f3ti innst inni a\u00f0 vera t\u00f6luvert \u00f3\u00f6ruggt me\u00f0 sig?<\/p>\n<\/div>\n<p>Posted by:\u00a0<a href=\"http:\/\/egillo.wordpress.com\/\" rel=\"nofollow\">EgillO<\/a>\u00a0|\u00a0<a href=\"http:\/\/www.norn.is\/sapuopera\/2011\/08\/strisyfirlsing.html#comment-11131\">25.08.2011 | 22:49:27<\/a><\/p>\n<\/div>\n<div id=\"comment-11134\">\n<div>\n<p>\u00deorkell veistu hvernig \u00feessi tala er fengin? Veistu hvort Gy\u00f0ingar eru flokka\u00f0ir sem hv\u00edtir? E\u00f0a arabar? Hvernig \u00ed fj\u00e1ranum flokka v\u00edsindamenn blendinga?<\/p>\n<p>M\u00e9r s\u00fdnist n\u00fa bara \u00e1 \u00f6llu a\u00f0 kyn\u00fe\u00e1ttur liggi hreint ekki alltaf \u00ed augum uppi. \u00c9g held allavega a\u00f0 s\u00e9 mj\u00f6g vafasamt a\u00f0 byggja inflytjendastefnu \u00e1 skyldleikahugmyndum.<\/p>\n<\/div>\n<p>Posted by: Eva |\u00a0<a href=\"http:\/\/www.norn.is\/sapuopera\/2011\/08\/strisyfirlsing.html#comment-11134\">26.08.2011 | 7:04:02<\/a><\/p>\n<\/div>\n<div id=\"comment-11135\">\n<div>\n<p>H\u00e9r er svari\u00f0:<\/p>\n<p>&#8222;There are aproximatly 1,376,000,000 white people in the world which represent 20,25% of the world&#8217;s population.<br \/>\nTo get this number I calculated every european and caucasian people (ethnic group).<br \/>\nFor example they are 3,900,660 irish people in the Republic of Ireland and 80,000,000 irish people in the whole word so it&#8217;s important to make the difference between the nationality and the people.<br \/>\nThe most signicant white peoples are the Germans(160m) the Spaniards(152m) Italians(140m) Russians(140m) the French people(130m) the English people(90m) the Irish people(80m) the Poles(60m) and the Ukrainians(50m).<br \/>\nI didn&#8217;t count the peoples close to the europeans like the Arabs (350m), the Jews (13m),and the Turkic peoples (116m) (Turks,Kazakhs,Azerbaijanis,Uzbeks&#8230;)<br \/>\nI didn&#8217;t count either the mixed-races (very numerous in south america).&#8220;<br \/>\nRead more:<a href=\"http:\/\/wiki.answers.com\/Q\/Discuss:How_many_people_of_the_world%27s_population_are_white#ixzz1W7IrSASX\" rel=\"nofollow\">http:\/\/wiki.answers.com\/Q\/Discuss:How_many_people_of_the_world%27s_population_are_white#ixzz1W7IrSASX<\/a><\/p>\n<\/div>\n<p>Posted by: \u00deorkell \u00c1. \u00d3ttarsson |\u00a0<a href=\"http:\/\/www.norn.is\/sapuopera\/2011\/08\/strisyfirlsing.html#comment-11135\">26.08.2011 | 7:14:45<\/a><\/p>\n<\/div>\n<div id=\"comment-11183\">\n<div>\n<p>&#8222;7% \u00fea\u00f0 hlj\u00f3mar eins og l\u00e1g tala en vi\u00f0 erum a\u00f0 tala um 7% af 7 millj\u00f6r\u00f0um, semsagt 490 millj\u00f3nir. Jafnvel \u00fe\u00f3tt hv\u00edtir v\u00e6ru a\u00f0eins einn af hverjum 100 jar\u00f0arb\u00faum v\u00e6rum vi\u00f0 samt 70 millj\u00f3nir.&#8220;<\/p>\n<p>\u00dar um 33% \u00ed um 7% \u00e1 um 100 \u00e1rum og \u00e1framhaldandi f\u00e6kkun sp\u00e1\u00f0&#8230;&#8230;= yfirstandandi Hv\u00edt \u00fatr\u00fdming.<\/p>\n<p>Allir segja a\u00f0 \u00fea\u00f0 er til \u00feetta KYN\u00de\u00c1TTA vandam\u00e1l. Allir segja a\u00f0 \u00feetta KYN\u00de\u00c1TTA vandam\u00e1l leysist \u00feegar \u00feri\u00f0ji heimurinn fl\u00e6\u00f0ir inn \u00ed \u00d6LL Hv\u00edt l\u00f6nd og A\u00d0EINS inn \u00ed Hv\u00edt l\u00f6nd.<br \/>\nHolland og Belg\u00eda eru or\u00f0in \u00e1l\u00edka \u00fe\u00e9ttb\u00fdl og Japan e\u00f0a Su\u00f0ur K\u00f3rea, en enginn segir a\u00f0 Japan e\u00f0a Su\u00f0ur K\u00f3rea munu leysa \u00feetta KYN\u00de\u00c1TTA vandam\u00e1l me\u00f0 \u00fev\u00ed a\u00f0 flytja inn millj\u00f3nir af \u00feri\u00f0ja heims b\u00faum og (tilvitnun) samlagast(tilvitnun loki\u00f0) me\u00f0 \u00feeim.<br \/>\nAllir segja a\u00f0 hin endanlega lausn \u00e1 \u00feessu KYN\u00de\u00c1TTA vandam\u00e1li er \u00feegar \u00d6LL Hv\u00edt l\u00f6nd og A\u00d0EINS Hv\u00edt l\u00f6nd munu &#8222;samlagast,&#8220; \u00fe.e.a.s. giftast, \u00f6llum \u00feessum and-Hv\u00edtu.<br \/>\nHva\u00f0 ef \u00e9g seg\u00f0i a\u00f0 \u00fea\u00f0 v\u00e6ri til \u00feetta KYN\u00de\u00c1TTA vandam\u00e1l og a\u00f0 \u00feetta KYN\u00de\u00c1TTA vandam\u00e1l v\u00e6ri a\u00f0eins h\u00e6gt a\u00f0 leysa ef hundru\u00f0 millj\u00f3na af \u00f6\u00f0ru en sv\u00f6rtu f\u00f3lki v\u00e6ri flutt inn \u00ed \u00d6LL sv\u00f6rt l\u00f6nd og A\u00d0EINS sv\u00f6rt l\u00f6nd?<br \/>\nHversu lengi mun \u00fea\u00f0 taka alla a\u00f0 skilja \u00fea\u00f0 a\u00f0 \u00e9g er ekki a\u00f0 tala um KYN\u00de\u00c1TTA vandam\u00e1l. Heldur, a\u00f0 \u00e9g v\u00e6ri a\u00f0 tala um endalega lausn \u00e1 SVARTA vandam\u00e1linu?<br \/>\nOg hversu flj\u00f3tt myndu allir andlega heilbrig\u00f0ir svartir menn taka eftir \u00feessu og hvers konar svartur brj\u00e1l\u00e6\u00f0ingur myndi ekki m\u00f3tm\u00e6la \u00feessu?<br \/>\nEn ef \u00e9g segi \u00feann auglj\u00f3sa sannleika um yfirstandandi \u00e1\u00e6tlun um \u00fej\u00f3\u00f0armor\u00f0 \u00e1 m\u00ednum kyn\u00fe\u00e6tti, Hv\u00edta kyn\u00fe\u00e6ttinum, \u00fe\u00e1 eru Umbur\u00f0arlyndir og s\u00f3mak\u00e6rir \u00edhaldsmenn samm\u00e1la um a\u00f0 \u00e9g s\u00e9 nasistisemvilldrepasexmillj\u00f3nirj\u00fa\u00f0a.<br \/>\n\u00deau segja a\u00f0 \u00feau s\u00e9u and-rasistar. \u00deau eru \u00ed raun and-Hv\u00edt.<br \/>\nAnd-rasisti er dulor\u00f0 um and-Hv\u00edta.<\/p>\n<\/div>\n<p>Posted by:\u00a0<a href=\"http:\/\/whiterabbitradio.net\/\" rel=\"nofollow\">Sk\u00fali Jakobsson<\/a>\u00a0|\u00a0<a href=\"http:\/\/www.norn.is\/sapuopera\/2011\/08\/strisyfirlsing.html#comment-11183\">27.08.2011 | 20:00:42<\/a><\/p>\n<\/div>\n<div id=\"comment-11184\">\n<div>\n<p>\u00c9g segi a\u00f0 \u00fe\u00fa ert \u00f3ttalegt kj\u00e1naprik.<\/p>\n<\/div>\n<p>Posted by:\u00a0<a href=\"http:\/\/www.blogdodd.maurildi.om\/\" rel=\"nofollow\">\u00de\u00f3r\u00f0ur Ingvarsson<\/a>\u00a0|\u00a0<a href=\"http:\/\/www.norn.is\/sapuopera\/2011\/08\/strisyfirlsing.html#comment-11184\">27.08.2011 | 20:25:36<\/a><\/p>\n<\/div>\n<div id=\"comment-11208\">\n<div>\n<p>Nei, hlutf\u00f6llin hafa ekki breyst svona miki\u00f0 Sk\u00fali. \u00deessi 7% eru mi\u00f0u\u00f0 vi\u00f0 allra str\u00f6ngustu skilyr\u00f0i har\u00f0kjarna rasista um hva\u00f0 s\u00e9 hv\u00edtt. Ef mi\u00f0a\u00f0 er vi\u00f0 \u00fe\u00e1 sem v\u00edsindamenn telja hv\u00edta erum vi\u00f0 bilinu 15-25% jar\u00f0arb\u00faa.<br \/>\nAuk \u00feess hefur hv\u00edtum ekki f\u00e6kka\u00f0 heldur hefur as\u00edub\u00faum fj\u00f6lga\u00f0 meira.<\/p>\n<\/div>\n<p>Posted by: Eva |\u00a0<a href=\"http:\/\/www.norn.is\/sapuopera\/2011\/08\/strisyfirlsing.html#comment-11208\">27.08.2011 | 22:17:26<\/a><\/p>\n<\/div>\n<div id=\"comment-11214\">\n<div>\n<p>\u00deessir s\u00f6mu &#8222;V\u00edsindamenn&#8220; ver\u00f0a l\u00edka, til a\u00f0 halda starfinu, a\u00f0 segja a\u00f0 &#8222;vi\u00f0 erum \u00f6ll eins&#8220;, er \u00fea\u00f0 ekki, and-Hv\u00edta Eva?<br \/>\nE\u00f0a eins og \u00e9g p\u00f3sta\u00f0i um daginn:<br \/>\n&#8222;R\u00e9ttarmeinafr\u00e6\u00f0ingur ver\u00f0ur, til a\u00f0 halda vinnunni, a\u00f0 vitna til um \u00fea\u00f0 a\u00f0 \u00fea\u00f0 s\u00e9 ekki neitt sem heitir kyn\u00fe\u00e1ttur OG geta greint til um kyn\u00fe\u00e1tt f\u00f3rnarlambs \u00far \u00f6rf\u00e1um leifum e\u00f0a beinum.&#8220;<\/p>\n<p>p.s. \u00der\u00e1tt fyrir HIV\/AIDS faraldur \u00ed Afr\u00edku \u00fe\u00e1 tv\u00f6falda\u00f0ist f\u00f3lksfj\u00f6ldinn &#8211;<a href=\"http:\/\/blip.tv\/science-and-aids-knowledge-and-dogma\/african-population-doubled-from-400-to-800-millions-during-the-hiv-aids-era-4229227\" rel=\"nofollow\">http:\/\/blip.tv\/science-and-aids-knowledge-and-dogma\/african-population-doubled-from-400-to-800-millions-during-the-hiv-aids-era-4229227<\/a><\/p>\n<\/div>\n<p>Posted by:\u00a0<a href=\"http:\/\/whiterabbitradio.net\/\" rel=\"nofollow\">Sk\u00fali Jakobsson<\/a>\u00a0|\u00a0<a href=\"http:\/\/www.norn.is\/sapuopera\/2011\/08\/strisyfirlsing.html#comment-11214\">27.08.2011 | 23:12:18<\/a><\/p>\n<\/div>\n<div id=\"comment-11224\">\n<div>\n<p>&#8222;\u00deorkell veistu hvernig \u00feessi tala er fengin? Veistu hvort Gy\u00f0ingar eru flokka\u00f0ir sem hv\u00edtir? E\u00f0a arabar? Hvernig \u00ed fj\u00e1ranum flokka v\u00edsindamenn blendinga?<\/p>\n<p>M\u00e9r s\u00fdnist n\u00fa bara \u00e1 \u00f6llu a\u00f0 kyn\u00fe\u00e1ttur liggi hreint ekki alltaf \u00ed augum uppi. \u00c9g held allavega a\u00f0 s\u00e9 mj\u00f6g vafasamt a\u00f0 byggja inflytjendastefnu \u00e1 skyldleikahugmyndum.<br \/>\n&#8220;<\/p>\n<p>Gy\u00f0ingar, arabar og &#8222;blendingar&#8220; eru j\u00fa BLENDINGAR.<\/p>\n<p>\u00deetta\u00f0 er svipa\u00f0 og a\u00f0 spyrja hva\u00f0 ma\u00f0ur myndi flokka blendinginn milli \u00edsbjarnar og hv\u00edtabjarnar.<\/p>\n<p>Eitt af sterkustu \u00fej\u00f3\u00f0erniskenndum landa er j\u00fa, hva\u00f0a kyn\u00fe\u00e6tti f\u00f3lki\u00f0 er og \u00fea\u00f0 a\u00f0 f\u00f3lk innan stofnsins s\u00e9u sameiginlegir afkomendur forfe\u00f0rana sem a\u00f0 bygg\u00f0u landi\u00f0 \u00feeirra. Blendingar eru svo \u00f3heppnir a\u00f0 hafa mj\u00f6g gruggug tegnsl til \u00e1kve\u00f0innar l\u00ednu forfe\u00f0ra og arflei\u00f0 kyn\u00fe\u00e1ttar og hefur \u00fear me\u00f0 ekki almennilega \u00fej\u00f3\u00f0erniskennd. En oftast er \u00fea\u00f0 \u00feannig a\u00f0 \u00feeir velji hva\u00f0a h\u00f3pi \u00feeir tilheyra, t.d. flokkast \u00feeir svart hv\u00edtu blendingar alltaf sem bl\u00f6kkumenn sammt sem \u00e1\u00f0ur.<\/p>\n<p>\u00deessvegna er undir hverri \u00fej\u00f3\u00f0 komi\u00f0 a\u00f0 halda \u00ed s\u00edn menningarleg og genaleg einkenni.<\/p>\n<\/div>\n<p>Posted by: Mj\u00f6lnir |\u00a0<a href=\"http:\/\/www.norn.is\/sapuopera\/2011\/08\/strisyfirlsing.html#comment-11224\">28.08.2011 | 2:20:11<\/a><\/p>\n<\/div>\n<div id=\"comment-11232\">\n<div>\n<p>V\u00edsindamenn \u00feurfa ekki a\u00f0 segja neitt sem ekki stenst til \u00feess a\u00f0 halda starfinu. \u00dea\u00f0 sem \u00feeir \u00feurfa a\u00f0 gera til a\u00f0 halda starfinu er a\u00f0 stunda hei\u00f0arlegar v\u00edsindaranns\u00f3knir og s\u00fdna fram \u00e1 a\u00f0 ni\u00f0urst\u00f6\u00f0ur \u00feeirra standist kr\u00f6fur um v\u00edsindaleg vinnubr\u00f6g\u00f0 og t\u00falkun. \u00deeir sem ekki standa undir \u00feessum kr\u00f6fum eru har\u00f0lega gagnr\u00fdndir og a\u00f0rir v\u00edsindamenn neita jafnvel a\u00f0 vinna me\u00f0 \u00feeim, eins og \u00ed tilfelli nazistans K. MacDonald en \u00fea\u00f0 \u00fearf helv\u00edti miki\u00f0 a\u00f0 ganga \u00e1 til a\u00f0 \u00feeir s\u00e9u reknir.<\/p>\n<\/div>\n<p>Posted by: Eva |\u00a0<a href=\"http:\/\/www.norn.is\/sapuopera\/2011\/08\/strisyfirlsing.html#comment-11232\">28.08.2011 | 7:55:52<\/a><\/p>\n<\/div>\n<div id=\"comment-11233\">\n<div>\n<p>&#8222;Eitt af sterkustu \u00fej\u00f3\u00f0erniskenndum landa er j\u00fa, hva\u00f0a kyn\u00fe\u00e6tti f\u00f3lki\u00f0 er og \u00fea\u00f0 a\u00f0 f\u00f3lk innan stofnsins s\u00e9u sameiginlegir afkomendur forfe\u00f0rana sem a\u00f0 bygg\u00f0u landi\u00f0 \u00feeirra. Blendingar eru svo \u00f3heppnir a\u00f0 hafa mj\u00f6g gruggug tegnsl til \u00e1kve\u00f0innar l\u00ednu forfe\u00f0ra og arflei\u00f0 kyn\u00fe\u00e1ttar og hefur \u00fear me\u00f0 ekki almennilega \u00fej\u00f3\u00f0erniskennd.&#8220;<\/p>\n<p>J\u00e1 er \u00fea\u00f0 virkilega? Gy\u00f0ingar eru semsamgt blendingar og skortir \u00fe.a.l. \u00fej\u00f3\u00f0erniskennd e\u00f0a hva\u00f0?<\/p>\n<p>Ef \u00fea\u00f0 er r\u00e9tt hj\u00e1 \u00fe\u00e9r a\u00f0 m\u00falattar s\u00e9u flokka\u00f0ir sem svartir, \u00fe\u00e1 er hreini hv\u00edti stofninn mun fj\u00f6lmennari en s\u00e1 hreini svarti \u00feannig a\u00f0 \u00fei\u00f0 sem tr\u00fai\u00f0 sta\u00f0fastlega \u00e1 \u00fatr\u00fdmingarkenninguna geti\u00f0 \u00fe\u00e1 loksins anda\u00f0 r\u00f3lega.<\/p>\n<\/div>\n<p>Posted by: Eva |\u00a0<a href=\"http:\/\/www.norn.is\/sapuopera\/2011\/08\/strisyfirlsing.html#comment-11233\">28.08.2011 | 8:02:02<\/a><\/p>\n<\/div>\n<div id=\"comment-11247\">\n<div>\n<p>&#8222;J\u00e1 er \u00fea\u00f0 virkilega? Gy\u00f0ingar eru semsamgt blendingar og skortir \u00fe.a.l. \u00fej\u00f3\u00f0erniskennd e\u00f0a hva\u00f0?<\/p>\n<p>Ef \u00fea\u00f0 er r\u00e9tt hj\u00e1 \u00fe\u00e9r a\u00f0 m\u00falattar s\u00e9u flokka\u00f0ir sem svartir, \u00fe\u00e1 er hreini hv\u00edti stofninn mun fj\u00f6lmennari en s\u00e1 hreini svarti \u00feannig a\u00f0 \u00fei\u00f0 sem tr\u00fai\u00f0 sta\u00f0fastlega \u00e1 \u00fatr\u00fdmingarkenninguna geti\u00f0 \u00fe\u00e1 loksins anda\u00f0 r\u00f3lega.&#8220;<\/p>\n<p>Gy\u00f0ingar eiga sameiginlegann upprunna og eru bundnir sameiginlegri afrlei\u00f0, menningu og gildismati. M\u00e1 einning benda \u00e1 \u00fea\u00f0 a\u00f0 upprunni \u00feeirra er svo mikilv\u00e6gur \u00feeim a\u00f0 \u00feeir banna hj\u00f3nab\u00f6nd me\u00f0 &#8222;gentiles&#8220;(ekki gy\u00f0ingar).<\/p>\n<p>Hinsvegar eru blendingar tveiggja kyn\u00fe\u00e1ttar \u00ed dag sem oftast ver\u00f0a a\u00f0 velja hva\u00f0a h\u00f3p \u00feeir tilheyra, en allar Evr\u00f3pu\u00fej\u00f3\u00f0ir eru bundnar \u00feeim sterku \u00fej\u00f3\u00f0erniseinkennum a\u00f0 vera hluti af einum kyn\u00fe\u00e6tti.<\/p>\n<\/div>\n<p>Posted by: Mj\u00f6lnir |\u00a0<a href=\"http:\/\/www.norn.is\/sapuopera\/2011\/08\/strisyfirlsing.html#comment-11247\">28.08.2011 | 20:12:56<\/a><\/p>\n<\/div>\n<div id=\"comment-11249\">\n<div>\n<p>&#8222;V\u00edsindamenn \u00feurfa ekki a\u00f0 segja neitt sem ekki stenst til \u00feess a\u00f0 halda starfinu. \u00dea\u00f0 sem \u00feeir \u00feurfa a\u00f0 gera til a\u00f0 halda starfinu er a\u00f0 stunda hei\u00f0arlegar v\u00edsindaranns\u00f3knir og s\u00fdna fram \u00e1 a\u00f0 ni\u00f0urst\u00f6\u00f0ur \u00feeirra standist kr\u00f6fur um v\u00edsindaleg vinnubr\u00f6g\u00f0 og t\u00falkun. \u00deeir sem ekki standa undir \u00feessum kr\u00f6fum eru har\u00f0lega gagnr\u00fdndir og a\u00f0rir v\u00edsindamenn neita jafnvel a\u00f0 vinna me\u00f0 \u00feeim, eins og \u00ed tilfelli nazistans K. MacDonald en \u00fea\u00f0 \u00fearf helv\u00edti miki\u00f0 a\u00f0 ganga \u00e1 til a\u00f0 \u00feeir s\u00e9u reknir.&#8220;<\/p>\n<p>\u00dea\u00f0 vir\u00f0ist vera a\u00f0 \u00fe\u00fa veist vo\u00f0a l\u00edti\u00f0 um hversu miki\u00f0 af tabooum margar v\u00edsindagreinar \u00ed dag eru haldnar. Ef \u00fe\u00fa heldur \u00fev\u00ed fram Kevin McDonald og a\u00f0rir fr\u00e6\u00f0imenn sem hafa \u00e1stunda\u00f0 hei\u00f0arlegar ranns\u00f3knir s\u00e9u einvernveginn ekki a\u00f0 sinna s\u00ednu starfi n\u00f3g og vel fyrir \u00fea\u00f0 eitt a\u00f0 komast ekki af s\u00f6mu ni\u00f0urst\u00f6\u00f0u og \u00feeir meginstraums v\u00edsindamenn, \u00fe\u00e1 ert \u00fe\u00fa heimskari en \u00e9g h\u00e9lt. Byggjast v\u00edsindi annars ekki \u00e1 \u00fev\u00ed a\u00f0 skora \u00e1 meginstraums vi\u00f0horf? \u00dea\u00f0 \u00fearf heldur eingann snilling til a\u00f0 fatta \u00fea\u00f0 a\u00f0 \u00fea\u00f0 voru gy\u00f0ingar sem \u00e1ttu st\u00f3rann part \u00ed opna landam\u00e6ri BNA og Evr\u00f3pu a\u00f0 hlutatil, og a\u00f0 fj\u00f6lmenningarsamf\u00e9l\u00f6g f\u00fankera mun verr heldur en einsleit.<\/p>\n<p>\u00c9g vitna aftur \u00ed \u00fe\u00e1 \u00e1ratuga ranns\u00f3kn sem Roberd D. Putnam framkv\u00e6mdi, \u00e1samt rans\u00f3km Frank Salter:<br \/>\n&#8222;Harvard professor of political science Robert D. Putnam conducted a nearly decade long study how multiculturalism affects social trust.[14] He surveyed 26,200 people in 40 American communities, finding that when the data were adjusted for class, income and other factors, the more racially diverse a community is, the greater the loss of trust. People in diverse communities &#8222;don\u2019t trust the local mayor, they don\u2019t trust the local paper, they don\u2019t trust other people and they don\u2019t trust institutions,&#8220; writes Putnam.[15] In the presence of such ethnic diversity, Putnam maintains that<\/p>\n<p>[W]e hunker down. We act like turtles. The effect of diversity is worse than had been imagined. And it\u2019s not just that we don\u2019t trust people who are not like us. In diverse communities, we don\u2019t trust people who do look like us.[14]<\/p>\n<p>Ethologist Frank Salter writes:<\/p>\n<p>Relatively homogeneous societies invest more in public goods, indicating a higher level of public altruism. For example, the degree of ethnic homogeneity correlates with the government&#8217;s share of gross domestic product as well as the average wealth of citizens. Case studies of the United States, Africa and South-East Asia find that multi-ethnic societies are less charitable and less able to cooperate to develop public infrastructure. Moscow beggars receive more gifts from fellow ethnics than from other ethnies [sic]. A recent multi-city study of municipal spending on public goods in the United States found that ethnically or racially diverse cities spend a smaller portion of their budgets and less per capita on public services than do the more homogenous cities.[&#8220;<\/p>\n<p>Eru \u00feeir kanski l\u00edka nasistar? \u00c1samt \u00f6llum \u00f6\u00f0rum sem hafa komist af s\u00f6mu ni\u00f0urst\u00f6\u00f0u? g\u00e6ti kanski ekki veri\u00f0 a\u00f0 \u00feeir hlutdr\u00e6gu s\u00e9u \u00feeir sem stimpla alla rasista og nasista sem skora \u00e1 meginstraumsr\u00e9ttr\u00fana\u00f0arvi\u00f0horf hva\u00f0 var\u00f0ar \u00feetta\u00f0 m\u00e1lefni? E\u00f0a byggjast v\u00edsinda kanski \u00e1 uppnefningum \u00ed sta\u00f0 \u00feess a\u00f0 framkv\u00e6ma alv\u00f6ru ranns\u00f3knir og skora \u00e1 gamlar kenningar?<\/p>\n<\/div>\n<p>Posted by: Mj\u00f6lnir |\u00a0<a href=\"http:\/\/www.norn.is\/sapuopera\/2011\/08\/strisyfirlsing.html#comment-11249\">28.08.2011 | 20:23:00<\/a><\/p>\n<\/div>\n<div id=\"comment-11251\">\n<div>\n<p>&#8222;allar Evr\u00f3pu\u00fej\u00f3\u00f0ir eru bundnar \u00feeim sterku \u00fej\u00f3\u00f0erniseinkennum a\u00f0 vera hluti af einum kyn\u00fe\u00e6tti.&#8220;<\/p>\n<p>\u00cdsrael er \u00ed Evr\u00f3pu, einnig Tyrkland.<\/p>\n<p>\u00c9g er ekki b\u00fain a\u00f0 finna \u00fat hvernig kyn\u00fe\u00e1ttur er \u00e1kve\u00f0inn \u00ed Evr\u00f3pu en \u00ed Amer\u00edku er barn skr\u00e1\u00f0 af sama kyn\u00fe\u00e6tti og m\u00f3\u00f0ir \u00feess.<\/p>\n<\/div>\n<p>Posted by: Eva |\u00a0<a href=\"http:\/\/www.norn.is\/sapuopera\/2011\/08\/strisyfirlsing.html#comment-11251\">28.08.2011 | 20:28:00<\/a><\/p>\n<\/div>\n<div id=\"comment-11252\">\n<div>\n<p>Putnam kemst ekki a\u00f0 neinni n\u00fdrri ni\u00f0urst\u00f6\u00f0u. Eins og \u00e9g hef \u00fatsk\u00fdrt \u00fe\u00e1 spretta kyn\u00fe\u00e1tta\u00e1t\u00f6k upp \u00fear sem a\u00f0skilna\u00f0arhyggja er \u00e1berandi. L\u00e6kningin vi\u00f0 \u00fev\u00ed er alv\u00f6ru fj\u00f6lmenningarsamf\u00e9lag, \u00fev\u00ed \u00fear sem f\u00f3lk umgengst frj\u00e1lslega \u00e1n \u00f3tta vi\u00f0 a\u00f0 vera svipt r\u00e9tti til a\u00f0 stunda s\u00edna eigin menningu. \u00fev\u00ed \u00f6rari og \u00e1takaminni ver\u00f0ur menningarbl\u00f6ndunin.<\/p>\n<\/div>\n<p>Posted by: Eva |\u00a0<a href=\"http:\/\/www.norn.is\/sapuopera\/2011\/08\/strisyfirlsing.html#comment-11252\">28.08.2011 | 20:35:20<\/a><\/p>\n<\/div>\n<div id=\"comment-11255\">\n<div>\n<p>&#8222;Putnam kemst ekki a\u00f0 neinni n\u00fdrri ni\u00f0urst\u00f6\u00f0u. Eins og \u00e9g hef \u00fatsk\u00fdrt \u00fe\u00e1 spretta kyn\u00fe\u00e1tta\u00e1t\u00f6k upp \u00fear sem a\u00f0skilna\u00f0arhyggja er \u00e1berandi. L\u00e6kningin vi\u00f0 \u00fev\u00ed er alv\u00f6ru fj\u00f6lmenningarsamf\u00e9lag, \u00fev\u00ed \u00fear sem f\u00f3lk umgengst frj\u00e1lslega \u00e1n \u00f3tta vi\u00f0 a\u00f0 vera svipt r\u00e9tti til a\u00f0 stunda s\u00edna eigin menningu. \u00fev\u00ed \u00f6rari og \u00e1takaminni ver\u00f0ur menningarbl\u00f6ndunin.&#8220;<\/p>\n<p>\u00dev\u00e6lan \u00ed \u00fe\u00e9r heldur \u00e1fram k\u00e6ra and-hv\u00edta Eva, Fj\u00f6lmenningarsamf\u00e9l\u00f6g eru alldrei \u00e1takalaus, vegna \u00feess a\u00f0 einginn ge\u00f0heilbrig\u00f0ur ma\u00f0ur vill sj\u00e1 sitt land breytast \u00ed einhva\u00f0 \u00f3\u00feekkjanlegt og s\u00edna menningu skemmast me\u00f0 &#8222;bl\u00f6ndun&#8220;. Hva\u00f0a hellv\u00edtis a\u00f0skilna\u00f0arstefnu ertu svo alltaf a\u00f0 \u00fer\u00e6ta um? \u00cd n\u00e1nast \u00f6llum fj\u00f6lmenningarsamf\u00e9l\u00f6gum \u00e1 vesturl\u00f6ndum eru kyn\u00fe\u00e6ttir me\u00f0 n\u00e1kv\u00e6mlega s\u00f6mu r\u00e9ttindi og geta b\u00faa\u00f0 hvar sem \u00feeir vilja, \u00fea\u00f0 fer bara ekki s\u00e9staklega vel \u00ed flesta a\u00f0 l\u00ed\u00f0a eins og \u00fatlendingar \u00ed eigin landi.<\/p>\n<p>\u00deessvegna er vandm\u00e1li\u00f0 fj\u00f6lmenningarstefna sj\u00e1lf og lasunin vi\u00f0 \u00feessu vandam\u00e1li v\u00e6ri ekki a\u00f0 tro\u00f0a f\u00f3lki enn \u00fe\u00e9ttar saman og ney\u00f0a \u00fej\u00f3\u00f0 a\u00f0 umbera hluti sem einginn \u00e1 a\u00f0 \u00feurfa umbera.<\/p>\n<\/div>\n<p>Posted by: Mj\u00f6lnir |\u00a0<a href=\"http:\/\/www.norn.is\/sapuopera\/2011\/08\/strisyfirlsing.html#comment-11255\">28.08.2011 | 20:56:16<\/a><\/p>\n<\/div>\n<div id=\"comment-11256\">\n<div>\n<p>\u00de\u00fa ert heldur ekki b\u00fain a\u00f0 \u00fatsk\u00fdra hversvegna einungis hv\u00edt l\u00f6nd \u00feurfa a\u00f0 \u00e1stunda \u00feessa &#8222;menningarbl\u00f6ndun&#8220; \u00e1 me\u00f0an \u00fe\u00fa ert ekki a\u00f0 v\u00e6la \u00ed As\u00edub\u00faum fyrir a\u00f0 vera me\u00f0 einsleit samf\u00e9l\u00f6g.<\/p>\n<\/div>\n<p>Posted by: Mj\u00f6lnir |\u00a0<a href=\"http:\/\/www.norn.is\/sapuopera\/2011\/08\/strisyfirlsing.html#comment-11256\">28.08.2011 | 20:57:32<\/a><\/p>\n<\/div>\n<div id=\"comment-11257\">\n<div>\n<p>\u00de\u00fa hefur heldur ekki komi\u00f0 me\u00f0 nein einustu r\u00f6k fyrir \u00fev\u00ed hversvegna svona &#8222;alv\u00f6ru&#8220; fj\u00f6lmenningarsamf\u00e9l\u00f6g s\u00e9u a\u00f0 einhverju leiti betri ein einsleit samf\u00e9l\u00f6g og a\u00f0 afhverju f\u00f3lki l\u00ed\u00f0ur betur \u00ed sl\u00edkum samf\u00e9l\u00f6gum, jafnvel \u00fe\u00f3tt a\u00f0 langflestir Evr\u00f3pub\u00faar sega anna\u00f0.<\/p>\n<\/div>\n<p>Posted by: Mj\u00f6lnir |\u00a0<a href=\"http:\/\/www.norn.is\/sapuopera\/2011\/08\/strisyfirlsing.html#comment-11257\">28.08.2011 | 21:00:43<\/a><\/p>\n<\/div>\n<div id=\"comment-11277\">\n<div>\n<p>&#8222;Hva\u00f0a hellv\u00edtis a\u00f0skilna\u00f0arstefnu ertu svo alltaf a\u00f0 \u00fer\u00e6ta um?&#8220;<\/p>\n<p>A\u00f0skilna\u00f0arstefna getur veri\u00f0 formleg og l\u00f6gfest e\u00f0a \u00f3formlegt einkenni \u00e1 samf\u00e9lagi sem tekur \u00fatlendingum me\u00f0 tortryggni og reynir a\u00f0 r\u00edkja yfir \u00feeim \u00ed sta\u00f0 \u00feess a\u00f0 taka \u00fe\u00e1 inn \u00ed h\u00f3pinn. \u00c9g \u00fatsk\u00fdr\u00f0i \u00feetta h\u00e9rna:<\/p>\n<p><a href=\"http:\/\/www.norn.is\/sapuopera\/2011\/08\/innflytjendamta_1_menningarblo.html\" rel=\"nofollow\">http:\/\/www.norn.is\/sapuopera\/2011\/08\/innflytjendamta_1_menningarblo.html<\/a><\/p>\n<\/div>\n<p>Posted by: Eva |\u00a0<a href=\"http:\/\/www.norn.is\/sapuopera\/2011\/08\/strisyfirlsing.html#comment-11277\">28.08.2011 | 22:06:37<\/a><\/p>\n<\/div>\n<div id=\"comment-11279\">\n<div>\n<p>&#8222;\u00deessvegna er vandm\u00e1li\u00f0 fj\u00f6lmenningarstefna sj\u00e1lf og lasunin vi\u00f0 \u00feessu vandam\u00e1li v\u00e6ri ekki a\u00f0 tro\u00f0a f\u00f3lki enn \u00fe\u00e9ttar saman og ney\u00f0a \u00fej\u00f3\u00f0 a\u00f0 umbera hluti sem einginn \u00e1 a\u00f0 \u00feurfa umbera.&#8220;<\/p>\n<p>Ef vandam\u00e1li\u00f0 v\u00e6ri fj\u00f6lmenningarstefnan sj\u00e1lf \u00fe\u00e1 v\u00e6ri borgarastr\u00ed\u00f0 \u00ed b\u00e6\u00f0i Bandar\u00edkjunum og Kanada.<\/p>\n<\/div>\n<p>Posted by: Eva |\u00a0<a href=\"http:\/\/www.norn.is\/sapuopera\/2011\/08\/strisyfirlsing.html#comment-11279\">28.08.2011 | 22:08:14<\/a><\/p>\n<\/div>\n<div id=\"comment-11281\">\n<div>\n<p>&#8222;\u00de\u00fa ert heldur ekki b\u00fain a\u00f0 \u00fatsk\u00fdra hversvegna einungis hv\u00edt l\u00f6nd \u00feurfa a\u00f0 \u00e1stunda \u00feessa &#8222;menningarbl\u00f6ndun&#8220; \u00e1 me\u00f0an \u00fe\u00fa ert ekki a\u00f0 v\u00e6la \u00ed As\u00edub\u00faum fyrir a\u00f0 vera me\u00f0 einsleit samf\u00e9l\u00f6g.&#8220;<\/p>\n<p>Evr\u00f3pu\u00fej\u00f3\u00f0ir \u00feurfa a\u00f0 gera \u00feetta til a\u00f0 m\u00e6ta aukinni eftirspurn utlendinga eftir dvalarleyfi og r\u00edkisborgarar\u00e9tti. \u00c9g veit ekki til a\u00f0 \u00fea\u00f0 hafi veri\u00f0 erfitt fyrir hv\u00edta a\u00f0 f\u00e1 dvalarleyfi \u00ed As\u00edu en auk \u00feess stendur \u00fea\u00f0 m\u00e9r n\u00e6r a\u00f0 reyna a\u00f0 hafa \u00e1hrif \u00e1 \u00feau samf\u00e9l\u00f6g sem \u00e9g \u00feekki og b\u00fd vi\u00f0.<\/p>\n<\/div>\n<p>Posted by: Eva |\u00a0<a href=\"http:\/\/www.norn.is\/sapuopera\/2011\/08\/strisyfirlsing.html#comment-11281\">28.08.2011 | 22:11:10<\/a><\/p>\n<\/div>\n<div id=\"comment-11282\">\n<div>\n<p>&#8222;\u00de\u00fa hefur heldur ekki komi\u00f0 me\u00f0 nein einustu r\u00f6k fyrir \u00fev\u00ed hversvegna svona &#8222;alv\u00f6ru&#8220; fj\u00f6lmenningarsamf\u00e9l\u00f6g s\u00e9u a\u00f0 einhverju leiti betri ein einsleit samf\u00e9l\u00f6g og a\u00f0 afhverju f\u00f3lki l\u00ed\u00f0ur betur \u00ed sl\u00edkum samf\u00e9l\u00f6gum, jafnvel \u00fe\u00f3tt a\u00f0 langflestir Evr\u00f3pub\u00faar sega anna\u00f0.&#8220;<\/p>\n<p>\u00dea\u00f0 eru \u00ed fyrsta lagi si\u00f0legri samf\u00e9l\u00f6g sem vi\u00f0urkenna og taka tillit til \u00feess a\u00f0 vi\u00f0 erum ekki \u00f6ll eins en auk \u00feess eru \u00feau umbur\u00f0arlyndari, frj\u00e1lslegri og mann\u00fa\u00f0legri og menningarleg fj\u00f6lbreytni lei\u00f0ir til framfara.<\/p>\n<p>Hva\u00f0 hefur\u00f0u fyrir \u00fe\u00e9r \u00ed \u00fev\u00ed a\u00f0 langflestir Evr\u00f3pub\u00faar segi a\u00f0 \u00feeim l\u00ed\u00f0i ekki betur \u00ed fj\u00f6lmenningarsamf\u00e9lagi? Getur\u00f0u bent \u00e1 einhverja ranns\u00f3kn sem s\u00fdnir minni hamingju eftir \u00fev\u00ed sem innflytjendum fj\u00f6lgar?<\/p>\n<\/div>\n<p>Posted by: Eva |\u00a0<a href=\"http:\/\/www.norn.is\/sapuopera\/2011\/08\/strisyfirlsing.html#comment-11282\">28.08.2011 | 22:16:38<\/a><\/p>\n<\/div>\n<div id=\"comment-11284\">\n<div>\n<p>&#8222;A\u00f0skilna\u00f0arstefna getur veri\u00f0 formleg og l\u00f6gfest e\u00f0a \u00f3formlegt einkenni \u00e1 samf\u00e9lagi sem tekur \u00fatlendingum me\u00f0 tortryggni og reynir a\u00f0 r\u00edkja yfir \u00feeim \u00ed sta\u00f0 \u00feess a\u00f0 taka \u00fe\u00e1 inn \u00ed h\u00f3pinn. \u00c9g \u00fatsk\u00fdr\u00f0i \u00feetta h\u00e9rna: &#8220;<\/p>\n<p>A\u00f0 taka \u00e1 m\u00f3ti takm\u00f6rku\u00f0um fj\u00f6lda \u00fatlendinga er ekki a\u00f0skilna\u00f0arstefna, \u00fatlendingar h\u00e9r sem annarsta\u00f0ar f\u00e1 a\u00f0gang \u00e1f n\u00e1kv\u00e6mlega s\u00f6mu t\u00e6kif\u00e6rum vi\u00f0, \u00feau geta b\u00fai\u00f0 \u00ed s\u00f6mu hverfum og vi\u00f0, fengi\u00f0 s\u00f6mu st\u00f6rf og vi\u00f0 o.s.frv. S\u00ed\u00f0an s\u00e9 \u00e9g einungis \u00e1r\u00f3\u00f0ur \u00ed fj\u00f6lmi\u00f0lum um hversu umbur\u00f0arlind vi\u00f0 \u00feurfum a\u00f0 vera og hversu \u00e6\u00f0isleg fj\u00f6lmenningarstefnan er. \u00deessvegna er \u00feetta\u00f0 einungis \u00edmyndun hj\u00e1 \u00fe\u00e9r til \u00feess a\u00f0 r\u00e9ttl\u00e6ta \u00feann heila\u00fevott sem \u00fe\u00fa hefur innbygrt og sannf\u00e6ra sj\u00e1lfa \u00feig um a\u00f0 \u00f6ll \u00feau auglj\u00f3su vandm\u00e1l sem hafa sprotti\u00f0 s\u00f6kum fj\u00f6lmenningar s\u00e9u \u00fataf einhverju \u00f6\u00f0ru en \u00feeirri sta\u00f0reynd a\u00f0 f\u00f3lk vill helst hugsa um s\u00edn eigin m\u00e1lefni og \u00fear me\u00f0 er stefnan sj\u00e1lf vanvir\u00f0ing gangvart \u00fej\u00f3\u00f0.<\/p>\n<p>&#8222;Evr\u00f3pu\u00fej\u00f3\u00f0ir \u00feurfa a\u00f0 gera \u00feetta til a\u00f0 m\u00e6ta aukinni eftirspurn utlendinga eftir dvalarleyfi og r\u00edkisborgarar\u00e9tti. \u00c9g veit ekki til a\u00f0 \u00fea\u00f0 hafi veri\u00f0 erfitt fyrir hv\u00edta a\u00f0 f\u00e1 dvalarleyfi \u00ed As\u00edu en auk \u00feess stendur \u00fea\u00f0 m\u00e9r n\u00e6r a\u00f0 reyna a\u00f0 hafa \u00e1hrif \u00e1 \u00feau samf\u00e9l\u00f6g sem \u00e9g \u00feekki og b\u00fd vi\u00f0.&#8220;<\/p>\n<p>Er Evr\u00f3pa ekki b\u00fainn a\u00f0 gera heilann helling \u00ed a\u00f0 hleypa f\u00f3lki inn \u00ed l\u00f6ndin s\u00edn, og eru aflei\u00f0ingarnar ekki frekar auglj\u00f3sar? Einn ma\u00f0ur getur ekki f\u00f3\u00f0rar alla betlarana \u00e1 g\u00f6tunni, \u00fea\u00f0 v\u00e6ri mun g\u00e1fulegar a\u00f0 koma af sta\u00f0 regluger\u00f0um sem myndi f\u00e6kka betlurum.<\/p>\n<p>S\u00ed\u00f0an \u00feekki \u00e9g mann sem b\u00fdr \u00ed K\u00edna og hann segir a\u00f0 innflyjendur meiga ekki b\u00faa \u00ed \u00e1kve\u00f0num hverfum. Innflytjendur geta komi\u00f0 \u00fear og unni\u00f0 en \u00feeir geta ekki fengi\u00f0 atvinnuleysisb\u00e6tur og \u00fea\u00f0 er mj\u00f6g erfitt fyrir \u00fe\u00e1 a\u00f0 f\u00e1 r\u00edkisborgarar\u00e9tt. Sammt sem \u00e1\u00f0ur er menning k\u00ednverja n\u00f3g og au\u00f0ug n\u00fa \u00feegar og hver einasti k\u00ednverji v\u00e6ri samm\u00e1la m\u00e9r me\u00f0 \u00fea\u00f0 a\u00f0 \u00fea\u00f0 v\u00e6ri ekki \u00e6skilegt a\u00f0 hleypa inn millj\u00f3nir af innflytjendum og viljandi l\u00e1ta \u00fe\u00e1 hafa \u00e1hrif \u00e1 menningu og l\u00edfsh\u00e6tti k\u00ednverja.<\/p>\n<p>&#8222;Hva\u00f0 hefur\u00f0u fyrir \u00fe\u00e9r \u00ed \u00fev\u00ed a\u00f0 langflestir Evr\u00f3pub\u00faar segi a\u00f0 \u00feeim l\u00ed\u00f0i ekki betur \u00ed fj\u00f6lmenningarsamf\u00e9lagi? Getur\u00f0u bent \u00e1 einhverja ranns\u00f3kn sem s\u00fdnir minni hamingju eftir \u00fev\u00ed sem innflytjendum fj\u00f6lgar?&#8220;<\/p>\n<p>\u00c9g er n\u00fana nokkrum sinnum b\u00fainn a\u00f0 benda \u00fe\u00e9r \u00e1 10 \u00e1ra ranns\u00f3kn sem var ger\u00f0, en \u00fe\u00fa heldur \u00e1fram a\u00f0 afneyta sta\u00f0reyndum.<\/p>\n<p>&#8222;Ef vandam\u00e1li\u00f0 v\u00e6ri fj\u00f6lmenningarstefnan sj\u00e1lf \u00fe\u00e1 v\u00e6ri borgarastr\u00ed\u00f0 \u00ed b\u00e6\u00f0i Bandar\u00edkjunum og Kanada.&#8220;<\/p>\n<p>\u00dea\u00f0 l\u00edtur \u00fat fyrir a\u00f0 sl\u00edkt str\u00ed\u00f0 s\u00e9 a\u00f0 n\u00e1lgast, b\u00e6\u00f0i \u00ed Amer\u00edku og Evr\u00f3pu.<\/p>\n<\/div>\n<p>Posted by: Mj\u00f6lnir |\u00a0<a href=\"http:\/\/www.norn.is\/sapuopera\/2011\/08\/strisyfirlsing.html#comment-11284\">28.08.2011 | 22:55:56<\/a><\/p>\n<\/div>\n<div id=\"comment-11285\">\n<div>\n<p>&#8222;\u00cdsrael er \u00ed Evr\u00f3pu, einnig Tyrkland.&#8220;<\/p>\n<p>\u00de\u00f3 \u00feessi l\u00f6nd f\u00e1i a\u00f0 taka \u00fe\u00e1tt \u00ed Eurovision \u00fe\u00e1 teljast \u00feau ekki hluti af Evr\u00f3pu s\u00f6kum menningarlegum mismunum \u00ed samanbur\u00f0 vi\u00f0 restina af Evr\u00f3pu. \u00deetta\u00f0 er eins og r\u00fassland, sem er \u00e1 m\u00f6rgum As\u00edu og Evr\u00f3pu en flokkast sammt menningarlega og kyn\u00fe\u00e1ttalega s\u00e9\u00f0 sem Evr\u00f3puland.<\/p>\n<\/div>\n<p>Posted by: Mj\u00f6lnir |\u00a0<a href=\"http:\/\/www.norn.is\/sapuopera\/2011\/08\/strisyfirlsing.html#comment-11285\">28.08.2011 | 23:08:46<\/a><\/p>\n<\/div>\n<div id=\"comment-11286\">\n<div>\n<p>&#8222;sem er \u00e1 m\u00f6rgum As\u00edu og Evr\u00f3pu en flokkast sammt menningarlega og kyn\u00fe\u00e1ttalega s\u00e9\u00f0 sem Evr\u00f3puland.&#8220;<\/p>\n<p>M\u00f6rkum.<\/p>\n<\/div>\n<p>Posted by: Mj\u00f6lnir |\u00a0<a href=\"http:\/\/www.norn.is\/sapuopera\/2011\/08\/strisyfirlsing.html#comment-11286\">28.08.2011 | 23:09:40<\/a><\/p>\n<\/div>\n<div id=\"comment-11291\">\n<div>\n<p>&#8222;A\u00f0 taka \u00e1 m\u00f3ti takm\u00f6rku\u00f0um fj\u00f6lda \u00fatlendinga er ekki a\u00f0skilna\u00f0arstefna, \u00fatlendingar h\u00e9r sem annarsta\u00f0ar f\u00e1 a\u00f0gang \u00e1f n\u00e1kv\u00e6mlega s\u00f6mu t\u00e6kif\u00e6rum vi\u00f0, \u00feau geta b\u00fai\u00f0 \u00ed s\u00f6mu hverfum og vi\u00f0, fengi\u00f0 s\u00f6mu st\u00f6rf og vi\u00f0 o.s.frv.&#8220;<\/p>\n<p>J\u00e1, h\u00e9r er ekki rekin opinber a\u00f0skilna\u00f0arstefna nema a\u00f0 \u00fev\u00ed leyti a\u00f0 fl\u00f3ttamenn eru me\u00f0h\u00f6ndla\u00f0ir sem h\u00e6ttulegir gl\u00e6pamenn. Hinsvegar ber meira og meira \u00e1 tortryggni \u00ed sta\u00f0 \u00fatlendinga og umr\u00e6\u00f0ur um a\u00f0 \u00fea\u00f0 \u00feurfi a\u00f0 ney\u00f0a \u00fe\u00e1 til a\u00f0 a\u00f0lagast er h\u00e6ttumerki, ekki s\u00edst \u00feegar \u00feingmenn eru farnir a\u00f0 taka undir sl\u00edkar hugmyndir. F\u00f3lk me\u00f0 \u00fe\u00edn vi\u00f0horf \u00fdtir undir menningarlegan a\u00f0skilna\u00f0 og kyn\u00fe\u00e1tta\u00e1t\u00f6k og \u00e9g er a\u00f0 reyna a\u00f0 sporna gegn \u00feeim \u00e1hrifum, m.a. me\u00f0 \u00fev\u00ed a\u00f0 lei\u00f0r\u00e9tta \u00fdmsar m\u00fdtur.<\/p>\n<p>&#8222;S\u00ed\u00f0an s\u00e9 \u00e9g einungis \u00e1r\u00f3\u00f0ur \u00ed fj\u00f6lmi\u00f0lum um hversu umbur\u00f0arlind vi\u00f0 \u00feurfum a\u00f0 vera og hversu \u00e6\u00f0isleg fj\u00f6lmenningarstefnan er. \u00deessvegna er \u00feetta\u00f0 einungis \u00edmyndun hj\u00e1 \u00fe\u00e9r til \u00feess a\u00f0 r\u00e9ttl\u00e6ta \u00feann heila\u00fevott sem \u00fe\u00fa hefur innbygrt og sannf\u00e6ra sj\u00e1lfa \u00feig um a\u00f0 \u00f6ll \u00feau auglj\u00f3su vandm\u00e1l sem hafa sprotti\u00f0 s\u00f6kum fj\u00f6lmenningar s\u00e9u \u00fataf einhverju \u00f6\u00f0ru en \u00feeirri sta\u00f0reynd a\u00f0 f\u00f3lk vill helst hugsa um s\u00edn eigin m\u00e1lefni og \u00fear me\u00f0 er stefnan sj\u00e1lf vanvir\u00f0ing gangvart \u00fej\u00f3\u00f0.&#8220;<\/p>\n<p>Ef \u00fatvarp Saga er undanskilin er sem betur fer l\u00edti\u00f0 um a\u00f0 fj\u00f6lmi\u00f0lar \u00e1 \u00cdslandi hafi beinl\u00ednis sta\u00f0i\u00f0 fyrir kyn\u00fe\u00e1tta\u00e1r\u00f3\u00f0ri. Bloggheimar eru anna\u00f0 m\u00e1l en n\u00fa eru margir fr\u00e6\u00f0imenn farnir a\u00f0 tala um bloggi\u00f0 sem fimmta valdi\u00f0. S\u00fa umr\u00e6\u00f0a ratar inn \u00ed fj\u00f6lmi\u00f0la og bara \u00fea\u00f0 hversu sofandi fj\u00f6lmi\u00f0lar eru gagnvart \u00fev\u00ed a\u00f0 \u00e1 \u00cdslandi s\u00e9 a\u00f0 r\u00edsa upp nasistah\u00f3pur (\u00fe\u00f3tt \u00fei\u00f0 s\u00e9u\u00f0 ekki nema 6 enn\u00fe\u00e1) segir m\u00e9r a\u00f0 \u00fea\u00f0 er full \u00e1st\u00e6\u00f0a til a\u00f0 spyrna \u00e1 m\u00f3ti.<\/p>\n<\/div>\n<p>Posted by: Eva |\u00a0<a href=\"http:\/\/www.norn.is\/sapuopera\/2011\/08\/strisyfirlsing.html#comment-11291\">29.08.2011 | 9:05:01<\/a><\/p>\n<\/div>\n<div id=\"comment-11292\">\n<div>\n<p>&#8222;Er Evr\u00f3pa ekki b\u00fainn a\u00f0 gera heilann helling \u00ed a\u00f0 hleypa f\u00f3lki inn \u00ed l\u00f6ndin s\u00edn, og eru aflei\u00f0ingarnar ekki frekar auglj\u00f3sar? Einn ma\u00f0ur getur ekki f\u00f3\u00f0rar alla betlarana \u00e1 g\u00f6tunni, \u00fea\u00f0 v\u00e6ri mun g\u00e1fulegar a\u00f0 koma af sta\u00f0 regluger\u00f0um sem myndi f\u00e6kka betlurum.&#8220;<\/p>\n<p>Hva\u00f0a betlara ertu a\u00f0 tala um? Hefur\u00f0u eitthva\u00f0 fyrir \u00fe\u00e9r \u00ed \u00fevi a\u00f0 innflytjendur taki meira \u00fat \u00far velfer\u00f0arkerfinu en \u00feeir leggja til \u00feess?<\/p>\n<\/div>\n<p>Posted by: Eva |\u00a0<a href=\"http:\/\/www.norn.is\/sapuopera\/2011\/08\/strisyfirlsing.html#comment-11292\">29.08.2011 | 9:06:33<\/a><\/p>\n<\/div>\n<div id=\"comment-11293\">\n<div>\n<p>&#8222;S\u00ed\u00f0an \u00feekki \u00e9g mann sem b\u00fdr \u00ed K\u00edna og hann segir a\u00f0 innflyjendur meiga ekki b\u00faa \u00ed \u00e1kve\u00f0num hverfum. Innflytjendur geta komi\u00f0 \u00fear og unni\u00f0 en \u00feeir geta ekki fengi\u00f0 atvinnuleysisb\u00e6tur og \u00fea\u00f0 er mj\u00f6g erfitt fyrir \u00fe\u00e1 a\u00f0 f\u00e1 r\u00edkisborgarar\u00e9tt.&#8220;<\/p>\n<p>\u00de\u00f3tt K\u00ednverjar hagi s\u00e9r eins og f\u00edfl \u00fe\u00e1 er ekki \u00fear me\u00f0 sagt a\u00f0 vi\u00f0 \u00feurfum endilega a\u00f0 gera \u00fea\u00f0 l\u00edka.<\/p>\n<p>&#8222;Sammt sem \u00e1\u00f0ur er menning k\u00ednverja n\u00f3g og au\u00f0ug n\u00fa \u00feegar og hver einasti k\u00ednverji v\u00e6ri samm\u00e1la m\u00e9r me\u00f0 \u00fea\u00f0 a\u00f0 \u00fea\u00f0 v\u00e6ri ekki \u00e6skilegt a\u00f0 hleypa inn millj\u00f3nir af innflytjendum og viljandi l\u00e1ta \u00fe\u00e1 hafa \u00e1hrif \u00e1 menningu og l\u00edfsh\u00e6tti k\u00ednverja.&#8220;<\/p>\n<p>\u00c9g hef reyndar aldrei sagt a\u00f0 menningarbl\u00f6ndun s\u00e9 nau\u00f0synleg, bara a\u00f0 h\u00fan er hvati framfara en ef eitthvert r\u00edki \u00ed heiminum \u00fearf \u00e1 menningarbl\u00f6ndun a\u00f0 halda \u00fe\u00e1 er \u00fea\u00f0 K\u00edna. K\u00ednverjar hef\u00f0u svo sannarlega gott af \u00fev\u00ed a\u00f0 ver\u00f0a fyrir meiri \u00e1hrifum af vestr\u00e6nni si\u00f0menningu. \u00dea\u00f0 g\u00e6ti jafnvel or\u00f0i\u00f0 til \u00feess a\u00f0 \u00feeir f\u00e6ru a\u00f0 vir\u00f0a mannr\u00e9ttindi. Ef K\u00ednverjar dr\u00e6gju \u00far pyntingum \u00e1 f\u00f3lki \u00ed fangelsum og k\u00e6mu \u00e1 tj\u00e1ningarfrelsi, \u00fe\u00e1 myndi \u00e9g ekki gr\u00e1ta \u00fe\u00f3tt \u00fea\u00f0 kosta\u00f0i \u00fea\u00f0 a\u00f0 \u00feeir \u00e6tu minna af smokkfiski og meira af hamborgurum.<\/p>\n<\/div>\n<p>Posted by: Eva |\u00a0<a href=\"http:\/\/www.norn.is\/sapuopera\/2011\/08\/strisyfirlsing.html#comment-11293\">29.08.2011 | 9:13:09<\/a><\/p>\n<\/div>\n<div id=\"comment-11296\">\n<div>\n<p>&#8222;\u00c9g er n\u00fana nokkrum sinnum b\u00fainn a\u00f0 benda \u00fe\u00e9r \u00e1 10 \u00e1ra ranns\u00f3kn sem var ger\u00f0, en \u00fe\u00fa heldur \u00e1fram a\u00f0 afneyta sta\u00f0reyndum.&#8220;<\/p>\n<p>Nei, \u00fe\u00fa hefur ekki bent \u00e1 neina ranns\u00f3kn sem bendir til \u00feess a\u00f0 hamingja f\u00f3lks standi \u00ed sambandi vi\u00f0 innflytjendastefnu e\u00f0a a\u00f0 dregi\u00f0 hafi meira \u00far hamingju \u00ed \u00feeim l\u00f6ndum sem hafa teki\u00f0 vi\u00f0 h\u00e1u hlutfalli innflytjenda. \u00de\u00fa bentir hinsvegar \u00e1 falsa\u00f0a fr\u00e9tt um a\u00f0 Nor\u00f0menn v\u00e6ru h\u00e6ttir a\u00f0 naug\u00f0a og muslimir teknir vi\u00f0 af \u00feeim.<\/p>\n<\/div>\n<p>Posted by: Eva |\u00a0<a href=\"http:\/\/www.norn.is\/sapuopera\/2011\/08\/strisyfirlsing.html#comment-11296\">29.08.2011 | 10:24:13<\/a><\/p>\n<\/div>\n<div id=\"comment-11309\">\n<div>\n<p>&#8222;J\u00e1, h\u00e9r er ekki rekin opinber a\u00f0skilna\u00f0arstefna nema a\u00f0 \u00fev\u00ed leyti a\u00f0 fl\u00f3ttamenn eru me\u00f0h\u00f6ndla\u00f0ir sem h\u00e6ttulegir gl\u00e6pamenn. Hinsvegar ber meira og meira \u00e1 tortryggni \u00ed sta\u00f0 \u00fatlendinga og umr\u00e6\u00f0ur um a\u00f0 \u00fea\u00f0 \u00feurfi a\u00f0 ney\u00f0a \u00fe\u00e1 til a\u00f0 a\u00f0lagast er h\u00e6ttumerki, ekki s\u00edst \u00feegar \u00feingmenn eru farnir a\u00f0 taka undir sl\u00edkar hugmyndir. F\u00f3lk me\u00f0 \u00fe\u00edn vi\u00f0horf \u00fdtir undir menningarlegan a\u00f0skilna\u00f0 og kyn\u00fe\u00e1tta\u00e1t\u00f6k og \u00e9g er a\u00f0 reyna a\u00f0 sporna gegn \u00feeim \u00e1hrifum, m.a. me\u00f0 \u00fev\u00ed a\u00f0 lei\u00f0r\u00e9tta \u00fdmsar m\u00fdtur.&#8220;<\/p>\n<p>\u00deegar innflytjendur a\u00f0lagast ekki og \u00fea\u00f0 kemur A\u00d0SKILINN menningarh\u00f3pur \u00e1 \u00edslandi, \u00fe\u00e1 m\u00e1 v\u00e6ntanlega b\u00faast vi\u00f0 \u00fev\u00ed a\u00f0 landi\u00f0 sundrist \u00ed marga menningarh\u00f3pa. Mun meiri a\u00f0skilna\u00f0arstefna en a\u00f0 krefjast \u00feess a\u00f0 innflytjendur a\u00f0lagist. \u00dea\u00f0 sem bindur \u00fej\u00f3\u00f0 saman er sameiginleg menning, gildismat og arflei\u00f0, me\u00f0 \u00fev\u00ed a\u00f0 bj\u00f3\u00f0a innflytjendum a\u00f0 vera hluti af \u00fev\u00ed me\u00f0 \u00fev\u00ed a\u00f0 hj\u00e1lpa \u00feeim a\u00f0 a\u00f0lagast \u00fe\u00e1 erum vi\u00f0 a\u00f0 bj\u00f3\u00f0a \u00feeim a\u00f0 vera hluti af \u00fev\u00ed sem f\u00f3lki\u00f0 \u00ed landinu \u00e1 sameiginlegt, \u00e9g einfaldlega s\u00e9 \u00feetta\u00f0 ekki haldast h\u00f6nd \u00ed h\u00f6nd vi\u00f0 einhverja a\u00f0skilna\u00f0arstefnu.<\/p>\n<p>&#8222;\u00c9g hef reyndar aldrei sagt a\u00f0 menningarbl\u00f6ndun s\u00e9 nau\u00f0synleg, bara a\u00f0 h\u00fan er hvati framfara en ef eitthvert r\u00edki \u00ed heiminum \u00fearf \u00e1 menningarbl\u00f6ndun a\u00f0 halda \u00fe\u00e1 er \u00fea\u00f0 K\u00edna. K\u00ednverjar hef\u00f0u svo sannarlega gott af \u00fev\u00ed a\u00f0 ver\u00f0a fyrir meiri \u00e1hrifum af vestr\u00e6nni si\u00f0menningu. \u00dea\u00f0 g\u00e6ti jafnvel or\u00f0i\u00f0 til \u00feess a\u00f0 \u00feeir f\u00e6ru a\u00f0 vir\u00f0a mannr\u00e9ttindi. Ef K\u00ednverjar dr\u00e6gju \u00far pyntingum \u00e1 f\u00f3lki \u00ed fangelsum og k\u00e6mu \u00e1 tj\u00e1ningarfrelsi, \u00fe\u00e1 myndi \u00e9g ekki gr\u00e1ta \u00fe\u00f3tt \u00fea\u00f0 kosta\u00f0i \u00fea\u00f0 a\u00f0 \u00feeir \u00e6tu minna af smokkfiski og meira af hamborgurum. &#8220;<\/p>\n<p>K\u00ednverjar eru k\u00faga m\u00e1lfrelsi og mannr\u00e9ttindi vegna \u00feess a\u00f0 K\u00edna er komm\u00fanistar\u00edki, einhva\u00f0 sem \u00feeir t\u00f3ku upp fr\u00e1 Evr\u00f3pu ef m\u00e9r skj\u00e1tlast ekki. Hinsvegar eru K\u00ednverjar mj\u00f6g stoltir af sinni menningu og arflei\u00f0 og \u00e9g efast um a\u00f0 \u00feeir vilji a\u00f0 h\u00fan myndi blandast einhverju \u00f6\u00f0ru, enda vill eingin ge\u00f0heilbrig\u00f0ur f\u00f6\u00f0urlandsvinur \u00fea\u00f0 \u00f3d\u00e6\u00f0i fyrir s\u00edna \u00fej\u00f3\u00f0.<\/p>\n<p>Svo vir\u00f0ist vera \u00fe\u00fa viljir loka s\u00ed\u00f0um sem \u00fdta undir \u00feessa &#8222;torgryggni&#8220; gagnvart innflytjendum. \u00deannig ert \u00fe\u00fa \u00e1 m\u00f3ti m\u00e1lfrelsi og ert a\u00f0 nota n\u00e1kv\u00e6mlega s\u00f6mu takt\u00edkt og K\u00ednverjar.<\/p>\n<\/div>\n<p>Posted by: Mj\u00f6lnir |\u00a0<a href=\"http:\/\/www.norn.is\/sapuopera\/2011\/08\/strisyfirlsing.html#comment-11309\">29.08.2011 | 15:21:59<\/a><\/p>\n<\/div>\n<div id=\"comment-11311\">\n<div>\n<p>\u00c9g vil alls ekki loka nets\u00ed\u00f0um ykkar kyn\u00fe\u00e1ttahatara Mj\u00f6lnir. \u00devert \u00e1 m\u00f3ti hef \u00e9g veri\u00f0 a\u00f0 dreifa tenglum \u00e1 \u00fe\u00e6r \u00fat um allt. \u00c9g tr\u00fai \u00fev\u00ed nefnilega a\u00f0 lei\u00f0in til a\u00f0 spyrna gegn \u00f3ge\u00f0felldum vi\u00f0horfum ykkar s\u00e9 ekki \u00fe\u00f6ggun heldur opin umr\u00e6\u00f0a. \u00deegar \u00fei\u00f0 tj\u00e1i\u00f0 ykkur, fletti\u00f0 \u00fei\u00f0 ofan af ranghugmyndum ykkar sj\u00e1lf og \u00fea\u00f0 er einmitt \u00fea\u00f0 sem \u00fearf a\u00f0 gerast.<\/p>\n<\/div>\n<p>Posted by: Eva |\u00a0<a href=\"http:\/\/www.norn.is\/sapuopera\/2011\/08\/strisyfirlsing.html#comment-11311\">29.08.2011 | 16:09:49<\/a><\/p>\n<\/div>\n<\/div>\n","protected":false},"excerpt":{"rendered":"<p>Kyn\u00fe\u00e1ttahatarinn Sigr\u00ed\u00f0ur Brynd\u00eds Baldvinsd\u00f3ttir, einn talsma\u00f0ur samtakanna\u00a0Bl\u00f3\u00f0 og hei\u00f0ur\u00a0hefur l\u00fdst \u00fev\u00ed yfir a\u00f0 \u00fat\u00farsn\u00faningur minn \u00e1 nafni hreyfingarinnar (bl\u00f3\u00f0 og gr\u00f6ftur) feli \u00ed s\u00e9r str\u00ed\u00f0syfirl\u00fdsingu. (Sj\u00e1 tj\u00e1su ne\u00f0arlega \u00ed halanum.) J\u00e1 \u00e9g l\u00edki afb\u00f6kun \u00feessa \u00f3ge\u00f0fellda f\u00e9lagsskapar \u00e1 hugmyndum forfe\u00f0ra &hellip; <a href=\"https:\/\/www.norn.is\/pistlar\/stridsyfirlysing-og-thjodarmord\/\">Halda \u00e1fram a\u00f0 lesa <span class=\"meta-nav\">&rarr;<\/span><\/a><\/p>\n","protected":false},"author":1,"featured_media":0,"comment_status":"closed","ping_status":"closed","sticky":false,"template":"","format":"standard","meta":{"footnotes":"","_links_to":"","_links_to_target":""},"categories":[11,1],"tags":[219,1091,1109],"class_list":["post-4007","post","type-post","status-publish","format-standard","hentry","category-mannrettindi","category-pistlar","tag-asnar","tag-kynthatta-og-thjodernishyggja","tag-truar-og-lifskodunarfelog"],"yoast_head":"<!-- This site is optimized with the Yoast SEO plugin v27.5 - https:\/\/yoast.com\/product\/yoast-seo-wordpress\/ -->\n<title>Str\u00ed\u00f0syfirl\u00fdsing og \u00fej\u00f3\u00f0armor\u00f0 - Pistlar Evu<\/title>\n<meta name=\"robots\" content=\"index, follow, max-snippet:-1, max-image-preview:large, max-video-preview:-1\" \/>\n<link rel=\"canonical\" href=\"https:\/\/www.norn.is\/pistlar\/stridsyfirlysing-og-thjodarmord\/\" \/>\n<meta property=\"og:locale\" content=\"is_IS\" \/>\n<meta property=\"og:type\" content=\"article\" \/>\n<meta property=\"og:title\" content=\"Str\u00ed\u00f0syfirl\u00fdsing og \u00fej\u00f3\u00f0armor\u00f0 - Pistlar Evu\" \/>\n<meta property=\"og:description\" content=\"Kyn\u00fe\u00e1ttahatarinn Sigr\u00ed\u00f0ur Brynd\u00eds Baldvinsd\u00f3ttir, einn talsma\u00f0ur samtakanna\u00a0Bl\u00f3\u00f0 og hei\u00f0ur\u00a0hefur l\u00fdst \u00fev\u00ed yfir a\u00f0 \u00fat\u00farsn\u00faningur minn \u00e1 nafni hreyfingarinnar (bl\u00f3\u00f0 og gr\u00f6ftur) feli \u00ed s\u00e9r str\u00ed\u00f0syfirl\u00fdsingu. (Sj\u00e1 tj\u00e1su ne\u00f0arlega \u00ed halanum.) J\u00e1 \u00e9g l\u00edki afb\u00f6kun \u00feessa \u00f3ge\u00f0fellda f\u00e9lagsskapar \u00e1 hugmyndum forfe\u00f0ra &hellip; Halda \u00e1fram a\u00f0 lesa &rarr;\" \/>\n<meta property=\"og:url\" content=\"https:\/\/www.norn.is\/pistlar\/stridsyfirlysing-og-thjodarmord\/\" \/>\n<meta property=\"og:site_name\" content=\"Pistlar Evu\" \/>\n<meta property=\"article:published_time\" content=\"2011-08-25T22:22:49+00:00\" \/>\n<meta property=\"article:modified_time\" content=\"2018-09-18T15:58:21+00:00\" \/>\n<meta name=\"author\" content=\"admin\" \/>\n<meta name=\"twitter:card\" content=\"summary_large_image\" \/>\n<meta name=\"twitter:label1\" content=\"Written by\" \/>\n\t<meta name=\"twitter:data1\" content=\"\" \/>\n\t<meta name=\"twitter:label2\" content=\"Est. reading time\" \/>\n\t<meta name=\"twitter:data2\" content=\"35 minutes\" \/>\n<script type=\"application\/ld+json\" class=\"yoast-schema-graph\">{\"@context\":\"https:\\\/\\\/schema.org\",\"@graph\":[{\"@type\":\"Article\",\"@id\":\"https:\\\/\\\/www.norn.is\\\/pistlar\\\/stridsyfirlysing-og-thjodarmord\\\/#article\",\"isPartOf\":{\"@id\":\"https:\\\/\\\/www.norn.is\\\/pistlar\\\/stridsyfirlysing-og-thjodarmord\\\/\"},\"author\":{\"name\":\"admin\",\"@id\":\"https:\\\/\\\/www.norn.is\\\/pistlar\\\/#\\\/schema\\\/person\\\/1a27d7aee01469adf3180f8fd9e72c46\"},\"headline\":\"Str\u00ed\u00f0syfirl\u00fdsing og \u00fej\u00f3\u00f0armor\u00f0\",\"datePublished\":\"2011-08-25T22:22:49+00:00\",\"dateModified\":\"2018-09-18T15:58:21+00:00\",\"mainEntityOfPage\":{\"@id\":\"https:\\\/\\\/www.norn.is\\\/pistlar\\\/stridsyfirlysing-og-thjodarmord\\\/\"},\"wordCount\":6983,\"keywords\":[\"Asnar\",\"Kyn\u00fe\u00e1tta- og \u00fej\u00f3\u00f0ernishyggja\",\"Tr\u00faar- og l\u00edfsko\u00f0unarf\u00e9l\u00f6g\"],\"articleSection\":[\"Mannr\u00e9ttinda og fri\u00f0arm\u00e1l\",\"Pistlar um samf\u00e9lagsm\u00e1l\"],\"inLanguage\":\"is\"},{\"@type\":\"WebPage\",\"@id\":\"https:\\\/\\\/www.norn.is\\\/pistlar\\\/stridsyfirlysing-og-thjodarmord\\\/\",\"url\":\"https:\\\/\\\/www.norn.is\\\/pistlar\\\/stridsyfirlysing-og-thjodarmord\\\/\",\"name\":\"Str\u00ed\u00f0syfirl\u00fdsing og \u00fej\u00f3\u00f0armor\u00f0 - Pistlar Evu\",\"isPartOf\":{\"@id\":\"https:\\\/\\\/www.norn.is\\\/pistlar\\\/#website\"},\"datePublished\":\"2011-08-25T22:22:49+00:00\",\"dateModified\":\"2018-09-18T15:58:21+00:00\",\"author\":{\"@id\":\"https:\\\/\\\/www.norn.is\\\/pistlar\\\/#\\\/schema\\\/person\\\/1a27d7aee01469adf3180f8fd9e72c46\"},\"breadcrumb\":{\"@id\":\"https:\\\/\\\/www.norn.is\\\/pistlar\\\/stridsyfirlysing-og-thjodarmord\\\/#breadcrumb\"},\"inLanguage\":\"is\",\"potentialAction\":[{\"@type\":\"ReadAction\",\"target\":[\"https:\\\/\\\/www.norn.is\\\/pistlar\\\/stridsyfirlysing-og-thjodarmord\\\/\"]}]},{\"@type\":\"BreadcrumbList\",\"@id\":\"https:\\\/\\\/www.norn.is\\\/pistlar\\\/stridsyfirlysing-og-thjodarmord\\\/#breadcrumb\",\"itemListElement\":[{\"@type\":\"ListItem\",\"position\":1,\"name\":\"Home\",\"item\":\"https:\\\/\\\/www.norn.is\\\/pistlar\\\/\"},{\"@type\":\"ListItem\",\"position\":2,\"name\":\"Str\u00ed\u00f0syfirl\u00fdsing og \u00fej\u00f3\u00f0armor\u00f0\"}]},{\"@type\":\"WebSite\",\"@id\":\"https:\\\/\\\/www.norn.is\\\/pistlar\\\/#website\",\"url\":\"https:\\\/\\\/www.norn.is\\\/pistlar\\\/\",\"name\":\"Pistlar Evu\",\"description\":\"\",\"potentialAction\":[{\"@type\":\"SearchAction\",\"target\":{\"@type\":\"EntryPoint\",\"urlTemplate\":\"https:\\\/\\\/www.norn.is\\\/pistlar\\\/?s={search_term_string}\"},\"query-input\":{\"@type\":\"PropertyValueSpecification\",\"valueRequired\":true,\"valueName\":\"search_term_string\"}}],\"inLanguage\":\"is\"},{\"@type\":\"Person\",\"@id\":\"https:\\\/\\\/www.norn.is\\\/pistlar\\\/#\\\/schema\\\/person\\\/1a27d7aee01469adf3180f8fd9e72c46\",\"name\":\"admin\",\"url\":\"https:\\\/\\\/www.norn.is\\\/pistlar\\\/author\\\/admin\\\/\"}]}<\/script>\n<!-- \/ Yoast SEO plugin. -->","yoast_head_json":{"title":"Str\u00ed\u00f0syfirl\u00fdsing og \u00fej\u00f3\u00f0armor\u00f0 - Pistlar Evu","robots":{"index":"index","follow":"follow","max-snippet":"max-snippet:-1","max-image-preview":"max-image-preview:large","max-video-preview":"max-video-preview:-1"},"canonical":"https:\/\/www.norn.is\/pistlar\/stridsyfirlysing-og-thjodarmord\/","og_locale":"is_IS","og_type":"article","og_title":"Str\u00ed\u00f0syfirl\u00fdsing og \u00fej\u00f3\u00f0armor\u00f0 - Pistlar Evu","og_description":"Kyn\u00fe\u00e1ttahatarinn Sigr\u00ed\u00f0ur Brynd\u00eds Baldvinsd\u00f3ttir, einn talsma\u00f0ur samtakanna\u00a0Bl\u00f3\u00f0 og hei\u00f0ur\u00a0hefur l\u00fdst \u00fev\u00ed yfir a\u00f0 \u00fat\u00farsn\u00faningur minn \u00e1 nafni hreyfingarinnar (bl\u00f3\u00f0 og gr\u00f6ftur) feli \u00ed s\u00e9r str\u00ed\u00f0syfirl\u00fdsingu. (Sj\u00e1 tj\u00e1su ne\u00f0arlega \u00ed halanum.) J\u00e1 \u00e9g l\u00edki afb\u00f6kun \u00feessa \u00f3ge\u00f0fellda f\u00e9lagsskapar \u00e1 hugmyndum forfe\u00f0ra &hellip; Halda \u00e1fram a\u00f0 lesa &rarr;","og_url":"https:\/\/www.norn.is\/pistlar\/stridsyfirlysing-og-thjodarmord\/","og_site_name":"Pistlar Evu","article_published_time":"2011-08-25T22:22:49+00:00","article_modified_time":"2018-09-18T15:58:21+00:00","author":"admin","twitter_card":"summary_large_image","twitter_misc":{"Written by":false,"Est. reading time":"35 minutes"},"schema":{"@context":"https:\/\/schema.org","@graph":[{"@type":"Article","@id":"https:\/\/www.norn.is\/pistlar\/stridsyfirlysing-og-thjodarmord\/#article","isPartOf":{"@id":"https:\/\/www.norn.is\/pistlar\/stridsyfirlysing-og-thjodarmord\/"},"author":{"name":"admin","@id":"https:\/\/www.norn.is\/pistlar\/#\/schema\/person\/1a27d7aee01469adf3180f8fd9e72c46"},"headline":"Str\u00ed\u00f0syfirl\u00fdsing og \u00fej\u00f3\u00f0armor\u00f0","datePublished":"2011-08-25T22:22:49+00:00","dateModified":"2018-09-18T15:58:21+00:00","mainEntityOfPage":{"@id":"https:\/\/www.norn.is\/pistlar\/stridsyfirlysing-og-thjodarmord\/"},"wordCount":6983,"keywords":["Asnar","Kyn\u00fe\u00e1tta- og \u00fej\u00f3\u00f0ernishyggja","Tr\u00faar- og l\u00edfsko\u00f0unarf\u00e9l\u00f6g"],"articleSection":["Mannr\u00e9ttinda og fri\u00f0arm\u00e1l","Pistlar um samf\u00e9lagsm\u00e1l"],"inLanguage":"is"},{"@type":"WebPage","@id":"https:\/\/www.norn.is\/pistlar\/stridsyfirlysing-og-thjodarmord\/","url":"https:\/\/www.norn.is\/pistlar\/stridsyfirlysing-og-thjodarmord\/","name":"Str\u00ed\u00f0syfirl\u00fdsing og \u00fej\u00f3\u00f0armor\u00f0 - Pistlar Evu","isPartOf":{"@id":"https:\/\/www.norn.is\/pistlar\/#website"},"datePublished":"2011-08-25T22:22:49+00:00","dateModified":"2018-09-18T15:58:21+00:00","author":{"@id":"https:\/\/www.norn.is\/pistlar\/#\/schema\/person\/1a27d7aee01469adf3180f8fd9e72c46"},"breadcrumb":{"@id":"https:\/\/www.norn.is\/pistlar\/stridsyfirlysing-og-thjodarmord\/#breadcrumb"},"inLanguage":"is","potentialAction":[{"@type":"ReadAction","target":["https:\/\/www.norn.is\/pistlar\/stridsyfirlysing-og-thjodarmord\/"]}]},{"@type":"BreadcrumbList","@id":"https:\/\/www.norn.is\/pistlar\/stridsyfirlysing-og-thjodarmord\/#breadcrumb","itemListElement":[{"@type":"ListItem","position":1,"name":"Home","item":"https:\/\/www.norn.is\/pistlar\/"},{"@type":"ListItem","position":2,"name":"Str\u00ed\u00f0syfirl\u00fdsing og \u00fej\u00f3\u00f0armor\u00f0"}]},{"@type":"WebSite","@id":"https:\/\/www.norn.is\/pistlar\/#website","url":"https:\/\/www.norn.is\/pistlar\/","name":"Pistlar Evu","description":"","potentialAction":[{"@type":"SearchAction","target":{"@type":"EntryPoint","urlTemplate":"https:\/\/www.norn.is\/pistlar\/?s={search_term_string}"},"query-input":{"@type":"PropertyValueSpecification","valueRequired":true,"valueName":"search_term_string"}}],"inLanguage":"is"},{"@type":"Person","@id":"https:\/\/www.norn.is\/pistlar\/#\/schema\/person\/1a27d7aee01469adf3180f8fd9e72c46","name":"admin","url":"https:\/\/www.norn.is\/pistlar\/author\/admin\/"}]}},"_links":{"self":[{"href":"https:\/\/www.norn.is\/pistlar\/wp-json\/wp\/v2\/posts\/4007","targetHints":{"allow":["GET"]}}],"collection":[{"href":"https:\/\/www.norn.is\/pistlar\/wp-json\/wp\/v2\/posts"}],"about":[{"href":"https:\/\/www.norn.is\/pistlar\/wp-json\/wp\/v2\/types\/post"}],"author":[{"embeddable":true,"href":"https:\/\/www.norn.is\/pistlar\/wp-json\/wp\/v2\/users\/1"}],"replies":[{"embeddable":true,"href":"https:\/\/www.norn.is\/pistlar\/wp-json\/wp\/v2\/comments?post=4007"}],"version-history":[{"count":1,"href":"https:\/\/www.norn.is\/pistlar\/wp-json\/wp\/v2\/posts\/4007\/revisions"}],"predecessor-version":[{"id":9581,"href":"https:\/\/www.norn.is\/pistlar\/wp-json\/wp\/v2\/posts\/4007\/revisions\/9581"}],"wp:attachment":[{"href":"https:\/\/www.norn.is\/pistlar\/wp-json\/wp\/v2\/media?parent=4007"}],"wp:term":[{"taxonomy":"category","embeddable":true,"href":"https:\/\/www.norn.is\/pistlar\/wp-json\/wp\/v2\/categories?post=4007"},{"taxonomy":"post_tag","embeddable":true,"href":"https:\/\/www.norn.is\/pistlar\/wp-json\/wp\/v2\/tags?post=4007"}],"curies":[{"name":"wp","href":"https:\/\/api.w.org\/{rel}","templated":true}]}}