{"id":3820,"date":"2011-10-02T22:26:58","date_gmt":"2011-10-02T22:26:58","guid":{"rendered":"http:\/\/www.pistillinn.is\/?p=3820"},"modified":"2016-08-01T03:36:56","modified_gmt":"2016-08-01T03:36:56","slug":"bara-eitthvad-annad","status":"publish","type":"post","link":"https:\/\/www.norn.is\/pistlar\/bara-eitthvad-annad\/","title":{"rendered":"Bara eitthva\u00f0 anna\u00f0"},"content":{"rendered":"<p>\u00c1r eftir \u00e1r flykkjast \u00fe\u00fasundir manna ni\u00f0ur \u00e1 Austurv\u00f6ll vi\u00f0 \u00feingsetningu og s\u00fdna van\u00fe\u00f3knun s\u00edna \u00ed verki. Margir \u00feeirra sem eru s\u00e1ttir vi\u00f0 \u00fea\u00f0 hvernig samf\u00e9lag okkar er reki\u00f0 \u00ed dag, telja allt vera \u00e1 r\u00e9ttri lei\u00f0 e\u00f0a a\u00f0 \u00fea\u00f0 s\u00e9 ekkert sk\u00e1rra \u00ed bo\u00f0i, skilja bara ekki hva\u00f0 m\u00f3tm\u00e6lin sn\u00faast um. Hver er krafan? er spurt.<!--more--><\/p>\n<div>\n<p>M\u00f3tm\u00e6li vi\u00f0 \u00feingsetningu sn\u00faast ekki lengur um eina, afgerandi kr\u00f6fu. Einn m\u00f3tm\u00e6lir ver\u00f0tryggingu, annar m\u00e1l\u00fe\u00f3fi, s\u00e1 \u00feri\u00f0ji vill l\u00e1ta l\u00f6glei\u00f0a kannabisefni, einhver tj\u00e1ir einfaldlega almennt \u00farr\u00e6\u00f0aleysi og vonbrig\u00f0i me\u00f0 or\u00f0unum &#8222;helv\u00edtis fokking fokk!&#8220; Allt frekar ka\u00f3t\u00edskt og ver\u00f0ur ekkert minna ka\u00f3t\u00edskt \u00fe\u00f3tt anarkistar l\u00e1ti ekki sj\u00e1 sig. M\u00f3tm\u00e6lin sn\u00faast um \u00fe\u00e1 almennu tilfinningu a\u00f0 eitthva\u00f0 miki\u00f0 s\u00e9 athugavert vi\u00f0 samf\u00e9lag \u00fear sem nokkrir menn geta skandalisera\u00f0 endalaust \u00e1 kostna\u00f0 annarra. \u00deeir eru til sem geta ekki einu sinni \u00fatsk\u00fdrt hva\u00f0 \u00feeir vilja, \u00feeir vilja &#8222;bara eitthva\u00f0 anna\u00f0.&#8220;<\/p>\n<p>M\u00f3tm\u00e6lin sn\u00faast a\u00f0eins a\u00f0 mj\u00f6g litlu leyti um \u00fea\u00f0 hverjir sitja \u00ed r\u00edkisstj\u00f3rn. \u00dea\u00f0 eru n\u00e1kv\u00e6mlega engar l\u00edkur \u00e1 \u00fev\u00ed a\u00f0 ef Sjallarnir k\u00e6must aftur til valda f\u00e9lli bara allt \u00ed lj\u00fafa l\u00f6\u00f0. \u00d3\u00e1n\u00e6gjan er d\u00fdpri en svo. \u00d3\u00e1n\u00e6gjan sn\u00fdst um valdleysi almennings, skort \u00e1 uppl\u00fdsingum um \u00fea\u00f0 hva\u00f0 eiginlega ger\u00f0ist \u00e1 \u00cdslandi, hvernig efnahagskerfi\u00f0 sprakk, hva\u00f0a \u00e1kvar\u00f0anir ur\u00f0u til \u00feess og hver var \u00e1byrgur, hvernig eigi a\u00f0 b\u00e6ta fyrir \u00fea\u00f0 og koma \u00ed veg fyrir a\u00f0 \u00fea\u00f0 gerist aftur. Ranns\u00f3knarsk\u00fdrslan dugir ekki til. F\u00f3lk er \u00f3\u00f6ruggt um framt\u00ed\u00f0 s\u00edna, \u00fea\u00f0 veit ekki hvort \u00fea\u00f0 \u00e1 a\u00f0 kenna b\u00f6rnunum s\u00ednum a\u00f0 spara e\u00f0a ey\u00f0a, \u00fea\u00f0 treystir ekki l\u00edfeyrissj\u00f3\u00f0unum e\u00f0a tryggingakerfinu og \u00fea\u00f0 ver\u00f0ur rei\u00f0ara eftir \u00fev\u00ed sem \u00fea\u00f0 fr\u00e9ttir af fleiri fr\u00e6ndsemisr\u00e1\u00f0ningum og baktjaldabralli.<\/p>\n<p>F\u00f3lk vill &#8222;eitthva\u00f0 anna\u00f0&#8220;. \u00dea\u00f0 vill gegns\u00e6tt fj\u00e1rm\u00e1lakerfi sem h\u00e6gt er a\u00f0 botna eitthva\u00f0 \u00ed \u00e1n \u00feess a\u00f0 taka doktorsgr\u00e1\u00f0u \u00ed vi\u00f0skipta- e\u00f0a hagfr\u00e6\u00f0i. \u00dea\u00f0 vill banka sem \u00fej\u00f3nusta almenning \u00ed sta\u00f0 \u00feess a\u00f0 r\u00e6na hann. \u00dea\u00f0 vill fyrirt\u00e6ki sem starfa hei\u00f0arlega og borga starfsm\u00f6nnum s\u00ednum g\u00f3\u00f0 laun en sn\u00faast ekki bara um a\u00f0 mylja undir \u00f6rf\u00e1a toppa. \u00dea\u00f0 vill jafnari skiptingu g\u00e6\u00f0a og r\u00e9ttl\u00e1tara velfer\u00f0arkerfi. \u00dea\u00f0 vill a\u00f0 landinu s\u00e9 stj\u00f3rna\u00f0 \u00e1n kl\u00edkuskapar. \u00dea\u00f0 vill a\u00f0 stj\u00f3rn landins sn\u00faist um a\u00f0 finna sem bestar lausnir en ekki a\u00f0 koma h\u00f6ggi \u00e1 andst\u00e6\u00f0inginn. \u00dea\u00f0 vill f\u00e1 a\u00f0 leggja eitthva\u00f0 til m\u00e1lanna og a\u00f0 \u00fea\u00f0 sem hefur til m\u00e1lanna a\u00f0 leggja ver\u00f0i teki\u00f0 til greina. \u00dea\u00f0 vill vita hva\u00f0 stj\u00f3rnm\u00e1lamenn eru a\u00f0 bralla bak vi\u00f0 tj\u00f6ldin, \u00fev\u00ed \u00fea\u00f0 er h\u00e6tt a\u00f0 treysta \u00feeim og \u00fea\u00f0 er yfirleitt ekkert pers\u00f3nulegt, \u00fea\u00f0 hefur bara s\u00fdnt sig a\u00f0 einkavinav\u00e6\u00f0ing og hagsmunapot vi\u00f0gengst innan stj\u00f3rns\u00fdslunnar og f\u00f3lk er bara komi\u00f0 me\u00f0 algert \u00f3ge\u00f0 \u00e1 \u00fev\u00ed.<\/p>\n<p>F\u00f3lk sem vill &#8222;bara eitthva\u00f0 anna\u00f0&#8220; veit alveg \u00e1 hva\u00f0a gildum \u00fea\u00f0 vill byggja samf\u00e9lag sitt. \u00dea\u00f0 veit bara ekki hvernig \u00e1 a\u00f0 fara a\u00f0 \u00fev\u00ed. Og n\u00fa \u00feegar vi\u00f0 erum komin me\u00f0 \u00fea\u00f0 \u00e1 hreint a\u00f0 \u00fea\u00f0 sem vi\u00f0 h\u00f6fum virkar allavega ekki, er kominn t\u00edmi \u00e1 a\u00f0 r\u00e6\u00f0a \u00fea\u00f0 hva\u00f0a lei\u00f0ir er h\u00e6gt a\u00f0 fara til a\u00f0 byggja upp eitthva\u00f0 n\u00fdtt. Vi\u00f0 \u00feurfum a\u00f0 h\u00e6tta a\u00f0 velta \u00fev\u00ed fyrir okkur hvernig h\u00e6gt s\u00e9 a\u00f0 skikka bankana til a\u00f0 s\u00fdna a\u00f0\u00ferengdu f\u00f3lki miskunnsemi en fara \u00feess \u00ed sta\u00f0 a\u00f0 leita lei\u00f0a til a\u00f0 byggja upp n\u00fdtt bankakerfi. Vi\u00f0 \u00feurfum a\u00f0 h\u00e6tta a\u00f0 kl\u00edna \u00f6llum sk\u00edt sem finnst \u00e1 landinu \u00ed andliti\u00f0 \u00e1 J\u00f3h\u00f6nnu Sigur\u00f0ard\u00f3ttur og leita \u00feess \u00ed sta\u00f0 lei\u00f0a til a\u00f0 b\u00faa til stj\u00f3rnkerfi \u00fear sem almenningur er b\u00e6\u00f0i uppl\u00fdstur og \u00e1byrgur.<\/p>\n<p>\u00dea\u00f0 er allavega \u00e1 hreinu a\u00f0 \u00fea\u00f0 sem vi\u00f0 h\u00f6fum dugar ekki til a\u00f0 draga \u00far \u00f3j\u00f6fnu\u00f0i, vernda n\u00e1tt\u00faruna og tryggja \u00f6ryggi, fri\u00f0 og frelsi. Vi\u00f0 \u00feurfum a\u00f0 pr\u00f3fa eitthva\u00f0 anna\u00f0 og \u00e1\u00f0ur en vi\u00f0 kippum f\u00fanum grunninum undan valdastofnunum samf\u00e9lagsins, skulum vi\u00f0 velta \u00fev\u00ed a\u00f0eins fyrir okkur hvernig \u00feetta eitthva\u00f0 anna\u00f0 geti liti\u00f0 \u00fat.<\/p>\n<p>&nbsp;<\/p>\n<div id=\"comment-11684\"><\/div>\n<\/div>\n","protected":false},"excerpt":{"rendered":"<p>\u00c1r eftir \u00e1r flykkjast \u00fe\u00fasundir manna ni\u00f0ur \u00e1 Austurv\u00f6ll vi\u00f0 \u00feingsetningu og s\u00fdna van\u00fe\u00f3knun s\u00edna \u00ed verki. Margir \u00feeirra sem eru s\u00e1ttir vi\u00f0 \u00fea\u00f0 hvernig samf\u00e9lag okkar er reki\u00f0 \u00ed dag, telja allt vera \u00e1 r\u00e9ttri lei\u00f0 e\u00f0a a\u00f0 \u00fea\u00f0 &hellip; <a href=\"https:\/\/www.norn.is\/pistlar\/bara-eitthvad-annad\/\">Halda \u00e1fram a\u00f0 lesa <span class=\"meta-nav\">&rarr;<\/span><\/a><\/p>\n","protected":false},"author":1,"featured_media":0,"comment_status":"closed","ping_status":"closed","sticky":false,"template":"","format":"standard","meta":{"footnotes":"","_links_to":"","_links_to_target":""},"categories":[15,1],"tags":[],"class_list":["post-3820","post","type-post","status-publish","format-standard","hentry","category-andof-og-yfirvald","category-pistlar"],"yoast_head":"<!-- This site is optimized with the Yoast SEO plugin v27.5 - https:\/\/yoast.com\/product\/yoast-seo-wordpress\/ -->\n<title>Bara eitthva\u00f0 anna\u00f0 - Pistlar Evu<\/title>\n<meta name=\"robots\" content=\"index, follow, max-snippet:-1, max-image-preview:large, max-video-preview:-1\" \/>\n<link rel=\"canonical\" href=\"https:\/\/www.norn.is\/pistlar\/bara-eitthvad-annad\/\" \/>\n<meta property=\"og:locale\" content=\"is_IS\" \/>\n<meta property=\"og:type\" content=\"article\" \/>\n<meta property=\"og:title\" content=\"Bara eitthva\u00f0 anna\u00f0 - Pistlar Evu\" \/>\n<meta property=\"og:description\" content=\"\u00c1r eftir \u00e1r flykkjast \u00fe\u00fasundir manna ni\u00f0ur \u00e1 Austurv\u00f6ll vi\u00f0 \u00feingsetningu og s\u00fdna van\u00fe\u00f3knun s\u00edna \u00ed verki. Margir \u00feeirra sem eru s\u00e1ttir vi\u00f0 \u00fea\u00f0 hvernig samf\u00e9lag okkar er reki\u00f0 \u00ed dag, telja allt vera \u00e1 r\u00e9ttri lei\u00f0 e\u00f0a a\u00f0 \u00fea\u00f0 &hellip; Halda \u00e1fram a\u00f0 lesa &rarr;\" \/>\n<meta property=\"og:url\" content=\"https:\/\/www.norn.is\/pistlar\/bara-eitthvad-annad\/\" \/>\n<meta property=\"og:site_name\" content=\"Pistlar Evu\" \/>\n<meta property=\"article:published_time\" content=\"2011-10-02T22:26:58+00:00\" \/>\n<meta property=\"article:modified_time\" content=\"2016-08-01T03:36:56+00:00\" \/>\n<meta name=\"author\" content=\"admin\" \/>\n<meta name=\"twitter:card\" content=\"summary_large_image\" \/>\n<meta name=\"twitter:label1\" content=\"Written by\" \/>\n\t<meta name=\"twitter:data1\" content=\"\" \/>\n\t<meta name=\"twitter:label2\" content=\"Est. reading time\" \/>\n\t<meta name=\"twitter:data2\" content=\"4 minutes\" \/>\n<script type=\"application\/ld+json\" class=\"yoast-schema-graph\">{\"@context\":\"https:\\\/\\\/schema.org\",\"@graph\":[{\"@type\":\"Article\",\"@id\":\"https:\\\/\\\/www.norn.is\\\/pistlar\\\/bara-eitthvad-annad\\\/#article\",\"isPartOf\":{\"@id\":\"https:\\\/\\\/www.norn.is\\\/pistlar\\\/bara-eitthvad-annad\\\/\"},\"author\":{\"name\":\"admin\",\"@id\":\"https:\\\/\\\/www.norn.is\\\/pistlar\\\/#\\\/schema\\\/person\\\/1a27d7aee01469adf3180f8fd9e72c46\"},\"headline\":\"Bara eitthva\u00f0 anna\u00f0\",\"datePublished\":\"2011-10-02T22:26:58+00:00\",\"dateModified\":\"2016-08-01T03:36:56+00:00\",\"mainEntityOfPage\":{\"@id\":\"https:\\\/\\\/www.norn.is\\\/pistlar\\\/bara-eitthvad-annad\\\/\"},\"wordCount\":753,\"articleSection\":[\"And\u00f3f og yfirvald\",\"Pistlar um samf\u00e9lagsm\u00e1l\"],\"inLanguage\":\"is\"},{\"@type\":\"WebPage\",\"@id\":\"https:\\\/\\\/www.norn.is\\\/pistlar\\\/bara-eitthvad-annad\\\/\",\"url\":\"https:\\\/\\\/www.norn.is\\\/pistlar\\\/bara-eitthvad-annad\\\/\",\"name\":\"Bara eitthva\u00f0 anna\u00f0 - Pistlar Evu\",\"isPartOf\":{\"@id\":\"https:\\\/\\\/www.norn.is\\\/pistlar\\\/#website\"},\"datePublished\":\"2011-10-02T22:26:58+00:00\",\"dateModified\":\"2016-08-01T03:36:56+00:00\",\"author\":{\"@id\":\"https:\\\/\\\/www.norn.is\\\/pistlar\\\/#\\\/schema\\\/person\\\/1a27d7aee01469adf3180f8fd9e72c46\"},\"breadcrumb\":{\"@id\":\"https:\\\/\\\/www.norn.is\\\/pistlar\\\/bara-eitthvad-annad\\\/#breadcrumb\"},\"inLanguage\":\"is\",\"potentialAction\":[{\"@type\":\"ReadAction\",\"target\":[\"https:\\\/\\\/www.norn.is\\\/pistlar\\\/bara-eitthvad-annad\\\/\"]}]},{\"@type\":\"BreadcrumbList\",\"@id\":\"https:\\\/\\\/www.norn.is\\\/pistlar\\\/bara-eitthvad-annad\\\/#breadcrumb\",\"itemListElement\":[{\"@type\":\"ListItem\",\"position\":1,\"name\":\"Home\",\"item\":\"https:\\\/\\\/www.norn.is\\\/pistlar\\\/\"},{\"@type\":\"ListItem\",\"position\":2,\"name\":\"Bara eitthva\u00f0 anna\u00f0\"}]},{\"@type\":\"WebSite\",\"@id\":\"https:\\\/\\\/www.norn.is\\\/pistlar\\\/#website\",\"url\":\"https:\\\/\\\/www.norn.is\\\/pistlar\\\/\",\"name\":\"Pistlar Evu\",\"description\":\"\",\"potentialAction\":[{\"@type\":\"SearchAction\",\"target\":{\"@type\":\"EntryPoint\",\"urlTemplate\":\"https:\\\/\\\/www.norn.is\\\/pistlar\\\/?s={search_term_string}\"},\"query-input\":{\"@type\":\"PropertyValueSpecification\",\"valueRequired\":true,\"valueName\":\"search_term_string\"}}],\"inLanguage\":\"is\"},{\"@type\":\"Person\",\"@id\":\"https:\\\/\\\/www.norn.is\\\/pistlar\\\/#\\\/schema\\\/person\\\/1a27d7aee01469adf3180f8fd9e72c46\",\"name\":\"admin\",\"url\":\"https:\\\/\\\/www.norn.is\\\/pistlar\\\/author\\\/admin\\\/\"}]}<\/script>\n<!-- \/ Yoast SEO plugin. -->","yoast_head_json":{"title":"Bara eitthva\u00f0 anna\u00f0 - Pistlar Evu","robots":{"index":"index","follow":"follow","max-snippet":"max-snippet:-1","max-image-preview":"max-image-preview:large","max-video-preview":"max-video-preview:-1"},"canonical":"https:\/\/www.norn.is\/pistlar\/bara-eitthvad-annad\/","og_locale":"is_IS","og_type":"article","og_title":"Bara eitthva\u00f0 anna\u00f0 - Pistlar Evu","og_description":"\u00c1r eftir \u00e1r flykkjast \u00fe\u00fasundir manna ni\u00f0ur \u00e1 Austurv\u00f6ll vi\u00f0 \u00feingsetningu og s\u00fdna van\u00fe\u00f3knun s\u00edna \u00ed verki. Margir \u00feeirra sem eru s\u00e1ttir vi\u00f0 \u00fea\u00f0 hvernig samf\u00e9lag okkar er reki\u00f0 \u00ed dag, telja allt vera \u00e1 r\u00e9ttri lei\u00f0 e\u00f0a a\u00f0 \u00fea\u00f0 &hellip; Halda \u00e1fram a\u00f0 lesa &rarr;","og_url":"https:\/\/www.norn.is\/pistlar\/bara-eitthvad-annad\/","og_site_name":"Pistlar Evu","article_published_time":"2011-10-02T22:26:58+00:00","article_modified_time":"2016-08-01T03:36:56+00:00","author":"admin","twitter_card":"summary_large_image","twitter_misc":{"Written by":false,"Est. reading time":"4 minutes"},"schema":{"@context":"https:\/\/schema.org","@graph":[{"@type":"Article","@id":"https:\/\/www.norn.is\/pistlar\/bara-eitthvad-annad\/#article","isPartOf":{"@id":"https:\/\/www.norn.is\/pistlar\/bara-eitthvad-annad\/"},"author":{"name":"admin","@id":"https:\/\/www.norn.is\/pistlar\/#\/schema\/person\/1a27d7aee01469adf3180f8fd9e72c46"},"headline":"Bara eitthva\u00f0 anna\u00f0","datePublished":"2011-10-02T22:26:58+00:00","dateModified":"2016-08-01T03:36:56+00:00","mainEntityOfPage":{"@id":"https:\/\/www.norn.is\/pistlar\/bara-eitthvad-annad\/"},"wordCount":753,"articleSection":["And\u00f3f og yfirvald","Pistlar um samf\u00e9lagsm\u00e1l"],"inLanguage":"is"},{"@type":"WebPage","@id":"https:\/\/www.norn.is\/pistlar\/bara-eitthvad-annad\/","url":"https:\/\/www.norn.is\/pistlar\/bara-eitthvad-annad\/","name":"Bara eitthva\u00f0 anna\u00f0 - Pistlar Evu","isPartOf":{"@id":"https:\/\/www.norn.is\/pistlar\/#website"},"datePublished":"2011-10-02T22:26:58+00:00","dateModified":"2016-08-01T03:36:56+00:00","author":{"@id":"https:\/\/www.norn.is\/pistlar\/#\/schema\/person\/1a27d7aee01469adf3180f8fd9e72c46"},"breadcrumb":{"@id":"https:\/\/www.norn.is\/pistlar\/bara-eitthvad-annad\/#breadcrumb"},"inLanguage":"is","potentialAction":[{"@type":"ReadAction","target":["https:\/\/www.norn.is\/pistlar\/bara-eitthvad-annad\/"]}]},{"@type":"BreadcrumbList","@id":"https:\/\/www.norn.is\/pistlar\/bara-eitthvad-annad\/#breadcrumb","itemListElement":[{"@type":"ListItem","position":1,"name":"Home","item":"https:\/\/www.norn.is\/pistlar\/"},{"@type":"ListItem","position":2,"name":"Bara eitthva\u00f0 anna\u00f0"}]},{"@type":"WebSite","@id":"https:\/\/www.norn.is\/pistlar\/#website","url":"https:\/\/www.norn.is\/pistlar\/","name":"Pistlar Evu","description":"","potentialAction":[{"@type":"SearchAction","target":{"@type":"EntryPoint","urlTemplate":"https:\/\/www.norn.is\/pistlar\/?s={search_term_string}"},"query-input":{"@type":"PropertyValueSpecification","valueRequired":true,"valueName":"search_term_string"}}],"inLanguage":"is"},{"@type":"Person","@id":"https:\/\/www.norn.is\/pistlar\/#\/schema\/person\/1a27d7aee01469adf3180f8fd9e72c46","name":"admin","url":"https:\/\/www.norn.is\/pistlar\/author\/admin\/"}]}},"_links":{"self":[{"href":"https:\/\/www.norn.is\/pistlar\/wp-json\/wp\/v2\/posts\/3820","targetHints":{"allow":["GET"]}}],"collection":[{"href":"https:\/\/www.norn.is\/pistlar\/wp-json\/wp\/v2\/posts"}],"about":[{"href":"https:\/\/www.norn.is\/pistlar\/wp-json\/wp\/v2\/types\/post"}],"author":[{"embeddable":true,"href":"https:\/\/www.norn.is\/pistlar\/wp-json\/wp\/v2\/users\/1"}],"replies":[{"embeddable":true,"href":"https:\/\/www.norn.is\/pistlar\/wp-json\/wp\/v2\/comments?post=3820"}],"version-history":[{"count":3,"href":"https:\/\/www.norn.is\/pistlar\/wp-json\/wp\/v2\/posts\/3820\/revisions"}],"predecessor-version":[{"id":12624,"href":"https:\/\/www.norn.is\/pistlar\/wp-json\/wp\/v2\/posts\/3820\/revisions\/12624"}],"wp:attachment":[{"href":"https:\/\/www.norn.is\/pistlar\/wp-json\/wp\/v2\/media?parent=3820"}],"wp:term":[{"taxonomy":"category","embeddable":true,"href":"https:\/\/www.norn.is\/pistlar\/wp-json\/wp\/v2\/categories?post=3820"},{"taxonomy":"post_tag","embeddable":true,"href":"https:\/\/www.norn.is\/pistlar\/wp-json\/wp\/v2\/tags?post=3820"}],"curies":[{"name":"wp","href":"https:\/\/api.w.org\/{rel}","templated":true}]}}