{"id":3789,"date":"2011-10-15T14:28:26","date_gmt":"2011-10-15T14:28:26","guid":{"rendered":"http:\/\/www.pistillinn.is\/?p=3789"},"modified":"2016-08-01T04:29:50","modified_gmt":"2016-08-01T04:29:50","slug":"jardskjalftar-af-mannavoldum-thurfa-ekki-endilega-ad-boda-hamfarir","status":"publish","type":"post","link":"https:\/\/www.norn.is\/pistlar\/jardskjalftar-af-mannavoldum-thurfa-ekki-endilega-ad-boda-hamfarir\/","title":{"rendered":"Jar\u00f0skj\u00e1lftar af mannav\u00f6ldum \u00feurfa ekki endilega a\u00f0 bo\u00f0a hamfarir"},"content":{"rendered":"<p>F\u00f3lk sem er b\u00fasett \u00ed n\u00e1munda vi\u00f0 Hengilssv\u00e6\u00f0i\u00f0 b\u00fdr vi\u00f0 st\u00f6\u00f0uga jar\u00f0skj\u00e1lfta af mannav\u00f6ldum. \u00dea\u00f0 \u00feykir bara allt \u00ed lagi \u00fear sem \u00feeir &#8222;<a href=\"http:\/\/www.dv.is\/frettir\/2011\/10\/15\/tveir-jardskjalftar-hengilssvaedinu-uppa-38-i-morgun\/\">\u00feurfa ekki a\u00f0 bo\u00f0a frekari atbur\u00f0i \u00e1 sv\u00e6\u00f0inu<\/a>&#8222;.<!--more--><\/p>\n<p>Einmitt \u00fea\u00f0 j\u00e1? \u00dea\u00f0 er sem semsagt ekki pott\u00fe\u00e9tt a\u00f0 \u00feetta fikt OR vi\u00f0 n\u00e1tt\u00faruna lei\u00f0i til hamfara og \u00fear me\u00f0 skulu menn bara vessg\u00fa halda kjafti og s\u00e6tta sig vi\u00f0 a\u00f0 j\u00f6r\u00f0in skj\u00e1lfi undir f\u00f3tum \u00feeirra. Af \u00fev\u00ed a\u00f0 OR \u00fearf a\u00f0 mylja undir \u00e1lframlei\u00f0endur.<\/p>\n<p>Me\u00f0 s\u00f6mu r\u00f6kum m\u00e6tti f\u00f3lk gjarnan dunda s\u00e9r vi\u00f0 a\u00f0 aka b\u00edlum \u00e1 h\u00fas n\u00e1granna sinna, \u00fea\u00f0 \u00fearf nefnilega ekki a\u00f0 vera merki um a\u00f0 h\u00fasi\u00f0 s\u00e9 a\u00f0 hrynja, a\u00f0 v\u00edsu b\u00f6ggandi fyrir n\u00e1grannann en hva\u00f0 me\u00f0 \u00fea\u00f0?<\/p>\n<p>Au\u00f0vita\u00f0 yr\u00f0i sl\u00edk heg\u00f0un aldrei umborin. \u00dea\u00f0 er nefnilega sitt hva\u00f0 f\u00f3lk og fyrirt\u00e6ki. \u00cd nafni fyrirt\u00e6kis m\u00e1 megna andr\u00famslofti\u00f0, skemma n\u00e1tt\u00faruperlur, valda loftlagsbreytingum og stugga \u00feannig vi\u00f0 j\u00f6r\u00f0inni a\u00f0 h\u00fan hristist og skj\u00e1lfi. \u00dea\u00f0 er alveg sama hva\u00f0a h\u00f6rmungar eru kalla\u00f0ar yfir heiminn, svo fremi sem fyrirt\u00e6ki er \u00e1 bak vi\u00f0 \u00fea\u00f0, \u00feykir \u00fea\u00f0 bara allt \u00ed lagi.<\/p>\n<p>Og hva\u00f0 ef \u00fea\u00f0 \u00f3tr\u00falega gerist n\u00fa samt? Hva\u00f0 ef m\u00f3\u00f0ir J\u00f6r\u00f0 f\u00e6r n\u00f3g af fiktinu \u00ed OR og m\u00f3tm\u00e6lir me\u00f0 almennilegum skj\u00e1lfta? Ver\u00f0ur \u00fea\u00f0 \u00fe\u00e1 OR sem borgar tj\u00f3ni\u00f0? Hver \u00e1 annars OR? Og hva\u00f0 ef einhver slasast? \u00c6tlar \u00fe\u00e1 OR a\u00f0 kyssa \u00e1 b\u00e1gti\u00f0?<\/p>\n<p>\u00c9g m\u00f3tm\u00e6lti \u00feessum framkv\u00e6mdum \u00e1 s\u00ednum t\u00edma, loka\u00f0i vegi og lag\u00f0i \u00fear me\u00f0 \u00feau skelfilegu \u00f3\u00fe\u00e6gindi \u00e1 nokkra af starfsm\u00f6nnum Hellishei\u00f0arvirkjunar a\u00f0 \u00feurfa a\u00f0 ganga spottakorn, kannski 100-200 metra \u00ed vinnuna. \u00c9g var d\u00e6md fyrir \u00fea\u00f0. OR kemst hinsvegar upp me\u00f0 a\u00f0 halda fj\u00f6lda fj\u00f6lskyldna \u00ed st\u00f6\u00f0ugu spennu\u00e1standi me\u00f0 \u00fev\u00ed a\u00f0 framkalla jar\u00f0skj\u00e1lfta \u00e1 sv\u00e6\u00f0inu.<\/p>\n<p>Finnst ykkur \u00feetta \u00ed lagi?<\/p>\n","protected":false},"excerpt":{"rendered":"<p>F\u00f3lk sem er b\u00fasett \u00ed n\u00e1munda vi\u00f0 Hengilssv\u00e6\u00f0i\u00f0 b\u00fdr vi\u00f0 st\u00f6\u00f0uga jar\u00f0skj\u00e1lfta af mannav\u00f6ldum. \u00dea\u00f0 \u00feykir bara allt \u00ed lagi \u00fear sem \u00feeir &#8222;\u00feurfa ekki a\u00f0 bo\u00f0a frekari atbur\u00f0i \u00e1 sv\u00e6\u00f0inu&#8222;.<\/p>\n","protected":false},"author":1,"featured_media":0,"comment_status":"closed","ping_status":"closed","sticky":false,"template":"","format":"standard","meta":{"footnotes":"","_links_to":"","_links_to_target":""},"categories":[1,136],"tags":[80],"class_list":["post-3789","post","type-post","status-publish","format-standard","hentry","category-pistlar","category-umhverfismal","tag-saving-iceland"],"yoast_head":"<!-- This site is optimized with the Yoast SEO plugin v27.5 - https:\/\/yoast.com\/product\/yoast-seo-wordpress\/ -->\n<title>Jar\u00f0skj\u00e1lftar af mannav\u00f6ldum \u00feurfa ekki endilega a\u00f0 bo\u00f0a hamfarir - Pistlar Evu<\/title>\n<meta name=\"robots\" content=\"index, follow, max-snippet:-1, max-image-preview:large, max-video-preview:-1\" \/>\n<link rel=\"canonical\" href=\"https:\/\/www.norn.is\/pistlar\/jardskjalftar-af-mannavoldum-thurfa-ekki-endilega-ad-boda-hamfarir\/\" \/>\n<meta property=\"og:locale\" content=\"is_IS\" \/>\n<meta property=\"og:type\" content=\"article\" \/>\n<meta property=\"og:title\" content=\"Jar\u00f0skj\u00e1lftar af mannav\u00f6ldum \u00feurfa ekki endilega a\u00f0 bo\u00f0a hamfarir - Pistlar Evu\" \/>\n<meta property=\"og:description\" content=\"F\u00f3lk sem er b\u00fasett \u00ed n\u00e1munda vi\u00f0 Hengilssv\u00e6\u00f0i\u00f0 b\u00fdr vi\u00f0 st\u00f6\u00f0uga jar\u00f0skj\u00e1lfta af mannav\u00f6ldum. \u00dea\u00f0 \u00feykir bara allt \u00ed lagi \u00fear sem \u00feeir &#8222;\u00feurfa ekki a\u00f0 bo\u00f0a frekari atbur\u00f0i \u00e1 sv\u00e6\u00f0inu&#8222;.\" \/>\n<meta property=\"og:url\" content=\"https:\/\/www.norn.is\/pistlar\/jardskjalftar-af-mannavoldum-thurfa-ekki-endilega-ad-boda-hamfarir\/\" \/>\n<meta property=\"og:site_name\" content=\"Pistlar Evu\" \/>\n<meta property=\"article:published_time\" content=\"2011-10-15T14:28:26+00:00\" \/>\n<meta property=\"article:modified_time\" content=\"2016-08-01T04:29:50+00:00\" \/>\n<meta name=\"author\" content=\"admin\" \/>\n<meta name=\"twitter:card\" content=\"summary_large_image\" \/>\n<meta name=\"twitter:label1\" content=\"Written by\" \/>\n\t<meta name=\"twitter:data1\" content=\"\" \/>\n\t<meta name=\"twitter:label2\" content=\"Est. reading time\" \/>\n\t<meta name=\"twitter:data2\" content=\"2 minutes\" \/>\n<script type=\"application\/ld+json\" class=\"yoast-schema-graph\">{\"@context\":\"https:\\\/\\\/schema.org\",\"@graph\":[{\"@type\":\"Article\",\"@id\":\"https:\\\/\\\/www.norn.is\\\/pistlar\\\/jardskjalftar-af-mannavoldum-thurfa-ekki-endilega-ad-boda-hamfarir\\\/#article\",\"isPartOf\":{\"@id\":\"https:\\\/\\\/www.norn.is\\\/pistlar\\\/jardskjalftar-af-mannavoldum-thurfa-ekki-endilega-ad-boda-hamfarir\\\/\"},\"author\":{\"name\":\"admin\",\"@id\":\"https:\\\/\\\/www.norn.is\\\/pistlar\\\/#\\\/schema\\\/person\\\/1a27d7aee01469adf3180f8fd9e72c46\"},\"headline\":\"Jar\u00f0skj\u00e1lftar af mannav\u00f6ldum \u00feurfa ekki endilega a\u00f0 bo\u00f0a hamfarir\",\"datePublished\":\"2011-10-15T14:28:26+00:00\",\"dateModified\":\"2016-08-01T04:29:50+00:00\",\"mainEntityOfPage\":{\"@id\":\"https:\\\/\\\/www.norn.is\\\/pistlar\\\/jardskjalftar-af-mannavoldum-thurfa-ekki-endilega-ad-boda-hamfarir\\\/\"},\"wordCount\":355,\"keywords\":[\"Saving Iceland\"],\"articleSection\":[\"Pistlar um samf\u00e9lagsm\u00e1l\",\"Umhverfism\u00e1l og d\u00fdravernd\"],\"inLanguage\":\"is\"},{\"@type\":\"WebPage\",\"@id\":\"https:\\\/\\\/www.norn.is\\\/pistlar\\\/jardskjalftar-af-mannavoldum-thurfa-ekki-endilega-ad-boda-hamfarir\\\/\",\"url\":\"https:\\\/\\\/www.norn.is\\\/pistlar\\\/jardskjalftar-af-mannavoldum-thurfa-ekki-endilega-ad-boda-hamfarir\\\/\",\"name\":\"Jar\u00f0skj\u00e1lftar af mannav\u00f6ldum \u00feurfa ekki endilega a\u00f0 bo\u00f0a hamfarir - Pistlar Evu\",\"isPartOf\":{\"@id\":\"https:\\\/\\\/www.norn.is\\\/pistlar\\\/#website\"},\"datePublished\":\"2011-10-15T14:28:26+00:00\",\"dateModified\":\"2016-08-01T04:29:50+00:00\",\"author\":{\"@id\":\"https:\\\/\\\/www.norn.is\\\/pistlar\\\/#\\\/schema\\\/person\\\/1a27d7aee01469adf3180f8fd9e72c46\"},\"breadcrumb\":{\"@id\":\"https:\\\/\\\/www.norn.is\\\/pistlar\\\/jardskjalftar-af-mannavoldum-thurfa-ekki-endilega-ad-boda-hamfarir\\\/#breadcrumb\"},\"inLanguage\":\"is\",\"potentialAction\":[{\"@type\":\"ReadAction\",\"target\":[\"https:\\\/\\\/www.norn.is\\\/pistlar\\\/jardskjalftar-af-mannavoldum-thurfa-ekki-endilega-ad-boda-hamfarir\\\/\"]}]},{\"@type\":\"BreadcrumbList\",\"@id\":\"https:\\\/\\\/www.norn.is\\\/pistlar\\\/jardskjalftar-af-mannavoldum-thurfa-ekki-endilega-ad-boda-hamfarir\\\/#breadcrumb\",\"itemListElement\":[{\"@type\":\"ListItem\",\"position\":1,\"name\":\"Home\",\"item\":\"https:\\\/\\\/www.norn.is\\\/pistlar\\\/\"},{\"@type\":\"ListItem\",\"position\":2,\"name\":\"Jar\u00f0skj\u00e1lftar af mannav\u00f6ldum \u00feurfa ekki endilega a\u00f0 bo\u00f0a hamfarir\"}]},{\"@type\":\"WebSite\",\"@id\":\"https:\\\/\\\/www.norn.is\\\/pistlar\\\/#website\",\"url\":\"https:\\\/\\\/www.norn.is\\\/pistlar\\\/\",\"name\":\"Pistlar Evu\",\"description\":\"\",\"potentialAction\":[{\"@type\":\"SearchAction\",\"target\":{\"@type\":\"EntryPoint\",\"urlTemplate\":\"https:\\\/\\\/www.norn.is\\\/pistlar\\\/?s={search_term_string}\"},\"query-input\":{\"@type\":\"PropertyValueSpecification\",\"valueRequired\":true,\"valueName\":\"search_term_string\"}}],\"inLanguage\":\"is\"},{\"@type\":\"Person\",\"@id\":\"https:\\\/\\\/www.norn.is\\\/pistlar\\\/#\\\/schema\\\/person\\\/1a27d7aee01469adf3180f8fd9e72c46\",\"name\":\"admin\",\"url\":\"https:\\\/\\\/www.norn.is\\\/pistlar\\\/author\\\/admin\\\/\"}]}<\/script>\n<!-- \/ Yoast SEO plugin. -->","yoast_head_json":{"title":"Jar\u00f0skj\u00e1lftar af mannav\u00f6ldum \u00feurfa ekki endilega a\u00f0 bo\u00f0a hamfarir - Pistlar Evu","robots":{"index":"index","follow":"follow","max-snippet":"max-snippet:-1","max-image-preview":"max-image-preview:large","max-video-preview":"max-video-preview:-1"},"canonical":"https:\/\/www.norn.is\/pistlar\/jardskjalftar-af-mannavoldum-thurfa-ekki-endilega-ad-boda-hamfarir\/","og_locale":"is_IS","og_type":"article","og_title":"Jar\u00f0skj\u00e1lftar af mannav\u00f6ldum \u00feurfa ekki endilega a\u00f0 bo\u00f0a hamfarir - Pistlar Evu","og_description":"F\u00f3lk sem er b\u00fasett \u00ed n\u00e1munda vi\u00f0 Hengilssv\u00e6\u00f0i\u00f0 b\u00fdr vi\u00f0 st\u00f6\u00f0uga jar\u00f0skj\u00e1lfta af mannav\u00f6ldum. \u00dea\u00f0 \u00feykir bara allt \u00ed lagi \u00fear sem \u00feeir &#8222;\u00feurfa ekki a\u00f0 bo\u00f0a frekari atbur\u00f0i \u00e1 sv\u00e6\u00f0inu&#8222;.","og_url":"https:\/\/www.norn.is\/pistlar\/jardskjalftar-af-mannavoldum-thurfa-ekki-endilega-ad-boda-hamfarir\/","og_site_name":"Pistlar Evu","article_published_time":"2011-10-15T14:28:26+00:00","article_modified_time":"2016-08-01T04:29:50+00:00","author":"admin","twitter_card":"summary_large_image","twitter_misc":{"Written by":false,"Est. reading time":"2 minutes"},"schema":{"@context":"https:\/\/schema.org","@graph":[{"@type":"Article","@id":"https:\/\/www.norn.is\/pistlar\/jardskjalftar-af-mannavoldum-thurfa-ekki-endilega-ad-boda-hamfarir\/#article","isPartOf":{"@id":"https:\/\/www.norn.is\/pistlar\/jardskjalftar-af-mannavoldum-thurfa-ekki-endilega-ad-boda-hamfarir\/"},"author":{"name":"admin","@id":"https:\/\/www.norn.is\/pistlar\/#\/schema\/person\/1a27d7aee01469adf3180f8fd9e72c46"},"headline":"Jar\u00f0skj\u00e1lftar af mannav\u00f6ldum \u00feurfa ekki endilega a\u00f0 bo\u00f0a hamfarir","datePublished":"2011-10-15T14:28:26+00:00","dateModified":"2016-08-01T04:29:50+00:00","mainEntityOfPage":{"@id":"https:\/\/www.norn.is\/pistlar\/jardskjalftar-af-mannavoldum-thurfa-ekki-endilega-ad-boda-hamfarir\/"},"wordCount":355,"keywords":["Saving Iceland"],"articleSection":["Pistlar um samf\u00e9lagsm\u00e1l","Umhverfism\u00e1l og d\u00fdravernd"],"inLanguage":"is"},{"@type":"WebPage","@id":"https:\/\/www.norn.is\/pistlar\/jardskjalftar-af-mannavoldum-thurfa-ekki-endilega-ad-boda-hamfarir\/","url":"https:\/\/www.norn.is\/pistlar\/jardskjalftar-af-mannavoldum-thurfa-ekki-endilega-ad-boda-hamfarir\/","name":"Jar\u00f0skj\u00e1lftar af mannav\u00f6ldum \u00feurfa ekki endilega a\u00f0 bo\u00f0a hamfarir - Pistlar Evu","isPartOf":{"@id":"https:\/\/www.norn.is\/pistlar\/#website"},"datePublished":"2011-10-15T14:28:26+00:00","dateModified":"2016-08-01T04:29:50+00:00","author":{"@id":"https:\/\/www.norn.is\/pistlar\/#\/schema\/person\/1a27d7aee01469adf3180f8fd9e72c46"},"breadcrumb":{"@id":"https:\/\/www.norn.is\/pistlar\/jardskjalftar-af-mannavoldum-thurfa-ekki-endilega-ad-boda-hamfarir\/#breadcrumb"},"inLanguage":"is","potentialAction":[{"@type":"ReadAction","target":["https:\/\/www.norn.is\/pistlar\/jardskjalftar-af-mannavoldum-thurfa-ekki-endilega-ad-boda-hamfarir\/"]}]},{"@type":"BreadcrumbList","@id":"https:\/\/www.norn.is\/pistlar\/jardskjalftar-af-mannavoldum-thurfa-ekki-endilega-ad-boda-hamfarir\/#breadcrumb","itemListElement":[{"@type":"ListItem","position":1,"name":"Home","item":"https:\/\/www.norn.is\/pistlar\/"},{"@type":"ListItem","position":2,"name":"Jar\u00f0skj\u00e1lftar af mannav\u00f6ldum \u00feurfa ekki endilega a\u00f0 bo\u00f0a hamfarir"}]},{"@type":"WebSite","@id":"https:\/\/www.norn.is\/pistlar\/#website","url":"https:\/\/www.norn.is\/pistlar\/","name":"Pistlar Evu","description":"","potentialAction":[{"@type":"SearchAction","target":{"@type":"EntryPoint","urlTemplate":"https:\/\/www.norn.is\/pistlar\/?s={search_term_string}"},"query-input":{"@type":"PropertyValueSpecification","valueRequired":true,"valueName":"search_term_string"}}],"inLanguage":"is"},{"@type":"Person","@id":"https:\/\/www.norn.is\/pistlar\/#\/schema\/person\/1a27d7aee01469adf3180f8fd9e72c46","name":"admin","url":"https:\/\/www.norn.is\/pistlar\/author\/admin\/"}]}},"_links":{"self":[{"href":"https:\/\/www.norn.is\/pistlar\/wp-json\/wp\/v2\/posts\/3789","targetHints":{"allow":["GET"]}}],"collection":[{"href":"https:\/\/www.norn.is\/pistlar\/wp-json\/wp\/v2\/posts"}],"about":[{"href":"https:\/\/www.norn.is\/pistlar\/wp-json\/wp\/v2\/types\/post"}],"author":[{"embeddable":true,"href":"https:\/\/www.norn.is\/pistlar\/wp-json\/wp\/v2\/users\/1"}],"replies":[{"embeddable":true,"href":"https:\/\/www.norn.is\/pistlar\/wp-json\/wp\/v2\/comments?post=3789"}],"version-history":[{"count":4,"href":"https:\/\/www.norn.is\/pistlar\/wp-json\/wp\/v2\/posts\/3789\/revisions"}],"predecessor-version":[{"id":12640,"href":"https:\/\/www.norn.is\/pistlar\/wp-json\/wp\/v2\/posts\/3789\/revisions\/12640"}],"wp:attachment":[{"href":"https:\/\/www.norn.is\/pistlar\/wp-json\/wp\/v2\/media?parent=3789"}],"wp:term":[{"taxonomy":"category","embeddable":true,"href":"https:\/\/www.norn.is\/pistlar\/wp-json\/wp\/v2\/categories?post=3789"},{"taxonomy":"post_tag","embeddable":true,"href":"https:\/\/www.norn.is\/pistlar\/wp-json\/wp\/v2\/tags?post=3789"}],"curies":[{"name":"wp","href":"https:\/\/api.w.org\/{rel}","templated":true}]}}