{"id":358,"date":"2004-06-24T12:00:50","date_gmt":"2004-06-24T12:00:50","guid":{"rendered":"http:\/\/www.norn.is\/pistillinn\/?p=358"},"modified":"2017-09-08T14:40:43","modified_gmt":"2017-09-08T14:40:43","slug":"ef-thu-maettir-velja-ther-ofbeldismenn","status":"publish","type":"post","link":"https:\/\/www.norn.is\/pistlar\/ef-thu-maettir-velja-ther-ofbeldismenn\/","title":{"rendered":"Ef \u00fe\u00fa m\u00e6ttir velja \u00fe\u00e9r ofbeldismenn"},"content":{"rendered":"<p><a href=\"http:\/\/www.norn.is\/pistlar\/wp-content\/uploads\/sites\/2\/2004\/06\/BucketHead.jpg\"><img loading=\"lazy\" decoding=\"async\" class=\"alignleft size-full wp-image-962\" src=\"http:\/\/www.norn.is\/pistlar\/wp-content\/uploads\/sites\/2\/2004\/06\/BucketHead.jpg\" alt=\"BucketHead\" width=\"242\" height=\"402\" srcset=\"https:\/\/www.norn.is\/pistlar\/wp-content\/uploads\/sites\/2\/2004\/06\/BucketHead.jpg 242w, https:\/\/www.norn.is\/pistlar\/wp-content\/uploads\/sites\/2\/2004\/06\/BucketHead-180x300.jpg 180w\" sizes=\"auto, (max-width: 242px) 100vw, 242px\" \/><\/a>\u00d3ttar hefur lagt eftirfarandi spurningu fyrir vinnuf\u00e9laga s\u00edna og nokkra a\u00f0ra:<\/p>\n<blockquote><p>Ef \u00fe\u00fa v\u00e6rir fangi og \u00e6ttir a\u00f0 s\u00e6ta h\u00f3pnau\u00f0gun og \u00f6\u00f0rum mis\u00feyrmingum en m\u00e6ttir velja um \u00fea\u00f0 hvort kvalarar \u00fe\u00ednir v\u00e6ru amer\u00edskir e\u00f0a arab\u00edskir, hvort \u00fe\u00e6tti \u00fe\u00e9r \u00fe\u00e1 b\u00e6rilegra?<!--more--><\/p><\/blockquote>\n<p>Hver einasti \u00feeirra sem enn hafa svara\u00f0 \u00feessari spurningu telja a\u00f0 \u00fea\u00f0 hlj\u00f3ti a\u00f0 vera illsk\u00e1rra a\u00f0 ver\u00f0a fyrir \u00feesskonar me\u00f0fer\u00f0 af h\u00e1lfu Amer\u00edkana en araba. Svo er bara spurningin hva\u00f0a \u00e1lyktanir megi draga af \u00feessum sv\u00f6rum. Kannski er sk\u00fdringin a\u00f0 einhverju leyti s\u00fa a\u00f0 vi\u00f0 treystum vi\u00f0 bandar\u00edsku r\u00e9ttarkerfi betur en r\u00e9ttarkerfum framandi menningarsv\u00e6\u00f0a en \u00feeir sem svara vir\u00f0ast yfirleitt ekki hafa \u00fea\u00f0 \u00ed huga heldur tilfinningalega upplifun af \u00fev\u00ed a\u00f0 ver\u00f0a fyrir ofbeldi. Bendir \u00feetta ekki bara til ford\u00f3ma, a\u00f0 vi\u00f0 teljum araba grimmari e\u00f0a \u00f3hreinni en bandar\u00edska hermenn?<\/p>\n<p>\u00c9g hef reyndar bara heyrt sv\u00f6r karlmanna vi\u00f0 \u00feessu enn\u00fe\u00e1. \u00dea\u00f0 ver\u00f0ur fr\u00f3\u00f0legt a\u00f0 sj\u00e1 hvort konur hafa a\u00f0ra afst\u00f6\u00f0u. Sj\u00e1lf myndi \u00e9g velja arab\u00edska ofbeldismenn, hiklaust, af \u00fev\u00ed a\u00f0 \u00e9g hef \u00e1 tilfinningunni a\u00f0 \u00feeir s\u00e9u ekki eins l\u00edkamlega sterkir og Kaninn. Sem skiptir n\u00e1tt\u00farulega engu m\u00e1li \u00feegar um er a\u00f0 r\u00e6\u00f0a h\u00f3p manna. Val mitt lei\u00f0ir \u00feannig \u00ed lj\u00f3s m\u00edna eigin ford\u00f3ma um l\u00edkamlegt atgervi amer\u00edkana og araba. S\u00e9rstaklega \u00feegar teki\u00f0 er tillit til \u00feess a\u00f0 b\u00e6\u00f0i arabar og Amer\u00edkanar eru afskaplega st\u00f3rir h\u00f3par og margir kyn\u00fe\u00e6ttir sem \u00feeim tilheyra. \u00c9g s\u00e9 Bandar\u00edkjamanninn fyrir m\u00e9r hv\u00edtan, myndarlegan, st\u00f3ran og sterkan en arabann grannholda, br\u00fanleitan \u00e1 h\u00f6rund og l\u00edti\u00f0 h\u00e6rri \u00ed loftinu en mig sj\u00e1lfa. Og me\u00f0 vefjarh\u00f6tt.<\/p>\n<p>&nbsp;<\/p>\n","protected":false},"excerpt":{"rendered":"<p>\u00d3ttar hefur lagt eftirfarandi spurningu fyrir vinnuf\u00e9laga s\u00edna og nokkra a\u00f0ra: Ef \u00fe\u00fa v\u00e6rir fangi og \u00e6ttir a\u00f0 s\u00e6ta h\u00f3pnau\u00f0gun og \u00f6\u00f0rum mis\u00feyrmingum en m\u00e6ttir velja um \u00fea\u00f0 hvort kvalarar \u00fe\u00ednir v\u00e6ru amer\u00edskir e\u00f0a arab\u00edskir, hvort \u00fe\u00e6tti \u00fe\u00e9r \u00fe\u00e1 b\u00e6rilegra?<\/p>\n","protected":false},"author":2,"featured_media":962,"comment_status":"closed","ping_status":"closed","sticky":false,"template":"","format":"standard","meta":{"footnotes":"","_links_to":"","_links_to_target":""},"categories":[11,1],"tags":[555],"class_list":["post-358","post","type-post","status-publish","format-standard","has-post-thumbnail","hentry","category-mannrettindi","category-pistlar","tag-kynthattahyggja"],"yoast_head":"<!-- This site is optimized with the Yoast SEO plugin v27.4 - https:\/\/yoast.com\/product\/yoast-seo-wordpress\/ -->\n<title>Ef \u00fe\u00fa m\u00e6ttir velja \u00fe\u00e9r ofbeldismenn - Pistlar Evu<\/title>\n<meta name=\"robots\" content=\"index, follow, max-snippet:-1, max-image-preview:large, max-video-preview:-1\" \/>\n<link rel=\"canonical\" href=\"https:\/\/www.norn.is\/pistlar\/ef-thu-maettir-velja-ther-ofbeldismenn\/\" \/>\n<meta property=\"og:locale\" content=\"is_IS\" \/>\n<meta property=\"og:type\" content=\"article\" \/>\n<meta property=\"og:title\" content=\"Ef \u00fe\u00fa m\u00e6ttir velja \u00fe\u00e9r ofbeldismenn - Pistlar Evu\" \/>\n<meta property=\"og:description\" content=\"\u00d3ttar hefur lagt eftirfarandi spurningu fyrir vinnuf\u00e9laga s\u00edna og nokkra a\u00f0ra: Ef \u00fe\u00fa v\u00e6rir fangi og \u00e6ttir a\u00f0 s\u00e6ta h\u00f3pnau\u00f0gun og \u00f6\u00f0rum mis\u00feyrmingum en m\u00e6ttir velja um \u00fea\u00f0 hvort kvalarar \u00fe\u00ednir v\u00e6ru amer\u00edskir e\u00f0a arab\u00edskir, hvort \u00fe\u00e6tti \u00fe\u00e9r \u00fe\u00e1 b\u00e6rilegra?\" \/>\n<meta property=\"og:url\" content=\"https:\/\/www.norn.is\/pistlar\/ef-thu-maettir-velja-ther-ofbeldismenn\/\" \/>\n<meta property=\"og:site_name\" content=\"Pistlar Evu\" \/>\n<meta property=\"article:published_time\" content=\"2004-06-24T12:00:50+00:00\" \/>\n<meta property=\"article:modified_time\" content=\"2017-09-08T14:40:43+00:00\" \/>\n<meta property=\"og:image\" content=\"https:\/\/www.norn.is\/pistlar\/wp-content\/uploads\/sites\/2\/2004\/06\/BucketHead.jpg\" \/>\n\t<meta property=\"og:image:width\" content=\"242\" \/>\n\t<meta property=\"og:image:height\" content=\"402\" \/>\n\t<meta property=\"og:image:type\" content=\"image\/jpeg\" \/>\n<meta name=\"author\" content=\"Eva Hauksd\u00f3ttir\" \/>\n<meta name=\"twitter:card\" content=\"summary_large_image\" \/>\n<meta name=\"twitter:label1\" content=\"Written by\" \/>\n\t<meta name=\"twitter:data1\" content=\"\" \/>\n\t<meta name=\"twitter:label2\" content=\"Est. reading time\" \/>\n\t<meta name=\"twitter:data2\" content=\"2 minutes\" \/>\n<script type=\"application\/ld+json\" class=\"yoast-schema-graph\">{\"@context\":\"https:\\\/\\\/schema.org\",\"@graph\":[{\"@type\":\"Article\",\"@id\":\"https:\\\/\\\/www.norn.is\\\/pistlar\\\/ef-thu-maettir-velja-ther-ofbeldismenn\\\/#article\",\"isPartOf\":{\"@id\":\"https:\\\/\\\/www.norn.is\\\/pistlar\\\/ef-thu-maettir-velja-ther-ofbeldismenn\\\/\"},\"author\":{\"name\":\"Eva Hauksd\u00f3ttir\",\"@id\":\"https:\\\/\\\/www.norn.is\\\/pistlar\\\/#\\\/schema\\\/person\\\/2eb0fcae9e1ecc61987f7ed9c878531c\"},\"headline\":\"Ef \u00fe\u00fa m\u00e6ttir velja \u00fe\u00e9r ofbeldismenn\",\"datePublished\":\"2004-06-24T12:00:50+00:00\",\"dateModified\":\"2017-09-08T14:40:43+00:00\",\"mainEntityOfPage\":{\"@id\":\"https:\\\/\\\/www.norn.is\\\/pistlar\\\/ef-thu-maettir-velja-ther-ofbeldismenn\\\/\"},\"wordCount\":318,\"image\":{\"@id\":\"https:\\\/\\\/www.norn.is\\\/pistlar\\\/ef-thu-maettir-velja-ther-ofbeldismenn\\\/#primaryimage\"},\"thumbnailUrl\":\"https:\\\/\\\/www.norn.is\\\/pistlar\\\/wp-content\\\/uploads\\\/sites\\\/2\\\/2004\\\/06\\\/BucketHead.jpg\",\"keywords\":[\"Kyn\u00fe\u00e1ttahyggja\"],\"articleSection\":[\"Mannr\u00e9ttinda og fri\u00f0arm\u00e1l\",\"Pistlar um samf\u00e9lagsm\u00e1l\"],\"inLanguage\":\"is\"},{\"@type\":\"WebPage\",\"@id\":\"https:\\\/\\\/www.norn.is\\\/pistlar\\\/ef-thu-maettir-velja-ther-ofbeldismenn\\\/\",\"url\":\"https:\\\/\\\/www.norn.is\\\/pistlar\\\/ef-thu-maettir-velja-ther-ofbeldismenn\\\/\",\"name\":\"Ef \u00fe\u00fa m\u00e6ttir velja \u00fe\u00e9r ofbeldismenn - Pistlar Evu\",\"isPartOf\":{\"@id\":\"https:\\\/\\\/www.norn.is\\\/pistlar\\\/#website\"},\"primaryImageOfPage\":{\"@id\":\"https:\\\/\\\/www.norn.is\\\/pistlar\\\/ef-thu-maettir-velja-ther-ofbeldismenn\\\/#primaryimage\"},\"image\":{\"@id\":\"https:\\\/\\\/www.norn.is\\\/pistlar\\\/ef-thu-maettir-velja-ther-ofbeldismenn\\\/#primaryimage\"},\"thumbnailUrl\":\"https:\\\/\\\/www.norn.is\\\/pistlar\\\/wp-content\\\/uploads\\\/sites\\\/2\\\/2004\\\/06\\\/BucketHead.jpg\",\"datePublished\":\"2004-06-24T12:00:50+00:00\",\"dateModified\":\"2017-09-08T14:40:43+00:00\",\"author\":{\"@id\":\"https:\\\/\\\/www.norn.is\\\/pistlar\\\/#\\\/schema\\\/person\\\/2eb0fcae9e1ecc61987f7ed9c878531c\"},\"breadcrumb\":{\"@id\":\"https:\\\/\\\/www.norn.is\\\/pistlar\\\/ef-thu-maettir-velja-ther-ofbeldismenn\\\/#breadcrumb\"},\"inLanguage\":\"is\",\"potentialAction\":[{\"@type\":\"ReadAction\",\"target\":[\"https:\\\/\\\/www.norn.is\\\/pistlar\\\/ef-thu-maettir-velja-ther-ofbeldismenn\\\/\"]}]},{\"@type\":\"ImageObject\",\"inLanguage\":\"is\",\"@id\":\"https:\\\/\\\/www.norn.is\\\/pistlar\\\/ef-thu-maettir-velja-ther-ofbeldismenn\\\/#primaryimage\",\"url\":\"https:\\\/\\\/www.norn.is\\\/pistlar\\\/wp-content\\\/uploads\\\/sites\\\/2\\\/2004\\\/06\\\/BucketHead.jpg\",\"contentUrl\":\"https:\\\/\\\/www.norn.is\\\/pistlar\\\/wp-content\\\/uploads\\\/sites\\\/2\\\/2004\\\/06\\\/BucketHead.jpg\",\"width\":242,\"height\":402},{\"@type\":\"BreadcrumbList\",\"@id\":\"https:\\\/\\\/www.norn.is\\\/pistlar\\\/ef-thu-maettir-velja-ther-ofbeldismenn\\\/#breadcrumb\",\"itemListElement\":[{\"@type\":\"ListItem\",\"position\":1,\"name\":\"Home\",\"item\":\"https:\\\/\\\/www.norn.is\\\/pistlar\\\/\"},{\"@type\":\"ListItem\",\"position\":2,\"name\":\"Ef \u00fe\u00fa m\u00e6ttir velja \u00fe\u00e9r ofbeldismenn\"}]},{\"@type\":\"WebSite\",\"@id\":\"https:\\\/\\\/www.norn.is\\\/pistlar\\\/#website\",\"url\":\"https:\\\/\\\/www.norn.is\\\/pistlar\\\/\",\"name\":\"Pistlar Evu\",\"description\":\"\",\"potentialAction\":[{\"@type\":\"SearchAction\",\"target\":{\"@type\":\"EntryPoint\",\"urlTemplate\":\"https:\\\/\\\/www.norn.is\\\/pistlar\\\/?s={search_term_string}\"},\"query-input\":{\"@type\":\"PropertyValueSpecification\",\"valueRequired\":true,\"valueName\":\"search_term_string\"}}],\"inLanguage\":\"is\"},{\"@type\":\"Person\",\"@id\":\"https:\\\/\\\/www.norn.is\\\/pistlar\\\/#\\\/schema\\\/person\\\/2eb0fcae9e1ecc61987f7ed9c878531c\",\"name\":\"Eva Hauksd\u00f3ttir\",\"sameAs\":[\"http:\\\/\\\/www.norn.is\"],\"url\":\"https:\\\/\\\/www.norn.is\\\/pistlar\\\/author\\\/eva\\\/\"}]}<\/script>\n<!-- \/ Yoast SEO plugin. -->","yoast_head_json":{"title":"Ef \u00fe\u00fa m\u00e6ttir velja \u00fe\u00e9r ofbeldismenn - Pistlar Evu","robots":{"index":"index","follow":"follow","max-snippet":"max-snippet:-1","max-image-preview":"max-image-preview:large","max-video-preview":"max-video-preview:-1"},"canonical":"https:\/\/www.norn.is\/pistlar\/ef-thu-maettir-velja-ther-ofbeldismenn\/","og_locale":"is_IS","og_type":"article","og_title":"Ef \u00fe\u00fa m\u00e6ttir velja \u00fe\u00e9r ofbeldismenn - Pistlar Evu","og_description":"\u00d3ttar hefur lagt eftirfarandi spurningu fyrir vinnuf\u00e9laga s\u00edna og nokkra a\u00f0ra: Ef \u00fe\u00fa v\u00e6rir fangi og \u00e6ttir a\u00f0 s\u00e6ta h\u00f3pnau\u00f0gun og \u00f6\u00f0rum mis\u00feyrmingum en m\u00e6ttir velja um \u00fea\u00f0 hvort kvalarar \u00fe\u00ednir v\u00e6ru amer\u00edskir e\u00f0a arab\u00edskir, hvort \u00fe\u00e6tti \u00fe\u00e9r \u00fe\u00e1 b\u00e6rilegra?","og_url":"https:\/\/www.norn.is\/pistlar\/ef-thu-maettir-velja-ther-ofbeldismenn\/","og_site_name":"Pistlar Evu","article_published_time":"2004-06-24T12:00:50+00:00","article_modified_time":"2017-09-08T14:40:43+00:00","og_image":[{"width":242,"height":402,"url":"https:\/\/www.norn.is\/pistlar\/wp-content\/uploads\/sites\/2\/2004\/06\/BucketHead.jpg","type":"image\/jpeg"}],"author":"Eva Hauksd\u00f3ttir","twitter_card":"summary_large_image","twitter_misc":{"Written by":false,"Est. reading time":"2 minutes"},"schema":{"@context":"https:\/\/schema.org","@graph":[{"@type":"Article","@id":"https:\/\/www.norn.is\/pistlar\/ef-thu-maettir-velja-ther-ofbeldismenn\/#article","isPartOf":{"@id":"https:\/\/www.norn.is\/pistlar\/ef-thu-maettir-velja-ther-ofbeldismenn\/"},"author":{"name":"Eva Hauksd\u00f3ttir","@id":"https:\/\/www.norn.is\/pistlar\/#\/schema\/person\/2eb0fcae9e1ecc61987f7ed9c878531c"},"headline":"Ef \u00fe\u00fa m\u00e6ttir velja \u00fe\u00e9r ofbeldismenn","datePublished":"2004-06-24T12:00:50+00:00","dateModified":"2017-09-08T14:40:43+00:00","mainEntityOfPage":{"@id":"https:\/\/www.norn.is\/pistlar\/ef-thu-maettir-velja-ther-ofbeldismenn\/"},"wordCount":318,"image":{"@id":"https:\/\/www.norn.is\/pistlar\/ef-thu-maettir-velja-ther-ofbeldismenn\/#primaryimage"},"thumbnailUrl":"https:\/\/www.norn.is\/pistlar\/wp-content\/uploads\/sites\/2\/2004\/06\/BucketHead.jpg","keywords":["Kyn\u00fe\u00e1ttahyggja"],"articleSection":["Mannr\u00e9ttinda og fri\u00f0arm\u00e1l","Pistlar um samf\u00e9lagsm\u00e1l"],"inLanguage":"is"},{"@type":"WebPage","@id":"https:\/\/www.norn.is\/pistlar\/ef-thu-maettir-velja-ther-ofbeldismenn\/","url":"https:\/\/www.norn.is\/pistlar\/ef-thu-maettir-velja-ther-ofbeldismenn\/","name":"Ef \u00fe\u00fa m\u00e6ttir velja \u00fe\u00e9r ofbeldismenn - Pistlar Evu","isPartOf":{"@id":"https:\/\/www.norn.is\/pistlar\/#website"},"primaryImageOfPage":{"@id":"https:\/\/www.norn.is\/pistlar\/ef-thu-maettir-velja-ther-ofbeldismenn\/#primaryimage"},"image":{"@id":"https:\/\/www.norn.is\/pistlar\/ef-thu-maettir-velja-ther-ofbeldismenn\/#primaryimage"},"thumbnailUrl":"https:\/\/www.norn.is\/pistlar\/wp-content\/uploads\/sites\/2\/2004\/06\/BucketHead.jpg","datePublished":"2004-06-24T12:00:50+00:00","dateModified":"2017-09-08T14:40:43+00:00","author":{"@id":"https:\/\/www.norn.is\/pistlar\/#\/schema\/person\/2eb0fcae9e1ecc61987f7ed9c878531c"},"breadcrumb":{"@id":"https:\/\/www.norn.is\/pistlar\/ef-thu-maettir-velja-ther-ofbeldismenn\/#breadcrumb"},"inLanguage":"is","potentialAction":[{"@type":"ReadAction","target":["https:\/\/www.norn.is\/pistlar\/ef-thu-maettir-velja-ther-ofbeldismenn\/"]}]},{"@type":"ImageObject","inLanguage":"is","@id":"https:\/\/www.norn.is\/pistlar\/ef-thu-maettir-velja-ther-ofbeldismenn\/#primaryimage","url":"https:\/\/www.norn.is\/pistlar\/wp-content\/uploads\/sites\/2\/2004\/06\/BucketHead.jpg","contentUrl":"https:\/\/www.norn.is\/pistlar\/wp-content\/uploads\/sites\/2\/2004\/06\/BucketHead.jpg","width":242,"height":402},{"@type":"BreadcrumbList","@id":"https:\/\/www.norn.is\/pistlar\/ef-thu-maettir-velja-ther-ofbeldismenn\/#breadcrumb","itemListElement":[{"@type":"ListItem","position":1,"name":"Home","item":"https:\/\/www.norn.is\/pistlar\/"},{"@type":"ListItem","position":2,"name":"Ef \u00fe\u00fa m\u00e6ttir velja \u00fe\u00e9r ofbeldismenn"}]},{"@type":"WebSite","@id":"https:\/\/www.norn.is\/pistlar\/#website","url":"https:\/\/www.norn.is\/pistlar\/","name":"Pistlar Evu","description":"","potentialAction":[{"@type":"SearchAction","target":{"@type":"EntryPoint","urlTemplate":"https:\/\/www.norn.is\/pistlar\/?s={search_term_string}"},"query-input":{"@type":"PropertyValueSpecification","valueRequired":true,"valueName":"search_term_string"}}],"inLanguage":"is"},{"@type":"Person","@id":"https:\/\/www.norn.is\/pistlar\/#\/schema\/person\/2eb0fcae9e1ecc61987f7ed9c878531c","name":"Eva Hauksd\u00f3ttir","sameAs":["http:\/\/www.norn.is"],"url":"https:\/\/www.norn.is\/pistlar\/author\/eva\/"}]}},"_links":{"self":[{"href":"https:\/\/www.norn.is\/pistlar\/wp-json\/wp\/v2\/posts\/358","targetHints":{"allow":["GET"]}}],"collection":[{"href":"https:\/\/www.norn.is\/pistlar\/wp-json\/wp\/v2\/posts"}],"about":[{"href":"https:\/\/www.norn.is\/pistlar\/wp-json\/wp\/v2\/types\/post"}],"author":[{"embeddable":true,"href":"https:\/\/www.norn.is\/pistlar\/wp-json\/wp\/v2\/users\/2"}],"replies":[{"embeddable":true,"href":"https:\/\/www.norn.is\/pistlar\/wp-json\/wp\/v2\/comments?post=358"}],"version-history":[{"count":6,"href":"https:\/\/www.norn.is\/pistlar\/wp-json\/wp\/v2\/posts\/358\/revisions"}],"predecessor-version":[{"id":11584,"href":"https:\/\/www.norn.is\/pistlar\/wp-json\/wp\/v2\/posts\/358\/revisions\/11584"}],"wp:featuredmedia":[{"embeddable":true,"href":"https:\/\/www.norn.is\/pistlar\/wp-json\/wp\/v2\/media\/962"}],"wp:attachment":[{"href":"https:\/\/www.norn.is\/pistlar\/wp-json\/wp\/v2\/media?parent=358"}],"wp:term":[{"taxonomy":"category","embeddable":true,"href":"https:\/\/www.norn.is\/pistlar\/wp-json\/wp\/v2\/categories?post=358"},{"taxonomy":"post_tag","embeddable":true,"href":"https:\/\/www.norn.is\/pistlar\/wp-json\/wp\/v2\/tags?post=358"}],"curies":[{"name":"wp","href":"https:\/\/api.w.org\/{rel}","templated":true}]}}