{"id":3512,"date":"2012-10-16T16:16:09","date_gmt":"2012-10-16T16:16:09","guid":{"rendered":"http:\/\/www.pistillinn.is\/?p=3512"},"modified":"2017-09-08T14:35:38","modified_gmt":"2017-09-08T14:35:38","slug":"buin-ad-kaera-stefan","status":"publish","type":"post","link":"https:\/\/www.norn.is\/pistlar\/buin-ad-kaera-stefan\/","title":{"rendered":"B\u00fain a\u00f0 k\u00e6ra Stef\u00e1n"},"content":{"rendered":"<p align=\"LEFT\"><span style=\"color: #333333;\">\u00cd dag f\u00e9kk \u00e9g \u00e1bendingu um a\u00f0 mj\u00f6g vafasamt v\u00e6ri a\u00f0 \u00fea\u00f0 st\u00e6\u00f0ist uppl\u00fdsingal\u00f6g a\u00f0 neita almenningi um a\u00f0gang\u00a0\u00a0a\u00f0 sk\u00fdrslu Geirs J\u00f3ns \u00de\u00f3rissonar um b\u00fas\u00e1haldabyltinguna. \u00c9g sendi \u00fev\u00ed inn k\u00e6ru til \u00farskur\u00f0arnefndar um uppl\u00fdsingam\u00e1l, svohlj\u00f3\u00f0andi:<\/span><!--more--><\/p>\n<p align=\"RIGHT\"><em>K\u00e6ra vegna synjunar l\u00f6greglustj\u00f3rans \u00e1 h\u00f6fu\u00f0borgarsv\u00e6\u00f0inu \u2013 og krafa um a\u00f0gang.<\/em><\/p>\n<p><span style=\"color: #333333;\">V\u00edsa\u00f0 er til svars l\u00f6greglustj\u00f3ra, Stef\u00e1ns Eir\u00edkssonar \u00fear, sem hann synjar undirrita\u00f0ri um a\u00f0gang a\u00f0 gagni, sem til er \u00ed v\u00f6rslu emb\u00e6ttis hans. Um er a\u00f0 r\u00e6\u00f0a samantekt e\u00f0a sk\u00fdrslu um svokalla\u00f0a \u00b4B\u00fas\u00e1haldabyltingu\u00b4.<\/span><\/p>\n<p><span style=\"color: #333333;\">Hinn 15. september sl. skrifa\u00f0i \u00e9g l\u00f6greglustj\u00f3ra t\u00f6lvup\u00f3st og er meginefni hans eftirfarandi:\u00a0<\/span><\/p>\n<p><em>\u201e<\/em><em>\u00c9g \u00f3ska h\u00e9r me\u00f0 eftir uppl\u00fdsingum um \u00fea\u00f0 hvert \u00e9g \u00e1 a\u00f0 sn\u00faa m\u00e9r til a\u00f0 f\u00e1 afrit af n\u00fd\u00fatkominni sk\u00fdrslu l\u00f6greglunnar um B\u00fas\u00e1haldabyltinguna?\u201c<\/em><\/p>\n<p><em>\u00a0<\/em><span style=\"color: #333333;\">Svar Stef\u00e1ns barst\u00a0n\u00e6sta dag, og er (utan kve\u00f0juor\u00f0a) svohlj\u00f3\u00f0andi:<\/span><\/p>\n<p><em>\u201e<\/em><em>\u00dea\u00f0 sem \u00fe\u00fa v\u00edsar til er samantekt sem unnin var upp \u00far skr\u00e1ningum \u00ed m\u00e1laskr\u00e1 l\u00f6greglu. Me\u00f0 hli\u00f0sj\u00f3n af \u00fev\u00ed er ekki h\u00e6gt a\u00f0 senda \u00fe\u00e9r \u00feessa samantekt.\u201c<\/em><\/p>\n<p><em>\u00a0<\/em><span style=\"color: #333333;\">Eins og s\u00e9st eru engin r\u00f6k me\u00f0 svarinu og hvergi v\u00edsa\u00f0 til laga\u00a0\u00ed synjuninni. En \u00fear, sem Stef\u00e1n v\u00edsar til m\u00e1laskr\u00e1r l\u00f6greglu er gert r\u00e1\u00f0 fyrir a\u00f0 hann s\u00e9 a\u00f0 v\u00edsa s\u00e9 til \u00feess, a\u00f0 \u00ed \u201esamantektinni\u201c\u00a0s\u00e9 a\u00f0 finna pers\u00f3nuuppl\u00fdsingar, sem hann telur undan\u00feegnar a\u00f0gangi. \u00cd \u00fev\u00ed sambandi skal \u00feess geti\u00f0 a\u00f0 undirritu\u00f0 telur \u00f3l\u00edklegt a\u00f0 \u00ed umr\u00e6ddu skjali s\u00e9 a\u00f0 finna pers\u00f3nuuppl\u00fdsingar, sem undan\u00fe\u00e6gar g\u00e6tu veri\u00f0 \u2013 og teki\u00f0 skal fram, a\u00f0 undirritu\u00f0 \u00f3skar ekki eftir neinu sl\u00edku. Sem og a\u00f0 ef svo vill til a\u00f0 sl\u00edkar uppl\u00fdsingar megi \u00fear finna ber a\u00f0 a\u00f0 veita ber a\u00f0gang a\u00f0 \u00f6\u00f0ru efni skjalsins, sbr. 7. uppl. 50\/1996. Er \u00fev\u00ed stj\u00f3rnvaldinu \u00ed l\u00f3fa lagi\u00f0 a\u00f0 afm\u00e1 n\u00f6fn einstaklinga og \u00f6nnur pers\u00f3nugreinaleg einkenni, sem eigi er heimilt a\u00f0 veita a\u00f0gang a\u00f0 vegna \u00e1kv\u00e6\u00f0a laga um pers\u00f3nuvernd, \u00far skjalinu.<\/span><\/p>\n<p><span style=\"color: #333333;\">\u00a0<span style=\"font-family: Ubuntu;\"><span style=\"font-size: medium;\">H\u00e9r me\u00f0 er ger\u00f0 s\u00fa krafa a\u00f0 nefndin felli synjun Stef\u00e1ns \u00far gildi og \u00farskur\u00f0i a\u00f0 veita beri a\u00f0gang a\u00f0 samantektinni \u00ed heild \u2013 en\u00a0til vara a\u00f0 veittur ver\u00f0i a\u00f0gangur a\u00f0 hluta skjals, sbr. \u00fea\u00f0 sem fram kemur h\u00e9r a\u00f0 ofan og 7. gr. uppl\u00fdsingalaga.<\/span><\/span><\/span><\/p>\n<p>Vir\u00f0ingarfyllst<br \/>\nEva Hauksd\u00f3ttir<\/p>\n<p><span style=\"color: #333333;\">\u00a0\u00a0<\/span><\/p>\n<p>&nbsp;<\/p>\n","protected":false},"excerpt":{"rendered":"<p>\u00cd dag f\u00e9kk \u00e9g \u00e1bendingu um a\u00f0 mj\u00f6g vafasamt v\u00e6ri a\u00f0 \u00fea\u00f0 st\u00e6\u00f0ist uppl\u00fdsingal\u00f6g a\u00f0 neita almenningi um a\u00f0gang\u00a0\u00a0a\u00f0 sk\u00fdrslu Geirs J\u00f3ns \u00de\u00f3rissonar um b\u00fas\u00e1haldabyltinguna. \u00c9g sendi \u00fev\u00ed inn k\u00e6ru til \u00farskur\u00f0arnefndar um uppl\u00fdsingam\u00e1l, svohlj\u00f3\u00f0andi:<\/p>\n","protected":false},"author":1,"featured_media":0,"comment_status":"closed","ping_status":"closed","sticky":false,"template":"","format":"standard","meta":{"footnotes":"","_links_to":"","_links_to_target":""},"categories":[15,1],"tags":[369,672],"class_list":["post-3512","post","type-post","status-publish","format-standard","hentry","category-andof-og-yfirvald","category-pistlar","tag-busahaldabyltingin","tag-busoskyrslan"],"yoast_head":"<!-- This site is optimized with the Yoast SEO plugin v27.5 - https:\/\/yoast.com\/product\/yoast-seo-wordpress\/ -->\n<title>B\u00fain a\u00f0 k\u00e6ra Stef\u00e1n - Pistlar Evu<\/title>\n<meta name=\"robots\" content=\"index, follow, max-snippet:-1, max-image-preview:large, max-video-preview:-1\" \/>\n<link rel=\"canonical\" href=\"https:\/\/www.norn.is\/pistlar\/buin-ad-kaera-stefan\/\" \/>\n<meta property=\"og:locale\" content=\"is_IS\" \/>\n<meta property=\"og:type\" content=\"article\" \/>\n<meta property=\"og:title\" content=\"B\u00fain a\u00f0 k\u00e6ra Stef\u00e1n - Pistlar Evu\" \/>\n<meta property=\"og:description\" content=\"\u00cd dag f\u00e9kk \u00e9g \u00e1bendingu um a\u00f0 mj\u00f6g vafasamt v\u00e6ri a\u00f0 \u00fea\u00f0 st\u00e6\u00f0ist uppl\u00fdsingal\u00f6g a\u00f0 neita almenningi um a\u00f0gang\u00a0\u00a0a\u00f0 sk\u00fdrslu Geirs J\u00f3ns \u00de\u00f3rissonar um b\u00fas\u00e1haldabyltinguna. \u00c9g sendi \u00fev\u00ed inn k\u00e6ru til \u00farskur\u00f0arnefndar um uppl\u00fdsingam\u00e1l, svohlj\u00f3\u00f0andi:\" \/>\n<meta property=\"og:url\" content=\"https:\/\/www.norn.is\/pistlar\/buin-ad-kaera-stefan\/\" \/>\n<meta property=\"og:site_name\" content=\"Pistlar Evu\" \/>\n<meta property=\"article:published_time\" content=\"2012-10-16T16:16:09+00:00\" \/>\n<meta property=\"article:modified_time\" content=\"2017-09-08T14:35:38+00:00\" \/>\n<meta name=\"author\" content=\"admin\" \/>\n<meta name=\"twitter:card\" content=\"summary_large_image\" \/>\n<meta name=\"twitter:label1\" content=\"Written by\" \/>\n\t<meta name=\"twitter:data1\" content=\"\" \/>\n\t<meta name=\"twitter:label2\" content=\"Est. reading time\" \/>\n\t<meta name=\"twitter:data2\" content=\"2 minutes\" \/>\n<script type=\"application\/ld+json\" class=\"yoast-schema-graph\">{\"@context\":\"https:\\\/\\\/schema.org\",\"@graph\":[{\"@type\":\"Article\",\"@id\":\"https:\\\/\\\/www.norn.is\\\/pistlar\\\/buin-ad-kaera-stefan\\\/#article\",\"isPartOf\":{\"@id\":\"https:\\\/\\\/www.norn.is\\\/pistlar\\\/buin-ad-kaera-stefan\\\/\"},\"author\":{\"name\":\"admin\",\"@id\":\"https:\\\/\\\/www.norn.is\\\/pistlar\\\/#\\\/schema\\\/person\\\/1a27d7aee01469adf3180f8fd9e72c46\"},\"headline\":\"B\u00fain a\u00f0 k\u00e6ra Stef\u00e1n\",\"datePublished\":\"2012-10-16T16:16:09+00:00\",\"dateModified\":\"2017-09-08T14:35:38+00:00\",\"mainEntityOfPage\":{\"@id\":\"https:\\\/\\\/www.norn.is\\\/pistlar\\\/buin-ad-kaera-stefan\\\/\"},\"wordCount\":434,\"keywords\":[\"B\u00fas\u00e1haldabyltingin\",\"B\u00fas\u00f3sk\u00fdrslan\"],\"articleSection\":[\"And\u00f3f og yfirvald\",\"Pistlar um samf\u00e9lagsm\u00e1l\"],\"inLanguage\":\"is\"},{\"@type\":\"WebPage\",\"@id\":\"https:\\\/\\\/www.norn.is\\\/pistlar\\\/buin-ad-kaera-stefan\\\/\",\"url\":\"https:\\\/\\\/www.norn.is\\\/pistlar\\\/buin-ad-kaera-stefan\\\/\",\"name\":\"B\u00fain a\u00f0 k\u00e6ra Stef\u00e1n - Pistlar Evu\",\"isPartOf\":{\"@id\":\"https:\\\/\\\/www.norn.is\\\/pistlar\\\/#website\"},\"datePublished\":\"2012-10-16T16:16:09+00:00\",\"dateModified\":\"2017-09-08T14:35:38+00:00\",\"author\":{\"@id\":\"https:\\\/\\\/www.norn.is\\\/pistlar\\\/#\\\/schema\\\/person\\\/1a27d7aee01469adf3180f8fd9e72c46\"},\"breadcrumb\":{\"@id\":\"https:\\\/\\\/www.norn.is\\\/pistlar\\\/buin-ad-kaera-stefan\\\/#breadcrumb\"},\"inLanguage\":\"is\",\"potentialAction\":[{\"@type\":\"ReadAction\",\"target\":[\"https:\\\/\\\/www.norn.is\\\/pistlar\\\/buin-ad-kaera-stefan\\\/\"]}]},{\"@type\":\"BreadcrumbList\",\"@id\":\"https:\\\/\\\/www.norn.is\\\/pistlar\\\/buin-ad-kaera-stefan\\\/#breadcrumb\",\"itemListElement\":[{\"@type\":\"ListItem\",\"position\":1,\"name\":\"Home\",\"item\":\"https:\\\/\\\/www.norn.is\\\/pistlar\\\/\"},{\"@type\":\"ListItem\",\"position\":2,\"name\":\"B\u00fain a\u00f0 k\u00e6ra Stef\u00e1n\"}]},{\"@type\":\"WebSite\",\"@id\":\"https:\\\/\\\/www.norn.is\\\/pistlar\\\/#website\",\"url\":\"https:\\\/\\\/www.norn.is\\\/pistlar\\\/\",\"name\":\"Pistlar Evu\",\"description\":\"\",\"potentialAction\":[{\"@type\":\"SearchAction\",\"target\":{\"@type\":\"EntryPoint\",\"urlTemplate\":\"https:\\\/\\\/www.norn.is\\\/pistlar\\\/?s={search_term_string}\"},\"query-input\":{\"@type\":\"PropertyValueSpecification\",\"valueRequired\":true,\"valueName\":\"search_term_string\"}}],\"inLanguage\":\"is\"},{\"@type\":\"Person\",\"@id\":\"https:\\\/\\\/www.norn.is\\\/pistlar\\\/#\\\/schema\\\/person\\\/1a27d7aee01469adf3180f8fd9e72c46\",\"name\":\"admin\",\"url\":\"https:\\\/\\\/www.norn.is\\\/pistlar\\\/author\\\/admin\\\/\"}]}<\/script>\n<!-- \/ Yoast SEO plugin. -->","yoast_head_json":{"title":"B\u00fain a\u00f0 k\u00e6ra Stef\u00e1n - Pistlar Evu","robots":{"index":"index","follow":"follow","max-snippet":"max-snippet:-1","max-image-preview":"max-image-preview:large","max-video-preview":"max-video-preview:-1"},"canonical":"https:\/\/www.norn.is\/pistlar\/buin-ad-kaera-stefan\/","og_locale":"is_IS","og_type":"article","og_title":"B\u00fain a\u00f0 k\u00e6ra Stef\u00e1n - Pistlar Evu","og_description":"\u00cd dag f\u00e9kk \u00e9g \u00e1bendingu um a\u00f0 mj\u00f6g vafasamt v\u00e6ri a\u00f0 \u00fea\u00f0 st\u00e6\u00f0ist uppl\u00fdsingal\u00f6g a\u00f0 neita almenningi um a\u00f0gang\u00a0\u00a0a\u00f0 sk\u00fdrslu Geirs J\u00f3ns \u00de\u00f3rissonar um b\u00fas\u00e1haldabyltinguna. \u00c9g sendi \u00fev\u00ed inn k\u00e6ru til \u00farskur\u00f0arnefndar um uppl\u00fdsingam\u00e1l, svohlj\u00f3\u00f0andi:","og_url":"https:\/\/www.norn.is\/pistlar\/buin-ad-kaera-stefan\/","og_site_name":"Pistlar Evu","article_published_time":"2012-10-16T16:16:09+00:00","article_modified_time":"2017-09-08T14:35:38+00:00","author":"admin","twitter_card":"summary_large_image","twitter_misc":{"Written by":false,"Est. reading time":"2 minutes"},"schema":{"@context":"https:\/\/schema.org","@graph":[{"@type":"Article","@id":"https:\/\/www.norn.is\/pistlar\/buin-ad-kaera-stefan\/#article","isPartOf":{"@id":"https:\/\/www.norn.is\/pistlar\/buin-ad-kaera-stefan\/"},"author":{"name":"admin","@id":"https:\/\/www.norn.is\/pistlar\/#\/schema\/person\/1a27d7aee01469adf3180f8fd9e72c46"},"headline":"B\u00fain a\u00f0 k\u00e6ra Stef\u00e1n","datePublished":"2012-10-16T16:16:09+00:00","dateModified":"2017-09-08T14:35:38+00:00","mainEntityOfPage":{"@id":"https:\/\/www.norn.is\/pistlar\/buin-ad-kaera-stefan\/"},"wordCount":434,"keywords":["B\u00fas\u00e1haldabyltingin","B\u00fas\u00f3sk\u00fdrslan"],"articleSection":["And\u00f3f og yfirvald","Pistlar um samf\u00e9lagsm\u00e1l"],"inLanguage":"is"},{"@type":"WebPage","@id":"https:\/\/www.norn.is\/pistlar\/buin-ad-kaera-stefan\/","url":"https:\/\/www.norn.is\/pistlar\/buin-ad-kaera-stefan\/","name":"B\u00fain a\u00f0 k\u00e6ra Stef\u00e1n - Pistlar Evu","isPartOf":{"@id":"https:\/\/www.norn.is\/pistlar\/#website"},"datePublished":"2012-10-16T16:16:09+00:00","dateModified":"2017-09-08T14:35:38+00:00","author":{"@id":"https:\/\/www.norn.is\/pistlar\/#\/schema\/person\/1a27d7aee01469adf3180f8fd9e72c46"},"breadcrumb":{"@id":"https:\/\/www.norn.is\/pistlar\/buin-ad-kaera-stefan\/#breadcrumb"},"inLanguage":"is","potentialAction":[{"@type":"ReadAction","target":["https:\/\/www.norn.is\/pistlar\/buin-ad-kaera-stefan\/"]}]},{"@type":"BreadcrumbList","@id":"https:\/\/www.norn.is\/pistlar\/buin-ad-kaera-stefan\/#breadcrumb","itemListElement":[{"@type":"ListItem","position":1,"name":"Home","item":"https:\/\/www.norn.is\/pistlar\/"},{"@type":"ListItem","position":2,"name":"B\u00fain a\u00f0 k\u00e6ra Stef\u00e1n"}]},{"@type":"WebSite","@id":"https:\/\/www.norn.is\/pistlar\/#website","url":"https:\/\/www.norn.is\/pistlar\/","name":"Pistlar Evu","description":"","potentialAction":[{"@type":"SearchAction","target":{"@type":"EntryPoint","urlTemplate":"https:\/\/www.norn.is\/pistlar\/?s={search_term_string}"},"query-input":{"@type":"PropertyValueSpecification","valueRequired":true,"valueName":"search_term_string"}}],"inLanguage":"is"},{"@type":"Person","@id":"https:\/\/www.norn.is\/pistlar\/#\/schema\/person\/1a27d7aee01469adf3180f8fd9e72c46","name":"admin","url":"https:\/\/www.norn.is\/pistlar\/author\/admin\/"}]}},"_links":{"self":[{"href":"https:\/\/www.norn.is\/pistlar\/wp-json\/wp\/v2\/posts\/3512","targetHints":{"allow":["GET"]}}],"collection":[{"href":"https:\/\/www.norn.is\/pistlar\/wp-json\/wp\/v2\/posts"}],"about":[{"href":"https:\/\/www.norn.is\/pistlar\/wp-json\/wp\/v2\/types\/post"}],"author":[{"embeddable":true,"href":"https:\/\/www.norn.is\/pistlar\/wp-json\/wp\/v2\/users\/1"}],"replies":[{"embeddable":true,"href":"https:\/\/www.norn.is\/pistlar\/wp-json\/wp\/v2\/comments?post=3512"}],"version-history":[{"count":3,"href":"https:\/\/www.norn.is\/pistlar\/wp-json\/wp\/v2\/posts\/3512\/revisions"}],"predecessor-version":[{"id":11380,"href":"https:\/\/www.norn.is\/pistlar\/wp-json\/wp\/v2\/posts\/3512\/revisions\/11380"}],"wp:attachment":[{"href":"https:\/\/www.norn.is\/pistlar\/wp-json\/wp\/v2\/media?parent=3512"}],"wp:term":[{"taxonomy":"category","embeddable":true,"href":"https:\/\/www.norn.is\/pistlar\/wp-json\/wp\/v2\/categories?post=3512"},{"taxonomy":"post_tag","embeddable":true,"href":"https:\/\/www.norn.is\/pistlar\/wp-json\/wp\/v2\/tags?post=3512"}],"curies":[{"name":"wp","href":"https:\/\/api.w.org\/{rel}","templated":true}]}}