{"id":3321,"date":"2012-10-11T01:00:34","date_gmt":"2012-10-11T01:00:34","guid":{"rendered":"http:\/\/www.pistillinn.is\/?p=3321"},"modified":"2018-09-18T13:38:10","modified_gmt":"2018-09-18T13:38:10","slug":"islenskir-sundlaugargestir-ordnir-allt-of-margir","status":"publish","type":"post","link":"https:\/\/www.norn.is\/pistlar\/islenskir-sundlaugargestir-ordnir-allt-of-margir\/","title":{"rendered":"\u00cdslenskir sundlaugagestir or\u00f0nir allt of margir"},"content":{"rendered":"<p>Einu sinni \u00f3k \u00e9g gullna hringinn \u00ed von um a\u00f0 sj\u00e1 Gullfoss og Geysi. \u00dea\u00f0 ur\u00f0u mikil vonbrig\u00f0i. \u00c1 b\u00e1\u00f0um st\u00f6\u00f0um var allt tro\u00f0fullt af einhverjum \u00fatlendingum sem tr\u00f3\u00f0ust fram fyrir mig svo \u00e9g s\u00e1 ekki neitt. Loksins lyfti ma\u00f0urinn minn m\u00e9r upp svo \u00e9g s\u00e1 sm\u00e1vegis en \u00fear sem tugir annarra augna voru gl\u00e1pandi \u00e1 fossinn, f\u00e9kk \u00e9g ekki nema l\u00edtinn hluta af upplifuninni \u00ed minn hlut.<!--more--><\/p>\n<p>\u00c1 endanum g\u00e1fumst vi\u00f0 upp og f\u00f3rum aftur til Reykjav\u00edkur. Vi\u00f0 \u00e6tlu\u00f0um a\u00f0 b\u00e6ta okkur upp vonbrig\u00f0in me\u00f0 \u00fev\u00ed a\u00f0 fara \u00ed menningarfer\u00f0 \u00e1 kaffih\u00fas svo vi\u00f0 r\u00f6ltum ni\u00f0ur \u00e1 Austurv\u00f6ll \u00ed g\u00f3\u00f0a ve\u00f0rinu. Reyndar var svo mikill mannfj\u00f6ldi a\u00f0 \u00fev\u00e6last fyrir okkur a\u00f0 vi\u00f0 vorum h\u00e1lf mi\u00f0ur okkar en \u00fear sem kaffih\u00fasafer\u00f0ir hafa tilheyrt menningu \u00cdslendinga \u00ed 15 e\u00f0a 20 \u00e1r, kom ekki til greina a\u00f0 l\u00e1ta einhverja \u00fatlendinga r\u00fasta \u00feessum merkilega \u00edslenska si\u00f0 me\u00f0 n\u00e6rveru sinni, svo vi\u00f0 olnbogu\u00f0um okkur vi\u00f0 illan leik alla lei\u00f0 \u00e1 Hress\u00f3.<\/p>\n<p>\u00c1 Hress\u00f3 var allt fullt af einhverjum \u00fatlendingum. Vi\u00f0 \u00e6tlu\u00f0um a\u00f0 panta kaffi en sumir \u00fatlendinganna voru skr\u00fdtnir og einhvernveginn sk\u00edtugir \u00e1 litinn og t\u00f6lu\u00f0u l\u00edka saman svo \u00fea\u00f0 var enginn fri\u00f0ur. Vi\u00f0 g\u00e1tum n\u00e1tt\u00farulega ekki bo\u00f0i\u00f0 sj\u00e1lfum okkur upp \u00e1 anna\u00f0 eins svo \u00fea\u00f0 enda\u00f0i me\u00f0 \u00fev\u00ed a\u00f0 vi\u00f0 f\u00f3rum bara \u00ed sund.<\/p>\n<p>N\u00fa hef\u00f0i ma\u00f0ur kannski haldi\u00f0 a\u00f0 \u00feetta v\u00e6ru or\u00f0in n\u00f3gu m\u00f6rg og sl\u00e6m \u00e1f\u00f6ll \u00e1 einum degi en nei\u00f3nei, \u00ed Vesturb\u00e6jarlauginni var l\u00edka allt tro\u00f0fullt af einhverju f\u00f3lki sem var fyrir okkur. A\u00f0 v\u00edsu voru \u00fea\u00f0 a\u00f0allega \u00cdslendingar svo \u00fea\u00f0 var ekki eins s\u00e1rsaukafull reynsla og \u00fea\u00f0 a\u00f0 hafa allt morandi \u00ed \u00fatlendingum en engu a\u00f0 s\u00ed\u00f0ur mj\u00f6g pirrandi a\u00f0 hafa allskonar f\u00f3lk n\u00e1l\u00e6gt s\u00e9r. Kellingarnar f\u00f3ru ekki einu sinni burt \u00e1 me\u00f0an \u00e9g var \u00ed sturtu. \u00dea\u00f0 sk\u00e1na\u00f0i l\u00edti\u00f0 \u00feegar vi\u00f0 komum vi\u00f0 \u00ed Melab\u00fa\u00f0inni \u00e1 heimlei\u00f0inni, \u00fear var l\u00edka alls konar f\u00f3lk a\u00f0 \u00fev\u00e6last fyrir okkur.<\/p>\n<p>Fer\u00f0amenn \u00e1 \u00cdslandi eru or\u00f0nir allt of margir. \u00dea\u00f0 \u00fearf a\u00f0 kenna \u00feessu li\u00f0i a\u00f0 h\u00e6tta \u00feessu \u00fatst\u00e1elsi \u00fat um allar koppagrundir. \u00deessu f\u00f3lki l\u00ed\u00f0ur hvort sem er \u00f6rugglega best heima hj\u00e1 s\u00e9r svo \u00fea\u00f0 er miklu betra a\u00f0 \u00fea\u00f0 sleppi \u00fev\u00ed a\u00f0 koma til \u00cdslands og sendi okkur frekar peninginn \u00ed p\u00f3sti.<\/p>\n<p>\u00dea\u00f0 er l\u00edka gj\u00f6rsamlega \u00f3\u00feolandi a\u00f0 f\u00f3lk \u00feurfi a\u00f0 hafa allskonar l\u00fd\u00f0 n\u00e1l\u00e6gt s\u00e9r \u00ed sundi e\u00f0a b\u00ed\u00f0a \u00ed bi\u00f0r\u00f6\u00f0 og \u00feurfa a\u00f0 smeygja s\u00e9r fram hj\u00e1 allskonar pakki \u00feegar \u00fea\u00f0 verslar \u00ed sinni eigin hverfisb\u00fa\u00f0. \u00c9g vil ekki eiga \u00e1 h\u00e6ttu a\u00f0 anna\u00f0 f\u00f3lk s\u00e9 fyrir m\u00e9r. \u00c9g legg \u00feessvegna til a\u00f0 teknar ver\u00f0i upp fj\u00f6ldatakmarkanir \u00e1 vegum, opnum sv\u00e6\u00f0um og \u00f6\u00f0rum opinberum st\u00f6\u00f0um, sem og \u00ed sundlaugum, verslunum og \u00f6\u00f0rum fyrirt\u00e6kjum sem telja m\u00e1 hluta af menningu \u00cdslendinga.<\/p>\n","protected":false},"excerpt":{"rendered":"<p>Einu sinni \u00f3k \u00e9g gullna hringinn \u00ed von um a\u00f0 sj\u00e1 Gullfoss og Geysi. \u00dea\u00f0 ur\u00f0u mikil vonbrig\u00f0i. \u00c1 b\u00e1\u00f0um st\u00f6\u00f0um var allt tro\u00f0fullt af einhverjum \u00fatlendingum sem tr\u00f3\u00f0ust fram fyrir mig svo \u00e9g s\u00e1 ekki neitt. Loksins lyfti ma\u00f0urinn &hellip; <a href=\"https:\/\/www.norn.is\/pistlar\/islenskir-sundlaugargestir-ordnir-allt-of-margir\/\">Halda \u00e1fram a\u00f0 lesa <span class=\"meta-nav\">&rarr;<\/span><\/a><\/p>\n","protected":false},"author":1,"featured_media":0,"comment_status":"closed","ping_status":"closed","sticky":false,"template":"","format":"standard","meta":{"footnotes":"","_links_to":"","_links_to_target":""},"categories":[11,1],"tags":[968,1091,1068],"class_list":["post-3321","post","type-post","status-publish","format-standard","hentry","category-mannrettindi","category-pistlar","tag-ferdamenn","tag-kynthatta-og-thjodernishyggja","tag-stjornmalamenn"],"yoast_head":"<!-- This site is optimized with the Yoast SEO plugin v27.5 - https:\/\/yoast.com\/product\/yoast-seo-wordpress\/ -->\n<title>\u00cdslenskir sundlaugagestir or\u00f0nir allt of margir - Pistlar Evu<\/title>\n<meta name=\"robots\" content=\"index, follow, max-snippet:-1, max-image-preview:large, max-video-preview:-1\" \/>\n<link rel=\"canonical\" href=\"https:\/\/www.norn.is\/pistlar\/islenskir-sundlaugargestir-ordnir-allt-of-margir\/\" \/>\n<meta property=\"og:locale\" content=\"is_IS\" \/>\n<meta property=\"og:type\" content=\"article\" \/>\n<meta property=\"og:title\" content=\"\u00cdslenskir sundlaugagestir or\u00f0nir allt of margir - Pistlar Evu\" \/>\n<meta property=\"og:description\" content=\"Einu sinni \u00f3k \u00e9g gullna hringinn \u00ed von um a\u00f0 sj\u00e1 Gullfoss og Geysi. \u00dea\u00f0 ur\u00f0u mikil vonbrig\u00f0i. \u00c1 b\u00e1\u00f0um st\u00f6\u00f0um var allt tro\u00f0fullt af einhverjum \u00fatlendingum sem tr\u00f3\u00f0ust fram fyrir mig svo \u00e9g s\u00e1 ekki neitt. Loksins lyfti ma\u00f0urinn &hellip; Halda \u00e1fram a\u00f0 lesa &rarr;\" \/>\n<meta property=\"og:url\" content=\"https:\/\/www.norn.is\/pistlar\/islenskir-sundlaugargestir-ordnir-allt-of-margir\/\" \/>\n<meta property=\"og:site_name\" content=\"Pistlar Evu\" \/>\n<meta property=\"article:published_time\" content=\"2012-10-11T01:00:34+00:00\" \/>\n<meta property=\"article:modified_time\" content=\"2018-09-18T13:38:10+00:00\" \/>\n<meta name=\"author\" content=\"admin\" \/>\n<meta name=\"twitter:card\" content=\"summary_large_image\" \/>\n<meta name=\"twitter:label1\" content=\"Written by\" \/>\n\t<meta name=\"twitter:data1\" content=\"\" \/>\n\t<meta name=\"twitter:label2\" content=\"Est. reading time\" \/>\n\t<meta name=\"twitter:data2\" content=\"3 minutes\" \/>\n<script type=\"application\/ld+json\" class=\"yoast-schema-graph\">{\"@context\":\"https:\\\/\\\/schema.org\",\"@graph\":[{\"@type\":\"Article\",\"@id\":\"https:\\\/\\\/www.norn.is\\\/pistlar\\\/islenskir-sundlaugargestir-ordnir-allt-of-margir\\\/#article\",\"isPartOf\":{\"@id\":\"https:\\\/\\\/www.norn.is\\\/pistlar\\\/islenskir-sundlaugargestir-ordnir-allt-of-margir\\\/\"},\"author\":{\"name\":\"admin\",\"@id\":\"https:\\\/\\\/www.norn.is\\\/pistlar\\\/#\\\/schema\\\/person\\\/1a27d7aee01469adf3180f8fd9e72c46\"},\"headline\":\"\u00cdslenskir sundlaugagestir or\u00f0nir allt of margir\",\"datePublished\":\"2012-10-11T01:00:34+00:00\",\"dateModified\":\"2018-09-18T13:38:10+00:00\",\"mainEntityOfPage\":{\"@id\":\"https:\\\/\\\/www.norn.is\\\/pistlar\\\/islenskir-sundlaugargestir-ordnir-allt-of-margir\\\/\"},\"wordCount\":525,\"keywords\":[\"Fer\u00f0amenn\",\"Kyn\u00fe\u00e1tta- og \u00fej\u00f3\u00f0ernishyggja\",\"Stj\u00f3rnm\u00e1lamenn\"],\"articleSection\":[\"Mannr\u00e9ttinda og fri\u00f0arm\u00e1l\",\"Pistlar um samf\u00e9lagsm\u00e1l\"],\"inLanguage\":\"is\"},{\"@type\":\"WebPage\",\"@id\":\"https:\\\/\\\/www.norn.is\\\/pistlar\\\/islenskir-sundlaugargestir-ordnir-allt-of-margir\\\/\",\"url\":\"https:\\\/\\\/www.norn.is\\\/pistlar\\\/islenskir-sundlaugargestir-ordnir-allt-of-margir\\\/\",\"name\":\"\u00cdslenskir sundlaugagestir or\u00f0nir allt of margir - Pistlar Evu\",\"isPartOf\":{\"@id\":\"https:\\\/\\\/www.norn.is\\\/pistlar\\\/#website\"},\"datePublished\":\"2012-10-11T01:00:34+00:00\",\"dateModified\":\"2018-09-18T13:38:10+00:00\",\"author\":{\"@id\":\"https:\\\/\\\/www.norn.is\\\/pistlar\\\/#\\\/schema\\\/person\\\/1a27d7aee01469adf3180f8fd9e72c46\"},\"breadcrumb\":{\"@id\":\"https:\\\/\\\/www.norn.is\\\/pistlar\\\/islenskir-sundlaugargestir-ordnir-allt-of-margir\\\/#breadcrumb\"},\"inLanguage\":\"is\",\"potentialAction\":[{\"@type\":\"ReadAction\",\"target\":[\"https:\\\/\\\/www.norn.is\\\/pistlar\\\/islenskir-sundlaugargestir-ordnir-allt-of-margir\\\/\"]}]},{\"@type\":\"BreadcrumbList\",\"@id\":\"https:\\\/\\\/www.norn.is\\\/pistlar\\\/islenskir-sundlaugargestir-ordnir-allt-of-margir\\\/#breadcrumb\",\"itemListElement\":[{\"@type\":\"ListItem\",\"position\":1,\"name\":\"Home\",\"item\":\"https:\\\/\\\/www.norn.is\\\/pistlar\\\/\"},{\"@type\":\"ListItem\",\"position\":2,\"name\":\"\u00cdslenskir sundlaugagestir or\u00f0nir allt of margir\"}]},{\"@type\":\"WebSite\",\"@id\":\"https:\\\/\\\/www.norn.is\\\/pistlar\\\/#website\",\"url\":\"https:\\\/\\\/www.norn.is\\\/pistlar\\\/\",\"name\":\"Pistlar Evu\",\"description\":\"\",\"potentialAction\":[{\"@type\":\"SearchAction\",\"target\":{\"@type\":\"EntryPoint\",\"urlTemplate\":\"https:\\\/\\\/www.norn.is\\\/pistlar\\\/?s={search_term_string}\"},\"query-input\":{\"@type\":\"PropertyValueSpecification\",\"valueRequired\":true,\"valueName\":\"search_term_string\"}}],\"inLanguage\":\"is\"},{\"@type\":\"Person\",\"@id\":\"https:\\\/\\\/www.norn.is\\\/pistlar\\\/#\\\/schema\\\/person\\\/1a27d7aee01469adf3180f8fd9e72c46\",\"name\":\"admin\",\"url\":\"https:\\\/\\\/www.norn.is\\\/pistlar\\\/author\\\/admin\\\/\"}]}<\/script>\n<!-- \/ Yoast SEO plugin. -->","yoast_head_json":{"title":"\u00cdslenskir sundlaugagestir or\u00f0nir allt of margir - Pistlar Evu","robots":{"index":"index","follow":"follow","max-snippet":"max-snippet:-1","max-image-preview":"max-image-preview:large","max-video-preview":"max-video-preview:-1"},"canonical":"https:\/\/www.norn.is\/pistlar\/islenskir-sundlaugargestir-ordnir-allt-of-margir\/","og_locale":"is_IS","og_type":"article","og_title":"\u00cdslenskir sundlaugagestir or\u00f0nir allt of margir - Pistlar Evu","og_description":"Einu sinni \u00f3k \u00e9g gullna hringinn \u00ed von um a\u00f0 sj\u00e1 Gullfoss og Geysi. \u00dea\u00f0 ur\u00f0u mikil vonbrig\u00f0i. \u00c1 b\u00e1\u00f0um st\u00f6\u00f0um var allt tro\u00f0fullt af einhverjum \u00fatlendingum sem tr\u00f3\u00f0ust fram fyrir mig svo \u00e9g s\u00e1 ekki neitt. Loksins lyfti ma\u00f0urinn &hellip; Halda \u00e1fram a\u00f0 lesa &rarr;","og_url":"https:\/\/www.norn.is\/pistlar\/islenskir-sundlaugargestir-ordnir-allt-of-margir\/","og_site_name":"Pistlar Evu","article_published_time":"2012-10-11T01:00:34+00:00","article_modified_time":"2018-09-18T13:38:10+00:00","author":"admin","twitter_card":"summary_large_image","twitter_misc":{"Written by":false,"Est. reading time":"3 minutes"},"schema":{"@context":"https:\/\/schema.org","@graph":[{"@type":"Article","@id":"https:\/\/www.norn.is\/pistlar\/islenskir-sundlaugargestir-ordnir-allt-of-margir\/#article","isPartOf":{"@id":"https:\/\/www.norn.is\/pistlar\/islenskir-sundlaugargestir-ordnir-allt-of-margir\/"},"author":{"name":"admin","@id":"https:\/\/www.norn.is\/pistlar\/#\/schema\/person\/1a27d7aee01469adf3180f8fd9e72c46"},"headline":"\u00cdslenskir sundlaugagestir or\u00f0nir allt of margir","datePublished":"2012-10-11T01:00:34+00:00","dateModified":"2018-09-18T13:38:10+00:00","mainEntityOfPage":{"@id":"https:\/\/www.norn.is\/pistlar\/islenskir-sundlaugargestir-ordnir-allt-of-margir\/"},"wordCount":525,"keywords":["Fer\u00f0amenn","Kyn\u00fe\u00e1tta- og \u00fej\u00f3\u00f0ernishyggja","Stj\u00f3rnm\u00e1lamenn"],"articleSection":["Mannr\u00e9ttinda og fri\u00f0arm\u00e1l","Pistlar um samf\u00e9lagsm\u00e1l"],"inLanguage":"is"},{"@type":"WebPage","@id":"https:\/\/www.norn.is\/pistlar\/islenskir-sundlaugargestir-ordnir-allt-of-margir\/","url":"https:\/\/www.norn.is\/pistlar\/islenskir-sundlaugargestir-ordnir-allt-of-margir\/","name":"\u00cdslenskir sundlaugagestir or\u00f0nir allt of margir - Pistlar Evu","isPartOf":{"@id":"https:\/\/www.norn.is\/pistlar\/#website"},"datePublished":"2012-10-11T01:00:34+00:00","dateModified":"2018-09-18T13:38:10+00:00","author":{"@id":"https:\/\/www.norn.is\/pistlar\/#\/schema\/person\/1a27d7aee01469adf3180f8fd9e72c46"},"breadcrumb":{"@id":"https:\/\/www.norn.is\/pistlar\/islenskir-sundlaugargestir-ordnir-allt-of-margir\/#breadcrumb"},"inLanguage":"is","potentialAction":[{"@type":"ReadAction","target":["https:\/\/www.norn.is\/pistlar\/islenskir-sundlaugargestir-ordnir-allt-of-margir\/"]}]},{"@type":"BreadcrumbList","@id":"https:\/\/www.norn.is\/pistlar\/islenskir-sundlaugargestir-ordnir-allt-of-margir\/#breadcrumb","itemListElement":[{"@type":"ListItem","position":1,"name":"Home","item":"https:\/\/www.norn.is\/pistlar\/"},{"@type":"ListItem","position":2,"name":"\u00cdslenskir sundlaugagestir or\u00f0nir allt of margir"}]},{"@type":"WebSite","@id":"https:\/\/www.norn.is\/pistlar\/#website","url":"https:\/\/www.norn.is\/pistlar\/","name":"Pistlar Evu","description":"","potentialAction":[{"@type":"SearchAction","target":{"@type":"EntryPoint","urlTemplate":"https:\/\/www.norn.is\/pistlar\/?s={search_term_string}"},"query-input":{"@type":"PropertyValueSpecification","valueRequired":true,"valueName":"search_term_string"}}],"inLanguage":"is"},{"@type":"Person","@id":"https:\/\/www.norn.is\/pistlar\/#\/schema\/person\/1a27d7aee01469adf3180f8fd9e72c46","name":"admin","url":"https:\/\/www.norn.is\/pistlar\/author\/admin\/"}]}},"_links":{"self":[{"href":"https:\/\/www.norn.is\/pistlar\/wp-json\/wp\/v2\/posts\/3321","targetHints":{"allow":["GET"]}}],"collection":[{"href":"https:\/\/www.norn.is\/pistlar\/wp-json\/wp\/v2\/posts"}],"about":[{"href":"https:\/\/www.norn.is\/pistlar\/wp-json\/wp\/v2\/types\/post"}],"author":[{"embeddable":true,"href":"https:\/\/www.norn.is\/pistlar\/wp-json\/wp\/v2\/users\/1"}],"replies":[{"embeddable":true,"href":"https:\/\/www.norn.is\/pistlar\/wp-json\/wp\/v2\/comments?post=3321"}],"version-history":[{"count":3,"href":"https:\/\/www.norn.is\/pistlar\/wp-json\/wp\/v2\/posts\/3321\/revisions"}],"predecessor-version":[{"id":13257,"href":"https:\/\/www.norn.is\/pistlar\/wp-json\/wp\/v2\/posts\/3321\/revisions\/13257"}],"wp:attachment":[{"href":"https:\/\/www.norn.is\/pistlar\/wp-json\/wp\/v2\/media?parent=3321"}],"wp:term":[{"taxonomy":"category","embeddable":true,"href":"https:\/\/www.norn.is\/pistlar\/wp-json\/wp\/v2\/categories?post=3321"},{"taxonomy":"post_tag","embeddable":true,"href":"https:\/\/www.norn.is\/pistlar\/wp-json\/wp\/v2\/tags?post=3321"}],"curies":[{"name":"wp","href":"https:\/\/api.w.org\/{rel}","templated":true}]}}