{"id":3161,"date":"2011-04-28T23:58:40","date_gmt":"2011-04-28T23:58:40","guid":{"rendered":"http:\/\/www.pistillinn.is\/?p=3161"},"modified":"2018-09-18T14:46:45","modified_gmt":"2018-09-18T14:46:45","slug":"facebook-getur-ekki-selt-eda-gefid-myndirnar-thinar","status":"publish","type":"post","link":"https:\/\/www.norn.is\/pistlar\/facebook-getur-ekki-selt-eda-gefid-myndirnar-thinar\/","title":{"rendered":"Facebook getur EKKI selt e\u00f0a gefi\u00f0 myndirnar \u00fe\u00ednar"},"content":{"rendered":"<ul>\n<li><a href=\"http:\/\/www.norn.is\/pistlar\/wp-content\/uploads\/sites\/2\/2011\/04\/In-Your-facebook-Stealing-Your-Data.jpeg\"><img loading=\"lazy\" decoding=\"async\" class=\"alignleft size-full wp-image-13474\" src=\"http:\/\/www.norn.is\/pistlar\/wp-content\/uploads\/sites\/2\/2011\/04\/In-Your-facebook-Stealing-Your-Data.jpeg\" alt=\"\" width=\"1000\" height=\"672\" srcset=\"https:\/\/www.norn.is\/pistlar\/wp-content\/uploads\/sites\/2\/2011\/04\/In-Your-facebook-Stealing-Your-Data.jpeg 1000w, https:\/\/www.norn.is\/pistlar\/wp-content\/uploads\/sites\/2\/2011\/04\/In-Your-facebook-Stealing-Your-Data-300x202.jpeg 300w, https:\/\/www.norn.is\/pistlar\/wp-content\/uploads\/sites\/2\/2011\/04\/In-Your-facebook-Stealing-Your-Data-768x516.jpeg 768w, https:\/\/www.norn.is\/pistlar\/wp-content\/uploads\/sites\/2\/2011\/04\/In-Your-facebook-Stealing-Your-Data-446x300.jpeg 446w\" sizes=\"auto, (max-width: 1000px) 100vw, 1000px\" \/><\/a><\/li>\n<li style=\"text-align: center;\"><em>Myndin er stolin<\/em><\/li>\n<li>Nei elskan. Facebook mun ekki \u00f6\u00f0last \u00fatg\u00e1fur\u00e9tt \u00e1 fj\u00f6lskyldumyndunum \u00fe\u00ednum \u00e1morgun. Andliti\u00f0 \u00e1 \u00fe\u00e9r ver\u00f0ur ekki nota\u00f0 \u00ed augl\u00fdsingu fyrir bandar\u00edskt s\u00edmafyrirt\u00e6ki \u00e1n samr\u00e1\u00f0s vi\u00f0 \u00feig og facebook mun ekki selja einhverjum myndirnar af kr\u00f6kkunum \u00fe\u00ednum, sem mun svo selja \u00fe\u00e6r \u00e1fram til einhvers sem selur \u00fe\u00e6r barnakl\u00e1mhring.<!--more--> \u00deetta mun allavega ekki gerast eftir l\u00f6glegum lei\u00f0um, svo miki\u00f0 er v\u00edst. Facebook hefur ekki r\u00e9tt til a\u00f0 framselja notkunarleyfi \u00e1 myndunum \u00fe\u00ednum, jafnvel \u00fe\u00f3tt \u00fe\u00fa hafir sam\u00feykkt alla skilm\u00e1la \u00e1n \u00feess a\u00f0 lesa \u00fe\u00e1 yfir og kunnir ekki \u00e1 \u00f6ryggisstillingar.<\/li>\n<li><strong><strong><br \/>\nH\u00f6fundarr\u00e9ttarl\u00f6g leyfa \u00fea\u00f0 ekki<\/strong><br \/>\n<\/strong>Ef augl\u00fdsendur hafa \u00e1huga \u00e1 a\u00f0 nota myndirnar \u00fe\u00ednar, ver\u00f0a \u00feeir a\u00f0 f\u00e1 formlegt leyfi \u00feess sem \u00e1 h\u00f6fundarr\u00e9tt a\u00f0 myndunum. \u00de\u00f3tt \u00fe\u00fa hef\u00f0ir gefi\u00f0 hverjum sem er leyfi til a\u00f0 nota allt \u00feitt d\u00f3t, \u00fe\u00e1 er mj\u00f6g l\u00edklegt a\u00f0 \u00fe\u00fa s\u00e9rt me\u00f0 myndir \u00ed safninu \u00fe\u00ednu sem \u00fe\u00fa \u00e1tt ekki h\u00f6fundarr\u00e9tt a\u00f0. T.d. er tr\u00falegt a\u00f0 einhver annar hafi teki\u00f0 flestar myndirnar af \u00fe\u00e9r.<\/li>\n<li>\u00de\u00f3tt br\u00f3\u00f0ir \u00feinn leyfi \u00fe\u00e9r a\u00f0 birta myndir sem hann t\u00f3k af \u00fe\u00e9r og kr\u00f6kkunum \u00fe\u00ednum, \u00fe\u00e1 hefur \u00fe\u00fa engan lagalegan r\u00e9tt til a\u00f0 leyfa \u00f6\u00f0rum a\u00f0 birta \u00fe\u00e6r, hva\u00f0 \u00fe\u00e1 a\u00f0 nota \u00fe\u00e6r \u00ed augl\u00fdsingar. \u00de\u00fa hefur \u00feannig ekki r\u00e9tt til a\u00f0 gefa Facebook leyfi til a\u00f0 nota \u00fe\u00e6r myndir sem \u00fe\u00fa birtir \u00e1 s\u00ed\u00f0unni \u00feinni, nema hugsanlega \u00fe\u00e6r myndir sem \u00fe\u00fa t\u00f3kst. \u00cd svo st\u00f3ru netsamf\u00e9lagi sem Facebook er, er auk \u00feess \u00fatiloka\u00f0 anna\u00f0 en a\u00f0 einhverjir birti myndir sem \u00feeir hafa fundi\u00f0 \u00e1 netinu og mega strangt til teki\u00f0 ekki deila (\u00fe\u00f3tt flestir l\u00edti svo \u00e1 a\u00f0 \u00fea\u00f0 s\u00e9 \u00ed lagi svo fremi sem \u00feeir eru ekki a\u00f0 gera \u00fea\u00f0 \u00ed gr\u00f3\u00f0askyni.) \u00dea\u00f0 yr\u00f0i mun fl\u00f3knara m\u00e1l og d\u00fdrara l\u00edka a\u00f0 fara \u00ed gegnum myndas\u00f6fn Facebook notenda til a\u00f0 finna g\u00f3\u00f0ar myndir en a\u00f0 r\u00e1\u00f0a almennilegan lj\u00f3smyndara. Auk \u00feess eru hverfandi l\u00edkur \u00e1 a\u00f0 fb r\u00e1\u00f0i einkasp\u00e6jara til a\u00f0 komast a\u00f0 \u00fev\u00ed hvort \u00fe\u00fa eigir h\u00f6fundarr\u00e9ttinn a\u00f0 myndunum \u00ed safninu \u00fe\u00ednu.<\/li>\n<li><strong>Notkunarskilm\u00e1lar eru aldrei \u00e6\u00f0ri l\u00f6gum<br \/>\n<\/strong>Notkunarskilm\u00e1lar \u00e1 nets\u00ed\u00f0um \u00fej\u00f3na oftast \u00feeim tilgangi a\u00f0 gera notendum lj\u00f3st hvar \u00feolm\u00f6rk fyrirt\u00e6kisins \u00e1 bak vi\u00f0 s\u00ed\u00f0una liggja (\u00fe\u00fa getur t.d. ekki gert r\u00e1\u00f0 fyrir a\u00f0 f\u00e1 fri\u00f0 til a\u00f0 stunda d\u00f3pvi\u00f0skipti e\u00f0a dreifa kl\u00e1mi \u00ed gegnum s\u00ed\u00f0una) og stundum a\u00f0 f\u00e1 sam\u00feykki \u00feitt fyrir \u00fev\u00ed a\u00f0 augl\u00fdsendur f\u00e1i a\u00f0 angra \u00feig, ekki til a\u00f0 stela efni fr\u00e1 \u00fe\u00e9r heldur til a\u00f0 fylla p\u00f3sth\u00f3lfi\u00f0 \u00feitt af augl\u00fdsingum og \u00f6\u00f0rum ruslp\u00f3sti. \u00cd einstaka tilfelli er h\u00e6tta \u00e1 a\u00f0 ma\u00f0ur skuldbindi sig til a\u00f0 kaupa eitthva\u00f0 svo og svo oft \u00e1 \u00e1ri en \u00fe\u00f3 er \u00f3vist a\u00f0 \u00fea\u00f0 st\u00e6\u00f0ist fyrir d\u00f3mi. <strong>Notkunarskilm\u00e1lar eru hinsvegar ekki settir til \u00feess a\u00f0 svipta \u00feig l\u00f6gbundnum r\u00e9ttindum \u00fe\u00ednum<\/strong>.<\/li>\n<li>\u00de\u00fa getur ekki afsala\u00f0 \u00fe\u00e9r mannr\u00e9ttindum, sl\u00edkt afsal v\u00e6ri einfaldlega \u00f3gilt fyrir d\u00f3mi. \u00de\u00fa getur heldur ekki afsala\u00f0 \u00fe\u00e9r r\u00e9ttinum til a\u00f0 f\u00e1 a\u00f0 taka uppl\u00fdsta \u00e1kv\u00f6r\u00f0un um \u00fea\u00f0 hvort \u00fe\u00fa gefur \u00f6\u00f0rum leyfi til a\u00f0 nota hugverk \u00fe\u00edn e\u00f0a r\u00e9ttinum til a\u00f0 r\u00e1\u00f0a \u00fev\u00ed hvort \u00fe\u00fa l\u00e1nar fyrirt\u00e6ki nafn \u00feitt og andlit. \u00dev\u00ed s\u00ed\u00f0ur getur\u00f0u afsala\u00f0 \u00fe\u00e9r \u00feeim r\u00e9tti bara me\u00f0 \u00fev\u00ed a\u00f0 vanr\u00e6kja \u00f6ryggisstillingar e\u00f0a vera t\u00e6kniklaufi. Jafnvel \u00fe\u00f3tt \u00fea\u00f0 v\u00e6ri h\u00e6gt, getur\u00f0u ekki gefi\u00f0 fyrirt\u00e6ki leyfi til a\u00f0 nota verk annarra.<\/li>\n<li><strong>\u00dea\u00f0 st\u00e6\u00f0ist heldur ekki pers\u00f3nuverndarl\u00f6g<br \/>\n<\/strong>Ef Facebook \u00e6tti a\u00f0 \u00f6\u00f0last r\u00e9tt til a\u00f0 gefa \u00f6\u00f0rum leyfi til a\u00f0 nota efni sem \u00fe\u00fa birtir, \u00e1n formlegs samnings, \u00feyrfti fyrst a\u00f0 afnema h\u00f6fundarr\u00e9ttarl\u00f6g \u00ed \u00f6llum r\u00edkjum veraldar. \u00dea\u00f0 \u00feyrfti l\u00edka a\u00f0 breyta pers\u00f3nuverndarl\u00f6gum \u00fev\u00ed \u00fea\u00f0 er \u00fatiloka\u00f0 a\u00f0 koma \u00ed veg fyrir a\u00f0 \u00fe\u00fa birtir uppl\u00fdsingar um a\u00f0ra sem kunna a\u00f0 vera vi\u00f0kv\u00e6mar e\u00f0a rangar (\u00fea\u00f0 getur gerst \u00fe\u00f3tt \u00fe\u00fa s\u00e9r bara a\u00f0 reyna a\u00f0 vera fyndinn). \u00dea\u00f0 sem \u00fe\u00fa segir blasir \u00fe\u00e1 a\u00f0 v\u00edsu vi\u00f0 \u00e1 s\u00ed\u00f0unni og g\u00e6ti jafnvel valdi\u00f0 vi\u00f0komandi ska\u00f0a en a\u00f0 \u00fea\u00f0 st\u00e6\u00f0ist pers\u00f3nuverndarl\u00f6g a\u00f0 \u00feri\u00f0ja a\u00f0ila yr\u00f0i gefi\u00f0 leyfi til a\u00f0 nota sl\u00edkar uppl\u00fdsingar \u00ed augl\u00fdsingaskyni, \u00fea\u00f0 er af og fr\u00e1. \u00dea\u00f0 eru \u00fev\u00ed engar l\u00edkur \u00e1 a\u00f0 facebook gefi lyfjafyrirt\u00e6ki leyfi til a\u00f0 nota myndina \u00fe\u00edna af yfirmanninum \u00fe\u00ednum ge\u00f0veikislegum til augnanna, \u00e1samt athugsemd um a\u00f0 n\u00fa s\u00e9 hann loksins b\u00fainn a\u00f0 taka doxypami\u00f0 sitt (hva\u00f0 sem \u00fea\u00f0 n\u00fa er) til a\u00f0 augl\u00fdsa lyf.<\/li>\n<li><strong>\u00dea\u00f0 yr\u00f0i of fl\u00f3ki\u00f0 a\u00f0 draga f\u00f3lk til \u00e1byrg\u00f0ar fyrir framsal h\u00f6fundarr\u00e9ttar<br \/>\n<\/strong>Aukinheldur er h\u00e6pi\u00f0 a\u00f0 \u00fea\u00f0 s\u00e9 yfirh\u00f6fu\u00f0 h\u00e6gt a\u00f0 gera mann \u00e1byrgan fyrir neinu sem hann hefur ekki undirrita\u00f0 \u00ed votta vi\u00f0urvist. \u00dea\u00f0 er alkunna a\u00f0 f\u00f3lk b\u00fai til fb s\u00ed\u00f0ur undir gervin\u00f6fnum. Me\u00f0 sl\u00edkri s\u00ed\u00f0u g\u00e6ti f\u00f3lk gefi\u00f0 fb r\u00e9tt til a\u00f0 framselja h\u00f6fundarvari\u00f0 efni annarra \u00e1n \u00feess a\u00f0 gera grein fyrir s\u00e9r ef \u00feessi fl\u00f6kkusaga st\u00e6\u00f0ist l\u00f6g. \u00dea\u00f0 er heldur ekki h\u00e6gt a\u00f0 \u00fatiloka a\u00f0 einhver komi a\u00f0 s\u00ed\u00f0unni \u00feinni opinni og breyti stillingum e\u00f0a hreinlega hakki sig inn \u00e1 hana. \u00dea\u00f0 g\u00e6ti or\u00f0i\u00f0 fl\u00f3ki\u00f0 a\u00f0 kalla mann til \u00e1byrg\u00f0ar fyrir framsali h\u00f6fundarr\u00e9ttar og \u00fev\u00ed \u00f3l\u00edklegt a\u00f0 birtingarleyfi ver\u00f0i nokkurnt\u00edma s\u00f3tt til einhvers Facebooknotanda, bara \u00fat \u00e1 a\u00f0gangsstillingarnar hans, \u00e1n \u00feess a\u00f0 \u00fea\u00f0 s\u00e9 neitt r\u00e6tt frekar.<\/li>\n<li>\u00dea\u00f0 er alveg \u00e1st\u00e6\u00f0a til a\u00f0 hafa \u00fea\u00f0 hugfast a\u00f0 allt sem \u00fe\u00fa gerir \u00e1 fb getur or\u00f0i\u00f0 hverjum sem er s\u00fdnilegt, hva\u00f0 sem \u00f6llum \u00f6ryggisstillingum l\u00ed\u00f0ur. \u00deessvegna er \u00e1g\u00e6t regla a\u00f0 birta ekkert \u00e1 Facebook sem \u00fe\u00fa \u00e6ltar ekki a\u00f0 s\u00fdna m\u00f6mmu \u00feinni, l\u00f6ggunni, skattinum og V\u00edtisenglum. En \u00feessi \u00f3tti um a\u00f0 \u00fe\u00fa s\u00e9rt a\u00f0 afsala \u00fe\u00e9r sj\u00e1lfs\u00f6g\u00f0ustu r\u00e9ttindum me\u00f0 \u00fev\u00ed a\u00f0 birta myndir, texta e\u00f0a anna\u00f0 efni \u00e1 nets\u00ed\u00f0u, hann er alveg \u00f3\u00fearfur.<\/li>\n<\/ul>\n","protected":false},"excerpt":{"rendered":"<p>Myndin er stolin Nei elskan. Facebook mun ekki \u00f6\u00f0last \u00fatg\u00e1fur\u00e9tt \u00e1 fj\u00f6lskyldumyndunum \u00fe\u00ednum \u00e1morgun. Andliti\u00f0 \u00e1 \u00fe\u00e9r ver\u00f0ur ekki nota\u00f0 \u00ed augl\u00fdsingu fyrir bandar\u00edskt s\u00edmafyrirt\u00e6ki \u00e1n samr\u00e1\u00f0s vi\u00f0 \u00feig og facebook mun ekki selja einhverjum myndirnar af kr\u00f6kkunum \u00fe\u00ednum, sem &hellip; <a href=\"https:\/\/www.norn.is\/pistlar\/facebook-getur-ekki-selt-eda-gefid-myndirnar-thinar\/\">Halda \u00e1fram a\u00f0 lesa <span class=\"meta-nav\">&rarr;<\/span><\/a><\/p>\n","protected":false},"author":1,"featured_media":0,"comment_status":"closed","ping_status":"closed","sticky":false,"template":"","format":"standard","meta":{"footnotes":"","_links_to":"","_links_to_target":""},"categories":[1],"tags":[1090,298,712,128],"class_list":["post-3161","post","type-post","status-publish","format-standard","hentry","category-pistlar","tag-blogg-og-samfelagsmidlar","tag-fridhelgi","tag-hugverkarettur","tag-personuvernd"],"yoast_head":"<!-- This site is optimized with the Yoast SEO plugin v27.5 - https:\/\/yoast.com\/product\/yoast-seo-wordpress\/ -->\n<title>Facebook getur EKKI selt e\u00f0a gefi\u00f0 myndirnar \u00fe\u00ednar - Pistlar Evu<\/title>\n<meta name=\"robots\" content=\"index, follow, max-snippet:-1, max-image-preview:large, max-video-preview:-1\" \/>\n<link rel=\"canonical\" href=\"https:\/\/www.norn.is\/pistlar\/facebook-getur-ekki-selt-eda-gefid-myndirnar-thinar\/\" \/>\n<meta property=\"og:locale\" content=\"is_IS\" \/>\n<meta property=\"og:type\" content=\"article\" \/>\n<meta property=\"og:title\" content=\"Facebook getur EKKI selt e\u00f0a gefi\u00f0 myndirnar \u00fe\u00ednar - Pistlar Evu\" \/>\n<meta property=\"og:description\" content=\"Myndin er stolin Nei elskan. Facebook mun ekki \u00f6\u00f0last \u00fatg\u00e1fur\u00e9tt \u00e1 fj\u00f6lskyldumyndunum \u00fe\u00ednum \u00e1morgun. Andliti\u00f0 \u00e1 \u00fe\u00e9r ver\u00f0ur ekki nota\u00f0 \u00ed augl\u00fdsingu fyrir bandar\u00edskt s\u00edmafyrirt\u00e6ki \u00e1n samr\u00e1\u00f0s vi\u00f0 \u00feig og facebook mun ekki selja einhverjum myndirnar af kr\u00f6kkunum \u00fe\u00ednum, sem &hellip; Halda \u00e1fram a\u00f0 lesa &rarr;\" \/>\n<meta property=\"og:url\" content=\"https:\/\/www.norn.is\/pistlar\/facebook-getur-ekki-selt-eda-gefid-myndirnar-thinar\/\" \/>\n<meta property=\"og:site_name\" content=\"Pistlar Evu\" \/>\n<meta property=\"article:published_time\" content=\"2011-04-28T23:58:40+00:00\" \/>\n<meta property=\"article:modified_time\" content=\"2018-09-18T14:46:45+00:00\" \/>\n<meta property=\"og:image\" content=\"https:\/\/www.norn.is\/pistlar\/wp-content\/uploads\/sites\/2\/2011\/04\/In-Your-facebook-Stealing-Your-Data.jpeg\" \/>\n\t<meta property=\"og:image:width\" content=\"1000\" \/>\n\t<meta property=\"og:image:height\" content=\"672\" \/>\n\t<meta property=\"og:image:type\" content=\"image\/jpeg\" \/>\n<meta name=\"author\" content=\"admin\" \/>\n<meta name=\"twitter:card\" content=\"summary_large_image\" \/>\n<meta name=\"twitter:image\" content=\"http:\/\/www.norn.is\/pistlar\/wp-content\/uploads\/sites\/2\/2011\/04\/In-Your-facebook-Stealing-Your-Data.jpeg\" \/>\n<meta name=\"twitter:label1\" content=\"Written by\" \/>\n\t<meta name=\"twitter:data1\" content=\"\" \/>\n\t<meta name=\"twitter:label2\" content=\"Est. reading time\" \/>\n\t<meta name=\"twitter:data2\" content=\"5 minutes\" \/>\n<script type=\"application\/ld+json\" class=\"yoast-schema-graph\">{\"@context\":\"https:\\\/\\\/schema.org\",\"@graph\":[{\"@type\":\"Article\",\"@id\":\"https:\\\/\\\/www.norn.is\\\/pistlar\\\/facebook-getur-ekki-selt-eda-gefid-myndirnar-thinar\\\/#article\",\"isPartOf\":{\"@id\":\"https:\\\/\\\/www.norn.is\\\/pistlar\\\/facebook-getur-ekki-selt-eda-gefid-myndirnar-thinar\\\/\"},\"author\":{\"name\":\"admin\",\"@id\":\"https:\\\/\\\/www.norn.is\\\/pistlar\\\/#\\\/schema\\\/person\\\/1a27d7aee01469adf3180f8fd9e72c46\"},\"headline\":\"Facebook getur EKKI selt e\u00f0a gefi\u00f0 myndirnar \u00fe\u00ednar\",\"datePublished\":\"2011-04-28T23:58:40+00:00\",\"dateModified\":\"2018-09-18T14:46:45+00:00\",\"mainEntityOfPage\":{\"@id\":\"https:\\\/\\\/www.norn.is\\\/pistlar\\\/facebook-getur-ekki-selt-eda-gefid-myndirnar-thinar\\\/\"},\"wordCount\":1041,\"image\":{\"@id\":\"https:\\\/\\\/www.norn.is\\\/pistlar\\\/facebook-getur-ekki-selt-eda-gefid-myndirnar-thinar\\\/#primaryimage\"},\"thumbnailUrl\":\"http:\\\/\\\/www.norn.is\\\/pistlar\\\/wp-content\\\/uploads\\\/sites\\\/2\\\/2011\\\/04\\\/In-Your-facebook-Stealing-Your-Data.jpeg\",\"keywords\":[\"Blogg og samf\u00e9lagsmi\u00f0lar\",\"Fri\u00f0helgi\",\"Hugverkar\u00e9ttur\",\"Pers\u00f3nuvernd\"],\"articleSection\":[\"Pistlar um samf\u00e9lagsm\u00e1l\"],\"inLanguage\":\"is\"},{\"@type\":\"WebPage\",\"@id\":\"https:\\\/\\\/www.norn.is\\\/pistlar\\\/facebook-getur-ekki-selt-eda-gefid-myndirnar-thinar\\\/\",\"url\":\"https:\\\/\\\/www.norn.is\\\/pistlar\\\/facebook-getur-ekki-selt-eda-gefid-myndirnar-thinar\\\/\",\"name\":\"Facebook getur EKKI selt e\u00f0a gefi\u00f0 myndirnar \u00fe\u00ednar - Pistlar Evu\",\"isPartOf\":{\"@id\":\"https:\\\/\\\/www.norn.is\\\/pistlar\\\/#website\"},\"primaryImageOfPage\":{\"@id\":\"https:\\\/\\\/www.norn.is\\\/pistlar\\\/facebook-getur-ekki-selt-eda-gefid-myndirnar-thinar\\\/#primaryimage\"},\"image\":{\"@id\":\"https:\\\/\\\/www.norn.is\\\/pistlar\\\/facebook-getur-ekki-selt-eda-gefid-myndirnar-thinar\\\/#primaryimage\"},\"thumbnailUrl\":\"http:\\\/\\\/www.norn.is\\\/pistlar\\\/wp-content\\\/uploads\\\/sites\\\/2\\\/2011\\\/04\\\/In-Your-facebook-Stealing-Your-Data.jpeg\",\"datePublished\":\"2011-04-28T23:58:40+00:00\",\"dateModified\":\"2018-09-18T14:46:45+00:00\",\"author\":{\"@id\":\"https:\\\/\\\/www.norn.is\\\/pistlar\\\/#\\\/schema\\\/person\\\/1a27d7aee01469adf3180f8fd9e72c46\"},\"breadcrumb\":{\"@id\":\"https:\\\/\\\/www.norn.is\\\/pistlar\\\/facebook-getur-ekki-selt-eda-gefid-myndirnar-thinar\\\/#breadcrumb\"},\"inLanguage\":\"is\",\"potentialAction\":[{\"@type\":\"ReadAction\",\"target\":[\"https:\\\/\\\/www.norn.is\\\/pistlar\\\/facebook-getur-ekki-selt-eda-gefid-myndirnar-thinar\\\/\"]}]},{\"@type\":\"ImageObject\",\"inLanguage\":\"is\",\"@id\":\"https:\\\/\\\/www.norn.is\\\/pistlar\\\/facebook-getur-ekki-selt-eda-gefid-myndirnar-thinar\\\/#primaryimage\",\"url\":\"http:\\\/\\\/www.norn.is\\\/pistlar\\\/wp-content\\\/uploads\\\/sites\\\/2\\\/2011\\\/04\\\/In-Your-facebook-Stealing-Your-Data.jpeg\",\"contentUrl\":\"http:\\\/\\\/www.norn.is\\\/pistlar\\\/wp-content\\\/uploads\\\/sites\\\/2\\\/2011\\\/04\\\/In-Your-facebook-Stealing-Your-Data.jpeg\"},{\"@type\":\"BreadcrumbList\",\"@id\":\"https:\\\/\\\/www.norn.is\\\/pistlar\\\/facebook-getur-ekki-selt-eda-gefid-myndirnar-thinar\\\/#breadcrumb\",\"itemListElement\":[{\"@type\":\"ListItem\",\"position\":1,\"name\":\"Home\",\"item\":\"https:\\\/\\\/www.norn.is\\\/pistlar\\\/\"},{\"@type\":\"ListItem\",\"position\":2,\"name\":\"Facebook getur EKKI selt e\u00f0a gefi\u00f0 myndirnar \u00fe\u00ednar\"}]},{\"@type\":\"WebSite\",\"@id\":\"https:\\\/\\\/www.norn.is\\\/pistlar\\\/#website\",\"url\":\"https:\\\/\\\/www.norn.is\\\/pistlar\\\/\",\"name\":\"Pistlar Evu\",\"description\":\"\",\"potentialAction\":[{\"@type\":\"SearchAction\",\"target\":{\"@type\":\"EntryPoint\",\"urlTemplate\":\"https:\\\/\\\/www.norn.is\\\/pistlar\\\/?s={search_term_string}\"},\"query-input\":{\"@type\":\"PropertyValueSpecification\",\"valueRequired\":true,\"valueName\":\"search_term_string\"}}],\"inLanguage\":\"is\"},{\"@type\":\"Person\",\"@id\":\"https:\\\/\\\/www.norn.is\\\/pistlar\\\/#\\\/schema\\\/person\\\/1a27d7aee01469adf3180f8fd9e72c46\",\"name\":\"admin\",\"url\":\"https:\\\/\\\/www.norn.is\\\/pistlar\\\/author\\\/admin\\\/\"}]}<\/script>\n<!-- \/ Yoast SEO plugin. -->","yoast_head_json":{"title":"Facebook getur EKKI selt e\u00f0a gefi\u00f0 myndirnar \u00fe\u00ednar - Pistlar Evu","robots":{"index":"index","follow":"follow","max-snippet":"max-snippet:-1","max-image-preview":"max-image-preview:large","max-video-preview":"max-video-preview:-1"},"canonical":"https:\/\/www.norn.is\/pistlar\/facebook-getur-ekki-selt-eda-gefid-myndirnar-thinar\/","og_locale":"is_IS","og_type":"article","og_title":"Facebook getur EKKI selt e\u00f0a gefi\u00f0 myndirnar \u00fe\u00ednar - Pistlar Evu","og_description":"Myndin er stolin Nei elskan. Facebook mun ekki \u00f6\u00f0last \u00fatg\u00e1fur\u00e9tt \u00e1 fj\u00f6lskyldumyndunum \u00fe\u00ednum \u00e1morgun. Andliti\u00f0 \u00e1 \u00fe\u00e9r ver\u00f0ur ekki nota\u00f0 \u00ed augl\u00fdsingu fyrir bandar\u00edskt s\u00edmafyrirt\u00e6ki \u00e1n samr\u00e1\u00f0s vi\u00f0 \u00feig og facebook mun ekki selja einhverjum myndirnar af kr\u00f6kkunum \u00fe\u00ednum, sem &hellip; Halda \u00e1fram a\u00f0 lesa &rarr;","og_url":"https:\/\/www.norn.is\/pistlar\/facebook-getur-ekki-selt-eda-gefid-myndirnar-thinar\/","og_site_name":"Pistlar Evu","article_published_time":"2011-04-28T23:58:40+00:00","article_modified_time":"2018-09-18T14:46:45+00:00","og_image":[{"width":1000,"height":672,"url":"https:\/\/www.norn.is\/pistlar\/wp-content\/uploads\/sites\/2\/2011\/04\/In-Your-facebook-Stealing-Your-Data.jpeg","type":"image\/jpeg"}],"author":"admin","twitter_card":"summary_large_image","twitter_image":"http:\/\/www.norn.is\/pistlar\/wp-content\/uploads\/sites\/2\/2011\/04\/In-Your-facebook-Stealing-Your-Data.jpeg","twitter_misc":{"Written by":false,"Est. reading time":"5 minutes"},"schema":{"@context":"https:\/\/schema.org","@graph":[{"@type":"Article","@id":"https:\/\/www.norn.is\/pistlar\/facebook-getur-ekki-selt-eda-gefid-myndirnar-thinar\/#article","isPartOf":{"@id":"https:\/\/www.norn.is\/pistlar\/facebook-getur-ekki-selt-eda-gefid-myndirnar-thinar\/"},"author":{"name":"admin","@id":"https:\/\/www.norn.is\/pistlar\/#\/schema\/person\/1a27d7aee01469adf3180f8fd9e72c46"},"headline":"Facebook getur EKKI selt e\u00f0a gefi\u00f0 myndirnar \u00fe\u00ednar","datePublished":"2011-04-28T23:58:40+00:00","dateModified":"2018-09-18T14:46:45+00:00","mainEntityOfPage":{"@id":"https:\/\/www.norn.is\/pistlar\/facebook-getur-ekki-selt-eda-gefid-myndirnar-thinar\/"},"wordCount":1041,"image":{"@id":"https:\/\/www.norn.is\/pistlar\/facebook-getur-ekki-selt-eda-gefid-myndirnar-thinar\/#primaryimage"},"thumbnailUrl":"http:\/\/www.norn.is\/pistlar\/wp-content\/uploads\/sites\/2\/2011\/04\/In-Your-facebook-Stealing-Your-Data.jpeg","keywords":["Blogg og samf\u00e9lagsmi\u00f0lar","Fri\u00f0helgi","Hugverkar\u00e9ttur","Pers\u00f3nuvernd"],"articleSection":["Pistlar um samf\u00e9lagsm\u00e1l"],"inLanguage":"is"},{"@type":"WebPage","@id":"https:\/\/www.norn.is\/pistlar\/facebook-getur-ekki-selt-eda-gefid-myndirnar-thinar\/","url":"https:\/\/www.norn.is\/pistlar\/facebook-getur-ekki-selt-eda-gefid-myndirnar-thinar\/","name":"Facebook getur EKKI selt e\u00f0a gefi\u00f0 myndirnar \u00fe\u00ednar - Pistlar Evu","isPartOf":{"@id":"https:\/\/www.norn.is\/pistlar\/#website"},"primaryImageOfPage":{"@id":"https:\/\/www.norn.is\/pistlar\/facebook-getur-ekki-selt-eda-gefid-myndirnar-thinar\/#primaryimage"},"image":{"@id":"https:\/\/www.norn.is\/pistlar\/facebook-getur-ekki-selt-eda-gefid-myndirnar-thinar\/#primaryimage"},"thumbnailUrl":"http:\/\/www.norn.is\/pistlar\/wp-content\/uploads\/sites\/2\/2011\/04\/In-Your-facebook-Stealing-Your-Data.jpeg","datePublished":"2011-04-28T23:58:40+00:00","dateModified":"2018-09-18T14:46:45+00:00","author":{"@id":"https:\/\/www.norn.is\/pistlar\/#\/schema\/person\/1a27d7aee01469adf3180f8fd9e72c46"},"breadcrumb":{"@id":"https:\/\/www.norn.is\/pistlar\/facebook-getur-ekki-selt-eda-gefid-myndirnar-thinar\/#breadcrumb"},"inLanguage":"is","potentialAction":[{"@type":"ReadAction","target":["https:\/\/www.norn.is\/pistlar\/facebook-getur-ekki-selt-eda-gefid-myndirnar-thinar\/"]}]},{"@type":"ImageObject","inLanguage":"is","@id":"https:\/\/www.norn.is\/pistlar\/facebook-getur-ekki-selt-eda-gefid-myndirnar-thinar\/#primaryimage","url":"http:\/\/www.norn.is\/pistlar\/wp-content\/uploads\/sites\/2\/2011\/04\/In-Your-facebook-Stealing-Your-Data.jpeg","contentUrl":"http:\/\/www.norn.is\/pistlar\/wp-content\/uploads\/sites\/2\/2011\/04\/In-Your-facebook-Stealing-Your-Data.jpeg"},{"@type":"BreadcrumbList","@id":"https:\/\/www.norn.is\/pistlar\/facebook-getur-ekki-selt-eda-gefid-myndirnar-thinar\/#breadcrumb","itemListElement":[{"@type":"ListItem","position":1,"name":"Home","item":"https:\/\/www.norn.is\/pistlar\/"},{"@type":"ListItem","position":2,"name":"Facebook getur EKKI selt e\u00f0a gefi\u00f0 myndirnar \u00fe\u00ednar"}]},{"@type":"WebSite","@id":"https:\/\/www.norn.is\/pistlar\/#website","url":"https:\/\/www.norn.is\/pistlar\/","name":"Pistlar Evu","description":"","potentialAction":[{"@type":"SearchAction","target":{"@type":"EntryPoint","urlTemplate":"https:\/\/www.norn.is\/pistlar\/?s={search_term_string}"},"query-input":{"@type":"PropertyValueSpecification","valueRequired":true,"valueName":"search_term_string"}}],"inLanguage":"is"},{"@type":"Person","@id":"https:\/\/www.norn.is\/pistlar\/#\/schema\/person\/1a27d7aee01469adf3180f8fd9e72c46","name":"admin","url":"https:\/\/www.norn.is\/pistlar\/author\/admin\/"}]}},"_links":{"self":[{"href":"https:\/\/www.norn.is\/pistlar\/wp-json\/wp\/v2\/posts\/3161","targetHints":{"allow":["GET"]}}],"collection":[{"href":"https:\/\/www.norn.is\/pistlar\/wp-json\/wp\/v2\/posts"}],"about":[{"href":"https:\/\/www.norn.is\/pistlar\/wp-json\/wp\/v2\/types\/post"}],"author":[{"embeddable":true,"href":"https:\/\/www.norn.is\/pistlar\/wp-json\/wp\/v2\/users\/1"}],"replies":[{"embeddable":true,"href":"https:\/\/www.norn.is\/pistlar\/wp-json\/wp\/v2\/comments?post=3161"}],"version-history":[{"count":6,"href":"https:\/\/www.norn.is\/pistlar\/wp-json\/wp\/v2\/posts\/3161\/revisions"}],"predecessor-version":[{"id":13478,"href":"https:\/\/www.norn.is\/pistlar\/wp-json\/wp\/v2\/posts\/3161\/revisions\/13478"}],"wp:attachment":[{"href":"https:\/\/www.norn.is\/pistlar\/wp-json\/wp\/v2\/media?parent=3161"}],"wp:term":[{"taxonomy":"category","embeddable":true,"href":"https:\/\/www.norn.is\/pistlar\/wp-json\/wp\/v2\/categories?post=3161"},{"taxonomy":"post_tag","embeddable":true,"href":"https:\/\/www.norn.is\/pistlar\/wp-json\/wp\/v2\/tags?post=3161"}],"curies":[{"name":"wp","href":"https:\/\/api.w.org\/{rel}","templated":true}]}}