{"id":3063,"date":"2012-09-26T15:39:24","date_gmt":"2012-09-26T15:39:24","guid":{"rendered":"http:\/\/www.pistillinn.is\/?p=3063"},"modified":"2018-09-18T12:57:27","modified_gmt":"2018-09-18T12:57:27","slug":"rendi-skilur-ekki-hvad-starf-hans-felur-i-ser","status":"publish","type":"post","link":"https:\/\/www.norn.is\/pistlar\/rendi-skilur-ekki-hvad-starf-hans-felur-i-ser\/","title":{"rendered":"Rendi skilur ekki hva\u00f0 starf hans felur \u00ed s\u00e9r"},"content":{"rendered":"<p>\u00dea\u00f0 er alveg r\u00e9tt hj\u00e1 R\u00edkisendursko\u00f0anda a\u00f0 \u00fea\u00f0 er ekki bo\u00f0legt a\u00f0 bera saman kostna\u00f0 \u00cdslendinga og Dana vi\u00f0 b\u00f3khaldskerfi fyrir stj\u00f3rns\u00fdsluna. \u00cdslendingar hafa nefnilega ekki a\u00f0eins eytt \u00f3\u00fearflega miklum peningum \u00ed b\u00fana\u00f0inn heldur einnig borga\u00f0 fyrir \u00fej\u00f3nustu sem aldrei var innt af hendi en \u00fea\u00f0 myndu Danir seint gera.<!--more--><\/p>\n<p>\u00dea\u00f0 er \u00fe\u00f3 l\u00edklega ekki \u00feetta sem Sveinn Arason \u00e1 vi\u00f0 me\u00f0 \u00fev\u00ed a\u00f0 samanbur\u00f0urinn s\u00e9 ekki framb\u00e6rilegur heldur vir\u00f0ist hann telja e\u00f0lilegt a\u00f0 \u00cdslendingar beri mun meiri kostna\u00f0 af t\u00f6lvukerfi en Danir. Hann var ekki be\u00f0inn a\u00f0 \u00fatsk\u00fdra hversvegna \u00fea\u00f0 er e\u00f0lilegt. Einhver \u00feeirra sem vann sk\u00fdrsludr\u00f6gin hefur greinilega veri\u00f0 honum \u00f3samm\u00e1la um \u00feetta atri\u00f0i og \u00fear sem Rendi tekur fram a\u00f0 enn hafi \u00e1tt eftir a\u00f0 endurrita \u00fdmislegt \u00ed sk\u00fdrslunni, dettur manni svona \u00ed hug a\u00f0 til hafi sta\u00f0i\u00f0 a\u00f0 taka \u00feennan samanbur\u00f0 \u00fat \u00e1\u00f0ur en sk\u00fdrslan yr\u00f0i birt. Hann var ekkert spur\u00f0ur \u00fat \u00ed \u00fea\u00f0 heldur.<\/p>\n<p>\u00dea\u00f0 er skiljanlegt a\u00f0 menn reyni a\u00f0 afsaka dr\u00e1tt \u00e1 verkefnaskilum og \u00fer\u00e6ti fyrir spillingu \u00fe\u00f3tt hagsmunatengslin beinl\u00ednis \u00e6pi \u00e1 mann. En framkoma R\u00edkisendursko\u00f0anda \u00ed \u00feessu m\u00e1li ber auk \u00feess \u00f6ll keim af \u00fev\u00ed vi\u00f0horfi a\u00f0 uppl\u00fdsingar sem var\u00f0a almannahag s\u00e9u einkaeign stofnana og\/e\u00f0a emb\u00e6ttismanna, sem geti \u00fatdeilt \u00feeim a\u00f0 eigin ge\u00f0\u00fe\u00f3tta og \u00e1 eigin forsendum. Svo vir\u00f0ist sem hann skilji ekki a\u00f0\u00a0starf hans felst \u00ed \u00fej\u00f3nustu vi\u00f0 Al\u00feingi og \u00fear me\u00f0 almenning \u00ed landinu.<\/p>\n<p>Nokkur d\u00e6mi:<\/p>\n<p>R\u00edkisendursko\u00f0andi l\u00edtur greinilega \u00e1 \u00fea\u00f0 sem gl\u00e6psamlegt ath\u00e6fi a\u00f0 koma <a href=\"http:\/\/www.xn--rv-rka.is\/siddegisutvarpid\/%E2%80%9Esvarta-skyrslan%E2%80%9C-veldur-titringi\">uppl\u00fdsingum um afgl\u00f6p innan stj\u00f3rns\u00fdslunnar<\/a>\u00a0\u00ed hendur fj\u00f6lmi\u00f0la.<\/p>\n<p>Hann h\u00f3tar a\u00f0\u00a0<a href=\"http:\/\/www.ruv.is\/frett\/rikisendurskodun-aetlar-ad-kaera\">k\u00e6ra fj\u00f6lmi\u00f0la<\/a>\u00a0fyrir a\u00f0\u00a0uppl\u00fdsa almenning um \u00fea\u00f0 hvernig skattf\u00e9 borgaranna er vari\u00f0.<\/p>\n<p>Hann <a href=\"http:\/\/www.ruv.is\/frett\/trunadarbrestur-vegna-malsins\">neitar a\u00f0 afhenda Al\u00feingism\u00f6nnum<\/a>\u00a0g\u00f6gn sem \u00feeir falast eftir, og eru m.a.s. komin \u00ed fj\u00f6lmi\u00f0la.<\/p>\n<p>Hann gefur til kynna, \u00ed bla\u00f0avi\u00f0tali, \u00a0a\u00f0 hann hef\u00f0i <a href=\"http:\/\/www.dv.is\/frettir\/2012\/9\/26\/eg-tel-ad-thad-se-ekki-vid-neinn-einn-ad-sakast\/\">teki\u00f0 \u00fat \u00far sk\u00fdrslunni uppl\u00fdsandi samanbur\u00f0<\/a> ef hann hef\u00f0i bara veri\u00f0 l\u00e1tinn \u00ed fri\u00f0i.<\/p>\n<p>Sveinn Arason vir\u00f0ist \u00feannig l\u00edta \u00e1 R\u00edkisendursko\u00f0un sem einkafyrirt\u00e6ki og sj\u00e1lfan sig sem eiganda \u00feess. Ma\u00f0ur sem skilur ekki \u00fej\u00f3nustuhlutverk R\u00edkisendursko\u00f0unar og telur sig yfir Al\u00feingi hafinn \u00e1 ekki a\u00f0 gegna \u00feessu emb\u00e6tti. Ef hann hefur ekki r\u00e6nu \u00e1 a\u00f0 segja upp sj\u00e1lfur \u00e1 Al\u00feingi a\u00f0 leysa hann fr\u00e1 emb\u00e6tti hi\u00f0 snarasta.<\/p>\n","protected":false},"excerpt":{"rendered":"<p>\u00dea\u00f0 er alveg r\u00e9tt hj\u00e1 R\u00edkisendursko\u00f0anda a\u00f0 \u00fea\u00f0 er ekki bo\u00f0legt a\u00f0 bera saman kostna\u00f0 \u00cdslendinga og Dana vi\u00f0 b\u00f3khaldskerfi fyrir stj\u00f3rns\u00fdsluna. \u00cdslendingar hafa nefnilega ekki a\u00f0eins eytt \u00f3\u00fearflega miklum peningum \u00ed b\u00fana\u00f0inn heldur einnig borga\u00f0 fyrir \u00fej\u00f3nustu sem aldrei &hellip; <a href=\"https:\/\/www.norn.is\/pistlar\/rendi-skilur-ekki-hvad-starf-hans-felur-i-ser\/\">Halda \u00e1fram a\u00f0 lesa <span class=\"meta-nav\">&rarr;<\/span><\/a><\/p>\n","protected":false},"author":1,"featured_media":0,"comment_status":"closed","ping_status":"closed","sticky":false,"template":"","format":"standard","meta":{"footnotes":"","_links_to":"","_links_to_target":""},"categories":[12,1],"tags":[117,862],"class_list":["post-3063","post","type-post","status-publish","format-standard","hentry","category-menning-listir-og-fjolmidlar","category-pistlar","tag-althingi","tag-eftirlit"],"yoast_head":"<!-- This site is optimized with the Yoast SEO plugin v27.5 - https:\/\/yoast.com\/product\/yoast-seo-wordpress\/ -->\n<title>Rendi skilur ekki hva\u00f0 starf hans felur \u00ed s\u00e9r - Pistlar Evu<\/title>\n<meta name=\"robots\" content=\"index, follow, max-snippet:-1, max-image-preview:large, max-video-preview:-1\" \/>\n<link rel=\"canonical\" href=\"https:\/\/www.norn.is\/pistlar\/rendi-skilur-ekki-hvad-starf-hans-felur-i-ser\/\" \/>\n<meta property=\"og:locale\" content=\"is_IS\" \/>\n<meta property=\"og:type\" content=\"article\" \/>\n<meta property=\"og:title\" content=\"Rendi skilur ekki hva\u00f0 starf hans felur \u00ed s\u00e9r - Pistlar Evu\" \/>\n<meta property=\"og:description\" content=\"\u00dea\u00f0 er alveg r\u00e9tt hj\u00e1 R\u00edkisendursko\u00f0anda a\u00f0 \u00fea\u00f0 er ekki bo\u00f0legt a\u00f0 bera saman kostna\u00f0 \u00cdslendinga og Dana vi\u00f0 b\u00f3khaldskerfi fyrir stj\u00f3rns\u00fdsluna. \u00cdslendingar hafa nefnilega ekki a\u00f0eins eytt \u00f3\u00fearflega miklum peningum \u00ed b\u00fana\u00f0inn heldur einnig borga\u00f0 fyrir \u00fej\u00f3nustu sem aldrei &hellip; Halda \u00e1fram a\u00f0 lesa &rarr;\" \/>\n<meta property=\"og:url\" content=\"https:\/\/www.norn.is\/pistlar\/rendi-skilur-ekki-hvad-starf-hans-felur-i-ser\/\" \/>\n<meta property=\"og:site_name\" content=\"Pistlar Evu\" \/>\n<meta property=\"article:published_time\" content=\"2012-09-26T15:39:24+00:00\" \/>\n<meta property=\"article:modified_time\" content=\"2018-09-18T12:57:27+00:00\" \/>\n<meta name=\"author\" content=\"admin\" \/>\n<meta name=\"twitter:card\" content=\"summary_large_image\" \/>\n<meta name=\"twitter:label1\" content=\"Written by\" \/>\n\t<meta name=\"twitter:data1\" content=\"\" \/>\n\t<meta name=\"twitter:label2\" content=\"Est. reading time\" \/>\n\t<meta name=\"twitter:data2\" content=\"2 minutes\" \/>\n<script type=\"application\/ld+json\" class=\"yoast-schema-graph\">{\"@context\":\"https:\\\/\\\/schema.org\",\"@graph\":[{\"@type\":\"Article\",\"@id\":\"https:\\\/\\\/www.norn.is\\\/pistlar\\\/rendi-skilur-ekki-hvad-starf-hans-felur-i-ser\\\/#article\",\"isPartOf\":{\"@id\":\"https:\\\/\\\/www.norn.is\\\/pistlar\\\/rendi-skilur-ekki-hvad-starf-hans-felur-i-ser\\\/\"},\"author\":{\"name\":\"admin\",\"@id\":\"https:\\\/\\\/www.norn.is\\\/pistlar\\\/#\\\/schema\\\/person\\\/1a27d7aee01469adf3180f8fd9e72c46\"},\"headline\":\"Rendi skilur ekki hva\u00f0 starf hans felur \u00ed s\u00e9r\",\"datePublished\":\"2012-09-26T15:39:24+00:00\",\"dateModified\":\"2018-09-18T12:57:27+00:00\",\"mainEntityOfPage\":{\"@id\":\"https:\\\/\\\/www.norn.is\\\/pistlar\\\/rendi-skilur-ekki-hvad-starf-hans-felur-i-ser\\\/\"},\"wordCount\":434,\"keywords\":[\"Al\u00feingi\",\"Eftirlit\"],\"articleSection\":[\"Menning, listir og fj\u00f6lmi\u00f0lar\",\"Pistlar um samf\u00e9lagsm\u00e1l\"],\"inLanguage\":\"is\"},{\"@type\":\"WebPage\",\"@id\":\"https:\\\/\\\/www.norn.is\\\/pistlar\\\/rendi-skilur-ekki-hvad-starf-hans-felur-i-ser\\\/\",\"url\":\"https:\\\/\\\/www.norn.is\\\/pistlar\\\/rendi-skilur-ekki-hvad-starf-hans-felur-i-ser\\\/\",\"name\":\"Rendi skilur ekki hva\u00f0 starf hans felur \u00ed s\u00e9r - Pistlar Evu\",\"isPartOf\":{\"@id\":\"https:\\\/\\\/www.norn.is\\\/pistlar\\\/#website\"},\"datePublished\":\"2012-09-26T15:39:24+00:00\",\"dateModified\":\"2018-09-18T12:57:27+00:00\",\"author\":{\"@id\":\"https:\\\/\\\/www.norn.is\\\/pistlar\\\/#\\\/schema\\\/person\\\/1a27d7aee01469adf3180f8fd9e72c46\"},\"breadcrumb\":{\"@id\":\"https:\\\/\\\/www.norn.is\\\/pistlar\\\/rendi-skilur-ekki-hvad-starf-hans-felur-i-ser\\\/#breadcrumb\"},\"inLanguage\":\"is\",\"potentialAction\":[{\"@type\":\"ReadAction\",\"target\":[\"https:\\\/\\\/www.norn.is\\\/pistlar\\\/rendi-skilur-ekki-hvad-starf-hans-felur-i-ser\\\/\"]}]},{\"@type\":\"BreadcrumbList\",\"@id\":\"https:\\\/\\\/www.norn.is\\\/pistlar\\\/rendi-skilur-ekki-hvad-starf-hans-felur-i-ser\\\/#breadcrumb\",\"itemListElement\":[{\"@type\":\"ListItem\",\"position\":1,\"name\":\"Home\",\"item\":\"https:\\\/\\\/www.norn.is\\\/pistlar\\\/\"},{\"@type\":\"ListItem\",\"position\":2,\"name\":\"Rendi skilur ekki hva\u00f0 starf hans felur \u00ed s\u00e9r\"}]},{\"@type\":\"WebSite\",\"@id\":\"https:\\\/\\\/www.norn.is\\\/pistlar\\\/#website\",\"url\":\"https:\\\/\\\/www.norn.is\\\/pistlar\\\/\",\"name\":\"Pistlar Evu\",\"description\":\"\",\"potentialAction\":[{\"@type\":\"SearchAction\",\"target\":{\"@type\":\"EntryPoint\",\"urlTemplate\":\"https:\\\/\\\/www.norn.is\\\/pistlar\\\/?s={search_term_string}\"},\"query-input\":{\"@type\":\"PropertyValueSpecification\",\"valueRequired\":true,\"valueName\":\"search_term_string\"}}],\"inLanguage\":\"is\"},{\"@type\":\"Person\",\"@id\":\"https:\\\/\\\/www.norn.is\\\/pistlar\\\/#\\\/schema\\\/person\\\/1a27d7aee01469adf3180f8fd9e72c46\",\"name\":\"admin\",\"url\":\"https:\\\/\\\/www.norn.is\\\/pistlar\\\/author\\\/admin\\\/\"}]}<\/script>\n<!-- \/ Yoast SEO plugin. -->","yoast_head_json":{"title":"Rendi skilur ekki hva\u00f0 starf hans felur \u00ed s\u00e9r - Pistlar Evu","robots":{"index":"index","follow":"follow","max-snippet":"max-snippet:-1","max-image-preview":"max-image-preview:large","max-video-preview":"max-video-preview:-1"},"canonical":"https:\/\/www.norn.is\/pistlar\/rendi-skilur-ekki-hvad-starf-hans-felur-i-ser\/","og_locale":"is_IS","og_type":"article","og_title":"Rendi skilur ekki hva\u00f0 starf hans felur \u00ed s\u00e9r - Pistlar Evu","og_description":"\u00dea\u00f0 er alveg r\u00e9tt hj\u00e1 R\u00edkisendursko\u00f0anda a\u00f0 \u00fea\u00f0 er ekki bo\u00f0legt a\u00f0 bera saman kostna\u00f0 \u00cdslendinga og Dana vi\u00f0 b\u00f3khaldskerfi fyrir stj\u00f3rns\u00fdsluna. \u00cdslendingar hafa nefnilega ekki a\u00f0eins eytt \u00f3\u00fearflega miklum peningum \u00ed b\u00fana\u00f0inn heldur einnig borga\u00f0 fyrir \u00fej\u00f3nustu sem aldrei &hellip; Halda \u00e1fram a\u00f0 lesa &rarr;","og_url":"https:\/\/www.norn.is\/pistlar\/rendi-skilur-ekki-hvad-starf-hans-felur-i-ser\/","og_site_name":"Pistlar Evu","article_published_time":"2012-09-26T15:39:24+00:00","article_modified_time":"2018-09-18T12:57:27+00:00","author":"admin","twitter_card":"summary_large_image","twitter_misc":{"Written by":false,"Est. reading time":"2 minutes"},"schema":{"@context":"https:\/\/schema.org","@graph":[{"@type":"Article","@id":"https:\/\/www.norn.is\/pistlar\/rendi-skilur-ekki-hvad-starf-hans-felur-i-ser\/#article","isPartOf":{"@id":"https:\/\/www.norn.is\/pistlar\/rendi-skilur-ekki-hvad-starf-hans-felur-i-ser\/"},"author":{"name":"admin","@id":"https:\/\/www.norn.is\/pistlar\/#\/schema\/person\/1a27d7aee01469adf3180f8fd9e72c46"},"headline":"Rendi skilur ekki hva\u00f0 starf hans felur \u00ed s\u00e9r","datePublished":"2012-09-26T15:39:24+00:00","dateModified":"2018-09-18T12:57:27+00:00","mainEntityOfPage":{"@id":"https:\/\/www.norn.is\/pistlar\/rendi-skilur-ekki-hvad-starf-hans-felur-i-ser\/"},"wordCount":434,"keywords":["Al\u00feingi","Eftirlit"],"articleSection":["Menning, listir og fj\u00f6lmi\u00f0lar","Pistlar um samf\u00e9lagsm\u00e1l"],"inLanguage":"is"},{"@type":"WebPage","@id":"https:\/\/www.norn.is\/pistlar\/rendi-skilur-ekki-hvad-starf-hans-felur-i-ser\/","url":"https:\/\/www.norn.is\/pistlar\/rendi-skilur-ekki-hvad-starf-hans-felur-i-ser\/","name":"Rendi skilur ekki hva\u00f0 starf hans felur \u00ed s\u00e9r - Pistlar Evu","isPartOf":{"@id":"https:\/\/www.norn.is\/pistlar\/#website"},"datePublished":"2012-09-26T15:39:24+00:00","dateModified":"2018-09-18T12:57:27+00:00","author":{"@id":"https:\/\/www.norn.is\/pistlar\/#\/schema\/person\/1a27d7aee01469adf3180f8fd9e72c46"},"breadcrumb":{"@id":"https:\/\/www.norn.is\/pistlar\/rendi-skilur-ekki-hvad-starf-hans-felur-i-ser\/#breadcrumb"},"inLanguage":"is","potentialAction":[{"@type":"ReadAction","target":["https:\/\/www.norn.is\/pistlar\/rendi-skilur-ekki-hvad-starf-hans-felur-i-ser\/"]}]},{"@type":"BreadcrumbList","@id":"https:\/\/www.norn.is\/pistlar\/rendi-skilur-ekki-hvad-starf-hans-felur-i-ser\/#breadcrumb","itemListElement":[{"@type":"ListItem","position":1,"name":"Home","item":"https:\/\/www.norn.is\/pistlar\/"},{"@type":"ListItem","position":2,"name":"Rendi skilur ekki hva\u00f0 starf hans felur \u00ed s\u00e9r"}]},{"@type":"WebSite","@id":"https:\/\/www.norn.is\/pistlar\/#website","url":"https:\/\/www.norn.is\/pistlar\/","name":"Pistlar Evu","description":"","potentialAction":[{"@type":"SearchAction","target":{"@type":"EntryPoint","urlTemplate":"https:\/\/www.norn.is\/pistlar\/?s={search_term_string}"},"query-input":{"@type":"PropertyValueSpecification","valueRequired":true,"valueName":"search_term_string"}}],"inLanguage":"is"},{"@type":"Person","@id":"https:\/\/www.norn.is\/pistlar\/#\/schema\/person\/1a27d7aee01469adf3180f8fd9e72c46","name":"admin","url":"https:\/\/www.norn.is\/pistlar\/author\/admin\/"}]}},"_links":{"self":[{"href":"https:\/\/www.norn.is\/pistlar\/wp-json\/wp\/v2\/posts\/3063","targetHints":{"allow":["GET"]}}],"collection":[{"href":"https:\/\/www.norn.is\/pistlar\/wp-json\/wp\/v2\/posts"}],"about":[{"href":"https:\/\/www.norn.is\/pistlar\/wp-json\/wp\/v2\/types\/post"}],"author":[{"embeddable":true,"href":"https:\/\/www.norn.is\/pistlar\/wp-json\/wp\/v2\/users\/1"}],"replies":[{"embeddable":true,"href":"https:\/\/www.norn.is\/pistlar\/wp-json\/wp\/v2\/comments?post=3063"}],"version-history":[{"count":3,"href":"https:\/\/www.norn.is\/pistlar\/wp-json\/wp\/v2\/posts\/3063\/revisions"}],"predecessor-version":[{"id":12788,"href":"https:\/\/www.norn.is\/pistlar\/wp-json\/wp\/v2\/posts\/3063\/revisions\/12788"}],"wp:attachment":[{"href":"https:\/\/www.norn.is\/pistlar\/wp-json\/wp\/v2\/media?parent=3063"}],"wp:term":[{"taxonomy":"category","embeddable":true,"href":"https:\/\/www.norn.is\/pistlar\/wp-json\/wp\/v2\/categories?post=3063"},{"taxonomy":"post_tag","embeddable":true,"href":"https:\/\/www.norn.is\/pistlar\/wp-json\/wp\/v2\/tags?post=3063"}],"curies":[{"name":"wp","href":"https:\/\/api.w.org\/{rel}","templated":true}]}}