{"id":2056,"date":"2007-06-18T16:58:29","date_gmt":"2007-06-18T16:58:29","guid":{"rendered":"http:\/\/www.norn.is\/pistlar\/?p=2056"},"modified":"2016-07-14T14:08:34","modified_gmt":"2016-07-14T14:08:34","slug":"thetta-er-allt-snarvitlaust-tharna-austur-fra","status":"publish","type":"post","link":"https:\/\/www.norn.is\/pistlar\/thetta-er-allt-snarvitlaust-tharna-austur-fra\/","title":{"rendered":"\u00deetta er allt snarvitlaust \u00fearna austur fr\u00e1"},"content":{"rendered":"<div>\n<div>\n<div>\n<p><a href=\"http:\/\/ruv.is\/heim\/frettir\/frett\/store64\/item160699\/\">\u00deetta<\/a>\u00a0finnst m\u00e9r st\u00f3rfur\u00f0ulegur fr\u00e9ttaflutningur.<\/p>\n<p>L\u00f6glega og l\u00fd\u00f0r\u00e6\u00f0islega kj\u00f6rin drullusokkar\u00edkisstj\u00f3rn &#8222;hrifsar&#8220; v\u00f6ldin af \u00f6\u00f0rum drullusokkaflokk sem stendur fyrir valdar\u00e1ni. \u00c9g minnist e\u00fess ekki a\u00f0 hafa nokkurnt\u00edma heyrt e\u00f0a lesi\u00f0 fr\u00e9tt fr\u00e1 r\u00fav, \u00fear sem tala\u00f0 er um a\u00f0 \u00cdsraelsmenn hafi &#8222;hrifsa\u00f0 til s\u00edn&#8220; landsv\u00e6\u00f0i Palest\u00ednumanna. \u00dea\u00f0 er l\u00edklega af \u00fev\u00ed a\u00f0 r\u00fav vill g\u00e6ta hlutleysis.<!--more--><\/p>\n<\/div>\n<p>Palest\u00ednumenn eru margir hverjir hinir mestu f\u00e1vitar. Alveg eins og \u00cdslendingar. Palest\u00ednumenn vilja frekar \u00f3starfh\u00e6fa r\u00edkisstj\u00f3rn en enga og \u00feeir sem hafa gefi\u00f0 kost \u00e1 s\u00e9r til a\u00f0 stj\u00f3rna \u00ed \u00fev\u00ed stj\u00f3rnleysi sem r\u00edkir \u00ed \u00feessu hrellda landi eru ekki f\u00e6rir um \u00fea\u00f0. Reyndar get \u00e9g ekki \u00edmynda\u00f0 m\u00e9r neinn sem v\u00e6ri f\u00e6r um \u00fea\u00f0.<\/p>\n<p>Nokkrir \u00cdslendingar sem hafa sam\u00fa\u00f0 me\u00f0 frelsisbar\u00e1ttu Palest\u00ednumanna, hafa l\u00e1ti\u00f0 \u00ed \u00fea\u00f0 sk\u00edna a\u00f0 fyrst Hamashreyfingin f\u00e9kk l\u00fd\u00f0r\u00e6\u00f0islega kosningu, hlj\u00f3ti h\u00fan a\u00f0 vera eitthva\u00f0 \u00e6\u00f0isleg. \u00dea\u00f0 er rangur misskilningur. Hamassamt\u00f6kin eru ekki \u00e6\u00f0isleg. Hamassamt\u00f6kin eru sk\u00edtaflokkur sem ekkert mun gera til a\u00f0 koma \u00e1 fri\u00f0i. Ekki frekar en Fatah. Ekki frekar en nokkur hreyfing sem telur sig ganga s\u00e9rstakra erinda gvu\u00f0s.<\/p>\n<p>M\u00e1li\u00f0 er bara a\u00f0 arabar hafa n\u00e1kv\u00e6mlega sama r\u00e9tt og barbarar nor\u00f0ursins til a\u00f0 kj\u00f3sa yfir sig drullusokka. \u00dea\u00f0 ger\u00f0u \u00feeir og \u00fea\u00f0 ger\u00f0um vi\u00f0. Okkar mist\u00f6k fara ekkert \u00ed taugarnar \u00e1 St\u00f3ra br\u00f3\u00f0ur og \u00feessvegna er okkur ekki refsa\u00f0 fyrir \u00feau. Palest\u00ednum\u00f6nnum hefur aftur \u00e1 m\u00f3ti veri\u00f0 refsa\u00f0 af al\u00fej\u00f3\u00f0asamf\u00e9laginu og n\u00fa \u00feegar valdar\u00e1n \u00e1 s\u00e9r sta\u00f0 \u00ed Palest\u00ednu, \u00fe\u00e1 rj\u00faka \u00fej\u00f3\u00f0ir sem ekki vildu vi\u00f0urkenna l\u00fd\u00f0r\u00e6\u00f0islega kj\u00f6rna sk\u00edth\u00e6la upp til handa og f\u00f3ta og sty\u00f0ja a\u00f0ra drullsokkastj\u00f3rn sem hinn almenni f\u00e1viti \u00ed Palest\u00ednu kaus ekki!<\/p>\n<p>M\u00e9r hefur hinga\u00f0 til bl\u00f6skra\u00f0 skeytingaleysi al\u00fej\u00f3\u00f0asamf\u00e9lagsins um m\u00e1lefni Palest\u00ednu. N\u00fa vaknar hins vegar s\u00fa spurning hvort forr\u00e6\u00f0ishyggja annarra \u00fej\u00f3\u00f0a gagnvart f\u00f3lki sem enginn hefur vilja\u00f0 taka \u00e1byrg\u00f0 \u00e1, s\u00e9 r\u00e9ttl\u00e6tanleg. Kannski \u00e6ttu \u00feeir \u00e1byrg\u00f0arlausu rassasleikjar sem ekkert hafa gert til a\u00f0 hindra \u00fej\u00f3\u00f0armor\u00f0 \u00cdsraela \u00e1 Pales\u00ednum\u00f6nnum bara a\u00f0 leyfa \u00feessum vitleysingum a\u00f0 drepa hver annan \u00ed fri\u00f0i. Ja ma\u00f0ur spyr sig.<\/p>\n<\/div>\n<\/div>\n<p>&nbsp;<\/p>\n<div><\/div>\n","protected":false},"excerpt":{"rendered":"<p>\u00deetta\u00a0finnst m\u00e9r st\u00f3rfur\u00f0ulegur fr\u00e9ttaflutningur. L\u00f6glega og l\u00fd\u00f0r\u00e6\u00f0islega kj\u00f6rin drullusokkar\u00edkisstj\u00f3rn &#8222;hrifsar&#8220; v\u00f6ldin af \u00f6\u00f0rum drullusokkaflokk sem stendur fyrir valdar\u00e1ni. \u00c9g minnist e\u00fess ekki a\u00f0 hafa nokkurnt\u00edma heyrt e\u00f0a lesi\u00f0 fr\u00e9tt fr\u00e1 r\u00fav, \u00fear sem tala\u00f0 er um a\u00f0 \u00cdsraelsmenn hafi &#8222;hrifsa\u00f0 &hellip; <a href=\"https:\/\/www.norn.is\/pistlar\/thetta-er-allt-snarvitlaust-tharna-austur-fra\/\">Halda \u00e1fram a\u00f0 lesa <span class=\"meta-nav\">&rarr;<\/span><\/a><\/p>\n","protected":false},"author":2,"featured_media":0,"comment_status":"closed","ping_status":"closed","sticky":false,"template":"","format":"standard","meta":{"footnotes":"","_links_to":"","_links_to_target":""},"categories":[11,1],"tags":[399,328],"class_list":["post-2056","post","type-post","status-publish","format-standard","hentry","category-mannrettindi","category-pistlar","tag-hamas","tag-palestina"],"yoast_head":"<!-- This site is optimized with the Yoast SEO plugin v27.5 - https:\/\/yoast.com\/product\/yoast-seo-wordpress\/ -->\n<title>\u00deetta er allt snarvitlaust \u00fearna austur fr\u00e1 - Pistlar Evu<\/title>\n<meta name=\"robots\" content=\"index, follow, max-snippet:-1, max-image-preview:large, max-video-preview:-1\" \/>\n<link rel=\"canonical\" href=\"https:\/\/www.norn.is\/pistlar\/thetta-er-allt-snarvitlaust-tharna-austur-fra\/\" \/>\n<meta property=\"og:locale\" content=\"is_IS\" \/>\n<meta property=\"og:type\" content=\"article\" \/>\n<meta property=\"og:title\" content=\"\u00deetta er allt snarvitlaust \u00fearna austur fr\u00e1 - Pistlar Evu\" \/>\n<meta property=\"og:description\" content=\"\u00deetta\u00a0finnst m\u00e9r st\u00f3rfur\u00f0ulegur fr\u00e9ttaflutningur. L\u00f6glega og l\u00fd\u00f0r\u00e6\u00f0islega kj\u00f6rin drullusokkar\u00edkisstj\u00f3rn &#8222;hrifsar&#8220; v\u00f6ldin af \u00f6\u00f0rum drullusokkaflokk sem stendur fyrir valdar\u00e1ni. \u00c9g minnist e\u00fess ekki a\u00f0 hafa nokkurnt\u00edma heyrt e\u00f0a lesi\u00f0 fr\u00e9tt fr\u00e1 r\u00fav, \u00fear sem tala\u00f0 er um a\u00f0 \u00cdsraelsmenn hafi &#8222;hrifsa\u00f0 &hellip; Halda \u00e1fram a\u00f0 lesa &rarr;\" \/>\n<meta property=\"og:url\" content=\"https:\/\/www.norn.is\/pistlar\/thetta-er-allt-snarvitlaust-tharna-austur-fra\/\" \/>\n<meta property=\"og:site_name\" content=\"Pistlar Evu\" \/>\n<meta property=\"article:published_time\" content=\"2007-06-18T16:58:29+00:00\" \/>\n<meta property=\"article:modified_time\" content=\"2016-07-14T14:08:34+00:00\" \/>\n<meta name=\"author\" content=\"Eva Hauksd\u00f3ttir\" \/>\n<meta name=\"twitter:card\" content=\"summary_large_image\" \/>\n<meta name=\"twitter:label1\" content=\"Written by\" \/>\n\t<meta name=\"twitter:data1\" content=\"\" \/>\n\t<meta name=\"twitter:label2\" content=\"Est. reading time\" \/>\n\t<meta name=\"twitter:data2\" content=\"2 minutes\" \/>\n<script type=\"application\/ld+json\" class=\"yoast-schema-graph\">{\"@context\":\"https:\\\/\\\/schema.org\",\"@graph\":[{\"@type\":\"Article\",\"@id\":\"https:\\\/\\\/www.norn.is\\\/pistlar\\\/thetta-er-allt-snarvitlaust-tharna-austur-fra\\\/#article\",\"isPartOf\":{\"@id\":\"https:\\\/\\\/www.norn.is\\\/pistlar\\\/thetta-er-allt-snarvitlaust-tharna-austur-fra\\\/\"},\"author\":{\"name\":\"Eva Hauksd\u00f3ttir\",\"@id\":\"https:\\\/\\\/www.norn.is\\\/pistlar\\\/#\\\/schema\\\/person\\\/2eb0fcae9e1ecc61987f7ed9c878531c\"},\"headline\":\"\u00deetta er allt snarvitlaust \u00fearna austur fr\u00e1\",\"datePublished\":\"2007-06-18T16:58:29+00:00\",\"dateModified\":\"2016-07-14T14:08:34+00:00\",\"mainEntityOfPage\":{\"@id\":\"https:\\\/\\\/www.norn.is\\\/pistlar\\\/thetta-er-allt-snarvitlaust-tharna-austur-fra\\\/\"},\"wordCount\":417,\"keywords\":[\"Hamas\",\"Palest\u00edna\"],\"articleSection\":[\"Mannr\u00e9ttinda og fri\u00f0arm\u00e1l\",\"Pistlar um samf\u00e9lagsm\u00e1l\"],\"inLanguage\":\"is\"},{\"@type\":\"WebPage\",\"@id\":\"https:\\\/\\\/www.norn.is\\\/pistlar\\\/thetta-er-allt-snarvitlaust-tharna-austur-fra\\\/\",\"url\":\"https:\\\/\\\/www.norn.is\\\/pistlar\\\/thetta-er-allt-snarvitlaust-tharna-austur-fra\\\/\",\"name\":\"\u00deetta er allt snarvitlaust \u00fearna austur fr\u00e1 - Pistlar Evu\",\"isPartOf\":{\"@id\":\"https:\\\/\\\/www.norn.is\\\/pistlar\\\/#website\"},\"datePublished\":\"2007-06-18T16:58:29+00:00\",\"dateModified\":\"2016-07-14T14:08:34+00:00\",\"author\":{\"@id\":\"https:\\\/\\\/www.norn.is\\\/pistlar\\\/#\\\/schema\\\/person\\\/2eb0fcae9e1ecc61987f7ed9c878531c\"},\"breadcrumb\":{\"@id\":\"https:\\\/\\\/www.norn.is\\\/pistlar\\\/thetta-er-allt-snarvitlaust-tharna-austur-fra\\\/#breadcrumb\"},\"inLanguage\":\"is\",\"potentialAction\":[{\"@type\":\"ReadAction\",\"target\":[\"https:\\\/\\\/www.norn.is\\\/pistlar\\\/thetta-er-allt-snarvitlaust-tharna-austur-fra\\\/\"]}]},{\"@type\":\"BreadcrumbList\",\"@id\":\"https:\\\/\\\/www.norn.is\\\/pistlar\\\/thetta-er-allt-snarvitlaust-tharna-austur-fra\\\/#breadcrumb\",\"itemListElement\":[{\"@type\":\"ListItem\",\"position\":1,\"name\":\"Home\",\"item\":\"https:\\\/\\\/www.norn.is\\\/pistlar\\\/\"},{\"@type\":\"ListItem\",\"position\":2,\"name\":\"\u00deetta er allt snarvitlaust \u00fearna austur fr\u00e1\"}]},{\"@type\":\"WebSite\",\"@id\":\"https:\\\/\\\/www.norn.is\\\/pistlar\\\/#website\",\"url\":\"https:\\\/\\\/www.norn.is\\\/pistlar\\\/\",\"name\":\"Pistlar Evu\",\"description\":\"\",\"potentialAction\":[{\"@type\":\"SearchAction\",\"target\":{\"@type\":\"EntryPoint\",\"urlTemplate\":\"https:\\\/\\\/www.norn.is\\\/pistlar\\\/?s={search_term_string}\"},\"query-input\":{\"@type\":\"PropertyValueSpecification\",\"valueRequired\":true,\"valueName\":\"search_term_string\"}}],\"inLanguage\":\"is\"},{\"@type\":\"Person\",\"@id\":\"https:\\\/\\\/www.norn.is\\\/pistlar\\\/#\\\/schema\\\/person\\\/2eb0fcae9e1ecc61987f7ed9c878531c\",\"name\":\"Eva Hauksd\u00f3ttir\",\"sameAs\":[\"http:\\\/\\\/www.norn.is\"],\"url\":\"https:\\\/\\\/www.norn.is\\\/pistlar\\\/author\\\/eva\\\/\"}]}<\/script>\n<!-- \/ Yoast SEO plugin. -->","yoast_head_json":{"title":"\u00deetta er allt snarvitlaust \u00fearna austur fr\u00e1 - Pistlar Evu","robots":{"index":"index","follow":"follow","max-snippet":"max-snippet:-1","max-image-preview":"max-image-preview:large","max-video-preview":"max-video-preview:-1"},"canonical":"https:\/\/www.norn.is\/pistlar\/thetta-er-allt-snarvitlaust-tharna-austur-fra\/","og_locale":"is_IS","og_type":"article","og_title":"\u00deetta er allt snarvitlaust \u00fearna austur fr\u00e1 - Pistlar Evu","og_description":"\u00deetta\u00a0finnst m\u00e9r st\u00f3rfur\u00f0ulegur fr\u00e9ttaflutningur. L\u00f6glega og l\u00fd\u00f0r\u00e6\u00f0islega kj\u00f6rin drullusokkar\u00edkisstj\u00f3rn &#8222;hrifsar&#8220; v\u00f6ldin af \u00f6\u00f0rum drullusokkaflokk sem stendur fyrir valdar\u00e1ni. \u00c9g minnist e\u00fess ekki a\u00f0 hafa nokkurnt\u00edma heyrt e\u00f0a lesi\u00f0 fr\u00e9tt fr\u00e1 r\u00fav, \u00fear sem tala\u00f0 er um a\u00f0 \u00cdsraelsmenn hafi &#8222;hrifsa\u00f0 &hellip; Halda \u00e1fram a\u00f0 lesa &rarr;","og_url":"https:\/\/www.norn.is\/pistlar\/thetta-er-allt-snarvitlaust-tharna-austur-fra\/","og_site_name":"Pistlar Evu","article_published_time":"2007-06-18T16:58:29+00:00","article_modified_time":"2016-07-14T14:08:34+00:00","author":"Eva Hauksd\u00f3ttir","twitter_card":"summary_large_image","twitter_misc":{"Written by":false,"Est. reading time":"2 minutes"},"schema":{"@context":"https:\/\/schema.org","@graph":[{"@type":"Article","@id":"https:\/\/www.norn.is\/pistlar\/thetta-er-allt-snarvitlaust-tharna-austur-fra\/#article","isPartOf":{"@id":"https:\/\/www.norn.is\/pistlar\/thetta-er-allt-snarvitlaust-tharna-austur-fra\/"},"author":{"name":"Eva Hauksd\u00f3ttir","@id":"https:\/\/www.norn.is\/pistlar\/#\/schema\/person\/2eb0fcae9e1ecc61987f7ed9c878531c"},"headline":"\u00deetta er allt snarvitlaust \u00fearna austur fr\u00e1","datePublished":"2007-06-18T16:58:29+00:00","dateModified":"2016-07-14T14:08:34+00:00","mainEntityOfPage":{"@id":"https:\/\/www.norn.is\/pistlar\/thetta-er-allt-snarvitlaust-tharna-austur-fra\/"},"wordCount":417,"keywords":["Hamas","Palest\u00edna"],"articleSection":["Mannr\u00e9ttinda og fri\u00f0arm\u00e1l","Pistlar um samf\u00e9lagsm\u00e1l"],"inLanguage":"is"},{"@type":"WebPage","@id":"https:\/\/www.norn.is\/pistlar\/thetta-er-allt-snarvitlaust-tharna-austur-fra\/","url":"https:\/\/www.norn.is\/pistlar\/thetta-er-allt-snarvitlaust-tharna-austur-fra\/","name":"\u00deetta er allt snarvitlaust \u00fearna austur fr\u00e1 - Pistlar Evu","isPartOf":{"@id":"https:\/\/www.norn.is\/pistlar\/#website"},"datePublished":"2007-06-18T16:58:29+00:00","dateModified":"2016-07-14T14:08:34+00:00","author":{"@id":"https:\/\/www.norn.is\/pistlar\/#\/schema\/person\/2eb0fcae9e1ecc61987f7ed9c878531c"},"breadcrumb":{"@id":"https:\/\/www.norn.is\/pistlar\/thetta-er-allt-snarvitlaust-tharna-austur-fra\/#breadcrumb"},"inLanguage":"is","potentialAction":[{"@type":"ReadAction","target":["https:\/\/www.norn.is\/pistlar\/thetta-er-allt-snarvitlaust-tharna-austur-fra\/"]}]},{"@type":"BreadcrumbList","@id":"https:\/\/www.norn.is\/pistlar\/thetta-er-allt-snarvitlaust-tharna-austur-fra\/#breadcrumb","itemListElement":[{"@type":"ListItem","position":1,"name":"Home","item":"https:\/\/www.norn.is\/pistlar\/"},{"@type":"ListItem","position":2,"name":"\u00deetta er allt snarvitlaust \u00fearna austur fr\u00e1"}]},{"@type":"WebSite","@id":"https:\/\/www.norn.is\/pistlar\/#website","url":"https:\/\/www.norn.is\/pistlar\/","name":"Pistlar Evu","description":"","potentialAction":[{"@type":"SearchAction","target":{"@type":"EntryPoint","urlTemplate":"https:\/\/www.norn.is\/pistlar\/?s={search_term_string}"},"query-input":{"@type":"PropertyValueSpecification","valueRequired":true,"valueName":"search_term_string"}}],"inLanguage":"is"},{"@type":"Person","@id":"https:\/\/www.norn.is\/pistlar\/#\/schema\/person\/2eb0fcae9e1ecc61987f7ed9c878531c","name":"Eva Hauksd\u00f3ttir","sameAs":["http:\/\/www.norn.is"],"url":"https:\/\/www.norn.is\/pistlar\/author\/eva\/"}]}},"_links":{"self":[{"href":"https:\/\/www.norn.is\/pistlar\/wp-json\/wp\/v2\/posts\/2056","targetHints":{"allow":["GET"]}}],"collection":[{"href":"https:\/\/www.norn.is\/pistlar\/wp-json\/wp\/v2\/posts"}],"about":[{"href":"https:\/\/www.norn.is\/pistlar\/wp-json\/wp\/v2\/types\/post"}],"author":[{"embeddable":true,"href":"https:\/\/www.norn.is\/pistlar\/wp-json\/wp\/v2\/users\/2"}],"replies":[{"embeddable":true,"href":"https:\/\/www.norn.is\/pistlar\/wp-json\/wp\/v2\/comments?post=2056"}],"version-history":[{"count":4,"href":"https:\/\/www.norn.is\/pistlar\/wp-json\/wp\/v2\/posts\/2056\/revisions"}],"predecessor-version":[{"id":11772,"href":"https:\/\/www.norn.is\/pistlar\/wp-json\/wp\/v2\/posts\/2056\/revisions\/11772"}],"wp:attachment":[{"href":"https:\/\/www.norn.is\/pistlar\/wp-json\/wp\/v2\/media?parent=2056"}],"wp:term":[{"taxonomy":"category","embeddable":true,"href":"https:\/\/www.norn.is\/pistlar\/wp-json\/wp\/v2\/categories?post=2056"},{"taxonomy":"post_tag","embeddable":true,"href":"https:\/\/www.norn.is\/pistlar\/wp-json\/wp\/v2\/tags?post=2056"}],"curies":[{"name":"wp","href":"https:\/\/api.w.org\/{rel}","templated":true}]}}