{"id":1905,"date":"2013-11-06T21:37:25","date_gmt":"2013-11-06T21:37:25","guid":{"rendered":"http:\/\/www.norn.is\/pistlar\/?p=1905"},"modified":"2016-07-03T17:17:01","modified_gmt":"2016-07-03T17:17:01","slug":"valdbod-og-lydraedi","status":"publish","type":"post","link":"https:\/\/www.norn.is\/pistlar\/valdbod-og-lydraedi\/","title":{"rendered":"Valdbo\u00f0 og l\u00fd\u00f0r\u00e6\u00f0i"},"content":{"rendered":"<p style=\"color: #222222;\"><a href=\"http:\/\/www.norn.is\/pistlar\/wp-content\/uploads\/sites\/2\/2013\/11\/quote-it-has-been-said-that-democracy-is-the-worst-form-of-government-except-all-the-others-that-have-winston-churchill-37200.jpg\"><img loading=\"lazy\" decoding=\"async\" class=\"alignleft size-full wp-image-2122\" src=\"http:\/\/www.norn.is\/pistlar\/wp-content\/uploads\/sites\/2\/2013\/11\/quote-it-has-been-said-that-democracy-is-the-worst-form-of-government-except-all-the-others-that-have-winston-churchill-37200.jpg\" alt=\"churchill\" width=\"850\" height=\"400\" srcset=\"https:\/\/www.norn.is\/pistlar\/wp-content\/uploads\/sites\/2\/2013\/11\/quote-it-has-been-said-that-democracy-is-the-worst-form-of-government-except-all-the-others-that-have-winston-churchill-37200.jpg 850w, https:\/\/www.norn.is\/pistlar\/wp-content\/uploads\/sites\/2\/2013\/11\/quote-it-has-been-said-that-democracy-is-the-worst-form-of-government-except-all-the-others-that-have-winston-churchill-37200-300x141.jpg 300w\" sizes=\"auto, (max-width: 850px) 100vw, 850px\" \/><\/a><\/p>\n<p style=\"color: #222222;\">\u00c9g held \u00fev\u00ed fram a\u00f0 vi\u00f0 s\u00e9um h\u00e6gt en \u00f6rugglega a\u00f0 \u00feokast \u00ed \u00e1tt til l\u00fd\u00f0r\u00e6\u00f0is. \u00c6\u00f0sta stig l\u00fd\u00f0r\u00e6\u00f0is er anark\u00ed. \u00dea\u00f0 merkir ekki allsherjarupplausn \u00fear sem engar reglur gilda og menn va\u00f0a bara um \u00ed einhverju stj\u00f3rnleysi, heldur merkir \u00fea\u00f0 samf\u00e9lag \u00e1n yfirvalds. <!--more-->\u00dea\u00f0 merkir a\u00f0 r\u00edkisvald ver\u00f0ur afnumi\u00f0. Ekki a\u00f0 samf\u00e9lagi\u00f0 ver\u00f0i afnumi\u00f0 heldur a\u00f0 valdakerfi\u00f0 ver\u00f0ur stokka\u00f0 upp. Ekki a\u00f0 engin stj\u00f3rn ver\u00f0i \u00e1 nokkrum hlut heldur a\u00f0 hlutverk stj\u00f3rnenda ver\u00f0ur eing\u00f6ngu a\u00f0 lei\u00f0beina og halda utan um verkefni en ekki a\u00f0 r\u00e1\u00f0skast me\u00f0 a\u00f0ra.<\/p>\n<p style=\"color: #222222;\">\u00deetta er a\u00f0 gerast \u00e1 m\u00f6rgum svi\u00f0um. Sta\u00f0a stj\u00f3rnenda \u00e1 vinnust\u00f6\u00f0um er a\u00f0 breytast og \u00f3ttablandin vir\u00f0ing fyrir yfirmanninum \u00feykir bara frekar hall\u00e6risleg n\u00fa or\u00f0i\u00f0. \u00cd dag \u00feykja \u00fea\u00f0 g\u00f3\u00f0ir stj\u00f3rnh\u00e6ttir a\u00f0 hafa samr\u00e1\u00f0 vi\u00f0 starfsf\u00f3lk og einnig skj\u00f3lst\u00e6\u00f0inga e\u00f0a vi\u00f0skiptavini \u00feegar \u00fea\u00f0 \u00e1 vi\u00f0. G\u00f3\u00f0ir stj\u00f3rnendur sj\u00e1 s\u00e9r hag \u00ed \u00fev\u00ed a\u00f0 koma fram vi\u00f0 starfsf\u00f3lk sem jafningja, b\u00e6\u00f0i vegna \u00feess a\u00f0 reynsla \u00feess og s\u00fdn getur veri\u00f0 d\u00fdrm\u00e6t en einnig vegna \u00feess a\u00f0 \u00fe\u00e1tttaka \u00ed \u00e1kv\u00f6r\u00f0unum eykur starfs\u00e1n\u00e6gju og samheldni starfsf\u00f3lks og stu\u00f0lar a\u00f0 hollustu \u00feess vi\u00f0 vinnusta\u00f0inn. Margt bendir til \u00feess a\u00f0 frj\u00e1lsr\u00e6\u00f0i starfsf\u00f3lks komi atvinnurekandanum betur en strangar reglur og miki\u00f0 eftirlit eins og komi\u00f0 er inn \u00e1 \u00ed \u00feessum skemmtilega fyrirlestri.<\/p>\n<iframe loading=\"lazy\" title=\"Dan Pink: The puzzle of motivation\" src=\"https:\/\/embed.ted.com\/talks\/dan_pink_the_puzzle_of_motivation\" width=\"584\" height=\"329\" frameborder=\"0\" scrolling=\"no\" webkitAllowFullScreen mozallowfullscreen allowFullScreen><\/iframe>\n<p style=\"color: #222222;\">Vinnusta\u00f0al\u00fd\u00f0r\u00e6\u00f0i er a\u00f0 nokkru leyti sj\u00e1lfsprotti\u00f0 og a\u00f0 nokkru leyti afur\u00f0 ranns\u00f3kna. Allir gr\u00e6\u00f0a \u00e1 \u00fev\u00ed og \u00feessvegna eru g\u00f3\u00f0ar l\u00edkur \u00e1 a\u00f0 \u00e6 fleiri atvinnurekendur taki \u00fea\u00f0 upp \u00e1 arma s\u00edna.<\/p>\n<p style=\"color: #222222;\">N\u00fa hef \u00e9g meira \u00e1liti \u00e1 Svand\u00edsi Svavarsd\u00f3ttur en flestum \u00feingm\u00f6nnum og efast ekki um a\u00f0 h\u00fan vilji vel me\u00f0\u00a0<a style=\"font-weight: inherit; font-style: inherit; color: #222222;\" href=\"http:\/\/eyjan.pressan.is\/frettir\/2013\/11\/01\/vill-koma-a-atvinnulydraedi-starfsfolk-fai-aukin-ahrif-a-sinum-vinnustad\/\">till\u00f6gu sinni um a\u00f0 l\u00f6gbinda vinnusta\u00f0al\u00fd\u00f0r\u00e6\u00f0i<\/a>. En er \u00fea\u00f0 ekki d\u00e1l\u00edti\u00f0 \u00feversagnakennt a\u00f0 r\u00edkisvaldi\u00f0 taki a\u00f0 s\u00e9r a\u00f0 tro\u00f0a l\u00fd\u00f0r\u00e6\u00f0inu ofan \u00ed kok stj\u00f3rnenda og starfsf\u00f3lks?<\/p>\n<p style=\"color: #222222;\">Ef Al\u00feingi hefur \u00ed alv\u00f6ru \u00e1huga \u00e1 \u00fev\u00ed a\u00f0 auka l\u00fd\u00f0r\u00e6\u00f0i \u00fe\u00e1 \u00e6tti \u00fea\u00f0 a\u00f0 ganga fram me\u00f0 g\u00f3\u00f0u ford\u00e6mi og leita \u00e1lits almennings \u00ed meiri m\u00e6li en \u00fea\u00f0 gerir \u00ed dag. E\u00f0a \u00ed \u00fea\u00f0 minnsta a\u00f0 ganga ekki \u00fevert gegn vilja almennings \u00feegar hann liggur fyrir, eins og raunin var\u00f0 t.d. \u00ed umr\u00e6\u00f0unni um stj\u00f3rnarskr\u00e1rfrumvarpi\u00f0 \u00fear sem \u00feingmenn VG og Samfylkingar s\u00e1u sj\u00e1lfir um a\u00f0 sl\u00e1tra m\u00e1linu \u00e1 me\u00f0an Sj\u00e1lfst\u00e6\u00f0ismenn og Frams\u00f3kn s\u00e1tu glottandi hj\u00e1. \u00dea\u00f0 er satt a\u00f0 segja d\u00e1l\u00edti\u00f0 kaldh\u00e6\u00f0nislegt \u00ed lj\u00f3si \u00feess hvernig f\u00f3r um \u00fea\u00f0 m\u00e1l a\u00f0 einmitt \u00fej\u00f3\u00f0fundurinn og stj\u00f3rnarskr\u00e1rfrumvarpi\u00f0 skuli vera tali\u00f0 til \u00ed greinarger\u00f0 me\u00f0 \u00feessari till\u00f6gu um vinnusta\u00f0al\u00fd\u00f0r\u00e6\u00f0i.<\/p>\n<p style=\"color: #222222;\">Kannski \u00e6ttu \u00feingmenn VG og Al\u00feingismenn a\u00f0rir bara a\u00f0 laga d\u00e1l\u00edti\u00f0 til heima hj\u00e1 s\u00e9r \u00e1\u00f0ur en \u00feeir fara a\u00f0 segja atvinnurekendum hvernig \u00feeir eigi a\u00f0 stj\u00f3rna s\u00ednum fyrirt\u00e6kjum. R\u00edkisvald sem bo\u00f0ar l\u00fd\u00f0r\u00e6\u00f0i \u00e1 \u00f6\u00f0rum vettvangi en s\u00ednum eigin er nefnilega jafn \u00f3tr\u00faver\u00f0ugt og einvaldur sem reynir a\u00f0 banna pers\u00f3nud\u00fdrkun gagnvart \u00f6llum \u00f6\u00f0rum en sj\u00e1lfum s\u00e9r.<\/p>\n","protected":false},"excerpt":{"rendered":"<p>\u00c9g held \u00fev\u00ed fram a\u00f0 vi\u00f0 s\u00e9um h\u00e6gt en \u00f6rugglega a\u00f0 \u00feokast \u00ed \u00e1tt til l\u00fd\u00f0r\u00e6\u00f0is. \u00c6\u00f0sta stig l\u00fd\u00f0r\u00e6\u00f0is er anark\u00ed. \u00dea\u00f0 merkir ekki allsherjarupplausn \u00fear sem engar reglur gilda og menn va\u00f0a bara um \u00ed einhverju stj\u00f3rnleysi, heldur merkir &hellip; <a href=\"https:\/\/www.norn.is\/pistlar\/valdbod-og-lydraedi\/\">Halda \u00e1fram a\u00f0 lesa <span class=\"meta-nav\">&rarr;<\/span><\/a><\/p>\n","protected":false},"author":2,"featured_media":2122,"comment_status":"closed","ping_status":"closed","sticky":false,"template":"","format":"standard","meta":{"footnotes":"","_links_to":"","_links_to_target":""},"categories":[1,22],"tags":[239,394],"class_list":["post-1905","post","type-post","status-publish","format-standard","has-post-thumbnail","hentry","category-pistlar","category-umraedan","tag-lydraedi","tag-steven-pinker"],"yoast_head":"<!-- This site is optimized with the Yoast SEO plugin v27.5 - https:\/\/yoast.com\/product\/yoast-seo-wordpress\/ -->\n<title>Valdbo\u00f0 og l\u00fd\u00f0r\u00e6\u00f0i - Pistlar Evu<\/title>\n<meta name=\"robots\" content=\"index, follow, max-snippet:-1, max-image-preview:large, max-video-preview:-1\" \/>\n<link rel=\"canonical\" href=\"https:\/\/www.norn.is\/pistlar\/valdbod-og-lydraedi\/\" \/>\n<meta property=\"og:locale\" content=\"is_IS\" \/>\n<meta property=\"og:type\" content=\"article\" \/>\n<meta property=\"og:title\" content=\"Valdbo\u00f0 og l\u00fd\u00f0r\u00e6\u00f0i - Pistlar Evu\" \/>\n<meta property=\"og:description\" content=\"\u00c9g held \u00fev\u00ed fram a\u00f0 vi\u00f0 s\u00e9um h\u00e6gt en \u00f6rugglega a\u00f0 \u00feokast \u00ed \u00e1tt til l\u00fd\u00f0r\u00e6\u00f0is. \u00c6\u00f0sta stig l\u00fd\u00f0r\u00e6\u00f0is er anark\u00ed. \u00dea\u00f0 merkir ekki allsherjarupplausn \u00fear sem engar reglur gilda og menn va\u00f0a bara um \u00ed einhverju stj\u00f3rnleysi, heldur merkir &hellip; Halda \u00e1fram a\u00f0 lesa &rarr;\" \/>\n<meta property=\"og:url\" content=\"https:\/\/www.norn.is\/pistlar\/valdbod-og-lydraedi\/\" \/>\n<meta property=\"og:site_name\" content=\"Pistlar Evu\" \/>\n<meta property=\"article:published_time\" content=\"2013-11-06T21:37:25+00:00\" \/>\n<meta property=\"article:modified_time\" content=\"2016-07-03T17:17:01+00:00\" \/>\n<meta property=\"og:image\" content=\"https:\/\/www.norn.is\/pistlar\/wp-content\/uploads\/sites\/2\/2013\/11\/quote-it-has-been-said-that-democracy-is-the-worst-form-of-government-except-all-the-others-that-have-winston-churchill-37200.jpg\" \/>\n\t<meta property=\"og:image:width\" content=\"850\" \/>\n\t<meta property=\"og:image:height\" content=\"400\" \/>\n\t<meta property=\"og:image:type\" content=\"image\/jpeg\" \/>\n<meta name=\"author\" content=\"Eva Hauksd\u00f3ttir\" \/>\n<meta name=\"twitter:card\" content=\"summary_large_image\" \/>\n<meta name=\"twitter:label1\" content=\"Written by\" \/>\n\t<meta name=\"twitter:data1\" content=\"\" \/>\n\t<meta name=\"twitter:label2\" content=\"Est. reading time\" \/>\n\t<meta name=\"twitter:data2\" content=\"3 minutes\" \/>\n<script type=\"application\/ld+json\" class=\"yoast-schema-graph\">{\"@context\":\"https:\\\/\\\/schema.org\",\"@graph\":[{\"@type\":\"Article\",\"@id\":\"https:\\\/\\\/www.norn.is\\\/pistlar\\\/valdbod-og-lydraedi\\\/#article\",\"isPartOf\":{\"@id\":\"https:\\\/\\\/www.norn.is\\\/pistlar\\\/valdbod-og-lydraedi\\\/\"},\"author\":{\"name\":\"Eva Hauksd\u00f3ttir\",\"@id\":\"https:\\\/\\\/www.norn.is\\\/pistlar\\\/#\\\/schema\\\/person\\\/2eb0fcae9e1ecc61987f7ed9c878531c\"},\"headline\":\"Valdbo\u00f0 og l\u00fd\u00f0r\u00e6\u00f0i\",\"datePublished\":\"2013-11-06T21:37:25+00:00\",\"dateModified\":\"2016-07-03T17:17:01+00:00\",\"mainEntityOfPage\":{\"@id\":\"https:\\\/\\\/www.norn.is\\\/pistlar\\\/valdbod-og-lydraedi\\\/\"},\"wordCount\":560,\"image\":{\"@id\":\"https:\\\/\\\/www.norn.is\\\/pistlar\\\/valdbod-og-lydraedi\\\/#primaryimage\"},\"thumbnailUrl\":\"https:\\\/\\\/www.norn.is\\\/pistlar\\\/wp-content\\\/uploads\\\/sites\\\/2\\\/2013\\\/11\\\/quote-it-has-been-said-that-democracy-is-the-worst-form-of-government-except-all-the-others-that-have-winston-churchill-37200.jpg\",\"keywords\":[\"L\u00fd\u00f0r\u00e6\u00f0i\",\"Steven Pinker\"],\"articleSection\":[\"Pistlar um samf\u00e9lagsm\u00e1l\",\"Umr\u00e6\u00f0an\"],\"inLanguage\":\"is\"},{\"@type\":\"WebPage\",\"@id\":\"https:\\\/\\\/www.norn.is\\\/pistlar\\\/valdbod-og-lydraedi\\\/\",\"url\":\"https:\\\/\\\/www.norn.is\\\/pistlar\\\/valdbod-og-lydraedi\\\/\",\"name\":\"Valdbo\u00f0 og l\u00fd\u00f0r\u00e6\u00f0i - Pistlar Evu\",\"isPartOf\":{\"@id\":\"https:\\\/\\\/www.norn.is\\\/pistlar\\\/#website\"},\"primaryImageOfPage\":{\"@id\":\"https:\\\/\\\/www.norn.is\\\/pistlar\\\/valdbod-og-lydraedi\\\/#primaryimage\"},\"image\":{\"@id\":\"https:\\\/\\\/www.norn.is\\\/pistlar\\\/valdbod-og-lydraedi\\\/#primaryimage\"},\"thumbnailUrl\":\"https:\\\/\\\/www.norn.is\\\/pistlar\\\/wp-content\\\/uploads\\\/sites\\\/2\\\/2013\\\/11\\\/quote-it-has-been-said-that-democracy-is-the-worst-form-of-government-except-all-the-others-that-have-winston-churchill-37200.jpg\",\"datePublished\":\"2013-11-06T21:37:25+00:00\",\"dateModified\":\"2016-07-03T17:17:01+00:00\",\"author\":{\"@id\":\"https:\\\/\\\/www.norn.is\\\/pistlar\\\/#\\\/schema\\\/person\\\/2eb0fcae9e1ecc61987f7ed9c878531c\"},\"breadcrumb\":{\"@id\":\"https:\\\/\\\/www.norn.is\\\/pistlar\\\/valdbod-og-lydraedi\\\/#breadcrumb\"},\"inLanguage\":\"is\",\"potentialAction\":[{\"@type\":\"ReadAction\",\"target\":[\"https:\\\/\\\/www.norn.is\\\/pistlar\\\/valdbod-og-lydraedi\\\/\"]}]},{\"@type\":\"ImageObject\",\"inLanguage\":\"is\",\"@id\":\"https:\\\/\\\/www.norn.is\\\/pistlar\\\/valdbod-og-lydraedi\\\/#primaryimage\",\"url\":\"https:\\\/\\\/www.norn.is\\\/pistlar\\\/wp-content\\\/uploads\\\/sites\\\/2\\\/2013\\\/11\\\/quote-it-has-been-said-that-democracy-is-the-worst-form-of-government-except-all-the-others-that-have-winston-churchill-37200.jpg\",\"contentUrl\":\"https:\\\/\\\/www.norn.is\\\/pistlar\\\/wp-content\\\/uploads\\\/sites\\\/2\\\/2013\\\/11\\\/quote-it-has-been-said-that-democracy-is-the-worst-form-of-government-except-all-the-others-that-have-winston-churchill-37200.jpg\",\"width\":850,\"height\":400},{\"@type\":\"BreadcrumbList\",\"@id\":\"https:\\\/\\\/www.norn.is\\\/pistlar\\\/valdbod-og-lydraedi\\\/#breadcrumb\",\"itemListElement\":[{\"@type\":\"ListItem\",\"position\":1,\"name\":\"Home\",\"item\":\"https:\\\/\\\/www.norn.is\\\/pistlar\\\/\"},{\"@type\":\"ListItem\",\"position\":2,\"name\":\"Valdbo\u00f0 og l\u00fd\u00f0r\u00e6\u00f0i\"}]},{\"@type\":\"WebSite\",\"@id\":\"https:\\\/\\\/www.norn.is\\\/pistlar\\\/#website\",\"url\":\"https:\\\/\\\/www.norn.is\\\/pistlar\\\/\",\"name\":\"Pistlar Evu\",\"description\":\"\",\"potentialAction\":[{\"@type\":\"SearchAction\",\"target\":{\"@type\":\"EntryPoint\",\"urlTemplate\":\"https:\\\/\\\/www.norn.is\\\/pistlar\\\/?s={search_term_string}\"},\"query-input\":{\"@type\":\"PropertyValueSpecification\",\"valueRequired\":true,\"valueName\":\"search_term_string\"}}],\"inLanguage\":\"is\"},{\"@type\":\"Person\",\"@id\":\"https:\\\/\\\/www.norn.is\\\/pistlar\\\/#\\\/schema\\\/person\\\/2eb0fcae9e1ecc61987f7ed9c878531c\",\"name\":\"Eva Hauksd\u00f3ttir\",\"sameAs\":[\"http:\\\/\\\/www.norn.is\"],\"url\":\"https:\\\/\\\/www.norn.is\\\/pistlar\\\/author\\\/eva\\\/\"}]}<\/script>\n<!-- \/ Yoast SEO plugin. -->","yoast_head_json":{"title":"Valdbo\u00f0 og l\u00fd\u00f0r\u00e6\u00f0i - Pistlar Evu","robots":{"index":"index","follow":"follow","max-snippet":"max-snippet:-1","max-image-preview":"max-image-preview:large","max-video-preview":"max-video-preview:-1"},"canonical":"https:\/\/www.norn.is\/pistlar\/valdbod-og-lydraedi\/","og_locale":"is_IS","og_type":"article","og_title":"Valdbo\u00f0 og l\u00fd\u00f0r\u00e6\u00f0i - Pistlar Evu","og_description":"\u00c9g held \u00fev\u00ed fram a\u00f0 vi\u00f0 s\u00e9um h\u00e6gt en \u00f6rugglega a\u00f0 \u00feokast \u00ed \u00e1tt til l\u00fd\u00f0r\u00e6\u00f0is. \u00c6\u00f0sta stig l\u00fd\u00f0r\u00e6\u00f0is er anark\u00ed. \u00dea\u00f0 merkir ekki allsherjarupplausn \u00fear sem engar reglur gilda og menn va\u00f0a bara um \u00ed einhverju stj\u00f3rnleysi, heldur merkir &hellip; Halda \u00e1fram a\u00f0 lesa &rarr;","og_url":"https:\/\/www.norn.is\/pistlar\/valdbod-og-lydraedi\/","og_site_name":"Pistlar Evu","article_published_time":"2013-11-06T21:37:25+00:00","article_modified_time":"2016-07-03T17:17:01+00:00","og_image":[{"width":850,"height":400,"url":"https:\/\/www.norn.is\/pistlar\/wp-content\/uploads\/sites\/2\/2013\/11\/quote-it-has-been-said-that-democracy-is-the-worst-form-of-government-except-all-the-others-that-have-winston-churchill-37200.jpg","type":"image\/jpeg"}],"author":"Eva Hauksd\u00f3ttir","twitter_card":"summary_large_image","twitter_misc":{"Written by":false,"Est. reading time":"3 minutes"},"schema":{"@context":"https:\/\/schema.org","@graph":[{"@type":"Article","@id":"https:\/\/www.norn.is\/pistlar\/valdbod-og-lydraedi\/#article","isPartOf":{"@id":"https:\/\/www.norn.is\/pistlar\/valdbod-og-lydraedi\/"},"author":{"name":"Eva Hauksd\u00f3ttir","@id":"https:\/\/www.norn.is\/pistlar\/#\/schema\/person\/2eb0fcae9e1ecc61987f7ed9c878531c"},"headline":"Valdbo\u00f0 og l\u00fd\u00f0r\u00e6\u00f0i","datePublished":"2013-11-06T21:37:25+00:00","dateModified":"2016-07-03T17:17:01+00:00","mainEntityOfPage":{"@id":"https:\/\/www.norn.is\/pistlar\/valdbod-og-lydraedi\/"},"wordCount":560,"image":{"@id":"https:\/\/www.norn.is\/pistlar\/valdbod-og-lydraedi\/#primaryimage"},"thumbnailUrl":"https:\/\/www.norn.is\/pistlar\/wp-content\/uploads\/sites\/2\/2013\/11\/quote-it-has-been-said-that-democracy-is-the-worst-form-of-government-except-all-the-others-that-have-winston-churchill-37200.jpg","keywords":["L\u00fd\u00f0r\u00e6\u00f0i","Steven Pinker"],"articleSection":["Pistlar um samf\u00e9lagsm\u00e1l","Umr\u00e6\u00f0an"],"inLanguage":"is"},{"@type":"WebPage","@id":"https:\/\/www.norn.is\/pistlar\/valdbod-og-lydraedi\/","url":"https:\/\/www.norn.is\/pistlar\/valdbod-og-lydraedi\/","name":"Valdbo\u00f0 og l\u00fd\u00f0r\u00e6\u00f0i - Pistlar Evu","isPartOf":{"@id":"https:\/\/www.norn.is\/pistlar\/#website"},"primaryImageOfPage":{"@id":"https:\/\/www.norn.is\/pistlar\/valdbod-og-lydraedi\/#primaryimage"},"image":{"@id":"https:\/\/www.norn.is\/pistlar\/valdbod-og-lydraedi\/#primaryimage"},"thumbnailUrl":"https:\/\/www.norn.is\/pistlar\/wp-content\/uploads\/sites\/2\/2013\/11\/quote-it-has-been-said-that-democracy-is-the-worst-form-of-government-except-all-the-others-that-have-winston-churchill-37200.jpg","datePublished":"2013-11-06T21:37:25+00:00","dateModified":"2016-07-03T17:17:01+00:00","author":{"@id":"https:\/\/www.norn.is\/pistlar\/#\/schema\/person\/2eb0fcae9e1ecc61987f7ed9c878531c"},"breadcrumb":{"@id":"https:\/\/www.norn.is\/pistlar\/valdbod-og-lydraedi\/#breadcrumb"},"inLanguage":"is","potentialAction":[{"@type":"ReadAction","target":["https:\/\/www.norn.is\/pistlar\/valdbod-og-lydraedi\/"]}]},{"@type":"ImageObject","inLanguage":"is","@id":"https:\/\/www.norn.is\/pistlar\/valdbod-og-lydraedi\/#primaryimage","url":"https:\/\/www.norn.is\/pistlar\/wp-content\/uploads\/sites\/2\/2013\/11\/quote-it-has-been-said-that-democracy-is-the-worst-form-of-government-except-all-the-others-that-have-winston-churchill-37200.jpg","contentUrl":"https:\/\/www.norn.is\/pistlar\/wp-content\/uploads\/sites\/2\/2013\/11\/quote-it-has-been-said-that-democracy-is-the-worst-form-of-government-except-all-the-others-that-have-winston-churchill-37200.jpg","width":850,"height":400},{"@type":"BreadcrumbList","@id":"https:\/\/www.norn.is\/pistlar\/valdbod-og-lydraedi\/#breadcrumb","itemListElement":[{"@type":"ListItem","position":1,"name":"Home","item":"https:\/\/www.norn.is\/pistlar\/"},{"@type":"ListItem","position":2,"name":"Valdbo\u00f0 og l\u00fd\u00f0r\u00e6\u00f0i"}]},{"@type":"WebSite","@id":"https:\/\/www.norn.is\/pistlar\/#website","url":"https:\/\/www.norn.is\/pistlar\/","name":"Pistlar Evu","description":"","potentialAction":[{"@type":"SearchAction","target":{"@type":"EntryPoint","urlTemplate":"https:\/\/www.norn.is\/pistlar\/?s={search_term_string}"},"query-input":{"@type":"PropertyValueSpecification","valueRequired":true,"valueName":"search_term_string"}}],"inLanguage":"is"},{"@type":"Person","@id":"https:\/\/www.norn.is\/pistlar\/#\/schema\/person\/2eb0fcae9e1ecc61987f7ed9c878531c","name":"Eva Hauksd\u00f3ttir","sameAs":["http:\/\/www.norn.is"],"url":"https:\/\/www.norn.is\/pistlar\/author\/eva\/"}]}},"_links":{"self":[{"href":"https:\/\/www.norn.is\/pistlar\/wp-json\/wp\/v2\/posts\/1905","targetHints":{"allow":["GET"]}}],"collection":[{"href":"https:\/\/www.norn.is\/pistlar\/wp-json\/wp\/v2\/posts"}],"about":[{"href":"https:\/\/www.norn.is\/pistlar\/wp-json\/wp\/v2\/types\/post"}],"author":[{"embeddable":true,"href":"https:\/\/www.norn.is\/pistlar\/wp-json\/wp\/v2\/users\/2"}],"replies":[{"embeddable":true,"href":"https:\/\/www.norn.is\/pistlar\/wp-json\/wp\/v2\/comments?post=1905"}],"version-history":[{"count":5,"href":"https:\/\/www.norn.is\/pistlar\/wp-json\/wp\/v2\/posts\/1905\/revisions"}],"predecessor-version":[{"id":11208,"href":"https:\/\/www.norn.is\/pistlar\/wp-json\/wp\/v2\/posts\/1905\/revisions\/11208"}],"wp:featuredmedia":[{"embeddable":true,"href":"https:\/\/www.norn.is\/pistlar\/wp-json\/wp\/v2\/media\/2122"}],"wp:attachment":[{"href":"https:\/\/www.norn.is\/pistlar\/wp-json\/wp\/v2\/media?parent=1905"}],"wp:term":[{"taxonomy":"category","embeddable":true,"href":"https:\/\/www.norn.is\/pistlar\/wp-json\/wp\/v2\/categories?post=1905"},{"taxonomy":"post_tag","embeddable":true,"href":"https:\/\/www.norn.is\/pistlar\/wp-json\/wp\/v2\/tags?post=1905"}],"curies":[{"name":"wp","href":"https:\/\/api.w.org\/{rel}","templated":true}]}}