{"id":1835,"date":"2013-11-25T11:42:36","date_gmt":"2013-11-25T11:42:36","guid":{"rendered":"http:\/\/www.norn.is\/pistlar\/?p=1835"},"modified":"2018-09-18T15:59:37","modified_gmt":"2018-09-18T15:59:37","slug":"holmsteinn-laekin-og-feministarnir","status":"publish","type":"post","link":"https:\/\/www.norn.is\/pistlar\/holmsteinn-laekin-og-feministarnir\/","title":{"rendered":"H\u00f3lmsteinn, l\u00e6kin og feministarnir"},"content":{"rendered":"<p style=\"color: #222222;\"><a href=\"http:\/\/www.norn.is\/pistlar\/wp-content\/uploads\/sites\/2\/2013\/11\/Screenshot-from-2014-08-16-172100.png\"><img loading=\"lazy\" decoding=\"async\" class=\"alignleft size-full wp-image-1838\" src=\"http:\/\/www.norn.is\/pistlar\/wp-content\/uploads\/sites\/2\/2013\/11\/Screenshot-from-2014-08-16-172100.png\" alt=\"hhg\" width=\"679\" height=\"337\" srcset=\"https:\/\/www.norn.is\/pistlar\/wp-content\/uploads\/sites\/2\/2013\/11\/Screenshot-from-2014-08-16-172100.png 679w, https:\/\/www.norn.is\/pistlar\/wp-content\/uploads\/sites\/2\/2013\/11\/Screenshot-from-2014-08-16-172100-300x148.png 300w\" sizes=\"auto, (max-width: 679px) 100vw, 679px\" \/><\/a><\/p>\n<p style=\"color: #222222;\">K\u00e6ri Hannes H\u00f3lmsteinn<\/p>\n<p style=\"color: #222222;\">\u00c9g fyrirl\u00edt sumar p\u00f3lit\u00edskar sko\u00f0anir \u00fe\u00ednar. \u00dea\u00f0 er ekkert pers\u00f3nulegt. Ef \u00e9g s\u00e6i \u00feig standa vi\u00f0 st\u00f6\u00f0um\u00e6li og sn\u00faa v\u00f6sunum \u00fat, myndi \u00e9g r\u00e9tta \u00fe\u00e9r t\u00edkall. \u00c9g fyrirl\u00edt samt brau\u00f0molakenninguna, hugmyndina um einkav\u00e6\u00f0ingu au\u00f0linda, st\u00f3ri\u00f0justefnu og margt fleira sem\u00a0pilsfaldakap\u00edtalistar bo\u00f0a.<!--more--><\/p>\n<p style=\"color: #222222;\">\u00dea\u00f0 er algengt a\u00f0 f\u00f3lk yfirf\u00e6ri \u00f3beit s\u00edna \u00e1 bo\u00f0skap yfir \u00e1 pers\u00f3nur og \u00e9g efast ekki um a\u00f0 til s\u00e9 f\u00f3lk sem hatar \u00feig en \u00ed\u00a0<a style=\"font-weight: inherit; font-style: inherit; color: #222222;\" href=\"http:\/\/www.pressan.is\/pressupennar\/Lesa_Hannes\/nytt-daemi-um-heift-vinstri-manna\">\u00feessu tilviki<\/a>\u00a0er afsta\u00f0an til hlutverks R\u00edkis\u00fatvarpsins miklu n\u00e6rt\u00e6kari sk\u00fdring \u00e1 vi\u00f0br\u00f6g\u00f0unum sem \u00fe\u00fa bendir \u00e1 \u00ed pistli \u00fe\u00ednum.<\/p>\n<p style=\"color: #222222;\">\u00cd fyrsta lagi segir \u00fe\u00fa ekkert \u00ed\u00a0<a style=\"font-weight: inherit; font-style: inherit; color: #222222;\" href=\"https:\/\/soundcloud.com\/larahanna\/hannes-h-lmsteinn-gissurarson\">\u00feessu vi\u00f0tali<\/a>\u00a0sem l\u00fdsir s\u00e9rfr\u00e6\u00f0i\u00feekkingu \u00e1 bandar\u00edskum stj\u00f3rnm\u00e1lum. Eins og svo oft \u00e1\u00f0ur nota\u00f0ir \u00fe\u00fa t\u00e6kif\u00e6ri\u00f0 til a\u00f0 stunda p\u00f3lit\u00edskt tr\u00fabo\u00f0 og monta \u00feig af kynnum \u00fe\u00ednum vi\u00f0 \u00e1hrifamenn. Vi\u00f0 \u00fev\u00ed m\u00e1tti b\u00faast\u00a0 og \u00feessvegna er \u00fea\u00f0 \u00f3smekklegt af fr\u00e9ttask\u00fdringa\u00fe\u00e6tti \u00e1 vegum R\u00edkis\u00fatvarpsins a\u00f0 f\u00e1 \u00feig sem vi\u00f0m\u00e6landa. Spurningin \u201eAf hverju er Hannes H\u00f3lmsteinn \u00ed \u00fatvarpinu m\u00ednu?\u201c af h\u00e1lfu manneskju sem telur hlutverk R\u00edkis\u00fatvarpsins ekki vera \u00fea\u00f0 a\u00f0 sinna p\u00f3lit\u00edskum \u00e1r\u00f3\u00f0ri \u00e1 \u00fev\u00ed fullan r\u00e9tt \u00e1 s\u00e9r, og kvartanir J\u00f3ns \u00de\u00f3rissonar l\u00edka.<\/p>\n<p style=\"color: #222222;\">\u00cd \u00f6\u00f0ru lagi \u00fe\u00e1 ert \u00fe\u00fa ekki einu sinni s\u00e9rfr\u00e6\u00f0ingur \u00ed bandar\u00edskum stj\u00f3rnm\u00e1lum H\u00f3lmsteinn minn. \u00cd n\u00f3tt svara\u00f0ir \u00fe\u00fa umm\u00e6lum m\u00ednum \u00e1 facebook, \u00feess efnis a\u00f0 \u00fe\u00fa v\u00e6rir enginn fr\u00e6\u00f0ima\u00f0ur, me\u00f0 upptalningu af ritum. B\u00f3kum sem eru kannski \u00e1g\u00e6t af\u00fereying en hafa ekki sta\u00f0ist neina ritr\u00fdni og eru ekkert merkilegri fr\u00e6\u00f0i en lofrollur \u00fe\u00ednar um Dav\u00ed\u00f0 Oddsson. Eflaust veistu miki\u00f0 um bandar\u00edsk stj\u00f3rnm\u00e1l en \u00e9g hef aldrei heyrt neitt fr\u00e1 \u00fe\u00e9r sem bendir til \u00feess a\u00f0 \u00fe\u00fa hafir dj\u00fapan skilning \u00e1 \u00feeim. Spegillinn hef\u00f0i alveg eins geta\u00f0 bo\u00f0i\u00f0 t.d. Silju B\u00e1ru \u00d3marsd\u00f3ttur e\u00f0a Magn\u00fasi Sveini Helgasyni a\u00f0 kynna p\u00f3lit\u00edskar sko\u00f0anir s\u00ednar \u00ed krafti s\u00e9rfr\u00e6\u00f0i\u00feekkingar og vel m\u00e1 vera a\u00f0 \u00fea\u00f0 hafi hann einhvernt\u00edma gert. En R\u00edkis\u00fatvarpi\u00f0 \u00e6tti ekki a\u00f0 vinna \u00feannig.<\/p>\n<p style=\"color: #222222;\">\u00deessi umr\u00e6\u00f0a sem \u00fe\u00fa v\u00edsar til og \u00f6ll \u201el\u00e6kin\u201c eru miklu frekar vi\u00f0br\u00f6g\u00f0 vi\u00f0 \u00feeirri \u00e1r\u00e1ttu \u00edslenskra fj\u00f6lmi\u00f0la a\u00f0 kynna pers\u00f3nulegar sko\u00f0anir\u00a0 stj\u00f3rnm\u00e1lafr\u00e6\u00f0inga sem v\u00edsindi, en a\u00f0 \u00feau s\u00e9u merki um pers\u00f3nulega \u00f3vild vinstri manna gagnvart \u00fe\u00e9r.<\/p>\n<p style=\"color: #222222;\">S\u00e1 \u00f3si\u00f0ur a\u00f0 gefa p\u00f3lit\u00edskum \u00f6fgastefnum v\u00e6gi me\u00f0 \u00fev\u00ed a\u00f0 kynna bo\u00f0bera \u00feeirra sem einhverskonar kennivald, \u00e1 ekki a\u00f0eins vi\u00f0 um snudd fj\u00f6lmi\u00f0la utan \u00ed\u00a0 stj\u00f3rnm\u00e1lafr\u00e6\u00f0inga. \u00dea\u00f0 er l\u00edka algengt a\u00f0 kl\u00e1mpostular s\u00e9u fengnir til vi\u00f0tals og kynntir sem s\u00e9rfr\u00e6\u00f0ingar. \u00de\u00f3 er \u201e\u00feekking\u201c \u00feeirra fyrst og fremst p\u00f3lit\u00edskt uppeldi sem fram fer \u00ed H\u00cd undir yfirskini \u201ekynjafr\u00e6\u00f0i\u201c,\u00a0 \u00fe.e. (samkv\u00e6mt \u00deorger\u00f0i Einarsd\u00f3ttur) \u201eakadem\u00edskur feminismi\u201c, m.\u00f6.o. p\u00f3lit\u00edsk stefna, dulb\u00fain sem fr\u00e6\u00f0i.\u00a0 \u00dea\u00f0 er \u00e1hugavert a\u00f0 \u00fe\u00fa \u00e1tt \u00fea\u00f0 einmitt sameiginlegt me\u00f0 feministum a\u00f0 breg\u00f0ast vi\u00f0 umr\u00e6\u00f0u sem \u00fe\u00e9r l\u00edkar ekki me\u00f0 \u00fev\u00ed a\u00f0 t\u00falka umm\u00e6lin og \u201el\u00e6kin\u201c sem merki um heift og hatur. \u00cd sta\u00f0inn \u00e6ttir\u00f0u kannski a\u00f0 leggjast undir feld og velta \u00fev\u00ed fyrir \u00fe\u00e9r hva\u00f0 \u00fea\u00f0 er \u00ed \u00fe\u00ednum m\u00e1lflutningi sem veldur \u00fev\u00ed a\u00f0 f\u00f3lki finnst \u00f3bo\u00f0legt a\u00f0 R\u00edkis\u00fatvarpi\u00f0 leiti \u00e1lits \u00fe\u00edns.<\/p>\n","protected":false},"excerpt":{"rendered":"<p>K\u00e6ri Hannes H\u00f3lmsteinn \u00c9g fyrirl\u00edt sumar p\u00f3lit\u00edskar sko\u00f0anir \u00fe\u00ednar. \u00dea\u00f0 er ekkert pers\u00f3nulegt. Ef \u00e9g s\u00e6i \u00feig standa vi\u00f0 st\u00f6\u00f0um\u00e6li og sn\u00faa v\u00f6sunum \u00fat, myndi \u00e9g r\u00e9tta \u00fe\u00e9r t\u00edkall. \u00c9g fyrirl\u00edt samt brau\u00f0molakenninguna, hugmyndina um einkav\u00e6\u00f0ingu au\u00f0linda, st\u00f3ri\u00f0justefnu og margt &hellip; <a href=\"https:\/\/www.norn.is\/pistlar\/holmsteinn-laekin-og-feministarnir\/\">Halda \u00e1fram a\u00f0 lesa <span class=\"meta-nav\">&rarr;<\/span><\/a><\/p>\n","protected":false},"author":2,"featured_media":1838,"comment_status":"closed","ping_status":"closed","sticky":false,"template":"","format":"standard","meta":{"footnotes":"","_links_to":"","_links_to_target":""},"categories":[12,1],"tags":[982,344,24,358],"class_list":["post-1835","post","type-post","status-publish","format-standard","has-post-thumbnail","hentry","category-menning-listir-og-fjolmidlar","category-pistlar","tag-fjolmidlar","tag-hannes-holmsteinn","tag-kapitalismi","tag-rikisutvarpid"],"yoast_head":"<!-- This site is optimized with the Yoast SEO plugin v27.4 - https:\/\/yoast.com\/product\/yoast-seo-wordpress\/ -->\n<title>H\u00f3lmsteinn, l\u00e6kin og feministarnir - Pistlar Evu<\/title>\n<meta name=\"robots\" content=\"index, follow, max-snippet:-1, max-image-preview:large, max-video-preview:-1\" \/>\n<link rel=\"canonical\" href=\"https:\/\/www.norn.is\/pistlar\/holmsteinn-laekin-og-feministarnir\/\" \/>\n<meta property=\"og:locale\" content=\"is_IS\" \/>\n<meta property=\"og:type\" content=\"article\" \/>\n<meta property=\"og:title\" content=\"H\u00f3lmsteinn, l\u00e6kin og feministarnir - Pistlar Evu\" \/>\n<meta property=\"og:description\" content=\"K\u00e6ri Hannes H\u00f3lmsteinn \u00c9g fyrirl\u00edt sumar p\u00f3lit\u00edskar sko\u00f0anir \u00fe\u00ednar. \u00dea\u00f0 er ekkert pers\u00f3nulegt. Ef \u00e9g s\u00e6i \u00feig standa vi\u00f0 st\u00f6\u00f0um\u00e6li og sn\u00faa v\u00f6sunum \u00fat, myndi \u00e9g r\u00e9tta \u00fe\u00e9r t\u00edkall. \u00c9g fyrirl\u00edt samt brau\u00f0molakenninguna, hugmyndina um einkav\u00e6\u00f0ingu au\u00f0linda, st\u00f3ri\u00f0justefnu og margt &hellip; Halda \u00e1fram a\u00f0 lesa &rarr;\" \/>\n<meta property=\"og:url\" content=\"https:\/\/www.norn.is\/pistlar\/holmsteinn-laekin-og-feministarnir\/\" \/>\n<meta property=\"og:site_name\" content=\"Pistlar Evu\" \/>\n<meta property=\"article:published_time\" content=\"2013-11-25T11:42:36+00:00\" \/>\n<meta property=\"article:modified_time\" content=\"2018-09-18T15:59:37+00:00\" \/>\n<meta property=\"og:image\" content=\"https:\/\/www.norn.is\/pistlar\/wp-content\/uploads\/sites\/2\/2013\/11\/Screenshot-from-2014-08-16-172100.png\" \/>\n\t<meta property=\"og:image:width\" content=\"679\" \/>\n\t<meta property=\"og:image:height\" content=\"337\" \/>\n\t<meta property=\"og:image:type\" content=\"image\/png\" \/>\n<meta name=\"author\" content=\"Eva Hauksd\u00f3ttir\" \/>\n<meta name=\"twitter:card\" content=\"summary_large_image\" \/>\n<meta name=\"twitter:label1\" content=\"Written by\" \/>\n\t<meta name=\"twitter:data1\" content=\"\" \/>\n\t<meta name=\"twitter:label2\" content=\"Est. reading time\" \/>\n\t<meta name=\"twitter:data2\" content=\"3 minutes\" \/>\n<script type=\"application\/ld+json\" class=\"yoast-schema-graph\">{\"@context\":\"https:\\\/\\\/schema.org\",\"@graph\":[{\"@type\":\"Article\",\"@id\":\"https:\\\/\\\/www.norn.is\\\/pistlar\\\/holmsteinn-laekin-og-feministarnir\\\/#article\",\"isPartOf\":{\"@id\":\"https:\\\/\\\/www.norn.is\\\/pistlar\\\/holmsteinn-laekin-og-feministarnir\\\/\"},\"author\":{\"name\":\"Eva Hauksd\u00f3ttir\",\"@id\":\"https:\\\/\\\/www.norn.is\\\/pistlar\\\/#\\\/schema\\\/person\\\/2eb0fcae9e1ecc61987f7ed9c878531c\"},\"headline\":\"H\u00f3lmsteinn, l\u00e6kin og feministarnir\",\"datePublished\":\"2013-11-25T11:42:36+00:00\",\"dateModified\":\"2018-09-18T15:59:37+00:00\",\"mainEntityOfPage\":{\"@id\":\"https:\\\/\\\/www.norn.is\\\/pistlar\\\/holmsteinn-laekin-og-feministarnir\\\/\"},\"wordCount\":610,\"image\":{\"@id\":\"https:\\\/\\\/www.norn.is\\\/pistlar\\\/holmsteinn-laekin-og-feministarnir\\\/#primaryimage\"},\"thumbnailUrl\":\"https:\\\/\\\/www.norn.is\\\/pistlar\\\/wp-content\\\/uploads\\\/sites\\\/2\\\/2013\\\/11\\\/Screenshot-from-2014-08-16-172100.png\",\"keywords\":[\"Fj\u00f6lmi\u00f0lar\",\"Hannes H\u00f3lmsteinn\",\"Kap\u00edtalismi\",\"R\u00edkis\u00fatvarpi\u00f0\"],\"articleSection\":[\"Menning, listir og fj\u00f6lmi\u00f0lar\",\"Pistlar um samf\u00e9lagsm\u00e1l\"],\"inLanguage\":\"is\"},{\"@type\":\"WebPage\",\"@id\":\"https:\\\/\\\/www.norn.is\\\/pistlar\\\/holmsteinn-laekin-og-feministarnir\\\/\",\"url\":\"https:\\\/\\\/www.norn.is\\\/pistlar\\\/holmsteinn-laekin-og-feministarnir\\\/\",\"name\":\"H\u00f3lmsteinn, l\u00e6kin og feministarnir - Pistlar Evu\",\"isPartOf\":{\"@id\":\"https:\\\/\\\/www.norn.is\\\/pistlar\\\/#website\"},\"primaryImageOfPage\":{\"@id\":\"https:\\\/\\\/www.norn.is\\\/pistlar\\\/holmsteinn-laekin-og-feministarnir\\\/#primaryimage\"},\"image\":{\"@id\":\"https:\\\/\\\/www.norn.is\\\/pistlar\\\/holmsteinn-laekin-og-feministarnir\\\/#primaryimage\"},\"thumbnailUrl\":\"https:\\\/\\\/www.norn.is\\\/pistlar\\\/wp-content\\\/uploads\\\/sites\\\/2\\\/2013\\\/11\\\/Screenshot-from-2014-08-16-172100.png\",\"datePublished\":\"2013-11-25T11:42:36+00:00\",\"dateModified\":\"2018-09-18T15:59:37+00:00\",\"author\":{\"@id\":\"https:\\\/\\\/www.norn.is\\\/pistlar\\\/#\\\/schema\\\/person\\\/2eb0fcae9e1ecc61987f7ed9c878531c\"},\"breadcrumb\":{\"@id\":\"https:\\\/\\\/www.norn.is\\\/pistlar\\\/holmsteinn-laekin-og-feministarnir\\\/#breadcrumb\"},\"inLanguage\":\"is\",\"potentialAction\":[{\"@type\":\"ReadAction\",\"target\":[\"https:\\\/\\\/www.norn.is\\\/pistlar\\\/holmsteinn-laekin-og-feministarnir\\\/\"]}]},{\"@type\":\"ImageObject\",\"inLanguage\":\"is\",\"@id\":\"https:\\\/\\\/www.norn.is\\\/pistlar\\\/holmsteinn-laekin-og-feministarnir\\\/#primaryimage\",\"url\":\"https:\\\/\\\/www.norn.is\\\/pistlar\\\/wp-content\\\/uploads\\\/sites\\\/2\\\/2013\\\/11\\\/Screenshot-from-2014-08-16-172100.png\",\"contentUrl\":\"https:\\\/\\\/www.norn.is\\\/pistlar\\\/wp-content\\\/uploads\\\/sites\\\/2\\\/2013\\\/11\\\/Screenshot-from-2014-08-16-172100.png\",\"width\":679,\"height\":337},{\"@type\":\"BreadcrumbList\",\"@id\":\"https:\\\/\\\/www.norn.is\\\/pistlar\\\/holmsteinn-laekin-og-feministarnir\\\/#breadcrumb\",\"itemListElement\":[{\"@type\":\"ListItem\",\"position\":1,\"name\":\"Home\",\"item\":\"https:\\\/\\\/www.norn.is\\\/pistlar\\\/\"},{\"@type\":\"ListItem\",\"position\":2,\"name\":\"H\u00f3lmsteinn, l\u00e6kin og feministarnir\"}]},{\"@type\":\"WebSite\",\"@id\":\"https:\\\/\\\/www.norn.is\\\/pistlar\\\/#website\",\"url\":\"https:\\\/\\\/www.norn.is\\\/pistlar\\\/\",\"name\":\"Pistlar Evu\",\"description\":\"\",\"potentialAction\":[{\"@type\":\"SearchAction\",\"target\":{\"@type\":\"EntryPoint\",\"urlTemplate\":\"https:\\\/\\\/www.norn.is\\\/pistlar\\\/?s={search_term_string}\"},\"query-input\":{\"@type\":\"PropertyValueSpecification\",\"valueRequired\":true,\"valueName\":\"search_term_string\"}}],\"inLanguage\":\"is\"},{\"@type\":\"Person\",\"@id\":\"https:\\\/\\\/www.norn.is\\\/pistlar\\\/#\\\/schema\\\/person\\\/2eb0fcae9e1ecc61987f7ed9c878531c\",\"name\":\"Eva Hauksd\u00f3ttir\",\"sameAs\":[\"http:\\\/\\\/www.norn.is\"],\"url\":\"https:\\\/\\\/www.norn.is\\\/pistlar\\\/author\\\/eva\\\/\"}]}<\/script>\n<!-- \/ Yoast SEO plugin. -->","yoast_head_json":{"title":"H\u00f3lmsteinn, l\u00e6kin og feministarnir - Pistlar Evu","robots":{"index":"index","follow":"follow","max-snippet":"max-snippet:-1","max-image-preview":"max-image-preview:large","max-video-preview":"max-video-preview:-1"},"canonical":"https:\/\/www.norn.is\/pistlar\/holmsteinn-laekin-og-feministarnir\/","og_locale":"is_IS","og_type":"article","og_title":"H\u00f3lmsteinn, l\u00e6kin og feministarnir - Pistlar Evu","og_description":"K\u00e6ri Hannes H\u00f3lmsteinn \u00c9g fyrirl\u00edt sumar p\u00f3lit\u00edskar sko\u00f0anir \u00fe\u00ednar. \u00dea\u00f0 er ekkert pers\u00f3nulegt. Ef \u00e9g s\u00e6i \u00feig standa vi\u00f0 st\u00f6\u00f0um\u00e6li og sn\u00faa v\u00f6sunum \u00fat, myndi \u00e9g r\u00e9tta \u00fe\u00e9r t\u00edkall. \u00c9g fyrirl\u00edt samt brau\u00f0molakenninguna, hugmyndina um einkav\u00e6\u00f0ingu au\u00f0linda, st\u00f3ri\u00f0justefnu og margt &hellip; Halda \u00e1fram a\u00f0 lesa &rarr;","og_url":"https:\/\/www.norn.is\/pistlar\/holmsteinn-laekin-og-feministarnir\/","og_site_name":"Pistlar Evu","article_published_time":"2013-11-25T11:42:36+00:00","article_modified_time":"2018-09-18T15:59:37+00:00","og_image":[{"width":679,"height":337,"url":"https:\/\/www.norn.is\/pistlar\/wp-content\/uploads\/sites\/2\/2013\/11\/Screenshot-from-2014-08-16-172100.png","type":"image\/png"}],"author":"Eva Hauksd\u00f3ttir","twitter_card":"summary_large_image","twitter_misc":{"Written by":false,"Est. reading time":"3 minutes"},"schema":{"@context":"https:\/\/schema.org","@graph":[{"@type":"Article","@id":"https:\/\/www.norn.is\/pistlar\/holmsteinn-laekin-og-feministarnir\/#article","isPartOf":{"@id":"https:\/\/www.norn.is\/pistlar\/holmsteinn-laekin-og-feministarnir\/"},"author":{"name":"Eva Hauksd\u00f3ttir","@id":"https:\/\/www.norn.is\/pistlar\/#\/schema\/person\/2eb0fcae9e1ecc61987f7ed9c878531c"},"headline":"H\u00f3lmsteinn, l\u00e6kin og feministarnir","datePublished":"2013-11-25T11:42:36+00:00","dateModified":"2018-09-18T15:59:37+00:00","mainEntityOfPage":{"@id":"https:\/\/www.norn.is\/pistlar\/holmsteinn-laekin-og-feministarnir\/"},"wordCount":610,"image":{"@id":"https:\/\/www.norn.is\/pistlar\/holmsteinn-laekin-og-feministarnir\/#primaryimage"},"thumbnailUrl":"https:\/\/www.norn.is\/pistlar\/wp-content\/uploads\/sites\/2\/2013\/11\/Screenshot-from-2014-08-16-172100.png","keywords":["Fj\u00f6lmi\u00f0lar","Hannes H\u00f3lmsteinn","Kap\u00edtalismi","R\u00edkis\u00fatvarpi\u00f0"],"articleSection":["Menning, listir og fj\u00f6lmi\u00f0lar","Pistlar um samf\u00e9lagsm\u00e1l"],"inLanguage":"is"},{"@type":"WebPage","@id":"https:\/\/www.norn.is\/pistlar\/holmsteinn-laekin-og-feministarnir\/","url":"https:\/\/www.norn.is\/pistlar\/holmsteinn-laekin-og-feministarnir\/","name":"H\u00f3lmsteinn, l\u00e6kin og feministarnir - Pistlar Evu","isPartOf":{"@id":"https:\/\/www.norn.is\/pistlar\/#website"},"primaryImageOfPage":{"@id":"https:\/\/www.norn.is\/pistlar\/holmsteinn-laekin-og-feministarnir\/#primaryimage"},"image":{"@id":"https:\/\/www.norn.is\/pistlar\/holmsteinn-laekin-og-feministarnir\/#primaryimage"},"thumbnailUrl":"https:\/\/www.norn.is\/pistlar\/wp-content\/uploads\/sites\/2\/2013\/11\/Screenshot-from-2014-08-16-172100.png","datePublished":"2013-11-25T11:42:36+00:00","dateModified":"2018-09-18T15:59:37+00:00","author":{"@id":"https:\/\/www.norn.is\/pistlar\/#\/schema\/person\/2eb0fcae9e1ecc61987f7ed9c878531c"},"breadcrumb":{"@id":"https:\/\/www.norn.is\/pistlar\/holmsteinn-laekin-og-feministarnir\/#breadcrumb"},"inLanguage":"is","potentialAction":[{"@type":"ReadAction","target":["https:\/\/www.norn.is\/pistlar\/holmsteinn-laekin-og-feministarnir\/"]}]},{"@type":"ImageObject","inLanguage":"is","@id":"https:\/\/www.norn.is\/pistlar\/holmsteinn-laekin-og-feministarnir\/#primaryimage","url":"https:\/\/www.norn.is\/pistlar\/wp-content\/uploads\/sites\/2\/2013\/11\/Screenshot-from-2014-08-16-172100.png","contentUrl":"https:\/\/www.norn.is\/pistlar\/wp-content\/uploads\/sites\/2\/2013\/11\/Screenshot-from-2014-08-16-172100.png","width":679,"height":337},{"@type":"BreadcrumbList","@id":"https:\/\/www.norn.is\/pistlar\/holmsteinn-laekin-og-feministarnir\/#breadcrumb","itemListElement":[{"@type":"ListItem","position":1,"name":"Home","item":"https:\/\/www.norn.is\/pistlar\/"},{"@type":"ListItem","position":2,"name":"H\u00f3lmsteinn, l\u00e6kin og feministarnir"}]},{"@type":"WebSite","@id":"https:\/\/www.norn.is\/pistlar\/#website","url":"https:\/\/www.norn.is\/pistlar\/","name":"Pistlar Evu","description":"","potentialAction":[{"@type":"SearchAction","target":{"@type":"EntryPoint","urlTemplate":"https:\/\/www.norn.is\/pistlar\/?s={search_term_string}"},"query-input":{"@type":"PropertyValueSpecification","valueRequired":true,"valueName":"search_term_string"}}],"inLanguage":"is"},{"@type":"Person","@id":"https:\/\/www.norn.is\/pistlar\/#\/schema\/person\/2eb0fcae9e1ecc61987f7ed9c878531c","name":"Eva Hauksd\u00f3ttir","sameAs":["http:\/\/www.norn.is"],"url":"https:\/\/www.norn.is\/pistlar\/author\/eva\/"}]}},"_links":{"self":[{"href":"https:\/\/www.norn.is\/pistlar\/wp-json\/wp\/v2\/posts\/1835","targetHints":{"allow":["GET"]}}],"collection":[{"href":"https:\/\/www.norn.is\/pistlar\/wp-json\/wp\/v2\/posts"}],"about":[{"href":"https:\/\/www.norn.is\/pistlar\/wp-json\/wp\/v2\/types\/post"}],"author":[{"embeddable":true,"href":"https:\/\/www.norn.is\/pistlar\/wp-json\/wp\/v2\/users\/2"}],"replies":[{"embeddable":true,"href":"https:\/\/www.norn.is\/pistlar\/wp-json\/wp\/v2\/comments?post=1835"}],"version-history":[{"count":3,"href":"https:\/\/www.norn.is\/pistlar\/wp-json\/wp\/v2\/posts\/1835\/revisions"}],"predecessor-version":[{"id":11003,"href":"https:\/\/www.norn.is\/pistlar\/wp-json\/wp\/v2\/posts\/1835\/revisions\/11003"}],"wp:featuredmedia":[{"embeddable":true,"href":"https:\/\/www.norn.is\/pistlar\/wp-json\/wp\/v2\/media\/1838"}],"wp:attachment":[{"href":"https:\/\/www.norn.is\/pistlar\/wp-json\/wp\/v2\/media?parent=1835"}],"wp:term":[{"taxonomy":"category","embeddable":true,"href":"https:\/\/www.norn.is\/pistlar\/wp-json\/wp\/v2\/categories?post=1835"},{"taxonomy":"post_tag","embeddable":true,"href":"https:\/\/www.norn.is\/pistlar\/wp-json\/wp\/v2\/tags?post=1835"}],"curies":[{"name":"wp","href":"https:\/\/api.w.org\/{rel}","templated":true}]}}