{"id":180,"date":"2003-10-24T15:00:35","date_gmt":"2003-10-24T15:00:35","guid":{"rendered":"http:\/\/www.norn.is\/pistillinn\/?p=180"},"modified":"2018-09-18T11:30:39","modified_gmt":"2018-09-18T11:30:39","slug":"ekki-adskilnad-heldur-nyja-kirkju","status":"publish","type":"post","link":"https:\/\/www.norn.is\/pistlar\/ekki-adskilnad-heldur-nyja-kirkju\/","title":{"rendered":"Ekki a\u00f0skilna\u00f0 heldur n\u00fdja kirkju"},"content":{"rendered":"<p><a href=\"http:\/\/www.norn.is\/pistlar\/wp-content\/uploads\/sites\/2\/2003\/10\/kosciolnarodowy1.jpg\"><img loading=\"lazy\" decoding=\"async\" class=\"size-full wp-image-1021 aligncenter\" src=\"http:\/\/www.norn.is\/pistlar\/wp-content\/uploads\/sites\/2\/2003\/10\/kosciolnarodowy1.jpg\" alt=\"kirkjan\" width=\"480\" height=\"640\" srcset=\"https:\/\/www.norn.is\/pistlar\/wp-content\/uploads\/sites\/2\/2003\/10\/kosciolnarodowy1.jpg 480w, https:\/\/www.norn.is\/pistlar\/wp-content\/uploads\/sites\/2\/2003\/10\/kosciolnarodowy1-225x300.jpg 225w\" sizes=\"auto, (max-width: 480px) 100vw, 480px\" \/><\/a>\u00c9g er a\u00f0 ver\u00f0a d\u00e1l\u00edti\u00f0 \u00fereytt \u00e1 \u00feeim r\u00f6kum fyrir sambandi r\u00edkis og kirkju a\u00f0 vi\u00f0 s\u00e9um &#8222;kristin \u00fej\u00f3\u00f0&#8220; og a\u00f0 \u00fea\u00f0 s\u00e9 e\u00f0lilegt a\u00f0 r\u00edki\u00f0 &#8222;sinni \u00fe\u00f6rfum meirihlutans&#8220;.<\/p>\n<p><!--more-->Eins og allir vita sem \u00fea\u00f0 k\u00e6ra sig um eru \u00cdslendingar engir evangelistar, heldur eru \u00feeir sem \u00e1 anna\u00f0 bor\u00f0 tr\u00faa \u00e1 yfirn\u00e1tt\u00faru, upp til h\u00f3pa\u00a0sp\u00edritistar. \u00deeir tr\u00faa \u00fev\u00ed a\u00f0 vi\u00f0 dau\u00f0ann yfirgefi s\u00e1lin l\u00edkamann og einstaklingurinn haldi \u00e1fram a\u00f0 eiga s\u00e9r einhverskonar tilveru \u00ed heimi sem er handan okkar skilnings. Fr\u00e1 \u00feessum heimi fylgist hann me\u00f0 okkur og getur haft samband vi\u00f0 okkur \u00ed gegnum mi\u00f0la, drauma e\u00f0a jafnvel birst okkur sem svipur. Hann getur ef svo ber undir gripi\u00f0 inn \u00ed l\u00edf okkar me\u00f0 a\u00f0v\u00f6run. Heppileg tilviljun getur veri\u00f0 merki um a\u00f0 amma og afi haldi yfir okkur verndarhendi. \u00deetta er hin raunverulega tr\u00fa \u00cdslendinga og er h\u00fan \u00fe\u00f3 frekar \u00e1 undanhaldi.<\/p>\n<p>\u00deessi hugmynd um l\u00edf eftir dau\u00f0ann er ekki \u00ed neinu samr\u00e6mi vi\u00f0 kenningu kirkjunnar um a\u00f0 dau\u00f0ir sofi \u00ed gr\u00f6fum s\u00ednum til d\u00f3msdags. Hins vegar vita f\u00e6stir \u00cdslendinga hver kenning kirkjunnar er \u00ed \u00feessum efnum enda engu l\u00edkara en a\u00f0 prestar for\u00f0ist \u00feetta umr\u00e6\u00f0uefni. Sonur minn \u00fe\u00e1\u00f0i fermingarfr\u00e6\u00f0slu hj\u00e1 tveimur prestum og spur\u00f0i \u00fe\u00e1 s\u00e9rstaklega \u00fat \u00ed l\u00edfi\u00f0 eftir dau\u00f0ann, auk \u00feess a\u00f0 r\u00e6\u00f0a vi\u00f0 tvo presta til vi\u00f0b\u00f3tar um einmitt \u00feessi m\u00e1l. Allir s\u00f6g\u00f0u blessa\u00f0ir gu\u00f0smennirnir b\u00f6rnunum a\u00f0 tr\u00faa bara \u00fev\u00ed sem \u00feau vildu. Gott og vel, kirkjan hefur samkv\u00e6mt \u00fev\u00ed enga skyldu til a\u00f0 starfa eftir eigin kenningagrundvelli, gegnir ekki \u00fev\u00ed hlutverki a\u00f0 uppfr\u00e6\u00f0a f\u00f3lk um Bibl\u00eduna og f\u00f3lk m\u00e1 bara tr\u00faa \u00fev\u00ed sem \u00fev\u00ed s\u00fdnist. Hlutverk hennar vir\u00f0ist samkv\u00e6mt \u00feessu vera fyrst og fremst \u00fea\u00f0 a\u00f0 vi\u00f0halda sj\u00e1lfri s\u00e9r, me\u00f0 \u00fev\u00ed a\u00f0 seilast \u00ed vasa skattgrei\u00f0enda, halda \u00fati kirkjulegum ath\u00f6fum, mynda umgj\u00f6r\u00f0 um j\u00f3l og p\u00e1ska og h\u00f6f\u00f0a til f\u00f3lks sem \u00e1 b\u00e1gt me\u00f0 svokalla\u00f0ri k\u00e6rleiks\u00fej\u00f3nustu.<\/p>\n<p>\u00dear sem enn vir\u00f0ist tali\u00f0 r\u00e9tt og e\u00f0lilegt a\u00f0 r\u00edki\u00f0 sty\u00f0ji og verndi tr\u00faarl\u00edf og sko\u00f0anir meirihlutans, legg \u00e9g til a\u00f0 r\u00edki\u00f0 sl\u00edti sambandi vi\u00f0 \u00dej\u00f3\u00f0kirkjuna en taki \u00ed sta\u00f0inn a\u00f0 s\u00e9r a\u00f0 reka sp\u00edritistaf\u00e9lag &#8211; kirkju meirihlutans. \u00dea\u00f0 er einnig vel vi\u00f0 h\u00e6fi \u00ed lj\u00f3si \u00feess a\u00f0 draugatr\u00fa, draumr\u00e1\u00f0ningar og skyggnil\u00fdsingar, eru samtvinnu\u00f0 menningu og s\u00f6gu \u00fej\u00f3\u00f0arinnar fr\u00e1 fyrstu t\u00ed\u00f0. Hvort sem vi\u00f0 l\u00edtum til \u00cdslendingasagna, \u00fej\u00f3\u00f0sagna og kv\u00e6\u00f0ahef\u00f0ar e\u00f0a hugmynda fermingarbarna n\u00fat\u00edmans um framhaldsl\u00edf, er engum vafa undiorpi\u00f0 a\u00f0 \u00feessar hugmyndir eiga s\u00e9r sterkar r\u00e6tur \u00ed \u00fej\u00f3\u00f0ars\u00e1linni. Svo er \u00fea\u00f0 n\u00e1tt\u00farulega vi\u00f0tekin sko\u00f0un a\u00f0 fj\u00f6ldinn skipti m\u00e1li, \u00feegar afskipti r\u00edkisvaldsins af tr\u00faarl\u00edfi \u00feegnanna er annars vegar, en ekki jafnr\u00e9tti til tr\u00faarl\u00edfs.<\/p>\n<p>Au\u00f0vita\u00f0 g\u00e6ti sp\u00edritistakirkjan bo\u00f0i\u00f0 upp \u00e1 kirkjulegar athafnir sem l\u00f6ng hef\u00f0 er fyrir \u00e1 \u00cdslandi. Kosturinn er s\u00e1 a\u00f0 presturinn g\u00e6ti kinnro\u00f0alaust komi\u00f0 \u00fev\u00ed a\u00f0 \u00ed l\u00edkr\u00e6\u00f0u a\u00f0 afi sitji sennilega \u00fati \u00ed sal og fylgist me\u00f0 eigin greftrunarath\u00f6fn. Hann g\u00e6ti einnig nota\u00f0 fr\u00e1s\u00f6gur eftirlifenda af \u00fev\u00ed hvernig amma s\u00e1luga hefur hva\u00f0 eftir anna\u00f0 birst b\u00f6rnum s\u00ednum og l\u00fdst yfir s\u00f6knu\u00f0i eftir afa og hvernig h\u00fan vitra\u00f0ist afa \u00ed draumi og kalla\u00f0i hann til s\u00edn, daginn \u00e1\u00f0ur en hann d\u00f3. Sl\u00edkar l\u00edkr\u00e6\u00f0ur kynnu \u00e6ttingjarnir \u00e1rei\u00f0anlega a\u00f0 meta.<\/p>\n<p>Svo v\u00e6ri au\u00f0vita\u00f0 vel vi\u00f0 h\u00e6fi a\u00f0 r\u00edkisrekin sp\u00edritistakirkja sendi fulltr\u00faa sinn \u00ed sk\u00f3la og leiksk\u00f3la, til a\u00f0 segja draugas\u00f6gur og syngja \u00e1lfakv\u00e6\u00f0i me\u00f0 kr\u00f6kkunum, kenna b\u00f6rnum a\u00f0 \u00feroska skyggnig\u00e1fu s\u00edna, sem almennt er vi\u00f0urkennt a\u00f0 m\u00f6rg b\u00f6rn hafi, r\u00e1\u00f0a drauma og kve\u00f0a \u00f3velkomna drauga \u00ed k\u00fatinn. Prestar sp\u00edritstakirkjunnar hef\u00f0u aukinheldur \u00fea\u00f0 verk me\u00f0 h\u00f6ndum a\u00f0 heims\u00e6kja r\u00edkisstofnanir og fyrirt\u00e6ki til a\u00f0 hreinsa \u00fea\u00f0an \u00fat illa anda en hleypa g\u00f3\u00f0um inn. S\u00e9rstakur klerkur g\u00e6ti jafnvel veri\u00f0 \u00ed fullu starfi vi\u00f0 \u00feetta \u00e1 Al\u00feingi &#8211; ekki veitir af.<\/p>\n<p>\u00c9g hef ekki \u00e1hyggjur af \u00fev\u00ed a\u00f0 \u00fea\u00f0 k\u00e6mi neitt ni\u00f0ur \u00e1 k\u00e6rleiks\u00fej\u00f3nustu kirkjunnar \u00fe\u00f3tt mi\u00f0lar t\u00e6kju vi\u00f0 \u00feeim pakka. Mi\u00f0lar eru upp til h\u00f3pa afskaplega k\u00e6rleiksr\u00edkt f\u00f3lk. \u00deeir hafa \u00fea\u00f0 umfram presta \u00dej\u00f3\u00f0kirkjunnar a\u00f0 geta n\u00e1\u00f0 sambandi vi\u00f0 framli\u00f0na og \u00feannig fengi syrgjandinn sta\u00f0festingu \u00e1 \u00fev\u00ed a\u00f0 hinum l\u00e1tna li\u00f0i vel og hef\u00f0i ekki gleymt \u00e1stvinum s\u00ednum. \u00dea\u00f0 \u00fe\u00e6tti flestum miklu meiri huggun en a\u00f0 heyra a\u00f0 afi (sem var kannski hinn mesti syndaselur, vita tr\u00falaus og or\u00f0lj\u00f3tur drykkjur\u00fatur sem sveik f\u00e9 \u00fat \u00far f\u00e1t\u00e6kum og orti skopkv\u00e6\u00f0i um Jes\u00fas, gott ef hann \u00e1tti ekki vingott vi\u00f0 karlh\u00f3ra um t\u00edma &#8211; og s\u00e1 ekki eftir neinu) s\u00e9 grj\u00f3tsofandi \u00ed sinni k\u00f6ldu gr\u00f6f og \u00fear muni hann liggja \u00fear til honum ver\u00f0i varpa\u00f0 \u00ed eldsd\u00fdki\u00f0 \u00e1 hinum hinsta degi en ef \u00dej\u00f3\u00f0kirkjuprestar f\u00e6ru eftir sinni eigin tr\u00fa myndu \u00feeir segja syrgjendum \u00feann &#8222;sannleika&#8220;.<\/p>\n<p>Meirihluti \u00fej\u00f3\u00f0arinnar vill halda \u00ed kirkjulegar athafnir en hann vill l\u00edka halda \u00ed tr\u00fa \u00e1 drauga, galdur og t\u00e1kngildi drauma. Hygg \u00e9g a\u00f0 sp\u00edritistar s\u00e9u betur til \u00feess fallnir a\u00f0 m\u00e6ta \u00feeirri \u00fe\u00f6rf en \u00dej\u00f3\u00f0kirkjan. Efist menn um r\u00e9ttm\u00e6ti \u00feess a\u00f0 skipta um rikiskirkju er einfaldast a\u00f0 f\u00e1 Gallup til a\u00f0 gera k\u00f6nnun \u00e1 raunverulegum sko\u00f0unum \u00fej\u00f3\u00f0arinnar \u00e1 eil\u00edf\u00f0arm\u00e1lunum. Ef \u00ed lj\u00f3s kemur a\u00f0 meirihlutinn samsamar sig betur hugmyndinum sp\u00edritista en \u00dej\u00f3\u00f0kirkjunnar, \u00fe\u00e1 bara skiptum vi\u00f0. \u00dea\u00f0 er nefnilega e\u00f0lilegt a\u00f0 r\u00edki\u00f0 &#8222;\u00fej\u00f3ni \u00fe\u00f6rfum meirihlutans&#8220; og leggi sig fram um a\u00f0 hindra frekari \u00fer\u00f3un \u00cdslands \u00ed \u00e1tt a\u00f0 fj\u00f6lmenningarlegu samf\u00e9lagi.<\/p>\n","protected":false},"excerpt":{"rendered":"<p>\u00c9g er a\u00f0 ver\u00f0a d\u00e1l\u00edti\u00f0 \u00fereytt \u00e1 \u00feeim r\u00f6kum fyrir sambandi r\u00edkis og kirkju a\u00f0 vi\u00f0 s\u00e9um &#8222;kristin \u00fej\u00f3\u00f0&#8220; og a\u00f0 \u00fea\u00f0 s\u00e9 e\u00f0lilegt a\u00f0 r\u00edki\u00f0 &#8222;sinni \u00fe\u00f6rfum meirihlutans&#8220;.<\/p>\n","protected":false},"author":2,"featured_media":0,"comment_status":"closed","ping_status":"closed","sticky":false,"template":"","format":"standard","meta":{"footnotes":"","_links_to":"","_links_to_target":""},"categories":[1,7],"tags":[262],"class_list":["post-180","post","type-post","status-publish","format-standard","hentry","category-pistlar","category-trumal","tag-thjodkirkjan"],"yoast_head":"<!-- This site is optimized with the Yoast SEO plugin v27.4 - https:\/\/yoast.com\/product\/yoast-seo-wordpress\/ -->\n<title>Ekki a\u00f0skilna\u00f0 heldur n\u00fdja kirkju - Pistlar Evu<\/title>\n<meta name=\"robots\" content=\"index, follow, max-snippet:-1, max-image-preview:large, max-video-preview:-1\" \/>\n<link rel=\"canonical\" href=\"https:\/\/www.norn.is\/pistlar\/ekki-adskilnad-heldur-nyja-kirkju\/\" \/>\n<meta property=\"og:locale\" content=\"is_IS\" \/>\n<meta property=\"og:type\" content=\"article\" \/>\n<meta property=\"og:title\" content=\"Ekki a\u00f0skilna\u00f0 heldur n\u00fdja kirkju - Pistlar Evu\" \/>\n<meta property=\"og:description\" content=\"\u00c9g er a\u00f0 ver\u00f0a d\u00e1l\u00edti\u00f0 \u00fereytt \u00e1 \u00feeim r\u00f6kum fyrir sambandi r\u00edkis og kirkju a\u00f0 vi\u00f0 s\u00e9um &#8222;kristin \u00fej\u00f3\u00f0&#8220; og a\u00f0 \u00fea\u00f0 s\u00e9 e\u00f0lilegt a\u00f0 r\u00edki\u00f0 &#8222;sinni \u00fe\u00f6rfum meirihlutans&#8220;.\" \/>\n<meta property=\"og:url\" content=\"https:\/\/www.norn.is\/pistlar\/ekki-adskilnad-heldur-nyja-kirkju\/\" \/>\n<meta property=\"og:site_name\" content=\"Pistlar Evu\" \/>\n<meta property=\"article:published_time\" content=\"2003-10-24T15:00:35+00:00\" \/>\n<meta property=\"article:modified_time\" content=\"2018-09-18T11:30:39+00:00\" \/>\n<meta property=\"og:image\" content=\"http:\/\/www.norn.is\/pistlar\/wp-content\/uploads\/sites\/2\/2003\/10\/kosciolnarodowy1.jpg\" \/>\n<meta name=\"author\" content=\"Eva Hauksd\u00f3ttir\" \/>\n<meta name=\"twitter:card\" content=\"summary_large_image\" \/>\n<meta name=\"twitter:label1\" content=\"Written by\" \/>\n\t<meta name=\"twitter:data1\" content=\"\" \/>\n\t<meta name=\"twitter:label2\" content=\"Est. reading time\" \/>\n\t<meta name=\"twitter:data2\" content=\"5 minutes\" \/>\n<script type=\"application\/ld+json\" class=\"yoast-schema-graph\">{\"@context\":\"https:\\\/\\\/schema.org\",\"@graph\":[{\"@type\":\"Article\",\"@id\":\"https:\\\/\\\/www.norn.is\\\/pistlar\\\/ekki-adskilnad-heldur-nyja-kirkju\\\/#article\",\"isPartOf\":{\"@id\":\"https:\\\/\\\/www.norn.is\\\/pistlar\\\/ekki-adskilnad-heldur-nyja-kirkju\\\/\"},\"author\":{\"name\":\"Eva Hauksd\u00f3ttir\",\"@id\":\"https:\\\/\\\/www.norn.is\\\/pistlar\\\/#\\\/schema\\\/person\\\/2eb0fcae9e1ecc61987f7ed9c878531c\"},\"headline\":\"Ekki a\u00f0skilna\u00f0 heldur n\u00fdja kirkju\",\"datePublished\":\"2003-10-24T15:00:35+00:00\",\"dateModified\":\"2018-09-18T11:30:39+00:00\",\"mainEntityOfPage\":{\"@id\":\"https:\\\/\\\/www.norn.is\\\/pistlar\\\/ekki-adskilnad-heldur-nyja-kirkju\\\/\"},\"wordCount\":1039,\"image\":{\"@id\":\"https:\\\/\\\/www.norn.is\\\/pistlar\\\/ekki-adskilnad-heldur-nyja-kirkju\\\/#primaryimage\"},\"thumbnailUrl\":\"http:\\\/\\\/www.norn.is\\\/pistlar\\\/wp-content\\\/uploads\\\/sites\\\/2\\\/2003\\\/10\\\/kosciolnarodowy1.jpg\",\"keywords\":[\"\u00dej\u00f3\u00f0kirkjan\"],\"articleSection\":[\"Pistlar um samf\u00e9lagsm\u00e1l\",\"Tr\u00fam\u00e1l\"],\"inLanguage\":\"is\"},{\"@type\":\"WebPage\",\"@id\":\"https:\\\/\\\/www.norn.is\\\/pistlar\\\/ekki-adskilnad-heldur-nyja-kirkju\\\/\",\"url\":\"https:\\\/\\\/www.norn.is\\\/pistlar\\\/ekki-adskilnad-heldur-nyja-kirkju\\\/\",\"name\":\"Ekki a\u00f0skilna\u00f0 heldur n\u00fdja kirkju - Pistlar Evu\",\"isPartOf\":{\"@id\":\"https:\\\/\\\/www.norn.is\\\/pistlar\\\/#website\"},\"primaryImageOfPage\":{\"@id\":\"https:\\\/\\\/www.norn.is\\\/pistlar\\\/ekki-adskilnad-heldur-nyja-kirkju\\\/#primaryimage\"},\"image\":{\"@id\":\"https:\\\/\\\/www.norn.is\\\/pistlar\\\/ekki-adskilnad-heldur-nyja-kirkju\\\/#primaryimage\"},\"thumbnailUrl\":\"http:\\\/\\\/www.norn.is\\\/pistlar\\\/wp-content\\\/uploads\\\/sites\\\/2\\\/2003\\\/10\\\/kosciolnarodowy1.jpg\",\"datePublished\":\"2003-10-24T15:00:35+00:00\",\"dateModified\":\"2018-09-18T11:30:39+00:00\",\"author\":{\"@id\":\"https:\\\/\\\/www.norn.is\\\/pistlar\\\/#\\\/schema\\\/person\\\/2eb0fcae9e1ecc61987f7ed9c878531c\"},\"breadcrumb\":{\"@id\":\"https:\\\/\\\/www.norn.is\\\/pistlar\\\/ekki-adskilnad-heldur-nyja-kirkju\\\/#breadcrumb\"},\"inLanguage\":\"is\",\"potentialAction\":[{\"@type\":\"ReadAction\",\"target\":[\"https:\\\/\\\/www.norn.is\\\/pistlar\\\/ekki-adskilnad-heldur-nyja-kirkju\\\/\"]}]},{\"@type\":\"ImageObject\",\"inLanguage\":\"is\",\"@id\":\"https:\\\/\\\/www.norn.is\\\/pistlar\\\/ekki-adskilnad-heldur-nyja-kirkju\\\/#primaryimage\",\"url\":\"http:\\\/\\\/www.norn.is\\\/pistlar\\\/wp-content\\\/uploads\\\/sites\\\/2\\\/2003\\\/10\\\/kosciolnarodowy1.jpg\",\"contentUrl\":\"http:\\\/\\\/www.norn.is\\\/pistlar\\\/wp-content\\\/uploads\\\/sites\\\/2\\\/2003\\\/10\\\/kosciolnarodowy1.jpg\"},{\"@type\":\"BreadcrumbList\",\"@id\":\"https:\\\/\\\/www.norn.is\\\/pistlar\\\/ekki-adskilnad-heldur-nyja-kirkju\\\/#breadcrumb\",\"itemListElement\":[{\"@type\":\"ListItem\",\"position\":1,\"name\":\"Home\",\"item\":\"https:\\\/\\\/www.norn.is\\\/pistlar\\\/\"},{\"@type\":\"ListItem\",\"position\":2,\"name\":\"Ekki a\u00f0skilna\u00f0 heldur n\u00fdja kirkju\"}]},{\"@type\":\"WebSite\",\"@id\":\"https:\\\/\\\/www.norn.is\\\/pistlar\\\/#website\",\"url\":\"https:\\\/\\\/www.norn.is\\\/pistlar\\\/\",\"name\":\"Pistlar Evu\",\"description\":\"\",\"potentialAction\":[{\"@type\":\"SearchAction\",\"target\":{\"@type\":\"EntryPoint\",\"urlTemplate\":\"https:\\\/\\\/www.norn.is\\\/pistlar\\\/?s={search_term_string}\"},\"query-input\":{\"@type\":\"PropertyValueSpecification\",\"valueRequired\":true,\"valueName\":\"search_term_string\"}}],\"inLanguage\":\"is\"},{\"@type\":\"Person\",\"@id\":\"https:\\\/\\\/www.norn.is\\\/pistlar\\\/#\\\/schema\\\/person\\\/2eb0fcae9e1ecc61987f7ed9c878531c\",\"name\":\"Eva Hauksd\u00f3ttir\",\"sameAs\":[\"http:\\\/\\\/www.norn.is\"],\"url\":\"https:\\\/\\\/www.norn.is\\\/pistlar\\\/author\\\/eva\\\/\"}]}<\/script>\n<!-- \/ Yoast SEO plugin. -->","yoast_head_json":{"title":"Ekki a\u00f0skilna\u00f0 heldur n\u00fdja kirkju - Pistlar Evu","robots":{"index":"index","follow":"follow","max-snippet":"max-snippet:-1","max-image-preview":"max-image-preview:large","max-video-preview":"max-video-preview:-1"},"canonical":"https:\/\/www.norn.is\/pistlar\/ekki-adskilnad-heldur-nyja-kirkju\/","og_locale":"is_IS","og_type":"article","og_title":"Ekki a\u00f0skilna\u00f0 heldur n\u00fdja kirkju - Pistlar Evu","og_description":"\u00c9g er a\u00f0 ver\u00f0a d\u00e1l\u00edti\u00f0 \u00fereytt \u00e1 \u00feeim r\u00f6kum fyrir sambandi r\u00edkis og kirkju a\u00f0 vi\u00f0 s\u00e9um &#8222;kristin \u00fej\u00f3\u00f0&#8220; og a\u00f0 \u00fea\u00f0 s\u00e9 e\u00f0lilegt a\u00f0 r\u00edki\u00f0 &#8222;sinni \u00fe\u00f6rfum meirihlutans&#8220;.","og_url":"https:\/\/www.norn.is\/pistlar\/ekki-adskilnad-heldur-nyja-kirkju\/","og_site_name":"Pistlar Evu","article_published_time":"2003-10-24T15:00:35+00:00","article_modified_time":"2018-09-18T11:30:39+00:00","og_image":[{"url":"http:\/\/www.norn.is\/pistlar\/wp-content\/uploads\/sites\/2\/2003\/10\/kosciolnarodowy1.jpg","type":"","width":"","height":""}],"author":"Eva Hauksd\u00f3ttir","twitter_card":"summary_large_image","twitter_misc":{"Written by":false,"Est. reading time":"5 minutes"},"schema":{"@context":"https:\/\/schema.org","@graph":[{"@type":"Article","@id":"https:\/\/www.norn.is\/pistlar\/ekki-adskilnad-heldur-nyja-kirkju\/#article","isPartOf":{"@id":"https:\/\/www.norn.is\/pistlar\/ekki-adskilnad-heldur-nyja-kirkju\/"},"author":{"name":"Eva Hauksd\u00f3ttir","@id":"https:\/\/www.norn.is\/pistlar\/#\/schema\/person\/2eb0fcae9e1ecc61987f7ed9c878531c"},"headline":"Ekki a\u00f0skilna\u00f0 heldur n\u00fdja kirkju","datePublished":"2003-10-24T15:00:35+00:00","dateModified":"2018-09-18T11:30:39+00:00","mainEntityOfPage":{"@id":"https:\/\/www.norn.is\/pistlar\/ekki-adskilnad-heldur-nyja-kirkju\/"},"wordCount":1039,"image":{"@id":"https:\/\/www.norn.is\/pistlar\/ekki-adskilnad-heldur-nyja-kirkju\/#primaryimage"},"thumbnailUrl":"http:\/\/www.norn.is\/pistlar\/wp-content\/uploads\/sites\/2\/2003\/10\/kosciolnarodowy1.jpg","keywords":["\u00dej\u00f3\u00f0kirkjan"],"articleSection":["Pistlar um samf\u00e9lagsm\u00e1l","Tr\u00fam\u00e1l"],"inLanguage":"is"},{"@type":"WebPage","@id":"https:\/\/www.norn.is\/pistlar\/ekki-adskilnad-heldur-nyja-kirkju\/","url":"https:\/\/www.norn.is\/pistlar\/ekki-adskilnad-heldur-nyja-kirkju\/","name":"Ekki a\u00f0skilna\u00f0 heldur n\u00fdja kirkju - Pistlar Evu","isPartOf":{"@id":"https:\/\/www.norn.is\/pistlar\/#website"},"primaryImageOfPage":{"@id":"https:\/\/www.norn.is\/pistlar\/ekki-adskilnad-heldur-nyja-kirkju\/#primaryimage"},"image":{"@id":"https:\/\/www.norn.is\/pistlar\/ekki-adskilnad-heldur-nyja-kirkju\/#primaryimage"},"thumbnailUrl":"http:\/\/www.norn.is\/pistlar\/wp-content\/uploads\/sites\/2\/2003\/10\/kosciolnarodowy1.jpg","datePublished":"2003-10-24T15:00:35+00:00","dateModified":"2018-09-18T11:30:39+00:00","author":{"@id":"https:\/\/www.norn.is\/pistlar\/#\/schema\/person\/2eb0fcae9e1ecc61987f7ed9c878531c"},"breadcrumb":{"@id":"https:\/\/www.norn.is\/pistlar\/ekki-adskilnad-heldur-nyja-kirkju\/#breadcrumb"},"inLanguage":"is","potentialAction":[{"@type":"ReadAction","target":["https:\/\/www.norn.is\/pistlar\/ekki-adskilnad-heldur-nyja-kirkju\/"]}]},{"@type":"ImageObject","inLanguage":"is","@id":"https:\/\/www.norn.is\/pistlar\/ekki-adskilnad-heldur-nyja-kirkju\/#primaryimage","url":"http:\/\/www.norn.is\/pistlar\/wp-content\/uploads\/sites\/2\/2003\/10\/kosciolnarodowy1.jpg","contentUrl":"http:\/\/www.norn.is\/pistlar\/wp-content\/uploads\/sites\/2\/2003\/10\/kosciolnarodowy1.jpg"},{"@type":"BreadcrumbList","@id":"https:\/\/www.norn.is\/pistlar\/ekki-adskilnad-heldur-nyja-kirkju\/#breadcrumb","itemListElement":[{"@type":"ListItem","position":1,"name":"Home","item":"https:\/\/www.norn.is\/pistlar\/"},{"@type":"ListItem","position":2,"name":"Ekki a\u00f0skilna\u00f0 heldur n\u00fdja kirkju"}]},{"@type":"WebSite","@id":"https:\/\/www.norn.is\/pistlar\/#website","url":"https:\/\/www.norn.is\/pistlar\/","name":"Pistlar Evu","description":"","potentialAction":[{"@type":"SearchAction","target":{"@type":"EntryPoint","urlTemplate":"https:\/\/www.norn.is\/pistlar\/?s={search_term_string}"},"query-input":{"@type":"PropertyValueSpecification","valueRequired":true,"valueName":"search_term_string"}}],"inLanguage":"is"},{"@type":"Person","@id":"https:\/\/www.norn.is\/pistlar\/#\/schema\/person\/2eb0fcae9e1ecc61987f7ed9c878531c","name":"Eva Hauksd\u00f3ttir","sameAs":["http:\/\/www.norn.is"],"url":"https:\/\/www.norn.is\/pistlar\/author\/eva\/"}]}},"_links":{"self":[{"href":"https:\/\/www.norn.is\/pistlar\/wp-json\/wp\/v2\/posts\/180","targetHints":{"allow":["GET"]}}],"collection":[{"href":"https:\/\/www.norn.is\/pistlar\/wp-json\/wp\/v2\/posts"}],"about":[{"href":"https:\/\/www.norn.is\/pistlar\/wp-json\/wp\/v2\/types\/post"}],"author":[{"embeddable":true,"href":"https:\/\/www.norn.is\/pistlar\/wp-json\/wp\/v2\/users\/2"}],"replies":[{"embeddable":true,"href":"https:\/\/www.norn.is\/pistlar\/wp-json\/wp\/v2\/comments?post=180"}],"version-history":[{"count":7,"href":"https:\/\/www.norn.is\/pistlar\/wp-json\/wp\/v2\/posts\/180\/revisions"}],"predecessor-version":[{"id":11571,"href":"https:\/\/www.norn.is\/pistlar\/wp-json\/wp\/v2\/posts\/180\/revisions\/11571"}],"wp:attachment":[{"href":"https:\/\/www.norn.is\/pistlar\/wp-json\/wp\/v2\/media?parent=180"}],"wp:term":[{"taxonomy":"category","embeddable":true,"href":"https:\/\/www.norn.is\/pistlar\/wp-json\/wp\/v2\/categories?post=180"},{"taxonomy":"post_tag","embeddable":true,"href":"https:\/\/www.norn.is\/pistlar\/wp-json\/wp\/v2\/tags?post=180"}],"curies":[{"name":"wp","href":"https:\/\/api.w.org\/{rel}","templated":true}]}}