{"id":14353,"date":"2020-05-08T13:06:24","date_gmt":"2020-05-08T13:06:24","guid":{"rendered":"http:\/\/www.norn.is\/pistlar\/?p=14353"},"modified":"2020-05-15T23:09:59","modified_gmt":"2020-05-15T23:09:59","slug":"daily-mail-faer-gaedavottun-fra-islenska-rikinu","status":"publish","type":"post","link":"https:\/\/www.norn.is\/pistlar\/daily-mail-faer-gaedavottun-fra-islenska-rikinu\/","title":{"rendered":"Daily Mail f\u00e6r g\u00e6\u00f0avottun fr\u00e1 \u00edslenska r\u00edkinu"},"content":{"rendered":"<p><a href=\"http:\/\/www.norn.is\/pistlar\/wp-content\/uploads\/sites\/2\/2020\/05\/ritsko\u00f0un-scaled.jpg\"><img loading=\"lazy\" decoding=\"async\" class=\"aligncenter size-large wp-image-14354\" src=\"http:\/\/www.norn.is\/pistlar\/wp-content\/uploads\/sites\/2\/2020\/05\/ritsko\u00f0un-1024x681.jpg\" alt=\"\" width=\"584\" height=\"388\" srcset=\"https:\/\/www.norn.is\/pistlar\/wp-content\/uploads\/sites\/2\/2020\/05\/ritsko\u00f0un-1024x681.jpg 1024w, https:\/\/www.norn.is\/pistlar\/wp-content\/uploads\/sites\/2\/2020\/05\/ritsko\u00f0un-300x200.jpg 300w, https:\/\/www.norn.is\/pistlar\/wp-content\/uploads\/sites\/2\/2020\/05\/ritsko\u00f0un-768x511.jpg 768w, https:\/\/www.norn.is\/pistlar\/wp-content\/uploads\/sites\/2\/2020\/05\/ritsko\u00f0un-1536x1022.jpg 1536w, https:\/\/www.norn.is\/pistlar\/wp-content\/uploads\/sites\/2\/2020\/05\/ritsko\u00f0un-2048x1363.jpg 2048w, https:\/\/www.norn.is\/pistlar\/wp-content\/uploads\/sites\/2\/2020\/05\/ritsko\u00f0un-451x300.jpg 451w\" sizes=\"auto, (max-width: 584px) 100vw, 584px\" \/><\/a><\/p>\n<p>Tj\u00e1ningarfrelsi\u00f0 \u00e1 undir h\u00f6gg a\u00f0 s\u00e6kja, l\u00edka \u00ed Evr\u00f3pu. Og n\u00fa h\u00f6fum vi\u00f0 fengi\u00f0 sta\u00f0festingu \u00e1 \u00fev\u00ed hva\u00f0 getur gerst \u00feegar r\u00edki fara a\u00f0 kortleggja uppl\u00fdsinga\u00f3rei\u00f0u.<!--more--><\/p>\n<p>\u00cd Frakklandi, v\u00f6ggu l\u00fd\u00f0r\u00e6\u00f0is og frelsis,\u00a0<a href=\"https:\/\/kvennabladid.is\/2020\/05\/06\/logbann-a-opinberan-vef-gegn-upplysingaoreidu-i-frakklandi\/\">setti r\u00edki\u00f0 upp vef<\/a>\u00a0sem var \u00e6tla\u00f0 \u00fea\u00f0 hlutverk a\u00f0 lei\u00f0r\u00e9tta falsfr\u00e9ttir og villandi uppl\u00fdsingar um k\u00f3r\u00f3nuveiruna. Til allrar hamingju risu samt\u00f6k bla\u00f0amanna strax upp og fengu snarlega l\u00f6gbann \u00e1 s\u00ed\u00f0una. R\u00edkisvaldi\u00f0 er nefnilega ekki handhafi sannleikans og \u00feegar \u00fea\u00f0 beitir valdi s\u00ednu til \u00feess a\u00f0 segja almenningi hverju hann eigi a\u00f0 tr\u00faa, \u00ed sta\u00f0 \u00feess a\u00f0 treysta \u00e1 uppl\u00fdsta umr\u00e6\u00f0u, \u00fe\u00e1 er ritsko\u00f0un r\u00e9tt handan vi\u00f0 horni\u00f0.<\/p>\n<p>Eins og fram hefur komi\u00f0 hefur \u00fej\u00f3\u00f0ar\u00f6ryggisr\u00e1\u00f0 skipa\u00f0\u00a0<a href=\"https:\/\/www.stjornarradid.is\/verkefni\/almannaoryggi\/thjodaroryggisrad\/vinnuhopur-um-upplysingaoreidu-og-covid-19\/\">vinnuh\u00f3p<\/a>\u00a0sem \u00e6tla\u00f0 er a\u00f0 kortleggja uppl\u00fdsinga\u00f3rei\u00f0u vegna Covid-19 \u00e1 \u00cdslandi. \u00deessi \u00e1form hafa \u00edtreka\u00f0 s\u00e6tt gagnr\u00fdni af h\u00e1lfu Kvennabla\u00f0sins, t.d.\u00a0<a href=\"https:\/\/kvennabladid.is\/2020\/04\/20\/stjornvold-vilja-tryggja-rettar-upplysingar-um-covid-19\/\">h\u00e9r<\/a>,\u00a0<a href=\"https:\/\/kvennabladid.is\/2020\/04\/22\/adeins-um-stundaraesingsheilkennid-vegna-upplysingaoreidunefndar-thjodaroryggisrads\/\">h\u00e9r<\/a>,\u00a0<a href=\"https:\/\/kvennabladid.is\/2020\/04\/21\/opid-bref-til-thjodaroryggisrads\/\">h\u00e9r<\/a>\u00a0og\u00a0<a href=\"https:\/\/kvennabladid.is\/2020\/04\/21\/aetlar-elfa-yr-gylfadottir-ad-ritskoda-gagnryni-a-evropusambandid\/\">h\u00e9r<\/a>. Vi\u00f0 h\u00f6fum einnig gagnr\u00fdnt da\u00f0ur Covid teymisins vi\u00f0 flokkun fj\u00f6lmi\u00f0la eftir \u00e1rei\u00f0anleika, t.d.\u00a0<a href=\"https:\/\/kvennabladid.is\/2020\/04\/27\/tharf-eg-ad-haetta-ad-hlyda-ther-vidir\/\">h\u00e9r\u00a0<\/a>og\u00a0<a href=\"https:\/\/kvennabladid.is\/2020\/04\/29\/thad-er-enginn-ad-maela-gegn-adhaldi-med-fjolmidlum\/\">h\u00e9r<\/a>. Gagnr\u00fdni \u00e1 kortlagningu \u201euppl\u00fdsinga\u00f3rei\u00f0u\u201c og \u00f3lj\u00f3sar \u00e1bendingar Covid-teymisins um \u00f3tilgreinda, \u00e1rei\u00f0anlega fj\u00f6lmi\u00f0la hefur l\u00edti\u00f0, ef nokku\u00f0, g\u00e6tt \u00e1 meginstraumsmi\u00f0lum.<\/p>\n<h2>Til hvers \u00e1 a\u00f0 kortleggja uppl\u00fdsinga\u00f3rei\u00f0u \u00e1 \u00cdslandi?<\/h2>\n<p>Kvennabla\u00f0i\u00f0 hefur \u00f3ska\u00f0 uppl\u00fdsinga \u00fej\u00f3\u00f0ar\u00f6ryggisr\u00e1\u00f0s um \u00feessi kortlagningar\u00e1form og fengi\u00f0 sv\u00f6r. \u00c6tlunin er a\u00f0 l\u00e1ta gera spurningak\u00f6nnun til a\u00f0 afla \u00feekkingar \u00e1 \u00fev\u00ed hva\u00f0an f\u00f3lk f\u00e6r uppl\u00fdsingar sem var\u00f0a veiruna. Samkv\u00e6mt \u00de\u00f3runni J. Hafstein, sem lei\u00f0ir starf vinnuh\u00f3psins, er liti\u00f0 til kannana sem ger\u00f0ar hafa veri\u00f0 \u00ed sumum n\u00e1grannar\u00edkjanna. \u00de\u00f3runn nefnir \u00ed \u00feessu sambandi k\u00f6nnun\u00a0<a href=\"https:\/\/www.ofcom.org.uk\/research-and-data\/tv-radio-and-on-demand\/news-media\/coronavirus-news-consumption-attitudes-behaviour\">OFCOM<\/a>\u00a0\u00ed Bretlandi, sem byggir \u00e1 vikulegum m\u00e6lingum, spurningak\u00f6nnun\u00a0<a href=\"ttps:\/\/medietilsynet.no\/globalassets\/publikasjoner\/2020\/203030-_omnibus-om-falske-nyheter-i-forbindelse-med-korona-fra-medietilsynet.pdf\">sem ger\u00f0 var \u00ed Noregi<\/a>\u00a0\u00ed mars sl. og k\u00f6nnun\u00a0<a href=\"https:\/\/reutersinstitute.politics.ox.ac.uk\/infodemic-how-people-six-countries-access-and-rate-news-and-information-about-coronavirus\">Reuters Institute<\/a>\u00a0vi\u00f0 Oxford h\u00e1sk\u00f3la, \u00fear sem bornar eru saman m\u00e6lingar milli sex landa.<\/p>\n<p>Ni\u00f0urst\u00f6\u00f0ur \u00feessara kannana koma ekki \u00e1 \u00f3vart. \u00de\u00e1tttakendur ver\u00f0a a\u00f0 jafna\u00f0i heilmiki\u00f0 varir vi\u00f0 \u00f3\u00e1rei\u00f0anlegar uppl\u00fdsingar og falsfr\u00e9ttir en flestir treysta best opinberum uppl\u00fdsingaveitum stj\u00f3rnvalda og meginstraums-fj\u00f6lmi\u00f0lum. Mi\u00f0a\u00f0 vi\u00f0 met\u00e1horf \u00cdslendinga \u00e1 bla\u00f0amannafundi Almannavarna og t\u00ed\u00f0ar deilingar hinnar opinberu Covid-19 s\u00ed\u00f0u \u00e1 samf\u00e9lagsmi\u00f0lum k\u00e6mi verulega \u00e1 \u00f3vart ef ni\u00f0ursta\u00f0an \u00e1 \u00cdslandi yr\u00f0i s\u00fa a\u00f0 falsfr\u00e9ttir v\u00e6ru st\u00f3rt vandam\u00e1l.<\/p>\n<p>\u00dea\u00f0 er au\u00f0vita\u00f0 gott m\u00e1l a\u00f0 sem flestir \u00fe\u00e6ttir mannlegrar tilveru s\u00e9u rannsaka\u00f0ir, svo fremi sem v\u00edsindaleg vinnubr\u00f6g\u00f0 og pers\u00f3nuverndarsj\u00f3narmi\u00f0 eru h\u00f6f\u00f0 \u00ed hei\u00f0ri og \u00ed sj\u00e1lfu s\u00e9r ekkert vi\u00f0 \u00fea\u00f0 a\u00f0 athuga a\u00f0 \u00cdslendingar s\u00e9u spur\u00f0ir hvar \u00feeir afli s\u00e9r uppl\u00fdsinga og hverjum \u00feeir taki mark \u00e1. En hva\u00f0 \u00e1 svo a\u00f0 gera vi\u00f0 uppl\u00fdsingarnar? \u00dea\u00f0 vir\u00f0ist enginn vita enn. Me\u00f0 or\u00f0um \u00de\u00f3runnar Hafstein:<\/p>\n<blockquote class=\"wp-block-quote\"><p>\u201eVinnuh\u00f3purinn mun gera \u00fej\u00f3\u00f0ar\u00f6ryggisr\u00e1\u00f0i grein fyrir st\u00f6rfum s\u00ednum og kynna fyrir vi\u00f0komandi r\u00e1\u00f0uneytum\u00a0\u00fear sem \u00e1byrg\u00f0 \u00e1 einst\u00f6kum m\u00e1lefnasvi\u00f0um er hj\u00e1 vi\u00f0komandi r\u00e1\u00f0uneyti skv. forseta\u00farskur\u00f0i hverju sinni.\u201c<\/p><\/blockquote>\n<h2>R\u00edkiss\u00ed\u00f0a er \u00feegar komin \u00ed lofti\u00f0<\/h2>\n<p>Vands\u00e9\u00f0 er hversvegna \u00fe\u00f6rf er \u00e1 n\u00edu manna starfsh\u00f3pi til \u00feess a\u00f0 kynna ni\u00f0urst\u00f6\u00f0ur spurningak\u00f6nnunar. En a\u00f0 sj\u00e1lfs\u00f6g\u00f0u er vinnuh\u00f3pnum \u00e6tla\u00f0 a\u00f0\u00a0<a href=\"https:\/\/www.stjornarradid.is\/library\/03-Verkefni\/Almannaoryggi\/Thjodaroryggismal\/Verk%C3%A1%C3%A6tlun%20vinnh%C3%B3ps%20um%20uppl%C3%BDsinga%C3%B3rei%C3%B0u%20og%20COVID-19%20-%20Copy%20(1).pdf\">gera fleira<\/a>, t.d. \u201eefla almenna a\u00f0g\u00e1t gagnvart uppl\u00fdsingum og mi\u00f0lun uppl\u00fdsinga um COVID-19\u201c. Einnig \u00e1 hann a\u00f0 tryggja a\u00f0gengi a\u00f0 r\u00e9ttum uppl\u00fdsingum. \u00deegar er hafi\u00f0 samstarf vinnuh\u00f3psins vi\u00f0 v\u00edsindavef H\u00e1sk\u00f3la \u00cdslands og er h\u00e9r a\u00f0 finna\u00a0<a href=\"https:\/\/www.visindavefur.is\/flokkur\/249\/covid-19-upplyst-umraeda\/\">umfj\u00f6llun v\u00edsindamanna<\/a>.<\/p>\n<p>\u00dea\u00f0 er au\u00f0vita\u00f0 gott m\u00e1l a\u00f0 pennar V\u00edsindavefsins skuli sinna \u00fev\u00ed mikilv\u00e6ga hlutverk a\u00f0 uppl\u00fdsa almenning en st\u00f6ldrum a\u00f0eins vi\u00f0, \u00e1\u00f0ur en vi\u00f0 g\u00f6ngum \u00fat fr\u00e1 \u00fev\u00ed a\u00f0 \u00feetta s\u00e9 allt saman hafi\u00f0 yfir gagnr\u00fdni.<\/p>\n<p>Fyrsti tengill \u00e1 s\u00ed\u00f0unni ber yfirskriftina:\u00a0<a href=\"https:\/\/www.visindavefur.is\/svar.php?id=79337\">Hvar er a\u00f0 finna \u00e1rei\u00f0anlegar og traustar uppl\u00fdsingar um Covid-19?<\/a>\u00a0\u00c1 \u00feeirri s\u00ed\u00f0u eru tenglar \u00e1 \u00fdmis gagnas\u00f6fn \u00ed nokkrum flokkum. Flestir tenglarnir benda \u00e1 v\u00edsindagreinar. Erfitt er a\u00f0 sj\u00e1 hva\u00f0a l\u00fd\u00f0heilsu- e\u00f0a uppl\u00fdsingargildi \u00fea\u00f0 \u00e1 a\u00f0 hafa fyrir almenning. Flestir leikmenn eru illa l\u00e6sir \u00e1 ranns\u00f3knir \u00e1 svi\u00f0i raunv\u00edsinda. \u00dea\u00f0 eru helst \u201en\u00f6rdar\u201c sem kynna s\u00e9r sl\u00edkt efni og \u00feeir eru yfirleitt ekki \u00ed neinum vandr\u00e6\u00f0um me\u00f0 a\u00f0 finna \u00fea\u00f0.<\/p>\n<p>Sumar \u00feeirra s\u00ed\u00f0na sem hlekkja\u00f0 er \u00e1 v\u00edsa svo aftur \u00ed \u00f3grynni af tenglum \u00e1 allskonar efni. Heims\u00f3kn \u00e1 s\u00ed\u00f0una lei\u00f0ir notandann \u00feannig a\u00f0 tenglum \u00e1 v\u00edsindagreinar, sko\u00f0anapistla og allt \u00fear \u00e1 milli. \u00dea\u00f0 ver\u00f0ur a\u00f0 teljast \u00e1hugavert a\u00f0 \u00fej\u00f3\u00f0ar\u00f6ryggisr\u00e1\u00f0 skuli telja samstarfsf\u00f3lk sitt \u00feess umkomi\u00f0 a\u00f0 gefa \u00feessum \u00f3kj\u00f6rum af efni g\u00e6\u00f0astimpil. Enn\u00fe\u00e1 \u00e1hugaver\u00f0ara er a\u00f0 undir li\u00f0num \u201e\u00ddmis gagna- og greins\u00f6fn [svo] og anna\u00f0 efni um COVID-19\u201c er tengill \u00e1 s\u00ed\u00f0u sem teki\u00f0 er fram a\u00f0 s\u00e9 \u201eg\u00f3\u00f0 uppspretta af greinum sem ekki er b\u00fai\u00f0 a\u00f0 birta formlega\u201c. H\u00e9r er f\u00f3lk sem starfar \u00ed umbo\u00f0i r\u00edkisvaldsins a\u00f0 gefa \u00fea\u00f0 \u00fat a\u00f0 v\u00edsindagreinar sem ekki hafa veri\u00f0 ritr\u00fdndar s\u00e9u \u00e1rei\u00f0anlegar.<\/p>\n<p>Sem d\u00e6mi um \u00fea\u00f0 hversu misr\u00e1\u00f0i\u00f0 \u00fea\u00f0 er a\u00f0 r\u00edkisvaldi\u00f0 gefi \u00fat lista yfir \u00e1rei\u00f0anlegar heimildir m\u00e1 nefna a\u00f0 undir li\u00f0num\u00a0<em>Heimspeki og si\u00f0fr\u00e6\u00f0i<\/em>\u00a0er tengill \u00e1 \u00e1g\u00e6tan vef\u00a0<em>Johns Hopkins<\/em>\u00a0h\u00e1sk\u00f3lans. \u00c1 \u00feeim vef er svo \u00fdmsa flokka a\u00f0 finna. \u00dear er t.d. s\u00e9rflokkur me\u00f0 fr\u00e9ttum, sem er kannski \u00fea\u00f0 efni sem er l\u00edklegast til a\u00f0 vekja \u00e1huga leikmanna. \u00cd \u00feeim flokki eru svo hlekkir \u00e1 \u00fdmsa v\u00ed\u00f0lesna fj\u00f6lmi\u00f0la, b\u00e6\u00f0i mi\u00f0la sem f\u00f3lk \u00fearf \u00e1skrift til a\u00f0 sj\u00e1, svosem\u00a0<em>Washington Post<\/em>, og mi\u00f0la sem eru galopnir, eins og t.d.\u00a0<em>Daily Mail<\/em>. \u00dea\u00f0 er varla h\u00e6gt a\u00f0 skilja \u00fea\u00f0 tilt\u00e6ki a\u00f0 v\u00edsa \u00e1 Johns Hopkins vefinn \u00e1 annan h\u00e1tt en a\u00f0 r\u00edkisvaldi\u00f0 telji a\u00f0 allt sem \u00fear er a\u00f0 finna s\u00e9 traust og \u00e1rei\u00f0anlegt. Mi\u00f0lar \u00e1 bor\u00f0 vi\u00f0\u00a0<em>Daily Mail<\/em>\u00a0eru \u00fear me\u00f0 komnir me\u00f0 g\u00e6\u00f0astimpil fr\u00e1 \u00fej\u00f3\u00f0ar\u00f6ryggisr\u00e1\u00f0i \u00cdslands.<\/p>\n<h2>Hver er svo handhafi sannleikans?<\/h2>\n<p>\u00c9g hef ekki minnstu \u00e1hyggjur af \u00fev\u00ed Covid-19 gagnasafni\u00f0 \u00e1 V\u00edsindavefnum muni lei\u00f0a f\u00f3lk \u00e1 villig\u00f6tur. \u00deeir sem \u00e1 anna\u00f0 bor\u00f0 n\u00fdta s\u00e9r \u00fea\u00f0 eru almennt n\u00f3gu vel hugsandi til a\u00f0 gleypa ekkert hr\u00e1tt og taka meira mark \u00e1 v\u00edsindum en sko\u00f0unum. En \u00e9g hef \u00e1hyggjur af \u00fev\u00ed sem gerist \u00feegar sett ver\u00f0ur upp yfirlit yfir \u00fea\u00f0 sem \u00fej\u00f3\u00f0ar\u00f6ryggisr\u00e1\u00f0 telur\u00a0<em>ekki<\/em>\u00a0neysluh\u00e6ft. \u00dev\u00ed \u00fer\u00e1tt fyrir a\u00f0 vilji r\u00edkisins standi alls ekki til \u00feess a\u00f0 sker\u00f0a frelsi fj\u00f6lmi\u00f0la, heldur a\u00f0eins a\u00f0 hafa vit fyrir sau\u00f0heimskum alm\u00faganum, er st\u00f3ru spurningunni \u00f3svara\u00f0:<\/p>\n<p class=\"has-text-align-center\"><strong><em>Hver \u00e1 a\u00f0 meta hva\u00f0 telst til uppl\u00fdsinga\u00f3rei\u00f0u og hva\u00f0 ekki?<\/em><\/strong><\/p>\n<p>V\u00e6ntanlega er hugmyndin s\u00fa a\u00f0 vinnuh\u00f3purinn leiti til s\u00e9rfr\u00e6\u00f0inga til a\u00f0 meta \u00fea\u00f0, en hva\u00f0a s\u00e9rfr\u00e6\u00f0ingar ver\u00f0a \u00e1litnir handhafar sannleikans? Er einhver \u00feess umkominn a\u00f0 skera \u00far um \u00fea\u00f0 hva\u00f0a umfj\u00f6llun eigi erindi vi\u00f0 almenning \u00feegar vi\u00f0 erum a\u00f0 f\u00e1st vi\u00f0 n\u00fdja \u00f3gn \u00fear sem m\u00f6rgum spurningum er enn \u00f3svara\u00f0?<\/p>\n<p>\u00cd sumum tilvikum er auglj\u00f3st hva\u00f0 er falsfr\u00e9tt og hva\u00f0 ekki. \u00dea\u00f0 er ekki umdeilt me\u00f0al v\u00edsindamanna a\u00f0 \u00fea\u00f0 er afar vond hugmynd a\u00f0 drekka kl\u00f3r og getur dregi\u00f0 f\u00f3lk til dau\u00f0a \u00e1 sk\u00f6mmum t\u00edma. \u00dea\u00f0 er bara sta\u00f0reynd.<\/p>\n<p>En hva\u00f0 me\u00f0 uppl\u00fdsingar sem byggja ekki \u00e1 s\u00e9rfr\u00e6\u00f0i\u00feekkingu heldur frekar p\u00f3lit\u00edskri afst\u00f6\u00f0u? Hva\u00f0 me\u00f0 \u201euppl\u00fdsinga\u00f3rei\u00f0u\u201c sem er a\u00f0 mati vinnuh\u00f3psins til \u00feess fallin a\u00f0 vekja\u00a0<a href=\"https:\/\/kvennabladid.is\/2020\/04\/21\/aetlar-elfa-yr-gylfadottir-ad-ritskoda-gagnryni-a-evropusambandid\/\">tortryggni gagnvart stj\u00f3rnv\u00f6ldum<\/a>? Ver\u00f0ur V\u00edsindavefurinn l\u00edka l\u00e1tinn um a\u00f0 \u201elei\u00f0r\u00e9tta\u201c \u00fe\u00e1 sko\u00f0un, \u00ed nafni \u00fej\u00f3\u00f0ar\u00f6ryggis, a\u00f0 Evr\u00f3pusambandi\u00f0 hafi brug\u00f0ist e\u00f0a a\u00f0 stj\u00f3rnv\u00f6ld s\u00e9u a\u00f0 gera t\u00f3ma vitleysu? Er veri\u00f0 a\u00f0 bj\u00f3\u00f0a heim h\u00e6ttunni \u00e1 \u00fev\u00ed a\u00f0 \u00fej\u00f3\u00f0ar\u00f6ryggisr\u00e1\u00f0 fari a\u00f0 ritst\u00fdra V\u00edsindavefnum?<\/p>\n<p>S\u00e9rfr\u00e6\u00f0ingar eru ekki alltaf samm\u00e1la og m\u00f6rg d\u00e6mi eru um \u00fea\u00f0 \u00ed s\u00f6gu mannkyns a\u00f0 s\u00e9rfr\u00e6\u00f0ingar sem hafa l\u00edtinn hlj\u00f3mgrunn \u00ed v\u00edsindasamf\u00e9laginu og hj\u00e1 stj\u00f3rnv\u00f6ldum reynist hafa r\u00e9tt fyrir s\u00e9r. \u00c6tlar r\u00edki\u00f0 a\u00f0 taka a\u00f0 s\u00e9r a\u00f0 vara almenning vi\u00f0 v\u00edsindam\u00f6nnum sem \u00feykja vafasamir?<\/p>\n<p>Fyrsti s\u00e9rfr\u00e6\u00f0ingurinn \u00ed \u00feeim flokki sem m\u00e9r kemur \u00ed hug er Judy Mikovits. H\u00fan er veirus\u00e9rfr\u00e6\u00f0ingur sem heldur \u00fev\u00ed fram a\u00f0 b\u00f3lusetningar geti valdi\u00f0 k\u00f3r\u00f3nuveiki og \u00fdmsum \u00f6\u00f0rum sj\u00fakd\u00f3mum og a\u00f0 \u00feeirri \u00feekkingu s\u00e9 haldi\u00f0 fr\u00e1 almenningi af einbeittum \u00e1setningi vegna einkahagsmuna stj\u00f3rnm\u00e1lamanna og lyfjafyrirt\u00e6kja.<\/p>\n<p>\u00cd m\u00ednum huga hlj\u00f3mar \u00fea\u00f0 eins og klikku\u00f0 sams\u00e6riskenning a\u00f0 v\u00edsindamenn og lyfjarisar vilji fyrir alla muni koma st\u00f3rh\u00e6ttulegu b\u00f3luefni \u00ed b\u00f6rn. M\u00e9r finnst aftur \u00e1 m\u00f3ti ekki svo \u00f3tr\u00falegt a\u00f0 einhver f\u00f3tur s\u00e9 fyrir \u00fev\u00ed a\u00f0 spilling vi\u00f0gangist innan v\u00edsindasamf\u00e9lagsins og lyfjabransans. \u00deessvegna vil \u00e9g f\u00e1 a\u00f0 r\u00e1\u00f0a \u00fev\u00ed sj\u00e1lf hvort \u00e9g hlusta \u00e1 Judy Mikovits e\u00f0a ekki. \u00c9g vil gjarnan f\u00e1 \u00e1lit \u00feeirra sem \u00e1l\u00edta hana rugludall en \u00e9g vil a\u00f0 s\u00fa umr\u00e6\u00f0a fari fram \u00e1n r\u00edkisafskipta.<\/p>\n<h2>Ber r\u00edki\u00f0 \u00fe\u00e1 enga \u00e1byrg\u00f0 \u00e1 \u00fev\u00ed a\u00f0 traustar uppl\u00fdsingar s\u00e9u til rei\u00f0u?<\/h2>\n<p>Au\u00f0vita\u00f0 \u00e1 r\u00edki\u00f0 a\u00f0 sj\u00e1 til \u00feess a\u00f0 vi\u00f0 h\u00f6fum a\u00f0gang a\u00f0 eins \u00e1rei\u00f0anlegum uppl\u00fdsingum og m\u00f6gulegt er. Til \u00feess h\u00f6fum vi\u00f0 h\u00e1sk\u00f3la, ranns\u00f3knarstofnanir, Almannavarnir, Landl\u00e6knisemb\u00e6tti\u00f0, og \u00f6nnur stj\u00f3rnv\u00f6ld sem hafa m.a. \u00fea\u00f0 hlutverk a\u00f0 vara vi\u00f0 h\u00e6ttum og gefa \u00fat tilm\u00e6li \u00ed \u00fe\u00e1gu almanna\u00f6ryggis. En r\u00edki\u00f0 \u00e1 l\u00edka a\u00f0 tryggja uppl\u00fdsinga- og tj\u00e1ningarfrelsi og vir\u00f0a borgarana sem viti bornar verur. Og til \u00feess h\u00f6fum vi\u00f0 fj\u00f6lmi\u00f0la. Frj\u00e1lsa fj\u00f6lmi\u00f0la.<\/p>\n<p>\u00dea\u00f0 skiptir m\u00e1li a\u00f0 r\u00edki\u00f0 l\u00e1ti \u00f3gert a\u00f0 reyna a\u00f0 stj\u00f3rna \u00fev\u00ed \u00e1 hverja vi\u00f0 hlustum. Ekki a\u00f0eins vegna h\u00e6ttunnar \u00e1 \u00fev\u00ed a\u00f0 \u00feagga\u00f0 s\u00e9 ni\u00f0ur \u00ed f\u00f3lki sem hefur eitthva\u00f0 mikilv\u00e6gt fram a\u00f0 f\u00e6ra, heldur ekki s\u00ed\u00f0ur vegna \u00feess a\u00f0 ef vafasamir v\u00edsindamenn e\u00f0a fj\u00f6lmi\u00f0lar lenda \u00e1 svarta listanum vegna k\u00f3r\u00f3nuveirunnar, \u00fe\u00e1 getum vi\u00f0 reikna\u00f0 me\u00f0 \u00fev\u00ed a\u00f0 f\u00f3lk me\u00f0 \u00f3\u00e6skilegar stj\u00f3rnm\u00e1lasko\u00f0anir ver\u00f0i n\u00e6st.<\/p>\n<p>&nbsp;<\/p>\n<p>&nbsp;<\/p>\n<p>&nbsp;<\/p>\n","protected":false},"excerpt":{"rendered":"<p>Tj\u00e1ningarfrelsi\u00f0 \u00e1 undir h\u00f6gg a\u00f0 s\u00e6kja, l\u00edka \u00ed Evr\u00f3pu. Og n\u00fa h\u00f6fum vi\u00f0 fengi\u00f0 sta\u00f0festingu \u00e1 \u00fev\u00ed hva\u00f0 getur gerst \u00feegar r\u00edki fara a\u00f0 kortleggja uppl\u00fdsinga\u00f3rei\u00f0u.<\/p>\n","protected":false},"author":7,"featured_media":0,"comment_status":"closed","ping_status":"closed","sticky":false,"template":"","format":"standard","meta":{"footnotes":"","_links_to":"","_links_to_target":""},"categories":[682,12,1],"tags":[1143,1158,1169],"class_list":["post-14353","post","type-post","status-publish","format-standard","hentry","category-lydraedi","category-menning-listir-og-fjolmidlar","category-pistlar","tag-fjolmidlafrelsi","tag-upplysingaoreida","tag-thjodaroryggisrad"],"yoast_head":"<!-- This site is optimized with the Yoast SEO plugin v27.5 - https:\/\/yoast.com\/product\/yoast-seo-wordpress\/ -->\n<title>Daily Mail f\u00e6r g\u00e6\u00f0avottun fr\u00e1 \u00edslenska r\u00edkinu - Pistlar Evu<\/title>\n<meta name=\"robots\" content=\"index, follow, max-snippet:-1, max-image-preview:large, max-video-preview:-1\" \/>\n<link rel=\"canonical\" href=\"https:\/\/www.norn.is\/pistlar\/daily-mail-faer-gaedavottun-fra-islenska-rikinu\/\" \/>\n<meta property=\"og:locale\" content=\"is_IS\" \/>\n<meta property=\"og:type\" content=\"article\" \/>\n<meta property=\"og:title\" content=\"Daily Mail f\u00e6r g\u00e6\u00f0avottun fr\u00e1 \u00edslenska r\u00edkinu - Pistlar Evu\" \/>\n<meta property=\"og:description\" content=\"Tj\u00e1ningarfrelsi\u00f0 \u00e1 undir h\u00f6gg a\u00f0 s\u00e6kja, l\u00edka \u00ed Evr\u00f3pu. Og n\u00fa h\u00f6fum vi\u00f0 fengi\u00f0 sta\u00f0festingu \u00e1 \u00fev\u00ed hva\u00f0 getur gerst \u00feegar r\u00edki fara a\u00f0 kortleggja uppl\u00fdsinga\u00f3rei\u00f0u.\" \/>\n<meta property=\"og:url\" content=\"https:\/\/www.norn.is\/pistlar\/daily-mail-faer-gaedavottun-fra-islenska-rikinu\/\" \/>\n<meta property=\"og:site_name\" content=\"Pistlar Evu\" \/>\n<meta property=\"article:published_time\" content=\"2020-05-08T13:06:24+00:00\" \/>\n<meta property=\"article:modified_time\" content=\"2020-05-15T23:09:59+00:00\" \/>\n<meta name=\"author\" content=\"Eva Hauksd\u00f3ttir\" \/>\n<meta name=\"twitter:card\" content=\"summary_large_image\" \/>\n<meta name=\"twitter:label1\" content=\"Written by\" \/>\n\t<meta name=\"twitter:data1\" content=\"\" \/>\n\t<meta name=\"twitter:label2\" content=\"Est. reading time\" \/>\n\t<meta name=\"twitter:data2\" content=\"9 minutes\" \/>\n<script type=\"application\/ld+json\" class=\"yoast-schema-graph\">{\"@context\":\"https:\\\/\\\/schema.org\",\"@graph\":[{\"@type\":\"Article\",\"@id\":\"https:\\\/\\\/www.norn.is\\\/pistlar\\\/daily-mail-faer-gaedavottun-fra-islenska-rikinu\\\/#article\",\"isPartOf\":{\"@id\":\"https:\\\/\\\/www.norn.is\\\/pistlar\\\/daily-mail-faer-gaedavottun-fra-islenska-rikinu\\\/\"},\"author\":{\"name\":\"Eva Hauksd\u00f3ttir\",\"@id\":\"https:\\\/\\\/www.norn.is\\\/pistlar\\\/#\\\/schema\\\/person\\\/1d9742389918a297671033a2b53d3d34\"},\"headline\":\"Daily Mail f\u00e6r g\u00e6\u00f0avottun fr\u00e1 \u00edslenska r\u00edkinu\",\"datePublished\":\"2020-05-08T13:06:24+00:00\",\"dateModified\":\"2020-05-15T23:09:59+00:00\",\"mainEntityOfPage\":{\"@id\":\"https:\\\/\\\/www.norn.is\\\/pistlar\\\/daily-mail-faer-gaedavottun-fra-islenska-rikinu\\\/\"},\"wordCount\":1812,\"keywords\":[\"fj\u00f6lmi\u00f0lafrelsi\",\"uppl\u00fdsinga\u00f3rei\u00f0a\",\"\u00fej\u00f3\u00f0ar\u00f6ryggisr\u00e1\u00f0\"],\"articleSection\":[\"L\u00fd\u00f0r\u00e6\u00f0i og stj\u00f3rns\u00fdsla\",\"Menning, listir og fj\u00f6lmi\u00f0lar\",\"Pistlar um samf\u00e9lagsm\u00e1l\"],\"inLanguage\":\"is\"},{\"@type\":\"WebPage\",\"@id\":\"https:\\\/\\\/www.norn.is\\\/pistlar\\\/daily-mail-faer-gaedavottun-fra-islenska-rikinu\\\/\",\"url\":\"https:\\\/\\\/www.norn.is\\\/pistlar\\\/daily-mail-faer-gaedavottun-fra-islenska-rikinu\\\/\",\"name\":\"Daily Mail f\u00e6r g\u00e6\u00f0avottun fr\u00e1 \u00edslenska r\u00edkinu - Pistlar Evu\",\"isPartOf\":{\"@id\":\"https:\\\/\\\/www.norn.is\\\/pistlar\\\/#website\"},\"datePublished\":\"2020-05-08T13:06:24+00:00\",\"dateModified\":\"2020-05-15T23:09:59+00:00\",\"author\":{\"@id\":\"https:\\\/\\\/www.norn.is\\\/pistlar\\\/#\\\/schema\\\/person\\\/1d9742389918a297671033a2b53d3d34\"},\"breadcrumb\":{\"@id\":\"https:\\\/\\\/www.norn.is\\\/pistlar\\\/daily-mail-faer-gaedavottun-fra-islenska-rikinu\\\/#breadcrumb\"},\"inLanguage\":\"is\",\"potentialAction\":[{\"@type\":\"ReadAction\",\"target\":[\"https:\\\/\\\/www.norn.is\\\/pistlar\\\/daily-mail-faer-gaedavottun-fra-islenska-rikinu\\\/\"]}]},{\"@type\":\"BreadcrumbList\",\"@id\":\"https:\\\/\\\/www.norn.is\\\/pistlar\\\/daily-mail-faer-gaedavottun-fra-islenska-rikinu\\\/#breadcrumb\",\"itemListElement\":[{\"@type\":\"ListItem\",\"position\":1,\"name\":\"Home\",\"item\":\"https:\\\/\\\/www.norn.is\\\/pistlar\\\/\"},{\"@type\":\"ListItem\",\"position\":2,\"name\":\"Daily Mail f\u00e6r g\u00e6\u00f0avottun fr\u00e1 \u00edslenska r\u00edkinu\"}]},{\"@type\":\"WebSite\",\"@id\":\"https:\\\/\\\/www.norn.is\\\/pistlar\\\/#website\",\"url\":\"https:\\\/\\\/www.norn.is\\\/pistlar\\\/\",\"name\":\"Pistlar Evu\",\"description\":\"\",\"potentialAction\":[{\"@type\":\"SearchAction\",\"target\":{\"@type\":\"EntryPoint\",\"urlTemplate\":\"https:\\\/\\\/www.norn.is\\\/pistlar\\\/?s={search_term_string}\"},\"query-input\":{\"@type\":\"PropertyValueSpecification\",\"valueRequired\":true,\"valueName\":\"search_term_string\"}}],\"inLanguage\":\"is\"},{\"@type\":\"Person\",\"@id\":\"https:\\\/\\\/www.norn.is\\\/pistlar\\\/#\\\/schema\\\/person\\\/1d9742389918a297671033a2b53d3d34\",\"name\":\"Eva Hauksd\u00f3ttir\",\"url\":\"https:\\\/\\\/www.norn.is\\\/pistlar\\\/author\\\/evahauks\\\/\"}]}<\/script>\n<!-- \/ Yoast SEO plugin. -->","yoast_head_json":{"title":"Daily Mail f\u00e6r g\u00e6\u00f0avottun fr\u00e1 \u00edslenska r\u00edkinu - Pistlar Evu","robots":{"index":"index","follow":"follow","max-snippet":"max-snippet:-1","max-image-preview":"max-image-preview:large","max-video-preview":"max-video-preview:-1"},"canonical":"https:\/\/www.norn.is\/pistlar\/daily-mail-faer-gaedavottun-fra-islenska-rikinu\/","og_locale":"is_IS","og_type":"article","og_title":"Daily Mail f\u00e6r g\u00e6\u00f0avottun fr\u00e1 \u00edslenska r\u00edkinu - Pistlar Evu","og_description":"Tj\u00e1ningarfrelsi\u00f0 \u00e1 undir h\u00f6gg a\u00f0 s\u00e6kja, l\u00edka \u00ed Evr\u00f3pu. Og n\u00fa h\u00f6fum vi\u00f0 fengi\u00f0 sta\u00f0festingu \u00e1 \u00fev\u00ed hva\u00f0 getur gerst \u00feegar r\u00edki fara a\u00f0 kortleggja uppl\u00fdsinga\u00f3rei\u00f0u.","og_url":"https:\/\/www.norn.is\/pistlar\/daily-mail-faer-gaedavottun-fra-islenska-rikinu\/","og_site_name":"Pistlar Evu","article_published_time":"2020-05-08T13:06:24+00:00","article_modified_time":"2020-05-15T23:09:59+00:00","author":"Eva Hauksd\u00f3ttir","twitter_card":"summary_large_image","twitter_misc":{"Written by":false,"Est. reading time":"9 minutes"},"schema":{"@context":"https:\/\/schema.org","@graph":[{"@type":"Article","@id":"https:\/\/www.norn.is\/pistlar\/daily-mail-faer-gaedavottun-fra-islenska-rikinu\/#article","isPartOf":{"@id":"https:\/\/www.norn.is\/pistlar\/daily-mail-faer-gaedavottun-fra-islenska-rikinu\/"},"author":{"name":"Eva Hauksd\u00f3ttir","@id":"https:\/\/www.norn.is\/pistlar\/#\/schema\/person\/1d9742389918a297671033a2b53d3d34"},"headline":"Daily Mail f\u00e6r g\u00e6\u00f0avottun fr\u00e1 \u00edslenska r\u00edkinu","datePublished":"2020-05-08T13:06:24+00:00","dateModified":"2020-05-15T23:09:59+00:00","mainEntityOfPage":{"@id":"https:\/\/www.norn.is\/pistlar\/daily-mail-faer-gaedavottun-fra-islenska-rikinu\/"},"wordCount":1812,"keywords":["fj\u00f6lmi\u00f0lafrelsi","uppl\u00fdsinga\u00f3rei\u00f0a","\u00fej\u00f3\u00f0ar\u00f6ryggisr\u00e1\u00f0"],"articleSection":["L\u00fd\u00f0r\u00e6\u00f0i og stj\u00f3rns\u00fdsla","Menning, listir og fj\u00f6lmi\u00f0lar","Pistlar um samf\u00e9lagsm\u00e1l"],"inLanguage":"is"},{"@type":"WebPage","@id":"https:\/\/www.norn.is\/pistlar\/daily-mail-faer-gaedavottun-fra-islenska-rikinu\/","url":"https:\/\/www.norn.is\/pistlar\/daily-mail-faer-gaedavottun-fra-islenska-rikinu\/","name":"Daily Mail f\u00e6r g\u00e6\u00f0avottun fr\u00e1 \u00edslenska r\u00edkinu - Pistlar Evu","isPartOf":{"@id":"https:\/\/www.norn.is\/pistlar\/#website"},"datePublished":"2020-05-08T13:06:24+00:00","dateModified":"2020-05-15T23:09:59+00:00","author":{"@id":"https:\/\/www.norn.is\/pistlar\/#\/schema\/person\/1d9742389918a297671033a2b53d3d34"},"breadcrumb":{"@id":"https:\/\/www.norn.is\/pistlar\/daily-mail-faer-gaedavottun-fra-islenska-rikinu\/#breadcrumb"},"inLanguage":"is","potentialAction":[{"@type":"ReadAction","target":["https:\/\/www.norn.is\/pistlar\/daily-mail-faer-gaedavottun-fra-islenska-rikinu\/"]}]},{"@type":"BreadcrumbList","@id":"https:\/\/www.norn.is\/pistlar\/daily-mail-faer-gaedavottun-fra-islenska-rikinu\/#breadcrumb","itemListElement":[{"@type":"ListItem","position":1,"name":"Home","item":"https:\/\/www.norn.is\/pistlar\/"},{"@type":"ListItem","position":2,"name":"Daily Mail f\u00e6r g\u00e6\u00f0avottun fr\u00e1 \u00edslenska r\u00edkinu"}]},{"@type":"WebSite","@id":"https:\/\/www.norn.is\/pistlar\/#website","url":"https:\/\/www.norn.is\/pistlar\/","name":"Pistlar Evu","description":"","potentialAction":[{"@type":"SearchAction","target":{"@type":"EntryPoint","urlTemplate":"https:\/\/www.norn.is\/pistlar\/?s={search_term_string}"},"query-input":{"@type":"PropertyValueSpecification","valueRequired":true,"valueName":"search_term_string"}}],"inLanguage":"is"},{"@type":"Person","@id":"https:\/\/www.norn.is\/pistlar\/#\/schema\/person\/1d9742389918a297671033a2b53d3d34","name":"Eva Hauksd\u00f3ttir","url":"https:\/\/www.norn.is\/pistlar\/author\/evahauks\/"}]}},"_links":{"self":[{"href":"https:\/\/www.norn.is\/pistlar\/wp-json\/wp\/v2\/posts\/14353","targetHints":{"allow":["GET"]}}],"collection":[{"href":"https:\/\/www.norn.is\/pistlar\/wp-json\/wp\/v2\/posts"}],"about":[{"href":"https:\/\/www.norn.is\/pistlar\/wp-json\/wp\/v2\/types\/post"}],"author":[{"embeddable":true,"href":"https:\/\/www.norn.is\/pistlar\/wp-json\/wp\/v2\/users\/7"}],"replies":[{"embeddable":true,"href":"https:\/\/www.norn.is\/pistlar\/wp-json\/wp\/v2\/comments?post=14353"}],"version-history":[{"count":1,"href":"https:\/\/www.norn.is\/pistlar\/wp-json\/wp\/v2\/posts\/14353\/revisions"}],"predecessor-version":[{"id":14355,"href":"https:\/\/www.norn.is\/pistlar\/wp-json\/wp\/v2\/posts\/14353\/revisions\/14355"}],"wp:attachment":[{"href":"https:\/\/www.norn.is\/pistlar\/wp-json\/wp\/v2\/media?parent=14353"}],"wp:term":[{"taxonomy":"category","embeddable":true,"href":"https:\/\/www.norn.is\/pistlar\/wp-json\/wp\/v2\/categories?post=14353"},{"taxonomy":"post_tag","embeddable":true,"href":"https:\/\/www.norn.is\/pistlar\/wp-json\/wp\/v2\/tags?post=14353"}],"curies":[{"name":"wp","href":"https:\/\/api.w.org\/{rel}","templated":true}]}}