{"id":14306,"date":"2020-04-04T16:31:53","date_gmt":"2020-04-04T16:31:53","guid":{"rendered":"http:\/\/www.norn.is\/pistlar\/?p=14306"},"modified":"2020-05-02T09:35:01","modified_gmt":"2020-05-02T09:35:01","slug":"motefnamaeling-ad-hefjast-ie-hefur-pantad-bunad","status":"publish","type":"post","link":"https:\/\/www.norn.is\/pistlar\/motefnamaeling-ad-hefjast-ie-hefur-pantad-bunad\/","title":{"rendered":"M\u00f3tefnam\u00e6ling a\u00f0 hefjast &#8211; \u00cdE hefur panta\u00f0 b\u00fana\u00f0"},"content":{"rendered":"<p><a href=\"http:\/\/www.norn.is\/pistlar\/wp-content\/uploads\/sites\/2\/2020\/05\/kari-stefansson-688x451-1.jpg\"><img loading=\"lazy\" decoding=\"async\" class=\"aligncenter size-full wp-image-14307\" src=\"http:\/\/www.norn.is\/pistlar\/wp-content\/uploads\/sites\/2\/2020\/05\/kari-stefansson-688x451-1.jpg\" alt=\"\" width=\"688\" height=\"451\" srcset=\"https:\/\/www.norn.is\/pistlar\/wp-content\/uploads\/sites\/2\/2020\/05\/kari-stefansson-688x451-1.jpg 688w, https:\/\/www.norn.is\/pistlar\/wp-content\/uploads\/sites\/2\/2020\/05\/kari-stefansson-688x451-1-300x197.jpg 300w, https:\/\/www.norn.is\/pistlar\/wp-content\/uploads\/sites\/2\/2020\/05\/kari-stefansson-688x451-1-458x300.jpg 458w\" sizes=\"auto, (max-width: 688px) 100vw, 688px\" \/><\/a><\/p>\n<p>Fram hefur komi\u00f0 \u00ed fr\u00e9ttum a\u00f0 skimun \u00cdslenskrar erf\u00f0agreiningar \u00e1 slembi\u00fart\u00f6kum bendi til \u00feess a\u00f0\u00a0<a href=\"https:\/\/www.visir.is\/g\/2020139524d\/um-halft-prosent-slembi-urtaks-ie-smitad-af-koronu-veirunni?fbclid=IwAR0Qxhp8O39SvlBAMRsa8qj7LK8G_DSt9wpf_m_ZVHNU20v0CjhWQhoyok8\">um e\u00f0a undir 0,5% landsmanna s\u00e9 me\u00f0 virkt k\u00f3runusmit<\/a>. Enn er veri\u00f0 a\u00f0 vinna \u00far g\u00f6gnum og er frekari fr\u00e9tta von eftir helgi.<!--more--><\/p>\n<p>Me\u00f0 \u00feeirri t\u00e6kni sem hinga\u00f0 til hefur veri\u00f0 notu\u00f0 er a\u00f0eins h\u00e6gt a\u00f0 greina virkt smit en ekki m\u00f3tefni. Ekki er \u00fev\u00ed vita\u00f0 hversu margir hafa \u00feegar mynda\u00f0 \u00f3n\u00e6mi. \u00dea\u00f0 eru \u00fev\u00ed l\u00edkur \u00e1 a\u00f0 einhverjir hafi veri\u00f0 settir \u00ed s\u00f3ttkv\u00ed sem engin smith\u00e6tta stafar af og a\u00f0 f\u00f3lk s\u00e9 \u00ed smitvari (einangrun sj\u00e1lfu s\u00e9r til verndar) \u00e1n \u00feess a\u00f0 \u00feurfa \u00e1 \u00fev\u00ed a\u00f0 halda.<\/p>\n<p>Uppl\u00fdsingar um \u00fea\u00f0 hversu h\u00e1tt hlutfall landsmanna m\u00e1 \u00e6tla a\u00f0 hafi \u00feegar mynda\u00f0 m\u00f3tefni geta a\u00f0 sj\u00e1lfs\u00f6g\u00f0u haft veruleg \u00e1hrif \u00e1 \u00fea\u00f0 hversu lengi samkomubann og a\u00f0rar a\u00f0ger\u00f0ir til varnar gegn veirunni \u00feurfa a\u00f0 standa. Vonir standa til \u00feess a\u00f0 flj\u00f3tlega f\u00e1ist einhverjar uppl\u00fdsingar sem h\u00e6gt er a\u00f0 byggja \u00e1, \u00fev\u00ed samkv\u00e6mt uppl\u00fdsingum fr\u00e1 K\u00e1ra Stef\u00e1nssyni hefur \u00cdslensk erf\u00f0agreining panta\u00f0 b\u00fana\u00f0 til \u00feess a\u00f0 skima 30 til 40 \u00fe\u00fasund manns fyrir m\u00f3tefnum. Reikna\u00f0 er me\u00f0 a\u00f0 skimun hefjist strax \u00ed n\u00e6stu viku.<\/p>\n<p><a href=\"http:\/\/www.norn.is\/pistlar\/wp-content\/uploads\/sites\/2\/2020\/05\/kri-um-mtefni.png\"><img loading=\"lazy\" decoding=\"async\" class=\"aligncenter size-full wp-image-14298\" src=\"http:\/\/www.norn.is\/pistlar\/wp-content\/uploads\/sites\/2\/2020\/05\/kri-um-mtefni.png\" alt=\"\" width=\"642\" height=\"127\" srcset=\"https:\/\/www.norn.is\/pistlar\/wp-content\/uploads\/sites\/2\/2020\/05\/kri-um-mtefni.png 642w, https:\/\/www.norn.is\/pistlar\/wp-content\/uploads\/sites\/2\/2020\/05\/kri-um-mtefni-300x59.png 300w, https:\/\/www.norn.is\/pistlar\/wp-content\/uploads\/sites\/2\/2020\/05\/kri-um-mtefni-500x99.png 500w\" sizes=\"auto, (max-width: 642px) 100vw, 642px\" \/><\/a><\/p>\n","protected":false},"excerpt":{"rendered":"<p>Fram hefur komi\u00f0 \u00ed fr\u00e9ttum a\u00f0 skimun \u00cdslenskrar erf\u00f0agreiningar \u00e1 slembi\u00fart\u00f6kum bendi til \u00feess a\u00f0\u00a0um e\u00f0a undir 0,5% landsmanna s\u00e9 me\u00f0 virkt k\u00f3runusmit. Enn er veri\u00f0 a\u00f0 vinna \u00far g\u00f6gnum og er frekari fr\u00e9tta von eftir helgi.<\/p>\n","protected":false},"author":7,"featured_media":0,"comment_status":"closed","ping_status":"closed","sticky":false,"template":"","format":"standard","meta":{"footnotes":"","_links_to":"","_links_to_target":""},"categories":[20,1],"tags":[1140,1183,1181,1182],"class_list":["post-14306","post","type-post","status-publish","format-standard","hentry","category-heilbrigdismal","category-pistlar","tag-covid-19","tag-islensk-erfdagreining","tag-kari-stefansson","tag-motefnaprof"],"yoast_head":"<!-- This site is optimized with the Yoast SEO plugin v27.5 - https:\/\/yoast.com\/product\/yoast-seo-wordpress\/ -->\n<title>M\u00f3tefnam\u00e6ling a\u00f0 hefjast - \u00cdE hefur panta\u00f0 b\u00fana\u00f0 - Pistlar Evu<\/title>\n<meta name=\"robots\" content=\"index, follow, max-snippet:-1, max-image-preview:large, max-video-preview:-1\" \/>\n<link rel=\"canonical\" href=\"https:\/\/www.norn.is\/pistlar\/motefnamaeling-ad-hefjast-ie-hefur-pantad-bunad\/\" \/>\n<meta property=\"og:locale\" content=\"is_IS\" \/>\n<meta property=\"og:type\" content=\"article\" \/>\n<meta property=\"og:title\" content=\"M\u00f3tefnam\u00e6ling a\u00f0 hefjast - \u00cdE hefur panta\u00f0 b\u00fana\u00f0 - Pistlar Evu\" \/>\n<meta property=\"og:description\" content=\"Fram hefur komi\u00f0 \u00ed fr\u00e9ttum a\u00f0 skimun \u00cdslenskrar erf\u00f0agreiningar \u00e1 slembi\u00fart\u00f6kum bendi til \u00feess a\u00f0\u00a0um e\u00f0a undir 0,5% landsmanna s\u00e9 me\u00f0 virkt k\u00f3runusmit. Enn er veri\u00f0 a\u00f0 vinna \u00far g\u00f6gnum og er frekari fr\u00e9tta von eftir helgi.\" \/>\n<meta property=\"og:url\" content=\"https:\/\/www.norn.is\/pistlar\/motefnamaeling-ad-hefjast-ie-hefur-pantad-bunad\/\" \/>\n<meta property=\"og:site_name\" content=\"Pistlar Evu\" \/>\n<meta property=\"article:published_time\" content=\"2020-04-04T16:31:53+00:00\" \/>\n<meta property=\"article:modified_time\" content=\"2020-05-02T09:35:01+00:00\" \/>\n<meta property=\"og:image\" content=\"http:\/\/www.norn.is\/pistlar\/wp-content\/uploads\/sites\/2\/2020\/05\/kari-stefansson-688x451-1.jpg\" \/>\n<meta name=\"author\" content=\"Eva Hauksd\u00f3ttir\" \/>\n<meta name=\"twitter:card\" content=\"summary_large_image\" \/>\n<meta name=\"twitter:label1\" content=\"Written by\" \/>\n\t<meta name=\"twitter:data1\" content=\"\" \/>\n\t<meta name=\"twitter:label2\" content=\"Est. reading time\" \/>\n\t<meta name=\"twitter:data2\" content=\"1 minute\" \/>\n<script type=\"application\/ld+json\" class=\"yoast-schema-graph\">{\"@context\":\"https:\\\/\\\/schema.org\",\"@graph\":[{\"@type\":\"Article\",\"@id\":\"https:\\\/\\\/www.norn.is\\\/pistlar\\\/motefnamaeling-ad-hefjast-ie-hefur-pantad-bunad\\\/#article\",\"isPartOf\":{\"@id\":\"https:\\\/\\\/www.norn.is\\\/pistlar\\\/motefnamaeling-ad-hefjast-ie-hefur-pantad-bunad\\\/\"},\"author\":{\"name\":\"Eva Hauksd\u00f3ttir\",\"@id\":\"https:\\\/\\\/www.norn.is\\\/pistlar\\\/#\\\/schema\\\/person\\\/1d9742389918a297671033a2b53d3d34\"},\"headline\":\"M\u00f3tefnam\u00e6ling a\u00f0 hefjast &#8211; \u00cdE hefur panta\u00f0 b\u00fana\u00f0\",\"datePublished\":\"2020-04-04T16:31:53+00:00\",\"dateModified\":\"2020-05-02T09:35:01+00:00\",\"mainEntityOfPage\":{\"@id\":\"https:\\\/\\\/www.norn.is\\\/pistlar\\\/motefnamaeling-ad-hefjast-ie-hefur-pantad-bunad\\\/\"},\"wordCount\":224,\"image\":{\"@id\":\"https:\\\/\\\/www.norn.is\\\/pistlar\\\/motefnamaeling-ad-hefjast-ie-hefur-pantad-bunad\\\/#primaryimage\"},\"thumbnailUrl\":\"http:\\\/\\\/www.norn.is\\\/pistlar\\\/wp-content\\\/uploads\\\/sites\\\/2\\\/2020\\\/05\\\/kari-stefansson-688x451-1.jpg\",\"keywords\":[\"covid-19\",\"\u00cdslensk erf\u00f0agreining\",\"K\u00e1ri Stef\u00e1nsson\",\"m\u00f3tefnapr\u00f3f\"],\"articleSection\":[\"Heilbrig\u00f0is- og velfer\u00f0arm\u00e1l\",\"Pistlar um samf\u00e9lagsm\u00e1l\"],\"inLanguage\":\"is\"},{\"@type\":\"WebPage\",\"@id\":\"https:\\\/\\\/www.norn.is\\\/pistlar\\\/motefnamaeling-ad-hefjast-ie-hefur-pantad-bunad\\\/\",\"url\":\"https:\\\/\\\/www.norn.is\\\/pistlar\\\/motefnamaeling-ad-hefjast-ie-hefur-pantad-bunad\\\/\",\"name\":\"M\u00f3tefnam\u00e6ling a\u00f0 hefjast - \u00cdE hefur panta\u00f0 b\u00fana\u00f0 - Pistlar Evu\",\"isPartOf\":{\"@id\":\"https:\\\/\\\/www.norn.is\\\/pistlar\\\/#website\"},\"primaryImageOfPage\":{\"@id\":\"https:\\\/\\\/www.norn.is\\\/pistlar\\\/motefnamaeling-ad-hefjast-ie-hefur-pantad-bunad\\\/#primaryimage\"},\"image\":{\"@id\":\"https:\\\/\\\/www.norn.is\\\/pistlar\\\/motefnamaeling-ad-hefjast-ie-hefur-pantad-bunad\\\/#primaryimage\"},\"thumbnailUrl\":\"http:\\\/\\\/www.norn.is\\\/pistlar\\\/wp-content\\\/uploads\\\/sites\\\/2\\\/2020\\\/05\\\/kari-stefansson-688x451-1.jpg\",\"datePublished\":\"2020-04-04T16:31:53+00:00\",\"dateModified\":\"2020-05-02T09:35:01+00:00\",\"author\":{\"@id\":\"https:\\\/\\\/www.norn.is\\\/pistlar\\\/#\\\/schema\\\/person\\\/1d9742389918a297671033a2b53d3d34\"},\"breadcrumb\":{\"@id\":\"https:\\\/\\\/www.norn.is\\\/pistlar\\\/motefnamaeling-ad-hefjast-ie-hefur-pantad-bunad\\\/#breadcrumb\"},\"inLanguage\":\"is\",\"potentialAction\":[{\"@type\":\"ReadAction\",\"target\":[\"https:\\\/\\\/www.norn.is\\\/pistlar\\\/motefnamaeling-ad-hefjast-ie-hefur-pantad-bunad\\\/\"]}]},{\"@type\":\"ImageObject\",\"inLanguage\":\"is\",\"@id\":\"https:\\\/\\\/www.norn.is\\\/pistlar\\\/motefnamaeling-ad-hefjast-ie-hefur-pantad-bunad\\\/#primaryimage\",\"url\":\"http:\\\/\\\/www.norn.is\\\/pistlar\\\/wp-content\\\/uploads\\\/sites\\\/2\\\/2020\\\/05\\\/kari-stefansson-688x451-1.jpg\",\"contentUrl\":\"http:\\\/\\\/www.norn.is\\\/pistlar\\\/wp-content\\\/uploads\\\/sites\\\/2\\\/2020\\\/05\\\/kari-stefansson-688x451-1.jpg\"},{\"@type\":\"BreadcrumbList\",\"@id\":\"https:\\\/\\\/www.norn.is\\\/pistlar\\\/motefnamaeling-ad-hefjast-ie-hefur-pantad-bunad\\\/#breadcrumb\",\"itemListElement\":[{\"@type\":\"ListItem\",\"position\":1,\"name\":\"Home\",\"item\":\"https:\\\/\\\/www.norn.is\\\/pistlar\\\/\"},{\"@type\":\"ListItem\",\"position\":2,\"name\":\"M\u00f3tefnam\u00e6ling a\u00f0 hefjast &#8211; \u00cdE hefur panta\u00f0 b\u00fana\u00f0\"}]},{\"@type\":\"WebSite\",\"@id\":\"https:\\\/\\\/www.norn.is\\\/pistlar\\\/#website\",\"url\":\"https:\\\/\\\/www.norn.is\\\/pistlar\\\/\",\"name\":\"Pistlar Evu\",\"description\":\"\",\"potentialAction\":[{\"@type\":\"SearchAction\",\"target\":{\"@type\":\"EntryPoint\",\"urlTemplate\":\"https:\\\/\\\/www.norn.is\\\/pistlar\\\/?s={search_term_string}\"},\"query-input\":{\"@type\":\"PropertyValueSpecification\",\"valueRequired\":true,\"valueName\":\"search_term_string\"}}],\"inLanguage\":\"is\"},{\"@type\":\"Person\",\"@id\":\"https:\\\/\\\/www.norn.is\\\/pistlar\\\/#\\\/schema\\\/person\\\/1d9742389918a297671033a2b53d3d34\",\"name\":\"Eva Hauksd\u00f3ttir\",\"url\":\"https:\\\/\\\/www.norn.is\\\/pistlar\\\/author\\\/evahauks\\\/\"}]}<\/script>\n<!-- \/ Yoast SEO plugin. -->","yoast_head_json":{"title":"M\u00f3tefnam\u00e6ling a\u00f0 hefjast - \u00cdE hefur panta\u00f0 b\u00fana\u00f0 - Pistlar Evu","robots":{"index":"index","follow":"follow","max-snippet":"max-snippet:-1","max-image-preview":"max-image-preview:large","max-video-preview":"max-video-preview:-1"},"canonical":"https:\/\/www.norn.is\/pistlar\/motefnamaeling-ad-hefjast-ie-hefur-pantad-bunad\/","og_locale":"is_IS","og_type":"article","og_title":"M\u00f3tefnam\u00e6ling a\u00f0 hefjast - \u00cdE hefur panta\u00f0 b\u00fana\u00f0 - Pistlar Evu","og_description":"Fram hefur komi\u00f0 \u00ed fr\u00e9ttum a\u00f0 skimun \u00cdslenskrar erf\u00f0agreiningar \u00e1 slembi\u00fart\u00f6kum bendi til \u00feess a\u00f0\u00a0um e\u00f0a undir 0,5% landsmanna s\u00e9 me\u00f0 virkt k\u00f3runusmit. Enn er veri\u00f0 a\u00f0 vinna \u00far g\u00f6gnum og er frekari fr\u00e9tta von eftir helgi.","og_url":"https:\/\/www.norn.is\/pistlar\/motefnamaeling-ad-hefjast-ie-hefur-pantad-bunad\/","og_site_name":"Pistlar Evu","article_published_time":"2020-04-04T16:31:53+00:00","article_modified_time":"2020-05-02T09:35:01+00:00","og_image":[{"url":"http:\/\/www.norn.is\/pistlar\/wp-content\/uploads\/sites\/2\/2020\/05\/kari-stefansson-688x451-1.jpg","type":"","width":"","height":""}],"author":"Eva Hauksd\u00f3ttir","twitter_card":"summary_large_image","twitter_misc":{"Written by":false,"Est. reading time":"1 minute"},"schema":{"@context":"https:\/\/schema.org","@graph":[{"@type":"Article","@id":"https:\/\/www.norn.is\/pistlar\/motefnamaeling-ad-hefjast-ie-hefur-pantad-bunad\/#article","isPartOf":{"@id":"https:\/\/www.norn.is\/pistlar\/motefnamaeling-ad-hefjast-ie-hefur-pantad-bunad\/"},"author":{"name":"Eva Hauksd\u00f3ttir","@id":"https:\/\/www.norn.is\/pistlar\/#\/schema\/person\/1d9742389918a297671033a2b53d3d34"},"headline":"M\u00f3tefnam\u00e6ling a\u00f0 hefjast &#8211; \u00cdE hefur panta\u00f0 b\u00fana\u00f0","datePublished":"2020-04-04T16:31:53+00:00","dateModified":"2020-05-02T09:35:01+00:00","mainEntityOfPage":{"@id":"https:\/\/www.norn.is\/pistlar\/motefnamaeling-ad-hefjast-ie-hefur-pantad-bunad\/"},"wordCount":224,"image":{"@id":"https:\/\/www.norn.is\/pistlar\/motefnamaeling-ad-hefjast-ie-hefur-pantad-bunad\/#primaryimage"},"thumbnailUrl":"http:\/\/www.norn.is\/pistlar\/wp-content\/uploads\/sites\/2\/2020\/05\/kari-stefansson-688x451-1.jpg","keywords":["covid-19","\u00cdslensk erf\u00f0agreining","K\u00e1ri Stef\u00e1nsson","m\u00f3tefnapr\u00f3f"],"articleSection":["Heilbrig\u00f0is- og velfer\u00f0arm\u00e1l","Pistlar um samf\u00e9lagsm\u00e1l"],"inLanguage":"is"},{"@type":"WebPage","@id":"https:\/\/www.norn.is\/pistlar\/motefnamaeling-ad-hefjast-ie-hefur-pantad-bunad\/","url":"https:\/\/www.norn.is\/pistlar\/motefnamaeling-ad-hefjast-ie-hefur-pantad-bunad\/","name":"M\u00f3tefnam\u00e6ling a\u00f0 hefjast - \u00cdE hefur panta\u00f0 b\u00fana\u00f0 - Pistlar Evu","isPartOf":{"@id":"https:\/\/www.norn.is\/pistlar\/#website"},"primaryImageOfPage":{"@id":"https:\/\/www.norn.is\/pistlar\/motefnamaeling-ad-hefjast-ie-hefur-pantad-bunad\/#primaryimage"},"image":{"@id":"https:\/\/www.norn.is\/pistlar\/motefnamaeling-ad-hefjast-ie-hefur-pantad-bunad\/#primaryimage"},"thumbnailUrl":"http:\/\/www.norn.is\/pistlar\/wp-content\/uploads\/sites\/2\/2020\/05\/kari-stefansson-688x451-1.jpg","datePublished":"2020-04-04T16:31:53+00:00","dateModified":"2020-05-02T09:35:01+00:00","author":{"@id":"https:\/\/www.norn.is\/pistlar\/#\/schema\/person\/1d9742389918a297671033a2b53d3d34"},"breadcrumb":{"@id":"https:\/\/www.norn.is\/pistlar\/motefnamaeling-ad-hefjast-ie-hefur-pantad-bunad\/#breadcrumb"},"inLanguage":"is","potentialAction":[{"@type":"ReadAction","target":["https:\/\/www.norn.is\/pistlar\/motefnamaeling-ad-hefjast-ie-hefur-pantad-bunad\/"]}]},{"@type":"ImageObject","inLanguage":"is","@id":"https:\/\/www.norn.is\/pistlar\/motefnamaeling-ad-hefjast-ie-hefur-pantad-bunad\/#primaryimage","url":"http:\/\/www.norn.is\/pistlar\/wp-content\/uploads\/sites\/2\/2020\/05\/kari-stefansson-688x451-1.jpg","contentUrl":"http:\/\/www.norn.is\/pistlar\/wp-content\/uploads\/sites\/2\/2020\/05\/kari-stefansson-688x451-1.jpg"},{"@type":"BreadcrumbList","@id":"https:\/\/www.norn.is\/pistlar\/motefnamaeling-ad-hefjast-ie-hefur-pantad-bunad\/#breadcrumb","itemListElement":[{"@type":"ListItem","position":1,"name":"Home","item":"https:\/\/www.norn.is\/pistlar\/"},{"@type":"ListItem","position":2,"name":"M\u00f3tefnam\u00e6ling a\u00f0 hefjast &#8211; \u00cdE hefur panta\u00f0 b\u00fana\u00f0"}]},{"@type":"WebSite","@id":"https:\/\/www.norn.is\/pistlar\/#website","url":"https:\/\/www.norn.is\/pistlar\/","name":"Pistlar Evu","description":"","potentialAction":[{"@type":"SearchAction","target":{"@type":"EntryPoint","urlTemplate":"https:\/\/www.norn.is\/pistlar\/?s={search_term_string}"},"query-input":{"@type":"PropertyValueSpecification","valueRequired":true,"valueName":"search_term_string"}}],"inLanguage":"is"},{"@type":"Person","@id":"https:\/\/www.norn.is\/pistlar\/#\/schema\/person\/1d9742389918a297671033a2b53d3d34","name":"Eva Hauksd\u00f3ttir","url":"https:\/\/www.norn.is\/pistlar\/author\/evahauks\/"}]}},"_links":{"self":[{"href":"https:\/\/www.norn.is\/pistlar\/wp-json\/wp\/v2\/posts\/14306","targetHints":{"allow":["GET"]}}],"collection":[{"href":"https:\/\/www.norn.is\/pistlar\/wp-json\/wp\/v2\/posts"}],"about":[{"href":"https:\/\/www.norn.is\/pistlar\/wp-json\/wp\/v2\/types\/post"}],"author":[{"embeddable":true,"href":"https:\/\/www.norn.is\/pistlar\/wp-json\/wp\/v2\/users\/7"}],"replies":[{"embeddable":true,"href":"https:\/\/www.norn.is\/pistlar\/wp-json\/wp\/v2\/comments?post=14306"}],"version-history":[{"count":1,"href":"https:\/\/www.norn.is\/pistlar\/wp-json\/wp\/v2\/posts\/14306\/revisions"}],"predecessor-version":[{"id":14308,"href":"https:\/\/www.norn.is\/pistlar\/wp-json\/wp\/v2\/posts\/14306\/revisions\/14308"}],"wp:attachment":[{"href":"https:\/\/www.norn.is\/pistlar\/wp-json\/wp\/v2\/media?parent=14306"}],"wp:term":[{"taxonomy":"category","embeddable":true,"href":"https:\/\/www.norn.is\/pistlar\/wp-json\/wp\/v2\/categories?post=14306"},{"taxonomy":"post_tag","embeddable":true,"href":"https:\/\/www.norn.is\/pistlar\/wp-json\/wp\/v2\/tags?post=14306"}],"curies":[{"name":"wp","href":"https:\/\/api.w.org\/{rel}","templated":true}]}}