{"id":14155,"date":"2020-04-03T21:15:58","date_gmt":"2020-04-03T21:15:58","guid":{"rendered":"http:\/\/www.norn.is\/pistlar\/?p=14155"},"modified":"2020-05-02T06:47:12","modified_gmt":"2020-05-02T06:47:12","slug":"hlydid-vidi-ef-ykkur-skortir-skynsemi-til-ad-virda-smitvarnir-af-sjalfsdadum","status":"publish","type":"post","link":"https:\/\/www.norn.is\/pistlar\/hlydid-vidi-ef-ykkur-skortir-skynsemi-til-ad-virda-smitvarnir-af-sjalfsdadum\/","title":{"rendered":"Hl\u00fd\u00f0i\u00f0 V\u00ed\u00f0i \u2013 ef ykkur skortir skynsemi til a\u00f0 vir\u00f0a smitvarnir af sj\u00e1lfsd\u00e1\u00f0um"},"content":{"rendered":"<div class=\"gdl-blog-full\">\n<div class=\"blog-content\">\n<p><em><a href=\"http:\/\/www.norn.is\/pistlar\/wp-content\/uploads\/sites\/2\/2020\/04\/kvivi2-688x451-1.jpg\"><img loading=\"lazy\" decoding=\"async\" class=\"aligncenter size-full wp-image-14157\" src=\"http:\/\/www.norn.is\/pistlar\/wp-content\/uploads\/sites\/2\/2020\/04\/kvivi2-688x451-1.jpg\" alt=\"\" width=\"688\" height=\"451\" srcset=\"https:\/\/www.norn.is\/pistlar\/wp-content\/uploads\/sites\/2\/2020\/04\/kvivi2-688x451-1.jpg 688w, https:\/\/www.norn.is\/pistlar\/wp-content\/uploads\/sites\/2\/2020\/04\/kvivi2-688x451-1-300x197.jpg 300w, https:\/\/www.norn.is\/pistlar\/wp-content\/uploads\/sites\/2\/2020\/04\/kvivi2-688x451-1-458x300.jpg 458w\" sizes=\"auto, (max-width: 688px) 100vw, 688px\" \/><\/a>\u00c9g hl\u00fd\u00f0i V\u00ed\u00f0i\u00a0<\/em>\u2013 R\u00edmleikur er n\u00fa or\u00f0inn a\u00f0 slagor\u00f0i og\u00a0<a href=\"https:\/\/www.visir.is\/g\/2020120738d\/vidir-gaf-graent-ljos-a-eg-hlydi-vidi-boli-til-styrktar-spitalanum\">framlei\u00f0sla \u00e1 bolum hafin<\/a>. L\u00f3g\u00f3i\u00f0 er afhj\u00fapandi fyrir f\u00e1vitalegt skeytingarleysi\u00f0 um alv\u00f6runa a\u00f0 baki kr\u00fattlegu slagor\u00f0i \u2013 mynd sem \u00ed senn v\u00edsar til vins\u00e6lla teiknimyndaf\u00edg\u00fara, k\u00f3r\u00f3nu, l\u00f6greglustj\u00f6rnunnar og hins alsj\u00e1andi auga eftirlitssamf\u00e9lagsins. \u00deetta er snilldarleg h\u00f6nnun \u2013 hvort sem h\u00f6nnu\u00f0urinn gerir s\u00e9r grein fyrir \u00fev\u00ed e\u00f0a ekki.<\/p>\n<p><!--more--><\/p>\n<div class=\"wp-block-image\"><a href=\"http:\/\/www.norn.is\/pistlar\/wp-content\/uploads\/sites\/2\/2020\/04\/logo-hli-292x300-1.png\"><img loading=\"lazy\" decoding=\"async\" class=\"alignleft size-full wp-image-14159\" src=\"http:\/\/www.norn.is\/pistlar\/wp-content\/uploads\/sites\/2\/2020\/04\/logo-hli-292x300-1.png\" alt=\"\" width=\"292\" height=\"300\" \/><\/a><\/div>\n<p>\u00de\u00fa, sem \u201ehl\u00fd\u00f0ir V\u00ed\u00f0i\u201c \u2013 er \u00fea\u00f0 a\u00f0allega af hl\u00fd\u00f0ni vi\u00f0 yfirvaldi\u00f0 sem \u00fe\u00fa sest ekki undir st\u00fdri \u00e1 \u00f3sko\u00f0u\u00f0um b\u00edl me\u00f0 barn \u00ed frams\u00e6tinu eftiir a\u00f0 hafa hellt \u00ed \u00feig h\u00e1lfpela af brenniv\u00edni? Myndir\u00f0u kannski gera \u00fea\u00f0 ef V\u00ed\u00f0i \u00fe\u00e6tti \u00fea\u00f0 g\u00f3\u00f0 hugmynd? Hefur\u00f0u virkilega ekki d\u00f3mgreind til \u00feess a\u00f0 sj\u00e1 muninn \u00e1 \u00fev\u00ed a\u00f0 fylgja reglum sem settar eru \u00f6llum til verndar, bara vegna \u00feess a\u00f0 \u00fe\u00fa ber\u00f0 \u00e1byrg\u00f0 gagnvart samborgurum \u00fe\u00ednum, og \u00fev\u00ed a\u00f0 hl\u00fd\u00f0a yfrv\u00f6ldum \u00ed blindi? Flott hj\u00e1 \u00fe\u00e9r a\u00f0 hl\u00fd\u00f0a V\u00ed\u00f0i \u00e1 me\u00f0an hann bi\u00f0ur ekki um anna\u00f0 en \u00fea\u00f0 a\u00f0 vi\u00f0 reynum a\u00f0 komast hj\u00e1 \u00fev\u00ed a\u00f0 brei\u00f0a \u00fat dreps\u00f3tt en \u00e6tlar\u00f0u l\u00edka a\u00f0 hl\u00fd\u00f0a l\u00f6ggu sem stundar \u00f3l\u00f6glegt eftirlit me\u00f0 borgurunum og lemur ni\u00f0ur m\u00f3tm\u00e6li me\u00f0 pipar\u00fa\u00f0a a\u00f0 vopni?<\/p>\n<p>Svo \u00f6murlegt sem \u00fea\u00f0 er \u00fe\u00e1 eru sni\u00f0ugheit ekki eina \u00e1st\u00e6\u00f0an fyrir \u00feessu slagor\u00f0i. \u00dea\u00f0 er ekki oft sem sam\u00fa\u00f0 m\u00edn er me\u00f0 stj\u00f3rnv\u00f6ldum en \u00ed \u00feetta sinn langar mig ekki a\u00f0 h\u00fd\u00f0a V\u00ed\u00f0i, heldur \u00fe\u00e1 sem hir\u00f0a ekki um var\u00fa\u00f0arr\u00e1\u00f0stafanir. Og sorr\u00fd en \u00feeir asnar eiga \u00fea\u00f0 bara skili\u00f0 a\u00f0 vera beittir sektum. Vonandi eru \u00feeir f\u00e1ir.<\/p>\n<p>Hva\u00f0a \u00e6singur er \u00feetta \u00fe\u00e1? Er ekki bara gott a\u00f0 f\u00f3lk hl\u00fd\u00f0i V\u00ed\u00f0i? J\u00fa, af tvennu illu er \u00fea\u00f0 sk\u00e1rra en a\u00f0 \u00fea\u00f0 veikist e\u00f0a smiti a\u00f0ra. Au\u00f0vita\u00f0 eigum vi\u00f0 a\u00f0 fara eftir reglum sem settar eru samf\u00e9laginu til verndar, hvort sem \u00fea\u00f0 eru umfer\u00f0arl\u00f6g e\u00f0a reglur um smitvarnir og \u00e9g vona a\u00f0 sem flestir leggi \u00fea\u00f0 \u00e1 sig a\u00f0 halda sig sem mest heima \u00e1 n\u00e6stunni. Helst \u00e1n \u00feess a\u00f0 v\u00ed\u00f0isauga\u00f0 vaki yfir \u00feeim. En vi\u00f0 munum standa frammi fyrir \u00f6\u00f0rum vandam\u00e1lum \u00feegar \u00feessu linnir og \u00fe\u00e1 er ekki gefi\u00f0 m\u00e1l a\u00f0 hl\u00fd\u00f0ni ver\u00f0i okkur fyrir bestu.<\/p>\n<figure class=\"wp-block-image size-large is-resized\"><img loading=\"lazy\" decoding=\"async\" class=\"wp-image-83801\" src=\"https:\/\/kvennabladid.is\/wp-content\/uploads\/2020\/04\/kvivi2.jpg\" sizes=\"auto, (max-width: 593px) 100vw, 593px\" srcset=\"https:\/\/kvennabladid.is\/wp-content\/uploads\/2020\/04\/kvivi2.jpg 478w, https:\/\/kvennabladid.is\/wp-content\/uploads\/2020\/04\/kvivi2-300x178.jpg 300w, https:\/\/kvennabladid.is\/wp-content\/uploads\/2020\/04\/kvivi2-240x142.jpg 240w, https:\/\/kvennabladid.is\/wp-content\/uploads\/2020\/04\/kvivi2-485x288.jpg 485w\" alt=\"\" width=\"593\" height=\"351\" data-attachment-id=\"83801\" data-permalink=\"https:\/\/kvennabladid.is\/2020\/04\/03\/hlydid-vidi-ef-ykkur-skortir-skynsemi-til-ad-virda-smitvarnir-af-sjalfsdadum\/kvivi2\/\" data-orig-file=\"https:\/\/kvennabladid.is\/wp-content\/uploads\/2020\/04\/kvivi2.jpg\" data-orig-size=\"478,283\" data-comments-opened=\"0\" data-image-meta=\"{&quot;aperture&quot;:&quot;0&quot;,&quot;credit&quot;:&quot;&quot;,&quot;camera&quot;:&quot;&quot;,&quot;caption&quot;:&quot;&quot;,&quot;created_timestamp&quot;:&quot;0&quot;,&quot;copyright&quot;:&quot;&quot;,&quot;focal_length&quot;:&quot;0&quot;,&quot;iso&quot;:&quot;0&quot;,&quot;shutter_speed&quot;:&quot;0&quot;,&quot;title&quot;:&quot;&quot;,&quot;orientation&quot;:&quot;1&quot;}\" data-image-title=\"kvivi2\" data-image-description=\"\" data-medium-file=\"https:\/\/kvennabladid.is\/wp-content\/uploads\/2020\/04\/kvivi2-300x178.jpg\" data-large-file=\"https:\/\/kvennabladid.is\/wp-content\/uploads\/2020\/04\/kvivi2.jpg\" \/><\/figure>\n<p>Hugsanlega getum vi\u00f0 kr\u00fatta\u00f0 okkur \u00ed gegnum k\u00f3r\u00f3nuf\u00e1ri\u00f0 en \u00fea\u00f0 kr\u00fattar sig enginn \u00ed gegnum fasisma. Svo \u00fea\u00f0 s\u00e9 alveg \u00e1 hreinu \u00fe\u00e1 er \u00e9g ekki a\u00f0 kalla V\u00ed\u00f0i Reynisson fasista og \u00e9g er ekki a\u00f0 segja a\u00f0 \u00cdsland s\u00e9 a\u00f0 breytast \u00ed fasistar\u00edki. En \u00ed \u00feetta sinn er allur heimurinn a\u00f0 gl\u00edma vi\u00f0 sama \u00f3vin og \u00ed sl\u00edku \u00e1standi fara fasista\u00f6fl \u00e1 stj\u00e1. Vi\u00f0 getum alveg reikna\u00f0 me\u00f0 a\u00f0 \u00ed m\u00f6rgum l\u00f6ndum ver\u00f0i l\u00fd\u00f0r\u00e6\u00f0i\u00f0 brotakennt n\u00e6stu \u00e1rin. Og \u00fe\u00e1 ver\u00f0ur heillav\u00e6nlegra a\u00f0 treysta \u00e1 eigin d\u00f3mgreind \u00e1\u00f0ur en vi\u00f0 \u00e1kve\u00f0um hvort vi\u00f0 hl\u00fd\u00f0um V\u00ed\u00f0i.<\/p>\n<div class=\"clear\"><\/div>\n<\/div>\n<\/div>\n<div class=\"row cf ad-635 hidden\">\n<div class=\"sixhundredthirtyfive center\"><\/div>\n<\/div>\n","protected":false},"excerpt":{"rendered":"<p>\u00c9g hl\u00fd\u00f0i V\u00ed\u00f0i\u00a0\u2013 R\u00edmleikur er n\u00fa or\u00f0inn a\u00f0 slagor\u00f0i og\u00a0framlei\u00f0sla \u00e1 bolum hafin. L\u00f3g\u00f3i\u00f0 er afhj\u00fapandi fyrir f\u00e1vitalegt skeytingarleysi\u00f0 um alv\u00f6runa a\u00f0 baki kr\u00fattlegu slagor\u00f0i \u2013 mynd sem \u00ed senn v\u00edsar til vins\u00e6lla teiknimyndaf\u00edg\u00fara, k\u00f3r\u00f3nu, l\u00f6greglustj\u00f6rnunnar og hins alsj\u00e1andi auga &hellip; <a href=\"https:\/\/www.norn.is\/pistlar\/hlydid-vidi-ef-ykkur-skortir-skynsemi-til-ad-virda-smitvarnir-af-sjalfsdadum\/\">Halda \u00e1fram a\u00f0 lesa <span class=\"meta-nav\">&rarr;<\/span><\/a><\/p>\n","protected":false},"author":7,"featured_media":0,"comment_status":"closed","ping_status":"closed","sticky":false,"template":"","format":"standard","meta":{"footnotes":"","_links_to":"","_links_to_target":""},"categories":[15,20,1,22],"tags":[1162,1140,1163,1161],"class_list":["post-14155","post","type-post","status-publish","format-standard","hentry","category-andof-og-yfirvald","category-heilbrigdismal","category-pistlar","category-umraedan","tag-hlydum-vidi","tag-covid-19","tag-hjardhugsun","tag-vidir-reynisson"],"yoast_head":"<!-- This site is optimized with the Yoast SEO plugin v27.5 - https:\/\/yoast.com\/product\/yoast-seo-wordpress\/ -->\n<title>Hl\u00fd\u00f0i\u00f0 V\u00ed\u00f0i \u2013 ef ykkur skortir skynsemi til a\u00f0 vir\u00f0a smitvarnir af sj\u00e1lfsd\u00e1\u00f0um - Pistlar Evu<\/title>\n<meta name=\"robots\" content=\"index, follow, max-snippet:-1, max-image-preview:large, max-video-preview:-1\" \/>\n<link rel=\"canonical\" href=\"https:\/\/www.norn.is\/pistlar\/hlydid-vidi-ef-ykkur-skortir-skynsemi-til-ad-virda-smitvarnir-af-sjalfsdadum\/\" \/>\n<meta property=\"og:locale\" content=\"is_IS\" \/>\n<meta property=\"og:type\" content=\"article\" \/>\n<meta property=\"og:title\" content=\"Hl\u00fd\u00f0i\u00f0 V\u00ed\u00f0i \u2013 ef ykkur skortir skynsemi til a\u00f0 vir\u00f0a smitvarnir af sj\u00e1lfsd\u00e1\u00f0um - Pistlar Evu\" \/>\n<meta property=\"og:description\" content=\"\u00c9g hl\u00fd\u00f0i V\u00ed\u00f0i\u00a0\u2013 R\u00edmleikur er n\u00fa or\u00f0inn a\u00f0 slagor\u00f0i og\u00a0framlei\u00f0sla \u00e1 bolum hafin. L\u00f3g\u00f3i\u00f0 er afhj\u00fapandi fyrir f\u00e1vitalegt skeytingarleysi\u00f0 um alv\u00f6runa a\u00f0 baki kr\u00fattlegu slagor\u00f0i \u2013 mynd sem \u00ed senn v\u00edsar til vins\u00e6lla teiknimyndaf\u00edg\u00fara, k\u00f3r\u00f3nu, l\u00f6greglustj\u00f6rnunnar og hins alsj\u00e1andi auga &hellip; Halda \u00e1fram a\u00f0 lesa &rarr;\" \/>\n<meta property=\"og:url\" content=\"https:\/\/www.norn.is\/pistlar\/hlydid-vidi-ef-ykkur-skortir-skynsemi-til-ad-virda-smitvarnir-af-sjalfsdadum\/\" \/>\n<meta property=\"og:site_name\" content=\"Pistlar Evu\" \/>\n<meta property=\"article:published_time\" content=\"2020-04-03T21:15:58+00:00\" \/>\n<meta property=\"article:modified_time\" content=\"2020-05-02T06:47:12+00:00\" \/>\n<meta property=\"og:image\" content=\"http:\/\/www.norn.is\/pistlar\/wp-content\/uploads\/sites\/2\/2020\/04\/kvivi2-688x451-1.jpg\" \/>\n<meta name=\"author\" content=\"Eva Hauksd\u00f3ttir\" \/>\n<meta name=\"twitter:card\" content=\"summary_large_image\" \/>\n<meta name=\"twitter:label1\" content=\"Written by\" \/>\n\t<meta name=\"twitter:data1\" content=\"\" \/>\n\t<meta name=\"twitter:label2\" content=\"Est. reading time\" \/>\n\t<meta name=\"twitter:data2\" content=\"3 minutes\" \/>\n<script type=\"application\/ld+json\" class=\"yoast-schema-graph\">{\"@context\":\"https:\\\/\\\/schema.org\",\"@graph\":[{\"@type\":\"Article\",\"@id\":\"https:\\\/\\\/www.norn.is\\\/pistlar\\\/hlydid-vidi-ef-ykkur-skortir-skynsemi-til-ad-virda-smitvarnir-af-sjalfsdadum\\\/#article\",\"isPartOf\":{\"@id\":\"https:\\\/\\\/www.norn.is\\\/pistlar\\\/hlydid-vidi-ef-ykkur-skortir-skynsemi-til-ad-virda-smitvarnir-af-sjalfsdadum\\\/\"},\"author\":{\"name\":\"Eva Hauksd\u00f3ttir\",\"@id\":\"https:\\\/\\\/www.norn.is\\\/pistlar\\\/#\\\/schema\\\/person\\\/1d9742389918a297671033a2b53d3d34\"},\"headline\":\"Hl\u00fd\u00f0i\u00f0 V\u00ed\u00f0i \u2013 ef ykkur skortir skynsemi til a\u00f0 vir\u00f0a smitvarnir af sj\u00e1lfsd\u00e1\u00f0um\",\"datePublished\":\"2020-04-03T21:15:58+00:00\",\"dateModified\":\"2020-05-02T06:47:12+00:00\",\"mainEntityOfPage\":{\"@id\":\"https:\\\/\\\/www.norn.is\\\/pistlar\\\/hlydid-vidi-ef-ykkur-skortir-skynsemi-til-ad-virda-smitvarnir-af-sjalfsdadum\\\/\"},\"wordCount\":532,\"image\":{\"@id\":\"https:\\\/\\\/www.norn.is\\\/pistlar\\\/hlydid-vidi-ef-ykkur-skortir-skynsemi-til-ad-virda-smitvarnir-af-sjalfsdadum\\\/#primaryimage\"},\"thumbnailUrl\":\"http:\\\/\\\/www.norn.is\\\/pistlar\\\/wp-content\\\/uploads\\\/sites\\\/2\\\/2020\\\/04\\\/kvivi2-688x451-1.jpg\",\"keywords\":[\"\\\"hl\u00fd\u00f0um V\u00ed\u00f0i\\\"\",\"covid-19\",\"hjar\u00f0hugsun\",\"V\u00ed\u00f0ir Reynisson\"],\"articleSection\":[\"And\u00f3f og yfirvald\",\"Heilbrig\u00f0is- og velfer\u00f0arm\u00e1l\",\"Pistlar um samf\u00e9lagsm\u00e1l\",\"Umr\u00e6\u00f0an\"],\"inLanguage\":\"is\"},{\"@type\":\"WebPage\",\"@id\":\"https:\\\/\\\/www.norn.is\\\/pistlar\\\/hlydid-vidi-ef-ykkur-skortir-skynsemi-til-ad-virda-smitvarnir-af-sjalfsdadum\\\/\",\"url\":\"https:\\\/\\\/www.norn.is\\\/pistlar\\\/hlydid-vidi-ef-ykkur-skortir-skynsemi-til-ad-virda-smitvarnir-af-sjalfsdadum\\\/\",\"name\":\"Hl\u00fd\u00f0i\u00f0 V\u00ed\u00f0i \u2013 ef ykkur skortir skynsemi til a\u00f0 vir\u00f0a smitvarnir af sj\u00e1lfsd\u00e1\u00f0um - Pistlar Evu\",\"isPartOf\":{\"@id\":\"https:\\\/\\\/www.norn.is\\\/pistlar\\\/#website\"},\"primaryImageOfPage\":{\"@id\":\"https:\\\/\\\/www.norn.is\\\/pistlar\\\/hlydid-vidi-ef-ykkur-skortir-skynsemi-til-ad-virda-smitvarnir-af-sjalfsdadum\\\/#primaryimage\"},\"image\":{\"@id\":\"https:\\\/\\\/www.norn.is\\\/pistlar\\\/hlydid-vidi-ef-ykkur-skortir-skynsemi-til-ad-virda-smitvarnir-af-sjalfsdadum\\\/#primaryimage\"},\"thumbnailUrl\":\"http:\\\/\\\/www.norn.is\\\/pistlar\\\/wp-content\\\/uploads\\\/sites\\\/2\\\/2020\\\/04\\\/kvivi2-688x451-1.jpg\",\"datePublished\":\"2020-04-03T21:15:58+00:00\",\"dateModified\":\"2020-05-02T06:47:12+00:00\",\"author\":{\"@id\":\"https:\\\/\\\/www.norn.is\\\/pistlar\\\/#\\\/schema\\\/person\\\/1d9742389918a297671033a2b53d3d34\"},\"breadcrumb\":{\"@id\":\"https:\\\/\\\/www.norn.is\\\/pistlar\\\/hlydid-vidi-ef-ykkur-skortir-skynsemi-til-ad-virda-smitvarnir-af-sjalfsdadum\\\/#breadcrumb\"},\"inLanguage\":\"is\",\"potentialAction\":[{\"@type\":\"ReadAction\",\"target\":[\"https:\\\/\\\/www.norn.is\\\/pistlar\\\/hlydid-vidi-ef-ykkur-skortir-skynsemi-til-ad-virda-smitvarnir-af-sjalfsdadum\\\/\"]}]},{\"@type\":\"ImageObject\",\"inLanguage\":\"is\",\"@id\":\"https:\\\/\\\/www.norn.is\\\/pistlar\\\/hlydid-vidi-ef-ykkur-skortir-skynsemi-til-ad-virda-smitvarnir-af-sjalfsdadum\\\/#primaryimage\",\"url\":\"http:\\\/\\\/www.norn.is\\\/pistlar\\\/wp-content\\\/uploads\\\/sites\\\/2\\\/2020\\\/04\\\/kvivi2-688x451-1.jpg\",\"contentUrl\":\"http:\\\/\\\/www.norn.is\\\/pistlar\\\/wp-content\\\/uploads\\\/sites\\\/2\\\/2020\\\/04\\\/kvivi2-688x451-1.jpg\"},{\"@type\":\"BreadcrumbList\",\"@id\":\"https:\\\/\\\/www.norn.is\\\/pistlar\\\/hlydid-vidi-ef-ykkur-skortir-skynsemi-til-ad-virda-smitvarnir-af-sjalfsdadum\\\/#breadcrumb\",\"itemListElement\":[{\"@type\":\"ListItem\",\"position\":1,\"name\":\"Home\",\"item\":\"https:\\\/\\\/www.norn.is\\\/pistlar\\\/\"},{\"@type\":\"ListItem\",\"position\":2,\"name\":\"Hl\u00fd\u00f0i\u00f0 V\u00ed\u00f0i \u2013 ef ykkur skortir skynsemi til a\u00f0 vir\u00f0a smitvarnir af sj\u00e1lfsd\u00e1\u00f0um\"}]},{\"@type\":\"WebSite\",\"@id\":\"https:\\\/\\\/www.norn.is\\\/pistlar\\\/#website\",\"url\":\"https:\\\/\\\/www.norn.is\\\/pistlar\\\/\",\"name\":\"Pistlar Evu\",\"description\":\"\",\"potentialAction\":[{\"@type\":\"SearchAction\",\"target\":{\"@type\":\"EntryPoint\",\"urlTemplate\":\"https:\\\/\\\/www.norn.is\\\/pistlar\\\/?s={search_term_string}\"},\"query-input\":{\"@type\":\"PropertyValueSpecification\",\"valueRequired\":true,\"valueName\":\"search_term_string\"}}],\"inLanguage\":\"is\"},{\"@type\":\"Person\",\"@id\":\"https:\\\/\\\/www.norn.is\\\/pistlar\\\/#\\\/schema\\\/person\\\/1d9742389918a297671033a2b53d3d34\",\"name\":\"Eva Hauksd\u00f3ttir\",\"url\":\"https:\\\/\\\/www.norn.is\\\/pistlar\\\/author\\\/evahauks\\\/\"}]}<\/script>\n<!-- \/ Yoast SEO plugin. -->","yoast_head_json":{"title":"Hl\u00fd\u00f0i\u00f0 V\u00ed\u00f0i \u2013 ef ykkur skortir skynsemi til a\u00f0 vir\u00f0a smitvarnir af sj\u00e1lfsd\u00e1\u00f0um - Pistlar Evu","robots":{"index":"index","follow":"follow","max-snippet":"max-snippet:-1","max-image-preview":"max-image-preview:large","max-video-preview":"max-video-preview:-1"},"canonical":"https:\/\/www.norn.is\/pistlar\/hlydid-vidi-ef-ykkur-skortir-skynsemi-til-ad-virda-smitvarnir-af-sjalfsdadum\/","og_locale":"is_IS","og_type":"article","og_title":"Hl\u00fd\u00f0i\u00f0 V\u00ed\u00f0i \u2013 ef ykkur skortir skynsemi til a\u00f0 vir\u00f0a smitvarnir af sj\u00e1lfsd\u00e1\u00f0um - Pistlar Evu","og_description":"\u00c9g hl\u00fd\u00f0i V\u00ed\u00f0i\u00a0\u2013 R\u00edmleikur er n\u00fa or\u00f0inn a\u00f0 slagor\u00f0i og\u00a0framlei\u00f0sla \u00e1 bolum hafin. L\u00f3g\u00f3i\u00f0 er afhj\u00fapandi fyrir f\u00e1vitalegt skeytingarleysi\u00f0 um alv\u00f6runa a\u00f0 baki kr\u00fattlegu slagor\u00f0i \u2013 mynd sem \u00ed senn v\u00edsar til vins\u00e6lla teiknimyndaf\u00edg\u00fara, k\u00f3r\u00f3nu, l\u00f6greglustj\u00f6rnunnar og hins alsj\u00e1andi auga &hellip; Halda \u00e1fram a\u00f0 lesa &rarr;","og_url":"https:\/\/www.norn.is\/pistlar\/hlydid-vidi-ef-ykkur-skortir-skynsemi-til-ad-virda-smitvarnir-af-sjalfsdadum\/","og_site_name":"Pistlar Evu","article_published_time":"2020-04-03T21:15:58+00:00","article_modified_time":"2020-05-02T06:47:12+00:00","og_image":[{"url":"http:\/\/www.norn.is\/pistlar\/wp-content\/uploads\/sites\/2\/2020\/04\/kvivi2-688x451-1.jpg","type":"","width":"","height":""}],"author":"Eva Hauksd\u00f3ttir","twitter_card":"summary_large_image","twitter_misc":{"Written by":false,"Est. reading time":"3 minutes"},"schema":{"@context":"https:\/\/schema.org","@graph":[{"@type":"Article","@id":"https:\/\/www.norn.is\/pistlar\/hlydid-vidi-ef-ykkur-skortir-skynsemi-til-ad-virda-smitvarnir-af-sjalfsdadum\/#article","isPartOf":{"@id":"https:\/\/www.norn.is\/pistlar\/hlydid-vidi-ef-ykkur-skortir-skynsemi-til-ad-virda-smitvarnir-af-sjalfsdadum\/"},"author":{"name":"Eva Hauksd\u00f3ttir","@id":"https:\/\/www.norn.is\/pistlar\/#\/schema\/person\/1d9742389918a297671033a2b53d3d34"},"headline":"Hl\u00fd\u00f0i\u00f0 V\u00ed\u00f0i \u2013 ef ykkur skortir skynsemi til a\u00f0 vir\u00f0a smitvarnir af sj\u00e1lfsd\u00e1\u00f0um","datePublished":"2020-04-03T21:15:58+00:00","dateModified":"2020-05-02T06:47:12+00:00","mainEntityOfPage":{"@id":"https:\/\/www.norn.is\/pistlar\/hlydid-vidi-ef-ykkur-skortir-skynsemi-til-ad-virda-smitvarnir-af-sjalfsdadum\/"},"wordCount":532,"image":{"@id":"https:\/\/www.norn.is\/pistlar\/hlydid-vidi-ef-ykkur-skortir-skynsemi-til-ad-virda-smitvarnir-af-sjalfsdadum\/#primaryimage"},"thumbnailUrl":"http:\/\/www.norn.is\/pistlar\/wp-content\/uploads\/sites\/2\/2020\/04\/kvivi2-688x451-1.jpg","keywords":["\"hl\u00fd\u00f0um V\u00ed\u00f0i\"","covid-19","hjar\u00f0hugsun","V\u00ed\u00f0ir Reynisson"],"articleSection":["And\u00f3f og yfirvald","Heilbrig\u00f0is- og velfer\u00f0arm\u00e1l","Pistlar um samf\u00e9lagsm\u00e1l","Umr\u00e6\u00f0an"],"inLanguage":"is"},{"@type":"WebPage","@id":"https:\/\/www.norn.is\/pistlar\/hlydid-vidi-ef-ykkur-skortir-skynsemi-til-ad-virda-smitvarnir-af-sjalfsdadum\/","url":"https:\/\/www.norn.is\/pistlar\/hlydid-vidi-ef-ykkur-skortir-skynsemi-til-ad-virda-smitvarnir-af-sjalfsdadum\/","name":"Hl\u00fd\u00f0i\u00f0 V\u00ed\u00f0i \u2013 ef ykkur skortir skynsemi til a\u00f0 vir\u00f0a smitvarnir af sj\u00e1lfsd\u00e1\u00f0um - Pistlar Evu","isPartOf":{"@id":"https:\/\/www.norn.is\/pistlar\/#website"},"primaryImageOfPage":{"@id":"https:\/\/www.norn.is\/pistlar\/hlydid-vidi-ef-ykkur-skortir-skynsemi-til-ad-virda-smitvarnir-af-sjalfsdadum\/#primaryimage"},"image":{"@id":"https:\/\/www.norn.is\/pistlar\/hlydid-vidi-ef-ykkur-skortir-skynsemi-til-ad-virda-smitvarnir-af-sjalfsdadum\/#primaryimage"},"thumbnailUrl":"http:\/\/www.norn.is\/pistlar\/wp-content\/uploads\/sites\/2\/2020\/04\/kvivi2-688x451-1.jpg","datePublished":"2020-04-03T21:15:58+00:00","dateModified":"2020-05-02T06:47:12+00:00","author":{"@id":"https:\/\/www.norn.is\/pistlar\/#\/schema\/person\/1d9742389918a297671033a2b53d3d34"},"breadcrumb":{"@id":"https:\/\/www.norn.is\/pistlar\/hlydid-vidi-ef-ykkur-skortir-skynsemi-til-ad-virda-smitvarnir-af-sjalfsdadum\/#breadcrumb"},"inLanguage":"is","potentialAction":[{"@type":"ReadAction","target":["https:\/\/www.norn.is\/pistlar\/hlydid-vidi-ef-ykkur-skortir-skynsemi-til-ad-virda-smitvarnir-af-sjalfsdadum\/"]}]},{"@type":"ImageObject","inLanguage":"is","@id":"https:\/\/www.norn.is\/pistlar\/hlydid-vidi-ef-ykkur-skortir-skynsemi-til-ad-virda-smitvarnir-af-sjalfsdadum\/#primaryimage","url":"http:\/\/www.norn.is\/pistlar\/wp-content\/uploads\/sites\/2\/2020\/04\/kvivi2-688x451-1.jpg","contentUrl":"http:\/\/www.norn.is\/pistlar\/wp-content\/uploads\/sites\/2\/2020\/04\/kvivi2-688x451-1.jpg"},{"@type":"BreadcrumbList","@id":"https:\/\/www.norn.is\/pistlar\/hlydid-vidi-ef-ykkur-skortir-skynsemi-til-ad-virda-smitvarnir-af-sjalfsdadum\/#breadcrumb","itemListElement":[{"@type":"ListItem","position":1,"name":"Home","item":"https:\/\/www.norn.is\/pistlar\/"},{"@type":"ListItem","position":2,"name":"Hl\u00fd\u00f0i\u00f0 V\u00ed\u00f0i \u2013 ef ykkur skortir skynsemi til a\u00f0 vir\u00f0a smitvarnir af sj\u00e1lfsd\u00e1\u00f0um"}]},{"@type":"WebSite","@id":"https:\/\/www.norn.is\/pistlar\/#website","url":"https:\/\/www.norn.is\/pistlar\/","name":"Pistlar Evu","description":"","potentialAction":[{"@type":"SearchAction","target":{"@type":"EntryPoint","urlTemplate":"https:\/\/www.norn.is\/pistlar\/?s={search_term_string}"},"query-input":{"@type":"PropertyValueSpecification","valueRequired":true,"valueName":"search_term_string"}}],"inLanguage":"is"},{"@type":"Person","@id":"https:\/\/www.norn.is\/pistlar\/#\/schema\/person\/1d9742389918a297671033a2b53d3d34","name":"Eva Hauksd\u00f3ttir","url":"https:\/\/www.norn.is\/pistlar\/author\/evahauks\/"}]}},"_links":{"self":[{"href":"https:\/\/www.norn.is\/pistlar\/wp-json\/wp\/v2\/posts\/14155","targetHints":{"allow":["GET"]}}],"collection":[{"href":"https:\/\/www.norn.is\/pistlar\/wp-json\/wp\/v2\/posts"}],"about":[{"href":"https:\/\/www.norn.is\/pistlar\/wp-json\/wp\/v2\/types\/post"}],"author":[{"embeddable":true,"href":"https:\/\/www.norn.is\/pistlar\/wp-json\/wp\/v2\/users\/7"}],"replies":[{"embeddable":true,"href":"https:\/\/www.norn.is\/pistlar\/wp-json\/wp\/v2\/comments?post=14155"}],"version-history":[{"count":4,"href":"https:\/\/www.norn.is\/pistlar\/wp-json\/wp\/v2\/posts\/14155\/revisions"}],"predecessor-version":[{"id":14201,"href":"https:\/\/www.norn.is\/pistlar\/wp-json\/wp\/v2\/posts\/14155\/revisions\/14201"}],"wp:attachment":[{"href":"https:\/\/www.norn.is\/pistlar\/wp-json\/wp\/v2\/media?parent=14155"}],"wp:term":[{"taxonomy":"category","embeddable":true,"href":"https:\/\/www.norn.is\/pistlar\/wp-json\/wp\/v2\/categories?post=14155"},{"taxonomy":"post_tag","embeddable":true,"href":"https:\/\/www.norn.is\/pistlar\/wp-json\/wp\/v2\/tags?post=14155"}],"curies":[{"name":"wp","href":"https:\/\/api.w.org\/{rel}","templated":true}]}}